{"id":24766,"date":"2023-10-17T11:11:08","date_gmt":"2023-10-17T14:11:08","guid":{"rendered":"https:\/\/www.mundoagropecuario.cl\/new\/?p=24766"},"modified":"2023-10-24T16:45:15","modified_gmt":"2023-10-24T19:45:15","slug":"menos-de-10-dias-afinan-ultimos-detalles-de-cfiagrotech-santiago-2023","status":"publish","type":"post","link":"https:\/\/www.mundoagropecuario.cl\/new\/menos-de-10-dias-afinan-ultimos-detalles-de-cfiagrotech-santiago-2023\/","title":{"rendered":"Menos de 10 d\u00edas: Afinan \u00faltimos detalles de CfiAGROTECH Santiago 2023"},"content":{"rendered":"<p>Gran expectaci\u00f3n genera en la industria agroalimentaria el Primer Congreso y Feria Internacional de Agroindustria y Tecnolog\u00eda, CfiAgrotech que, durante tres d\u00edas, reunir\u00e1 en Santiago a reconocidos expertos en alimentaci\u00f3n sustentable, con actores nacionales y extranjeros, para analizar en conjunto las tendencias y los principales desaf\u00edos que enfrenta el sector a nivel global.<\/p>\n<p>El evento \u2013organizado por FISA del grupo GL events y la Sociedad Nacional de Agricultura (SNA)\u2013 se realizar\u00e1 entre el 24 y 26 de octubre en el Centro de Convenciones Metropolitan Santiago. En la instancia, adem\u00e1s, se efectuar\u00e1 tambi\u00e9n el tradicional Encuentro Nacional del Agro (ENAGRO), que organiza anualmente la SNA.<\/p>\n<p>En este marco, el Ministro de Agricultura y presidente honorario de la exhibici\u00f3n, Esteban Valenzuela, record\u00f3 las dificultades que han debido sortear este a\u00f1o decenas de agricultores que se han visto gravemente afectados por el factor clim\u00e1tico, un tema que ser\u00e1 recurrente en el tiempo y que ser\u00e1 parte del an\u00e1lisis que se dar\u00e1 en el marco de la feria.<\/p>\n<p><a href=\"https:\/\/www.mundoagropecuario.cl\/new\/wp-content\/uploads\/2023\/07\/CFIA-1-scaled.jpeg\"><img loading=\"lazy\" decoding=\"async\" class=\"alignleft wp-image-24340 \" src=\"https:\/\/www.mundoagropecuario.cl\/new\/wp-content\/uploads\/2023\/07\/CFIA-1-scaled.jpeg\" alt=\"\" width=\"604\" height=\"342\" \/><\/a>\u00a0\u201cLa industria agroalimentaria chilena debe estar preparada para enfrentar este tipo de situaciones \u2013indic\u00f3\u2013, pero necesitamos instancias, como CfiAgrotech, para analizar juntos los desaf\u00edos futuros y conocer las potenciales soluciones que nos ofrece la innovaci\u00f3n y la tecnolog\u00eda, que nos permitir\u00e1n seguir pavimentando el camino hacia la sostenibilidad de este sector clave para la econom\u00eda de nuestro pa\u00eds\u201d.<\/p>\n<p>La gerente de CfiAgrotech, Paula Miranda, destac\u00f3 que \u201cel sello de esta primera versi\u00f3n est\u00e1 en la innovaci\u00f3n y tecnolog\u00eda para la sustentabilidad de un rubro tradicional, pero que se renueva permanentemente. Se trata de un encuentro que representa a todos los sectores que buscan construir, invertir, mejorar, modernizar y optimizar la producci\u00f3n en el rubro de agroalimentos y agrotecnolog\u00eda para lograr la sustentabilidad de esta industria\u201d.<\/p>\n<p>CfiAgrotech integra -en un solo lugar- un congreso internacional y una feria con representantes de la industria. Su principal objetivo es fortalecer al pa\u00eds como potencia agroalimentaria, adem\u00e1s de introducir al mercado nuevas tecnolog\u00edas e intercambiar experiencias y conocimiento para dar respuesta a la demanda mundial de alimentos saludables y sustentables, generando tambi\u00e9n un espacio exclusivo de visibilizaci\u00f3n para Pymes y startups agtech y foodtech.<\/p>\n<p>Si bien se efect\u00faa por primera vez en Chile, este encuentro tiene una amplia trayectoria en Francia, donde se viene realizando desde hace 26 a\u00f1os bajo el nombre de CFIA Rennes (Centro de Proveedores de la Industria Agroalimentaria, en franc\u00e9s) y re\u00fane a los sectores de ingredientes y PAI (equipos, procesos y envases).<\/p>\n<p><strong>Reconocidos expertos<\/strong><\/p>\n<p>El congreso se dividir\u00e1 en diez paneles tem\u00e1ticos donde se abordar\u00e1n las materias que est\u00e1n marcando tendencia a nivel mundial, como agricultura regenerativa, nuevas l\u00f3gicas de producci\u00f3n, y rob\u00f3tica y automatizaci\u00f3n en agroalimentos, entre otros t\u00f3picos.<\/p>\n<p>En cuanto a los panelistas, destacan Vincent Vincent Doumeizel, asesor senior de Oc\u00e9anos y Alimentaci\u00f3n del Pacto Global de la ONU; Lauren Falcao, catedr\u00e1tica adjunta de Econom\u00eda y Asuntos Mundiales en la Universidad de Yale; y Erik Pekkeriet, director del Programa de Rob\u00f3tica Agroalimentaria de la Wageningen University &amp; Research en Pa\u00edses Bajos, entre otros expertos.<\/p>\n<p>En tanto, la feria contar\u00e1 con expositores que exhibir\u00e1n productos y soluciones en temas de innovaci\u00f3n, tecnolog\u00edas, insumos y servicios para la sustentabilidad agr\u00edcola, pecuaria y la industria de la transformaci\u00f3n de alimentos. \u201cSe presentar\u00e1n tecnolog\u00edas e innovaci\u00f3n en producci\u00f3n agr\u00edcola y pecuaria; trazabilidad; data science e IoT; huella ecol\u00f3gica y circularidad; eficiencia productiva; salud, prevenci\u00f3n y control de enfermedades y plagas; y certificaciones y financiamiento verde\u201d, explic\u00f3 Paula Miranda.<\/p>\n<p>\u201cEn CfiAgrotech queremos lograr un punto de encuentro entre la oferta y la demanda de la industria agroalimentaria, dando espacio, adem\u00e1s, para toda la innovaci\u00f3n tecnol\u00f3gica que est\u00e1 revolucionando al sector, tanto en nuestro pa\u00eds, como a nivel mundial. Estamos convencidos de que se presentar\u00e1n interesantes oportunidades para la generaci\u00f3n de nuevos negocios y el intercambio de valiosas experiencias y aprendizajes\u201d, concluy\u00f3 la ejecutiva.<\/p>\n<p>Para m\u00e1s informaci\u00f3n visite: www.cfiagrotech.cl<\/p>\n","protected":false},"excerpt":{"rendered":"<p>En el marco del evento se efectuar\u00e1 tambi\u00e9n el tradicional Encuentro Nacional del Agro (ENAGRO), que organiza la SNA.<\/p>\n","protected":false},"author":2,"featured_media":24353,"comment_status":"closed","ping_status":"closed","sticky":false,"template":"","format":"standard","meta":{"footnotes":""},"categories":[1945],"tags":[2090,3127,8424,8129,6742,4365,8425,8426,2075,7119],"class_list":["post-24766","post","type-post","status-publish","format-standard","has-post-thumbnail","hentry","category-agricultura","tag-agricultura","tag-agro","tag-agroindustria-y-tecnologia","tag-cfiagrotech","tag-esteban-valenzuela","tag-fedefrutas","tag-paula-miranda","tag-pymes-y-startups-agtech-y-foodtech","tag-sna","tag-sociedad-nacional-de-agricultura"],"yoast_head":"<!-- This site is optimized with the Yoast SEO plugin v26.6 - https:\/\/yoast.com\/wordpress\/plugins\/seo\/ -->\n<title>Menos de 10 d\u00edas: Afinan \u00faltimos detalles de CfiAGROTECH Santiago 2023 - Mundoagropecuario<\/title>\n<meta name=\"description\" content=\"En el marco del evento se efectuar\u00e1 tambi\u00e9n el tradicional Encuentro Nacional del Agro (ENAGRO), que organiza la SNA.\" \/>\n<meta name=\"robots\" content=\"index, follow, max-snippet:-1, max-image-preview:large, max-video-preview:-1\" \/>\n<link rel=\"canonical\" href=\"https:\/\/www.mundoagropecuario.cl\/new\/menos-de-10-dias-afinan-ultimos-detalles-de-cfiagrotech-santiago-2023\/\" \/>\n<meta property=\"og:locale\" content=\"es_ES\" \/>\n<meta property=\"og:type\" content=\"article\" \/>\n<meta property=\"og:title\" content=\"Menos de 10 d\u00edas: Afinan \u00faltimos detalles de CfiAGROTECH Santiago 2023 - Mundoagropecuario\" \/>\n<meta property=\"og:description\" content=\"En el marco del evento se efectuar\u00e1 tambi\u00e9n el tradicional Encuentro Nacional del Agro (ENAGRO), que organiza la SNA.\" \/>\n<meta property=\"og:url\" content=\"https:\/\/www.mundoagropecuario.cl\/new\/menos-de-10-dias-afinan-ultimos-detalles-de-cfiagrotech-santiago-2023\/\" \/>\n<meta property=\"og:site_name\" content=\"Mundoagropecuario\" \/>\n<meta property=\"article:publisher\" content=\"https:\/\/www.facebook.com\/mundo.agropecuario.3\" \/>\n<meta property=\"article:published_time\" content=\"2023-10-17T14:11:08+00:00\" \/>\n<meta property=\"article:modified_time\" content=\"2023-10-24T19:45:15+00:00\" \/>\n<meta property=\"og:image\" content=\"https:\/\/www.mundoagropecuario.cl\/new\/wp-content\/uploads\/2023\/07\/Cfiagrotech-shu6-scaled.jpg\" \/>\n\t<meta property=\"og:image:width\" content=\"720\" \/>\n\t<meta property=\"og:image:height\" content=\"384\" \/>\n\t<meta property=\"og:image:type\" content=\"image\/jpeg\" \/>\n<meta name=\"author\" content=\"mundo\" \/>\n<meta name=\"twitter:card\" content=\"summary_large_image\" \/>\n<meta name=\"twitter:creator\" content=\"@MundoAgropecuar\" \/>\n<meta name=\"twitter:site\" content=\"@MundoAgropecuar\" \/>\n<meta name=\"twitter:label1\" content=\"Escrito por\" \/>\n\t<meta name=\"twitter:data1\" content=\"mundo\" \/>\n\t<meta name=\"twitter:label2\" content=\"Tiempo de lectura\" \/>\n\t<meta name=\"twitter:data2\" content=\"4 minutos\" \/>\n<script type=\"application\/ld+json\" class=\"yoast-schema-graph\">{\"@context\":\"https:\/\/schema.org\",\"@graph\":[{\"@type\":\"Article\",\"@id\":\"https:\/\/www.mundoagropecuario.cl\/new\/menos-de-10-dias-afinan-ultimos-detalles-de-cfiagrotech-santiago-2023\/#article\",\"isPartOf\":{\"@id\":\"https:\/\/www.mundoagropecuario.cl\/new\/menos-de-10-dias-afinan-ultimos-detalles-de-cfiagrotech-santiago-2023\/\"},\"author\":{\"name\":\"mundo\",\"@id\":\"https:\/\/www.mundoagropecuario.cl\/new\/#\/schema\/person\/4e9f74a82a7dac260eb1c44b7eebeb18\"},\"headline\":\"Menos de 10 d\u00edas: Afinan \u00faltimos detalles de CfiAGROTECH Santiago 2023\",\"datePublished\":\"2023-10-17T14:11:08+00:00\",\"dateModified\":\"2023-10-24T19:45:15+00:00\",\"mainEntityOfPage\":{\"@id\":\"https:\/\/www.mundoagropecuario.cl\/new\/menos-de-10-dias-afinan-ultimos-detalles-de-cfiagrotech-santiago-2023\/\"},\"wordCount\":714,\"publisher\":{\"@id\":\"https:\/\/www.mundoagropecuario.cl\/new\/#organization\"},\"image\":{\"@id\":\"https:\/\/www.mundoagropecuario.cl\/new\/menos-de-10-dias-afinan-ultimos-detalles-de-cfiagrotech-santiago-2023\/#primaryimage\"},\"thumbnailUrl\":\"https:\/\/www.mundoagropecuario.cl\/new\/wp-content\/uploads\/2023\/07\/Cfiagrotech-shu6-scaled.jpg\",\"keywords\":[\"Agricultura\",\"Agro\",\"Agroindustria y Tecnolog\u00eda\",\"CFIAGROTECH\",\"Esteban Valenzuela\",\"Fedefrutas\",\"Paula Miranda\",\"Pymes y startups agtech y foodtech.\",\"SNA\",\"Sociedad Nacional de Agricultura\"],\"articleSection\":[\"Agricultura\"],\"inLanguage\":\"es\"},{\"@type\":\"WebPage\",\"@id\":\"https:\/\/www.mundoagropecuario.cl\/new\/menos-de-10-dias-afinan-ultimos-detalles-de-cfiagrotech-santiago-2023\/\",\"url\":\"https:\/\/www.mundoagropecuario.cl\/new\/menos-de-10-dias-afinan-ultimos-detalles-de-cfiagrotech-santiago-2023\/\",\"name\":\"Menos de 10 d\u00edas: Afinan \u00faltimos detalles de CfiAGROTECH Santiago 2023 - Mundoagropecuario\",\"isPartOf\":{\"@id\":\"https:\/\/www.mundoagropecuario.cl\/new\/#website\"},\"primaryImageOfPage\":{\"@id\":\"https:\/\/www.mundoagropecuario.cl\/new\/menos-de-10-dias-afinan-ultimos-detalles-de-cfiagrotech-santiago-2023\/#primaryimage\"},\"image\":{\"@id\":\"https:\/\/www.mundoagropecuario.cl\/new\/menos-de-10-dias-afinan-ultimos-detalles-de-cfiagrotech-santiago-2023\/#primaryimage\"},\"thumbnailUrl\":\"https:\/\/www.mundoagropecuario.cl\/new\/wp-content\/uploads\/2023\/07\/Cfiagrotech-shu6-scaled.jpg\",\"datePublished\":\"2023-10-17T14:11:08+00:00\",\"dateModified\":\"2023-10-24T19:45:15+00:00\",\"description\":\"En el marco del evento se efectuar\u00e1 tambi\u00e9n el tradicional Encuentro Nacional del Agro (ENAGRO), que organiza la SNA.\",\"breadcrumb\":{\"@id\":\"https:\/\/www.mundoagropecuario.cl\/new\/menos-de-10-dias-afinan-ultimos-detalles-de-cfiagrotech-santiago-2023\/#breadcrumb\"},\"inLanguage\":\"es\",\"potentialAction\":[{\"@type\":\"ReadAction\",\"target\":[\"https:\/\/www.mundoagropecuario.cl\/new\/menos-de-10-dias-afinan-ultimos-detalles-de-cfiagrotech-santiago-2023\/\"]}]},{\"@type\":\"ImageObject\",\"inLanguage\":\"es\",\"@id\":\"https:\/\/www.mundoagropecuario.cl\/new\/menos-de-10-dias-afinan-ultimos-detalles-de-cfiagrotech-santiago-2023\/#primaryimage\",\"url\":\"https:\/\/www.mundoagropecuario.cl\/new\/wp-content\/uploads\/2023\/07\/Cfiagrotech-shu6-scaled.jpg\",\"contentUrl\":\"https:\/\/www.mundoagropecuario.cl\/new\/wp-content\/uploads\/2023\/07\/Cfiagrotech-shu6-scaled.jpg\",\"width\":720,\"height\":384,\"caption\":\"Moscow, Russia, Expocenter VDNH - OCTOBER 4-7, 2017: Russian agro industrial exhibition Golden autumn. Business stand- hall for events and recreation\"},{\"@type\":\"BreadcrumbList\",\"@id\":\"https:\/\/www.mundoagropecuario.cl\/new\/menos-de-10-dias-afinan-ultimos-detalles-de-cfiagrotech-santiago-2023\/#breadcrumb\",\"itemListElement\":[{\"@type\":\"ListItem\",\"position\":1,\"name\":\"Portada\",\"item\":\"https:\/\/www.mundoagropecuario.cl\/new\/\"},{\"@type\":\"ListItem\",\"position\":2,\"name\":\"Menos de 10 d\u00edas: Afinan \u00faltimos detalles de CfiAGROTECH Santiago 2023\"}]},{\"@type\":\"WebSite\",\"@id\":\"https:\/\/www.mundoagropecuario.cl\/new\/#website\",\"url\":\"https:\/\/www.mundoagropecuario.cl\/new\/\",\"name\":\"Mundoagropecuario\",\"description\":\"Mundo Agropecuario\",\"publisher\":{\"@id\":\"https:\/\/www.mundoagropecuario.cl\/new\/#organization\"},\"potentialAction\":[{\"@type\":\"SearchAction\",\"target\":{\"@type\":\"EntryPoint\",\"urlTemplate\":\"https:\/\/www.mundoagropecuario.cl\/new\/?s={search_term_string}\"},\"query-input\":{\"@type\":\"PropertyValueSpecification\",\"valueRequired\":true,\"valueName\":\"search_term_string\"}}],\"inLanguage\":\"es\"},{\"@type\":\"Organization\",\"@id\":\"https:\/\/www.mundoagropecuario.cl\/new\/#organization\",\"name\":\"Revista de Agricultura\",\"url\":\"https:\/\/www.mundoagropecuario.cl\/new\/\",\"logo\":{\"@type\":\"ImageObject\",\"inLanguage\":\"es\",\"@id\":\"https:\/\/www.mundoagropecuario.cl\/new\/#\/schema\/logo\/image\/\",\"url\":\"https:\/\/www.mundoagropecuario.cl\/new\/wp-content\/uploads\/2020\/11\/PORTAL-1-1.png\",\"contentUrl\":\"https:\/\/www.mundoagropecuario.cl\/new\/wp-content\/uploads\/2020\/11\/PORTAL-1-1.png\",\"width\":1026,\"height\":100,\"caption\":\"Revista de Agricultura\"},\"image\":{\"@id\":\"https:\/\/www.mundoagropecuario.cl\/new\/#\/schema\/logo\/image\/\"},\"sameAs\":[\"https:\/\/www.facebook.com\/mundo.agropecuario.3\",\"https:\/\/x.com\/MundoAgropecuar\",\"https:\/\/www.linkedin.com\/in\/mundo-agropecuario-934009201\/\"]},{\"@type\":\"Person\",\"@id\":\"https:\/\/www.mundoagropecuario.cl\/new\/#\/schema\/person\/4e9f74a82a7dac260eb1c44b7eebeb18\",\"name\":\"mundo\",\"url\":\"https:\/\/www.mundoagropecuario.cl\/new\/author\/mundo\/\"}]}<\/script>\n<!-- \/ Yoast SEO plugin. -->","yoast_head_json":{"title":"Menos de 10 d\u00edas: Afinan \u00faltimos detalles de CfiAGROTECH Santiago 2023 - Mundoagropecuario","description":"En el marco del evento se efectuar\u00e1 tambi\u00e9n el tradicional Encuentro Nacional del Agro (ENAGRO), que organiza la SNA.","robots":{"index":"index","follow":"follow","max-snippet":"max-snippet:-1","max-image-preview":"max-image-preview:large","max-video-preview":"max-video-preview:-1"},"canonical":"https:\/\/www.mundoagropecuario.cl\/new\/menos-de-10-dias-afinan-ultimos-detalles-de-cfiagrotech-santiago-2023\/","og_locale":"es_ES","og_type":"article","og_title":"Menos de 10 d\u00edas: Afinan \u00faltimos detalles de CfiAGROTECH Santiago 2023 - Mundoagropecuario","og_description":"En el marco del evento se efectuar\u00e1 tambi\u00e9n el tradicional Encuentro Nacional del Agro (ENAGRO), que organiza la SNA.","og_url":"https:\/\/www.mundoagropecuario.cl\/new\/menos-de-10-dias-afinan-ultimos-detalles-de-cfiagrotech-santiago-2023\/","og_site_name":"Mundoagropecuario","article_publisher":"https:\/\/www.facebook.com\/mundo.agropecuario.3","article_published_time":"2023-10-17T14:11:08+00:00","article_modified_time":"2023-10-24T19:45:15+00:00","og_image":[{"width":720,"height":384,"url":"https:\/\/www.mundoagropecuario.cl\/new\/wp-content\/uploads\/2023\/07\/Cfiagrotech-shu6-scaled.jpg","type":"image\/jpeg"}],"author":"mundo","twitter_card":"summary_large_image","twitter_creator":"@MundoAgropecuar","twitter_site":"@MundoAgropecuar","twitter_misc":{"Escrito por":"mundo","Tiempo de lectura":"4 minutos"},"schema":{"@context":"https:\/\/schema.org","@graph":[{"@type":"Article","@id":"https:\/\/www.mundoagropecuario.cl\/new\/menos-de-10-dias-afinan-ultimos-detalles-de-cfiagrotech-santiago-2023\/#article","isPartOf":{"@id":"https:\/\/www.mundoagropecuario.cl\/new\/menos-de-10-dias-afinan-ultimos-detalles-de-cfiagrotech-santiago-2023\/"},"author":{"name":"mundo","@id":"https:\/\/www.mundoagropecuario.cl\/new\/#\/schema\/person\/4e9f74a82a7dac260eb1c44b7eebeb18"},"headline":"Menos de 10 d\u00edas: Afinan \u00faltimos detalles de CfiAGROTECH Santiago 2023","datePublished":"2023-10-17T14:11:08+00:00","dateModified":"2023-10-24T19:45:15+00:00","mainEntityOfPage":{"@id":"https:\/\/www.mundoagropecuario.cl\/new\/menos-de-10-dias-afinan-ultimos-detalles-de-cfiagrotech-santiago-2023\/"},"wordCount":714,"publisher":{"@id":"https:\/\/www.mundoagropecuario.cl\/new\/#organization"},"image":{"@id":"https:\/\/www.mundoagropecuario.cl\/new\/menos-de-10-dias-afinan-ultimos-detalles-de-cfiagrotech-santiago-2023\/#primaryimage"},"thumbnailUrl":"https:\/\/www.mundoagropecuario.cl\/new\/wp-content\/uploads\/2023\/07\/Cfiagrotech-shu6-scaled.jpg","keywords":["Agricultura","Agro","Agroindustria y Tecnolog\u00eda","CFIAGROTECH","Esteban Valenzuela","Fedefrutas","Paula Miranda","Pymes y startups agtech y foodtech.","SNA","Sociedad Nacional de Agricultura"],"articleSection":["Agricultura"],"inLanguage":"es"},{"@type":"WebPage","@id":"https:\/\/www.mundoagropecuario.cl\/new\/menos-de-10-dias-afinan-ultimos-detalles-de-cfiagrotech-santiago-2023\/","url":"https:\/\/www.mundoagropecuario.cl\/new\/menos-de-10-dias-afinan-ultimos-detalles-de-cfiagrotech-santiago-2023\/","name":"Menos de 10 d\u00edas: Afinan \u00faltimos detalles de CfiAGROTECH Santiago 2023 - Mundoagropecuario","isPartOf":{"@id":"https:\/\/www.mundoagropecuario.cl\/new\/#website"},"primaryImageOfPage":{"@id":"https:\/\/www.mundoagropecuario.cl\/new\/menos-de-10-dias-afinan-ultimos-detalles-de-cfiagrotech-santiago-2023\/#primaryimage"},"image":{"@id":"https:\/\/www.mundoagropecuario.cl\/new\/menos-de-10-dias-afinan-ultimos-detalles-de-cfiagrotech-santiago-2023\/#primaryimage"},"thumbnailUrl":"https:\/\/www.mundoagropecuario.cl\/new\/wp-content\/uploads\/2023\/07\/Cfiagrotech-shu6-scaled.jpg","datePublished":"2023-10-17T14:11:08+00:00","dateModified":"2023-10-24T19:45:15+00:00","description":"En el marco del evento se efectuar\u00e1 tambi\u00e9n el tradicional Encuentro Nacional del Agro (ENAGRO), que organiza la SNA.","breadcrumb":{"@id":"https:\/\/www.mundoagropecuario.cl\/new\/menos-de-10-dias-afinan-ultimos-detalles-de-cfiagrotech-santiago-2023\/#breadcrumb"},"inLanguage":"es","potentialAction":[{"@type":"ReadAction","target":["https:\/\/www.mundoagropecuario.cl\/new\/menos-de-10-dias-afinan-ultimos-detalles-de-cfiagrotech-santiago-2023\/"]}]},{"@type":"ImageObject","inLanguage":"es","@id":"https:\/\/www.mundoagropecuario.cl\/new\/menos-de-10-dias-afinan-ultimos-detalles-de-cfiagrotech-santiago-2023\/#primaryimage","url":"https:\/\/www.mundoagropecuario.cl\/new\/wp-content\/uploads\/2023\/07\/Cfiagrotech-shu6-scaled.jpg","contentUrl":"https:\/\/www.mundoagropecuario.cl\/new\/wp-content\/uploads\/2023\/07\/Cfiagrotech-shu6-scaled.jpg","width":720,"height":384,"caption":"Moscow, Russia, Expocenter VDNH - OCTOBER 4-7, 2017: Russian agro industrial exhibition Golden autumn. Business stand- hall for events and recreation"},{"@type":"BreadcrumbList","@id":"https:\/\/www.mundoagropecuario.cl\/new\/menos-de-10-dias-afinan-ultimos-detalles-de-cfiagrotech-santiago-2023\/#breadcrumb","itemListElement":[{"@type":"ListItem","position":1,"name":"Portada","item":"https:\/\/www.mundoagropecuario.cl\/new\/"},{"@type":"ListItem","position":2,"name":"Menos de 10 d\u00edas: Afinan \u00faltimos detalles de CfiAGROTECH Santiago 2023"}]},{"@type":"WebSite","@id":"https:\/\/www.mundoagropecuario.cl\/new\/#website","url":"https:\/\/www.mundoagropecuario.cl\/new\/","name":"Mundoagropecuario","description":"Mundo Agropecuario","publisher":{"@id":"https:\/\/www.mundoagropecuario.cl\/new\/#organization"},"potentialAction":[{"@type":"SearchAction","target":{"@type":"EntryPoint","urlTemplate":"https:\/\/www.mundoagropecuario.cl\/new\/?s={search_term_string}"},"query-input":{"@type":"PropertyValueSpecification","valueRequired":true,"valueName":"search_term_string"}}],"inLanguage":"es"},{"@type":"Organization","@id":"https:\/\/www.mundoagropecuario.cl\/new\/#organization","name":"Revista de Agricultura","url":"https:\/\/www.mundoagropecuario.cl\/new\/","logo":{"@type":"ImageObject","inLanguage":"es","@id":"https:\/\/www.mundoagropecuario.cl\/new\/#\/schema\/logo\/image\/","url":"https:\/\/www.mundoagropecuario.cl\/new\/wp-content\/uploads\/2020\/11\/PORTAL-1-1.png","contentUrl":"https:\/\/www.mundoagropecuario.cl\/new\/wp-content\/uploads\/2020\/11\/PORTAL-1-1.png","width":1026,"height":100,"caption":"Revista de Agricultura"},"image":{"@id":"https:\/\/www.mundoagropecuario.cl\/new\/#\/schema\/logo\/image\/"},"sameAs":["https:\/\/www.facebook.com\/mundo.agropecuario.3","https:\/\/x.com\/MundoAgropecuar","https:\/\/www.linkedin.com\/in\/mundo-agropecuario-934009201\/"]},{"@type":"Person","@id":"https:\/\/www.mundoagropecuario.cl\/new\/#\/schema\/person\/4e9f74a82a7dac260eb1c44b7eebeb18","name":"mundo","url":"https:\/\/www.mundoagropecuario.cl\/new\/author\/mundo\/"}]}},"_links":{"self":[{"href":"https:\/\/www.mundoagropecuario.cl\/new\/wp-json\/wp\/v2\/posts\/24766","targetHints":{"allow":["GET"]}}],"collection":[{"href":"https:\/\/www.mundoagropecuario.cl\/new\/wp-json\/wp\/v2\/posts"}],"about":[{"href":"https:\/\/www.mundoagropecuario.cl\/new\/wp-json\/wp\/v2\/types\/post"}],"author":[{"embeddable":true,"href":"https:\/\/www.mundoagropecuario.cl\/new\/wp-json\/wp\/v2\/users\/2"}],"replies":[{"embeddable":true,"href":"https:\/\/www.mundoagropecuario.cl\/new\/wp-json\/wp\/v2\/comments?post=24766"}],"version-history":[{"count":1,"href":"https:\/\/www.mundoagropecuario.cl\/new\/wp-json\/wp\/v2\/posts\/24766\/revisions"}],"predecessor-version":[{"id":24767,"href":"https:\/\/www.mundoagropecuario.cl\/new\/wp-json\/wp\/v2\/posts\/24766\/revisions\/24767"}],"wp:featuredmedia":[{"embeddable":true,"href":"https:\/\/www.mundoagropecuario.cl\/new\/wp-json\/wp\/v2\/media\/24353"}],"wp:attachment":[{"href":"https:\/\/www.mundoagropecuario.cl\/new\/wp-json\/wp\/v2\/media?parent=24766"}],"wp:term":[{"taxonomy":"category","embeddable":true,"href":"https:\/\/www.mundoagropecuario.cl\/new\/wp-json\/wp\/v2\/categories?post=24766"},{"taxonomy":"post_tag","embeddable":true,"href":"https:\/\/www.mundoagropecuario.cl\/new\/wp-json\/wp\/v2\/tags?post=24766"}],"curies":[{"name":"wp","href":"https:\/\/api.w.org\/{rel}","templated":true}]}}