{"id":24738,"date":"2023-10-10T15:47:33","date_gmt":"2023-10-10T18:47:33","guid":{"rendered":"https:\/\/www.mundoagropecuario.cl\/new\/?p=24738"},"modified":"2023-10-18T11:32:28","modified_gmt":"2023-10-18T14:32:28","slug":"cooperativas-impulsan-la-formacion-de-mentores-para-futuras-alianzas-estrategicas","status":"publish","type":"post","link":"https:\/\/www.mundoagropecuario.cl\/new\/cooperativas-impulsan-la-formacion-de-mentores-para-futuras-alianzas-estrategicas\/","title":{"rendered":"Cooperativas impulsan la formaci\u00f3n de mentores para futuras alianzas estrat\u00e9gicas"},"content":{"rendered":"<p>Con el objetivo de inaugurar el programa &#8220;Impulsa Cooperativas&#8221;, desarrollado por la Fundaci\u00f3n Mapocho, la Universidad de Los Lagos, la Fundaci\u00f3n Coopeuch y las Cooperativas del Sur, durante este mes comenzaron las capacitaciones virtuales para los mentores de diversas cooperativas del sur del pa\u00eds. El programa tiene como prop\u00f3sito capacitar a profesionales vinculados al \u00e1mbito cooperativo, con la finalidad de acompa\u00f1ar y guiar en el proceso de desarrollo de las cooperativas, brindando una perspectiva externa que pueda abrirles nuevos horizontes y oportunidades.<\/p>\n<p><a href=\"https:\/\/www.mundoagropecuario.cl\/new\/wp-content\/uploads\/2023\/10\/3-scaled.jpg\"><img loading=\"lazy\" decoding=\"async\" class=\"alignleft wp-image-24739 \" src=\"https:\/\/www.mundoagropecuario.cl\/new\/wp-content\/uploads\/2023\/10\/3-scaled.jpg\" alt=\"\" width=\"476\" height=\"357\" \/><\/a> En esta instancia, participaron representantes de Cooprinsem, Colun, Bansur, Torrencial Lechero, Copelec y Cooperativas del Sur, con el objetivo de fortalecer la relaci\u00f3n entre los mentores. Esto se presenta como una valiosa herramienta para superar los obst\u00e1culos que puedan surgir en su fase inicial y durante su crecimiento.<\/p>\n<p>Durante la primera jornada, los participantes se centraron en los contenidos relacionados con la metodolog\u00eda de trabajo, el liderazgo y la comunicaci\u00f3n en el contexto de la mentor\u00eda. Todo esto con el prop\u00f3sito de comprender su rol en la mentor\u00eda y c\u00f3mo funcionar\u00e1 dicho proceso.<\/p>\n<p>Cecilia Bartolotti, Directora de Relaciones Corporativas de Cooprinsem, destac\u00f3 que &#8220;consideramos que esta colaboraci\u00f3n es una excelente oportunidad para las cooperativas que se encuentran en sus primeras etapas de formaci\u00f3n, donde el apoyo de las mentor\u00edas desempe\u00f1a un papel fundamental. Tambi\u00e9n lo vemos como un espacio para reflexionar, ya que, con 55 a\u00f1os de trayectoria, podemos recordar nuestros inicios y utilizar nuestra experiencia como gu\u00eda. A trav\u00e9s de esta colaboraci\u00f3n, aspiramos a construir juntos cooperativas m\u00e1s s\u00f3lidas&#8221;.<\/p>\n<p>Fabi\u00e1n Schiaffino, Director Ejecutivo de la Fundaci\u00f3n Mapocho, afirm\u00f3 que &#8220;estas instancias buscan impulsar el apoyo de las cooperativas m\u00e1s grandes a las m\u00e1s peque\u00f1as, lo que es esencial para transferir conocimientos y experiencias, sobre todo desde el trabajo acumulado a lo largo del tiempo. La participaci\u00f3n activa de las cooperativas m\u00e1s grandes es clave para el desarrollo del sector cooperativo y su colaboraci\u00f3n entre s\u00ed&#8221;.<\/p>\n<p><a href=\"https:\/\/www.mundoagropecuario.cl\/new\/wp-content\/uploads\/2023\/10\/2-scaled.jpg\"><img loading=\"lazy\" decoding=\"async\" class=\"alignright wp-image-24740 \" src=\"https:\/\/www.mundoagropecuario.cl\/new\/wp-content\/uploads\/2023\/10\/2-scaled.jpg\" alt=\"\" width=\"509\" height=\"304\" \/><\/a>A su vez, sostuvo que &#8220;es importante que las cooperativas promuevan este rol no solo por su impacto en el desarrollo local, sino tambi\u00e9n para fomentar el modelo cooperativo y acercar a las cooperativas grandes a las peque\u00f1as, ayud\u00e1ndolas a entender su realidad y su camino hacia el \u00e9xito. Estos espacios son fundamentales para el futuro de empresas que contribuyan al desarrollo sostenible.&#8221;<\/p>\n<p>Finalmente, Crist\u00f3bal Santa Cruz, encargado de proyectos de Cooperativas del Sur, destac\u00f3: &#8220;como Asociaci\u00f3n Gremial, enfrentamos el desaf\u00edo de acelerar y respaldar a cooperativas emergentes que dan sus primeros pasos en el mundo empresarial. La idea de estas mentor\u00edas surge de la valiosa experiencia de nuestros profesionales, quienes est\u00e1n inmersos en el cooperativismo y est\u00e1n comprometidos en impulsar estos novedosos modelos de negocios, con el objetivo de llevar adelante estos proyectos con \u00e9xito&#8221;.<\/p>\n","protected":false},"excerpt":{"rendered":"<p>Este programa tiene como prop\u00f3sito capacitar a profesionales vinculados al \u00e1mbito cooperativo, con la finalidad de acompa\u00f1ar y guiar en el proceso de desarrollo de las cooperativas.<\/p>\n","protected":false},"author":2,"featured_media":24642,"comment_status":"closed","ping_status":"closed","sticky":false,"template":"","format":"standard","meta":{"footnotes":""},"categories":[1945],"tags":[2332,2034,8394,2261,8398,8399,8400,8395,8397,8396,3324],"class_list":["post-24738","post","type-post","status-publish","format-standard","has-post-thumbnail","hentry","category-agricultura","tag-bansur","tag-colun","tag-cooperativas-impulsan-la-formacion-de-mentores","tag-cooprinsem","tag-copelec-y-cooperativas","tag-corporativas-de-cooprinsem","tag-cristobal-santa-cruz","tag-fundacion-mapocho","tag-la-fundacion-coopeuch-y-las-cooperativas-del-sur","tag-la-universidad-de-los-lagos","tag-torrencial-lechero"],"yoast_head":"<!-- This site is optimized with the Yoast SEO plugin v26.6 - https:\/\/yoast.com\/wordpress\/plugins\/seo\/ -->\n<title>Cooperativas impulsan la formaci\u00f3n de mentores para futuras alianzas estrat\u00e9gicas - Mundoagropecuario<\/title>\n<meta name=\"description\" content=\"Este programa tiene como prop\u00f3sito capacitar a profesionales vinculados al \u00e1mbito cooperativo, con la finalidad de acompa\u00f1ar y guiar.\" \/>\n<meta name=\"robots\" content=\"index, follow, max-snippet:-1, max-image-preview:large, max-video-preview:-1\" \/>\n<link rel=\"canonical\" href=\"https:\/\/www.mundoagropecuario.cl\/new\/cooperativas-impulsan-la-formacion-de-mentores-para-futuras-alianzas-estrategicas\/\" \/>\n<meta property=\"og:locale\" content=\"es_ES\" \/>\n<meta property=\"og:type\" content=\"article\" \/>\n<meta property=\"og:title\" content=\"Cooperativas impulsan la formaci\u00f3n de mentores para futuras alianzas estrat\u00e9gicas - Mundoagropecuario\" \/>\n<meta property=\"og:description\" content=\"Este programa tiene como prop\u00f3sito capacitar a profesionales vinculados al \u00e1mbito cooperativo, con la finalidad de acompa\u00f1ar y guiar.\" \/>\n<meta property=\"og:url\" content=\"https:\/\/www.mundoagropecuario.cl\/new\/cooperativas-impulsan-la-formacion-de-mentores-para-futuras-alianzas-estrategicas\/\" \/>\n<meta property=\"og:site_name\" content=\"Mundoagropecuario\" \/>\n<meta property=\"article:publisher\" content=\"https:\/\/www.facebook.com\/mundo.agropecuario.3\" \/>\n<meta property=\"article:published_time\" content=\"2023-10-10T18:47:33+00:00\" \/>\n<meta property=\"article:modified_time\" content=\"2023-10-18T14:32:28+00:00\" \/>\n<meta property=\"og:image\" content=\"https:\/\/www.mundoagropecuario.cl\/new\/wp-content\/uploads\/2023\/09\/CFIAGROTECH-1-2-scaled.jpg\" \/>\n\t<meta property=\"og:image:width\" content=\"720\" \/>\n\t<meta property=\"og:image:height\" content=\"384\" \/>\n\t<meta property=\"og:image:type\" content=\"image\/jpeg\" \/>\n<meta name=\"author\" content=\"mundo\" \/>\n<meta name=\"twitter:card\" content=\"summary_large_image\" \/>\n<meta name=\"twitter:creator\" content=\"@MundoAgropecuar\" \/>\n<meta name=\"twitter:site\" content=\"@MundoAgropecuar\" \/>\n<meta name=\"twitter:label1\" content=\"Escrito por\" \/>\n\t<meta name=\"twitter:data1\" content=\"mundo\" \/>\n\t<meta name=\"twitter:label2\" content=\"Tiempo de lectura\" \/>\n\t<meta name=\"twitter:data2\" content=\"3 minutos\" \/>\n<script type=\"application\/ld+json\" class=\"yoast-schema-graph\">{\"@context\":\"https:\/\/schema.org\",\"@graph\":[{\"@type\":\"Article\",\"@id\":\"https:\/\/www.mundoagropecuario.cl\/new\/cooperativas-impulsan-la-formacion-de-mentores-para-futuras-alianzas-estrategicas\/#article\",\"isPartOf\":{\"@id\":\"https:\/\/www.mundoagropecuario.cl\/new\/cooperativas-impulsan-la-formacion-de-mentores-para-futuras-alianzas-estrategicas\/\"},\"author\":{\"name\":\"mundo\",\"@id\":\"https:\/\/www.mundoagropecuario.cl\/new\/#\/schema\/person\/4e9f74a82a7dac260eb1c44b7eebeb18\"},\"headline\":\"Cooperativas impulsan la formaci\u00f3n de mentores para futuras alianzas estrat\u00e9gicas\",\"datePublished\":\"2023-10-10T18:47:33+00:00\",\"dateModified\":\"2023-10-18T14:32:28+00:00\",\"mainEntityOfPage\":{\"@id\":\"https:\/\/www.mundoagropecuario.cl\/new\/cooperativas-impulsan-la-formacion-de-mentores-para-futuras-alianzas-estrategicas\/\"},\"wordCount\":506,\"publisher\":{\"@id\":\"https:\/\/www.mundoagropecuario.cl\/new\/#organization\"},\"image\":{\"@id\":\"https:\/\/www.mundoagropecuario.cl\/new\/cooperativas-impulsan-la-formacion-de-mentores-para-futuras-alianzas-estrategicas\/#primaryimage\"},\"thumbnailUrl\":\"https:\/\/www.mundoagropecuario.cl\/new\/wp-content\/uploads\/2023\/09\/CFIAGROTECH-1-2-scaled.jpg\",\"keywords\":[\"Bansur\",\"Colun\",\"Cooperativas impulsan la formaci\u00f3n de mentores\",\"Cooprinsem\",\"Copelec y Cooperativas\",\"Corporativas de Cooprinsem\",\"Crist\u00f3bal Santa Cruz\",\"Fundaci\u00f3n Mapocho\",\"la Fundaci\u00f3n Coopeuch y las Cooperativas del Sur\",\"la Universidad de Los Lagos\",\"Torrencial Lechero\"],\"articleSection\":[\"Agricultura\"],\"inLanguage\":\"es\"},{\"@type\":\"WebPage\",\"@id\":\"https:\/\/www.mundoagropecuario.cl\/new\/cooperativas-impulsan-la-formacion-de-mentores-para-futuras-alianzas-estrategicas\/\",\"url\":\"https:\/\/www.mundoagropecuario.cl\/new\/cooperativas-impulsan-la-formacion-de-mentores-para-futuras-alianzas-estrategicas\/\",\"name\":\"Cooperativas impulsan la formaci\u00f3n de mentores para futuras alianzas estrat\u00e9gicas - Mundoagropecuario\",\"isPartOf\":{\"@id\":\"https:\/\/www.mundoagropecuario.cl\/new\/#website\"},\"primaryImageOfPage\":{\"@id\":\"https:\/\/www.mundoagropecuario.cl\/new\/cooperativas-impulsan-la-formacion-de-mentores-para-futuras-alianzas-estrategicas\/#primaryimage\"},\"image\":{\"@id\":\"https:\/\/www.mundoagropecuario.cl\/new\/cooperativas-impulsan-la-formacion-de-mentores-para-futuras-alianzas-estrategicas\/#primaryimage\"},\"thumbnailUrl\":\"https:\/\/www.mundoagropecuario.cl\/new\/wp-content\/uploads\/2023\/09\/CFIAGROTECH-1-2-scaled.jpg\",\"datePublished\":\"2023-10-10T18:47:33+00:00\",\"dateModified\":\"2023-10-18T14:32:28+00:00\",\"description\":\"Este programa tiene como prop\u00f3sito capacitar a profesionales vinculados al \u00e1mbito cooperativo, con la finalidad de acompa\u00f1ar y guiar.\",\"breadcrumb\":{\"@id\":\"https:\/\/www.mundoagropecuario.cl\/new\/cooperativas-impulsan-la-formacion-de-mentores-para-futuras-alianzas-estrategicas\/#breadcrumb\"},\"inLanguage\":\"es\",\"potentialAction\":[{\"@type\":\"ReadAction\",\"target\":[\"https:\/\/www.mundoagropecuario.cl\/new\/cooperativas-impulsan-la-formacion-de-mentores-para-futuras-alianzas-estrategicas\/\"]}]},{\"@type\":\"ImageObject\",\"inLanguage\":\"es\",\"@id\":\"https:\/\/www.mundoagropecuario.cl\/new\/cooperativas-impulsan-la-formacion-de-mentores-para-futuras-alianzas-estrategicas\/#primaryimage\",\"url\":\"https:\/\/www.mundoagropecuario.cl\/new\/wp-content\/uploads\/2023\/09\/CFIAGROTECH-1-2-scaled.jpg\",\"contentUrl\":\"https:\/\/www.mundoagropecuario.cl\/new\/wp-content\/uploads\/2023\/09\/CFIAGROTECH-1-2-scaled.jpg\",\"width\":720,\"height\":384},{\"@type\":\"BreadcrumbList\",\"@id\":\"https:\/\/www.mundoagropecuario.cl\/new\/cooperativas-impulsan-la-formacion-de-mentores-para-futuras-alianzas-estrategicas\/#breadcrumb\",\"itemListElement\":[{\"@type\":\"ListItem\",\"position\":1,\"name\":\"Portada\",\"item\":\"https:\/\/www.mundoagropecuario.cl\/new\/\"},{\"@type\":\"ListItem\",\"position\":2,\"name\":\"Cooperativas impulsan la formaci\u00f3n de mentores para futuras alianzas estrat\u00e9gicas\"}]},{\"@type\":\"WebSite\",\"@id\":\"https:\/\/www.mundoagropecuario.cl\/new\/#website\",\"url\":\"https:\/\/www.mundoagropecuario.cl\/new\/\",\"name\":\"Mundoagropecuario\",\"description\":\"Mundo Agropecuario\",\"publisher\":{\"@id\":\"https:\/\/www.mundoagropecuario.cl\/new\/#organization\"},\"potentialAction\":[{\"@type\":\"SearchAction\",\"target\":{\"@type\":\"EntryPoint\",\"urlTemplate\":\"https:\/\/www.mundoagropecuario.cl\/new\/?s={search_term_string}\"},\"query-input\":{\"@type\":\"PropertyValueSpecification\",\"valueRequired\":true,\"valueName\":\"search_term_string\"}}],\"inLanguage\":\"es\"},{\"@type\":\"Organization\",\"@id\":\"https:\/\/www.mundoagropecuario.cl\/new\/#organization\",\"name\":\"Revista de Agricultura\",\"url\":\"https:\/\/www.mundoagropecuario.cl\/new\/\",\"logo\":{\"@type\":\"ImageObject\",\"inLanguage\":\"es\",\"@id\":\"https:\/\/www.mundoagropecuario.cl\/new\/#\/schema\/logo\/image\/\",\"url\":\"https:\/\/www.mundoagropecuario.cl\/new\/wp-content\/uploads\/2020\/11\/PORTAL-1-1.png\",\"contentUrl\":\"https:\/\/www.mundoagropecuario.cl\/new\/wp-content\/uploads\/2020\/11\/PORTAL-1-1.png\",\"width\":1026,\"height\":100,\"caption\":\"Revista de Agricultura\"},\"image\":{\"@id\":\"https:\/\/www.mundoagropecuario.cl\/new\/#\/schema\/logo\/image\/\"},\"sameAs\":[\"https:\/\/www.facebook.com\/mundo.agropecuario.3\",\"https:\/\/x.com\/MundoAgropecuar\",\"https:\/\/www.linkedin.com\/in\/mundo-agropecuario-934009201\/\"]},{\"@type\":\"Person\",\"@id\":\"https:\/\/www.mundoagropecuario.cl\/new\/#\/schema\/person\/4e9f74a82a7dac260eb1c44b7eebeb18\",\"name\":\"mundo\",\"url\":\"https:\/\/www.mundoagropecuario.cl\/new\/author\/mundo\/\"}]}<\/script>\n<!-- \/ Yoast SEO plugin. -->","yoast_head_json":{"title":"Cooperativas impulsan la formaci\u00f3n de mentores para futuras alianzas estrat\u00e9gicas - Mundoagropecuario","description":"Este programa tiene como prop\u00f3sito capacitar a profesionales vinculados al \u00e1mbito cooperativo, con la finalidad de acompa\u00f1ar y guiar.","robots":{"index":"index","follow":"follow","max-snippet":"max-snippet:-1","max-image-preview":"max-image-preview:large","max-video-preview":"max-video-preview:-1"},"canonical":"https:\/\/www.mundoagropecuario.cl\/new\/cooperativas-impulsan-la-formacion-de-mentores-para-futuras-alianzas-estrategicas\/","og_locale":"es_ES","og_type":"article","og_title":"Cooperativas impulsan la formaci\u00f3n de mentores para futuras alianzas estrat\u00e9gicas - Mundoagropecuario","og_description":"Este programa tiene como prop\u00f3sito capacitar a profesionales vinculados al \u00e1mbito cooperativo, con la finalidad de acompa\u00f1ar y guiar.","og_url":"https:\/\/www.mundoagropecuario.cl\/new\/cooperativas-impulsan-la-formacion-de-mentores-para-futuras-alianzas-estrategicas\/","og_site_name":"Mundoagropecuario","article_publisher":"https:\/\/www.facebook.com\/mundo.agropecuario.3","article_published_time":"2023-10-10T18:47:33+00:00","article_modified_time":"2023-10-18T14:32:28+00:00","og_image":[{"width":720,"height":384,"url":"https:\/\/www.mundoagropecuario.cl\/new\/wp-content\/uploads\/2023\/09\/CFIAGROTECH-1-2-scaled.jpg","type":"image\/jpeg"}],"author":"mundo","twitter_card":"summary_large_image","twitter_creator":"@MundoAgropecuar","twitter_site":"@MundoAgropecuar","twitter_misc":{"Escrito por":"mundo","Tiempo de lectura":"3 minutos"},"schema":{"@context":"https:\/\/schema.org","@graph":[{"@type":"Article","@id":"https:\/\/www.mundoagropecuario.cl\/new\/cooperativas-impulsan-la-formacion-de-mentores-para-futuras-alianzas-estrategicas\/#article","isPartOf":{"@id":"https:\/\/www.mundoagropecuario.cl\/new\/cooperativas-impulsan-la-formacion-de-mentores-para-futuras-alianzas-estrategicas\/"},"author":{"name":"mundo","@id":"https:\/\/www.mundoagropecuario.cl\/new\/#\/schema\/person\/4e9f74a82a7dac260eb1c44b7eebeb18"},"headline":"Cooperativas impulsan la formaci\u00f3n de mentores para futuras alianzas estrat\u00e9gicas","datePublished":"2023-10-10T18:47:33+00:00","dateModified":"2023-10-18T14:32:28+00:00","mainEntityOfPage":{"@id":"https:\/\/www.mundoagropecuario.cl\/new\/cooperativas-impulsan-la-formacion-de-mentores-para-futuras-alianzas-estrategicas\/"},"wordCount":506,"publisher":{"@id":"https:\/\/www.mundoagropecuario.cl\/new\/#organization"},"image":{"@id":"https:\/\/www.mundoagropecuario.cl\/new\/cooperativas-impulsan-la-formacion-de-mentores-para-futuras-alianzas-estrategicas\/#primaryimage"},"thumbnailUrl":"https:\/\/www.mundoagropecuario.cl\/new\/wp-content\/uploads\/2023\/09\/CFIAGROTECH-1-2-scaled.jpg","keywords":["Bansur","Colun","Cooperativas impulsan la formaci\u00f3n de mentores","Cooprinsem","Copelec y Cooperativas","Corporativas de Cooprinsem","Crist\u00f3bal Santa Cruz","Fundaci\u00f3n Mapocho","la Fundaci\u00f3n Coopeuch y las Cooperativas del Sur","la Universidad de Los Lagos","Torrencial Lechero"],"articleSection":["Agricultura"],"inLanguage":"es"},{"@type":"WebPage","@id":"https:\/\/www.mundoagropecuario.cl\/new\/cooperativas-impulsan-la-formacion-de-mentores-para-futuras-alianzas-estrategicas\/","url":"https:\/\/www.mundoagropecuario.cl\/new\/cooperativas-impulsan-la-formacion-de-mentores-para-futuras-alianzas-estrategicas\/","name":"Cooperativas impulsan la formaci\u00f3n de mentores para futuras alianzas estrat\u00e9gicas - Mundoagropecuario","isPartOf":{"@id":"https:\/\/www.mundoagropecuario.cl\/new\/#website"},"primaryImageOfPage":{"@id":"https:\/\/www.mundoagropecuario.cl\/new\/cooperativas-impulsan-la-formacion-de-mentores-para-futuras-alianzas-estrategicas\/#primaryimage"},"image":{"@id":"https:\/\/www.mundoagropecuario.cl\/new\/cooperativas-impulsan-la-formacion-de-mentores-para-futuras-alianzas-estrategicas\/#primaryimage"},"thumbnailUrl":"https:\/\/www.mundoagropecuario.cl\/new\/wp-content\/uploads\/2023\/09\/CFIAGROTECH-1-2-scaled.jpg","datePublished":"2023-10-10T18:47:33+00:00","dateModified":"2023-10-18T14:32:28+00:00","description":"Este programa tiene como prop\u00f3sito capacitar a profesionales vinculados al \u00e1mbito cooperativo, con la finalidad de acompa\u00f1ar y guiar.","breadcrumb":{"@id":"https:\/\/www.mundoagropecuario.cl\/new\/cooperativas-impulsan-la-formacion-de-mentores-para-futuras-alianzas-estrategicas\/#breadcrumb"},"inLanguage":"es","potentialAction":[{"@type":"ReadAction","target":["https:\/\/www.mundoagropecuario.cl\/new\/cooperativas-impulsan-la-formacion-de-mentores-para-futuras-alianzas-estrategicas\/"]}]},{"@type":"ImageObject","inLanguage":"es","@id":"https:\/\/www.mundoagropecuario.cl\/new\/cooperativas-impulsan-la-formacion-de-mentores-para-futuras-alianzas-estrategicas\/#primaryimage","url":"https:\/\/www.mundoagropecuario.cl\/new\/wp-content\/uploads\/2023\/09\/CFIAGROTECH-1-2-scaled.jpg","contentUrl":"https:\/\/www.mundoagropecuario.cl\/new\/wp-content\/uploads\/2023\/09\/CFIAGROTECH-1-2-scaled.jpg","width":720,"height":384},{"@type":"BreadcrumbList","@id":"https:\/\/www.mundoagropecuario.cl\/new\/cooperativas-impulsan-la-formacion-de-mentores-para-futuras-alianzas-estrategicas\/#breadcrumb","itemListElement":[{"@type":"ListItem","position":1,"name":"Portada","item":"https:\/\/www.mundoagropecuario.cl\/new\/"},{"@type":"ListItem","position":2,"name":"Cooperativas impulsan la formaci\u00f3n de mentores para futuras alianzas estrat\u00e9gicas"}]},{"@type":"WebSite","@id":"https:\/\/www.mundoagropecuario.cl\/new\/#website","url":"https:\/\/www.mundoagropecuario.cl\/new\/","name":"Mundoagropecuario","description":"Mundo Agropecuario","publisher":{"@id":"https:\/\/www.mundoagropecuario.cl\/new\/#organization"},"potentialAction":[{"@type":"SearchAction","target":{"@type":"EntryPoint","urlTemplate":"https:\/\/www.mundoagropecuario.cl\/new\/?s={search_term_string}"},"query-input":{"@type":"PropertyValueSpecification","valueRequired":true,"valueName":"search_term_string"}}],"inLanguage":"es"},{"@type":"Organization","@id":"https:\/\/www.mundoagropecuario.cl\/new\/#organization","name":"Revista de Agricultura","url":"https:\/\/www.mundoagropecuario.cl\/new\/","logo":{"@type":"ImageObject","inLanguage":"es","@id":"https:\/\/www.mundoagropecuario.cl\/new\/#\/schema\/logo\/image\/","url":"https:\/\/www.mundoagropecuario.cl\/new\/wp-content\/uploads\/2020\/11\/PORTAL-1-1.png","contentUrl":"https:\/\/www.mundoagropecuario.cl\/new\/wp-content\/uploads\/2020\/11\/PORTAL-1-1.png","width":1026,"height":100,"caption":"Revista de Agricultura"},"image":{"@id":"https:\/\/www.mundoagropecuario.cl\/new\/#\/schema\/logo\/image\/"},"sameAs":["https:\/\/www.facebook.com\/mundo.agropecuario.3","https:\/\/x.com\/MundoAgropecuar","https:\/\/www.linkedin.com\/in\/mundo-agropecuario-934009201\/"]},{"@type":"Person","@id":"https:\/\/www.mundoagropecuario.cl\/new\/#\/schema\/person\/4e9f74a82a7dac260eb1c44b7eebeb18","name":"mundo","url":"https:\/\/www.mundoagropecuario.cl\/new\/author\/mundo\/"}]}},"_links":{"self":[{"href":"https:\/\/www.mundoagropecuario.cl\/new\/wp-json\/wp\/v2\/posts\/24738","targetHints":{"allow":["GET"]}}],"collection":[{"href":"https:\/\/www.mundoagropecuario.cl\/new\/wp-json\/wp\/v2\/posts"}],"about":[{"href":"https:\/\/www.mundoagropecuario.cl\/new\/wp-json\/wp\/v2\/types\/post"}],"author":[{"embeddable":true,"href":"https:\/\/www.mundoagropecuario.cl\/new\/wp-json\/wp\/v2\/users\/2"}],"replies":[{"embeddable":true,"href":"https:\/\/www.mundoagropecuario.cl\/new\/wp-json\/wp\/v2\/comments?post=24738"}],"version-history":[{"count":1,"href":"https:\/\/www.mundoagropecuario.cl\/new\/wp-json\/wp\/v2\/posts\/24738\/revisions"}],"predecessor-version":[{"id":24741,"href":"https:\/\/www.mundoagropecuario.cl\/new\/wp-json\/wp\/v2\/posts\/24738\/revisions\/24741"}],"wp:featuredmedia":[{"embeddable":true,"href":"https:\/\/www.mundoagropecuario.cl\/new\/wp-json\/wp\/v2\/media\/24642"}],"wp:attachment":[{"href":"https:\/\/www.mundoagropecuario.cl\/new\/wp-json\/wp\/v2\/media?parent=24738"}],"wp:term":[{"taxonomy":"category","embeddable":true,"href":"https:\/\/www.mundoagropecuario.cl\/new\/wp-json\/wp\/v2\/categories?post=24738"},{"taxonomy":"post_tag","embeddable":true,"href":"https:\/\/www.mundoagropecuario.cl\/new\/wp-json\/wp\/v2\/tags?post=24738"}],"curies":[{"name":"wp","href":"https:\/\/api.w.org\/{rel}","templated":true}]}}