{"id":24657,"date":"2023-09-12T11:40:17","date_gmt":"2023-09-12T14:40:17","guid":{"rendered":"https:\/\/www.mundoagropecuario.cl\/new\/?p=24657"},"modified":"2023-09-22T16:30:48","modified_gmt":"2023-09-22T19:30:48","slug":"investigadores-avanzan-en-el-desarrollo-de-harinas-no-convencionales-para-el-mercado-nacional","status":"publish","type":"post","link":"https:\/\/www.mundoagropecuario.cl\/new\/investigadores-avanzan-en-el-desarrollo-de-harinas-no-convencionales-para-el-mercado-nacional\/","title":{"rendered":"Investigadores avanzan en el desarrollo de harinas no convencionales para el mercado nacional"},"content":{"rendered":"<p>Expertos del Instituto de Investigaciones Agropecuarias (INIA) consideran que representa una gran oportunidad de negocios para el sector agroalimentario de Chile, ya que son un buen sustituto nutricional a la harina de trigo afecta al alza de precio por efecto de la guerra en Ucrania.<\/p>\n<p>Y es que la actual guerra rusa \u2013 ucraniana ha afectado al alza el precio del trigo y el ma\u00edz, por lo que la atenci\u00f3n mundial se est\u00e1 concentrando en estos otros tipos de harinas, las que adem\u00e1s son m\u00e1s saludables y ricas en prote\u00edna y fibra, siendo una excelente alternativa para las personas con sensibilidad al gluten, que sufren de hinchaz\u00f3n abdominal recurrente o estre\u00f1imiento, cel\u00edacas o con alergias alimentarias.<\/p>\n<p>\u201cLa mayor\u00eda de las harinas no convencionales destacan por ser libres de gluten, matriz proteica que en algunas personas genera s\u00edntomas adversos a nivel gastrointestinal y extraintestinal. Por eso son una opci\u00f3n real en la dieta de personas cel\u00edacas, intolerantes al gluten, con alergias a las prote\u00ednas del trigo o con alguna sensibilidad a alimentos en base a trigo. As\u00ed tambi\u00e9n pueden ser alternativa para personas que buscan una alimentaci\u00f3n m\u00e1s saludable, dejando el consumo de harinas refinadas o que buscan opciones de consumo m\u00e1s sustentables, y reemplazar alimentos de origen animal por lo vegetal\u201d, explica Ana Sandoval, investigadora de INIA Carillanca de Regi\u00f3n de La Araucan\u00eda e Ingeniero en Alimentos.<\/p>\n<p><strong>Mercado en alza<\/strong><\/p>\n<p>La enfermedad cel\u00edaca e intolerancia al gluten afecta a 200.000 chilenos, de acuerdo a la \u00faltima Encuesta Nacional de Salud en 2010, y registra un incremento considerable a nivel mundial en los \u00faltimos 50 a\u00f1os. Un 8,5% de la poblaci\u00f3n chilena adulta aparentemente sana dice tener molestias despu\u00e9s de comer cereales.<\/p>\n<p>En esa l\u00ednea, el Instituto de Investigaciones Agropecuarias (INIA), vinculado al Ministerio de Agricultura, est\u00e1 constantemente buscando alternativas que ayuden a los consumidores a responder a sus necesidades y trabaja en encontrar las formulaciones adecuadas para que armonicen el aporte nutricional, la experiencia sensorial y la competitividad del producto.<\/p>\n<p><a href=\"https:\/\/www.mundoagropecuario.cl\/new\/wp-content\/uploads\/2023\/09\/harina.jpeg\"><img loading=\"lazy\" decoding=\"async\" class=\"alignleft wp-image-24659 \" src=\"https:\/\/www.mundoagropecuario.cl\/new\/wp-content\/uploads\/2023\/09\/harina.jpeg\" alt=\"\" width=\"382\" height=\"240\" \/><\/a>\u00a0\u201cEn INIA contamos con el Laboratorio Calidad de Trigo, que posee las capacidades necesarias para abordar los desaf\u00edos tecnol\u00f3gicos que derivan de la producci\u00f3n y utilizaci\u00f3n de harinas no convencionales, de manera que la industria pueda agregar y capturar valor, y los consumidores puedan recibir los beneficios que se asocian con el consumo de una dieta m\u00e1s diversa y rica en nutrientes cr\u00edticos\u201d, destac\u00f3 el bioqu\u00edmico e investigador de INIA Javier Z\u00fa\u00f1iga, quien adem\u00e1s sostiene que las harinas no convencionales representan la siguiente gran oportunidad de negocios para el sector agroindustrial en Chile.<\/p>\n<p>Cada d\u00eda se ha hecho m\u00e1s com\u00fan encontrar en el mercado harinas de avena, centeno, linaza, arroz, quinoa, arveja, garbanzo, entre muchas otras. \u201cEl mercado de las harinas no convencionales se ha ampliado cada vez m\u00e1s, siendo menos complejo poder adquirirlas. Sin embargo, contin\u00faa siendo un mercado en crecimiento a nivel nacional, lo que hace que sus precios puedan ser m\u00e1s altos que la harina tradicional\u201d, reconoce la ingeniera en alimentos.<\/p>\n<p>Si bien en algunos casos es posible fabricarlas en casa con molinos dom\u00e9sticos para consumo propio, los expertos consideran que no es aconsejable si no se consideran medidas de inocuidad en el proceso de elaboraci\u00f3n, ya que algunas harinas requieren de procesos espec\u00edficos o pretratamientos para su consumo. Por lo mismo es preferible adquirirlas en tiendas establecidas que aseguren la calidad del producto.<\/p>\n<p><strong>Beneficios de las harinas no convencionales<\/strong><\/p>\n<p>En tanto, desde el punto de vista nutricional, una de las tendencias m\u00e1s interesantes tanto para la industria como para el consumidor, son las harinas no convencionales con alto contenido de prote\u00edna vegetal.<\/p>\n<p>\u201cLas materias primas ricas en prote\u00edna vegetal se est\u00e1n convirtiendo en fuentes crecientemente disponibles y competitivas, que se consideran un complemento y en algunos casos, un reemplazo de las fuentes proteicas de origen animal que conllevan altos costos de producci\u00f3n y son un recurso cada vez menos accesible para la poblaci\u00f3n\u201d, asegura Sandoval.<\/p>\n<p>Estas harinas destacan tanto en contenido como en calidad proteica, debido a su perfil de amino\u00e1cidos equilibrado, adem\u00e1s de otros componentes que permiten balancear y mejorar la dieta de consumidores espec\u00edficos que requieren de estos nutrientes.<\/p>\n<p>\u201cLas harinas no convencionales pueden aportar m\u00e1s y mejor calidad de prote\u00edna que la de trigo harinero, dependiendo de la materia prima y el proceso para obtenerla. Por ejemplo, la harina de lupino contiene entre 38-40% de prote\u00edna; adem\u00e1s de otros nutrientes como fibra, vitaminas y minerales, sobre todo si son harinas integrales\u201d, explica la investigadora de INIA Carillanca.<\/p>\n<p>Diferentes estudios realizados en pa\u00edses desarrollados coinciden en se\u00f1alar que la enfermedad cel\u00edaca afecta aproximadamente al 1% de la poblaci\u00f3n mundial, entre un 80 y un 85% de los cel\u00edacos no est\u00e1n diagnosticados y que la sensibilidad al gluten puede llegar a afectar a m\u00e1s del 10 % de los seres humanos.<\/p>\n","protected":false},"excerpt":{"rendered":"<p>Ya sea por motivos de salud o econ\u00f3micos, muchas personas est\u00e1n innovando en la cocina y usando alternativas a la cl\u00e1sica harina de trigo y atrevi\u00e9ndose por productos en base a tub\u00e9rculos, cereales, algunas legumbres, o, incluso, vegetales.<\/p>\n","protected":false},"author":2,"featured_media":24658,"comment_status":"closed","ping_status":"closed","sticky":false,"template":"","format":"standard","meta":{"footnotes":""},"categories":[1945],"tags":[2090,3127,2833,8329,8327,8330,8326,5926,2052,5927,8328,2410],"class_list":["post-24657","post","type-post","status-publish","format-standard","has-post-thumbnail","hentry","category-agricultura","tag-agricultura","tag-agro","tag-arroz","tag-arveja","tag-centeno","tag-garbanzo","tag-harinas-de-avena","tag-harinas-no-convencionales","tag-inia","tag-inia-javier-zuniga","tag-linaza","tag-quinoa"],"yoast_head":"<!-- This site is optimized with the Yoast SEO plugin v26.6 - https:\/\/yoast.com\/wordpress\/plugins\/seo\/ -->\n<title>Investigadores avanzan en el desarrollo de harinas no convencionales para el mercado nacional - Mundoagropecuario<\/title>\n<meta name=\"description\" content=\"Ya sea por motivos de salud o econ\u00f3micos, muchas personas est\u00e1n innovando en la cocina y usando alternativas a la cl\u00e1sica harina de trigo.\" \/>\n<meta name=\"robots\" content=\"index, follow, max-snippet:-1, max-image-preview:large, max-video-preview:-1\" \/>\n<link rel=\"canonical\" href=\"https:\/\/www.mundoagropecuario.cl\/new\/investigadores-avanzan-en-el-desarrollo-de-harinas-no-convencionales-para-el-mercado-nacional\/\" \/>\n<meta property=\"og:locale\" content=\"es_ES\" \/>\n<meta property=\"og:type\" content=\"article\" \/>\n<meta property=\"og:title\" content=\"Investigadores avanzan en el desarrollo de harinas no convencionales para el mercado nacional - Mundoagropecuario\" \/>\n<meta property=\"og:description\" content=\"Ya sea por motivos de salud o econ\u00f3micos, muchas personas est\u00e1n innovando en la cocina y usando alternativas a la cl\u00e1sica harina de trigo.\" \/>\n<meta property=\"og:url\" content=\"https:\/\/www.mundoagropecuario.cl\/new\/investigadores-avanzan-en-el-desarrollo-de-harinas-no-convencionales-para-el-mercado-nacional\/\" \/>\n<meta property=\"og:site_name\" content=\"Mundoagropecuario\" \/>\n<meta property=\"article:publisher\" content=\"https:\/\/www.facebook.com\/mundo.agropecuario.3\" \/>\n<meta property=\"article:published_time\" content=\"2023-09-12T14:40:17+00:00\" \/>\n<meta property=\"article:modified_time\" content=\"2023-09-22T19:30:48+00:00\" \/>\n<meta property=\"og:image\" content=\"https:\/\/www.mundoagropecuario.cl\/new\/wp-content\/uploads\/2023\/09\/HarinaINIA--scaled.jpeg\" \/>\n\t<meta property=\"og:image:width\" content=\"720\" \/>\n\t<meta property=\"og:image:height\" content=\"384\" \/>\n\t<meta property=\"og:image:type\" content=\"image\/jpeg\" \/>\n<meta name=\"author\" content=\"mundo\" \/>\n<meta name=\"twitter:card\" content=\"summary_large_image\" \/>\n<meta name=\"twitter:creator\" content=\"@MundoAgropecuar\" \/>\n<meta name=\"twitter:site\" content=\"@MundoAgropecuar\" \/>\n<meta name=\"twitter:label1\" content=\"Escrito por\" \/>\n\t<meta name=\"twitter:data1\" content=\"mundo\" \/>\n\t<meta name=\"twitter:label2\" content=\"Tiempo de lectura\" \/>\n\t<meta name=\"twitter:data2\" content=\"4 minutos\" \/>\n<script type=\"application\/ld+json\" class=\"yoast-schema-graph\">{\"@context\":\"https:\/\/schema.org\",\"@graph\":[{\"@type\":\"Article\",\"@id\":\"https:\/\/www.mundoagropecuario.cl\/new\/investigadores-avanzan-en-el-desarrollo-de-harinas-no-convencionales-para-el-mercado-nacional\/#article\",\"isPartOf\":{\"@id\":\"https:\/\/www.mundoagropecuario.cl\/new\/investigadores-avanzan-en-el-desarrollo-de-harinas-no-convencionales-para-el-mercado-nacional\/\"},\"author\":{\"name\":\"mundo\",\"@id\":\"https:\/\/www.mundoagropecuario.cl\/new\/#\/schema\/person\/4e9f74a82a7dac260eb1c44b7eebeb18\"},\"headline\":\"Investigadores avanzan en el desarrollo de harinas no convencionales para el mercado nacional\",\"datePublished\":\"2023-09-12T14:40:17+00:00\",\"dateModified\":\"2023-09-22T19:30:48+00:00\",\"mainEntityOfPage\":{\"@id\":\"https:\/\/www.mundoagropecuario.cl\/new\/investigadores-avanzan-en-el-desarrollo-de-harinas-no-convencionales-para-el-mercado-nacional\/\"},\"wordCount\":861,\"publisher\":{\"@id\":\"https:\/\/www.mundoagropecuario.cl\/new\/#organization\"},\"image\":{\"@id\":\"https:\/\/www.mundoagropecuario.cl\/new\/investigadores-avanzan-en-el-desarrollo-de-harinas-no-convencionales-para-el-mercado-nacional\/#primaryimage\"},\"thumbnailUrl\":\"https:\/\/www.mundoagropecuario.cl\/new\/wp-content\/uploads\/2023\/09\/HarinaINIA--scaled.jpeg\",\"keywords\":[\"Agricultura\",\"Agro\",\"arroz\",\"arveja\",\"centeno\",\"garbanzo\",\"harinas de avena\",\"Harinas No Convencionales\",\"INIA\",\"INIA Javier Z\u00fa\u00f1iga\",\"linaza\",\"Quinoa\"],\"articleSection\":[\"Agricultura\"],\"inLanguage\":\"es\"},{\"@type\":\"WebPage\",\"@id\":\"https:\/\/www.mundoagropecuario.cl\/new\/investigadores-avanzan-en-el-desarrollo-de-harinas-no-convencionales-para-el-mercado-nacional\/\",\"url\":\"https:\/\/www.mundoagropecuario.cl\/new\/investigadores-avanzan-en-el-desarrollo-de-harinas-no-convencionales-para-el-mercado-nacional\/\",\"name\":\"Investigadores avanzan en el desarrollo de harinas no convencionales para el mercado nacional - Mundoagropecuario\",\"isPartOf\":{\"@id\":\"https:\/\/www.mundoagropecuario.cl\/new\/#website\"},\"primaryImageOfPage\":{\"@id\":\"https:\/\/www.mundoagropecuario.cl\/new\/investigadores-avanzan-en-el-desarrollo-de-harinas-no-convencionales-para-el-mercado-nacional\/#primaryimage\"},\"image\":{\"@id\":\"https:\/\/www.mundoagropecuario.cl\/new\/investigadores-avanzan-en-el-desarrollo-de-harinas-no-convencionales-para-el-mercado-nacional\/#primaryimage\"},\"thumbnailUrl\":\"https:\/\/www.mundoagropecuario.cl\/new\/wp-content\/uploads\/2023\/09\/HarinaINIA--scaled.jpeg\",\"datePublished\":\"2023-09-12T14:40:17+00:00\",\"dateModified\":\"2023-09-22T19:30:48+00:00\",\"description\":\"Ya sea por motivos de salud o econ\u00f3micos, muchas personas est\u00e1n innovando en la cocina y usando alternativas a la cl\u00e1sica harina de trigo.\",\"breadcrumb\":{\"@id\":\"https:\/\/www.mundoagropecuario.cl\/new\/investigadores-avanzan-en-el-desarrollo-de-harinas-no-convencionales-para-el-mercado-nacional\/#breadcrumb\"},\"inLanguage\":\"es\",\"potentialAction\":[{\"@type\":\"ReadAction\",\"target\":[\"https:\/\/www.mundoagropecuario.cl\/new\/investigadores-avanzan-en-el-desarrollo-de-harinas-no-convencionales-para-el-mercado-nacional\/\"]}]},{\"@type\":\"ImageObject\",\"inLanguage\":\"es\",\"@id\":\"https:\/\/www.mundoagropecuario.cl\/new\/investigadores-avanzan-en-el-desarrollo-de-harinas-no-convencionales-para-el-mercado-nacional\/#primaryimage\",\"url\":\"https:\/\/www.mundoagropecuario.cl\/new\/wp-content\/uploads\/2023\/09\/HarinaINIA--scaled.jpeg\",\"contentUrl\":\"https:\/\/www.mundoagropecuario.cl\/new\/wp-content\/uploads\/2023\/09\/HarinaINIA--scaled.jpeg\",\"width\":720,\"height\":384},{\"@type\":\"BreadcrumbList\",\"@id\":\"https:\/\/www.mundoagropecuario.cl\/new\/investigadores-avanzan-en-el-desarrollo-de-harinas-no-convencionales-para-el-mercado-nacional\/#breadcrumb\",\"itemListElement\":[{\"@type\":\"ListItem\",\"position\":1,\"name\":\"Portada\",\"item\":\"https:\/\/www.mundoagropecuario.cl\/new\/\"},{\"@type\":\"ListItem\",\"position\":2,\"name\":\"Investigadores avanzan en el desarrollo de harinas no convencionales para el mercado nacional\"}]},{\"@type\":\"WebSite\",\"@id\":\"https:\/\/www.mundoagropecuario.cl\/new\/#website\",\"url\":\"https:\/\/www.mundoagropecuario.cl\/new\/\",\"name\":\"Mundoagropecuario\",\"description\":\"Mundo Agropecuario\",\"publisher\":{\"@id\":\"https:\/\/www.mundoagropecuario.cl\/new\/#organization\"},\"potentialAction\":[{\"@type\":\"SearchAction\",\"target\":{\"@type\":\"EntryPoint\",\"urlTemplate\":\"https:\/\/www.mundoagropecuario.cl\/new\/?s={search_term_string}\"},\"query-input\":{\"@type\":\"PropertyValueSpecification\",\"valueRequired\":true,\"valueName\":\"search_term_string\"}}],\"inLanguage\":\"es\"},{\"@type\":\"Organization\",\"@id\":\"https:\/\/www.mundoagropecuario.cl\/new\/#organization\",\"name\":\"Revista de Agricultura\",\"url\":\"https:\/\/www.mundoagropecuario.cl\/new\/\",\"logo\":{\"@type\":\"ImageObject\",\"inLanguage\":\"es\",\"@id\":\"https:\/\/www.mundoagropecuario.cl\/new\/#\/schema\/logo\/image\/\",\"url\":\"https:\/\/www.mundoagropecuario.cl\/new\/wp-content\/uploads\/2020\/11\/PORTAL-1-1.png\",\"contentUrl\":\"https:\/\/www.mundoagropecuario.cl\/new\/wp-content\/uploads\/2020\/11\/PORTAL-1-1.png\",\"width\":1026,\"height\":100,\"caption\":\"Revista de Agricultura\"},\"image\":{\"@id\":\"https:\/\/www.mundoagropecuario.cl\/new\/#\/schema\/logo\/image\/\"},\"sameAs\":[\"https:\/\/www.facebook.com\/mundo.agropecuario.3\",\"https:\/\/x.com\/MundoAgropecuar\",\"https:\/\/www.linkedin.com\/in\/mundo-agropecuario-934009201\/\"]},{\"@type\":\"Person\",\"@id\":\"https:\/\/www.mundoagropecuario.cl\/new\/#\/schema\/person\/4e9f74a82a7dac260eb1c44b7eebeb18\",\"name\":\"mundo\",\"url\":\"https:\/\/www.mundoagropecuario.cl\/new\/author\/mundo\/\"}]}<\/script>\n<!-- \/ Yoast SEO plugin. -->","yoast_head_json":{"title":"Investigadores avanzan en el desarrollo de harinas no convencionales para el mercado nacional - Mundoagropecuario","description":"Ya sea por motivos de salud o econ\u00f3micos, muchas personas est\u00e1n innovando en la cocina y usando alternativas a la cl\u00e1sica harina de trigo.","robots":{"index":"index","follow":"follow","max-snippet":"max-snippet:-1","max-image-preview":"max-image-preview:large","max-video-preview":"max-video-preview:-1"},"canonical":"https:\/\/www.mundoagropecuario.cl\/new\/investigadores-avanzan-en-el-desarrollo-de-harinas-no-convencionales-para-el-mercado-nacional\/","og_locale":"es_ES","og_type":"article","og_title":"Investigadores avanzan en el desarrollo de harinas no convencionales para el mercado nacional - Mundoagropecuario","og_description":"Ya sea por motivos de salud o econ\u00f3micos, muchas personas est\u00e1n innovando en la cocina y usando alternativas a la cl\u00e1sica harina de trigo.","og_url":"https:\/\/www.mundoagropecuario.cl\/new\/investigadores-avanzan-en-el-desarrollo-de-harinas-no-convencionales-para-el-mercado-nacional\/","og_site_name":"Mundoagropecuario","article_publisher":"https:\/\/www.facebook.com\/mundo.agropecuario.3","article_published_time":"2023-09-12T14:40:17+00:00","article_modified_time":"2023-09-22T19:30:48+00:00","og_image":[{"width":720,"height":384,"url":"https:\/\/www.mundoagropecuario.cl\/new\/wp-content\/uploads\/2023\/09\/HarinaINIA--scaled.jpeg","type":"image\/jpeg"}],"author":"mundo","twitter_card":"summary_large_image","twitter_creator":"@MundoAgropecuar","twitter_site":"@MundoAgropecuar","twitter_misc":{"Escrito por":"mundo","Tiempo de lectura":"4 minutos"},"schema":{"@context":"https:\/\/schema.org","@graph":[{"@type":"Article","@id":"https:\/\/www.mundoagropecuario.cl\/new\/investigadores-avanzan-en-el-desarrollo-de-harinas-no-convencionales-para-el-mercado-nacional\/#article","isPartOf":{"@id":"https:\/\/www.mundoagropecuario.cl\/new\/investigadores-avanzan-en-el-desarrollo-de-harinas-no-convencionales-para-el-mercado-nacional\/"},"author":{"name":"mundo","@id":"https:\/\/www.mundoagropecuario.cl\/new\/#\/schema\/person\/4e9f74a82a7dac260eb1c44b7eebeb18"},"headline":"Investigadores avanzan en el desarrollo de harinas no convencionales para el mercado nacional","datePublished":"2023-09-12T14:40:17+00:00","dateModified":"2023-09-22T19:30:48+00:00","mainEntityOfPage":{"@id":"https:\/\/www.mundoagropecuario.cl\/new\/investigadores-avanzan-en-el-desarrollo-de-harinas-no-convencionales-para-el-mercado-nacional\/"},"wordCount":861,"publisher":{"@id":"https:\/\/www.mundoagropecuario.cl\/new\/#organization"},"image":{"@id":"https:\/\/www.mundoagropecuario.cl\/new\/investigadores-avanzan-en-el-desarrollo-de-harinas-no-convencionales-para-el-mercado-nacional\/#primaryimage"},"thumbnailUrl":"https:\/\/www.mundoagropecuario.cl\/new\/wp-content\/uploads\/2023\/09\/HarinaINIA--scaled.jpeg","keywords":["Agricultura","Agro","arroz","arveja","centeno","garbanzo","harinas de avena","Harinas No Convencionales","INIA","INIA Javier Z\u00fa\u00f1iga","linaza","Quinoa"],"articleSection":["Agricultura"],"inLanguage":"es"},{"@type":"WebPage","@id":"https:\/\/www.mundoagropecuario.cl\/new\/investigadores-avanzan-en-el-desarrollo-de-harinas-no-convencionales-para-el-mercado-nacional\/","url":"https:\/\/www.mundoagropecuario.cl\/new\/investigadores-avanzan-en-el-desarrollo-de-harinas-no-convencionales-para-el-mercado-nacional\/","name":"Investigadores avanzan en el desarrollo de harinas no convencionales para el mercado nacional - Mundoagropecuario","isPartOf":{"@id":"https:\/\/www.mundoagropecuario.cl\/new\/#website"},"primaryImageOfPage":{"@id":"https:\/\/www.mundoagropecuario.cl\/new\/investigadores-avanzan-en-el-desarrollo-de-harinas-no-convencionales-para-el-mercado-nacional\/#primaryimage"},"image":{"@id":"https:\/\/www.mundoagropecuario.cl\/new\/investigadores-avanzan-en-el-desarrollo-de-harinas-no-convencionales-para-el-mercado-nacional\/#primaryimage"},"thumbnailUrl":"https:\/\/www.mundoagropecuario.cl\/new\/wp-content\/uploads\/2023\/09\/HarinaINIA--scaled.jpeg","datePublished":"2023-09-12T14:40:17+00:00","dateModified":"2023-09-22T19:30:48+00:00","description":"Ya sea por motivos de salud o econ\u00f3micos, muchas personas est\u00e1n innovando en la cocina y usando alternativas a la cl\u00e1sica harina de trigo.","breadcrumb":{"@id":"https:\/\/www.mundoagropecuario.cl\/new\/investigadores-avanzan-en-el-desarrollo-de-harinas-no-convencionales-para-el-mercado-nacional\/#breadcrumb"},"inLanguage":"es","potentialAction":[{"@type":"ReadAction","target":["https:\/\/www.mundoagropecuario.cl\/new\/investigadores-avanzan-en-el-desarrollo-de-harinas-no-convencionales-para-el-mercado-nacional\/"]}]},{"@type":"ImageObject","inLanguage":"es","@id":"https:\/\/www.mundoagropecuario.cl\/new\/investigadores-avanzan-en-el-desarrollo-de-harinas-no-convencionales-para-el-mercado-nacional\/#primaryimage","url":"https:\/\/www.mundoagropecuario.cl\/new\/wp-content\/uploads\/2023\/09\/HarinaINIA--scaled.jpeg","contentUrl":"https:\/\/www.mundoagropecuario.cl\/new\/wp-content\/uploads\/2023\/09\/HarinaINIA--scaled.jpeg","width":720,"height":384},{"@type":"BreadcrumbList","@id":"https:\/\/www.mundoagropecuario.cl\/new\/investigadores-avanzan-en-el-desarrollo-de-harinas-no-convencionales-para-el-mercado-nacional\/#breadcrumb","itemListElement":[{"@type":"ListItem","position":1,"name":"Portada","item":"https:\/\/www.mundoagropecuario.cl\/new\/"},{"@type":"ListItem","position":2,"name":"Investigadores avanzan en el desarrollo de harinas no convencionales para el mercado nacional"}]},{"@type":"WebSite","@id":"https:\/\/www.mundoagropecuario.cl\/new\/#website","url":"https:\/\/www.mundoagropecuario.cl\/new\/","name":"Mundoagropecuario","description":"Mundo Agropecuario","publisher":{"@id":"https:\/\/www.mundoagropecuario.cl\/new\/#organization"},"potentialAction":[{"@type":"SearchAction","target":{"@type":"EntryPoint","urlTemplate":"https:\/\/www.mundoagropecuario.cl\/new\/?s={search_term_string}"},"query-input":{"@type":"PropertyValueSpecification","valueRequired":true,"valueName":"search_term_string"}}],"inLanguage":"es"},{"@type":"Organization","@id":"https:\/\/www.mundoagropecuario.cl\/new\/#organization","name":"Revista de Agricultura","url":"https:\/\/www.mundoagropecuario.cl\/new\/","logo":{"@type":"ImageObject","inLanguage":"es","@id":"https:\/\/www.mundoagropecuario.cl\/new\/#\/schema\/logo\/image\/","url":"https:\/\/www.mundoagropecuario.cl\/new\/wp-content\/uploads\/2020\/11\/PORTAL-1-1.png","contentUrl":"https:\/\/www.mundoagropecuario.cl\/new\/wp-content\/uploads\/2020\/11\/PORTAL-1-1.png","width":1026,"height":100,"caption":"Revista de Agricultura"},"image":{"@id":"https:\/\/www.mundoagropecuario.cl\/new\/#\/schema\/logo\/image\/"},"sameAs":["https:\/\/www.facebook.com\/mundo.agropecuario.3","https:\/\/x.com\/MundoAgropecuar","https:\/\/www.linkedin.com\/in\/mundo-agropecuario-934009201\/"]},{"@type":"Person","@id":"https:\/\/www.mundoagropecuario.cl\/new\/#\/schema\/person\/4e9f74a82a7dac260eb1c44b7eebeb18","name":"mundo","url":"https:\/\/www.mundoagropecuario.cl\/new\/author\/mundo\/"}]}},"_links":{"self":[{"href":"https:\/\/www.mundoagropecuario.cl\/new\/wp-json\/wp\/v2\/posts\/24657","targetHints":{"allow":["GET"]}}],"collection":[{"href":"https:\/\/www.mundoagropecuario.cl\/new\/wp-json\/wp\/v2\/posts"}],"about":[{"href":"https:\/\/www.mundoagropecuario.cl\/new\/wp-json\/wp\/v2\/types\/post"}],"author":[{"embeddable":true,"href":"https:\/\/www.mundoagropecuario.cl\/new\/wp-json\/wp\/v2\/users\/2"}],"replies":[{"embeddable":true,"href":"https:\/\/www.mundoagropecuario.cl\/new\/wp-json\/wp\/v2\/comments?post=24657"}],"version-history":[{"count":2,"href":"https:\/\/www.mundoagropecuario.cl\/new\/wp-json\/wp\/v2\/posts\/24657\/revisions"}],"predecessor-version":[{"id":24665,"href":"https:\/\/www.mundoagropecuario.cl\/new\/wp-json\/wp\/v2\/posts\/24657\/revisions\/24665"}],"wp:featuredmedia":[{"embeddable":true,"href":"https:\/\/www.mundoagropecuario.cl\/new\/wp-json\/wp\/v2\/media\/24658"}],"wp:attachment":[{"href":"https:\/\/www.mundoagropecuario.cl\/new\/wp-json\/wp\/v2\/media?parent=24657"}],"wp:term":[{"taxonomy":"category","embeddable":true,"href":"https:\/\/www.mundoagropecuario.cl\/new\/wp-json\/wp\/v2\/categories?post=24657"},{"taxonomy":"post_tag","embeddable":true,"href":"https:\/\/www.mundoagropecuario.cl\/new\/wp-json\/wp\/v2\/tags?post=24657"}],"curies":[{"name":"wp","href":"https:\/\/api.w.org\/{rel}","templated":true}]}}