{"id":24589,"date":"2023-08-28T12:50:13","date_gmt":"2023-08-28T15:50:13","guid":{"rendered":"https:\/\/www.mundoagropecuario.cl\/new\/?p=24589"},"modified":"2023-09-01T13:19:40","modified_gmt":"2023-09-01T16:19:40","slug":"ministerio-de-agricultura-realiza-lanzamiento-de-curso-de-gestion-hidrica-para-asesores-tecnicos-de-chiloe","status":"publish","type":"post","link":"https:\/\/www.mundoagropecuario.cl\/new\/ministerio-de-agricultura-realiza-lanzamiento-de-curso-de-gestion-hidrica-para-asesores-tecnicos-de-chiloe\/","title":{"rendered":"Ministerio de Agricultura realiza lanzamiento de Curso de Gesti\u00f3n H\u00eddrica para asesores t\u00e9cnicos de Chilo\u00e9"},"content":{"rendered":"<p>Con la participaci\u00f3n telem\u00e1tica de asesores t\u00e9cnicos de la Provincia de Chilo\u00e9 y la presencia de la Seremi de Agricultura de la Regi\u00f3n de Los Lagos, Tania Salas; la directora regional de INIA Remehue, Natalie Urrutia, y el coordinador nacional de Extensi\u00f3n y Capacitaci\u00f3n del Instituto de Investigaciones Agropecuarias (INIA), Germ\u00e1n Holmberg, se realiz\u00f3 el lanzamiento del Curso de Gesti\u00f3n H\u00eddrica para asesores t\u00e9cnicos de Chilo\u00e9, dictado por profesionales del Ministerio de Agricultura, a trav\u00e9s de la OTEC INIA Educa.<\/p>\n<p>Gabriel Pe\u00f1a, coordinador de la actividad, explic\u00f3 que \u201ceste curso est\u00e1 dirigido a 43 asesores t\u00e9cnicos de los programas Prodesal, PDTI y SAT del archipi\u00e9lago de Chilo\u00e9, con una duraci\u00f3n de 46 horas y abordar\u00e1 materias como recursos h\u00eddricos, sistemas y eficiencia en el riego, calidad de agua, cosecha y aprovechamiento de agua lluvia, tecnificaci\u00f3n e innovaci\u00f3n en procesos, como tambi\u00e9n aspectos normativos, legales y de gesti\u00f3n econ\u00f3mico-productivos, entre otras materias que son fundamentales para formar especialistas en la gesti\u00f3n del recurso h\u00eddrico en el territorio de Chilo\u00e9\u201d.<\/p>\n<p><a href=\"https:\/\/www.mundoagropecuario.cl\/new\/wp-content\/uploads\/2023\/08\/praderas-y-ovinos-en-Chiloe\u0301-scaled.jpeg\"><img loading=\"lazy\" decoding=\"async\" class=\"alignright wp-image-24590 \" src=\"https:\/\/www.mundoagropecuario.cl\/new\/wp-content\/uploads\/2023\/08\/praderas-y-ovinos-en-Chiloe\u0301-scaled.jpeg\" alt=\"\" width=\"582\" height=\"299\" srcset=\"https:\/\/www.mundoagropecuario.cl\/new\/wp-content\/uploads\/2023\/08\/praderas-y-ovinos-en-Chiloe\u0301-scaled.jpeg 720w, https:\/\/www.mundoagropecuario.cl\/new\/wp-content\/uploads\/2023\/08\/praderas-y-ovinos-en-Chiloe\u0301-250x128.jpeg 250w\" sizes=\"auto, (max-width: 582px) 100vw, 582px\" \/><\/a>En cuanto a la cobertura territorial, en este curso -que se enmarca en los programas de transferencia tecnol\u00f3gica y de extensi\u00f3n que INIA est\u00e1 ejecutando a nivel nacional, con financiamiento de la Subsecretar\u00eda de Agricultura- se capacitar\u00e1n asesores y asesoras de las 10 comunas de la provincia, adem\u00e1s de profesionales y t\u00e9cnicos independientes y de empresas de servicios agropecuarios.<\/p>\n<p>La Seremi de Agricultura Tania Salas destac\u00f3 los esfuerzos que est\u00e1 realizando INIA por acercar y transferir tecnolog\u00eda a los agricultores y agricultoras, un prop\u00f3sito donde se\u00f1al\u00f3 es clave el apoyo de los asesores t\u00e9cnicos para llegar a la peque\u00f1a agricultura de Chilo\u00e9.<\/p>\n<p>\u201cHay un creciente inter\u00e9s por gestionar de forma \u00f3ptima los recursos h\u00eddricos, tambi\u00e9n por acceder a sistemas de riego, la Comisi\u00f3n Nacional de Riego ah\u00ed est\u00e1 realizando un trabajo importante, sin embargo, tambi\u00e9n debemos avanzar en capacitaci\u00f3n para una correcta utilizaci\u00f3n de los sistemas de riego, aprovechamiento de las aguas lluvia y tecnificaci\u00f3n de nuestra agricultura. Por eso valoramos enormemente el aporte que est\u00e1 realizando INIA en Chilo\u00e9 con este curso de gesti\u00f3n h\u00eddrica\u201d.<\/p>\n<p>Natalie Urrutia, directora regional de INIA destac\u00f3 la importancia que tiene \u201cgenerar instancias de capacitaci\u00f3n permanente y constante a todos quienes prestan asesor\u00edas t\u00e9cnicas en la regi\u00f3n sin dejar de lado el archipi\u00e9lago de Chilo\u00e9\u201d.<\/p>\n<p>Tambi\u00e9n inform\u00f3 que este curso tendr\u00e1 clases en formato presencial y virtual, adem\u00e1s de d\u00edas de campo, seminarios y charlas t\u00e9cnicas y contar\u00e1 con la certificaci\u00f3n de la OTEC INIA Educa.<\/p>\n<p>Finalmente, el coordinador nacional de Extensi\u00f3n y Capacitaci\u00f3n del Instituto de Investigaciones Agropecuarias (INIA), Germ\u00e1n Holmberg, resalt\u00f3 que cambio de paradigma que se ha generado. \u201cLo que lo que hoy d\u00eda nos parece tan normal, sobre el uso eficiente del agua en zonas tan australes como Chilo\u00e9, se debe b\u00e1sicamente a que hemos internalizado lo que ha significado el cambio clim\u00e1tico. Hace 10, 15 a\u00f1os atr\u00e1s, pensar en riego en Chilo\u00e9 parec\u00eda hasta una locura, pero hoy en d\u00eda, fruto del cambio clim\u00e1tico, nos damos cuenta que es un elemento que hay que proteger y saber utilizar en bien de la agricultura\u201d, sostuvo.<\/p>\n","protected":false},"excerpt":{"rendered":"<p>Esta capacitaci\u00f3n est\u00e1 a cargo de profesionales del Instituto de Investigaciones Agropecuarias (INIA) y contar\u00e1 con la certificaci\u00f3n de INIA Educa.<\/p>\n","protected":false},"author":2,"featured_media":24591,"comment_status":"closed","ping_status":"closed","sticky":false,"template":"","format":"standard","meta":{"footnotes":""},"categories":[1945],"tags":[2090,8297,3127,2052,1993,2035,2328,5996,8296,8295],"class_list":["post-24589","post","type-post","status-publish","format-standard","has-post-thumbnail","hentry","category-agricultura","tag-agricultura","tag-agricultura-de-chiloe","tag-agro","tag-inia","tag-inia-remehue","tag-minagri","tag-ministerio-de-agricultura","tag-natalie-urrutia","tag-otec-inia-educa","tag-pdti-y-sat-del-archipielago-de-chiloe"],"yoast_head":"<!-- This site is optimized with the Yoast SEO plugin v26.6 - https:\/\/yoast.com\/wordpress\/plugins\/seo\/ -->\n<title>Ministerio de Agricultura realiza lanzamiento de Curso de Gesti\u00f3n H\u00eddrica para asesores t\u00e9cnicos de Chilo\u00e9 - Mundoagropecuario<\/title>\n<meta name=\"description\" content=\"Esta capacitaci\u00f3n est\u00e1 a cargo de los Profesionales del INIA y contar\u00e1 con la certificaci\u00f3n de INIA Educa.\" \/>\n<meta name=\"robots\" content=\"index, follow, max-snippet:-1, max-image-preview:large, max-video-preview:-1\" \/>\n<link rel=\"canonical\" href=\"https:\/\/www.mundoagropecuario.cl\/new\/ministerio-de-agricultura-realiza-lanzamiento-de-curso-de-gestion-hidrica-para-asesores-tecnicos-de-chiloe\/\" \/>\n<meta property=\"og:locale\" content=\"es_ES\" \/>\n<meta property=\"og:type\" content=\"article\" \/>\n<meta property=\"og:title\" content=\"Ministerio de Agricultura realiza lanzamiento de Curso de Gesti\u00f3n H\u00eddrica para asesores t\u00e9cnicos de Chilo\u00e9 - Mundoagropecuario\" \/>\n<meta property=\"og:description\" content=\"Esta capacitaci\u00f3n est\u00e1 a cargo de los Profesionales del INIA y contar\u00e1 con la certificaci\u00f3n de INIA Educa.\" \/>\n<meta property=\"og:url\" content=\"https:\/\/www.mundoagropecuario.cl\/new\/ministerio-de-agricultura-realiza-lanzamiento-de-curso-de-gestion-hidrica-para-asesores-tecnicos-de-chiloe\/\" \/>\n<meta property=\"og:site_name\" content=\"Mundoagropecuario\" \/>\n<meta property=\"article:publisher\" content=\"https:\/\/www.facebook.com\/mundo.agropecuario.3\" \/>\n<meta property=\"article:published_time\" content=\"2023-08-28T15:50:13+00:00\" \/>\n<meta property=\"article:modified_time\" content=\"2023-09-01T16:19:40+00:00\" \/>\n<meta property=\"og:image\" content=\"https:\/\/www.mundoagropecuario.cl\/new\/wp-content\/uploads\/2023\/08\/lanzamiento-scaled.jpg\" \/>\n\t<meta property=\"og:image:width\" content=\"720\" \/>\n\t<meta property=\"og:image:height\" content=\"389\" \/>\n\t<meta property=\"og:image:type\" content=\"image\/jpeg\" \/>\n<meta name=\"author\" content=\"mundo\" \/>\n<meta name=\"twitter:card\" content=\"summary_large_image\" \/>\n<meta name=\"twitter:creator\" content=\"@MundoAgropecuar\" \/>\n<meta name=\"twitter:site\" content=\"@MundoAgropecuar\" \/>\n<meta name=\"twitter:label1\" content=\"Escrito por\" \/>\n\t<meta name=\"twitter:data1\" content=\"mundo\" \/>\n\t<meta name=\"twitter:label2\" content=\"Tiempo de lectura\" \/>\n\t<meta name=\"twitter:data2\" content=\"3 minutos\" \/>\n<script type=\"application\/ld+json\" class=\"yoast-schema-graph\">{\"@context\":\"https:\/\/schema.org\",\"@graph\":[{\"@type\":\"Article\",\"@id\":\"https:\/\/www.mundoagropecuario.cl\/new\/ministerio-de-agricultura-realiza-lanzamiento-de-curso-de-gestion-hidrica-para-asesores-tecnicos-de-chiloe\/#article\",\"isPartOf\":{\"@id\":\"https:\/\/www.mundoagropecuario.cl\/new\/ministerio-de-agricultura-realiza-lanzamiento-de-curso-de-gestion-hidrica-para-asesores-tecnicos-de-chiloe\/\"},\"author\":{\"name\":\"mundo\",\"@id\":\"https:\/\/www.mundoagropecuario.cl\/new\/#\/schema\/person\/4e9f74a82a7dac260eb1c44b7eebeb18\"},\"headline\":\"Ministerio de Agricultura realiza lanzamiento de Curso de Gesti\u00f3n H\u00eddrica para asesores t\u00e9cnicos de Chilo\u00e9\",\"datePublished\":\"2023-08-28T15:50:13+00:00\",\"dateModified\":\"2023-09-01T16:19:40+00:00\",\"mainEntityOfPage\":{\"@id\":\"https:\/\/www.mundoagropecuario.cl\/new\/ministerio-de-agricultura-realiza-lanzamiento-de-curso-de-gestion-hidrica-para-asesores-tecnicos-de-chiloe\/\"},\"wordCount\":591,\"publisher\":{\"@id\":\"https:\/\/www.mundoagropecuario.cl\/new\/#organization\"},\"image\":{\"@id\":\"https:\/\/www.mundoagropecuario.cl\/new\/ministerio-de-agricultura-realiza-lanzamiento-de-curso-de-gestion-hidrica-para-asesores-tecnicos-de-chiloe\/#primaryimage\"},\"thumbnailUrl\":\"https:\/\/www.mundoagropecuario.cl\/new\/wp-content\/uploads\/2023\/08\/lanzamiento-scaled.jpg\",\"keywords\":[\"Agricultura\",\"agricultura de Chilo\u00e9\",\"Agro\",\"INIA\",\"INIA Remehue\",\"Minagri\",\"Ministerio de Agricultura\",\"Natalie Urrutia\",\"OTEC INIA Educa.\",\"PDTI y SAT del archipi\u00e9lago de Chilo\u00e9\"],\"articleSection\":[\"Agricultura\"],\"inLanguage\":\"es\"},{\"@type\":\"WebPage\",\"@id\":\"https:\/\/www.mundoagropecuario.cl\/new\/ministerio-de-agricultura-realiza-lanzamiento-de-curso-de-gestion-hidrica-para-asesores-tecnicos-de-chiloe\/\",\"url\":\"https:\/\/www.mundoagropecuario.cl\/new\/ministerio-de-agricultura-realiza-lanzamiento-de-curso-de-gestion-hidrica-para-asesores-tecnicos-de-chiloe\/\",\"name\":\"Ministerio de Agricultura realiza lanzamiento de Curso de Gesti\u00f3n H\u00eddrica para asesores t\u00e9cnicos de Chilo\u00e9 - Mundoagropecuario\",\"isPartOf\":{\"@id\":\"https:\/\/www.mundoagropecuario.cl\/new\/#website\"},\"primaryImageOfPage\":{\"@id\":\"https:\/\/www.mundoagropecuario.cl\/new\/ministerio-de-agricultura-realiza-lanzamiento-de-curso-de-gestion-hidrica-para-asesores-tecnicos-de-chiloe\/#primaryimage\"},\"image\":{\"@id\":\"https:\/\/www.mundoagropecuario.cl\/new\/ministerio-de-agricultura-realiza-lanzamiento-de-curso-de-gestion-hidrica-para-asesores-tecnicos-de-chiloe\/#primaryimage\"},\"thumbnailUrl\":\"https:\/\/www.mundoagropecuario.cl\/new\/wp-content\/uploads\/2023\/08\/lanzamiento-scaled.jpg\",\"datePublished\":\"2023-08-28T15:50:13+00:00\",\"dateModified\":\"2023-09-01T16:19:40+00:00\",\"description\":\"Esta capacitaci\u00f3n est\u00e1 a cargo de los Profesionales del INIA y contar\u00e1 con la certificaci\u00f3n de INIA Educa.\",\"breadcrumb\":{\"@id\":\"https:\/\/www.mundoagropecuario.cl\/new\/ministerio-de-agricultura-realiza-lanzamiento-de-curso-de-gestion-hidrica-para-asesores-tecnicos-de-chiloe\/#breadcrumb\"},\"inLanguage\":\"es\",\"potentialAction\":[{\"@type\":\"ReadAction\",\"target\":[\"https:\/\/www.mundoagropecuario.cl\/new\/ministerio-de-agricultura-realiza-lanzamiento-de-curso-de-gestion-hidrica-para-asesores-tecnicos-de-chiloe\/\"]}]},{\"@type\":\"ImageObject\",\"inLanguage\":\"es\",\"@id\":\"https:\/\/www.mundoagropecuario.cl\/new\/ministerio-de-agricultura-realiza-lanzamiento-de-curso-de-gestion-hidrica-para-asesores-tecnicos-de-chiloe\/#primaryimage\",\"url\":\"https:\/\/www.mundoagropecuario.cl\/new\/wp-content\/uploads\/2023\/08\/lanzamiento-scaled.jpg\",\"contentUrl\":\"https:\/\/www.mundoagropecuario.cl\/new\/wp-content\/uploads\/2023\/08\/lanzamiento-scaled.jpg\",\"width\":720,\"height\":389},{\"@type\":\"BreadcrumbList\",\"@id\":\"https:\/\/www.mundoagropecuario.cl\/new\/ministerio-de-agricultura-realiza-lanzamiento-de-curso-de-gestion-hidrica-para-asesores-tecnicos-de-chiloe\/#breadcrumb\",\"itemListElement\":[{\"@type\":\"ListItem\",\"position\":1,\"name\":\"Portada\",\"item\":\"https:\/\/www.mundoagropecuario.cl\/new\/\"},{\"@type\":\"ListItem\",\"position\":2,\"name\":\"Ministerio de Agricultura realiza lanzamiento de Curso de Gesti\u00f3n H\u00eddrica para asesores t\u00e9cnicos de Chilo\u00e9\"}]},{\"@type\":\"WebSite\",\"@id\":\"https:\/\/www.mundoagropecuario.cl\/new\/#website\",\"url\":\"https:\/\/www.mundoagropecuario.cl\/new\/\",\"name\":\"Mundoagropecuario\",\"description\":\"Mundo Agropecuario\",\"publisher\":{\"@id\":\"https:\/\/www.mundoagropecuario.cl\/new\/#organization\"},\"potentialAction\":[{\"@type\":\"SearchAction\",\"target\":{\"@type\":\"EntryPoint\",\"urlTemplate\":\"https:\/\/www.mundoagropecuario.cl\/new\/?s={search_term_string}\"},\"query-input\":{\"@type\":\"PropertyValueSpecification\",\"valueRequired\":true,\"valueName\":\"search_term_string\"}}],\"inLanguage\":\"es\"},{\"@type\":\"Organization\",\"@id\":\"https:\/\/www.mundoagropecuario.cl\/new\/#organization\",\"name\":\"Revista de Agricultura\",\"url\":\"https:\/\/www.mundoagropecuario.cl\/new\/\",\"logo\":{\"@type\":\"ImageObject\",\"inLanguage\":\"es\",\"@id\":\"https:\/\/www.mundoagropecuario.cl\/new\/#\/schema\/logo\/image\/\",\"url\":\"https:\/\/www.mundoagropecuario.cl\/new\/wp-content\/uploads\/2020\/11\/PORTAL-1-1.png\",\"contentUrl\":\"https:\/\/www.mundoagropecuario.cl\/new\/wp-content\/uploads\/2020\/11\/PORTAL-1-1.png\",\"width\":1026,\"height\":100,\"caption\":\"Revista de Agricultura\"},\"image\":{\"@id\":\"https:\/\/www.mundoagropecuario.cl\/new\/#\/schema\/logo\/image\/\"},\"sameAs\":[\"https:\/\/www.facebook.com\/mundo.agropecuario.3\",\"https:\/\/x.com\/MundoAgropecuar\",\"https:\/\/www.linkedin.com\/in\/mundo-agropecuario-934009201\/\"]},{\"@type\":\"Person\",\"@id\":\"https:\/\/www.mundoagropecuario.cl\/new\/#\/schema\/person\/4e9f74a82a7dac260eb1c44b7eebeb18\",\"name\":\"mundo\",\"url\":\"https:\/\/www.mundoagropecuario.cl\/new\/author\/mundo\/\"}]}<\/script>\n<!-- \/ Yoast SEO plugin. -->","yoast_head_json":{"title":"Ministerio de Agricultura realiza lanzamiento de Curso de Gesti\u00f3n H\u00eddrica para asesores t\u00e9cnicos de Chilo\u00e9 - Mundoagropecuario","description":"Esta capacitaci\u00f3n est\u00e1 a cargo de los Profesionales del INIA y contar\u00e1 con la certificaci\u00f3n de INIA Educa.","robots":{"index":"index","follow":"follow","max-snippet":"max-snippet:-1","max-image-preview":"max-image-preview:large","max-video-preview":"max-video-preview:-1"},"canonical":"https:\/\/www.mundoagropecuario.cl\/new\/ministerio-de-agricultura-realiza-lanzamiento-de-curso-de-gestion-hidrica-para-asesores-tecnicos-de-chiloe\/","og_locale":"es_ES","og_type":"article","og_title":"Ministerio de Agricultura realiza lanzamiento de Curso de Gesti\u00f3n H\u00eddrica para asesores t\u00e9cnicos de Chilo\u00e9 - Mundoagropecuario","og_description":"Esta capacitaci\u00f3n est\u00e1 a cargo de los Profesionales del INIA y contar\u00e1 con la certificaci\u00f3n de INIA Educa.","og_url":"https:\/\/www.mundoagropecuario.cl\/new\/ministerio-de-agricultura-realiza-lanzamiento-de-curso-de-gestion-hidrica-para-asesores-tecnicos-de-chiloe\/","og_site_name":"Mundoagropecuario","article_publisher":"https:\/\/www.facebook.com\/mundo.agropecuario.3","article_published_time":"2023-08-28T15:50:13+00:00","article_modified_time":"2023-09-01T16:19:40+00:00","og_image":[{"width":720,"height":389,"url":"https:\/\/www.mundoagropecuario.cl\/new\/wp-content\/uploads\/2023\/08\/lanzamiento-scaled.jpg","type":"image\/jpeg"}],"author":"mundo","twitter_card":"summary_large_image","twitter_creator":"@MundoAgropecuar","twitter_site":"@MundoAgropecuar","twitter_misc":{"Escrito por":"mundo","Tiempo de lectura":"3 minutos"},"schema":{"@context":"https:\/\/schema.org","@graph":[{"@type":"Article","@id":"https:\/\/www.mundoagropecuario.cl\/new\/ministerio-de-agricultura-realiza-lanzamiento-de-curso-de-gestion-hidrica-para-asesores-tecnicos-de-chiloe\/#article","isPartOf":{"@id":"https:\/\/www.mundoagropecuario.cl\/new\/ministerio-de-agricultura-realiza-lanzamiento-de-curso-de-gestion-hidrica-para-asesores-tecnicos-de-chiloe\/"},"author":{"name":"mundo","@id":"https:\/\/www.mundoagropecuario.cl\/new\/#\/schema\/person\/4e9f74a82a7dac260eb1c44b7eebeb18"},"headline":"Ministerio de Agricultura realiza lanzamiento de Curso de Gesti\u00f3n H\u00eddrica para asesores t\u00e9cnicos de Chilo\u00e9","datePublished":"2023-08-28T15:50:13+00:00","dateModified":"2023-09-01T16:19:40+00:00","mainEntityOfPage":{"@id":"https:\/\/www.mundoagropecuario.cl\/new\/ministerio-de-agricultura-realiza-lanzamiento-de-curso-de-gestion-hidrica-para-asesores-tecnicos-de-chiloe\/"},"wordCount":591,"publisher":{"@id":"https:\/\/www.mundoagropecuario.cl\/new\/#organization"},"image":{"@id":"https:\/\/www.mundoagropecuario.cl\/new\/ministerio-de-agricultura-realiza-lanzamiento-de-curso-de-gestion-hidrica-para-asesores-tecnicos-de-chiloe\/#primaryimage"},"thumbnailUrl":"https:\/\/www.mundoagropecuario.cl\/new\/wp-content\/uploads\/2023\/08\/lanzamiento-scaled.jpg","keywords":["Agricultura","agricultura de Chilo\u00e9","Agro","INIA","INIA Remehue","Minagri","Ministerio de Agricultura","Natalie Urrutia","OTEC INIA Educa.","PDTI y SAT del archipi\u00e9lago de Chilo\u00e9"],"articleSection":["Agricultura"],"inLanguage":"es"},{"@type":"WebPage","@id":"https:\/\/www.mundoagropecuario.cl\/new\/ministerio-de-agricultura-realiza-lanzamiento-de-curso-de-gestion-hidrica-para-asesores-tecnicos-de-chiloe\/","url":"https:\/\/www.mundoagropecuario.cl\/new\/ministerio-de-agricultura-realiza-lanzamiento-de-curso-de-gestion-hidrica-para-asesores-tecnicos-de-chiloe\/","name":"Ministerio de Agricultura realiza lanzamiento de Curso de Gesti\u00f3n H\u00eddrica para asesores t\u00e9cnicos de Chilo\u00e9 - Mundoagropecuario","isPartOf":{"@id":"https:\/\/www.mundoagropecuario.cl\/new\/#website"},"primaryImageOfPage":{"@id":"https:\/\/www.mundoagropecuario.cl\/new\/ministerio-de-agricultura-realiza-lanzamiento-de-curso-de-gestion-hidrica-para-asesores-tecnicos-de-chiloe\/#primaryimage"},"image":{"@id":"https:\/\/www.mundoagropecuario.cl\/new\/ministerio-de-agricultura-realiza-lanzamiento-de-curso-de-gestion-hidrica-para-asesores-tecnicos-de-chiloe\/#primaryimage"},"thumbnailUrl":"https:\/\/www.mundoagropecuario.cl\/new\/wp-content\/uploads\/2023\/08\/lanzamiento-scaled.jpg","datePublished":"2023-08-28T15:50:13+00:00","dateModified":"2023-09-01T16:19:40+00:00","description":"Esta capacitaci\u00f3n est\u00e1 a cargo de los Profesionales del INIA y contar\u00e1 con la certificaci\u00f3n de INIA Educa.","breadcrumb":{"@id":"https:\/\/www.mundoagropecuario.cl\/new\/ministerio-de-agricultura-realiza-lanzamiento-de-curso-de-gestion-hidrica-para-asesores-tecnicos-de-chiloe\/#breadcrumb"},"inLanguage":"es","potentialAction":[{"@type":"ReadAction","target":["https:\/\/www.mundoagropecuario.cl\/new\/ministerio-de-agricultura-realiza-lanzamiento-de-curso-de-gestion-hidrica-para-asesores-tecnicos-de-chiloe\/"]}]},{"@type":"ImageObject","inLanguage":"es","@id":"https:\/\/www.mundoagropecuario.cl\/new\/ministerio-de-agricultura-realiza-lanzamiento-de-curso-de-gestion-hidrica-para-asesores-tecnicos-de-chiloe\/#primaryimage","url":"https:\/\/www.mundoagropecuario.cl\/new\/wp-content\/uploads\/2023\/08\/lanzamiento-scaled.jpg","contentUrl":"https:\/\/www.mundoagropecuario.cl\/new\/wp-content\/uploads\/2023\/08\/lanzamiento-scaled.jpg","width":720,"height":389},{"@type":"BreadcrumbList","@id":"https:\/\/www.mundoagropecuario.cl\/new\/ministerio-de-agricultura-realiza-lanzamiento-de-curso-de-gestion-hidrica-para-asesores-tecnicos-de-chiloe\/#breadcrumb","itemListElement":[{"@type":"ListItem","position":1,"name":"Portada","item":"https:\/\/www.mundoagropecuario.cl\/new\/"},{"@type":"ListItem","position":2,"name":"Ministerio de Agricultura realiza lanzamiento de Curso de Gesti\u00f3n H\u00eddrica para asesores t\u00e9cnicos de Chilo\u00e9"}]},{"@type":"WebSite","@id":"https:\/\/www.mundoagropecuario.cl\/new\/#website","url":"https:\/\/www.mundoagropecuario.cl\/new\/","name":"Mundoagropecuario","description":"Mundo Agropecuario","publisher":{"@id":"https:\/\/www.mundoagropecuario.cl\/new\/#organization"},"potentialAction":[{"@type":"SearchAction","target":{"@type":"EntryPoint","urlTemplate":"https:\/\/www.mundoagropecuario.cl\/new\/?s={search_term_string}"},"query-input":{"@type":"PropertyValueSpecification","valueRequired":true,"valueName":"search_term_string"}}],"inLanguage":"es"},{"@type":"Organization","@id":"https:\/\/www.mundoagropecuario.cl\/new\/#organization","name":"Revista de Agricultura","url":"https:\/\/www.mundoagropecuario.cl\/new\/","logo":{"@type":"ImageObject","inLanguage":"es","@id":"https:\/\/www.mundoagropecuario.cl\/new\/#\/schema\/logo\/image\/","url":"https:\/\/www.mundoagropecuario.cl\/new\/wp-content\/uploads\/2020\/11\/PORTAL-1-1.png","contentUrl":"https:\/\/www.mundoagropecuario.cl\/new\/wp-content\/uploads\/2020\/11\/PORTAL-1-1.png","width":1026,"height":100,"caption":"Revista de Agricultura"},"image":{"@id":"https:\/\/www.mundoagropecuario.cl\/new\/#\/schema\/logo\/image\/"},"sameAs":["https:\/\/www.facebook.com\/mundo.agropecuario.3","https:\/\/x.com\/MundoAgropecuar","https:\/\/www.linkedin.com\/in\/mundo-agropecuario-934009201\/"]},{"@type":"Person","@id":"https:\/\/www.mundoagropecuario.cl\/new\/#\/schema\/person\/4e9f74a82a7dac260eb1c44b7eebeb18","name":"mundo","url":"https:\/\/www.mundoagropecuario.cl\/new\/author\/mundo\/"}]}},"_links":{"self":[{"href":"https:\/\/www.mundoagropecuario.cl\/new\/wp-json\/wp\/v2\/posts\/24589","targetHints":{"allow":["GET"]}}],"collection":[{"href":"https:\/\/www.mundoagropecuario.cl\/new\/wp-json\/wp\/v2\/posts"}],"about":[{"href":"https:\/\/www.mundoagropecuario.cl\/new\/wp-json\/wp\/v2\/types\/post"}],"author":[{"embeddable":true,"href":"https:\/\/www.mundoagropecuario.cl\/new\/wp-json\/wp\/v2\/users\/2"}],"replies":[{"embeddable":true,"href":"https:\/\/www.mundoagropecuario.cl\/new\/wp-json\/wp\/v2\/comments?post=24589"}],"version-history":[{"count":1,"href":"https:\/\/www.mundoagropecuario.cl\/new\/wp-json\/wp\/v2\/posts\/24589\/revisions"}],"predecessor-version":[{"id":24592,"href":"https:\/\/www.mundoagropecuario.cl\/new\/wp-json\/wp\/v2\/posts\/24589\/revisions\/24592"}],"wp:featuredmedia":[{"embeddable":true,"href":"https:\/\/www.mundoagropecuario.cl\/new\/wp-json\/wp\/v2\/media\/24591"}],"wp:attachment":[{"href":"https:\/\/www.mundoagropecuario.cl\/new\/wp-json\/wp\/v2\/media?parent=24589"}],"wp:term":[{"taxonomy":"category","embeddable":true,"href":"https:\/\/www.mundoagropecuario.cl\/new\/wp-json\/wp\/v2\/categories?post=24589"},{"taxonomy":"post_tag","embeddable":true,"href":"https:\/\/www.mundoagropecuario.cl\/new\/wp-json\/wp\/v2\/tags?post=24589"}],"curies":[{"name":"wp","href":"https:\/\/api.w.org\/{rel}","templated":true}]}}