{"id":24579,"date":"2023-08-24T13:27:32","date_gmt":"2023-08-24T16:27:32","guid":{"rendered":"https:\/\/www.mundoagropecuario.cl\/new\/?p=24579"},"modified":"2023-08-30T12:44:57","modified_gmt":"2023-08-30T15:44:57","slug":"productores-lecheros-discuten-los-desafios-actuales-del-sector","status":"publish","type":"post","link":"https:\/\/www.mundoagropecuario.cl\/new\/productores-lecheros-discuten-los-desafios-actuales-del-sector\/","title":{"rendered":"En reuni\u00f3n de directorio, FEDELECHE evalu\u00f3 desaf\u00edos del gremio"},"content":{"rendered":"<p>El pasado martes 22 de agosto, a trav\u00e9s del uso de la tecnolog\u00eda que permite una participaci\u00f3n efectiva de los gremios asociados, la Federaci\u00f3n Nacional de Productores de Leche (FEDELECHE) realiz\u00f3 la reuni\u00f3n directorio correspondiente al mes de agosto, instancia que cont\u00f3 con la presencia de las asociaciones regionales adheridas y que permiti\u00f3 evaluar los resultados de la actividad gremial y los discutir los principales desaf\u00edos del sector.<\/p>\n<p>Como ha sido habitual en los directorios de los \u00faltimos meses, Loreto Santelices, jefa de desarrollo de la marca Chilemilk comparti\u00f3 actualizaciones sobre una pr\u00f3xima misi\u00f3n comercial a Colombia, que incluye reuniones con supermercados y una visita a una planta de productos l\u00e1cteos. Tambi\u00e9n present\u00f3 los dise\u00f1os actualizados para el sitio web de la marca sectorial, recogi\u00f3 los comentarios de los representantes de los productores lecheros del pa\u00eds para optimizar el trabajo actual.<\/p>\n<p><strong>Promoci\u00f3n del consumo<\/strong><\/p>\n<p><a href=\"https:\/\/www.mundoagropecuario.cl\/new\/wp-content\/uploads\/2023\/03\/leche-cruda-708.jpeg\"><img loading=\"lazy\" decoding=\"async\" class=\"alignleft wp-image-23757 \" src=\"https:\/\/www.mundoagropecuario.cl\/new\/wp-content\/uploads\/2023\/03\/leche-cruda-708.jpeg\" alt=\"\" width=\"485\" height=\"436\" \/><\/a>De igual forma, en la instancia, se aprob\u00f3 por parte del directorio el acta de la sesi\u00f3n anterior, se present\u00f3 la cuenta tesorer\u00eda del gremio y, adem\u00e1s, se llev\u00f3 a cabo un an\u00e1lisis en profundidad sobre el impacto de la campa\u00f1a de promoci\u00f3n del consumo de leche chilena, ejecutado por Promolac, entidad integrada actualmente por las cooperativas l\u00e1cteas a trav\u00e9s de Fenaleche y los productores nacionales asociados a Fedeleche.<\/p>\n<p>En relaci\u00f3n a este tema, se consign\u00f3 la realizaci\u00f3n reciente de la junta de accionistas de Promolac, donde se renov\u00f3 el directorio y se presentaron los resultados de la reciente campa\u00f1a de medios emprendida durante este a\u00f1o 2023, incluyendo televisi\u00f3n, radio, medios digitales y redes sociales. Respecto de la evaluaci\u00f3n de este trabajo se estim\u00f3 satisfactorio por parte del directorio de Fedeleche, dado, principalmente, por los alcances que se lograron medir con los diferentes canales de promoci\u00f3n utilizados.<\/p>\n<p><strong>Comisi\u00f3n de la leche<\/strong><\/p>\n<p>En otra \u00e1rea del quehacer gremial, se presentaron los alcances de la \u00faltima sesi\u00f3n de la Comisi\u00f3n Nacional de la Leche, encabezada por el ministro de Agricultura y donde particip\u00f3 el sector p\u00fablico con Odepa, ProChile, INIA, SAG, Corfo e Indap, mientras por el sector privado estuvo presente Exporlac, Consorcio Lechero, Fedeleche y la red de la carne y la leche.<\/p>\n<p>Se coment\u00f3 que se efectu\u00f3 una actualizaci\u00f3n de la mesa sobre el trabajo realizado y un planteamiento general de la agenda sectorial hacia adelante. Despu\u00e9s se presentaron los resultados del Centro de Informaci\u00f3n L\u00e1ctea (CIL) con la elaboraci\u00f3n de un anuario, con la idea que este trabajo siga avanzando, pero para eso obviamente se requiere financiamiento.<\/p>\n<p>Se consign\u00f3 adem\u00e1s que Fedeleche plante\u00f3 empezar a conversar sobre una posible hoja de ruta sectorial en t\u00e9rminos muy generales y haciendo ver que lo primero es verificar si existen visiones comunes o no entre los actores del sector l\u00e1cteo y tambi\u00e9n la necesidad concreta de que el sector privado sea considerado e incorporado en el desarrollo de las encuestas intercensales dado la poca utilidad del \u00faltimo censo agropecuario.<\/p>\n<p>Al concluir, se destac\u00f3 que la m\u00e1xima autoridad sectorial y los representantes del gremio concordaron en la importancia de seguir fomentando y fortaleciendo la producci\u00f3n lechera nacional con tareas de promoci\u00f3n y apertura de nuevos mercados as\u00ed con la implementaci\u00f3n de est\u00e1ndares de sostenibilidad ara encaminar el desarrollo del sector para los pr\u00f3ximos a\u00f1os y con especial \u00e9nfasis en un desarrollo sostenible para la peque\u00f1a y mediana ganader\u00eda y de esta manera, contribuir a la seguridad alimentaria del pa\u00eds.<\/p>\n<p><strong>\u00a0Participantes<\/strong><\/p>\n<p>Cabe consignar que el directorio de Fedeleche cont\u00f3 con la participaci\u00f3n activa de sus asociados regionales, asistiendo en esta oportunidad, representantes de Aproleche Centro, Aproleche \u00d1uble, Aproleche BioBio, Aproleche Araucan\u00eda, Aproleche Osorno y Agrollanquihue, organizaciones que solidarizaron con los productores afectados por las \u00faltimas lluvias y se declararon en estado de alerta respecto del comportamiento venidero del mercado l\u00e1cteo.<\/p>\n","protected":false},"excerpt":{"rendered":"<p>En directorio del gremio de Fedeleche,  correspondiente al mes de agosto se abordaron temas como la promoci\u00f3n del consumo, proyecci\u00f3n de Chilemilk y la participaci\u00f3n en la reactivada Comisi\u00f3n Nacional de la Leche.<\/p>\n","protected":false},"author":2,"featured_media":24285,"comment_status":"closed","ping_status":"closed","sticky":false,"template":"","format":"standard","meta":{"footnotes":""},"categories":[1946],"tags":[2090,3127,5279,7137,1957,2058,3068,3911,3234,8291],"class_list":["post-24579","post","type-post","status-publish","format-standard","has-post-thumbnail","hentry","category-lacteos","tag-agricultura","tag-agro","tag-censo-agropecuario","tag-chilemilk","tag-consorcio-lechero","tag-fedeleche","tag-lecheros","tag-loreto-santelices","tag-productores-lecheros","tag-promolac"],"yoast_head":"<!-- This site is optimized with the Yoast SEO plugin v26.6 - https:\/\/yoast.com\/wordpress\/plugins\/seo\/ -->\n<title>En reuni\u00f3n de directorio, FEDELECHE evalu\u00f3 desaf\u00edos del gremio - Mundoagropecuario<\/title>\n<meta name=\"description\" content=\"En directorio del gremio correspondiente al mes de agosto se abordaron temas como la promoci\u00f3n del consumo, proyecci\u00f3n de Chilemilk\" \/>\n<meta name=\"robots\" content=\"index, follow, max-snippet:-1, max-image-preview:large, max-video-preview:-1\" \/>\n<link rel=\"canonical\" href=\"https:\/\/www.mundoagropecuario.cl\/new\/productores-lecheros-discuten-los-desafios-actuales-del-sector\/\" \/>\n<meta property=\"og:locale\" content=\"es_ES\" \/>\n<meta property=\"og:type\" content=\"article\" \/>\n<meta property=\"og:title\" content=\"En reuni\u00f3n de directorio, FEDELECHE evalu\u00f3 desaf\u00edos del gremio - Mundoagropecuario\" \/>\n<meta property=\"og:description\" content=\"En directorio del gremio correspondiente al mes de agosto se abordaron temas como la promoci\u00f3n del consumo, proyecci\u00f3n de Chilemilk\" \/>\n<meta property=\"og:url\" content=\"https:\/\/www.mundoagropecuario.cl\/new\/productores-lecheros-discuten-los-desafios-actuales-del-sector\/\" \/>\n<meta property=\"og:site_name\" content=\"Mundoagropecuario\" \/>\n<meta property=\"article:publisher\" content=\"https:\/\/www.facebook.com\/mundo.agropecuario.3\" \/>\n<meta property=\"article:published_time\" content=\"2023-08-24T16:27:32+00:00\" \/>\n<meta property=\"article:modified_time\" content=\"2023-08-30T15:44:57+00:00\" \/>\n<meta property=\"og:image\" content=\"https:\/\/www.mundoagropecuario.cl\/new\/wp-content\/uploads\/2023\/06\/Leche-Vaca--scaled.jpeg\" \/>\n\t<meta property=\"og:image:width\" content=\"720\" \/>\n\t<meta property=\"og:image:height\" content=\"384\" \/>\n\t<meta property=\"og:image:type\" content=\"image\/jpeg\" \/>\n<meta name=\"author\" content=\"mundo\" \/>\n<meta name=\"twitter:card\" content=\"summary_large_image\" \/>\n<meta name=\"twitter:creator\" content=\"@MundoAgropecuar\" \/>\n<meta name=\"twitter:site\" content=\"@MundoAgropecuar\" \/>\n<meta name=\"twitter:label1\" content=\"Escrito por\" \/>\n\t<meta name=\"twitter:data1\" content=\"mundo\" \/>\n\t<meta name=\"twitter:label2\" content=\"Tiempo de lectura\" \/>\n\t<meta name=\"twitter:data2\" content=\"4 minutos\" \/>\n<script type=\"application\/ld+json\" class=\"yoast-schema-graph\">{\"@context\":\"https:\/\/schema.org\",\"@graph\":[{\"@type\":\"Article\",\"@id\":\"https:\/\/www.mundoagropecuario.cl\/new\/productores-lecheros-discuten-los-desafios-actuales-del-sector\/#article\",\"isPartOf\":{\"@id\":\"https:\/\/www.mundoagropecuario.cl\/new\/productores-lecheros-discuten-los-desafios-actuales-del-sector\/\"},\"author\":{\"name\":\"mundo\",\"@id\":\"https:\/\/www.mundoagropecuario.cl\/new\/#\/schema\/person\/4e9f74a82a7dac260eb1c44b7eebeb18\"},\"headline\":\"En reuni\u00f3n de directorio, FEDELECHE evalu\u00f3 desaf\u00edos del gremio\",\"datePublished\":\"2023-08-24T16:27:32+00:00\",\"dateModified\":\"2023-08-30T15:44:57+00:00\",\"mainEntityOfPage\":{\"@id\":\"https:\/\/www.mundoagropecuario.cl\/new\/productores-lecheros-discuten-los-desafios-actuales-del-sector\/\"},\"wordCount\":683,\"publisher\":{\"@id\":\"https:\/\/www.mundoagropecuario.cl\/new\/#organization\"},\"image\":{\"@id\":\"https:\/\/www.mundoagropecuario.cl\/new\/productores-lecheros-discuten-los-desafios-actuales-del-sector\/#primaryimage\"},\"thumbnailUrl\":\"https:\/\/www.mundoagropecuario.cl\/new\/wp-content\/uploads\/2023\/06\/Leche-Vaca--scaled.jpeg\",\"keywords\":[\"Agricultura\",\"Agro\",\"Censo agropecuario\",\"Chilemilk\",\"Consorcio Lechero\",\"Fedeleche\",\"lecheros\",\"Loreto Santelices\",\"productores lecheros\",\"Promolac\"],\"articleSection\":[\"L\u00e1cteos\"],\"inLanguage\":\"es\"},{\"@type\":\"WebPage\",\"@id\":\"https:\/\/www.mundoagropecuario.cl\/new\/productores-lecheros-discuten-los-desafios-actuales-del-sector\/\",\"url\":\"https:\/\/www.mundoagropecuario.cl\/new\/productores-lecheros-discuten-los-desafios-actuales-del-sector\/\",\"name\":\"En reuni\u00f3n de directorio, FEDELECHE evalu\u00f3 desaf\u00edos del gremio - Mundoagropecuario\",\"isPartOf\":{\"@id\":\"https:\/\/www.mundoagropecuario.cl\/new\/#website\"},\"primaryImageOfPage\":{\"@id\":\"https:\/\/www.mundoagropecuario.cl\/new\/productores-lecheros-discuten-los-desafios-actuales-del-sector\/#primaryimage\"},\"image\":{\"@id\":\"https:\/\/www.mundoagropecuario.cl\/new\/productores-lecheros-discuten-los-desafios-actuales-del-sector\/#primaryimage\"},\"thumbnailUrl\":\"https:\/\/www.mundoagropecuario.cl\/new\/wp-content\/uploads\/2023\/06\/Leche-Vaca--scaled.jpeg\",\"datePublished\":\"2023-08-24T16:27:32+00:00\",\"dateModified\":\"2023-08-30T15:44:57+00:00\",\"description\":\"En directorio del gremio correspondiente al mes de agosto se abordaron temas como la promoci\u00f3n del consumo, proyecci\u00f3n de Chilemilk\",\"breadcrumb\":{\"@id\":\"https:\/\/www.mundoagropecuario.cl\/new\/productores-lecheros-discuten-los-desafios-actuales-del-sector\/#breadcrumb\"},\"inLanguage\":\"es\",\"potentialAction\":[{\"@type\":\"ReadAction\",\"target\":[\"https:\/\/www.mundoagropecuario.cl\/new\/productores-lecheros-discuten-los-desafios-actuales-del-sector\/\"]}]},{\"@type\":\"ImageObject\",\"inLanguage\":\"es\",\"@id\":\"https:\/\/www.mundoagropecuario.cl\/new\/productores-lecheros-discuten-los-desafios-actuales-del-sector\/#primaryimage\",\"url\":\"https:\/\/www.mundoagropecuario.cl\/new\/wp-content\/uploads\/2023\/06\/Leche-Vaca--scaled.jpeg\",\"contentUrl\":\"https:\/\/www.mundoagropecuario.cl\/new\/wp-content\/uploads\/2023\/06\/Leche-Vaca--scaled.jpeg\",\"width\":720,\"height\":384},{\"@type\":\"BreadcrumbList\",\"@id\":\"https:\/\/www.mundoagropecuario.cl\/new\/productores-lecheros-discuten-los-desafios-actuales-del-sector\/#breadcrumb\",\"itemListElement\":[{\"@type\":\"ListItem\",\"position\":1,\"name\":\"Portada\",\"item\":\"https:\/\/www.mundoagropecuario.cl\/new\/\"},{\"@type\":\"ListItem\",\"position\":2,\"name\":\"En reuni\u00f3n de directorio, FEDELECHE evalu\u00f3 desaf\u00edos del gremio\"}]},{\"@type\":\"WebSite\",\"@id\":\"https:\/\/www.mundoagropecuario.cl\/new\/#website\",\"url\":\"https:\/\/www.mundoagropecuario.cl\/new\/\",\"name\":\"Mundoagropecuario\",\"description\":\"Mundo Agropecuario\",\"publisher\":{\"@id\":\"https:\/\/www.mundoagropecuario.cl\/new\/#organization\"},\"potentialAction\":[{\"@type\":\"SearchAction\",\"target\":{\"@type\":\"EntryPoint\",\"urlTemplate\":\"https:\/\/www.mundoagropecuario.cl\/new\/?s={search_term_string}\"},\"query-input\":{\"@type\":\"PropertyValueSpecification\",\"valueRequired\":true,\"valueName\":\"search_term_string\"}}],\"inLanguage\":\"es\"},{\"@type\":\"Organization\",\"@id\":\"https:\/\/www.mundoagropecuario.cl\/new\/#organization\",\"name\":\"Revista de Agricultura\",\"url\":\"https:\/\/www.mundoagropecuario.cl\/new\/\",\"logo\":{\"@type\":\"ImageObject\",\"inLanguage\":\"es\",\"@id\":\"https:\/\/www.mundoagropecuario.cl\/new\/#\/schema\/logo\/image\/\",\"url\":\"https:\/\/www.mundoagropecuario.cl\/new\/wp-content\/uploads\/2020\/11\/PORTAL-1-1.png\",\"contentUrl\":\"https:\/\/www.mundoagropecuario.cl\/new\/wp-content\/uploads\/2020\/11\/PORTAL-1-1.png\",\"width\":1026,\"height\":100,\"caption\":\"Revista de Agricultura\"},\"image\":{\"@id\":\"https:\/\/www.mundoagropecuario.cl\/new\/#\/schema\/logo\/image\/\"},\"sameAs\":[\"https:\/\/www.facebook.com\/mundo.agropecuario.3\",\"https:\/\/x.com\/MundoAgropecuar\",\"https:\/\/www.linkedin.com\/in\/mundo-agropecuario-934009201\/\"]},{\"@type\":\"Person\",\"@id\":\"https:\/\/www.mundoagropecuario.cl\/new\/#\/schema\/person\/4e9f74a82a7dac260eb1c44b7eebeb18\",\"name\":\"mundo\",\"url\":\"https:\/\/www.mundoagropecuario.cl\/new\/author\/mundo\/\"}]}<\/script>\n<!-- \/ Yoast SEO plugin. -->","yoast_head_json":{"title":"En reuni\u00f3n de directorio, FEDELECHE evalu\u00f3 desaf\u00edos del gremio - Mundoagropecuario","description":"En directorio del gremio correspondiente al mes de agosto se abordaron temas como la promoci\u00f3n del consumo, proyecci\u00f3n de Chilemilk","robots":{"index":"index","follow":"follow","max-snippet":"max-snippet:-1","max-image-preview":"max-image-preview:large","max-video-preview":"max-video-preview:-1"},"canonical":"https:\/\/www.mundoagropecuario.cl\/new\/productores-lecheros-discuten-los-desafios-actuales-del-sector\/","og_locale":"es_ES","og_type":"article","og_title":"En reuni\u00f3n de directorio, FEDELECHE evalu\u00f3 desaf\u00edos del gremio - Mundoagropecuario","og_description":"En directorio del gremio correspondiente al mes de agosto se abordaron temas como la promoci\u00f3n del consumo, proyecci\u00f3n de Chilemilk","og_url":"https:\/\/www.mundoagropecuario.cl\/new\/productores-lecheros-discuten-los-desafios-actuales-del-sector\/","og_site_name":"Mundoagropecuario","article_publisher":"https:\/\/www.facebook.com\/mundo.agropecuario.3","article_published_time":"2023-08-24T16:27:32+00:00","article_modified_time":"2023-08-30T15:44:57+00:00","og_image":[{"width":720,"height":384,"url":"https:\/\/www.mundoagropecuario.cl\/new\/wp-content\/uploads\/2023\/06\/Leche-Vaca--scaled.jpeg","type":"image\/jpeg"}],"author":"mundo","twitter_card":"summary_large_image","twitter_creator":"@MundoAgropecuar","twitter_site":"@MundoAgropecuar","twitter_misc":{"Escrito por":"mundo","Tiempo de lectura":"4 minutos"},"schema":{"@context":"https:\/\/schema.org","@graph":[{"@type":"Article","@id":"https:\/\/www.mundoagropecuario.cl\/new\/productores-lecheros-discuten-los-desafios-actuales-del-sector\/#article","isPartOf":{"@id":"https:\/\/www.mundoagropecuario.cl\/new\/productores-lecheros-discuten-los-desafios-actuales-del-sector\/"},"author":{"name":"mundo","@id":"https:\/\/www.mundoagropecuario.cl\/new\/#\/schema\/person\/4e9f74a82a7dac260eb1c44b7eebeb18"},"headline":"En reuni\u00f3n de directorio, FEDELECHE evalu\u00f3 desaf\u00edos del gremio","datePublished":"2023-08-24T16:27:32+00:00","dateModified":"2023-08-30T15:44:57+00:00","mainEntityOfPage":{"@id":"https:\/\/www.mundoagropecuario.cl\/new\/productores-lecheros-discuten-los-desafios-actuales-del-sector\/"},"wordCount":683,"publisher":{"@id":"https:\/\/www.mundoagropecuario.cl\/new\/#organization"},"image":{"@id":"https:\/\/www.mundoagropecuario.cl\/new\/productores-lecheros-discuten-los-desafios-actuales-del-sector\/#primaryimage"},"thumbnailUrl":"https:\/\/www.mundoagropecuario.cl\/new\/wp-content\/uploads\/2023\/06\/Leche-Vaca--scaled.jpeg","keywords":["Agricultura","Agro","Censo agropecuario","Chilemilk","Consorcio Lechero","Fedeleche","lecheros","Loreto Santelices","productores lecheros","Promolac"],"articleSection":["L\u00e1cteos"],"inLanguage":"es"},{"@type":"WebPage","@id":"https:\/\/www.mundoagropecuario.cl\/new\/productores-lecheros-discuten-los-desafios-actuales-del-sector\/","url":"https:\/\/www.mundoagropecuario.cl\/new\/productores-lecheros-discuten-los-desafios-actuales-del-sector\/","name":"En reuni\u00f3n de directorio, FEDELECHE evalu\u00f3 desaf\u00edos del gremio - Mundoagropecuario","isPartOf":{"@id":"https:\/\/www.mundoagropecuario.cl\/new\/#website"},"primaryImageOfPage":{"@id":"https:\/\/www.mundoagropecuario.cl\/new\/productores-lecheros-discuten-los-desafios-actuales-del-sector\/#primaryimage"},"image":{"@id":"https:\/\/www.mundoagropecuario.cl\/new\/productores-lecheros-discuten-los-desafios-actuales-del-sector\/#primaryimage"},"thumbnailUrl":"https:\/\/www.mundoagropecuario.cl\/new\/wp-content\/uploads\/2023\/06\/Leche-Vaca--scaled.jpeg","datePublished":"2023-08-24T16:27:32+00:00","dateModified":"2023-08-30T15:44:57+00:00","description":"En directorio del gremio correspondiente al mes de agosto se abordaron temas como la promoci\u00f3n del consumo, proyecci\u00f3n de Chilemilk","breadcrumb":{"@id":"https:\/\/www.mundoagropecuario.cl\/new\/productores-lecheros-discuten-los-desafios-actuales-del-sector\/#breadcrumb"},"inLanguage":"es","potentialAction":[{"@type":"ReadAction","target":["https:\/\/www.mundoagropecuario.cl\/new\/productores-lecheros-discuten-los-desafios-actuales-del-sector\/"]}]},{"@type":"ImageObject","inLanguage":"es","@id":"https:\/\/www.mundoagropecuario.cl\/new\/productores-lecheros-discuten-los-desafios-actuales-del-sector\/#primaryimage","url":"https:\/\/www.mundoagropecuario.cl\/new\/wp-content\/uploads\/2023\/06\/Leche-Vaca--scaled.jpeg","contentUrl":"https:\/\/www.mundoagropecuario.cl\/new\/wp-content\/uploads\/2023\/06\/Leche-Vaca--scaled.jpeg","width":720,"height":384},{"@type":"BreadcrumbList","@id":"https:\/\/www.mundoagropecuario.cl\/new\/productores-lecheros-discuten-los-desafios-actuales-del-sector\/#breadcrumb","itemListElement":[{"@type":"ListItem","position":1,"name":"Portada","item":"https:\/\/www.mundoagropecuario.cl\/new\/"},{"@type":"ListItem","position":2,"name":"En reuni\u00f3n de directorio, FEDELECHE evalu\u00f3 desaf\u00edos del gremio"}]},{"@type":"WebSite","@id":"https:\/\/www.mundoagropecuario.cl\/new\/#website","url":"https:\/\/www.mundoagropecuario.cl\/new\/","name":"Mundoagropecuario","description":"Mundo Agropecuario","publisher":{"@id":"https:\/\/www.mundoagropecuario.cl\/new\/#organization"},"potentialAction":[{"@type":"SearchAction","target":{"@type":"EntryPoint","urlTemplate":"https:\/\/www.mundoagropecuario.cl\/new\/?s={search_term_string}"},"query-input":{"@type":"PropertyValueSpecification","valueRequired":true,"valueName":"search_term_string"}}],"inLanguage":"es"},{"@type":"Organization","@id":"https:\/\/www.mundoagropecuario.cl\/new\/#organization","name":"Revista de Agricultura","url":"https:\/\/www.mundoagropecuario.cl\/new\/","logo":{"@type":"ImageObject","inLanguage":"es","@id":"https:\/\/www.mundoagropecuario.cl\/new\/#\/schema\/logo\/image\/","url":"https:\/\/www.mundoagropecuario.cl\/new\/wp-content\/uploads\/2020\/11\/PORTAL-1-1.png","contentUrl":"https:\/\/www.mundoagropecuario.cl\/new\/wp-content\/uploads\/2020\/11\/PORTAL-1-1.png","width":1026,"height":100,"caption":"Revista de Agricultura"},"image":{"@id":"https:\/\/www.mundoagropecuario.cl\/new\/#\/schema\/logo\/image\/"},"sameAs":["https:\/\/www.facebook.com\/mundo.agropecuario.3","https:\/\/x.com\/MundoAgropecuar","https:\/\/www.linkedin.com\/in\/mundo-agropecuario-934009201\/"]},{"@type":"Person","@id":"https:\/\/www.mundoagropecuario.cl\/new\/#\/schema\/person\/4e9f74a82a7dac260eb1c44b7eebeb18","name":"mundo","url":"https:\/\/www.mundoagropecuario.cl\/new\/author\/mundo\/"}]}},"_links":{"self":[{"href":"https:\/\/www.mundoagropecuario.cl\/new\/wp-json\/wp\/v2\/posts\/24579","targetHints":{"allow":["GET"]}}],"collection":[{"href":"https:\/\/www.mundoagropecuario.cl\/new\/wp-json\/wp\/v2\/posts"}],"about":[{"href":"https:\/\/www.mundoagropecuario.cl\/new\/wp-json\/wp\/v2\/types\/post"}],"author":[{"embeddable":true,"href":"https:\/\/www.mundoagropecuario.cl\/new\/wp-json\/wp\/v2\/users\/2"}],"replies":[{"embeddable":true,"href":"https:\/\/www.mundoagropecuario.cl\/new\/wp-json\/wp\/v2\/comments?post=24579"}],"version-history":[{"count":2,"href":"https:\/\/www.mundoagropecuario.cl\/new\/wp-json\/wp\/v2\/posts\/24579\/revisions"}],"predecessor-version":[{"id":24585,"href":"https:\/\/www.mundoagropecuario.cl\/new\/wp-json\/wp\/v2\/posts\/24579\/revisions\/24585"}],"wp:featuredmedia":[{"embeddable":true,"href":"https:\/\/www.mundoagropecuario.cl\/new\/wp-json\/wp\/v2\/media\/24285"}],"wp:attachment":[{"href":"https:\/\/www.mundoagropecuario.cl\/new\/wp-json\/wp\/v2\/media?parent=24579"}],"wp:term":[{"taxonomy":"category","embeddable":true,"href":"https:\/\/www.mundoagropecuario.cl\/new\/wp-json\/wp\/v2\/categories?post=24579"},{"taxonomy":"post_tag","embeddable":true,"href":"https:\/\/www.mundoagropecuario.cl\/new\/wp-json\/wp\/v2\/tags?post=24579"}],"curies":[{"name":"wp","href":"https:\/\/api.w.org\/{rel}","templated":true}]}}