{"id":24573,"date":"2023-08-22T12:34:10","date_gmt":"2023-08-22T15:34:10","guid":{"rendered":"https:\/\/www.mundoagropecuario.cl\/new\/?p=24573"},"modified":"2023-08-29T14:13:54","modified_gmt":"2023-08-29T17:13:54","slug":"conoce-todos-los-imperdibles-de-expo-chile-agricola-2023","status":"publish","type":"post","link":"https:\/\/www.mundoagropecuario.cl\/new\/conoce-todos-los-imperdibles-de-expo-chile-agricola-2023\/","title":{"rendered":"Conoce todos los imperdibles de Expo Chile Agr\u00edcola 2023"},"content":{"rendered":"<p>Hoy comienza el encuentro de capacitaciones gratuitas m\u00e1s relevante de Chile, con m\u00e1s de 100 actividades que dar\u00e1n forma a la nueva versi\u00f3n de Expo Chile Agr\u00edcola, que se realiza en Mercado Mayorista Lo Valledor este 22 y 23 de agosto, adem\u00e1s de ser online para cualquier persona que desee participar sin importar el lugar del pa\u00eds en que se encuentre.<\/p>\n<p><a href=\"https:\/\/www.mundoagropecuario.cl\/new\/wp-content\/uploads\/2023\/08\/Simulador-mo\u0301vil-de-terremotos-SENAPRED-scaled.jpeg\"><img loading=\"lazy\" decoding=\"async\" class=\"alignleft wp-image-24575 \" src=\"https:\/\/www.mundoagropecuario.cl\/new\/wp-content\/uploads\/2023\/08\/Simulador-mo\u0301vil-de-terremotos-SENAPRED-scaled.jpeg\" alt=\"\" width=\"555\" height=\"362\" \/><\/a>Las inscripciones se encuentran disponibles en www.expochileagricola.cl, con alternativas de participaci\u00f3n de forma online y tambi\u00e9n presencial. Quienes visiten Expo Chile Agr\u00edcola podr\u00e1n encontrar la oportunidad perfecta para capacitarse y conocer experiencias muy destacadas como por ejemplo nuevas variedades de trigo sustentable, producto de investigaciones lideradas por un acad\u00e9mico de la Universidad de la Frontera, as\u00ed como distintos tipos de harinas, muestra que ser\u00e1 liderada por INIA.<\/p>\n<p>Tambi\u00e9n habr\u00e1 casos de \u00e9xito, como por ejemplo los logros en manejo h\u00eddrico en plena sequ\u00eda por parte de la granja La Pacha Mama, que ha logrado sembrar paltos con mucha menos agua, entre otros cultivos.<\/p>\n<p>La instancia tambi\u00e9n tendr\u00e1 espacio para charlas imperdibles, como la que realizar\u00e1 ThinkAgro de la Universidad de Talca, con un sistema basado en IA que permite anticipar plagas con hasta 3 meses, salvando cultivos completos, as\u00ed como los mitos y verdades de la papa, un alimento que en sus versiones nativas posee propiedades muy nutritivas, seg\u00fan investigaciones de la Universidad Austral.<\/p>\n<p>Adicionalmente, Expo Chile Agr\u00edcola tambi\u00e9n es un encuentro internacional, con Brasil como el invitado estelar de esta nueva versi\u00f3n, con una muestra que incluir\u00e1 un Museo del Caf\u00e9, adem\u00e1s de exhibiciones propias de la cultura de dicho pa\u00eds, incluyendo degustaciones de Caipirinha, Quesos y jugos propios del pa\u00eds atl\u00e1ntico.<\/p>\n<p>Otro pa\u00eds destacado es Israel, que junto con su sabida experiencia en manejo h\u00eddrico, presentar\u00e1 un Robot que poliniza las flores, adem\u00e1s de Argentina, que participar\u00e1 por primera vez en el encuentro a trav\u00e9s de su Instituto Nacional de Tecnolog\u00eda Agropecuaria (INTA), y mostrar\u00e1 los avances en el ecosistema de emprendimientos tecnol\u00f3gicos ligados al agro del vecino pa\u00eds.<\/p>\n<p>Expo Chile Agr\u00edcola tambi\u00e9n ser\u00e1 una instancia para capacitarse en temas coyunturales, como los incendios forestales mediante una charla liderada por CONAF, as\u00ed como los alcances de la reci\u00e9n despachada y lista para se promulgada Ley de Riego, en una actividad liderada por la Comisi\u00f3n Nacional de Riego (CNR), adem\u00e1s de la presencia del primer simulador m\u00f3vil de terremotos, donado por el gobierno de Jap\u00f3n y que presentar\u00e1 SENAPRED.<\/p>\n<p><a href=\"https:\/\/www.mundoagropecuario.cl\/new\/wp-content\/uploads\/2023\/08\/Trigo-sustentable-1-scaled.jpg\"><img loading=\"lazy\" decoding=\"async\" class=\"alignright wp-image-24574 \" src=\"https:\/\/www.mundoagropecuario.cl\/new\/wp-content\/uploads\/2023\/08\/Trigo-sustentable-1-scaled.jpg\" alt=\"\" width=\"349\" height=\"470\" \/><\/a>La cultura tambi\u00e9n tendr\u00e1 un espacio protag\u00f3nico, mediante la experiencia de mujeres de la Agricultura Familiar Campesina en torno a la artesan\u00eda, en una actividad coordinada por INDAP.<\/p>\n<p>El ministro de Agricultura, Esteban Valenzuela, comenta que \u201ccon Expo Chile Agr\u00edcola, estamos presentes como ministerio y todos los servicios del agro con capacitaci\u00f3n, informaci\u00f3n, instrumentos de apoyo, toda nuestra oferta de iniciativas, programas y beneficios dirigidos a los agricultores y agricultoras del pa\u00eds, junto con relevar toda esa riqueza del mundo rural y el campo chileno a trav\u00e9s de actividades culturales. Hoy m\u00e1s que nunca, eventos como este nos permiten reunirnos y dialogar sobre este camino hacia una agricultura verde, con temas como la inclusi\u00f3n, el cuidado del agua y el desarrollo rural como parte de nuestros principales objetivos\u201d.<\/p>\n<p>En tanto, el director ejecutivo de FUCOA, Claudio Urtubia, complementa que \u201cesta sexta versi\u00f3n contempla m\u00e1s de 100 actividades de capacitaci\u00f3n, difusi\u00f3n y culturales, destacando a nuestro pa\u00eds invitado Brasil, que contribuir\u00e1 al objetivo de Expo Chile Agr\u00edcola de ser un punto de encuentro donde compartamos experiencias y aprendizajes en torno a la agricultura y la ruralidad, esta vez con la mirada de un pa\u00eds muy relevante en la producci\u00f3n agr\u00edcola. Y al igual que el a\u00f1o anterior, quienes no puedan venir al Mercado Lo Valledor podr\u00e1n acceder a una completa parrilla de actividades online que tendremos a trav\u00e9s del sitio web, que les permitir\u00e1 asistir virtualmente desde cualquier punto de Chile y del mundo\u201d.<\/p>\n<p>Si quieres conocer y capacitarte en estos y otros temas, todav\u00eda est\u00e1s a tiempo para inscribirte en Expo Chile Agr\u00edcola. El detalle de las actividades tanto presenciales en el Mercado Mayorista Lo Valledor como online para todo Chile, est\u00e1 disponible en www.expochileagricola.cl.<\/p>\n","protected":false},"excerpt":{"rendered":"<p>Todav\u00eda est\u00e1s a tiempo para inscribirte en el encuentro de capacitaci\u00f3n gratuita m\u00e1s importante del pa\u00eds, que se realizar\u00e1 presencial en Lo Valledor y tambi\u00e9n online para todas las regiones. Inscripciones disponibles en www.expochileagricola.cl.<\/p>\n","protected":false},"author":2,"featured_media":24576,"comment_status":"closed","ping_status":"closed","sticky":false,"template":"","format":"standard","meta":{"footnotes":""},"categories":[1945],"tags":[2090,3127,2084,2588,2124,1992,2052,2035,2036],"class_list":["post-24573","post","type-post","status-publish","format-standard","has-post-thumbnail","hentry","category-agricultura","tag-agricultura","tag-agro","tag-cnr","tag-expo-chile-agricola","tag-fia","tag-indap","tag-inia","tag-minagri","tag-sag"],"yoast_head":"<!-- This site is optimized with the Yoast SEO plugin v26.6 - https:\/\/yoast.com\/wordpress\/plugins\/seo\/ -->\n<title>Conoce todos los imperdibles de Expo Chile Agr\u00edcola 2023 - Mundoagropecuario<\/title>\n<meta name=\"description\" content=\"Todav\u00eda est\u00e1s a tiempo para inscribirte en el encuentro de capacitaci\u00f3n gratuita m\u00e1s importante del pa\u00eds, que se realizar\u00e1 presencial.\" \/>\n<meta name=\"robots\" content=\"index, follow, max-snippet:-1, max-image-preview:large, max-video-preview:-1\" \/>\n<link rel=\"canonical\" href=\"https:\/\/www.mundoagropecuario.cl\/new\/conoce-todos-los-imperdibles-de-expo-chile-agricola-2023\/\" \/>\n<meta property=\"og:locale\" content=\"es_ES\" \/>\n<meta property=\"og:type\" content=\"article\" \/>\n<meta property=\"og:title\" content=\"Conoce todos los imperdibles de Expo Chile Agr\u00edcola 2023 - Mundoagropecuario\" \/>\n<meta property=\"og:description\" content=\"Todav\u00eda est\u00e1s a tiempo para inscribirte en el encuentro de capacitaci\u00f3n gratuita m\u00e1s importante del pa\u00eds, que se realizar\u00e1 presencial.\" \/>\n<meta property=\"og:url\" content=\"https:\/\/www.mundoagropecuario.cl\/new\/conoce-todos-los-imperdibles-de-expo-chile-agricola-2023\/\" \/>\n<meta property=\"og:site_name\" content=\"Mundoagropecuario\" \/>\n<meta property=\"article:publisher\" content=\"https:\/\/www.facebook.com\/mundo.agropecuario.3\" \/>\n<meta property=\"article:published_time\" content=\"2023-08-22T15:34:10+00:00\" \/>\n<meta property=\"article:modified_time\" content=\"2023-08-29T17:13:54+00:00\" \/>\n<meta property=\"og:image\" content=\"https:\/\/www.mundoagropecuario.cl\/new\/wp-content\/uploads\/2023\/08\/Expo-Agricola--scaled.jpeg\" \/>\n\t<meta property=\"og:image:width\" content=\"720\" \/>\n\t<meta property=\"og:image:height\" content=\"384\" \/>\n\t<meta property=\"og:image:type\" content=\"image\/jpeg\" \/>\n<meta name=\"author\" content=\"mundo\" \/>\n<meta name=\"twitter:card\" content=\"summary_large_image\" \/>\n<meta name=\"twitter:creator\" content=\"@MundoAgropecuar\" \/>\n<meta name=\"twitter:site\" content=\"@MundoAgropecuar\" \/>\n<meta name=\"twitter:label1\" content=\"Escrito por\" \/>\n\t<meta name=\"twitter:data1\" content=\"mundo\" \/>\n\t<meta name=\"twitter:label2\" content=\"Tiempo de lectura\" \/>\n\t<meta name=\"twitter:data2\" content=\"4 minutos\" \/>\n<script type=\"application\/ld+json\" class=\"yoast-schema-graph\">{\"@context\":\"https:\/\/schema.org\",\"@graph\":[{\"@type\":\"Article\",\"@id\":\"https:\/\/www.mundoagropecuario.cl\/new\/conoce-todos-los-imperdibles-de-expo-chile-agricola-2023\/#article\",\"isPartOf\":{\"@id\":\"https:\/\/www.mundoagropecuario.cl\/new\/conoce-todos-los-imperdibles-de-expo-chile-agricola-2023\/\"},\"author\":{\"name\":\"mundo\",\"@id\":\"https:\/\/www.mundoagropecuario.cl\/new\/#\/schema\/person\/4e9f74a82a7dac260eb1c44b7eebeb18\"},\"headline\":\"Conoce todos los imperdibles de Expo Chile Agr\u00edcola 2023\",\"datePublished\":\"2023-08-22T15:34:10+00:00\",\"dateModified\":\"2023-08-29T17:13:54+00:00\",\"mainEntityOfPage\":{\"@id\":\"https:\/\/www.mundoagropecuario.cl\/new\/conoce-todos-los-imperdibles-de-expo-chile-agricola-2023\/\"},\"wordCount\":757,\"publisher\":{\"@id\":\"https:\/\/www.mundoagropecuario.cl\/new\/#organization\"},\"image\":{\"@id\":\"https:\/\/www.mundoagropecuario.cl\/new\/conoce-todos-los-imperdibles-de-expo-chile-agricola-2023\/#primaryimage\"},\"thumbnailUrl\":\"https:\/\/www.mundoagropecuario.cl\/new\/wp-content\/uploads\/2023\/08\/Expo-Agricola--scaled.jpeg\",\"keywords\":[\"Agricultura\",\"Agro\",\"CNR\",\"Expo Chile Agr\u00edcola\",\"FIA\",\"Indap\",\"INIA\",\"Minagri\",\"SAG\"],\"articleSection\":[\"Agricultura\"],\"inLanguage\":\"es\"},{\"@type\":\"WebPage\",\"@id\":\"https:\/\/www.mundoagropecuario.cl\/new\/conoce-todos-los-imperdibles-de-expo-chile-agricola-2023\/\",\"url\":\"https:\/\/www.mundoagropecuario.cl\/new\/conoce-todos-los-imperdibles-de-expo-chile-agricola-2023\/\",\"name\":\"Conoce todos los imperdibles de Expo Chile Agr\u00edcola 2023 - Mundoagropecuario\",\"isPartOf\":{\"@id\":\"https:\/\/www.mundoagropecuario.cl\/new\/#website\"},\"primaryImageOfPage\":{\"@id\":\"https:\/\/www.mundoagropecuario.cl\/new\/conoce-todos-los-imperdibles-de-expo-chile-agricola-2023\/#primaryimage\"},\"image\":{\"@id\":\"https:\/\/www.mundoagropecuario.cl\/new\/conoce-todos-los-imperdibles-de-expo-chile-agricola-2023\/#primaryimage\"},\"thumbnailUrl\":\"https:\/\/www.mundoagropecuario.cl\/new\/wp-content\/uploads\/2023\/08\/Expo-Agricola--scaled.jpeg\",\"datePublished\":\"2023-08-22T15:34:10+00:00\",\"dateModified\":\"2023-08-29T17:13:54+00:00\",\"description\":\"Todav\u00eda est\u00e1s a tiempo para inscribirte en el encuentro de capacitaci\u00f3n gratuita m\u00e1s importante del pa\u00eds, que se realizar\u00e1 presencial.\",\"breadcrumb\":{\"@id\":\"https:\/\/www.mundoagropecuario.cl\/new\/conoce-todos-los-imperdibles-de-expo-chile-agricola-2023\/#breadcrumb\"},\"inLanguage\":\"es\",\"potentialAction\":[{\"@type\":\"ReadAction\",\"target\":[\"https:\/\/www.mundoagropecuario.cl\/new\/conoce-todos-los-imperdibles-de-expo-chile-agricola-2023\/\"]}]},{\"@type\":\"ImageObject\",\"inLanguage\":\"es\",\"@id\":\"https:\/\/www.mundoagropecuario.cl\/new\/conoce-todos-los-imperdibles-de-expo-chile-agricola-2023\/#primaryimage\",\"url\":\"https:\/\/www.mundoagropecuario.cl\/new\/wp-content\/uploads\/2023\/08\/Expo-Agricola--scaled.jpeg\",\"contentUrl\":\"https:\/\/www.mundoagropecuario.cl\/new\/wp-content\/uploads\/2023\/08\/Expo-Agricola--scaled.jpeg\",\"width\":720,\"height\":384},{\"@type\":\"BreadcrumbList\",\"@id\":\"https:\/\/www.mundoagropecuario.cl\/new\/conoce-todos-los-imperdibles-de-expo-chile-agricola-2023\/#breadcrumb\",\"itemListElement\":[{\"@type\":\"ListItem\",\"position\":1,\"name\":\"Portada\",\"item\":\"https:\/\/www.mundoagropecuario.cl\/new\/\"},{\"@type\":\"ListItem\",\"position\":2,\"name\":\"Conoce todos los imperdibles de Expo Chile Agr\u00edcola 2023\"}]},{\"@type\":\"WebSite\",\"@id\":\"https:\/\/www.mundoagropecuario.cl\/new\/#website\",\"url\":\"https:\/\/www.mundoagropecuario.cl\/new\/\",\"name\":\"Mundoagropecuario\",\"description\":\"Mundo Agropecuario\",\"publisher\":{\"@id\":\"https:\/\/www.mundoagropecuario.cl\/new\/#organization\"},\"potentialAction\":[{\"@type\":\"SearchAction\",\"target\":{\"@type\":\"EntryPoint\",\"urlTemplate\":\"https:\/\/www.mundoagropecuario.cl\/new\/?s={search_term_string}\"},\"query-input\":{\"@type\":\"PropertyValueSpecification\",\"valueRequired\":true,\"valueName\":\"search_term_string\"}}],\"inLanguage\":\"es\"},{\"@type\":\"Organization\",\"@id\":\"https:\/\/www.mundoagropecuario.cl\/new\/#organization\",\"name\":\"Revista de Agricultura\",\"url\":\"https:\/\/www.mundoagropecuario.cl\/new\/\",\"logo\":{\"@type\":\"ImageObject\",\"inLanguage\":\"es\",\"@id\":\"https:\/\/www.mundoagropecuario.cl\/new\/#\/schema\/logo\/image\/\",\"url\":\"https:\/\/www.mundoagropecuario.cl\/new\/wp-content\/uploads\/2020\/11\/PORTAL-1-1.png\",\"contentUrl\":\"https:\/\/www.mundoagropecuario.cl\/new\/wp-content\/uploads\/2020\/11\/PORTAL-1-1.png\",\"width\":1026,\"height\":100,\"caption\":\"Revista de Agricultura\"},\"image\":{\"@id\":\"https:\/\/www.mundoagropecuario.cl\/new\/#\/schema\/logo\/image\/\"},\"sameAs\":[\"https:\/\/www.facebook.com\/mundo.agropecuario.3\",\"https:\/\/x.com\/MundoAgropecuar\",\"https:\/\/www.linkedin.com\/in\/mundo-agropecuario-934009201\/\"]},{\"@type\":\"Person\",\"@id\":\"https:\/\/www.mundoagropecuario.cl\/new\/#\/schema\/person\/4e9f74a82a7dac260eb1c44b7eebeb18\",\"name\":\"mundo\",\"url\":\"https:\/\/www.mundoagropecuario.cl\/new\/author\/mundo\/\"}]}<\/script>\n<!-- \/ Yoast SEO plugin. -->","yoast_head_json":{"title":"Conoce todos los imperdibles de Expo Chile Agr\u00edcola 2023 - Mundoagropecuario","description":"Todav\u00eda est\u00e1s a tiempo para inscribirte en el encuentro de capacitaci\u00f3n gratuita m\u00e1s importante del pa\u00eds, que se realizar\u00e1 presencial.","robots":{"index":"index","follow":"follow","max-snippet":"max-snippet:-1","max-image-preview":"max-image-preview:large","max-video-preview":"max-video-preview:-1"},"canonical":"https:\/\/www.mundoagropecuario.cl\/new\/conoce-todos-los-imperdibles-de-expo-chile-agricola-2023\/","og_locale":"es_ES","og_type":"article","og_title":"Conoce todos los imperdibles de Expo Chile Agr\u00edcola 2023 - Mundoagropecuario","og_description":"Todav\u00eda est\u00e1s a tiempo para inscribirte en el encuentro de capacitaci\u00f3n gratuita m\u00e1s importante del pa\u00eds, que se realizar\u00e1 presencial.","og_url":"https:\/\/www.mundoagropecuario.cl\/new\/conoce-todos-los-imperdibles-de-expo-chile-agricola-2023\/","og_site_name":"Mundoagropecuario","article_publisher":"https:\/\/www.facebook.com\/mundo.agropecuario.3","article_published_time":"2023-08-22T15:34:10+00:00","article_modified_time":"2023-08-29T17:13:54+00:00","og_image":[{"width":720,"height":384,"url":"https:\/\/www.mundoagropecuario.cl\/new\/wp-content\/uploads\/2023\/08\/Expo-Agricola--scaled.jpeg","type":"image\/jpeg"}],"author":"mundo","twitter_card":"summary_large_image","twitter_creator":"@MundoAgropecuar","twitter_site":"@MundoAgropecuar","twitter_misc":{"Escrito por":"mundo","Tiempo de lectura":"4 minutos"},"schema":{"@context":"https:\/\/schema.org","@graph":[{"@type":"Article","@id":"https:\/\/www.mundoagropecuario.cl\/new\/conoce-todos-los-imperdibles-de-expo-chile-agricola-2023\/#article","isPartOf":{"@id":"https:\/\/www.mundoagropecuario.cl\/new\/conoce-todos-los-imperdibles-de-expo-chile-agricola-2023\/"},"author":{"name":"mundo","@id":"https:\/\/www.mundoagropecuario.cl\/new\/#\/schema\/person\/4e9f74a82a7dac260eb1c44b7eebeb18"},"headline":"Conoce todos los imperdibles de Expo Chile Agr\u00edcola 2023","datePublished":"2023-08-22T15:34:10+00:00","dateModified":"2023-08-29T17:13:54+00:00","mainEntityOfPage":{"@id":"https:\/\/www.mundoagropecuario.cl\/new\/conoce-todos-los-imperdibles-de-expo-chile-agricola-2023\/"},"wordCount":757,"publisher":{"@id":"https:\/\/www.mundoagropecuario.cl\/new\/#organization"},"image":{"@id":"https:\/\/www.mundoagropecuario.cl\/new\/conoce-todos-los-imperdibles-de-expo-chile-agricola-2023\/#primaryimage"},"thumbnailUrl":"https:\/\/www.mundoagropecuario.cl\/new\/wp-content\/uploads\/2023\/08\/Expo-Agricola--scaled.jpeg","keywords":["Agricultura","Agro","CNR","Expo Chile Agr\u00edcola","FIA","Indap","INIA","Minagri","SAG"],"articleSection":["Agricultura"],"inLanguage":"es"},{"@type":"WebPage","@id":"https:\/\/www.mundoagropecuario.cl\/new\/conoce-todos-los-imperdibles-de-expo-chile-agricola-2023\/","url":"https:\/\/www.mundoagropecuario.cl\/new\/conoce-todos-los-imperdibles-de-expo-chile-agricola-2023\/","name":"Conoce todos los imperdibles de Expo Chile Agr\u00edcola 2023 - Mundoagropecuario","isPartOf":{"@id":"https:\/\/www.mundoagropecuario.cl\/new\/#website"},"primaryImageOfPage":{"@id":"https:\/\/www.mundoagropecuario.cl\/new\/conoce-todos-los-imperdibles-de-expo-chile-agricola-2023\/#primaryimage"},"image":{"@id":"https:\/\/www.mundoagropecuario.cl\/new\/conoce-todos-los-imperdibles-de-expo-chile-agricola-2023\/#primaryimage"},"thumbnailUrl":"https:\/\/www.mundoagropecuario.cl\/new\/wp-content\/uploads\/2023\/08\/Expo-Agricola--scaled.jpeg","datePublished":"2023-08-22T15:34:10+00:00","dateModified":"2023-08-29T17:13:54+00:00","description":"Todav\u00eda est\u00e1s a tiempo para inscribirte en el encuentro de capacitaci\u00f3n gratuita m\u00e1s importante del pa\u00eds, que se realizar\u00e1 presencial.","breadcrumb":{"@id":"https:\/\/www.mundoagropecuario.cl\/new\/conoce-todos-los-imperdibles-de-expo-chile-agricola-2023\/#breadcrumb"},"inLanguage":"es","potentialAction":[{"@type":"ReadAction","target":["https:\/\/www.mundoagropecuario.cl\/new\/conoce-todos-los-imperdibles-de-expo-chile-agricola-2023\/"]}]},{"@type":"ImageObject","inLanguage":"es","@id":"https:\/\/www.mundoagropecuario.cl\/new\/conoce-todos-los-imperdibles-de-expo-chile-agricola-2023\/#primaryimage","url":"https:\/\/www.mundoagropecuario.cl\/new\/wp-content\/uploads\/2023\/08\/Expo-Agricola--scaled.jpeg","contentUrl":"https:\/\/www.mundoagropecuario.cl\/new\/wp-content\/uploads\/2023\/08\/Expo-Agricola--scaled.jpeg","width":720,"height":384},{"@type":"BreadcrumbList","@id":"https:\/\/www.mundoagropecuario.cl\/new\/conoce-todos-los-imperdibles-de-expo-chile-agricola-2023\/#breadcrumb","itemListElement":[{"@type":"ListItem","position":1,"name":"Portada","item":"https:\/\/www.mundoagropecuario.cl\/new\/"},{"@type":"ListItem","position":2,"name":"Conoce todos los imperdibles de Expo Chile Agr\u00edcola 2023"}]},{"@type":"WebSite","@id":"https:\/\/www.mundoagropecuario.cl\/new\/#website","url":"https:\/\/www.mundoagropecuario.cl\/new\/","name":"Mundoagropecuario","description":"Mundo Agropecuario","publisher":{"@id":"https:\/\/www.mundoagropecuario.cl\/new\/#organization"},"potentialAction":[{"@type":"SearchAction","target":{"@type":"EntryPoint","urlTemplate":"https:\/\/www.mundoagropecuario.cl\/new\/?s={search_term_string}"},"query-input":{"@type":"PropertyValueSpecification","valueRequired":true,"valueName":"search_term_string"}}],"inLanguage":"es"},{"@type":"Organization","@id":"https:\/\/www.mundoagropecuario.cl\/new\/#organization","name":"Revista de Agricultura","url":"https:\/\/www.mundoagropecuario.cl\/new\/","logo":{"@type":"ImageObject","inLanguage":"es","@id":"https:\/\/www.mundoagropecuario.cl\/new\/#\/schema\/logo\/image\/","url":"https:\/\/www.mundoagropecuario.cl\/new\/wp-content\/uploads\/2020\/11\/PORTAL-1-1.png","contentUrl":"https:\/\/www.mundoagropecuario.cl\/new\/wp-content\/uploads\/2020\/11\/PORTAL-1-1.png","width":1026,"height":100,"caption":"Revista de Agricultura"},"image":{"@id":"https:\/\/www.mundoagropecuario.cl\/new\/#\/schema\/logo\/image\/"},"sameAs":["https:\/\/www.facebook.com\/mundo.agropecuario.3","https:\/\/x.com\/MundoAgropecuar","https:\/\/www.linkedin.com\/in\/mundo-agropecuario-934009201\/"]},{"@type":"Person","@id":"https:\/\/www.mundoagropecuario.cl\/new\/#\/schema\/person\/4e9f74a82a7dac260eb1c44b7eebeb18","name":"mundo","url":"https:\/\/www.mundoagropecuario.cl\/new\/author\/mundo\/"}]}},"_links":{"self":[{"href":"https:\/\/www.mundoagropecuario.cl\/new\/wp-json\/wp\/v2\/posts\/24573","targetHints":{"allow":["GET"]}}],"collection":[{"href":"https:\/\/www.mundoagropecuario.cl\/new\/wp-json\/wp\/v2\/posts"}],"about":[{"href":"https:\/\/www.mundoagropecuario.cl\/new\/wp-json\/wp\/v2\/types\/post"}],"author":[{"embeddable":true,"href":"https:\/\/www.mundoagropecuario.cl\/new\/wp-json\/wp\/v2\/users\/2"}],"replies":[{"embeddable":true,"href":"https:\/\/www.mundoagropecuario.cl\/new\/wp-json\/wp\/v2\/comments?post=24573"}],"version-history":[{"count":1,"href":"https:\/\/www.mundoagropecuario.cl\/new\/wp-json\/wp\/v2\/posts\/24573\/revisions"}],"predecessor-version":[{"id":24577,"href":"https:\/\/www.mundoagropecuario.cl\/new\/wp-json\/wp\/v2\/posts\/24573\/revisions\/24577"}],"wp:featuredmedia":[{"embeddable":true,"href":"https:\/\/www.mundoagropecuario.cl\/new\/wp-json\/wp\/v2\/media\/24576"}],"wp:attachment":[{"href":"https:\/\/www.mundoagropecuario.cl\/new\/wp-json\/wp\/v2\/media?parent=24573"}],"wp:term":[{"taxonomy":"category","embeddable":true,"href":"https:\/\/www.mundoagropecuario.cl\/new\/wp-json\/wp\/v2\/categories?post=24573"},{"taxonomy":"post_tag","embeddable":true,"href":"https:\/\/www.mundoagropecuario.cl\/new\/wp-json\/wp\/v2\/tags?post=24573"}],"curies":[{"name":"wp","href":"https:\/\/api.w.org\/{rel}","templated":true}]}}