{"id":24526,"date":"2023-08-14T13:43:25","date_gmt":"2023-08-14T16:43:25","guid":{"rendered":"https:\/\/www.mundoagropecuario.cl\/new\/?p=24526"},"modified":"2023-08-18T15:00:29","modified_gmt":"2023-08-18T18:00:29","slug":"programa-territorial-de-la-carne-bovina-promueve-la-mancomunion-en-la-region-de-los-lagoa-lagos","status":"publish","type":"post","link":"https:\/\/www.mundoagropecuario.cl\/new\/programa-territorial-de-la-carne-bovina-promueve-la-mancomunion-en-la-region-de-los-lagoa-lagos\/","title":{"rendered":"Programa Territorial de la Carne Bovina promueve la mancomuni\u00f3n en la Regi\u00f3n de Los Lagos"},"content":{"rendered":"<p>El Programa Territorial Integrado (PTI) de la Carne Bovina de la regi\u00f3n de Los Lagos, iniciativa articulada por Corfo, cuyo prop\u00f3sito es impulsar el encadenamiento productivo y comercializaci\u00f3n de la cadena c\u00e1rnica regional, reuni\u00f3 nuevamente a su Gobernanza, congregando a diversos protagonistas claves del sector, quienes tuvieron la oportunidad de conocer los progresos alcanzados hasta la fecha por este programa y de interactuar con los diferentes eslabones de la cadena productiva.<\/p>\n<p><a href=\"https:\/\/www.mundoagropecuario.cl\/new\/wp-content\/uploads\/2023\/08\/PTI-4-2-scaled.jpg\"><img loading=\"lazy\" decoding=\"async\" class=\"alignleft wp-image-24527 \" src=\"https:\/\/www.mundoagropecuario.cl\/new\/wp-content\/uploads\/2023\/08\/PTI-4-2-scaled.jpg\" alt=\"\" width=\"441\" height=\"327\" \/><\/a>El programa, en el que convergen una variedad de entidades p\u00fablicas y privadas, tales como la Seremi de Agricultura, Corfo, la divisi\u00f3n de fomento productivo del Gobierno Regional, INDAP, SAG, ProChile, cooperativas, productores, asociaciones gremiales y acad\u00e9micos de la Universidad de Los Lagos, entre otros; ha venido abordando una amplia gama de tem\u00e1ticas con el objetivo central de impulsar la comercializaci\u00f3n nacional y las exportaciones de productos c\u00e1rnicos derivados de los sistemas productivos ganaderos regionales. Un enfoque que subraya el fortalecimiento del encadenamiento productivo y comercial en la cadena c\u00e1rnica regional.<\/p>\n<p>Karn Wunderlich, presidenta del PTI de la Carne Bovina de la regi\u00f3n de Los Lagos abri\u00f3 la instancia quien dio pas\u00f3 a Jorge Garrido, Gestor de este programa, el cual comparti\u00f3 el desarrollo y avance de las actividades de este primer a\u00f1o. Entre los aspectos destacados se encuentran el programa de capacitaci\u00f3n, mentoring y coaching, orientados a fortalecer la asociatividad en la cadena de valor. Tambi\u00e9n, los encuentros empresariales para abordar las brechas en el sector c\u00e1rnico y las consultor\u00edas destinadas a crear una estrategia comercial asociativa.<\/p>\n<p>Cerrando esta actividad, Rowel Motta, Gerente de Producci\u00f3n en Mafrisur, imparti\u00f3 una presentaci\u00f3n titulada &#8220;Mafrisur: Un eslab\u00f3n en la cadena de valor de la producci\u00f3n de carne chilena&#8221;. En su exposici\u00f3n, resalt\u00f3 la importancia para el sector de fomentar la competitividad, la franqueza, la credibilidad y el involucramiento. Elementos fundamentales para establecer un ambiente de confianza que propicie el desarrollo de proyectos s\u00f3lidos en el futuro.<\/p>\n<p>Juan Carlos Silva, Ejecutivo T\u00e9cnico de Negocios de Corfo Los Lagos a cargo del programa, resalt\u00f3 sus avances y el estado actual de las actividades. &#8220;Estamos avanzando seg\u00fan lo planificado, y nuestro enfoque central es integrar completamente la cadena de valor, estableciendo lazos que fortalezcan la asociatividad. Actualmente, existe una mayor confianza entre los participantes, impulsada por un di\u00e1logo sincero y la transparencia de la informaci\u00f3n. Cada vez m\u00e1s, estamos identificando los espacios en los que podemos colaborar y contribuir, para construir y mejorar la cadena de valor de los productos c\u00e1rnicos&#8221;.<\/p>\n<p><a href=\"https:\/\/www.mundoagropecuario.cl\/new\/wp-content\/uploads\/2023\/08\/PTI-1-scaled.jpeg\"><img loading=\"lazy\" decoding=\"async\" class=\"wp-image-24529 alignright\" src=\"https:\/\/www.mundoagropecuario.cl\/new\/wp-content\/uploads\/2023\/08\/PTI-1-scaled.jpeg\" alt=\"\" width=\"560\" height=\"307\" srcset=\"https:\/\/www.mundoagropecuario.cl\/new\/wp-content\/uploads\/2023\/08\/PTI-1-scaled.jpeg 720w, https:\/\/www.mundoagropecuario.cl\/new\/wp-content\/uploads\/2023\/08\/PTI-1-243x133.jpeg 243w, https:\/\/www.mundoagropecuario.cl\/new\/wp-content\/uploads\/2023\/08\/PTI-1-730x400.jpeg 730w\" sizes=\"auto, (max-width: 560px) 100vw, 560px\" \/><\/a>Por su parte, Karen Wunderlich, presidenta del PTI de la Carne Bovina, destac\u00f3 enf\u00e1ticamente la misi\u00f3n fundamental que este programa lleva consigo: la generaci\u00f3n de un punto de inflexi\u00f3n y la colaboraci\u00f3n activa para afrontar los desaf\u00edos actuales que impactan en la industria ganadera. &#8220;Creemos firmemente en la necesidad de fortalecer la asociatividad, no solo entre los productores, sino tambi\u00e9n mediante la creaci\u00f3n de relaciones sin\u00e9rgicas con la industria. Durante los \u00faltimos a\u00f1os, hemos comprobado que solos y separados no hemos logrado avances significativos. Es en la cooperaci\u00f3n mutua donde encontramos nuevas v\u00edas que nos impulsan a mejorar y revitalizar nuestro sector de manera sustentable y exitosa&#8221;.<\/p>\n<p>Asimismo, Rowel Motta, Gerente de Producci\u00f3n en Mafrisur, apunt\u00f3 que &#8220;como es natural en todo proyecto, comenzamos con interrogantes, pero a medida que avanzamos, muchas de estas inc\u00f3gnitas se han ido aclarando. Por el momento, considero que es esencial poner el \u00e9nfasis en el &#8216;c\u00f3mo&#8217;. Si bien tenemos una comprensi\u00f3n clara del &#8216;qu\u00e9&#8217;, que es la base de la estrategia para impulsar la producci\u00f3n de carne bovina en la regi\u00f3n, el &#8216;c\u00f3mo&#8217; requerir\u00e1 un mayor grado de involucramiento. La buena noticia es que veo un genuino inter\u00e9s de todos por participar y alcanzar los objetivos espec\u00edficos trazados por el PTI&#8221;.<\/p>\n<p>Finalmente, Motta sostuvo que &#8220;la asociatividad es la clave de esto. Si no logramos este objetivo, no tendr\u00eda sentido, as\u00ed que considero que todos los hemos entendido as\u00ed y ahora toca alinearnos para lograr que esto tenga los resultados que se quieren, lo cual es aumentar la masa ganadera con amplitud c\u00e1rnica en la regi\u00f3n&#8221;.<\/p>\n","protected":false},"excerpt":{"rendered":"<p>La actividad congreg\u00f3 a diversos protagonistas claves del sector, quienes tuvieron la oportunidad de conocer los progresos alcanzados hasta la fecha por este programa y de interactuar con los diferentes eslabones de la cadena productiva.<\/p>\n","protected":false},"author":2,"featured_media":24528,"comment_status":"closed","ping_status":"closed","sticky":false,"template":"","format":"standard","meta":{"footnotes":""},"categories":[1944],"tags":[2090,3127,8252,579,2301,8251,3221],"class_list":["post-24526","post","type-post","status-publish","format-standard","has-post-thumbnail","hentry","category-ganaderia","tag-agricultura","tag-agro","tag-amplitud-carnica","tag-corfo-los-lagos","tag-ganado","tag-programa-territorial-de-la-carne-bovina","tag-pti"],"yoast_head":"<!-- This site is optimized with the Yoast SEO plugin v26.6 - https:\/\/yoast.com\/wordpress\/plugins\/seo\/ -->\n<title>Programa Territorial de la Carne Bovina promueve la mancomuni\u00f3n en la Regi\u00f3n de Los Lagos - Mundoagropecuario<\/title>\n<meta name=\"description\" content=\"La actividad congreg\u00f3 a diversos protagonistas claves del sector, quienes tuvieron la oportunidad de conocer los progresos alcanzados.\" \/>\n<meta name=\"robots\" content=\"index, follow, max-snippet:-1, max-image-preview:large, max-video-preview:-1\" \/>\n<link rel=\"canonical\" href=\"https:\/\/www.mundoagropecuario.cl\/new\/programa-territorial-de-la-carne-bovina-promueve-la-mancomunion-en-la-region-de-los-lagoa-lagos\/\" \/>\n<meta property=\"og:locale\" content=\"es_ES\" \/>\n<meta property=\"og:type\" content=\"article\" \/>\n<meta property=\"og:title\" content=\"Programa Territorial de la Carne Bovina promueve la mancomuni\u00f3n en la Regi\u00f3n de Los Lagos - Mundoagropecuario\" \/>\n<meta property=\"og:description\" content=\"La actividad congreg\u00f3 a diversos protagonistas claves del sector, quienes tuvieron la oportunidad de conocer los progresos alcanzados.\" \/>\n<meta property=\"og:url\" content=\"https:\/\/www.mundoagropecuario.cl\/new\/programa-territorial-de-la-carne-bovina-promueve-la-mancomunion-en-la-region-de-los-lagoa-lagos\/\" \/>\n<meta property=\"og:site_name\" content=\"Mundoagropecuario\" \/>\n<meta property=\"article:publisher\" content=\"https:\/\/www.facebook.com\/mundo.agropecuario.3\" \/>\n<meta property=\"article:published_time\" content=\"2023-08-14T16:43:25+00:00\" \/>\n<meta property=\"article:modified_time\" content=\"2023-08-18T18:00:29+00:00\" \/>\n<meta property=\"og:image\" content=\"https:\/\/www.mundoagropecuario.cl\/new\/wp-content\/uploads\/2023\/08\/PTI-3-scaled.jpeg\" \/>\n\t<meta property=\"og:image:width\" content=\"720\" \/>\n\t<meta property=\"og:image:height\" content=\"384\" \/>\n\t<meta property=\"og:image:type\" content=\"image\/jpeg\" \/>\n<meta name=\"author\" content=\"mundo\" \/>\n<meta name=\"twitter:card\" content=\"summary_large_image\" \/>\n<meta name=\"twitter:creator\" content=\"@MundoAgropecuar\" \/>\n<meta name=\"twitter:site\" content=\"@MundoAgropecuar\" \/>\n<meta name=\"twitter:label1\" content=\"Escrito por\" \/>\n\t<meta name=\"twitter:data1\" content=\"mundo\" \/>\n\t<meta name=\"twitter:label2\" content=\"Tiempo de lectura\" \/>\n\t<meta name=\"twitter:data2\" content=\"4 minutos\" \/>\n<script type=\"application\/ld+json\" class=\"yoast-schema-graph\">{\"@context\":\"https:\/\/schema.org\",\"@graph\":[{\"@type\":\"Article\",\"@id\":\"https:\/\/www.mundoagropecuario.cl\/new\/programa-territorial-de-la-carne-bovina-promueve-la-mancomunion-en-la-region-de-los-lagoa-lagos\/#article\",\"isPartOf\":{\"@id\":\"https:\/\/www.mundoagropecuario.cl\/new\/programa-territorial-de-la-carne-bovina-promueve-la-mancomunion-en-la-region-de-los-lagoa-lagos\/\"},\"author\":{\"name\":\"mundo\",\"@id\":\"https:\/\/www.mundoagropecuario.cl\/new\/#\/schema\/person\/4e9f74a82a7dac260eb1c44b7eebeb18\"},\"headline\":\"Programa Territorial de la Carne Bovina promueve la mancomuni\u00f3n en la Regi\u00f3n de Los Lagos\",\"datePublished\":\"2023-08-14T16:43:25+00:00\",\"dateModified\":\"2023-08-18T18:00:29+00:00\",\"mainEntityOfPage\":{\"@id\":\"https:\/\/www.mundoagropecuario.cl\/new\/programa-territorial-de-la-carne-bovina-promueve-la-mancomunion-en-la-region-de-los-lagoa-lagos\/\"},\"wordCount\":740,\"publisher\":{\"@id\":\"https:\/\/www.mundoagropecuario.cl\/new\/#organization\"},\"image\":{\"@id\":\"https:\/\/www.mundoagropecuario.cl\/new\/programa-territorial-de-la-carne-bovina-promueve-la-mancomunion-en-la-region-de-los-lagoa-lagos\/#primaryimage\"},\"thumbnailUrl\":\"https:\/\/www.mundoagropecuario.cl\/new\/wp-content\/uploads\/2023\/08\/PTI-3-scaled.jpeg\",\"keywords\":[\"Agricultura\",\"Agro\",\"amplitud c\u00e1rnica\",\"Corfo Los Lagos\",\"Ganado\",\"Programa Territorial de la Carne Bovina\",\"PTI\"],\"articleSection\":[\"Ganader\u00eda\"],\"inLanguage\":\"es\"},{\"@type\":\"WebPage\",\"@id\":\"https:\/\/www.mundoagropecuario.cl\/new\/programa-territorial-de-la-carne-bovina-promueve-la-mancomunion-en-la-region-de-los-lagoa-lagos\/\",\"url\":\"https:\/\/www.mundoagropecuario.cl\/new\/programa-territorial-de-la-carne-bovina-promueve-la-mancomunion-en-la-region-de-los-lagoa-lagos\/\",\"name\":\"Programa Territorial de la Carne Bovina promueve la mancomuni\u00f3n en la Regi\u00f3n de Los Lagos - Mundoagropecuario\",\"isPartOf\":{\"@id\":\"https:\/\/www.mundoagropecuario.cl\/new\/#website\"},\"primaryImageOfPage\":{\"@id\":\"https:\/\/www.mundoagropecuario.cl\/new\/programa-territorial-de-la-carne-bovina-promueve-la-mancomunion-en-la-region-de-los-lagoa-lagos\/#primaryimage\"},\"image\":{\"@id\":\"https:\/\/www.mundoagropecuario.cl\/new\/programa-territorial-de-la-carne-bovina-promueve-la-mancomunion-en-la-region-de-los-lagoa-lagos\/#primaryimage\"},\"thumbnailUrl\":\"https:\/\/www.mundoagropecuario.cl\/new\/wp-content\/uploads\/2023\/08\/PTI-3-scaled.jpeg\",\"datePublished\":\"2023-08-14T16:43:25+00:00\",\"dateModified\":\"2023-08-18T18:00:29+00:00\",\"description\":\"La actividad congreg\u00f3 a diversos protagonistas claves del sector, quienes tuvieron la oportunidad de conocer los progresos alcanzados.\",\"breadcrumb\":{\"@id\":\"https:\/\/www.mundoagropecuario.cl\/new\/programa-territorial-de-la-carne-bovina-promueve-la-mancomunion-en-la-region-de-los-lagoa-lagos\/#breadcrumb\"},\"inLanguage\":\"es\",\"potentialAction\":[{\"@type\":\"ReadAction\",\"target\":[\"https:\/\/www.mundoagropecuario.cl\/new\/programa-territorial-de-la-carne-bovina-promueve-la-mancomunion-en-la-region-de-los-lagoa-lagos\/\"]}]},{\"@type\":\"ImageObject\",\"inLanguage\":\"es\",\"@id\":\"https:\/\/www.mundoagropecuario.cl\/new\/programa-territorial-de-la-carne-bovina-promueve-la-mancomunion-en-la-region-de-los-lagoa-lagos\/#primaryimage\",\"url\":\"https:\/\/www.mundoagropecuario.cl\/new\/wp-content\/uploads\/2023\/08\/PTI-3-scaled.jpeg\",\"contentUrl\":\"https:\/\/www.mundoagropecuario.cl\/new\/wp-content\/uploads\/2023\/08\/PTI-3-scaled.jpeg\",\"width\":720,\"height\":384},{\"@type\":\"BreadcrumbList\",\"@id\":\"https:\/\/www.mundoagropecuario.cl\/new\/programa-territorial-de-la-carne-bovina-promueve-la-mancomunion-en-la-region-de-los-lagoa-lagos\/#breadcrumb\",\"itemListElement\":[{\"@type\":\"ListItem\",\"position\":1,\"name\":\"Portada\",\"item\":\"https:\/\/www.mundoagropecuario.cl\/new\/\"},{\"@type\":\"ListItem\",\"position\":2,\"name\":\"Programa Territorial de la Carne Bovina promueve la mancomuni\u00f3n en la Regi\u00f3n de Los Lagos\"}]},{\"@type\":\"WebSite\",\"@id\":\"https:\/\/www.mundoagropecuario.cl\/new\/#website\",\"url\":\"https:\/\/www.mundoagropecuario.cl\/new\/\",\"name\":\"Mundoagropecuario\",\"description\":\"Mundo Agropecuario\",\"publisher\":{\"@id\":\"https:\/\/www.mundoagropecuario.cl\/new\/#organization\"},\"potentialAction\":[{\"@type\":\"SearchAction\",\"target\":{\"@type\":\"EntryPoint\",\"urlTemplate\":\"https:\/\/www.mundoagropecuario.cl\/new\/?s={search_term_string}\"},\"query-input\":{\"@type\":\"PropertyValueSpecification\",\"valueRequired\":true,\"valueName\":\"search_term_string\"}}],\"inLanguage\":\"es\"},{\"@type\":\"Organization\",\"@id\":\"https:\/\/www.mundoagropecuario.cl\/new\/#organization\",\"name\":\"Revista de Agricultura\",\"url\":\"https:\/\/www.mundoagropecuario.cl\/new\/\",\"logo\":{\"@type\":\"ImageObject\",\"inLanguage\":\"es\",\"@id\":\"https:\/\/www.mundoagropecuario.cl\/new\/#\/schema\/logo\/image\/\",\"url\":\"https:\/\/www.mundoagropecuario.cl\/new\/wp-content\/uploads\/2020\/11\/PORTAL-1-1.png\",\"contentUrl\":\"https:\/\/www.mundoagropecuario.cl\/new\/wp-content\/uploads\/2020\/11\/PORTAL-1-1.png\",\"width\":1026,\"height\":100,\"caption\":\"Revista de Agricultura\"},\"image\":{\"@id\":\"https:\/\/www.mundoagropecuario.cl\/new\/#\/schema\/logo\/image\/\"},\"sameAs\":[\"https:\/\/www.facebook.com\/mundo.agropecuario.3\",\"https:\/\/x.com\/MundoAgropecuar\",\"https:\/\/www.linkedin.com\/in\/mundo-agropecuario-934009201\/\"]},{\"@type\":\"Person\",\"@id\":\"https:\/\/www.mundoagropecuario.cl\/new\/#\/schema\/person\/4e9f74a82a7dac260eb1c44b7eebeb18\",\"name\":\"mundo\",\"url\":\"https:\/\/www.mundoagropecuario.cl\/new\/author\/mundo\/\"}]}<\/script>\n<!-- \/ Yoast SEO plugin. -->","yoast_head_json":{"title":"Programa Territorial de la Carne Bovina promueve la mancomuni\u00f3n en la Regi\u00f3n de Los Lagos - Mundoagropecuario","description":"La actividad congreg\u00f3 a diversos protagonistas claves del sector, quienes tuvieron la oportunidad de conocer los progresos alcanzados.","robots":{"index":"index","follow":"follow","max-snippet":"max-snippet:-1","max-image-preview":"max-image-preview:large","max-video-preview":"max-video-preview:-1"},"canonical":"https:\/\/www.mundoagropecuario.cl\/new\/programa-territorial-de-la-carne-bovina-promueve-la-mancomunion-en-la-region-de-los-lagoa-lagos\/","og_locale":"es_ES","og_type":"article","og_title":"Programa Territorial de la Carne Bovina promueve la mancomuni\u00f3n en la Regi\u00f3n de Los Lagos - Mundoagropecuario","og_description":"La actividad congreg\u00f3 a diversos protagonistas claves del sector, quienes tuvieron la oportunidad de conocer los progresos alcanzados.","og_url":"https:\/\/www.mundoagropecuario.cl\/new\/programa-territorial-de-la-carne-bovina-promueve-la-mancomunion-en-la-region-de-los-lagoa-lagos\/","og_site_name":"Mundoagropecuario","article_publisher":"https:\/\/www.facebook.com\/mundo.agropecuario.3","article_published_time":"2023-08-14T16:43:25+00:00","article_modified_time":"2023-08-18T18:00:29+00:00","og_image":[{"width":720,"height":384,"url":"https:\/\/www.mundoagropecuario.cl\/new\/wp-content\/uploads\/2023\/08\/PTI-3-scaled.jpeg","type":"image\/jpeg"}],"author":"mundo","twitter_card":"summary_large_image","twitter_creator":"@MundoAgropecuar","twitter_site":"@MundoAgropecuar","twitter_misc":{"Escrito por":"mundo","Tiempo de lectura":"4 minutos"},"schema":{"@context":"https:\/\/schema.org","@graph":[{"@type":"Article","@id":"https:\/\/www.mundoagropecuario.cl\/new\/programa-territorial-de-la-carne-bovina-promueve-la-mancomunion-en-la-region-de-los-lagoa-lagos\/#article","isPartOf":{"@id":"https:\/\/www.mundoagropecuario.cl\/new\/programa-territorial-de-la-carne-bovina-promueve-la-mancomunion-en-la-region-de-los-lagoa-lagos\/"},"author":{"name":"mundo","@id":"https:\/\/www.mundoagropecuario.cl\/new\/#\/schema\/person\/4e9f74a82a7dac260eb1c44b7eebeb18"},"headline":"Programa Territorial de la Carne Bovina promueve la mancomuni\u00f3n en la Regi\u00f3n de Los Lagos","datePublished":"2023-08-14T16:43:25+00:00","dateModified":"2023-08-18T18:00:29+00:00","mainEntityOfPage":{"@id":"https:\/\/www.mundoagropecuario.cl\/new\/programa-territorial-de-la-carne-bovina-promueve-la-mancomunion-en-la-region-de-los-lagoa-lagos\/"},"wordCount":740,"publisher":{"@id":"https:\/\/www.mundoagropecuario.cl\/new\/#organization"},"image":{"@id":"https:\/\/www.mundoagropecuario.cl\/new\/programa-territorial-de-la-carne-bovina-promueve-la-mancomunion-en-la-region-de-los-lagoa-lagos\/#primaryimage"},"thumbnailUrl":"https:\/\/www.mundoagropecuario.cl\/new\/wp-content\/uploads\/2023\/08\/PTI-3-scaled.jpeg","keywords":["Agricultura","Agro","amplitud c\u00e1rnica","Corfo Los Lagos","Ganado","Programa Territorial de la Carne Bovina","PTI"],"articleSection":["Ganader\u00eda"],"inLanguage":"es"},{"@type":"WebPage","@id":"https:\/\/www.mundoagropecuario.cl\/new\/programa-territorial-de-la-carne-bovina-promueve-la-mancomunion-en-la-region-de-los-lagoa-lagos\/","url":"https:\/\/www.mundoagropecuario.cl\/new\/programa-territorial-de-la-carne-bovina-promueve-la-mancomunion-en-la-region-de-los-lagoa-lagos\/","name":"Programa Territorial de la Carne Bovina promueve la mancomuni\u00f3n en la Regi\u00f3n de Los Lagos - Mundoagropecuario","isPartOf":{"@id":"https:\/\/www.mundoagropecuario.cl\/new\/#website"},"primaryImageOfPage":{"@id":"https:\/\/www.mundoagropecuario.cl\/new\/programa-territorial-de-la-carne-bovina-promueve-la-mancomunion-en-la-region-de-los-lagoa-lagos\/#primaryimage"},"image":{"@id":"https:\/\/www.mundoagropecuario.cl\/new\/programa-territorial-de-la-carne-bovina-promueve-la-mancomunion-en-la-region-de-los-lagoa-lagos\/#primaryimage"},"thumbnailUrl":"https:\/\/www.mundoagropecuario.cl\/new\/wp-content\/uploads\/2023\/08\/PTI-3-scaled.jpeg","datePublished":"2023-08-14T16:43:25+00:00","dateModified":"2023-08-18T18:00:29+00:00","description":"La actividad congreg\u00f3 a diversos protagonistas claves del sector, quienes tuvieron la oportunidad de conocer los progresos alcanzados.","breadcrumb":{"@id":"https:\/\/www.mundoagropecuario.cl\/new\/programa-territorial-de-la-carne-bovina-promueve-la-mancomunion-en-la-region-de-los-lagoa-lagos\/#breadcrumb"},"inLanguage":"es","potentialAction":[{"@type":"ReadAction","target":["https:\/\/www.mundoagropecuario.cl\/new\/programa-territorial-de-la-carne-bovina-promueve-la-mancomunion-en-la-region-de-los-lagoa-lagos\/"]}]},{"@type":"ImageObject","inLanguage":"es","@id":"https:\/\/www.mundoagropecuario.cl\/new\/programa-territorial-de-la-carne-bovina-promueve-la-mancomunion-en-la-region-de-los-lagoa-lagos\/#primaryimage","url":"https:\/\/www.mundoagropecuario.cl\/new\/wp-content\/uploads\/2023\/08\/PTI-3-scaled.jpeg","contentUrl":"https:\/\/www.mundoagropecuario.cl\/new\/wp-content\/uploads\/2023\/08\/PTI-3-scaled.jpeg","width":720,"height":384},{"@type":"BreadcrumbList","@id":"https:\/\/www.mundoagropecuario.cl\/new\/programa-territorial-de-la-carne-bovina-promueve-la-mancomunion-en-la-region-de-los-lagoa-lagos\/#breadcrumb","itemListElement":[{"@type":"ListItem","position":1,"name":"Portada","item":"https:\/\/www.mundoagropecuario.cl\/new\/"},{"@type":"ListItem","position":2,"name":"Programa Territorial de la Carne Bovina promueve la mancomuni\u00f3n en la Regi\u00f3n de Los Lagos"}]},{"@type":"WebSite","@id":"https:\/\/www.mundoagropecuario.cl\/new\/#website","url":"https:\/\/www.mundoagropecuario.cl\/new\/","name":"Mundoagropecuario","description":"Mundo Agropecuario","publisher":{"@id":"https:\/\/www.mundoagropecuario.cl\/new\/#organization"},"potentialAction":[{"@type":"SearchAction","target":{"@type":"EntryPoint","urlTemplate":"https:\/\/www.mundoagropecuario.cl\/new\/?s={search_term_string}"},"query-input":{"@type":"PropertyValueSpecification","valueRequired":true,"valueName":"search_term_string"}}],"inLanguage":"es"},{"@type":"Organization","@id":"https:\/\/www.mundoagropecuario.cl\/new\/#organization","name":"Revista de Agricultura","url":"https:\/\/www.mundoagropecuario.cl\/new\/","logo":{"@type":"ImageObject","inLanguage":"es","@id":"https:\/\/www.mundoagropecuario.cl\/new\/#\/schema\/logo\/image\/","url":"https:\/\/www.mundoagropecuario.cl\/new\/wp-content\/uploads\/2020\/11\/PORTAL-1-1.png","contentUrl":"https:\/\/www.mundoagropecuario.cl\/new\/wp-content\/uploads\/2020\/11\/PORTAL-1-1.png","width":1026,"height":100,"caption":"Revista de Agricultura"},"image":{"@id":"https:\/\/www.mundoagropecuario.cl\/new\/#\/schema\/logo\/image\/"},"sameAs":["https:\/\/www.facebook.com\/mundo.agropecuario.3","https:\/\/x.com\/MundoAgropecuar","https:\/\/www.linkedin.com\/in\/mundo-agropecuario-934009201\/"]},{"@type":"Person","@id":"https:\/\/www.mundoagropecuario.cl\/new\/#\/schema\/person\/4e9f74a82a7dac260eb1c44b7eebeb18","name":"mundo","url":"https:\/\/www.mundoagropecuario.cl\/new\/author\/mundo\/"}]}},"_links":{"self":[{"href":"https:\/\/www.mundoagropecuario.cl\/new\/wp-json\/wp\/v2\/posts\/24526","targetHints":{"allow":["GET"]}}],"collection":[{"href":"https:\/\/www.mundoagropecuario.cl\/new\/wp-json\/wp\/v2\/posts"}],"about":[{"href":"https:\/\/www.mundoagropecuario.cl\/new\/wp-json\/wp\/v2\/types\/post"}],"author":[{"embeddable":true,"href":"https:\/\/www.mundoagropecuario.cl\/new\/wp-json\/wp\/v2\/users\/2"}],"replies":[{"embeddable":true,"href":"https:\/\/www.mundoagropecuario.cl\/new\/wp-json\/wp\/v2\/comments?post=24526"}],"version-history":[{"count":3,"href":"https:\/\/www.mundoagropecuario.cl\/new\/wp-json\/wp\/v2\/posts\/24526\/revisions"}],"predecessor-version":[{"id":24542,"href":"https:\/\/www.mundoagropecuario.cl\/new\/wp-json\/wp\/v2\/posts\/24526\/revisions\/24542"}],"wp:featuredmedia":[{"embeddable":true,"href":"https:\/\/www.mundoagropecuario.cl\/new\/wp-json\/wp\/v2\/media\/24528"}],"wp:attachment":[{"href":"https:\/\/www.mundoagropecuario.cl\/new\/wp-json\/wp\/v2\/media?parent=24526"}],"wp:term":[{"taxonomy":"category","embeddable":true,"href":"https:\/\/www.mundoagropecuario.cl\/new\/wp-json\/wp\/v2\/categories?post=24526"},{"taxonomy":"post_tag","embeddable":true,"href":"https:\/\/www.mundoagropecuario.cl\/new\/wp-json\/wp\/v2\/tags?post=24526"}],"curies":[{"name":"wp","href":"https:\/\/api.w.org\/{rel}","templated":true}]}}