{"id":24504,"date":"2023-08-08T13:53:09","date_gmt":"2023-08-08T16:53:09","guid":{"rendered":"https:\/\/www.mundoagropecuario.cl\/new\/?p=24504"},"modified":"2023-08-14T14:24:51","modified_gmt":"2023-08-14T17:24:51","slug":"con-una-alta-concurrencia-cooprinsem-realizo-su-encuentro-empresarial-2023","status":"publish","type":"post","link":"https:\/\/www.mundoagropecuario.cl\/new\/con-una-alta-concurrencia-cooprinsem-realizo-su-encuentro-empresarial-2023\/","title":{"rendered":"Con una alta concurrencia Cooprinsem realiz\u00f3 su Encuentro Empresarial 2023"},"content":{"rendered":"<p>En las dependencias del Hotel Termas Puyehue. Despu\u00e9s de un largo periodo de ausencia debido a la pandemia, m\u00e1s de 200 participantes, entre miembros del Consejo de Administraci\u00f3n, socios, gerentes, ejecutivos y profesionales de la cooperativa, se reunieron para vivir momentos y experiencias \u00fanicas, as\u00ed como participar en enriquecedoras charlas.<\/p>\n<p><a href=\"https:\/\/www.mundoagropecuario.cl\/new\/wp-content\/uploads\/2023\/08\/Cooprinsem-IMG_4946-scaled.jpg\"><img loading=\"lazy\" decoding=\"async\" class=\"alignright wp-image-24508 size-full\" src=\"https:\/\/www.mundoagropecuario.cl\/new\/wp-content\/uploads\/2023\/08\/Cooprinsem-IMG_4946-scaled.jpg\" alt=\"\" width=\"300\" height=\"400\" srcset=\"https:\/\/www.mundoagropecuario.cl\/new\/wp-content\/uploads\/2023\/08\/Cooprinsem-IMG_4946-scaled.jpg 300w, https:\/\/www.mundoagropecuario.cl\/new\/wp-content\/uploads\/2023\/08\/Cooprinsem-IMG_4946-100x133.jpg 100w\" sizes=\"auto, (max-width: 300px) 100vw, 300px\" \/><\/a>El evento se extendi\u00f3 por dos d\u00edas, comenzando con las palabras de bienvenida del presidente de Cooprinsem, Arturo Gebauer. La primera jornada cont\u00f3 con la destacada participaci\u00f3n de Franco Lotito, Doctor en Ciencias Humanas, Psic\u00f3logo y Profesor Universitario, quien ofreci\u00f3 una charla titulada &#8220;El Capital Humano y el Cuidado de la Salud Mental&#8221;, seguido por Cristi\u00e1n Warnken, Profesor de literatura, escritor y comunicador, quien cerr\u00f3 la jornada con su simposio &#8220;Navegar en la Incertidumbre: entre el miedo y la esperanza&#8221;.<\/p>\n<p>El segundo d\u00eda del evento arranc\u00f3 con la presentaci\u00f3n de Raphael Bergoeing, Ingeniero Comercial y Ph.D. en Econom\u00eda, quien comparti\u00f3 su perspectiva sobre la &#8220;Prosperidad: 3 mensajes desde la asociatividad&#8221;. A continuaci\u00f3n, Hugo Quatrochi, Ingeniero Agr\u00f3nomo, Consultor e Investigador del IFCN, cautiv\u00f3 a la audiencia con su charla &#8220;Liderazgo en Empresas Agr\u00edcolas: Aprendiendo de nuestros aciertos y errores&#8221;.<\/p>\n<p>El encargado de clausurar el encuentro fue el gerente general de Cooprinsem, Felipe Gottschalk, quien destac\u00f3 el \u00e9xito de la actividad y agradeci\u00f3 a todos los presentes por su compromiso y participaci\u00f3n en el evento.<\/p>\n<p>Arturo Gebauer, presidente de la cooperativa, coment\u00f3 que &#8220;la pandemia nos mantuvo alejados de estas jornadas durante tres a\u00f1os, las cuales son esperadas con entusiasmo por todos nuestros cooperados. Estos eventos representan una instancia de uni\u00f3n familiar y permiten abordar temas relevantes que nos benefician a todos, sin importar el tipo de negocio que tengamos. La experiencia ha sido tremendamente enriquecedora, al sacarnos temporalmente de nuestra rutina diaria y abrir nuestras mentes a nuevas perspectivas&#8221;.<\/p>\n<p><a href=\"https:\/\/www.mundoagropecuario.cl\/new\/wp-content\/uploads\/2023\/08\/Cooprinsem-DSC00079-scaled.jpg\"><img loading=\"lazy\" decoding=\"async\" class=\"alignleft wp-image-24506 \" src=\"https:\/\/www.mundoagropecuario.cl\/new\/wp-content\/uploads\/2023\/08\/Cooprinsem-DSC00079-scaled.jpg\" alt=\"\" width=\"505\" height=\"303\" \/><\/a>Por su parte, Felipe Gottschalk, Gerente General de Cooprinsem, resalt\u00f3 la singularidad de este evento, dise\u00f1ado de manera exclusiva para los socios de la cooperativa, congregando a cooperados desde Los \u00c1ngeles hasta Chilo\u00e9, quienes asistieron en compa\u00f1\u00eda de sus familias. &#8220;Esta edici\u00f3n conmemora la 15\u00aa versi\u00f3n, y en cada ocasi\u00f3n previa, hemos visto un gran inter\u00e9s por parte de nuestros cooperados por participar. Es un momento familiar, donde hemos querido abordar tem\u00e1ticas que nos permitan reflexionar y debatir de manera constructiva. As\u00ed, podemos compartir y fomentar el esp\u00edritu cooperativo que nos une a todos&#8221;.<\/p>\n<p>Asimismo, Christian Bollinger, Director de Cooprinsem, sostuvo que &#8220;siempre es bonito juntarse con los distintos cooperados. Es un momento que todos disfrutamos mucho, especialmente en un lugar como este, donde podemos compartir experiencias y conocer a otros agricultores. Todo eso contribuye a unirnos. El tema de la asociatividad es fundamental para seguir produciendo de forma eficiente y regulada, lo que conlleva muchos beneficios en cuanto a precios y temas t\u00e9cnicos\u201d.<\/p>\n<p>De esta manera, el 15\u00b0 Encuentro Empresarial de Cooprinsem se convirti\u00f3 en un espacio propicio para el aprendizaje, la reflexi\u00f3n y el fortalecimiento de los lazos entre los distintos actores de la cooperativa. Adem\u00e1s, fue una muestra clara del compromiso de la organizaci\u00f3n con el desarrollo humano y profesional de sus miembros, con el objetivo claro de enfrentar los desaf\u00edos presentes y futuros del sector.<\/p>\n<p><a href=\"https:\/\/www.mundoagropecuario.cl\/new\/wp-content\/uploads\/2023\/08\/Cooprinsem-IMG_1386-scaled.jpg\"><img loading=\"lazy\" decoding=\"async\" class=\"aligncenter wp-image-24505 size-full\" src=\"https:\/\/www.mundoagropecuario.cl\/new\/wp-content\/uploads\/2023\/08\/Cooprinsem-IMG_1386-scaled.jpg\" alt=\"\" width=\"720\" height=\"384\" srcset=\"https:\/\/www.mundoagropecuario.cl\/new\/wp-content\/uploads\/2023\/08\/Cooprinsem-IMG_1386-scaled.jpg 720w, https:\/\/www.mundoagropecuario.cl\/new\/wp-content\/uploads\/2023\/08\/Cooprinsem-IMG_1386-250x133.jpg 250w, https:\/\/www.mundoagropecuario.cl\/new\/wp-content\/uploads\/2023\/08\/Cooprinsem-IMG_1386-167x89.jpg 167w\" sizes=\"auto, (max-width: 720px) 100vw, 720px\" \/><\/a><\/p>\n","protected":false},"excerpt":{"rendered":"<p>Con expositores de primer nivel, Cooprinsem llev\u00f3 a cabo el pasado fin de semana su esperado 15\u00b0 Encuentro Empresarial 2023.<\/p>\n","protected":false},"author":2,"featured_media":24507,"comment_status":"closed","ping_status":"closed","sticky":false,"template":"","format":"standard","meta":{"footnotes":""},"categories":[1950],"tags":[2090,3127,3298,2261,8237,5154,8238],"class_list":["post-24504","post","type-post","status-publish","format-standard","has-post-thumbnail","hentry","category-empresa","tag-agricultura","tag-agro","tag-asociatividad","tag-cooprinsem","tag-cooprinsem-realizo-su-encuentro-empresarial-2023","tag-felipe-gottschalk","tag-hotel-termas-puyehue"],"yoast_head":"<!-- This site is optimized with the Yoast SEO plugin v26.6 - https:\/\/yoast.com\/wordpress\/plugins\/seo\/ -->\n<title>Con una alta concurrencia Cooprinsem realiz\u00f3 su Encuentro Empresarial 2023 - Mundoagropecuario<\/title>\n<meta name=\"description\" content=\"Con expositores de primer nivel, Cooprinsem llev\u00f3 a cabo el pasado fin de semana su esperado 15\u00b0 Encuentro Empresarial 2023.\" \/>\n<meta name=\"robots\" content=\"index, follow, max-snippet:-1, max-image-preview:large, max-video-preview:-1\" \/>\n<link rel=\"canonical\" href=\"https:\/\/www.mundoagropecuario.cl\/new\/con-una-alta-concurrencia-cooprinsem-realizo-su-encuentro-empresarial-2023\/\" \/>\n<meta property=\"og:locale\" content=\"es_ES\" \/>\n<meta property=\"og:type\" content=\"article\" \/>\n<meta property=\"og:title\" content=\"Con una alta concurrencia Cooprinsem realiz\u00f3 su Encuentro Empresarial 2023 - Mundoagropecuario\" \/>\n<meta property=\"og:description\" content=\"Con expositores de primer nivel, Cooprinsem llev\u00f3 a cabo el pasado fin de semana su esperado 15\u00b0 Encuentro Empresarial 2023.\" \/>\n<meta property=\"og:url\" content=\"https:\/\/www.mundoagropecuario.cl\/new\/con-una-alta-concurrencia-cooprinsem-realizo-su-encuentro-empresarial-2023\/\" \/>\n<meta property=\"og:site_name\" content=\"Mundoagropecuario\" \/>\n<meta property=\"article:publisher\" content=\"https:\/\/www.facebook.com\/mundo.agropecuario.3\" \/>\n<meta property=\"article:published_time\" content=\"2023-08-08T16:53:09+00:00\" \/>\n<meta property=\"article:modified_time\" content=\"2023-08-14T17:24:51+00:00\" \/>\n<meta property=\"og:image\" content=\"https:\/\/www.mundoagropecuario.cl\/new\/wp-content\/uploads\/2023\/08\/Cooprinsem-DSC00040-scaled.jpg\" \/>\n\t<meta property=\"og:image:width\" content=\"720\" \/>\n\t<meta property=\"og:image:height\" content=\"384\" \/>\n\t<meta property=\"og:image:type\" content=\"image\/jpeg\" \/>\n<meta name=\"author\" content=\"mundo\" \/>\n<meta name=\"twitter:card\" content=\"summary_large_image\" \/>\n<meta name=\"twitter:creator\" content=\"@MundoAgropecuar\" \/>\n<meta name=\"twitter:site\" content=\"@MundoAgropecuar\" \/>\n<meta name=\"twitter:label1\" content=\"Escrito por\" \/>\n\t<meta name=\"twitter:data1\" content=\"mundo\" \/>\n\t<meta name=\"twitter:label2\" content=\"Tiempo de lectura\" \/>\n\t<meta name=\"twitter:data2\" content=\"4 minutos\" \/>\n<script type=\"application\/ld+json\" class=\"yoast-schema-graph\">{\"@context\":\"https:\/\/schema.org\",\"@graph\":[{\"@type\":\"Article\",\"@id\":\"https:\/\/www.mundoagropecuario.cl\/new\/con-una-alta-concurrencia-cooprinsem-realizo-su-encuentro-empresarial-2023\/#article\",\"isPartOf\":{\"@id\":\"https:\/\/www.mundoagropecuario.cl\/new\/con-una-alta-concurrencia-cooprinsem-realizo-su-encuentro-empresarial-2023\/\"},\"author\":{\"name\":\"mundo\",\"@id\":\"https:\/\/www.mundoagropecuario.cl\/new\/#\/schema\/person\/4e9f74a82a7dac260eb1c44b7eebeb18\"},\"headline\":\"Con una alta concurrencia Cooprinsem realiz\u00f3 su Encuentro Empresarial 2023\",\"datePublished\":\"2023-08-08T16:53:09+00:00\",\"dateModified\":\"2023-08-14T17:24:51+00:00\",\"mainEntityOfPage\":{\"@id\":\"https:\/\/www.mundoagropecuario.cl\/new\/con-una-alta-concurrencia-cooprinsem-realizo-su-encuentro-empresarial-2023\/\"},\"wordCount\":562,\"publisher\":{\"@id\":\"https:\/\/www.mundoagropecuario.cl\/new\/#organization\"},\"image\":{\"@id\":\"https:\/\/www.mundoagropecuario.cl\/new\/con-una-alta-concurrencia-cooprinsem-realizo-su-encuentro-empresarial-2023\/#primaryimage\"},\"thumbnailUrl\":\"https:\/\/www.mundoagropecuario.cl\/new\/wp-content\/uploads\/2023\/08\/Cooprinsem-DSC00040-scaled.jpg\",\"keywords\":[\"Agricultura\",\"Agro\",\"asociatividad\",\"Cooprinsem\",\"Cooprinsem realiz\u00f3 su Encuentro Empresarial 2023\",\"Felipe Gottschalk\",\"Hotel Termas Puyehue\"],\"articleSection\":[\"Empresa\"],\"inLanguage\":\"es\"},{\"@type\":\"WebPage\",\"@id\":\"https:\/\/www.mundoagropecuario.cl\/new\/con-una-alta-concurrencia-cooprinsem-realizo-su-encuentro-empresarial-2023\/\",\"url\":\"https:\/\/www.mundoagropecuario.cl\/new\/con-una-alta-concurrencia-cooprinsem-realizo-su-encuentro-empresarial-2023\/\",\"name\":\"Con una alta concurrencia Cooprinsem realiz\u00f3 su Encuentro Empresarial 2023 - Mundoagropecuario\",\"isPartOf\":{\"@id\":\"https:\/\/www.mundoagropecuario.cl\/new\/#website\"},\"primaryImageOfPage\":{\"@id\":\"https:\/\/www.mundoagropecuario.cl\/new\/con-una-alta-concurrencia-cooprinsem-realizo-su-encuentro-empresarial-2023\/#primaryimage\"},\"image\":{\"@id\":\"https:\/\/www.mundoagropecuario.cl\/new\/con-una-alta-concurrencia-cooprinsem-realizo-su-encuentro-empresarial-2023\/#primaryimage\"},\"thumbnailUrl\":\"https:\/\/www.mundoagropecuario.cl\/new\/wp-content\/uploads\/2023\/08\/Cooprinsem-DSC00040-scaled.jpg\",\"datePublished\":\"2023-08-08T16:53:09+00:00\",\"dateModified\":\"2023-08-14T17:24:51+00:00\",\"description\":\"Con expositores de primer nivel, Cooprinsem llev\u00f3 a cabo el pasado fin de semana su esperado 15\u00b0 Encuentro Empresarial 2023.\",\"breadcrumb\":{\"@id\":\"https:\/\/www.mundoagropecuario.cl\/new\/con-una-alta-concurrencia-cooprinsem-realizo-su-encuentro-empresarial-2023\/#breadcrumb\"},\"inLanguage\":\"es\",\"potentialAction\":[{\"@type\":\"ReadAction\",\"target\":[\"https:\/\/www.mundoagropecuario.cl\/new\/con-una-alta-concurrencia-cooprinsem-realizo-su-encuentro-empresarial-2023\/\"]}]},{\"@type\":\"ImageObject\",\"inLanguage\":\"es\",\"@id\":\"https:\/\/www.mundoagropecuario.cl\/new\/con-una-alta-concurrencia-cooprinsem-realizo-su-encuentro-empresarial-2023\/#primaryimage\",\"url\":\"https:\/\/www.mundoagropecuario.cl\/new\/wp-content\/uploads\/2023\/08\/Cooprinsem-DSC00040-scaled.jpg\",\"contentUrl\":\"https:\/\/www.mundoagropecuario.cl\/new\/wp-content\/uploads\/2023\/08\/Cooprinsem-DSC00040-scaled.jpg\",\"width\":720,\"height\":384},{\"@type\":\"BreadcrumbList\",\"@id\":\"https:\/\/www.mundoagropecuario.cl\/new\/con-una-alta-concurrencia-cooprinsem-realizo-su-encuentro-empresarial-2023\/#breadcrumb\",\"itemListElement\":[{\"@type\":\"ListItem\",\"position\":1,\"name\":\"Portada\",\"item\":\"https:\/\/www.mundoagropecuario.cl\/new\/\"},{\"@type\":\"ListItem\",\"position\":2,\"name\":\"Con una alta concurrencia Cooprinsem realiz\u00f3 su Encuentro Empresarial 2023\"}]},{\"@type\":\"WebSite\",\"@id\":\"https:\/\/www.mundoagropecuario.cl\/new\/#website\",\"url\":\"https:\/\/www.mundoagropecuario.cl\/new\/\",\"name\":\"Mundoagropecuario\",\"description\":\"Mundo Agropecuario\",\"publisher\":{\"@id\":\"https:\/\/www.mundoagropecuario.cl\/new\/#organization\"},\"potentialAction\":[{\"@type\":\"SearchAction\",\"target\":{\"@type\":\"EntryPoint\",\"urlTemplate\":\"https:\/\/www.mundoagropecuario.cl\/new\/?s={search_term_string}\"},\"query-input\":{\"@type\":\"PropertyValueSpecification\",\"valueRequired\":true,\"valueName\":\"search_term_string\"}}],\"inLanguage\":\"es\"},{\"@type\":\"Organization\",\"@id\":\"https:\/\/www.mundoagropecuario.cl\/new\/#organization\",\"name\":\"Revista de Agricultura\",\"url\":\"https:\/\/www.mundoagropecuario.cl\/new\/\",\"logo\":{\"@type\":\"ImageObject\",\"inLanguage\":\"es\",\"@id\":\"https:\/\/www.mundoagropecuario.cl\/new\/#\/schema\/logo\/image\/\",\"url\":\"https:\/\/www.mundoagropecuario.cl\/new\/wp-content\/uploads\/2020\/11\/PORTAL-1-1.png\",\"contentUrl\":\"https:\/\/www.mundoagropecuario.cl\/new\/wp-content\/uploads\/2020\/11\/PORTAL-1-1.png\",\"width\":1026,\"height\":100,\"caption\":\"Revista de Agricultura\"},\"image\":{\"@id\":\"https:\/\/www.mundoagropecuario.cl\/new\/#\/schema\/logo\/image\/\"},\"sameAs\":[\"https:\/\/www.facebook.com\/mundo.agropecuario.3\",\"https:\/\/x.com\/MundoAgropecuar\",\"https:\/\/www.linkedin.com\/in\/mundo-agropecuario-934009201\/\"]},{\"@type\":\"Person\",\"@id\":\"https:\/\/www.mundoagropecuario.cl\/new\/#\/schema\/person\/4e9f74a82a7dac260eb1c44b7eebeb18\",\"name\":\"mundo\",\"url\":\"https:\/\/www.mundoagropecuario.cl\/new\/author\/mundo\/\"}]}<\/script>\n<!-- \/ Yoast SEO plugin. -->","yoast_head_json":{"title":"Con una alta concurrencia Cooprinsem realiz\u00f3 su Encuentro Empresarial 2023 - Mundoagropecuario","description":"Con expositores de primer nivel, Cooprinsem llev\u00f3 a cabo el pasado fin de semana su esperado 15\u00b0 Encuentro Empresarial 2023.","robots":{"index":"index","follow":"follow","max-snippet":"max-snippet:-1","max-image-preview":"max-image-preview:large","max-video-preview":"max-video-preview:-1"},"canonical":"https:\/\/www.mundoagropecuario.cl\/new\/con-una-alta-concurrencia-cooprinsem-realizo-su-encuentro-empresarial-2023\/","og_locale":"es_ES","og_type":"article","og_title":"Con una alta concurrencia Cooprinsem realiz\u00f3 su Encuentro Empresarial 2023 - Mundoagropecuario","og_description":"Con expositores de primer nivel, Cooprinsem llev\u00f3 a cabo el pasado fin de semana su esperado 15\u00b0 Encuentro Empresarial 2023.","og_url":"https:\/\/www.mundoagropecuario.cl\/new\/con-una-alta-concurrencia-cooprinsem-realizo-su-encuentro-empresarial-2023\/","og_site_name":"Mundoagropecuario","article_publisher":"https:\/\/www.facebook.com\/mundo.agropecuario.3","article_published_time":"2023-08-08T16:53:09+00:00","article_modified_time":"2023-08-14T17:24:51+00:00","og_image":[{"width":720,"height":384,"url":"https:\/\/www.mundoagropecuario.cl\/new\/wp-content\/uploads\/2023\/08\/Cooprinsem-DSC00040-scaled.jpg","type":"image\/jpeg"}],"author":"mundo","twitter_card":"summary_large_image","twitter_creator":"@MundoAgropecuar","twitter_site":"@MundoAgropecuar","twitter_misc":{"Escrito por":"mundo","Tiempo de lectura":"4 minutos"},"schema":{"@context":"https:\/\/schema.org","@graph":[{"@type":"Article","@id":"https:\/\/www.mundoagropecuario.cl\/new\/con-una-alta-concurrencia-cooprinsem-realizo-su-encuentro-empresarial-2023\/#article","isPartOf":{"@id":"https:\/\/www.mundoagropecuario.cl\/new\/con-una-alta-concurrencia-cooprinsem-realizo-su-encuentro-empresarial-2023\/"},"author":{"name":"mundo","@id":"https:\/\/www.mundoagropecuario.cl\/new\/#\/schema\/person\/4e9f74a82a7dac260eb1c44b7eebeb18"},"headline":"Con una alta concurrencia Cooprinsem realiz\u00f3 su Encuentro Empresarial 2023","datePublished":"2023-08-08T16:53:09+00:00","dateModified":"2023-08-14T17:24:51+00:00","mainEntityOfPage":{"@id":"https:\/\/www.mundoagropecuario.cl\/new\/con-una-alta-concurrencia-cooprinsem-realizo-su-encuentro-empresarial-2023\/"},"wordCount":562,"publisher":{"@id":"https:\/\/www.mundoagropecuario.cl\/new\/#organization"},"image":{"@id":"https:\/\/www.mundoagropecuario.cl\/new\/con-una-alta-concurrencia-cooprinsem-realizo-su-encuentro-empresarial-2023\/#primaryimage"},"thumbnailUrl":"https:\/\/www.mundoagropecuario.cl\/new\/wp-content\/uploads\/2023\/08\/Cooprinsem-DSC00040-scaled.jpg","keywords":["Agricultura","Agro","asociatividad","Cooprinsem","Cooprinsem realiz\u00f3 su Encuentro Empresarial 2023","Felipe Gottschalk","Hotel Termas Puyehue"],"articleSection":["Empresa"],"inLanguage":"es"},{"@type":"WebPage","@id":"https:\/\/www.mundoagropecuario.cl\/new\/con-una-alta-concurrencia-cooprinsem-realizo-su-encuentro-empresarial-2023\/","url":"https:\/\/www.mundoagropecuario.cl\/new\/con-una-alta-concurrencia-cooprinsem-realizo-su-encuentro-empresarial-2023\/","name":"Con una alta concurrencia Cooprinsem realiz\u00f3 su Encuentro Empresarial 2023 - Mundoagropecuario","isPartOf":{"@id":"https:\/\/www.mundoagropecuario.cl\/new\/#website"},"primaryImageOfPage":{"@id":"https:\/\/www.mundoagropecuario.cl\/new\/con-una-alta-concurrencia-cooprinsem-realizo-su-encuentro-empresarial-2023\/#primaryimage"},"image":{"@id":"https:\/\/www.mundoagropecuario.cl\/new\/con-una-alta-concurrencia-cooprinsem-realizo-su-encuentro-empresarial-2023\/#primaryimage"},"thumbnailUrl":"https:\/\/www.mundoagropecuario.cl\/new\/wp-content\/uploads\/2023\/08\/Cooprinsem-DSC00040-scaled.jpg","datePublished":"2023-08-08T16:53:09+00:00","dateModified":"2023-08-14T17:24:51+00:00","description":"Con expositores de primer nivel, Cooprinsem llev\u00f3 a cabo el pasado fin de semana su esperado 15\u00b0 Encuentro Empresarial 2023.","breadcrumb":{"@id":"https:\/\/www.mundoagropecuario.cl\/new\/con-una-alta-concurrencia-cooprinsem-realizo-su-encuentro-empresarial-2023\/#breadcrumb"},"inLanguage":"es","potentialAction":[{"@type":"ReadAction","target":["https:\/\/www.mundoagropecuario.cl\/new\/con-una-alta-concurrencia-cooprinsem-realizo-su-encuentro-empresarial-2023\/"]}]},{"@type":"ImageObject","inLanguage":"es","@id":"https:\/\/www.mundoagropecuario.cl\/new\/con-una-alta-concurrencia-cooprinsem-realizo-su-encuentro-empresarial-2023\/#primaryimage","url":"https:\/\/www.mundoagropecuario.cl\/new\/wp-content\/uploads\/2023\/08\/Cooprinsem-DSC00040-scaled.jpg","contentUrl":"https:\/\/www.mundoagropecuario.cl\/new\/wp-content\/uploads\/2023\/08\/Cooprinsem-DSC00040-scaled.jpg","width":720,"height":384},{"@type":"BreadcrumbList","@id":"https:\/\/www.mundoagropecuario.cl\/new\/con-una-alta-concurrencia-cooprinsem-realizo-su-encuentro-empresarial-2023\/#breadcrumb","itemListElement":[{"@type":"ListItem","position":1,"name":"Portada","item":"https:\/\/www.mundoagropecuario.cl\/new\/"},{"@type":"ListItem","position":2,"name":"Con una alta concurrencia Cooprinsem realiz\u00f3 su Encuentro Empresarial 2023"}]},{"@type":"WebSite","@id":"https:\/\/www.mundoagropecuario.cl\/new\/#website","url":"https:\/\/www.mundoagropecuario.cl\/new\/","name":"Mundoagropecuario","description":"Mundo Agropecuario","publisher":{"@id":"https:\/\/www.mundoagropecuario.cl\/new\/#organization"},"potentialAction":[{"@type":"SearchAction","target":{"@type":"EntryPoint","urlTemplate":"https:\/\/www.mundoagropecuario.cl\/new\/?s={search_term_string}"},"query-input":{"@type":"PropertyValueSpecification","valueRequired":true,"valueName":"search_term_string"}}],"inLanguage":"es"},{"@type":"Organization","@id":"https:\/\/www.mundoagropecuario.cl\/new\/#organization","name":"Revista de Agricultura","url":"https:\/\/www.mundoagropecuario.cl\/new\/","logo":{"@type":"ImageObject","inLanguage":"es","@id":"https:\/\/www.mundoagropecuario.cl\/new\/#\/schema\/logo\/image\/","url":"https:\/\/www.mundoagropecuario.cl\/new\/wp-content\/uploads\/2020\/11\/PORTAL-1-1.png","contentUrl":"https:\/\/www.mundoagropecuario.cl\/new\/wp-content\/uploads\/2020\/11\/PORTAL-1-1.png","width":1026,"height":100,"caption":"Revista de Agricultura"},"image":{"@id":"https:\/\/www.mundoagropecuario.cl\/new\/#\/schema\/logo\/image\/"},"sameAs":["https:\/\/www.facebook.com\/mundo.agropecuario.3","https:\/\/x.com\/MundoAgropecuar","https:\/\/www.linkedin.com\/in\/mundo-agropecuario-934009201\/"]},{"@type":"Person","@id":"https:\/\/www.mundoagropecuario.cl\/new\/#\/schema\/person\/4e9f74a82a7dac260eb1c44b7eebeb18","name":"mundo","url":"https:\/\/www.mundoagropecuario.cl\/new\/author\/mundo\/"}]}},"_links":{"self":[{"href":"https:\/\/www.mundoagropecuario.cl\/new\/wp-json\/wp\/v2\/posts\/24504","targetHints":{"allow":["GET"]}}],"collection":[{"href":"https:\/\/www.mundoagropecuario.cl\/new\/wp-json\/wp\/v2\/posts"}],"about":[{"href":"https:\/\/www.mundoagropecuario.cl\/new\/wp-json\/wp\/v2\/types\/post"}],"author":[{"embeddable":true,"href":"https:\/\/www.mundoagropecuario.cl\/new\/wp-json\/wp\/v2\/users\/2"}],"replies":[{"embeddable":true,"href":"https:\/\/www.mundoagropecuario.cl\/new\/wp-json\/wp\/v2\/comments?post=24504"}],"version-history":[{"count":1,"href":"https:\/\/www.mundoagropecuario.cl\/new\/wp-json\/wp\/v2\/posts\/24504\/revisions"}],"predecessor-version":[{"id":24509,"href":"https:\/\/www.mundoagropecuario.cl\/new\/wp-json\/wp\/v2\/posts\/24504\/revisions\/24509"}],"wp:featuredmedia":[{"embeddable":true,"href":"https:\/\/www.mundoagropecuario.cl\/new\/wp-json\/wp\/v2\/media\/24507"}],"wp:attachment":[{"href":"https:\/\/www.mundoagropecuario.cl\/new\/wp-json\/wp\/v2\/media?parent=24504"}],"wp:term":[{"taxonomy":"category","embeddable":true,"href":"https:\/\/www.mundoagropecuario.cl\/new\/wp-json\/wp\/v2\/categories?post=24504"},{"taxonomy":"post_tag","embeddable":true,"href":"https:\/\/www.mundoagropecuario.cl\/new\/wp-json\/wp\/v2\/tags?post=24504"}],"curies":[{"name":"wp","href":"https:\/\/api.w.org\/{rel}","templated":true}]}}