{"id":24477,"date":"2023-08-01T14:49:38","date_gmt":"2023-08-01T17:49:38","guid":{"rendered":"https:\/\/www.mundoagropecuario.cl\/new\/?p=24477"},"modified":"2023-08-08T14:11:59","modified_gmt":"2023-08-08T17:11:59","slug":"nuevo-directorio-de-fedefruta-reelige-a-jorge-valenzuela-como-presidente-del-gremio","status":"publish","type":"post","link":"https:\/\/www.mundoagropecuario.cl\/new\/nuevo-directorio-de-fedefruta-reelige-a-jorge-valenzuela-como-presidente-del-gremio\/","title":{"rendered":"Nuevo directorio de Fedefruta reelige a Jorge Valenzuela como presidente del gremio"},"content":{"rendered":"<p>Socios y consejeros del gremio que agrupa a m\u00e1s de 30 asociaciones rurales y regionales ligadas a la producci\u00f3n de fruta, acordaron dar la bienvenida a cuatro nuevos miembros a participar del directorio de Fedefruta. Ellos son Sergio Ruiz-Tagle, Productor y exportador del Valle de Copiap\u00f3, regi\u00f3n de atacama, Juan Enrique Prohens, representante de los fruticultores de la Regi\u00f3n de Coquimbo, \u00c1lvaro Gatica, arandanero y reconocido dirigente gremial de \u00d1uble, y Ricardo Vial, de la zona frutera de O&#8217;Higgins.<\/p>\n<p>Tras la Asamblea de Socios, dejaron su cargo de importantes directores que ha dado forma al desarrollo frut\u00edcola chileno en los \u00faltimos 30 a\u00f1os: los expresidentes de Fedefruta Juan Carolus Brown y Ram\u00f3n Achurra Larra\u00edn; Domingo Romero Cort\u00e9s, de ampl\u00edsima trayectoria gremial en instituciones como Fedefruta y la Sociedad Nacional de Agricultura, y el exvicepresidente Claudio Vergara Tagle.<\/p>\n<p>&#8220;Son protagonistas de la fruticultura chilena que han dedicado su tiempo y muchos a\u00f1os para el desarrollo de un sector que sostiene al campo chileno&#8221;, dijo el presidente reelecto Jorge Valenzuela, tras agradecer la confianza del nuevo directorio para continuar una gesti\u00f3n que abra una nueva era para el rubro. &#8220;Con ustedes como directores, han sido a\u00f1os de compartir visiones, afrontar desaf\u00edos y salir adelante con la resiliencia que siempre nos ha caracterizados frente a los grandes embates. Por favor, consideren los logros de Fedefruta y los avances de nuestra industria liderada por el gremio, como suyos&#8221;, manifest\u00f3 el l\u00edder de la fruta a los directores salientes.<\/p>\n<p><strong>Reelecci\u00f3n y ejes<\/strong><\/p>\n<p><a href=\"https:\/\/www.mundoagropecuario.cl\/new\/wp-content\/uploads\/2023\/08\/Fedefrutas2-scaled.jpeg\"><img loading=\"lazy\" decoding=\"async\" class=\"aligncenter wp-image-24478 size-full\" src=\"https:\/\/www.mundoagropecuario.cl\/new\/wp-content\/uploads\/2023\/08\/Fedefrutas2-scaled.jpeg\" alt=\"\" width=\"711\" height=\"400\" srcset=\"https:\/\/www.mundoagropecuario.cl\/new\/wp-content\/uploads\/2023\/08\/Fedefrutas2-scaled.jpeg 711w, https:\/\/www.mundoagropecuario.cl\/new\/wp-content\/uploads\/2023\/08\/Fedefrutas2-236x133.jpeg 236w\" sizes=\"auto, (max-width: 711px) 100vw, 711px\" \/><\/a><\/p>\n<p>Jorge Valenzuela, electo para un nuevo periodo a la cabeza del gremio frut\u00edcola, repas\u00f3 los grandes hitos de su gesti\u00f3n del 2022 incluyendo su actuar frente al primer proceso constituyente donde represent\u00f3 a los productores en el debate, su rol para dar a conocer los efectos de la convulsi\u00f3n log\u00edstica y alza de costos en el desfinanciamiento de muchos empresarios medianos y peque\u00f1os del rubro, y su participaci\u00f3n en contingencias como el paro de camioneros.<\/p>\n<p>&#8220;Debemos estar listos para varios frentes en este minuto&#8221;, dijo el presidente de Fedefruta. &#8220;Uno muy importante es prepararnos para la aplicaci\u00f3n de los protocolos de Systems Approach para la uva de mesa de Atacama Coquimbo y Valpara\u00edso&#8221;, indic\u00f3. &#8220;Es por eso que nos reforzamos con directores que producen fruta en el Copiap\u00f3 y Coquimbo, con experiencia y capacidad de compartir sus conocimientos con el resto de las zonas productivas. Como fe de fruta estamos muy expectantes de la publicaci\u00f3n final de esta norma que nos permitir\u00e1 producir sin necesidad de fumigar y lograr as\u00ed una oferta m\u00e1s competitiva que nos lleve a mejores resultados&#8221;.<\/p>\n<p><strong>Conversaci\u00f3n del nuevo directorio de Fedefruta con el ministro de Agricultura<\/strong><\/p>\n<p>En la primera sesi\u00f3n del directorio del gremio con los recientemente nombrados directores, Jorge Valenzuela invit\u00f3 al ministro de Agricultura Esteban Valenzuela para presentar a los nuevos representantes, y acordar una agenda de trabajo importante para enfrentar los temas que inquietan a los productores y las zonas rurales donde se desenvuelve el rubro frut\u00edcola.<\/p>\n<p>\u201cMuchas gracias a Fedefruta que sigue dirigida por mi coterr\u00e1neo Jorge Valenzuela de la Regi\u00f3n de O&#8217;Higgins, es maravilloso ver m\u00e1s j\u00f3venes agricultores en el nuevo directorio\u201d, se\u00f1al\u00f3 el ministro. \u201cEscuchamos la preocupaci\u00f3n por la seguridad h\u00eddrica, escuchamos sobre la lucha mucho m\u00e1s fuerte que tenemos que dar, de manera colaborativa, contra la mosca de la fruta y por la seguridad fitosanitaria de nuestro sector, y finalmente tambi\u00e9n trabajar con BancoEstado para hacer posible lo que el gremio ha pedido reiteradamente, que son cr\u00e9ditos de mediano y largo plazo. que permitan reconversi\u00f3n para algunos frutales que sean m\u00e1s competitivos, en este momento que a nivel mundial debemos seguir siendo l\u00edderes en exportaci\u00f3n de fruta\u201d.<\/p>\n<p>Para Jorge Valenzuela, fue muy importante la visita del ministro de Agricultura porque &#8220;es un directorio renovado, que tiene presencia desde Atacama hasta \u00d1uble, con gente joven y con muchas ganas de colaborar y participar del gremio&#8221;.<\/p>\n<p>&nbsp;<\/p>\n<p><strong>El nuevo directorio de Fedefruta est\u00e1 conformado por:<\/strong><\/p>\n<p>Presidente: Jorge Valenzuela<\/p>\n<p>1er Vicepresidenta: Carolina Dosal<\/p>\n<p>2ndo Vicepresidente: V\u00edctor Cat\u00e1n<\/p>\n<p>Tesorero: Felipe Rieutord<\/p>\n<p>Secretaria: Mar\u00eda In\u00e9s Figari<\/p>\n<p>Directores: Sergio Ruiz-Tagle, Juan Enrique Prohens, \u00c1lvaro Gatica, Ricardo Vial<\/p>\n","protected":false},"excerpt":{"rendered":"<p>Cambios relevantes que hablan de una nueva era para la fruticultura chilena, pero con la solvencia y credibilidad marcadas por liderazgos consolidados, se vivieron en la \u00faltima Asamblea de la Federaci\u00f3n de Productores de Frutas de Chile (Fedefruta).<\/p>\n","protected":false},"author":2,"featured_media":24479,"comment_status":"closed","ping_status":"closed","sticky":false,"template":"","format":"standard","meta":{"footnotes":""},"categories":[1945],"tags":[2090,3127,8218,4365,8217,8219,3913],"class_list":["post-24477","post","type-post","status-publish","format-standard","has-post-thumbnail","hentry","category-agricultura","tag-agricultura","tag-agro","tag-fedefruta-y-la-sociedad-nacional-de-agricultura","tag-fedefrutas","tag-nuevo-directorio-de-fedefruta","tag-presidente-reelecto-jorge-valenzuela","tag-systems-approach"],"yoast_head":"<!-- This site is optimized with the Yoast SEO plugin v26.6 - https:\/\/yoast.com\/wordpress\/plugins\/seo\/ -->\n<title>Nuevo directorio de Fedefruta reelige a Jorge Valenzuela como presidente del gremio - Mundoagropecuario<\/title>\n<meta name=\"description\" content=\"Cambios relevantes que hablan de una nueva era para la fruticultura chilena, pero con la solvencia y credibilidad marcadas por liderazgos.\" \/>\n<meta name=\"robots\" content=\"index, follow, max-snippet:-1, max-image-preview:large, max-video-preview:-1\" \/>\n<link rel=\"canonical\" href=\"https:\/\/www.mundoagropecuario.cl\/new\/nuevo-directorio-de-fedefruta-reelige-a-jorge-valenzuela-como-presidente-del-gremio\/\" \/>\n<meta property=\"og:locale\" content=\"es_ES\" \/>\n<meta property=\"og:type\" content=\"article\" \/>\n<meta property=\"og:title\" content=\"Nuevo directorio de Fedefruta reelige a Jorge Valenzuela como presidente del gremio - Mundoagropecuario\" \/>\n<meta property=\"og:description\" content=\"Cambios relevantes que hablan de una nueva era para la fruticultura chilena, pero con la solvencia y credibilidad marcadas por liderazgos.\" \/>\n<meta property=\"og:url\" content=\"https:\/\/www.mundoagropecuario.cl\/new\/nuevo-directorio-de-fedefruta-reelige-a-jorge-valenzuela-como-presidente-del-gremio\/\" \/>\n<meta property=\"og:site_name\" content=\"Mundoagropecuario\" \/>\n<meta property=\"article:publisher\" content=\"https:\/\/www.facebook.com\/mundo.agropecuario.3\" \/>\n<meta property=\"article:published_time\" content=\"2023-08-01T17:49:38+00:00\" \/>\n<meta property=\"article:modified_time\" content=\"2023-08-08T17:11:59+00:00\" \/>\n<meta property=\"og:image\" content=\"https:\/\/www.mundoagropecuario.cl\/new\/wp-content\/uploads\/2023\/08\/Fedefrutas-scaled.jpeg\" \/>\n\t<meta property=\"og:image:width\" content=\"711\" \/>\n\t<meta property=\"og:image:height\" content=\"400\" \/>\n\t<meta property=\"og:image:type\" content=\"image\/jpeg\" \/>\n<meta name=\"author\" content=\"mundo\" \/>\n<meta name=\"twitter:card\" content=\"summary_large_image\" \/>\n<meta name=\"twitter:creator\" content=\"@MundoAgropecuar\" \/>\n<meta name=\"twitter:site\" content=\"@MundoAgropecuar\" \/>\n<meta name=\"twitter:label1\" content=\"Escrito por\" \/>\n\t<meta name=\"twitter:data1\" content=\"mundo\" \/>\n\t<meta name=\"twitter:label2\" content=\"Tiempo de lectura\" \/>\n\t<meta name=\"twitter:data2\" content=\"4 minutos\" \/>\n<script type=\"application\/ld+json\" class=\"yoast-schema-graph\">{\"@context\":\"https:\/\/schema.org\",\"@graph\":[{\"@type\":\"Article\",\"@id\":\"https:\/\/www.mundoagropecuario.cl\/new\/nuevo-directorio-de-fedefruta-reelige-a-jorge-valenzuela-como-presidente-del-gremio\/#article\",\"isPartOf\":{\"@id\":\"https:\/\/www.mundoagropecuario.cl\/new\/nuevo-directorio-de-fedefruta-reelige-a-jorge-valenzuela-como-presidente-del-gremio\/\"},\"author\":{\"name\":\"mundo\",\"@id\":\"https:\/\/www.mundoagropecuario.cl\/new\/#\/schema\/person\/4e9f74a82a7dac260eb1c44b7eebeb18\"},\"headline\":\"Nuevo directorio de Fedefruta reelige a Jorge Valenzuela como presidente del gremio\",\"datePublished\":\"2023-08-01T17:49:38+00:00\",\"dateModified\":\"2023-08-08T17:11:59+00:00\",\"mainEntityOfPage\":{\"@id\":\"https:\/\/www.mundoagropecuario.cl\/new\/nuevo-directorio-de-fedefruta-reelige-a-jorge-valenzuela-como-presidente-del-gremio\/\"},\"wordCount\":736,\"publisher\":{\"@id\":\"https:\/\/www.mundoagropecuario.cl\/new\/#organization\"},\"image\":{\"@id\":\"https:\/\/www.mundoagropecuario.cl\/new\/nuevo-directorio-de-fedefruta-reelige-a-jorge-valenzuela-como-presidente-del-gremio\/#primaryimage\"},\"thumbnailUrl\":\"https:\/\/www.mundoagropecuario.cl\/new\/wp-content\/uploads\/2023\/08\/Fedefrutas-scaled.jpeg\",\"keywords\":[\"Agricultura\",\"Agro\",\"Fedefruta y la Sociedad Nacional de Agricultura\",\"Fedefrutas\",\"Nuevo directorio de Fedefruta\",\"presidente reelecto Jorge Valenzuela\",\"Systems Approach\"],\"articleSection\":[\"Agricultura\"],\"inLanguage\":\"es\"},{\"@type\":\"WebPage\",\"@id\":\"https:\/\/www.mundoagropecuario.cl\/new\/nuevo-directorio-de-fedefruta-reelige-a-jorge-valenzuela-como-presidente-del-gremio\/\",\"url\":\"https:\/\/www.mundoagropecuario.cl\/new\/nuevo-directorio-de-fedefruta-reelige-a-jorge-valenzuela-como-presidente-del-gremio\/\",\"name\":\"Nuevo directorio de Fedefruta reelige a Jorge Valenzuela como presidente del gremio - Mundoagropecuario\",\"isPartOf\":{\"@id\":\"https:\/\/www.mundoagropecuario.cl\/new\/#website\"},\"primaryImageOfPage\":{\"@id\":\"https:\/\/www.mundoagropecuario.cl\/new\/nuevo-directorio-de-fedefruta-reelige-a-jorge-valenzuela-como-presidente-del-gremio\/#primaryimage\"},\"image\":{\"@id\":\"https:\/\/www.mundoagropecuario.cl\/new\/nuevo-directorio-de-fedefruta-reelige-a-jorge-valenzuela-como-presidente-del-gremio\/#primaryimage\"},\"thumbnailUrl\":\"https:\/\/www.mundoagropecuario.cl\/new\/wp-content\/uploads\/2023\/08\/Fedefrutas-scaled.jpeg\",\"datePublished\":\"2023-08-01T17:49:38+00:00\",\"dateModified\":\"2023-08-08T17:11:59+00:00\",\"description\":\"Cambios relevantes que hablan de una nueva era para la fruticultura chilena, pero con la solvencia y credibilidad marcadas por liderazgos.\",\"breadcrumb\":{\"@id\":\"https:\/\/www.mundoagropecuario.cl\/new\/nuevo-directorio-de-fedefruta-reelige-a-jorge-valenzuela-como-presidente-del-gremio\/#breadcrumb\"},\"inLanguage\":\"es\",\"potentialAction\":[{\"@type\":\"ReadAction\",\"target\":[\"https:\/\/www.mundoagropecuario.cl\/new\/nuevo-directorio-de-fedefruta-reelige-a-jorge-valenzuela-como-presidente-del-gremio\/\"]}]},{\"@type\":\"ImageObject\",\"inLanguage\":\"es\",\"@id\":\"https:\/\/www.mundoagropecuario.cl\/new\/nuevo-directorio-de-fedefruta-reelige-a-jorge-valenzuela-como-presidente-del-gremio\/#primaryimage\",\"url\":\"https:\/\/www.mundoagropecuario.cl\/new\/wp-content\/uploads\/2023\/08\/Fedefrutas-scaled.jpeg\",\"contentUrl\":\"https:\/\/www.mundoagropecuario.cl\/new\/wp-content\/uploads\/2023\/08\/Fedefrutas-scaled.jpeg\",\"width\":711,\"height\":400},{\"@type\":\"BreadcrumbList\",\"@id\":\"https:\/\/www.mundoagropecuario.cl\/new\/nuevo-directorio-de-fedefruta-reelige-a-jorge-valenzuela-como-presidente-del-gremio\/#breadcrumb\",\"itemListElement\":[{\"@type\":\"ListItem\",\"position\":1,\"name\":\"Portada\",\"item\":\"https:\/\/www.mundoagropecuario.cl\/new\/\"},{\"@type\":\"ListItem\",\"position\":2,\"name\":\"Nuevo directorio de Fedefruta reelige a Jorge Valenzuela como presidente del gremio\"}]},{\"@type\":\"WebSite\",\"@id\":\"https:\/\/www.mundoagropecuario.cl\/new\/#website\",\"url\":\"https:\/\/www.mundoagropecuario.cl\/new\/\",\"name\":\"Mundoagropecuario\",\"description\":\"Mundo Agropecuario\",\"publisher\":{\"@id\":\"https:\/\/www.mundoagropecuario.cl\/new\/#organization\"},\"potentialAction\":[{\"@type\":\"SearchAction\",\"target\":{\"@type\":\"EntryPoint\",\"urlTemplate\":\"https:\/\/www.mundoagropecuario.cl\/new\/?s={search_term_string}\"},\"query-input\":{\"@type\":\"PropertyValueSpecification\",\"valueRequired\":true,\"valueName\":\"search_term_string\"}}],\"inLanguage\":\"es\"},{\"@type\":\"Organization\",\"@id\":\"https:\/\/www.mundoagropecuario.cl\/new\/#organization\",\"name\":\"Revista de Agricultura\",\"url\":\"https:\/\/www.mundoagropecuario.cl\/new\/\",\"logo\":{\"@type\":\"ImageObject\",\"inLanguage\":\"es\",\"@id\":\"https:\/\/www.mundoagropecuario.cl\/new\/#\/schema\/logo\/image\/\",\"url\":\"https:\/\/www.mundoagropecuario.cl\/new\/wp-content\/uploads\/2020\/11\/PORTAL-1-1.png\",\"contentUrl\":\"https:\/\/www.mundoagropecuario.cl\/new\/wp-content\/uploads\/2020\/11\/PORTAL-1-1.png\",\"width\":1026,\"height\":100,\"caption\":\"Revista de Agricultura\"},\"image\":{\"@id\":\"https:\/\/www.mundoagropecuario.cl\/new\/#\/schema\/logo\/image\/\"},\"sameAs\":[\"https:\/\/www.facebook.com\/mundo.agropecuario.3\",\"https:\/\/x.com\/MundoAgropecuar\",\"https:\/\/www.linkedin.com\/in\/mundo-agropecuario-934009201\/\"]},{\"@type\":\"Person\",\"@id\":\"https:\/\/www.mundoagropecuario.cl\/new\/#\/schema\/person\/4e9f74a82a7dac260eb1c44b7eebeb18\",\"name\":\"mundo\",\"url\":\"https:\/\/www.mundoagropecuario.cl\/new\/author\/mundo\/\"}]}<\/script>\n<!-- \/ Yoast SEO plugin. -->","yoast_head_json":{"title":"Nuevo directorio de Fedefruta reelige a Jorge Valenzuela como presidente del gremio - Mundoagropecuario","description":"Cambios relevantes que hablan de una nueva era para la fruticultura chilena, pero con la solvencia y credibilidad marcadas por liderazgos.","robots":{"index":"index","follow":"follow","max-snippet":"max-snippet:-1","max-image-preview":"max-image-preview:large","max-video-preview":"max-video-preview:-1"},"canonical":"https:\/\/www.mundoagropecuario.cl\/new\/nuevo-directorio-de-fedefruta-reelige-a-jorge-valenzuela-como-presidente-del-gremio\/","og_locale":"es_ES","og_type":"article","og_title":"Nuevo directorio de Fedefruta reelige a Jorge Valenzuela como presidente del gremio - Mundoagropecuario","og_description":"Cambios relevantes que hablan de una nueva era para la fruticultura chilena, pero con la solvencia y credibilidad marcadas por liderazgos.","og_url":"https:\/\/www.mundoagropecuario.cl\/new\/nuevo-directorio-de-fedefruta-reelige-a-jorge-valenzuela-como-presidente-del-gremio\/","og_site_name":"Mundoagropecuario","article_publisher":"https:\/\/www.facebook.com\/mundo.agropecuario.3","article_published_time":"2023-08-01T17:49:38+00:00","article_modified_time":"2023-08-08T17:11:59+00:00","og_image":[{"width":711,"height":400,"url":"https:\/\/www.mundoagropecuario.cl\/new\/wp-content\/uploads\/2023\/08\/Fedefrutas-scaled.jpeg","type":"image\/jpeg"}],"author":"mundo","twitter_card":"summary_large_image","twitter_creator":"@MundoAgropecuar","twitter_site":"@MundoAgropecuar","twitter_misc":{"Escrito por":"mundo","Tiempo de lectura":"4 minutos"},"schema":{"@context":"https:\/\/schema.org","@graph":[{"@type":"Article","@id":"https:\/\/www.mundoagropecuario.cl\/new\/nuevo-directorio-de-fedefruta-reelige-a-jorge-valenzuela-como-presidente-del-gremio\/#article","isPartOf":{"@id":"https:\/\/www.mundoagropecuario.cl\/new\/nuevo-directorio-de-fedefruta-reelige-a-jorge-valenzuela-como-presidente-del-gremio\/"},"author":{"name":"mundo","@id":"https:\/\/www.mundoagropecuario.cl\/new\/#\/schema\/person\/4e9f74a82a7dac260eb1c44b7eebeb18"},"headline":"Nuevo directorio de Fedefruta reelige a Jorge Valenzuela como presidente del gremio","datePublished":"2023-08-01T17:49:38+00:00","dateModified":"2023-08-08T17:11:59+00:00","mainEntityOfPage":{"@id":"https:\/\/www.mundoagropecuario.cl\/new\/nuevo-directorio-de-fedefruta-reelige-a-jorge-valenzuela-como-presidente-del-gremio\/"},"wordCount":736,"publisher":{"@id":"https:\/\/www.mundoagropecuario.cl\/new\/#organization"},"image":{"@id":"https:\/\/www.mundoagropecuario.cl\/new\/nuevo-directorio-de-fedefruta-reelige-a-jorge-valenzuela-como-presidente-del-gremio\/#primaryimage"},"thumbnailUrl":"https:\/\/www.mundoagropecuario.cl\/new\/wp-content\/uploads\/2023\/08\/Fedefrutas-scaled.jpeg","keywords":["Agricultura","Agro","Fedefruta y la Sociedad Nacional de Agricultura","Fedefrutas","Nuevo directorio de Fedefruta","presidente reelecto Jorge Valenzuela","Systems Approach"],"articleSection":["Agricultura"],"inLanguage":"es"},{"@type":"WebPage","@id":"https:\/\/www.mundoagropecuario.cl\/new\/nuevo-directorio-de-fedefruta-reelige-a-jorge-valenzuela-como-presidente-del-gremio\/","url":"https:\/\/www.mundoagropecuario.cl\/new\/nuevo-directorio-de-fedefruta-reelige-a-jorge-valenzuela-como-presidente-del-gremio\/","name":"Nuevo directorio de Fedefruta reelige a Jorge Valenzuela como presidente del gremio - Mundoagropecuario","isPartOf":{"@id":"https:\/\/www.mundoagropecuario.cl\/new\/#website"},"primaryImageOfPage":{"@id":"https:\/\/www.mundoagropecuario.cl\/new\/nuevo-directorio-de-fedefruta-reelige-a-jorge-valenzuela-como-presidente-del-gremio\/#primaryimage"},"image":{"@id":"https:\/\/www.mundoagropecuario.cl\/new\/nuevo-directorio-de-fedefruta-reelige-a-jorge-valenzuela-como-presidente-del-gremio\/#primaryimage"},"thumbnailUrl":"https:\/\/www.mundoagropecuario.cl\/new\/wp-content\/uploads\/2023\/08\/Fedefrutas-scaled.jpeg","datePublished":"2023-08-01T17:49:38+00:00","dateModified":"2023-08-08T17:11:59+00:00","description":"Cambios relevantes que hablan de una nueva era para la fruticultura chilena, pero con la solvencia y credibilidad marcadas por liderazgos.","breadcrumb":{"@id":"https:\/\/www.mundoagropecuario.cl\/new\/nuevo-directorio-de-fedefruta-reelige-a-jorge-valenzuela-como-presidente-del-gremio\/#breadcrumb"},"inLanguage":"es","potentialAction":[{"@type":"ReadAction","target":["https:\/\/www.mundoagropecuario.cl\/new\/nuevo-directorio-de-fedefruta-reelige-a-jorge-valenzuela-como-presidente-del-gremio\/"]}]},{"@type":"ImageObject","inLanguage":"es","@id":"https:\/\/www.mundoagropecuario.cl\/new\/nuevo-directorio-de-fedefruta-reelige-a-jorge-valenzuela-como-presidente-del-gremio\/#primaryimage","url":"https:\/\/www.mundoagropecuario.cl\/new\/wp-content\/uploads\/2023\/08\/Fedefrutas-scaled.jpeg","contentUrl":"https:\/\/www.mundoagropecuario.cl\/new\/wp-content\/uploads\/2023\/08\/Fedefrutas-scaled.jpeg","width":711,"height":400},{"@type":"BreadcrumbList","@id":"https:\/\/www.mundoagropecuario.cl\/new\/nuevo-directorio-de-fedefruta-reelige-a-jorge-valenzuela-como-presidente-del-gremio\/#breadcrumb","itemListElement":[{"@type":"ListItem","position":1,"name":"Portada","item":"https:\/\/www.mundoagropecuario.cl\/new\/"},{"@type":"ListItem","position":2,"name":"Nuevo directorio de Fedefruta reelige a Jorge Valenzuela como presidente del gremio"}]},{"@type":"WebSite","@id":"https:\/\/www.mundoagropecuario.cl\/new\/#website","url":"https:\/\/www.mundoagropecuario.cl\/new\/","name":"Mundoagropecuario","description":"Mundo Agropecuario","publisher":{"@id":"https:\/\/www.mundoagropecuario.cl\/new\/#organization"},"potentialAction":[{"@type":"SearchAction","target":{"@type":"EntryPoint","urlTemplate":"https:\/\/www.mundoagropecuario.cl\/new\/?s={search_term_string}"},"query-input":{"@type":"PropertyValueSpecification","valueRequired":true,"valueName":"search_term_string"}}],"inLanguage":"es"},{"@type":"Organization","@id":"https:\/\/www.mundoagropecuario.cl\/new\/#organization","name":"Revista de Agricultura","url":"https:\/\/www.mundoagropecuario.cl\/new\/","logo":{"@type":"ImageObject","inLanguage":"es","@id":"https:\/\/www.mundoagropecuario.cl\/new\/#\/schema\/logo\/image\/","url":"https:\/\/www.mundoagropecuario.cl\/new\/wp-content\/uploads\/2020\/11\/PORTAL-1-1.png","contentUrl":"https:\/\/www.mundoagropecuario.cl\/new\/wp-content\/uploads\/2020\/11\/PORTAL-1-1.png","width":1026,"height":100,"caption":"Revista de Agricultura"},"image":{"@id":"https:\/\/www.mundoagropecuario.cl\/new\/#\/schema\/logo\/image\/"},"sameAs":["https:\/\/www.facebook.com\/mundo.agropecuario.3","https:\/\/x.com\/MundoAgropecuar","https:\/\/www.linkedin.com\/in\/mundo-agropecuario-934009201\/"]},{"@type":"Person","@id":"https:\/\/www.mundoagropecuario.cl\/new\/#\/schema\/person\/4e9f74a82a7dac260eb1c44b7eebeb18","name":"mundo","url":"https:\/\/www.mundoagropecuario.cl\/new\/author\/mundo\/"}]}},"_links":{"self":[{"href":"https:\/\/www.mundoagropecuario.cl\/new\/wp-json\/wp\/v2\/posts\/24477","targetHints":{"allow":["GET"]}}],"collection":[{"href":"https:\/\/www.mundoagropecuario.cl\/new\/wp-json\/wp\/v2\/posts"}],"about":[{"href":"https:\/\/www.mundoagropecuario.cl\/new\/wp-json\/wp\/v2\/types\/post"}],"author":[{"embeddable":true,"href":"https:\/\/www.mundoagropecuario.cl\/new\/wp-json\/wp\/v2\/users\/2"}],"replies":[{"embeddable":true,"href":"https:\/\/www.mundoagropecuario.cl\/new\/wp-json\/wp\/v2\/comments?post=24477"}],"version-history":[{"count":1,"href":"https:\/\/www.mundoagropecuario.cl\/new\/wp-json\/wp\/v2\/posts\/24477\/revisions"}],"predecessor-version":[{"id":24480,"href":"https:\/\/www.mundoagropecuario.cl\/new\/wp-json\/wp\/v2\/posts\/24477\/revisions\/24480"}],"wp:featuredmedia":[{"embeddable":true,"href":"https:\/\/www.mundoagropecuario.cl\/new\/wp-json\/wp\/v2\/media\/24479"}],"wp:attachment":[{"href":"https:\/\/www.mundoagropecuario.cl\/new\/wp-json\/wp\/v2\/media?parent=24477"}],"wp:term":[{"taxonomy":"category","embeddable":true,"href":"https:\/\/www.mundoagropecuario.cl\/new\/wp-json\/wp\/v2\/categories?post=24477"},{"taxonomy":"post_tag","embeddable":true,"href":"https:\/\/www.mundoagropecuario.cl\/new\/wp-json\/wp\/v2\/tags?post=24477"}],"curies":[{"name":"wp","href":"https:\/\/api.w.org\/{rel}","templated":true}]}}