{"id":24361,"date":"2023-07-10T12:37:21","date_gmt":"2023-07-10T15:37:21","guid":{"rendered":"https:\/\/www.mundoagropecuario.cl\/new\/?p=24361"},"modified":"2023-07-17T13:12:28","modified_gmt":"2023-07-17T16:12:28","slug":"pti-de-la-carne-bovina-avanza-en-su-crecimiento-y-expande-sus-redes-para-potenciar-el-sector","status":"publish","type":"post","link":"https:\/\/www.mundoagropecuario.cl\/new\/pti-de-la-carne-bovina-avanza-en-su-crecimiento-y-expande-sus-redes-para-potenciar-el-sector\/","title":{"rendered":"PTI de la Carne Bovina avanza en su crecimiento y expande sus redes para potenciar el sector"},"content":{"rendered":"<p>Esta semana, en el Club Par\u00eds de Purranque, se llev\u00f3 a cabo una nueva reuni\u00f3n h\u00edbrida de trabajo de Gobernanza del Programa Territorial Integrado (PTI) de la Carne Bovina de la regi\u00f3n de Los Lagos. Esta iniciativa, impulsada por Corfo, cuenta con la participaci\u00f3n de diversas entidades privadas y p\u00fablicas, como la Seremi de Agricultura, Corfo, la divisi\u00f3n de fomento productivo del Gobierno Regional, INDAP, SAG, Prochile, cooperativas, productores, asociaciones gremiales y acad\u00e9micos de la Universidad de Los Lagos, entre otros.<\/p>\n<p>Durante esta jornada, se busc\u00f3 continuar posicionando al PTI como una entidad importante en el sector, adem\u00e1s de dar a conocer los avances que se ha venido desarrollando a lo largo del tiempo. Todo esto con el objetivo de incrementar la comercializaci\u00f3n nacional y las exportaciones de productos c\u00e1rnicos provenientes de los sistemas productivos ganaderos de la regi\u00f3n, fortaleciendo el encadenamiento productivo y comercial de la cadena c\u00e1rnica regional.<\/p>\n<p>De esta manera, la reuni\u00f3n comenz\u00f3 con palabras del Director Regional de Corfo Los Lagos, Gabriel P\u00e9rez, seguido de Jorge Garrido, Gestor del PTI de la Carne Bovina de la regi\u00f3n de Los Lagos, quien dio a conocer los avances que ha tenido el programa, adem\u00e1s de lo que ser\u00e1 la Feria Food &amp; Service, encuentro B2B que permite generar nuevas oportunidades de negocios y estrechar v\u00ednculos con socios comerciales.<\/p>\n<p><a href=\"https:\/\/www.mundoagropecuario.cl\/new\/wp-content\/uploads\/2023\/07\/PTI-I-scaled.jpg\"><img loading=\"lazy\" decoding=\"async\" class=\"wp-image-24363 alignright\" src=\"https:\/\/www.mundoagropecuario.cl\/new\/wp-content\/uploads\/2023\/07\/PTI-I-scaled.jpg\" alt=\"\" width=\"576\" height=\"307\" srcset=\"https:\/\/www.mundoagropecuario.cl\/new\/wp-content\/uploads\/2023\/07\/PTI-I-scaled.jpg 720w, https:\/\/www.mundoagropecuario.cl\/new\/wp-content\/uploads\/2023\/07\/PTI-I-250x133.jpg 250w, https:\/\/www.mundoagropecuario.cl\/new\/wp-content\/uploads\/2023\/07\/PTI-I-167x89.jpg 167w\" sizes=\"auto, (max-width: 576px) 100vw, 576px\" \/><\/a>Por su parte, Felipe Mu\u00f1oz, Ejecutivo Regional de ProChile, ofreci\u00f3 una presentaci\u00f3n sobre las exportaciones de carne bovina en los \u00faltimos a\u00f1os. Luego, Florencia Kuschel, Gerente de Ganacoop, convers\u00f3 con los asistentes acerca de esta cooperativa dedicada a la comercializaci\u00f3n de ganado, formada por productores agropecuarios de Chile, que busca aumentar la eficiencia en la cadena de valor, a trav\u00e9s de la asociatividad e integraci\u00f3n.<\/p>\n<p>As\u00ed fue como Gabriel P\u00e9rez, Director Regional de Corfo Los Lagos, sostuvo que \u201choy llevamos a cabo una nueva reuni\u00f3n de Gobernanza del PTI de la Carne, en la cual conversamos sobre la relevancia de la asociatividad y el cooperativismo, para agregar valor al producto y resaltar sus caracter\u00edsticas distintivas. La propiedad de los animales que pastorean es un aspecto que debe ser valorado, ya que nos permite aprovechar las cualidades \u00fanicas que ofrece la regi\u00f3n de Los Lagos en la producci\u00f3n de carne. Esto nos brinda la oportunidad de generar un impacto significativo&#8221;.<\/p>\n<p>Jorge Garrido, Gestor del PTI de la Carne Bovina de la regi\u00f3n de Los Lagos, afirm\u00f3: &#8220;Nuestro objetivo es seguir fortaleciendo el grupo que conforma la Gobernanza. Es fundamental que el PTI juegue un papel m\u00e1s protag\u00f3nico en la toma de decisiones relacionadas con el mercado y las direcciones estrat\u00e9gicas de los grupos comerciales y las cooperativas. De esta manera, seguiremos trabajando para marcar el camino durante este primer a\u00f1o del programa&#8221;.<\/p>\n<p>Aunque los resultados no ser\u00e1n inmediatos, el gestor del PTI expres\u00f3 que tienen grandes expectativas despu\u00e9s de haber trabajado arduamente en los primeros seis meses del programa. Conf\u00edan en la ruta trazada y creen que, al continuar las conversaciones con todos los actores involucrados y transmitir los beneficios hasta el productor primario, se lograr\u00e1n avances positivos.<\/p>\n<p>Finalmente Florencia Kuschel, Gerente de Ganacoop, mencion\u00f3 que &#8220;estamos muy contentos de participar en el PTI de la Carne. Aqu\u00ed trabajamos en la misma mesa junto a entidades p\u00fablicas y privadas, todas con el objetivo de aumentar la comercializaci\u00f3n y el consumo de productos c\u00e1rnicos. Para nosotros, la asociatividad y el cooperativismo son claves en nuestro rubro. Estos nos brindan un mayor poder de negociaci\u00f3n, econom\u00edas de escala, y la posibilidad de colaborar y aprender mutuamente&#8221;.<\/p>\n","protected":false},"excerpt":{"rendered":"<p>Esta iniciativa cuenta con la participaci\u00f3n privadas y p\u00fablicas, como la Seremi de Agricultura, Corfo, Gobierno Regional, INDAP, SAG, Prochile, cooperativas, productores, asociaciones gremiales y acad\u00e9micos de la Universidad de Los Lagos, entre otros.<\/p>\n","protected":false},"author":2,"featured_media":24362,"comment_status":"closed","ping_status":"closed","sticky":false,"template":"","format":"standard","meta":{"footnotes":""},"categories":[1944],"tags":[2090,3127,7870,2221,153,7869],"class_list":["post-24361","post","type-post","status-publish","format-standard","has-post-thumbnail","hentry","category-ganaderia","tag-agricultura","tag-agro","tag-cadena-carnica","tag-carne-bovina","tag-corfo","tag-pti-de-la-carne-bovina"],"yoast_head":"<!-- This site is optimized with the Yoast SEO plugin v26.6 - https:\/\/yoast.com\/wordpress\/plugins\/seo\/ -->\n<title>PTI de la Carne Bovina avanza en su crecimiento y expande sus redes para potenciar el sector - Mundoagropecuario<\/title>\n<meta name=\"description\" content=\"Esta iniciativa cuenta con la participaci\u00f3n privadas y p\u00fablicas, como la Seremi de Agricultura, Corfo, Gobierno Regional, INDAP, SAG.\" \/>\n<meta name=\"robots\" content=\"index, follow, max-snippet:-1, max-image-preview:large, max-video-preview:-1\" \/>\n<link rel=\"canonical\" href=\"https:\/\/www.mundoagropecuario.cl\/new\/pti-de-la-carne-bovina-avanza-en-su-crecimiento-y-expande-sus-redes-para-potenciar-el-sector\/\" \/>\n<meta property=\"og:locale\" content=\"es_ES\" \/>\n<meta property=\"og:type\" content=\"article\" \/>\n<meta property=\"og:title\" content=\"PTI de la Carne Bovina avanza en su crecimiento y expande sus redes para potenciar el sector - Mundoagropecuario\" \/>\n<meta property=\"og:description\" content=\"Esta iniciativa cuenta con la participaci\u00f3n privadas y p\u00fablicas, como la Seremi de Agricultura, Corfo, Gobierno Regional, INDAP, SAG.\" \/>\n<meta property=\"og:url\" content=\"https:\/\/www.mundoagropecuario.cl\/new\/pti-de-la-carne-bovina-avanza-en-su-crecimiento-y-expande-sus-redes-para-potenciar-el-sector\/\" \/>\n<meta property=\"og:site_name\" content=\"Mundoagropecuario\" \/>\n<meta property=\"article:publisher\" content=\"https:\/\/www.facebook.com\/mundo.agropecuario.3\" \/>\n<meta property=\"article:published_time\" content=\"2023-07-10T15:37:21+00:00\" \/>\n<meta property=\"article:modified_time\" content=\"2023-07-17T16:12:28+00:00\" \/>\n<meta property=\"og:image\" content=\"https:\/\/www.mundoagropecuario.cl\/new\/wp-content\/uploads\/2023\/07\/PTI-IMG_JPG-scaled.jpg\" \/>\n\t<meta property=\"og:image:width\" content=\"720\" \/>\n\t<meta property=\"og:image:height\" content=\"384\" \/>\n\t<meta property=\"og:image:type\" content=\"image\/jpeg\" \/>\n<meta name=\"author\" content=\"mundo\" \/>\n<meta name=\"twitter:card\" content=\"summary_large_image\" \/>\n<meta name=\"twitter:creator\" content=\"@MundoAgropecuar\" \/>\n<meta name=\"twitter:site\" content=\"@MundoAgropecuar\" \/>\n<meta name=\"twitter:label1\" content=\"Escrito por\" \/>\n\t<meta name=\"twitter:data1\" content=\"mundo\" \/>\n\t<meta name=\"twitter:label2\" content=\"Tiempo de lectura\" \/>\n\t<meta name=\"twitter:data2\" content=\"3 minutos\" \/>\n<script type=\"application\/ld+json\" class=\"yoast-schema-graph\">{\"@context\":\"https:\/\/schema.org\",\"@graph\":[{\"@type\":\"Article\",\"@id\":\"https:\/\/www.mundoagropecuario.cl\/new\/pti-de-la-carne-bovina-avanza-en-su-crecimiento-y-expande-sus-redes-para-potenciar-el-sector\/#article\",\"isPartOf\":{\"@id\":\"https:\/\/www.mundoagropecuario.cl\/new\/pti-de-la-carne-bovina-avanza-en-su-crecimiento-y-expande-sus-redes-para-potenciar-el-sector\/\"},\"author\":{\"name\":\"mundo\",\"@id\":\"https:\/\/www.mundoagropecuario.cl\/new\/#\/schema\/person\/4e9f74a82a7dac260eb1c44b7eebeb18\"},\"headline\":\"PTI de la Carne Bovina avanza en su crecimiento y expande sus redes para potenciar el sector\",\"datePublished\":\"2023-07-10T15:37:21+00:00\",\"dateModified\":\"2023-07-17T16:12:28+00:00\",\"mainEntityOfPage\":{\"@id\":\"https:\/\/www.mundoagropecuario.cl\/new\/pti-de-la-carne-bovina-avanza-en-su-crecimiento-y-expande-sus-redes-para-potenciar-el-sector\/\"},\"wordCount\":644,\"publisher\":{\"@id\":\"https:\/\/www.mundoagropecuario.cl\/new\/#organization\"},\"image\":{\"@id\":\"https:\/\/www.mundoagropecuario.cl\/new\/pti-de-la-carne-bovina-avanza-en-su-crecimiento-y-expande-sus-redes-para-potenciar-el-sector\/#primaryimage\"},\"thumbnailUrl\":\"https:\/\/www.mundoagropecuario.cl\/new\/wp-content\/uploads\/2023\/07\/PTI-IMG_JPG-scaled.jpg\",\"keywords\":[\"Agricultura\",\"Agro\",\"cadena c\u00e1rnica\",\"Carne bovina\",\"Corfo\",\"PTI de la Carne Bovina\"],\"articleSection\":[\"Ganader\u00eda\"],\"inLanguage\":\"es\"},{\"@type\":\"WebPage\",\"@id\":\"https:\/\/www.mundoagropecuario.cl\/new\/pti-de-la-carne-bovina-avanza-en-su-crecimiento-y-expande-sus-redes-para-potenciar-el-sector\/\",\"url\":\"https:\/\/www.mundoagropecuario.cl\/new\/pti-de-la-carne-bovina-avanza-en-su-crecimiento-y-expande-sus-redes-para-potenciar-el-sector\/\",\"name\":\"PTI de la Carne Bovina avanza en su crecimiento y expande sus redes para potenciar el sector - Mundoagropecuario\",\"isPartOf\":{\"@id\":\"https:\/\/www.mundoagropecuario.cl\/new\/#website\"},\"primaryImageOfPage\":{\"@id\":\"https:\/\/www.mundoagropecuario.cl\/new\/pti-de-la-carne-bovina-avanza-en-su-crecimiento-y-expande-sus-redes-para-potenciar-el-sector\/#primaryimage\"},\"image\":{\"@id\":\"https:\/\/www.mundoagropecuario.cl\/new\/pti-de-la-carne-bovina-avanza-en-su-crecimiento-y-expande-sus-redes-para-potenciar-el-sector\/#primaryimage\"},\"thumbnailUrl\":\"https:\/\/www.mundoagropecuario.cl\/new\/wp-content\/uploads\/2023\/07\/PTI-IMG_JPG-scaled.jpg\",\"datePublished\":\"2023-07-10T15:37:21+00:00\",\"dateModified\":\"2023-07-17T16:12:28+00:00\",\"description\":\"Esta iniciativa cuenta con la participaci\u00f3n privadas y p\u00fablicas, como la Seremi de Agricultura, Corfo, Gobierno Regional, INDAP, SAG.\",\"breadcrumb\":{\"@id\":\"https:\/\/www.mundoagropecuario.cl\/new\/pti-de-la-carne-bovina-avanza-en-su-crecimiento-y-expande-sus-redes-para-potenciar-el-sector\/#breadcrumb\"},\"inLanguage\":\"es\",\"potentialAction\":[{\"@type\":\"ReadAction\",\"target\":[\"https:\/\/www.mundoagropecuario.cl\/new\/pti-de-la-carne-bovina-avanza-en-su-crecimiento-y-expande-sus-redes-para-potenciar-el-sector\/\"]}]},{\"@type\":\"ImageObject\",\"inLanguage\":\"es\",\"@id\":\"https:\/\/www.mundoagropecuario.cl\/new\/pti-de-la-carne-bovina-avanza-en-su-crecimiento-y-expande-sus-redes-para-potenciar-el-sector\/#primaryimage\",\"url\":\"https:\/\/www.mundoagropecuario.cl\/new\/wp-content\/uploads\/2023\/07\/PTI-IMG_JPG-scaled.jpg\",\"contentUrl\":\"https:\/\/www.mundoagropecuario.cl\/new\/wp-content\/uploads\/2023\/07\/PTI-IMG_JPG-scaled.jpg\",\"width\":720,\"height\":384},{\"@type\":\"BreadcrumbList\",\"@id\":\"https:\/\/www.mundoagropecuario.cl\/new\/pti-de-la-carne-bovina-avanza-en-su-crecimiento-y-expande-sus-redes-para-potenciar-el-sector\/#breadcrumb\",\"itemListElement\":[{\"@type\":\"ListItem\",\"position\":1,\"name\":\"Portada\",\"item\":\"https:\/\/www.mundoagropecuario.cl\/new\/\"},{\"@type\":\"ListItem\",\"position\":2,\"name\":\"PTI de la Carne Bovina avanza en su crecimiento y expande sus redes para potenciar el sector\"}]},{\"@type\":\"WebSite\",\"@id\":\"https:\/\/www.mundoagropecuario.cl\/new\/#website\",\"url\":\"https:\/\/www.mundoagropecuario.cl\/new\/\",\"name\":\"Mundoagropecuario\",\"description\":\"Mundo Agropecuario\",\"publisher\":{\"@id\":\"https:\/\/www.mundoagropecuario.cl\/new\/#organization\"},\"potentialAction\":[{\"@type\":\"SearchAction\",\"target\":{\"@type\":\"EntryPoint\",\"urlTemplate\":\"https:\/\/www.mundoagropecuario.cl\/new\/?s={search_term_string}\"},\"query-input\":{\"@type\":\"PropertyValueSpecification\",\"valueRequired\":true,\"valueName\":\"search_term_string\"}}],\"inLanguage\":\"es\"},{\"@type\":\"Organization\",\"@id\":\"https:\/\/www.mundoagropecuario.cl\/new\/#organization\",\"name\":\"Revista de Agricultura\",\"url\":\"https:\/\/www.mundoagropecuario.cl\/new\/\",\"logo\":{\"@type\":\"ImageObject\",\"inLanguage\":\"es\",\"@id\":\"https:\/\/www.mundoagropecuario.cl\/new\/#\/schema\/logo\/image\/\",\"url\":\"https:\/\/www.mundoagropecuario.cl\/new\/wp-content\/uploads\/2020\/11\/PORTAL-1-1.png\",\"contentUrl\":\"https:\/\/www.mundoagropecuario.cl\/new\/wp-content\/uploads\/2020\/11\/PORTAL-1-1.png\",\"width\":1026,\"height\":100,\"caption\":\"Revista de Agricultura\"},\"image\":{\"@id\":\"https:\/\/www.mundoagropecuario.cl\/new\/#\/schema\/logo\/image\/\"},\"sameAs\":[\"https:\/\/www.facebook.com\/mundo.agropecuario.3\",\"https:\/\/x.com\/MundoAgropecuar\",\"https:\/\/www.linkedin.com\/in\/mundo-agropecuario-934009201\/\"]},{\"@type\":\"Person\",\"@id\":\"https:\/\/www.mundoagropecuario.cl\/new\/#\/schema\/person\/4e9f74a82a7dac260eb1c44b7eebeb18\",\"name\":\"mundo\",\"url\":\"https:\/\/www.mundoagropecuario.cl\/new\/author\/mundo\/\"}]}<\/script>\n<!-- \/ Yoast SEO plugin. -->","yoast_head_json":{"title":"PTI de la Carne Bovina avanza en su crecimiento y expande sus redes para potenciar el sector - Mundoagropecuario","description":"Esta iniciativa cuenta con la participaci\u00f3n privadas y p\u00fablicas, como la Seremi de Agricultura, Corfo, Gobierno Regional, INDAP, SAG.","robots":{"index":"index","follow":"follow","max-snippet":"max-snippet:-1","max-image-preview":"max-image-preview:large","max-video-preview":"max-video-preview:-1"},"canonical":"https:\/\/www.mundoagropecuario.cl\/new\/pti-de-la-carne-bovina-avanza-en-su-crecimiento-y-expande-sus-redes-para-potenciar-el-sector\/","og_locale":"es_ES","og_type":"article","og_title":"PTI de la Carne Bovina avanza en su crecimiento y expande sus redes para potenciar el sector - Mundoagropecuario","og_description":"Esta iniciativa cuenta con la participaci\u00f3n privadas y p\u00fablicas, como la Seremi de Agricultura, Corfo, Gobierno Regional, INDAP, SAG.","og_url":"https:\/\/www.mundoagropecuario.cl\/new\/pti-de-la-carne-bovina-avanza-en-su-crecimiento-y-expande-sus-redes-para-potenciar-el-sector\/","og_site_name":"Mundoagropecuario","article_publisher":"https:\/\/www.facebook.com\/mundo.agropecuario.3","article_published_time":"2023-07-10T15:37:21+00:00","article_modified_time":"2023-07-17T16:12:28+00:00","og_image":[{"width":720,"height":384,"url":"https:\/\/www.mundoagropecuario.cl\/new\/wp-content\/uploads\/2023\/07\/PTI-IMG_JPG-scaled.jpg","type":"image\/jpeg"}],"author":"mundo","twitter_card":"summary_large_image","twitter_creator":"@MundoAgropecuar","twitter_site":"@MundoAgropecuar","twitter_misc":{"Escrito por":"mundo","Tiempo de lectura":"3 minutos"},"schema":{"@context":"https:\/\/schema.org","@graph":[{"@type":"Article","@id":"https:\/\/www.mundoagropecuario.cl\/new\/pti-de-la-carne-bovina-avanza-en-su-crecimiento-y-expande-sus-redes-para-potenciar-el-sector\/#article","isPartOf":{"@id":"https:\/\/www.mundoagropecuario.cl\/new\/pti-de-la-carne-bovina-avanza-en-su-crecimiento-y-expande-sus-redes-para-potenciar-el-sector\/"},"author":{"name":"mundo","@id":"https:\/\/www.mundoagropecuario.cl\/new\/#\/schema\/person\/4e9f74a82a7dac260eb1c44b7eebeb18"},"headline":"PTI de la Carne Bovina avanza en su crecimiento y expande sus redes para potenciar el sector","datePublished":"2023-07-10T15:37:21+00:00","dateModified":"2023-07-17T16:12:28+00:00","mainEntityOfPage":{"@id":"https:\/\/www.mundoagropecuario.cl\/new\/pti-de-la-carne-bovina-avanza-en-su-crecimiento-y-expande-sus-redes-para-potenciar-el-sector\/"},"wordCount":644,"publisher":{"@id":"https:\/\/www.mundoagropecuario.cl\/new\/#organization"},"image":{"@id":"https:\/\/www.mundoagropecuario.cl\/new\/pti-de-la-carne-bovina-avanza-en-su-crecimiento-y-expande-sus-redes-para-potenciar-el-sector\/#primaryimage"},"thumbnailUrl":"https:\/\/www.mundoagropecuario.cl\/new\/wp-content\/uploads\/2023\/07\/PTI-IMG_JPG-scaled.jpg","keywords":["Agricultura","Agro","cadena c\u00e1rnica","Carne bovina","Corfo","PTI de la Carne Bovina"],"articleSection":["Ganader\u00eda"],"inLanguage":"es"},{"@type":"WebPage","@id":"https:\/\/www.mundoagropecuario.cl\/new\/pti-de-la-carne-bovina-avanza-en-su-crecimiento-y-expande-sus-redes-para-potenciar-el-sector\/","url":"https:\/\/www.mundoagropecuario.cl\/new\/pti-de-la-carne-bovina-avanza-en-su-crecimiento-y-expande-sus-redes-para-potenciar-el-sector\/","name":"PTI de la Carne Bovina avanza en su crecimiento y expande sus redes para potenciar el sector - Mundoagropecuario","isPartOf":{"@id":"https:\/\/www.mundoagropecuario.cl\/new\/#website"},"primaryImageOfPage":{"@id":"https:\/\/www.mundoagropecuario.cl\/new\/pti-de-la-carne-bovina-avanza-en-su-crecimiento-y-expande-sus-redes-para-potenciar-el-sector\/#primaryimage"},"image":{"@id":"https:\/\/www.mundoagropecuario.cl\/new\/pti-de-la-carne-bovina-avanza-en-su-crecimiento-y-expande-sus-redes-para-potenciar-el-sector\/#primaryimage"},"thumbnailUrl":"https:\/\/www.mundoagropecuario.cl\/new\/wp-content\/uploads\/2023\/07\/PTI-IMG_JPG-scaled.jpg","datePublished":"2023-07-10T15:37:21+00:00","dateModified":"2023-07-17T16:12:28+00:00","description":"Esta iniciativa cuenta con la participaci\u00f3n privadas y p\u00fablicas, como la Seremi de Agricultura, Corfo, Gobierno Regional, INDAP, SAG.","breadcrumb":{"@id":"https:\/\/www.mundoagropecuario.cl\/new\/pti-de-la-carne-bovina-avanza-en-su-crecimiento-y-expande-sus-redes-para-potenciar-el-sector\/#breadcrumb"},"inLanguage":"es","potentialAction":[{"@type":"ReadAction","target":["https:\/\/www.mundoagropecuario.cl\/new\/pti-de-la-carne-bovina-avanza-en-su-crecimiento-y-expande-sus-redes-para-potenciar-el-sector\/"]}]},{"@type":"ImageObject","inLanguage":"es","@id":"https:\/\/www.mundoagropecuario.cl\/new\/pti-de-la-carne-bovina-avanza-en-su-crecimiento-y-expande-sus-redes-para-potenciar-el-sector\/#primaryimage","url":"https:\/\/www.mundoagropecuario.cl\/new\/wp-content\/uploads\/2023\/07\/PTI-IMG_JPG-scaled.jpg","contentUrl":"https:\/\/www.mundoagropecuario.cl\/new\/wp-content\/uploads\/2023\/07\/PTI-IMG_JPG-scaled.jpg","width":720,"height":384},{"@type":"BreadcrumbList","@id":"https:\/\/www.mundoagropecuario.cl\/new\/pti-de-la-carne-bovina-avanza-en-su-crecimiento-y-expande-sus-redes-para-potenciar-el-sector\/#breadcrumb","itemListElement":[{"@type":"ListItem","position":1,"name":"Portada","item":"https:\/\/www.mundoagropecuario.cl\/new\/"},{"@type":"ListItem","position":2,"name":"PTI de la Carne Bovina avanza en su crecimiento y expande sus redes para potenciar el sector"}]},{"@type":"WebSite","@id":"https:\/\/www.mundoagropecuario.cl\/new\/#website","url":"https:\/\/www.mundoagropecuario.cl\/new\/","name":"Mundoagropecuario","description":"Mundo Agropecuario","publisher":{"@id":"https:\/\/www.mundoagropecuario.cl\/new\/#organization"},"potentialAction":[{"@type":"SearchAction","target":{"@type":"EntryPoint","urlTemplate":"https:\/\/www.mundoagropecuario.cl\/new\/?s={search_term_string}"},"query-input":{"@type":"PropertyValueSpecification","valueRequired":true,"valueName":"search_term_string"}}],"inLanguage":"es"},{"@type":"Organization","@id":"https:\/\/www.mundoagropecuario.cl\/new\/#organization","name":"Revista de Agricultura","url":"https:\/\/www.mundoagropecuario.cl\/new\/","logo":{"@type":"ImageObject","inLanguage":"es","@id":"https:\/\/www.mundoagropecuario.cl\/new\/#\/schema\/logo\/image\/","url":"https:\/\/www.mundoagropecuario.cl\/new\/wp-content\/uploads\/2020\/11\/PORTAL-1-1.png","contentUrl":"https:\/\/www.mundoagropecuario.cl\/new\/wp-content\/uploads\/2020\/11\/PORTAL-1-1.png","width":1026,"height":100,"caption":"Revista de Agricultura"},"image":{"@id":"https:\/\/www.mundoagropecuario.cl\/new\/#\/schema\/logo\/image\/"},"sameAs":["https:\/\/www.facebook.com\/mundo.agropecuario.3","https:\/\/x.com\/MundoAgropecuar","https:\/\/www.linkedin.com\/in\/mundo-agropecuario-934009201\/"]},{"@type":"Person","@id":"https:\/\/www.mundoagropecuario.cl\/new\/#\/schema\/person\/4e9f74a82a7dac260eb1c44b7eebeb18","name":"mundo","url":"https:\/\/www.mundoagropecuario.cl\/new\/author\/mundo\/"}]}},"_links":{"self":[{"href":"https:\/\/www.mundoagropecuario.cl\/new\/wp-json\/wp\/v2\/posts\/24361","targetHints":{"allow":["GET"]}}],"collection":[{"href":"https:\/\/www.mundoagropecuario.cl\/new\/wp-json\/wp\/v2\/posts"}],"about":[{"href":"https:\/\/www.mundoagropecuario.cl\/new\/wp-json\/wp\/v2\/types\/post"}],"author":[{"embeddable":true,"href":"https:\/\/www.mundoagropecuario.cl\/new\/wp-json\/wp\/v2\/users\/2"}],"replies":[{"embeddable":true,"href":"https:\/\/www.mundoagropecuario.cl\/new\/wp-json\/wp\/v2\/comments?post=24361"}],"version-history":[{"count":1,"href":"https:\/\/www.mundoagropecuario.cl\/new\/wp-json\/wp\/v2\/posts\/24361\/revisions"}],"predecessor-version":[{"id":24364,"href":"https:\/\/www.mundoagropecuario.cl\/new\/wp-json\/wp\/v2\/posts\/24361\/revisions\/24364"}],"wp:featuredmedia":[{"embeddable":true,"href":"https:\/\/www.mundoagropecuario.cl\/new\/wp-json\/wp\/v2\/media\/24362"}],"wp:attachment":[{"href":"https:\/\/www.mundoagropecuario.cl\/new\/wp-json\/wp\/v2\/media?parent=24361"}],"wp:term":[{"taxonomy":"category","embeddable":true,"href":"https:\/\/www.mundoagropecuario.cl\/new\/wp-json\/wp\/v2\/categories?post=24361"},{"taxonomy":"post_tag","embeddable":true,"href":"https:\/\/www.mundoagropecuario.cl\/new\/wp-json\/wp\/v2\/tags?post=24361"}],"curies":[{"name":"wp","href":"https:\/\/api.w.org\/{rel}","templated":true}]}}