{"id":24356,"date":"2023-07-07T13:39:37","date_gmt":"2023-07-07T16:39:37","guid":{"rendered":"https:\/\/www.mundoagropecuario.cl\/new\/?p=24356"},"modified":"2023-07-14T12:30:15","modified_gmt":"2023-07-14T15:30:15","slug":"asoex-y-fedefruta-unen-fortalezas-para-impulsar-la-fruticultura-chilena","status":"publish","type":"post","link":"https:\/\/www.mundoagropecuario.cl\/new\/asoex-y-fedefruta-unen-fortalezas-para-impulsar-la-fruticultura-chilena\/","title":{"rendered":"Asoex y Fedefruta unen fortalezas para impulsar la fruticultura chilena"},"content":{"rendered":"<p>El encuentro se llev\u00f3 a cabo en dependencias de Asoex, contando con la participaci\u00f3n del presidente de esta asociaci\u00f3n, Iv\u00e1n Marambio; el gerente general, Miguel Canala-Echeverr\u00eda y Rodrigo Gallardo, secretario general de Asoex. En tanto, desde Fedefruta participaron su presidente\u00a0 Jorge Valenzuela; el gerente Juan Carlos Sep\u00falveda, y la gerenta de gesti\u00f3n de proyectos Fabiola Becerra.<\/p>\n<p>&#8220;Dentro de nuestra estrategia como Asoex est\u00e1 estrechar las relaciones con gremios nacionales y extranjeros ligados al sector, y eso es lo que estamos forjando en este encuentro sostenido con Fedefruta. Estamos muy satisfechos con los acuerdos. Hemos acordado definir una estrategia de trabajo conjunto que nos permita abordar los temas que como industria nos preocupan como es una mayor competencia en los mercados de destino de nuestras frutas,\u00a0 la log\u00edstica nacional e internacional, el Cambio Clim\u00e1tico, la sequ\u00eda, y las exigencias fitosanitarias a las cuales nos estamos viendo enfrentados en Chile y en los mercados de destino, entre otras materias&#8221;, coment\u00f3 el presidente de Asoex.<\/p>\n<p><a href=\"https:\/\/www.mundoagropecuario.cl\/new\/wp-content\/uploads\/2021\/10\/Exportaciones-frutas-.png\"><img loading=\"lazy\" decoding=\"async\" class=\"alignleft wp-image-20592 \" src=\"https:\/\/www.mundoagropecuario.cl\/new\/wp-content\/uploads\/2021\/10\/Exportaciones-frutas-.png\" alt=\"\" width=\"353\" height=\"263\" srcset=\"https:\/\/www.mundoagropecuario.cl\/new\/wp-content\/uploads\/2021\/10\/Exportaciones-frutas-.png 536w, https:\/\/www.mundoagropecuario.cl\/new\/wp-content\/uploads\/2021\/10\/Exportaciones-frutas--586x437.png 586w, https:\/\/www.mundoagropecuario.cl\/new\/wp-content\/uploads\/2021\/10\/Exportaciones-frutas--768x573.png 768w\" sizes=\"auto, (max-width: 353px) 100vw, 353px\" \/><\/a>El timonel de Fedefruta, Jorge Valenzuela, tambi\u00e9n celebr\u00f3 las oportunidades que se abren para la industria frut\u00edcola del pa\u00eds al potenciarse el trabajo conjunto entre estas dos importantes organizaciones gremiales. &#8220;Fue una reuni\u00f3n positiva, pues siempre hemos planteado que los temas de nuestra industria deben ser abordados de manera conjunta de manera de reflejar las diversas miradas, pero con un norte com\u00fan que es el mejorar aquellas materias en las cuales el sector est\u00e1 enfrentando problemas, donde los temas de productividad, costos y retornos son importantes. Trabajar con una estrategia establecida tambi\u00e9n nos permitir\u00e1 abordar las oportunidades&#8221;.<\/p>\n<p>Cabe destacar que, durante el mes de agosto, Asoex y Fedefruta se reunir\u00e1n nuevamente para comenzar a trabajar en la agenda estrat\u00e9gica que permita generar una posici\u00f3n com\u00fan y propuestas en temas de pol\u00edticas p\u00fablicas que afecten al sector o donde el sector deba ser incluido, as\u00ed como tambi\u00e9n materias de I+D+i, que apoyen el aumento de la competitividad de la industria, adem\u00e1s de avanzar en decisiones que permitan incrementar la productividad y calidad de la fruta fresca.\u00a0\u00a0 El intercambio de informaci\u00f3n, de acuerdo a los respectivos sistemas de datos productivos o de exportaci\u00f3n, tambi\u00e9n es una materia que permitir\u00eda un mejor manejo de los temas industria.<\/p>\n<p>&nbsp;<\/p>\n","protected":false},"excerpt":{"rendered":"<p>Representantes de la Asociaci\u00f3n de Exportadores de Frutas de Chile AG (Asoex) y la Federaci\u00f3n de Productores de Frutas de Chile (Fedefruta) se reunieron con la finalidad de avanzar en un trabajo m\u00e1s estrecho y mancomunado en beneficio de Chile y su fruta.<\/p>\n","protected":false},"author":2,"featured_media":24357,"comment_status":"closed","ping_status":"closed","sticky":false,"template":"","format":"standard","meta":{"footnotes":""},"categories":[1945],"tags":[2090,3127,8148,2095,2245,8149,2539,8150],"class_list":["post-24356","post","type-post","status-publish","format-standard","has-post-thumbnail","hentry","category-agricultura","tag-agricultura","tag-agro","tag-asoex-y-fedefruta","tag-fedefruta","tag-frutas","tag-gerente-general","tag-jorge-valenzuela","tag-miguel-canala-echeverria-y-rodrigo-gallardo"],"yoast_head":"<!-- This site is optimized with the Yoast SEO plugin v26.6 - https:\/\/yoast.com\/wordpress\/plugins\/seo\/ -->\n<title>Asoex y Fedefruta unen fortalezas para impulsar la fruticultura chilena - Mundoagropecuario<\/title>\n<meta name=\"description\" content=\"Representantes de la Asociaci\u00f3n de Exportadores de Frutas de Chile AG (Asoex) y la Federaci\u00f3n de Productores de Frutas de Chile (Fedefruta)\" \/>\n<meta name=\"robots\" content=\"index, follow, max-snippet:-1, max-image-preview:large, max-video-preview:-1\" \/>\n<link rel=\"canonical\" href=\"https:\/\/www.mundoagropecuario.cl\/new\/asoex-y-fedefruta-unen-fortalezas-para-impulsar-la-fruticultura-chilena\/\" \/>\n<meta property=\"og:locale\" content=\"es_ES\" \/>\n<meta property=\"og:type\" content=\"article\" \/>\n<meta property=\"og:title\" content=\"Asoex y Fedefruta unen fortalezas para impulsar la fruticultura chilena - Mundoagropecuario\" \/>\n<meta property=\"og:description\" content=\"Representantes de la Asociaci\u00f3n de Exportadores de Frutas de Chile AG (Asoex) y la Federaci\u00f3n de Productores de Frutas de Chile (Fedefruta)\" \/>\n<meta property=\"og:url\" content=\"https:\/\/www.mundoagropecuario.cl\/new\/asoex-y-fedefruta-unen-fortalezas-para-impulsar-la-fruticultura-chilena\/\" \/>\n<meta property=\"og:site_name\" content=\"Mundoagropecuario\" \/>\n<meta property=\"article:publisher\" content=\"https:\/\/www.facebook.com\/mundo.agropecuario.3\" \/>\n<meta property=\"article:published_time\" content=\"2023-07-07T16:39:37+00:00\" \/>\n<meta property=\"article:modified_time\" content=\"2023-07-14T15:30:15+00:00\" \/>\n<meta property=\"og:image\" content=\"https:\/\/www.mundoagropecuario.cl\/new\/wp-content\/uploads\/2023\/07\/Asoex-scaled.jpeg\" \/>\n\t<meta property=\"og:image:width\" content=\"720\" \/>\n\t<meta property=\"og:image:height\" content=\"384\" \/>\n\t<meta property=\"og:image:type\" content=\"image\/jpeg\" \/>\n<meta name=\"author\" content=\"mundo\" \/>\n<meta name=\"twitter:card\" content=\"summary_large_image\" \/>\n<meta name=\"twitter:creator\" content=\"@MundoAgropecuar\" \/>\n<meta name=\"twitter:site\" content=\"@MundoAgropecuar\" \/>\n<meta name=\"twitter:label1\" content=\"Escrito por\" \/>\n\t<meta name=\"twitter:data1\" content=\"mundo\" \/>\n\t<meta name=\"twitter:label2\" content=\"Tiempo de lectura\" \/>\n\t<meta name=\"twitter:data2\" content=\"2 minutos\" \/>\n<script type=\"application\/ld+json\" class=\"yoast-schema-graph\">{\"@context\":\"https:\/\/schema.org\",\"@graph\":[{\"@type\":\"Article\",\"@id\":\"https:\/\/www.mundoagropecuario.cl\/new\/asoex-y-fedefruta-unen-fortalezas-para-impulsar-la-fruticultura-chilena\/#article\",\"isPartOf\":{\"@id\":\"https:\/\/www.mundoagropecuario.cl\/new\/asoex-y-fedefruta-unen-fortalezas-para-impulsar-la-fruticultura-chilena\/\"},\"author\":{\"name\":\"mundo\",\"@id\":\"https:\/\/www.mundoagropecuario.cl\/new\/#\/schema\/person\/4e9f74a82a7dac260eb1c44b7eebeb18\"},\"headline\":\"Asoex y Fedefruta unen fortalezas para impulsar la fruticultura chilena\",\"datePublished\":\"2023-07-07T16:39:37+00:00\",\"dateModified\":\"2023-07-14T15:30:15+00:00\",\"mainEntityOfPage\":{\"@id\":\"https:\/\/www.mundoagropecuario.cl\/new\/asoex-y-fedefruta-unen-fortalezas-para-impulsar-la-fruticultura-chilena\/\"},\"wordCount\":406,\"publisher\":{\"@id\":\"https:\/\/www.mundoagropecuario.cl\/new\/#organization\"},\"image\":{\"@id\":\"https:\/\/www.mundoagropecuario.cl\/new\/asoex-y-fedefruta-unen-fortalezas-para-impulsar-la-fruticultura-chilena\/#primaryimage\"},\"thumbnailUrl\":\"https:\/\/www.mundoagropecuario.cl\/new\/wp-content\/uploads\/2023\/07\/Asoex-scaled.jpeg\",\"keywords\":[\"Agricultura\",\"Agro\",\"Asoex y Fedefruta\",\"Fedefruta\",\"Frutas\",\"gerente general\",\"Jorge Valenzuela\",\"Miguel Canala-Echeverr\u00eda y Rodrigo Gallardo\"],\"articleSection\":[\"Agricultura\"],\"inLanguage\":\"es\"},{\"@type\":\"WebPage\",\"@id\":\"https:\/\/www.mundoagropecuario.cl\/new\/asoex-y-fedefruta-unen-fortalezas-para-impulsar-la-fruticultura-chilena\/\",\"url\":\"https:\/\/www.mundoagropecuario.cl\/new\/asoex-y-fedefruta-unen-fortalezas-para-impulsar-la-fruticultura-chilena\/\",\"name\":\"Asoex y Fedefruta unen fortalezas para impulsar la fruticultura chilena - Mundoagropecuario\",\"isPartOf\":{\"@id\":\"https:\/\/www.mundoagropecuario.cl\/new\/#website\"},\"primaryImageOfPage\":{\"@id\":\"https:\/\/www.mundoagropecuario.cl\/new\/asoex-y-fedefruta-unen-fortalezas-para-impulsar-la-fruticultura-chilena\/#primaryimage\"},\"image\":{\"@id\":\"https:\/\/www.mundoagropecuario.cl\/new\/asoex-y-fedefruta-unen-fortalezas-para-impulsar-la-fruticultura-chilena\/#primaryimage\"},\"thumbnailUrl\":\"https:\/\/www.mundoagropecuario.cl\/new\/wp-content\/uploads\/2023\/07\/Asoex-scaled.jpeg\",\"datePublished\":\"2023-07-07T16:39:37+00:00\",\"dateModified\":\"2023-07-14T15:30:15+00:00\",\"description\":\"Representantes de la Asociaci\u00f3n de Exportadores de Frutas de Chile AG (Asoex) y la Federaci\u00f3n de Productores de Frutas de Chile (Fedefruta)\",\"breadcrumb\":{\"@id\":\"https:\/\/www.mundoagropecuario.cl\/new\/asoex-y-fedefruta-unen-fortalezas-para-impulsar-la-fruticultura-chilena\/#breadcrumb\"},\"inLanguage\":\"es\",\"potentialAction\":[{\"@type\":\"ReadAction\",\"target\":[\"https:\/\/www.mundoagropecuario.cl\/new\/asoex-y-fedefruta-unen-fortalezas-para-impulsar-la-fruticultura-chilena\/\"]}]},{\"@type\":\"ImageObject\",\"inLanguage\":\"es\",\"@id\":\"https:\/\/www.mundoagropecuario.cl\/new\/asoex-y-fedefruta-unen-fortalezas-para-impulsar-la-fruticultura-chilena\/#primaryimage\",\"url\":\"https:\/\/www.mundoagropecuario.cl\/new\/wp-content\/uploads\/2023\/07\/Asoex-scaled.jpeg\",\"contentUrl\":\"https:\/\/www.mundoagropecuario.cl\/new\/wp-content\/uploads\/2023\/07\/Asoex-scaled.jpeg\",\"width\":720,\"height\":384},{\"@type\":\"BreadcrumbList\",\"@id\":\"https:\/\/www.mundoagropecuario.cl\/new\/asoex-y-fedefruta-unen-fortalezas-para-impulsar-la-fruticultura-chilena\/#breadcrumb\",\"itemListElement\":[{\"@type\":\"ListItem\",\"position\":1,\"name\":\"Portada\",\"item\":\"https:\/\/www.mundoagropecuario.cl\/new\/\"},{\"@type\":\"ListItem\",\"position\":2,\"name\":\"Asoex y Fedefruta unen fortalezas para impulsar la fruticultura chilena\"}]},{\"@type\":\"WebSite\",\"@id\":\"https:\/\/www.mundoagropecuario.cl\/new\/#website\",\"url\":\"https:\/\/www.mundoagropecuario.cl\/new\/\",\"name\":\"Mundoagropecuario\",\"description\":\"Mundo Agropecuario\",\"publisher\":{\"@id\":\"https:\/\/www.mundoagropecuario.cl\/new\/#organization\"},\"potentialAction\":[{\"@type\":\"SearchAction\",\"target\":{\"@type\":\"EntryPoint\",\"urlTemplate\":\"https:\/\/www.mundoagropecuario.cl\/new\/?s={search_term_string}\"},\"query-input\":{\"@type\":\"PropertyValueSpecification\",\"valueRequired\":true,\"valueName\":\"search_term_string\"}}],\"inLanguage\":\"es\"},{\"@type\":\"Organization\",\"@id\":\"https:\/\/www.mundoagropecuario.cl\/new\/#organization\",\"name\":\"Revista de Agricultura\",\"url\":\"https:\/\/www.mundoagropecuario.cl\/new\/\",\"logo\":{\"@type\":\"ImageObject\",\"inLanguage\":\"es\",\"@id\":\"https:\/\/www.mundoagropecuario.cl\/new\/#\/schema\/logo\/image\/\",\"url\":\"https:\/\/www.mundoagropecuario.cl\/new\/wp-content\/uploads\/2020\/11\/PORTAL-1-1.png\",\"contentUrl\":\"https:\/\/www.mundoagropecuario.cl\/new\/wp-content\/uploads\/2020\/11\/PORTAL-1-1.png\",\"width\":1026,\"height\":100,\"caption\":\"Revista de Agricultura\"},\"image\":{\"@id\":\"https:\/\/www.mundoagropecuario.cl\/new\/#\/schema\/logo\/image\/\"},\"sameAs\":[\"https:\/\/www.facebook.com\/mundo.agropecuario.3\",\"https:\/\/x.com\/MundoAgropecuar\",\"https:\/\/www.linkedin.com\/in\/mundo-agropecuario-934009201\/\"]},{\"@type\":\"Person\",\"@id\":\"https:\/\/www.mundoagropecuario.cl\/new\/#\/schema\/person\/4e9f74a82a7dac260eb1c44b7eebeb18\",\"name\":\"mundo\",\"url\":\"https:\/\/www.mundoagropecuario.cl\/new\/author\/mundo\/\"}]}<\/script>\n<!-- \/ Yoast SEO plugin. -->","yoast_head_json":{"title":"Asoex y Fedefruta unen fortalezas para impulsar la fruticultura chilena - Mundoagropecuario","description":"Representantes de la Asociaci\u00f3n de Exportadores de Frutas de Chile AG (Asoex) y la Federaci\u00f3n de Productores de Frutas de Chile (Fedefruta)","robots":{"index":"index","follow":"follow","max-snippet":"max-snippet:-1","max-image-preview":"max-image-preview:large","max-video-preview":"max-video-preview:-1"},"canonical":"https:\/\/www.mundoagropecuario.cl\/new\/asoex-y-fedefruta-unen-fortalezas-para-impulsar-la-fruticultura-chilena\/","og_locale":"es_ES","og_type":"article","og_title":"Asoex y Fedefruta unen fortalezas para impulsar la fruticultura chilena - Mundoagropecuario","og_description":"Representantes de la Asociaci\u00f3n de Exportadores de Frutas de Chile AG (Asoex) y la Federaci\u00f3n de Productores de Frutas de Chile (Fedefruta)","og_url":"https:\/\/www.mundoagropecuario.cl\/new\/asoex-y-fedefruta-unen-fortalezas-para-impulsar-la-fruticultura-chilena\/","og_site_name":"Mundoagropecuario","article_publisher":"https:\/\/www.facebook.com\/mundo.agropecuario.3","article_published_time":"2023-07-07T16:39:37+00:00","article_modified_time":"2023-07-14T15:30:15+00:00","og_image":[{"width":720,"height":384,"url":"https:\/\/www.mundoagropecuario.cl\/new\/wp-content\/uploads\/2023\/07\/Asoex-scaled.jpeg","type":"image\/jpeg"}],"author":"mundo","twitter_card":"summary_large_image","twitter_creator":"@MundoAgropecuar","twitter_site":"@MundoAgropecuar","twitter_misc":{"Escrito por":"mundo","Tiempo de lectura":"2 minutos"},"schema":{"@context":"https:\/\/schema.org","@graph":[{"@type":"Article","@id":"https:\/\/www.mundoagropecuario.cl\/new\/asoex-y-fedefruta-unen-fortalezas-para-impulsar-la-fruticultura-chilena\/#article","isPartOf":{"@id":"https:\/\/www.mundoagropecuario.cl\/new\/asoex-y-fedefruta-unen-fortalezas-para-impulsar-la-fruticultura-chilena\/"},"author":{"name":"mundo","@id":"https:\/\/www.mundoagropecuario.cl\/new\/#\/schema\/person\/4e9f74a82a7dac260eb1c44b7eebeb18"},"headline":"Asoex y Fedefruta unen fortalezas para impulsar la fruticultura chilena","datePublished":"2023-07-07T16:39:37+00:00","dateModified":"2023-07-14T15:30:15+00:00","mainEntityOfPage":{"@id":"https:\/\/www.mundoagropecuario.cl\/new\/asoex-y-fedefruta-unen-fortalezas-para-impulsar-la-fruticultura-chilena\/"},"wordCount":406,"publisher":{"@id":"https:\/\/www.mundoagropecuario.cl\/new\/#organization"},"image":{"@id":"https:\/\/www.mundoagropecuario.cl\/new\/asoex-y-fedefruta-unen-fortalezas-para-impulsar-la-fruticultura-chilena\/#primaryimage"},"thumbnailUrl":"https:\/\/www.mundoagropecuario.cl\/new\/wp-content\/uploads\/2023\/07\/Asoex-scaled.jpeg","keywords":["Agricultura","Agro","Asoex y Fedefruta","Fedefruta","Frutas","gerente general","Jorge Valenzuela","Miguel Canala-Echeverr\u00eda y Rodrigo Gallardo"],"articleSection":["Agricultura"],"inLanguage":"es"},{"@type":"WebPage","@id":"https:\/\/www.mundoagropecuario.cl\/new\/asoex-y-fedefruta-unen-fortalezas-para-impulsar-la-fruticultura-chilena\/","url":"https:\/\/www.mundoagropecuario.cl\/new\/asoex-y-fedefruta-unen-fortalezas-para-impulsar-la-fruticultura-chilena\/","name":"Asoex y Fedefruta unen fortalezas para impulsar la fruticultura chilena - Mundoagropecuario","isPartOf":{"@id":"https:\/\/www.mundoagropecuario.cl\/new\/#website"},"primaryImageOfPage":{"@id":"https:\/\/www.mundoagropecuario.cl\/new\/asoex-y-fedefruta-unen-fortalezas-para-impulsar-la-fruticultura-chilena\/#primaryimage"},"image":{"@id":"https:\/\/www.mundoagropecuario.cl\/new\/asoex-y-fedefruta-unen-fortalezas-para-impulsar-la-fruticultura-chilena\/#primaryimage"},"thumbnailUrl":"https:\/\/www.mundoagropecuario.cl\/new\/wp-content\/uploads\/2023\/07\/Asoex-scaled.jpeg","datePublished":"2023-07-07T16:39:37+00:00","dateModified":"2023-07-14T15:30:15+00:00","description":"Representantes de la Asociaci\u00f3n de Exportadores de Frutas de Chile AG (Asoex) y la Federaci\u00f3n de Productores de Frutas de Chile (Fedefruta)","breadcrumb":{"@id":"https:\/\/www.mundoagropecuario.cl\/new\/asoex-y-fedefruta-unen-fortalezas-para-impulsar-la-fruticultura-chilena\/#breadcrumb"},"inLanguage":"es","potentialAction":[{"@type":"ReadAction","target":["https:\/\/www.mundoagropecuario.cl\/new\/asoex-y-fedefruta-unen-fortalezas-para-impulsar-la-fruticultura-chilena\/"]}]},{"@type":"ImageObject","inLanguage":"es","@id":"https:\/\/www.mundoagropecuario.cl\/new\/asoex-y-fedefruta-unen-fortalezas-para-impulsar-la-fruticultura-chilena\/#primaryimage","url":"https:\/\/www.mundoagropecuario.cl\/new\/wp-content\/uploads\/2023\/07\/Asoex-scaled.jpeg","contentUrl":"https:\/\/www.mundoagropecuario.cl\/new\/wp-content\/uploads\/2023\/07\/Asoex-scaled.jpeg","width":720,"height":384},{"@type":"BreadcrumbList","@id":"https:\/\/www.mundoagropecuario.cl\/new\/asoex-y-fedefruta-unen-fortalezas-para-impulsar-la-fruticultura-chilena\/#breadcrumb","itemListElement":[{"@type":"ListItem","position":1,"name":"Portada","item":"https:\/\/www.mundoagropecuario.cl\/new\/"},{"@type":"ListItem","position":2,"name":"Asoex y Fedefruta unen fortalezas para impulsar la fruticultura chilena"}]},{"@type":"WebSite","@id":"https:\/\/www.mundoagropecuario.cl\/new\/#website","url":"https:\/\/www.mundoagropecuario.cl\/new\/","name":"Mundoagropecuario","description":"Mundo Agropecuario","publisher":{"@id":"https:\/\/www.mundoagropecuario.cl\/new\/#organization"},"potentialAction":[{"@type":"SearchAction","target":{"@type":"EntryPoint","urlTemplate":"https:\/\/www.mundoagropecuario.cl\/new\/?s={search_term_string}"},"query-input":{"@type":"PropertyValueSpecification","valueRequired":true,"valueName":"search_term_string"}}],"inLanguage":"es"},{"@type":"Organization","@id":"https:\/\/www.mundoagropecuario.cl\/new\/#organization","name":"Revista de Agricultura","url":"https:\/\/www.mundoagropecuario.cl\/new\/","logo":{"@type":"ImageObject","inLanguage":"es","@id":"https:\/\/www.mundoagropecuario.cl\/new\/#\/schema\/logo\/image\/","url":"https:\/\/www.mundoagropecuario.cl\/new\/wp-content\/uploads\/2020\/11\/PORTAL-1-1.png","contentUrl":"https:\/\/www.mundoagropecuario.cl\/new\/wp-content\/uploads\/2020\/11\/PORTAL-1-1.png","width":1026,"height":100,"caption":"Revista de Agricultura"},"image":{"@id":"https:\/\/www.mundoagropecuario.cl\/new\/#\/schema\/logo\/image\/"},"sameAs":["https:\/\/www.facebook.com\/mundo.agropecuario.3","https:\/\/x.com\/MundoAgropecuar","https:\/\/www.linkedin.com\/in\/mundo-agropecuario-934009201\/"]},{"@type":"Person","@id":"https:\/\/www.mundoagropecuario.cl\/new\/#\/schema\/person\/4e9f74a82a7dac260eb1c44b7eebeb18","name":"mundo","url":"https:\/\/www.mundoagropecuario.cl\/new\/author\/mundo\/"}]}},"_links":{"self":[{"href":"https:\/\/www.mundoagropecuario.cl\/new\/wp-json\/wp\/v2\/posts\/24356","targetHints":{"allow":["GET"]}}],"collection":[{"href":"https:\/\/www.mundoagropecuario.cl\/new\/wp-json\/wp\/v2\/posts"}],"about":[{"href":"https:\/\/www.mundoagropecuario.cl\/new\/wp-json\/wp\/v2\/types\/post"}],"author":[{"embeddable":true,"href":"https:\/\/www.mundoagropecuario.cl\/new\/wp-json\/wp\/v2\/users\/2"}],"replies":[{"embeddable":true,"href":"https:\/\/www.mundoagropecuario.cl\/new\/wp-json\/wp\/v2\/comments?post=24356"}],"version-history":[{"count":1,"href":"https:\/\/www.mundoagropecuario.cl\/new\/wp-json\/wp\/v2\/posts\/24356\/revisions"}],"predecessor-version":[{"id":24358,"href":"https:\/\/www.mundoagropecuario.cl\/new\/wp-json\/wp\/v2\/posts\/24356\/revisions\/24358"}],"wp:featuredmedia":[{"embeddable":true,"href":"https:\/\/www.mundoagropecuario.cl\/new\/wp-json\/wp\/v2\/media\/24357"}],"wp:attachment":[{"href":"https:\/\/www.mundoagropecuario.cl\/new\/wp-json\/wp\/v2\/media?parent=24356"}],"wp:term":[{"taxonomy":"category","embeddable":true,"href":"https:\/\/www.mundoagropecuario.cl\/new\/wp-json\/wp\/v2\/categories?post=24356"},{"taxonomy":"post_tag","embeddable":true,"href":"https:\/\/www.mundoagropecuario.cl\/new\/wp-json\/wp\/v2\/tags?post=24356"}],"curies":[{"name":"wp","href":"https:\/\/api.w.org\/{rel}","templated":true}]}}