{"id":24327,"date":"2023-07-03T12:25:23","date_gmt":"2023-07-03T15:25:23","guid":{"rendered":"https:\/\/www.mundoagropecuario.cl\/new\/?p=24327"},"modified":"2023-07-07T14:08:23","modified_gmt":"2023-07-07T17:08:23","slug":"sag-participo-en-importante-asamblea-internacional-para-la-proteccion-de-los-suelos","status":"publish","type":"post","link":"https:\/\/www.mundoagropecuario.cl\/new\/sag-participo-en-importante-asamblea-internacional-para-la-proteccion-de-los-suelos\/","title":{"rendered":"SAG particip\u00f3 en importante asamblea internacional para la protecci\u00f3n de los suelos"},"content":{"rendered":"<p>Una importante participaci\u00f3n tuvo el Servicio Agr\u00edcola y Ganadero, SAG, en la D\u00e9cima Asamblea Plenaria Regional Alianza por el Suelo de Latinoam\u00e9rica y el Caribe (ASLAC), que se llev\u00f3 a cabo en Ciudad de M\u00e9xico entre el 19 y el 22 de junio, oportunidad en la cual nuestro Servicio dio a conocer el trabajo que est\u00e1 liderando para la protecci\u00f3n de los suelos en nuestro pa\u00eds.<\/p>\n<p>En esta Asamblea se dieron a conocer los resultados del proyecto regional \u201cApoyo a la cooperaci\u00f3n regional para la gesti\u00f3n clim\u00e1tica de los ecosistemas agr\u00edcolas con \u00e9nfasis en agua y suelo, adem\u00e1s de fortalecer la cooperaci\u00f3n entre socios estrat\u00e9gicos y ASLAC.<\/p>\n<p>Durante esta Asamblea Regional el funcionario del SAG, Rodrigo Osorio Hermosilla, coordinador nacional del Programa SIRSD-S y punto focal nacional de la Alianza Mundial por el Suelo (AMS), present\u00f3 los principales resultados de la implementaci\u00f3n del Primer Piloto de los Doctores de los Suelos en Chile, realizado en abril de este a\u00f1o en la regi\u00f3n de Los Lagos, con 23 agricultores\/as certificados como Doctores\/as de los Suelos.<\/p>\n<p><a href=\"https:\/\/www.mundoagropecuario.cl\/new\/wp-content\/uploads\/2023\/07\/SAG-1-scaled.jpg\"><img loading=\"lazy\" decoding=\"async\" class=\"alignright wp-image-24329 \" src=\"https:\/\/www.mundoagropecuario.cl\/new\/wp-content\/uploads\/2023\/07\/SAG-1-scaled.jpg\" alt=\"\" width=\"609\" height=\"357\" \/><\/a>Rodrigo Osorio se\u00f1al\u00f3 que, la implementaci\u00f3n de este piloto en nuestro pa\u00eds significa una oportunidad para concientizar en la importancia del suelo (95% de los alimentos se originan en \u00e9l y presta una multiplicidad de servicios ecosistemicos) y para que los agricultores\/as interesados reciban formaci\u00f3n b\u00e1sica y pr\u00e1ctica sobre el suelo y su manejo sostenible. El valor de esta iniciativa es poder trabajar en estrecha colaboraci\u00f3n con los agricultores\/as a nivel de campo, con el objetivo com\u00fan planetario de que nuestros suelos nos proporcionen alimentos saludables para todos y lograr la seguridad alimentaria.<\/p>\n<p>De esta experiencia piloto se esperan extraer lecciones aprendidas y recomendaciones que puedan ser consideradas en el desarrollo de pol\u00edticas p\u00fablicas relacionadas con el manejo sostenible del suelo, debido a que este Programa Global es una iniciativa oportuna, innovadora y en l\u00ednea con las expectativas generales en t\u00e9rminos del apoyo del MINAGRI y de la FAO a los agricultores\/as en el campo. Se espera que constituya un aporte en la extensi\u00f3n agr\u00edcola donde se opera dentro de un sistema de conocimiento m\u00e1s amplio, el tri\u00e1ngulo del conocimiento agr\u00edcola, que representa la investigaci\u00f3n, la extensi\u00f3n y la educaci\u00f3n agr\u00edcola superior, y la necesidad de crear v\u00ednculos entre estas instituciones para promover el aprendizaje y el intercambio y uso del conocimiento en el campo.<\/p>\n","protected":false},"excerpt":{"rendered":"<p>Una importante participaci\u00f3n tuvo el Servicio Agr\u00edcola y Ganadero, SAG, en la D\u00e9cima Asamblea Plenaria Regional Alianza por el Suelo de Latinoam\u00e9rica y el Caribe (ASLAC), que se llev\u00f3 a&#8230;<\/p>\n","protected":false},"author":2,"featured_media":24330,"comment_status":"closed","ping_status":"closed","sticky":false,"template":"","format":"standard","meta":{"footnotes":""},"categories":[1945],"tags":[8122,8123,8121],"class_list":["post-24327","post","type-post","status-publish","format-standard","has-post-thumbnail","hentry","category-agricultura","tag-rodrigo-osorio","tag-rodrigo-osorio-hermosilla","tag-sag-participa-en-la-asamblea-plenaria"],"yoast_head":"<!-- This site is optimized with the Yoast SEO plugin v26.6 - https:\/\/yoast.com\/wordpress\/plugins\/seo\/ -->\n<title>SAG particip\u00f3 en importante asamblea internacional para la protecci\u00f3n de los suelos - Mundoagropecuario<\/title>\n<meta name=\"robots\" content=\"index, follow, max-snippet:-1, max-image-preview:large, max-video-preview:-1\" \/>\n<link rel=\"canonical\" href=\"https:\/\/www.mundoagropecuario.cl\/new\/sag-participo-en-importante-asamblea-internacional-para-la-proteccion-de-los-suelos\/\" \/>\n<meta property=\"og:locale\" content=\"es_ES\" \/>\n<meta property=\"og:type\" content=\"article\" \/>\n<meta property=\"og:title\" content=\"SAG particip\u00f3 en importante asamblea internacional para la protecci\u00f3n de los suelos - Mundoagropecuario\" \/>\n<meta property=\"og:description\" content=\"Una importante participaci\u00f3n tuvo el Servicio Agr\u00edcola y Ganadero, SAG, en la D\u00e9cima Asamblea Plenaria Regional Alianza por el Suelo de Latinoam\u00e9rica y el Caribe (ASLAC), que se llev\u00f3 a...\" \/>\n<meta property=\"og:url\" content=\"https:\/\/www.mundoagropecuario.cl\/new\/sag-participo-en-importante-asamblea-internacional-para-la-proteccion-de-los-suelos\/\" \/>\n<meta property=\"og:site_name\" content=\"Mundoagropecuario\" \/>\n<meta property=\"article:publisher\" content=\"https:\/\/www.facebook.com\/mundo.agropecuario.3\" \/>\n<meta property=\"article:published_time\" content=\"2023-07-03T15:25:23+00:00\" \/>\n<meta property=\"article:modified_time\" content=\"2023-07-07T17:08:23+00:00\" \/>\n<meta property=\"og:image\" content=\"https:\/\/www.mundoagropecuario.cl\/new\/wp-content\/uploads\/2023\/07\/SAG-ROH-M1-scaled.jpg\" \/>\n\t<meta property=\"og:image:width\" content=\"720\" \/>\n\t<meta property=\"og:image:height\" content=\"384\" \/>\n\t<meta property=\"og:image:type\" content=\"image\/jpeg\" \/>\n<meta name=\"author\" content=\"mundo\" \/>\n<meta name=\"twitter:card\" content=\"summary_large_image\" \/>\n<meta name=\"twitter:creator\" content=\"@MundoAgropecuar\" \/>\n<meta name=\"twitter:site\" content=\"@MundoAgropecuar\" \/>\n<meta name=\"twitter:label1\" content=\"Escrito por\" \/>\n\t<meta name=\"twitter:data1\" content=\"mundo\" \/>\n\t<meta name=\"twitter:label2\" content=\"Tiempo de lectura\" \/>\n\t<meta name=\"twitter:data2\" content=\"2 minutos\" \/>\n<script type=\"application\/ld+json\" class=\"yoast-schema-graph\">{\"@context\":\"https:\/\/schema.org\",\"@graph\":[{\"@type\":\"Article\",\"@id\":\"https:\/\/www.mundoagropecuario.cl\/new\/sag-participo-en-importante-asamblea-internacional-para-la-proteccion-de-los-suelos\/#article\",\"isPartOf\":{\"@id\":\"https:\/\/www.mundoagropecuario.cl\/new\/sag-participo-en-importante-asamblea-internacional-para-la-proteccion-de-los-suelos\/\"},\"author\":{\"name\":\"mundo\",\"@id\":\"https:\/\/www.mundoagropecuario.cl\/new\/#\/schema\/person\/4e9f74a82a7dac260eb1c44b7eebeb18\"},\"headline\":\"SAG particip\u00f3 en importante asamblea internacional para la protecci\u00f3n de los suelos\",\"datePublished\":\"2023-07-03T15:25:23+00:00\",\"dateModified\":\"2023-07-07T17:08:23+00:00\",\"mainEntityOfPage\":{\"@id\":\"https:\/\/www.mundoagropecuario.cl\/new\/sag-participo-en-importante-asamblea-internacional-para-la-proteccion-de-los-suelos\/\"},\"wordCount\":442,\"publisher\":{\"@id\":\"https:\/\/www.mundoagropecuario.cl\/new\/#organization\"},\"image\":{\"@id\":\"https:\/\/www.mundoagropecuario.cl\/new\/sag-participo-en-importante-asamblea-internacional-para-la-proteccion-de-los-suelos\/#primaryimage\"},\"thumbnailUrl\":\"https:\/\/www.mundoagropecuario.cl\/new\/wp-content\/uploads\/2023\/07\/SAG-ROH-M1-scaled.jpg\",\"keywords\":[\"Rodrigo Osorio\",\"Rodrigo Osorio Hermosilla\",\"SAG participa en la Asamblea Plenaria\"],\"articleSection\":[\"Agricultura\"],\"inLanguage\":\"es\"},{\"@type\":\"WebPage\",\"@id\":\"https:\/\/www.mundoagropecuario.cl\/new\/sag-participo-en-importante-asamblea-internacional-para-la-proteccion-de-los-suelos\/\",\"url\":\"https:\/\/www.mundoagropecuario.cl\/new\/sag-participo-en-importante-asamblea-internacional-para-la-proteccion-de-los-suelos\/\",\"name\":\"SAG particip\u00f3 en importante asamblea internacional para la protecci\u00f3n de los suelos - Mundoagropecuario\",\"isPartOf\":{\"@id\":\"https:\/\/www.mundoagropecuario.cl\/new\/#website\"},\"primaryImageOfPage\":{\"@id\":\"https:\/\/www.mundoagropecuario.cl\/new\/sag-participo-en-importante-asamblea-internacional-para-la-proteccion-de-los-suelos\/#primaryimage\"},\"image\":{\"@id\":\"https:\/\/www.mundoagropecuario.cl\/new\/sag-participo-en-importante-asamblea-internacional-para-la-proteccion-de-los-suelos\/#primaryimage\"},\"thumbnailUrl\":\"https:\/\/www.mundoagropecuario.cl\/new\/wp-content\/uploads\/2023\/07\/SAG-ROH-M1-scaled.jpg\",\"datePublished\":\"2023-07-03T15:25:23+00:00\",\"dateModified\":\"2023-07-07T17:08:23+00:00\",\"breadcrumb\":{\"@id\":\"https:\/\/www.mundoagropecuario.cl\/new\/sag-participo-en-importante-asamblea-internacional-para-la-proteccion-de-los-suelos\/#breadcrumb\"},\"inLanguage\":\"es\",\"potentialAction\":[{\"@type\":\"ReadAction\",\"target\":[\"https:\/\/www.mundoagropecuario.cl\/new\/sag-participo-en-importante-asamblea-internacional-para-la-proteccion-de-los-suelos\/\"]}]},{\"@type\":\"ImageObject\",\"inLanguage\":\"es\",\"@id\":\"https:\/\/www.mundoagropecuario.cl\/new\/sag-participo-en-importante-asamblea-internacional-para-la-proteccion-de-los-suelos\/#primaryimage\",\"url\":\"https:\/\/www.mundoagropecuario.cl\/new\/wp-content\/uploads\/2023\/07\/SAG-ROH-M1-scaled.jpg\",\"contentUrl\":\"https:\/\/www.mundoagropecuario.cl\/new\/wp-content\/uploads\/2023\/07\/SAG-ROH-M1-scaled.jpg\",\"width\":720,\"height\":384},{\"@type\":\"BreadcrumbList\",\"@id\":\"https:\/\/www.mundoagropecuario.cl\/new\/sag-participo-en-importante-asamblea-internacional-para-la-proteccion-de-los-suelos\/#breadcrumb\",\"itemListElement\":[{\"@type\":\"ListItem\",\"position\":1,\"name\":\"Portada\",\"item\":\"https:\/\/www.mundoagropecuario.cl\/new\/\"},{\"@type\":\"ListItem\",\"position\":2,\"name\":\"SAG particip\u00f3 en importante asamblea internacional para la protecci\u00f3n de los suelos\"}]},{\"@type\":\"WebSite\",\"@id\":\"https:\/\/www.mundoagropecuario.cl\/new\/#website\",\"url\":\"https:\/\/www.mundoagropecuario.cl\/new\/\",\"name\":\"Mundoagropecuario\",\"description\":\"Mundo Agropecuario\",\"publisher\":{\"@id\":\"https:\/\/www.mundoagropecuario.cl\/new\/#organization\"},\"potentialAction\":[{\"@type\":\"SearchAction\",\"target\":{\"@type\":\"EntryPoint\",\"urlTemplate\":\"https:\/\/www.mundoagropecuario.cl\/new\/?s={search_term_string}\"},\"query-input\":{\"@type\":\"PropertyValueSpecification\",\"valueRequired\":true,\"valueName\":\"search_term_string\"}}],\"inLanguage\":\"es\"},{\"@type\":\"Organization\",\"@id\":\"https:\/\/www.mundoagropecuario.cl\/new\/#organization\",\"name\":\"Revista de Agricultura\",\"url\":\"https:\/\/www.mundoagropecuario.cl\/new\/\",\"logo\":{\"@type\":\"ImageObject\",\"inLanguage\":\"es\",\"@id\":\"https:\/\/www.mundoagropecuario.cl\/new\/#\/schema\/logo\/image\/\",\"url\":\"https:\/\/www.mundoagropecuario.cl\/new\/wp-content\/uploads\/2020\/11\/PORTAL-1-1.png\",\"contentUrl\":\"https:\/\/www.mundoagropecuario.cl\/new\/wp-content\/uploads\/2020\/11\/PORTAL-1-1.png\",\"width\":1026,\"height\":100,\"caption\":\"Revista de Agricultura\"},\"image\":{\"@id\":\"https:\/\/www.mundoagropecuario.cl\/new\/#\/schema\/logo\/image\/\"},\"sameAs\":[\"https:\/\/www.facebook.com\/mundo.agropecuario.3\",\"https:\/\/x.com\/MundoAgropecuar\",\"https:\/\/www.linkedin.com\/in\/mundo-agropecuario-934009201\/\"]},{\"@type\":\"Person\",\"@id\":\"https:\/\/www.mundoagropecuario.cl\/new\/#\/schema\/person\/4e9f74a82a7dac260eb1c44b7eebeb18\",\"name\":\"mundo\",\"url\":\"https:\/\/www.mundoagropecuario.cl\/new\/author\/mundo\/\"}]}<\/script>\n<!-- \/ Yoast SEO plugin. -->","yoast_head_json":{"title":"SAG particip\u00f3 en importante asamblea internacional para la protecci\u00f3n de los suelos - Mundoagropecuario","robots":{"index":"index","follow":"follow","max-snippet":"max-snippet:-1","max-image-preview":"max-image-preview:large","max-video-preview":"max-video-preview:-1"},"canonical":"https:\/\/www.mundoagropecuario.cl\/new\/sag-participo-en-importante-asamblea-internacional-para-la-proteccion-de-los-suelos\/","og_locale":"es_ES","og_type":"article","og_title":"SAG particip\u00f3 en importante asamblea internacional para la protecci\u00f3n de los suelos - Mundoagropecuario","og_description":"Una importante participaci\u00f3n tuvo el Servicio Agr\u00edcola y Ganadero, SAG, en la D\u00e9cima Asamblea Plenaria Regional Alianza por el Suelo de Latinoam\u00e9rica y el Caribe (ASLAC), que se llev\u00f3 a...","og_url":"https:\/\/www.mundoagropecuario.cl\/new\/sag-participo-en-importante-asamblea-internacional-para-la-proteccion-de-los-suelos\/","og_site_name":"Mundoagropecuario","article_publisher":"https:\/\/www.facebook.com\/mundo.agropecuario.3","article_published_time":"2023-07-03T15:25:23+00:00","article_modified_time":"2023-07-07T17:08:23+00:00","og_image":[{"width":720,"height":384,"url":"https:\/\/www.mundoagropecuario.cl\/new\/wp-content\/uploads\/2023\/07\/SAG-ROH-M1-scaled.jpg","type":"image\/jpeg"}],"author":"mundo","twitter_card":"summary_large_image","twitter_creator":"@MundoAgropecuar","twitter_site":"@MundoAgropecuar","twitter_misc":{"Escrito por":"mundo","Tiempo de lectura":"2 minutos"},"schema":{"@context":"https:\/\/schema.org","@graph":[{"@type":"Article","@id":"https:\/\/www.mundoagropecuario.cl\/new\/sag-participo-en-importante-asamblea-internacional-para-la-proteccion-de-los-suelos\/#article","isPartOf":{"@id":"https:\/\/www.mundoagropecuario.cl\/new\/sag-participo-en-importante-asamblea-internacional-para-la-proteccion-de-los-suelos\/"},"author":{"name":"mundo","@id":"https:\/\/www.mundoagropecuario.cl\/new\/#\/schema\/person\/4e9f74a82a7dac260eb1c44b7eebeb18"},"headline":"SAG particip\u00f3 en importante asamblea internacional para la protecci\u00f3n de los suelos","datePublished":"2023-07-03T15:25:23+00:00","dateModified":"2023-07-07T17:08:23+00:00","mainEntityOfPage":{"@id":"https:\/\/www.mundoagropecuario.cl\/new\/sag-participo-en-importante-asamblea-internacional-para-la-proteccion-de-los-suelos\/"},"wordCount":442,"publisher":{"@id":"https:\/\/www.mundoagropecuario.cl\/new\/#organization"},"image":{"@id":"https:\/\/www.mundoagropecuario.cl\/new\/sag-participo-en-importante-asamblea-internacional-para-la-proteccion-de-los-suelos\/#primaryimage"},"thumbnailUrl":"https:\/\/www.mundoagropecuario.cl\/new\/wp-content\/uploads\/2023\/07\/SAG-ROH-M1-scaled.jpg","keywords":["Rodrigo Osorio","Rodrigo Osorio Hermosilla","SAG participa en la Asamblea Plenaria"],"articleSection":["Agricultura"],"inLanguage":"es"},{"@type":"WebPage","@id":"https:\/\/www.mundoagropecuario.cl\/new\/sag-participo-en-importante-asamblea-internacional-para-la-proteccion-de-los-suelos\/","url":"https:\/\/www.mundoagropecuario.cl\/new\/sag-participo-en-importante-asamblea-internacional-para-la-proteccion-de-los-suelos\/","name":"SAG particip\u00f3 en importante asamblea internacional para la protecci\u00f3n de los suelos - Mundoagropecuario","isPartOf":{"@id":"https:\/\/www.mundoagropecuario.cl\/new\/#website"},"primaryImageOfPage":{"@id":"https:\/\/www.mundoagropecuario.cl\/new\/sag-participo-en-importante-asamblea-internacional-para-la-proteccion-de-los-suelos\/#primaryimage"},"image":{"@id":"https:\/\/www.mundoagropecuario.cl\/new\/sag-participo-en-importante-asamblea-internacional-para-la-proteccion-de-los-suelos\/#primaryimage"},"thumbnailUrl":"https:\/\/www.mundoagropecuario.cl\/new\/wp-content\/uploads\/2023\/07\/SAG-ROH-M1-scaled.jpg","datePublished":"2023-07-03T15:25:23+00:00","dateModified":"2023-07-07T17:08:23+00:00","breadcrumb":{"@id":"https:\/\/www.mundoagropecuario.cl\/new\/sag-participo-en-importante-asamblea-internacional-para-la-proteccion-de-los-suelos\/#breadcrumb"},"inLanguage":"es","potentialAction":[{"@type":"ReadAction","target":["https:\/\/www.mundoagropecuario.cl\/new\/sag-participo-en-importante-asamblea-internacional-para-la-proteccion-de-los-suelos\/"]}]},{"@type":"ImageObject","inLanguage":"es","@id":"https:\/\/www.mundoagropecuario.cl\/new\/sag-participo-en-importante-asamblea-internacional-para-la-proteccion-de-los-suelos\/#primaryimage","url":"https:\/\/www.mundoagropecuario.cl\/new\/wp-content\/uploads\/2023\/07\/SAG-ROH-M1-scaled.jpg","contentUrl":"https:\/\/www.mundoagropecuario.cl\/new\/wp-content\/uploads\/2023\/07\/SAG-ROH-M1-scaled.jpg","width":720,"height":384},{"@type":"BreadcrumbList","@id":"https:\/\/www.mundoagropecuario.cl\/new\/sag-participo-en-importante-asamblea-internacional-para-la-proteccion-de-los-suelos\/#breadcrumb","itemListElement":[{"@type":"ListItem","position":1,"name":"Portada","item":"https:\/\/www.mundoagropecuario.cl\/new\/"},{"@type":"ListItem","position":2,"name":"SAG particip\u00f3 en importante asamblea internacional para la protecci\u00f3n de los suelos"}]},{"@type":"WebSite","@id":"https:\/\/www.mundoagropecuario.cl\/new\/#website","url":"https:\/\/www.mundoagropecuario.cl\/new\/","name":"Mundoagropecuario","description":"Mundo Agropecuario","publisher":{"@id":"https:\/\/www.mundoagropecuario.cl\/new\/#organization"},"potentialAction":[{"@type":"SearchAction","target":{"@type":"EntryPoint","urlTemplate":"https:\/\/www.mundoagropecuario.cl\/new\/?s={search_term_string}"},"query-input":{"@type":"PropertyValueSpecification","valueRequired":true,"valueName":"search_term_string"}}],"inLanguage":"es"},{"@type":"Organization","@id":"https:\/\/www.mundoagropecuario.cl\/new\/#organization","name":"Revista de Agricultura","url":"https:\/\/www.mundoagropecuario.cl\/new\/","logo":{"@type":"ImageObject","inLanguage":"es","@id":"https:\/\/www.mundoagropecuario.cl\/new\/#\/schema\/logo\/image\/","url":"https:\/\/www.mundoagropecuario.cl\/new\/wp-content\/uploads\/2020\/11\/PORTAL-1-1.png","contentUrl":"https:\/\/www.mundoagropecuario.cl\/new\/wp-content\/uploads\/2020\/11\/PORTAL-1-1.png","width":1026,"height":100,"caption":"Revista de Agricultura"},"image":{"@id":"https:\/\/www.mundoagropecuario.cl\/new\/#\/schema\/logo\/image\/"},"sameAs":["https:\/\/www.facebook.com\/mundo.agropecuario.3","https:\/\/x.com\/MundoAgropecuar","https:\/\/www.linkedin.com\/in\/mundo-agropecuario-934009201\/"]},{"@type":"Person","@id":"https:\/\/www.mundoagropecuario.cl\/new\/#\/schema\/person\/4e9f74a82a7dac260eb1c44b7eebeb18","name":"mundo","url":"https:\/\/www.mundoagropecuario.cl\/new\/author\/mundo\/"}]}},"_links":{"self":[{"href":"https:\/\/www.mundoagropecuario.cl\/new\/wp-json\/wp\/v2\/posts\/24327","targetHints":{"allow":["GET"]}}],"collection":[{"href":"https:\/\/www.mundoagropecuario.cl\/new\/wp-json\/wp\/v2\/posts"}],"about":[{"href":"https:\/\/www.mundoagropecuario.cl\/new\/wp-json\/wp\/v2\/types\/post"}],"author":[{"embeddable":true,"href":"https:\/\/www.mundoagropecuario.cl\/new\/wp-json\/wp\/v2\/users\/2"}],"replies":[{"embeddable":true,"href":"https:\/\/www.mundoagropecuario.cl\/new\/wp-json\/wp\/v2\/comments?post=24327"}],"version-history":[{"count":2,"href":"https:\/\/www.mundoagropecuario.cl\/new\/wp-json\/wp\/v2\/posts\/24327\/revisions"}],"predecessor-version":[{"id":24331,"href":"https:\/\/www.mundoagropecuario.cl\/new\/wp-json\/wp\/v2\/posts\/24327\/revisions\/24331"}],"wp:featuredmedia":[{"embeddable":true,"href":"https:\/\/www.mundoagropecuario.cl\/new\/wp-json\/wp\/v2\/media\/24330"}],"wp:attachment":[{"href":"https:\/\/www.mundoagropecuario.cl\/new\/wp-json\/wp\/v2\/media?parent=24327"}],"wp:term":[{"taxonomy":"category","embeddable":true,"href":"https:\/\/www.mundoagropecuario.cl\/new\/wp-json\/wp\/v2\/categories?post=24327"},{"taxonomy":"post_tag","embeddable":true,"href":"https:\/\/www.mundoagropecuario.cl\/new\/wp-json\/wp\/v2\/tags?post=24327"}],"curies":[{"name":"wp","href":"https:\/\/api.w.org\/{rel}","templated":true}]}}