{"id":24252,"date":"2023-06-19T14:00:18","date_gmt":"2023-06-19T17:00:18","guid":{"rendered":"https:\/\/www.mundoagropecuario.cl\/new\/?p=24252"},"modified":"2023-06-22T11:54:40","modified_gmt":"2023-06-22T14:54:40","slug":"con-gran-asistencia-de-publico-finalizo-festival-la-vaca-de-chocolate-mas-grande-del-mundo","status":"publish","type":"post","link":"https:\/\/www.mundoagropecuario.cl\/new\/con-gran-asistencia-de-publico-finalizo-festival-la-vaca-de-chocolate-mas-grande-del-mundo\/","title":{"rendered":"Con gran asistencia de p\u00fablico, finaliz\u00f3 festival \u201cLa vaca de chocolate m\u00e1s grande del mundo\u201d"},"content":{"rendered":"<p>Durante los tres d\u00edas, adem\u00e1s de la exhibici\u00f3n del ejemplar vacuno chocolatado, el p\u00fablico pudo disfrutar de diversos productos ofrecidos por emprendedores, as\u00ed como de actividades que consideraron cocina en vivo, talleres para ni\u00f1os, catas instructivas, entre otros.<\/p>\n<p><a href=\"https:\/\/www.mundoagropecuario.cl\/new\/wp-content\/uploads\/2023\/06\/FESTIVAL-LA-VACA-1-scaled.jpeg\"><img loading=\"lazy\" decoding=\"async\" class=\"alignleft wp-image-24253 \" src=\"https:\/\/www.mundoagropecuario.cl\/new\/wp-content\/uploads\/2023\/06\/FESTIVAL-LA-VACA-1-scaled.jpeg\" alt=\"\" width=\"519\" height=\"334\" \/><\/a>Como balance de lo realizado este fin de semana, la Presidenta de la C\u00e1mara de Comercio e Industrias, Servicios y Turismo de Osorno A.G., \u00a0Pamela Bert\u00edn indic\u00f3 estar \u201cmuy contentos de poder culminar hoy domingo el festival con una gran cantidad de gente en torno a la vaca de chocolate m\u00e1s grande del mundo. Quiero destacar la participaci\u00f3n y motivaci\u00f3n de todos los osorninos y las personas que han venido desde otras localidades del pa\u00eds. Como C\u00e1mara de Comercio queremos hacer de Osorno una ciudad tur\u00edstica con un sello distintivo gastron\u00f3mico de la zona agr\u00edcola y ganadera del pa\u00eds. Agradecer a la Productora Sol del\u00a0 Sur que nos invit\u00f3 a participar en torno a este proyecto donde la C\u00e1mara de Comercio apunta a potenciar el turismo de invierno y a impulsar la industria y el comercio local sobre estos productos como son la\u00a0 la\u00a0 leche y el chocolate. Vemos con gran alegr\u00eda que esto ha sido un \u00e9xito no solo para quienes organizamos este evento sino tambi\u00e9n para los osorninos que se han hecho parte de este evento haci\u00e9ndolo propio y es eso justamente lo que queremos lograr. Esperamos realizar este festival\u00a0 nuevamente en los pr\u00f3ximos a\u00f1os cada vez con mayores sorpresas, apoyando a instituciones de beneficencia como lo hemos realizado en esta oportunidad,\u00a0 de la mano con la academia como ha sido CFT Santo Tom\u00e1s, acercando al sector privado y p\u00fablico a estos proyectos que ayudan\u00a0 al movimiento y reactivaci\u00f3n econ\u00f3mica de los territorios. puntualiz\u00f3.<\/p>\n<p>Asimismo la Gerenta de la Productora Sol del Sur, Elizabeth Arriagada se\u00f1al\u00f3 que \u201cel festival culmina hoy d\u00eda donde Osorno ha respondido y esperamos que haya estado a la altura. Fue una vaca hermosa con un equipo disciplinario que trabaj\u00f3 arduamente por varios d\u00edas para llegar a esto, a un fin social de vender esta vaquita en beneficio de la Fundaci\u00f3n CEA. El pr\u00f3ximo a\u00f1o crecer\u00e1 m\u00e1s nuestra vaquita y estaremos con un festival establecido que es lo que queremos lograr con nuestra productora\u201d, concluy\u00f3.<\/p>\n<p>\u201cLa vaca de chocolate m\u00e1s grande del mundo\u201d fue una escultura dise\u00f1ada por el escultor Pablo Jofr\u00e9 y elaborada por estudiantes de la carrera de Gastronom\u00eda del CFT Santo Tom\u00e1s Osorno que mide 1.80 de alto por 2 metros de largo, la cual estuvo trabajada en base a chocolate belga, 53% de cacao.<\/p>\n<p>El ejemplar chocolatado se parti\u00f3 a las 18 horas de este domingo y cont\u00f3 con la presencia de cientos de osorninos y visitantes de otras zonas del pa\u00eds expectantes a disfrutar sus bolsas de 100 gramos de este exquisito chocolate, previa compra de tickets, que fue en directo beneficio de la Fundaci\u00f3n CEA Osorno que trabaja con ni\u00f1os y ni\u00f1as con Trastorno del Espectro Autista (TEA).<\/p>\n","protected":false},"excerpt":{"rendered":"<p>Con jornadas llenas de actividades y el troceado de la vaca, culmin\u00f3 el in\u00e9dito festival \u201cLa vaca de chocolate m\u00e1s grande del mundo\u201d, organizado por la C\u00e1mara de Comercio e Industrias, Servicios y Turismo de Osorno A.G.<\/p>\n","protected":false},"author":2,"featured_media":24254,"comment_status":"closed","ping_status":"closed","sticky":false,"template":"","format":"standard","meta":{"footnotes":""},"categories":[1945],"tags":[8070,2090,3127,8069,8067,8068],"class_list":["post-24252","post","type-post","status-publish","format-standard","has-post-thumbnail","hentry","category-agricultura","tag-a-fundacion-cea","tag-agricultura","tag-agro","tag-chocolatado","tag-la-vaca-de-chocolate-mas-grande-del-mundo","tag-productora-sol-del-sur"],"yoast_head":"<!-- This site is optimized with the Yoast SEO plugin v26.6 - https:\/\/yoast.com\/wordpress\/plugins\/seo\/ -->\n<title>Con gran asistencia de p\u00fablico, finaliz\u00f3 festival \u201cLa vaca de chocolate m\u00e1s grande del mundo\u201d - Mundoagropecuario<\/title>\n<meta name=\"description\" content=\"Con jornadas llenas de actividades y el troceado de la vaca, culmin\u00f3 el in\u00e9dito festival \u201cLa vaca de chocolate m\u00e1s grande del mundo\u201d.\" \/>\n<meta name=\"robots\" content=\"index, follow, max-snippet:-1, max-image-preview:large, max-video-preview:-1\" \/>\n<link rel=\"canonical\" href=\"https:\/\/www.mundoagropecuario.cl\/new\/con-gran-asistencia-de-publico-finalizo-festival-la-vaca-de-chocolate-mas-grande-del-mundo\/\" \/>\n<meta property=\"og:locale\" content=\"es_ES\" \/>\n<meta property=\"og:type\" content=\"article\" \/>\n<meta property=\"og:title\" content=\"Con gran asistencia de p\u00fablico, finaliz\u00f3 festival \u201cLa vaca de chocolate m\u00e1s grande del mundo\u201d - Mundoagropecuario\" \/>\n<meta property=\"og:description\" content=\"Con jornadas llenas de actividades y el troceado de la vaca, culmin\u00f3 el in\u00e9dito festival \u201cLa vaca de chocolate m\u00e1s grande del mundo\u201d.\" \/>\n<meta property=\"og:url\" content=\"https:\/\/www.mundoagropecuario.cl\/new\/con-gran-asistencia-de-publico-finalizo-festival-la-vaca-de-chocolate-mas-grande-del-mundo\/\" \/>\n<meta property=\"og:site_name\" content=\"Mundoagropecuario\" \/>\n<meta property=\"article:publisher\" content=\"https:\/\/www.facebook.com\/mundo.agropecuario.3\" \/>\n<meta property=\"article:published_time\" content=\"2023-06-19T17:00:18+00:00\" \/>\n<meta property=\"article:modified_time\" content=\"2023-06-22T14:54:40+00:00\" \/>\n<meta property=\"og:image\" content=\"https:\/\/www.mundoagropecuario.cl\/new\/wp-content\/uploads\/2023\/06\/FESTIVAL-LA-VACA-4-scaled.jpeg\" \/>\n\t<meta property=\"og:image:width\" content=\"720\" \/>\n\t<meta property=\"og:image:height\" content=\"384\" \/>\n\t<meta property=\"og:image:type\" content=\"image\/jpeg\" \/>\n<meta name=\"author\" content=\"mundo\" \/>\n<meta name=\"twitter:card\" content=\"summary_large_image\" \/>\n<meta name=\"twitter:creator\" content=\"@MundoAgropecuar\" \/>\n<meta name=\"twitter:site\" content=\"@MundoAgropecuar\" \/>\n<meta name=\"twitter:label1\" content=\"Escrito por\" \/>\n\t<meta name=\"twitter:data1\" content=\"mundo\" \/>\n\t<meta name=\"twitter:label2\" content=\"Tiempo de lectura\" \/>\n\t<meta name=\"twitter:data2\" content=\"3 minutos\" \/>\n<script type=\"application\/ld+json\" class=\"yoast-schema-graph\">{\"@context\":\"https:\/\/schema.org\",\"@graph\":[{\"@type\":\"Article\",\"@id\":\"https:\/\/www.mundoagropecuario.cl\/new\/con-gran-asistencia-de-publico-finalizo-festival-la-vaca-de-chocolate-mas-grande-del-mundo\/#article\",\"isPartOf\":{\"@id\":\"https:\/\/www.mundoagropecuario.cl\/new\/con-gran-asistencia-de-publico-finalizo-festival-la-vaca-de-chocolate-mas-grande-del-mundo\/\"},\"author\":{\"name\":\"mundo\",\"@id\":\"https:\/\/www.mundoagropecuario.cl\/new\/#\/schema\/person\/4e9f74a82a7dac260eb1c44b7eebeb18\"},\"headline\":\"Con gran asistencia de p\u00fablico, finaliz\u00f3 festival \u201cLa vaca de chocolate m\u00e1s grande del mundo\u201d\",\"datePublished\":\"2023-06-19T17:00:18+00:00\",\"dateModified\":\"2023-06-22T14:54:40+00:00\",\"mainEntityOfPage\":{\"@id\":\"https:\/\/www.mundoagropecuario.cl\/new\/con-gran-asistencia-de-publico-finalizo-festival-la-vaca-de-chocolate-mas-grande-del-mundo\/\"},\"wordCount\":542,\"publisher\":{\"@id\":\"https:\/\/www.mundoagropecuario.cl\/new\/#organization\"},\"image\":{\"@id\":\"https:\/\/www.mundoagropecuario.cl\/new\/con-gran-asistencia-de-publico-finalizo-festival-la-vaca-de-chocolate-mas-grande-del-mundo\/#primaryimage\"},\"thumbnailUrl\":\"https:\/\/www.mundoagropecuario.cl\/new\/wp-content\/uploads\/2023\/06\/FESTIVAL-LA-VACA-4-scaled.jpeg\",\"keywords\":[\"a Fundaci\u00f3n CEA.\",\"Agricultura\",\"Agro\",\"chocolatado\",\"La vaca de chocolate m\u00e1s grande del mundo\",\"Productora Sol del Sur\"],\"articleSection\":[\"Agricultura\"],\"inLanguage\":\"es\"},{\"@type\":\"WebPage\",\"@id\":\"https:\/\/www.mundoagropecuario.cl\/new\/con-gran-asistencia-de-publico-finalizo-festival-la-vaca-de-chocolate-mas-grande-del-mundo\/\",\"url\":\"https:\/\/www.mundoagropecuario.cl\/new\/con-gran-asistencia-de-publico-finalizo-festival-la-vaca-de-chocolate-mas-grande-del-mundo\/\",\"name\":\"Con gran asistencia de p\u00fablico, finaliz\u00f3 festival \u201cLa vaca de chocolate m\u00e1s grande del mundo\u201d - Mundoagropecuario\",\"isPartOf\":{\"@id\":\"https:\/\/www.mundoagropecuario.cl\/new\/#website\"},\"primaryImageOfPage\":{\"@id\":\"https:\/\/www.mundoagropecuario.cl\/new\/con-gran-asistencia-de-publico-finalizo-festival-la-vaca-de-chocolate-mas-grande-del-mundo\/#primaryimage\"},\"image\":{\"@id\":\"https:\/\/www.mundoagropecuario.cl\/new\/con-gran-asistencia-de-publico-finalizo-festival-la-vaca-de-chocolate-mas-grande-del-mundo\/#primaryimage\"},\"thumbnailUrl\":\"https:\/\/www.mundoagropecuario.cl\/new\/wp-content\/uploads\/2023\/06\/FESTIVAL-LA-VACA-4-scaled.jpeg\",\"datePublished\":\"2023-06-19T17:00:18+00:00\",\"dateModified\":\"2023-06-22T14:54:40+00:00\",\"description\":\"Con jornadas llenas de actividades y el troceado de la vaca, culmin\u00f3 el in\u00e9dito festival \u201cLa vaca de chocolate m\u00e1s grande del mundo\u201d.\",\"breadcrumb\":{\"@id\":\"https:\/\/www.mundoagropecuario.cl\/new\/con-gran-asistencia-de-publico-finalizo-festival-la-vaca-de-chocolate-mas-grande-del-mundo\/#breadcrumb\"},\"inLanguage\":\"es\",\"potentialAction\":[{\"@type\":\"ReadAction\",\"target\":[\"https:\/\/www.mundoagropecuario.cl\/new\/con-gran-asistencia-de-publico-finalizo-festival-la-vaca-de-chocolate-mas-grande-del-mundo\/\"]}]},{\"@type\":\"ImageObject\",\"inLanguage\":\"es\",\"@id\":\"https:\/\/www.mundoagropecuario.cl\/new\/con-gran-asistencia-de-publico-finalizo-festival-la-vaca-de-chocolate-mas-grande-del-mundo\/#primaryimage\",\"url\":\"https:\/\/www.mundoagropecuario.cl\/new\/wp-content\/uploads\/2023\/06\/FESTIVAL-LA-VACA-4-scaled.jpeg\",\"contentUrl\":\"https:\/\/www.mundoagropecuario.cl\/new\/wp-content\/uploads\/2023\/06\/FESTIVAL-LA-VACA-4-scaled.jpeg\",\"width\":720,\"height\":384},{\"@type\":\"BreadcrumbList\",\"@id\":\"https:\/\/www.mundoagropecuario.cl\/new\/con-gran-asistencia-de-publico-finalizo-festival-la-vaca-de-chocolate-mas-grande-del-mundo\/#breadcrumb\",\"itemListElement\":[{\"@type\":\"ListItem\",\"position\":1,\"name\":\"Portada\",\"item\":\"https:\/\/www.mundoagropecuario.cl\/new\/\"},{\"@type\":\"ListItem\",\"position\":2,\"name\":\"Con gran asistencia de p\u00fablico, finaliz\u00f3 festival \u201cLa vaca de chocolate m\u00e1s grande del mundo\u201d\"}]},{\"@type\":\"WebSite\",\"@id\":\"https:\/\/www.mundoagropecuario.cl\/new\/#website\",\"url\":\"https:\/\/www.mundoagropecuario.cl\/new\/\",\"name\":\"Mundoagropecuario\",\"description\":\"Mundo Agropecuario\",\"publisher\":{\"@id\":\"https:\/\/www.mundoagropecuario.cl\/new\/#organization\"},\"potentialAction\":[{\"@type\":\"SearchAction\",\"target\":{\"@type\":\"EntryPoint\",\"urlTemplate\":\"https:\/\/www.mundoagropecuario.cl\/new\/?s={search_term_string}\"},\"query-input\":{\"@type\":\"PropertyValueSpecification\",\"valueRequired\":true,\"valueName\":\"search_term_string\"}}],\"inLanguage\":\"es\"},{\"@type\":\"Organization\",\"@id\":\"https:\/\/www.mundoagropecuario.cl\/new\/#organization\",\"name\":\"Revista de Agricultura\",\"url\":\"https:\/\/www.mundoagropecuario.cl\/new\/\",\"logo\":{\"@type\":\"ImageObject\",\"inLanguage\":\"es\",\"@id\":\"https:\/\/www.mundoagropecuario.cl\/new\/#\/schema\/logo\/image\/\",\"url\":\"https:\/\/www.mundoagropecuario.cl\/new\/wp-content\/uploads\/2020\/11\/PORTAL-1-1.png\",\"contentUrl\":\"https:\/\/www.mundoagropecuario.cl\/new\/wp-content\/uploads\/2020\/11\/PORTAL-1-1.png\",\"width\":1026,\"height\":100,\"caption\":\"Revista de Agricultura\"},\"image\":{\"@id\":\"https:\/\/www.mundoagropecuario.cl\/new\/#\/schema\/logo\/image\/\"},\"sameAs\":[\"https:\/\/www.facebook.com\/mundo.agropecuario.3\",\"https:\/\/x.com\/MundoAgropecuar\",\"https:\/\/www.linkedin.com\/in\/mundo-agropecuario-934009201\/\"]},{\"@type\":\"Person\",\"@id\":\"https:\/\/www.mundoagropecuario.cl\/new\/#\/schema\/person\/4e9f74a82a7dac260eb1c44b7eebeb18\",\"name\":\"mundo\",\"url\":\"https:\/\/www.mundoagropecuario.cl\/new\/author\/mundo\/\"}]}<\/script>\n<!-- \/ Yoast SEO plugin. -->","yoast_head_json":{"title":"Con gran asistencia de p\u00fablico, finaliz\u00f3 festival \u201cLa vaca de chocolate m\u00e1s grande del mundo\u201d - Mundoagropecuario","description":"Con jornadas llenas de actividades y el troceado de la vaca, culmin\u00f3 el in\u00e9dito festival \u201cLa vaca de chocolate m\u00e1s grande del mundo\u201d.","robots":{"index":"index","follow":"follow","max-snippet":"max-snippet:-1","max-image-preview":"max-image-preview:large","max-video-preview":"max-video-preview:-1"},"canonical":"https:\/\/www.mundoagropecuario.cl\/new\/con-gran-asistencia-de-publico-finalizo-festival-la-vaca-de-chocolate-mas-grande-del-mundo\/","og_locale":"es_ES","og_type":"article","og_title":"Con gran asistencia de p\u00fablico, finaliz\u00f3 festival \u201cLa vaca de chocolate m\u00e1s grande del mundo\u201d - Mundoagropecuario","og_description":"Con jornadas llenas de actividades y el troceado de la vaca, culmin\u00f3 el in\u00e9dito festival \u201cLa vaca de chocolate m\u00e1s grande del mundo\u201d.","og_url":"https:\/\/www.mundoagropecuario.cl\/new\/con-gran-asistencia-de-publico-finalizo-festival-la-vaca-de-chocolate-mas-grande-del-mundo\/","og_site_name":"Mundoagropecuario","article_publisher":"https:\/\/www.facebook.com\/mundo.agropecuario.3","article_published_time":"2023-06-19T17:00:18+00:00","article_modified_time":"2023-06-22T14:54:40+00:00","og_image":[{"width":720,"height":384,"url":"https:\/\/www.mundoagropecuario.cl\/new\/wp-content\/uploads\/2023\/06\/FESTIVAL-LA-VACA-4-scaled.jpeg","type":"image\/jpeg"}],"author":"mundo","twitter_card":"summary_large_image","twitter_creator":"@MundoAgropecuar","twitter_site":"@MundoAgropecuar","twitter_misc":{"Escrito por":"mundo","Tiempo de lectura":"3 minutos"},"schema":{"@context":"https:\/\/schema.org","@graph":[{"@type":"Article","@id":"https:\/\/www.mundoagropecuario.cl\/new\/con-gran-asistencia-de-publico-finalizo-festival-la-vaca-de-chocolate-mas-grande-del-mundo\/#article","isPartOf":{"@id":"https:\/\/www.mundoagropecuario.cl\/new\/con-gran-asistencia-de-publico-finalizo-festival-la-vaca-de-chocolate-mas-grande-del-mundo\/"},"author":{"name":"mundo","@id":"https:\/\/www.mundoagropecuario.cl\/new\/#\/schema\/person\/4e9f74a82a7dac260eb1c44b7eebeb18"},"headline":"Con gran asistencia de p\u00fablico, finaliz\u00f3 festival \u201cLa vaca de chocolate m\u00e1s grande del mundo\u201d","datePublished":"2023-06-19T17:00:18+00:00","dateModified":"2023-06-22T14:54:40+00:00","mainEntityOfPage":{"@id":"https:\/\/www.mundoagropecuario.cl\/new\/con-gran-asistencia-de-publico-finalizo-festival-la-vaca-de-chocolate-mas-grande-del-mundo\/"},"wordCount":542,"publisher":{"@id":"https:\/\/www.mundoagropecuario.cl\/new\/#organization"},"image":{"@id":"https:\/\/www.mundoagropecuario.cl\/new\/con-gran-asistencia-de-publico-finalizo-festival-la-vaca-de-chocolate-mas-grande-del-mundo\/#primaryimage"},"thumbnailUrl":"https:\/\/www.mundoagropecuario.cl\/new\/wp-content\/uploads\/2023\/06\/FESTIVAL-LA-VACA-4-scaled.jpeg","keywords":["a Fundaci\u00f3n CEA.","Agricultura","Agro","chocolatado","La vaca de chocolate m\u00e1s grande del mundo","Productora Sol del Sur"],"articleSection":["Agricultura"],"inLanguage":"es"},{"@type":"WebPage","@id":"https:\/\/www.mundoagropecuario.cl\/new\/con-gran-asistencia-de-publico-finalizo-festival-la-vaca-de-chocolate-mas-grande-del-mundo\/","url":"https:\/\/www.mundoagropecuario.cl\/new\/con-gran-asistencia-de-publico-finalizo-festival-la-vaca-de-chocolate-mas-grande-del-mundo\/","name":"Con gran asistencia de p\u00fablico, finaliz\u00f3 festival \u201cLa vaca de chocolate m\u00e1s grande del mundo\u201d - Mundoagropecuario","isPartOf":{"@id":"https:\/\/www.mundoagropecuario.cl\/new\/#website"},"primaryImageOfPage":{"@id":"https:\/\/www.mundoagropecuario.cl\/new\/con-gran-asistencia-de-publico-finalizo-festival-la-vaca-de-chocolate-mas-grande-del-mundo\/#primaryimage"},"image":{"@id":"https:\/\/www.mundoagropecuario.cl\/new\/con-gran-asistencia-de-publico-finalizo-festival-la-vaca-de-chocolate-mas-grande-del-mundo\/#primaryimage"},"thumbnailUrl":"https:\/\/www.mundoagropecuario.cl\/new\/wp-content\/uploads\/2023\/06\/FESTIVAL-LA-VACA-4-scaled.jpeg","datePublished":"2023-06-19T17:00:18+00:00","dateModified":"2023-06-22T14:54:40+00:00","description":"Con jornadas llenas de actividades y el troceado de la vaca, culmin\u00f3 el in\u00e9dito festival \u201cLa vaca de chocolate m\u00e1s grande del mundo\u201d.","breadcrumb":{"@id":"https:\/\/www.mundoagropecuario.cl\/new\/con-gran-asistencia-de-publico-finalizo-festival-la-vaca-de-chocolate-mas-grande-del-mundo\/#breadcrumb"},"inLanguage":"es","potentialAction":[{"@type":"ReadAction","target":["https:\/\/www.mundoagropecuario.cl\/new\/con-gran-asistencia-de-publico-finalizo-festival-la-vaca-de-chocolate-mas-grande-del-mundo\/"]}]},{"@type":"ImageObject","inLanguage":"es","@id":"https:\/\/www.mundoagropecuario.cl\/new\/con-gran-asistencia-de-publico-finalizo-festival-la-vaca-de-chocolate-mas-grande-del-mundo\/#primaryimage","url":"https:\/\/www.mundoagropecuario.cl\/new\/wp-content\/uploads\/2023\/06\/FESTIVAL-LA-VACA-4-scaled.jpeg","contentUrl":"https:\/\/www.mundoagropecuario.cl\/new\/wp-content\/uploads\/2023\/06\/FESTIVAL-LA-VACA-4-scaled.jpeg","width":720,"height":384},{"@type":"BreadcrumbList","@id":"https:\/\/www.mundoagropecuario.cl\/new\/con-gran-asistencia-de-publico-finalizo-festival-la-vaca-de-chocolate-mas-grande-del-mundo\/#breadcrumb","itemListElement":[{"@type":"ListItem","position":1,"name":"Portada","item":"https:\/\/www.mundoagropecuario.cl\/new\/"},{"@type":"ListItem","position":2,"name":"Con gran asistencia de p\u00fablico, finaliz\u00f3 festival \u201cLa vaca de chocolate m\u00e1s grande del mundo\u201d"}]},{"@type":"WebSite","@id":"https:\/\/www.mundoagropecuario.cl\/new\/#website","url":"https:\/\/www.mundoagropecuario.cl\/new\/","name":"Mundoagropecuario","description":"Mundo Agropecuario","publisher":{"@id":"https:\/\/www.mundoagropecuario.cl\/new\/#organization"},"potentialAction":[{"@type":"SearchAction","target":{"@type":"EntryPoint","urlTemplate":"https:\/\/www.mundoagropecuario.cl\/new\/?s={search_term_string}"},"query-input":{"@type":"PropertyValueSpecification","valueRequired":true,"valueName":"search_term_string"}}],"inLanguage":"es"},{"@type":"Organization","@id":"https:\/\/www.mundoagropecuario.cl\/new\/#organization","name":"Revista de Agricultura","url":"https:\/\/www.mundoagropecuario.cl\/new\/","logo":{"@type":"ImageObject","inLanguage":"es","@id":"https:\/\/www.mundoagropecuario.cl\/new\/#\/schema\/logo\/image\/","url":"https:\/\/www.mundoagropecuario.cl\/new\/wp-content\/uploads\/2020\/11\/PORTAL-1-1.png","contentUrl":"https:\/\/www.mundoagropecuario.cl\/new\/wp-content\/uploads\/2020\/11\/PORTAL-1-1.png","width":1026,"height":100,"caption":"Revista de Agricultura"},"image":{"@id":"https:\/\/www.mundoagropecuario.cl\/new\/#\/schema\/logo\/image\/"},"sameAs":["https:\/\/www.facebook.com\/mundo.agropecuario.3","https:\/\/x.com\/MundoAgropecuar","https:\/\/www.linkedin.com\/in\/mundo-agropecuario-934009201\/"]},{"@type":"Person","@id":"https:\/\/www.mundoagropecuario.cl\/new\/#\/schema\/person\/4e9f74a82a7dac260eb1c44b7eebeb18","name":"mundo","url":"https:\/\/www.mundoagropecuario.cl\/new\/author\/mundo\/"}]}},"_links":{"self":[{"href":"https:\/\/www.mundoagropecuario.cl\/new\/wp-json\/wp\/v2\/posts\/24252","targetHints":{"allow":["GET"]}}],"collection":[{"href":"https:\/\/www.mundoagropecuario.cl\/new\/wp-json\/wp\/v2\/posts"}],"about":[{"href":"https:\/\/www.mundoagropecuario.cl\/new\/wp-json\/wp\/v2\/types\/post"}],"author":[{"embeddable":true,"href":"https:\/\/www.mundoagropecuario.cl\/new\/wp-json\/wp\/v2\/users\/2"}],"replies":[{"embeddable":true,"href":"https:\/\/www.mundoagropecuario.cl\/new\/wp-json\/wp\/v2\/comments?post=24252"}],"version-history":[{"count":1,"href":"https:\/\/www.mundoagropecuario.cl\/new\/wp-json\/wp\/v2\/posts\/24252\/revisions"}],"predecessor-version":[{"id":24255,"href":"https:\/\/www.mundoagropecuario.cl\/new\/wp-json\/wp\/v2\/posts\/24252\/revisions\/24255"}],"wp:featuredmedia":[{"embeddable":true,"href":"https:\/\/www.mundoagropecuario.cl\/new\/wp-json\/wp\/v2\/media\/24254"}],"wp:attachment":[{"href":"https:\/\/www.mundoagropecuario.cl\/new\/wp-json\/wp\/v2\/media?parent=24252"}],"wp:term":[{"taxonomy":"category","embeddable":true,"href":"https:\/\/www.mundoagropecuario.cl\/new\/wp-json\/wp\/v2\/categories?post=24252"},{"taxonomy":"post_tag","embeddable":true,"href":"https:\/\/www.mundoagropecuario.cl\/new\/wp-json\/wp\/v2\/tags?post=24252"}],"curies":[{"name":"wp","href":"https:\/\/api.w.org\/{rel}","templated":true}]}}