{"id":24079,"date":"2023-05-22T14:32:14","date_gmt":"2023-05-22T17:32:14","guid":{"rendered":"https:\/\/www.mundoagropecuario.cl\/new\/?p=24079"},"modified":"2023-05-26T12:39:47","modified_gmt":"2023-05-26T15:39:47","slug":"como-aportamos-a-la-transicion-hacia-una-produccion-de-alimentos-mas-sostenible","status":"publish","type":"post","link":"https:\/\/www.mundoagropecuario.cl\/new\/como-aportamos-a-la-transicion-hacia-una-produccion-de-alimentos-mas-sostenible\/","title":{"rendered":"\u00bfC\u00f3mo aportamos a la transici\u00f3n hacia una producci\u00f3n de alimentos m\u00e1s sostenible?"},"content":{"rendered":"<p>La transici\u00f3n hacia una producci\u00f3n ganadera y agr\u00edcola m\u00e1s sostenible es uno de los m\u00e1s importantes desaf\u00edos de nuestro sector agroalimentario y por ende una de las grandes metas del Ministerio de Agricultura y del Instituto de Investigaciones Agropecuarias (INIA).<\/p>\n<p>En las regiones de Los R\u00edos y Los Lagos, que concentran la mayor producci\u00f3n de leche y carne bovina, y donde tambi\u00e9n tienen gran relevancia rubros como la producci\u00f3n ovina, de papa, cereales y hortalizas, entre otros, el INIA est\u00e1 llevando a cabo una serie de proyectos que aportan a este gran reto nacional y mundial.<\/p>\n<p>Como parte del Ministerio de Agricultura y socios del Consorcio Lechero estamos participando en el desarrollo de nuevos est\u00e1ndares de sustentabilidad basados en las mejores pr\u00e1cticas para los productores lecheros y nos hemos sumado al programa Chile Origen Consciente, que nos est\u00e1 permitiendo avanzar a paso firme hacia una producci\u00f3n de leche m\u00e1s sostenible.<\/p>\n<p>Junto con ello, tenemos en ejecuci\u00f3n un convenio con la industria l\u00e1ctea Nestl\u00e9, la mayor compa\u00f1\u00eda de alimentos y bebidas del mundo, para aportar a su iniciativa global Agricultura Regenerativa, que est\u00e1 promoviendo mejores pr\u00e1cticas para la protecci\u00f3n del suelo, la gesti\u00f3n del agua y el secuestro de carbono, contribuyendo de esa forma al cuidado del medio ambiente.<\/p>\n<p>Como muestra de lo anterior, recientemente, el vicepresidente global de Agricultura de Nestl\u00e9, Pascal Chapot, destac\u00f3 el trabajo de INIA Remehue luego de visitar diversos ensayos de mediciones de gases de efecto invernadero desde la ganader\u00eda, alternativas de mitigaci\u00f3n, uso de forrajeras adaptadas al cambio clim\u00e1tico y la lecher\u00eda robotizada de nuestro centro regional de investigaci\u00f3n.<\/p>\n<p>En otros rubros podemos destacar tambi\u00e9n el desarrollo de variedades de papa y cereales de alto rendimiento, calidad culinaria y con caracter\u00edsticas mejoradas para un menor uso de fertilizantes, agroqu\u00edmicos y agua, que se encuentran disponibles para los productores.<\/p>\n<p>De hecho, en el Centro Experimental INIA La Pampa, en una decisi\u00f3n informada por la Directora Nacional de INIA, Iris Lobos, este a\u00f1o se plantaron 25 hect\u00e1reas destinadas a\u00a0 la producci\u00f3n de semillas certificadas de papa y 150 hect\u00e1reas de cereales, que junto al n\u00facleo gen\u00e9tico de ganado Angus son importantes aportes a la soberan\u00eda y seguridad alimentaria de la zona sur y el pa\u00eds.<\/p>\n<p>Asimismo, a nivel nacional, en un convenio con INDAP, este a\u00f1o se implementar\u00e1 el Programa de promoci\u00f3n de los cultivos tradicionales sustentables y el Programa de transici\u00f3n a la Agroecolog\u00eda.<\/p>\n<p>Todas iniciativas que estamos realizando a nivel de investigaci\u00f3n y desarrollo est\u00e1n contribuyendo a que el pa\u00eds pueda lograr la meta de la carbono neutralidad al 2050 y al mismo tiempo se relacionan directamente con la seguridad y soberan\u00eda alimentaria y un incremento de la competitividad en base a la innovaci\u00f3n, desarrollo y transferencia tecnol\u00f3gica, dos grandes ejes estrat\u00e9gicos que ha definido el Ministerio de Agricultura que nos permiten avanzar a paso firme hacia una producci\u00f3n agroalimentaria cada vez m\u00e1s sostenible.<\/p>\n<p>Columna de opini\u00f3n: Natalie Urrutia, directora regional INIA<\/p>\n","protected":false},"excerpt":{"rendered":"<p>El INIA est\u00e1 llevando a cabo una serie de iniciativas de investigaci\u00f3n y desarrollo en rubros como la ganader\u00eda de leche y carne y cultivos como papa y cereales, adem\u00e1s de la horticultura con un enfoque agroecol\u00f3gico.<\/p>\n","protected":false},"author":2,"featured_media":24080,"comment_status":"closed","ping_status":"closed","sticky":false,"template":"","format":"standard","meta":{"footnotes":""},"categories":[1945],"tags":[2090,3127,7971,1992,2052,2251,2328,5996,2150],"class_list":["post-24079","post","type-post","status-publish","format-standard","has-post-thumbnail","hentry","category-agricultura","tag-agricultura","tag-agro","tag-directora-regional-inia","tag-indap","tag-inia","tag-lecheria-robotizada","tag-ministerio-de-agricultura","tag-natalie-urrutia","tag-nestle"],"yoast_head":"<!-- This site is optimized with the Yoast SEO plugin v26.6 - https:\/\/yoast.com\/wordpress\/plugins\/seo\/ -->\n<title>\u00bfC\u00f3mo aportamos a la transici\u00f3n hacia una producci\u00f3n de alimentos m\u00e1s sostenible? - Mundoagropecuario<\/title>\n<meta name=\"description\" content=\"El INIA est\u00e1 llevando a cabo una serie de iniciativas de investigaci\u00f3n en rubros como la ganader\u00eda de leche y carne y cultivos como papa.\" \/>\n<meta name=\"robots\" content=\"index, follow, max-snippet:-1, max-image-preview:large, max-video-preview:-1\" \/>\n<link rel=\"canonical\" href=\"https:\/\/www.mundoagropecuario.cl\/new\/como-aportamos-a-la-transicion-hacia-una-produccion-de-alimentos-mas-sostenible\/\" \/>\n<meta property=\"og:locale\" content=\"es_ES\" \/>\n<meta property=\"og:type\" content=\"article\" \/>\n<meta property=\"og:title\" content=\"\u00bfC\u00f3mo aportamos a la transici\u00f3n hacia una producci\u00f3n de alimentos m\u00e1s sostenible? - Mundoagropecuario\" \/>\n<meta property=\"og:description\" content=\"El INIA est\u00e1 llevando a cabo una serie de iniciativas de investigaci\u00f3n en rubros como la ganader\u00eda de leche y carne y cultivos como papa.\" \/>\n<meta property=\"og:url\" content=\"https:\/\/www.mundoagropecuario.cl\/new\/como-aportamos-a-la-transicion-hacia-una-produccion-de-alimentos-mas-sostenible\/\" \/>\n<meta property=\"og:site_name\" content=\"Mundoagropecuario\" \/>\n<meta property=\"article:publisher\" content=\"https:\/\/www.facebook.com\/mundo.agropecuario.3\" \/>\n<meta property=\"article:published_time\" content=\"2023-05-22T17:32:14+00:00\" \/>\n<meta property=\"article:modified_time\" content=\"2023-05-26T15:39:47+00:00\" \/>\n<meta property=\"og:image\" content=\"https:\/\/www.mundoagropecuario.cl\/new\/wp-content\/uploads\/2023\/05\/Natalie-Urrutia-INIA-scaled.jpg\" \/>\n\t<meta property=\"og:image:width\" content=\"720\" \/>\n\t<meta property=\"og:image:height\" content=\"384\" \/>\n\t<meta property=\"og:image:type\" content=\"image\/jpeg\" \/>\n<meta name=\"author\" content=\"mundo\" \/>\n<meta name=\"twitter:card\" content=\"summary_large_image\" \/>\n<meta name=\"twitter:creator\" content=\"@MundoAgropecuar\" \/>\n<meta name=\"twitter:site\" content=\"@MundoAgropecuar\" \/>\n<meta name=\"twitter:label1\" content=\"Escrito por\" \/>\n\t<meta name=\"twitter:data1\" content=\"mundo\" \/>\n\t<meta name=\"twitter:label2\" content=\"Tiempo de lectura\" \/>\n\t<meta name=\"twitter:data2\" content=\"3 minutos\" \/>\n<script type=\"application\/ld+json\" class=\"yoast-schema-graph\">{\"@context\":\"https:\/\/schema.org\",\"@graph\":[{\"@type\":\"Article\",\"@id\":\"https:\/\/www.mundoagropecuario.cl\/new\/como-aportamos-a-la-transicion-hacia-una-produccion-de-alimentos-mas-sostenible\/#article\",\"isPartOf\":{\"@id\":\"https:\/\/www.mundoagropecuario.cl\/new\/como-aportamos-a-la-transicion-hacia-una-produccion-de-alimentos-mas-sostenible\/\"},\"author\":{\"name\":\"mundo\",\"@id\":\"https:\/\/www.mundoagropecuario.cl\/new\/#\/schema\/person\/4e9f74a82a7dac260eb1c44b7eebeb18\"},\"headline\":\"\u00bfC\u00f3mo aportamos a la transici\u00f3n hacia una producci\u00f3n de alimentos m\u00e1s sostenible?\",\"datePublished\":\"2023-05-22T17:32:14+00:00\",\"dateModified\":\"2023-05-26T15:39:47+00:00\",\"mainEntityOfPage\":{\"@id\":\"https:\/\/www.mundoagropecuario.cl\/new\/como-aportamos-a-la-transicion-hacia-una-produccion-de-alimentos-mas-sostenible\/\"},\"wordCount\":551,\"publisher\":{\"@id\":\"https:\/\/www.mundoagropecuario.cl\/new\/#organization\"},\"image\":{\"@id\":\"https:\/\/www.mundoagropecuario.cl\/new\/como-aportamos-a-la-transicion-hacia-una-produccion-de-alimentos-mas-sostenible\/#primaryimage\"},\"thumbnailUrl\":\"https:\/\/www.mundoagropecuario.cl\/new\/wp-content\/uploads\/2023\/05\/Natalie-Urrutia-INIA-scaled.jpg\",\"keywords\":[\"Agricultura\",\"Agro\",\"directora regional INIA\",\"Indap\",\"INIA\",\"Lecher\u00eda robotizada\",\"Ministerio de Agricultura\",\"Natalie Urrutia\",\"Nestl\u00e9\"],\"articleSection\":[\"Agricultura\"],\"inLanguage\":\"es\"},{\"@type\":\"WebPage\",\"@id\":\"https:\/\/www.mundoagropecuario.cl\/new\/como-aportamos-a-la-transicion-hacia-una-produccion-de-alimentos-mas-sostenible\/\",\"url\":\"https:\/\/www.mundoagropecuario.cl\/new\/como-aportamos-a-la-transicion-hacia-una-produccion-de-alimentos-mas-sostenible\/\",\"name\":\"\u00bfC\u00f3mo aportamos a la transici\u00f3n hacia una producci\u00f3n de alimentos m\u00e1s sostenible? - Mundoagropecuario\",\"isPartOf\":{\"@id\":\"https:\/\/www.mundoagropecuario.cl\/new\/#website\"},\"primaryImageOfPage\":{\"@id\":\"https:\/\/www.mundoagropecuario.cl\/new\/como-aportamos-a-la-transicion-hacia-una-produccion-de-alimentos-mas-sostenible\/#primaryimage\"},\"image\":{\"@id\":\"https:\/\/www.mundoagropecuario.cl\/new\/como-aportamos-a-la-transicion-hacia-una-produccion-de-alimentos-mas-sostenible\/#primaryimage\"},\"thumbnailUrl\":\"https:\/\/www.mundoagropecuario.cl\/new\/wp-content\/uploads\/2023\/05\/Natalie-Urrutia-INIA-scaled.jpg\",\"datePublished\":\"2023-05-22T17:32:14+00:00\",\"dateModified\":\"2023-05-26T15:39:47+00:00\",\"description\":\"El INIA est\u00e1 llevando a cabo una serie de iniciativas de investigaci\u00f3n en rubros como la ganader\u00eda de leche y carne y cultivos como papa.\",\"breadcrumb\":{\"@id\":\"https:\/\/www.mundoagropecuario.cl\/new\/como-aportamos-a-la-transicion-hacia-una-produccion-de-alimentos-mas-sostenible\/#breadcrumb\"},\"inLanguage\":\"es\",\"potentialAction\":[{\"@type\":\"ReadAction\",\"target\":[\"https:\/\/www.mundoagropecuario.cl\/new\/como-aportamos-a-la-transicion-hacia-una-produccion-de-alimentos-mas-sostenible\/\"]}]},{\"@type\":\"ImageObject\",\"inLanguage\":\"es\",\"@id\":\"https:\/\/www.mundoagropecuario.cl\/new\/como-aportamos-a-la-transicion-hacia-una-produccion-de-alimentos-mas-sostenible\/#primaryimage\",\"url\":\"https:\/\/www.mundoagropecuario.cl\/new\/wp-content\/uploads\/2023\/05\/Natalie-Urrutia-INIA-scaled.jpg\",\"contentUrl\":\"https:\/\/www.mundoagropecuario.cl\/new\/wp-content\/uploads\/2023\/05\/Natalie-Urrutia-INIA-scaled.jpg\",\"width\":720,\"height\":384},{\"@type\":\"BreadcrumbList\",\"@id\":\"https:\/\/www.mundoagropecuario.cl\/new\/como-aportamos-a-la-transicion-hacia-una-produccion-de-alimentos-mas-sostenible\/#breadcrumb\",\"itemListElement\":[{\"@type\":\"ListItem\",\"position\":1,\"name\":\"Portada\",\"item\":\"https:\/\/www.mundoagropecuario.cl\/new\/\"},{\"@type\":\"ListItem\",\"position\":2,\"name\":\"\u00bfC\u00f3mo aportamos a la transici\u00f3n hacia una producci\u00f3n de alimentos m\u00e1s sostenible?\"}]},{\"@type\":\"WebSite\",\"@id\":\"https:\/\/www.mundoagropecuario.cl\/new\/#website\",\"url\":\"https:\/\/www.mundoagropecuario.cl\/new\/\",\"name\":\"Mundoagropecuario\",\"description\":\"Mundo Agropecuario\",\"publisher\":{\"@id\":\"https:\/\/www.mundoagropecuario.cl\/new\/#organization\"},\"potentialAction\":[{\"@type\":\"SearchAction\",\"target\":{\"@type\":\"EntryPoint\",\"urlTemplate\":\"https:\/\/www.mundoagropecuario.cl\/new\/?s={search_term_string}\"},\"query-input\":{\"@type\":\"PropertyValueSpecification\",\"valueRequired\":true,\"valueName\":\"search_term_string\"}}],\"inLanguage\":\"es\"},{\"@type\":\"Organization\",\"@id\":\"https:\/\/www.mundoagropecuario.cl\/new\/#organization\",\"name\":\"Revista de Agricultura\",\"url\":\"https:\/\/www.mundoagropecuario.cl\/new\/\",\"logo\":{\"@type\":\"ImageObject\",\"inLanguage\":\"es\",\"@id\":\"https:\/\/www.mundoagropecuario.cl\/new\/#\/schema\/logo\/image\/\",\"url\":\"https:\/\/www.mundoagropecuario.cl\/new\/wp-content\/uploads\/2020\/11\/PORTAL-1-1.png\",\"contentUrl\":\"https:\/\/www.mundoagropecuario.cl\/new\/wp-content\/uploads\/2020\/11\/PORTAL-1-1.png\",\"width\":1026,\"height\":100,\"caption\":\"Revista de Agricultura\"},\"image\":{\"@id\":\"https:\/\/www.mundoagropecuario.cl\/new\/#\/schema\/logo\/image\/\"},\"sameAs\":[\"https:\/\/www.facebook.com\/mundo.agropecuario.3\",\"https:\/\/x.com\/MundoAgropecuar\",\"https:\/\/www.linkedin.com\/in\/mundo-agropecuario-934009201\/\"]},{\"@type\":\"Person\",\"@id\":\"https:\/\/www.mundoagropecuario.cl\/new\/#\/schema\/person\/4e9f74a82a7dac260eb1c44b7eebeb18\",\"name\":\"mundo\",\"url\":\"https:\/\/www.mundoagropecuario.cl\/new\/author\/mundo\/\"}]}<\/script>\n<!-- \/ Yoast SEO plugin. -->","yoast_head_json":{"title":"\u00bfC\u00f3mo aportamos a la transici\u00f3n hacia una producci\u00f3n de alimentos m\u00e1s sostenible? - Mundoagropecuario","description":"El INIA est\u00e1 llevando a cabo una serie de iniciativas de investigaci\u00f3n en rubros como la ganader\u00eda de leche y carne y cultivos como papa.","robots":{"index":"index","follow":"follow","max-snippet":"max-snippet:-1","max-image-preview":"max-image-preview:large","max-video-preview":"max-video-preview:-1"},"canonical":"https:\/\/www.mundoagropecuario.cl\/new\/como-aportamos-a-la-transicion-hacia-una-produccion-de-alimentos-mas-sostenible\/","og_locale":"es_ES","og_type":"article","og_title":"\u00bfC\u00f3mo aportamos a la transici\u00f3n hacia una producci\u00f3n de alimentos m\u00e1s sostenible? - Mundoagropecuario","og_description":"El INIA est\u00e1 llevando a cabo una serie de iniciativas de investigaci\u00f3n en rubros como la ganader\u00eda de leche y carne y cultivos como papa.","og_url":"https:\/\/www.mundoagropecuario.cl\/new\/como-aportamos-a-la-transicion-hacia-una-produccion-de-alimentos-mas-sostenible\/","og_site_name":"Mundoagropecuario","article_publisher":"https:\/\/www.facebook.com\/mundo.agropecuario.3","article_published_time":"2023-05-22T17:32:14+00:00","article_modified_time":"2023-05-26T15:39:47+00:00","og_image":[{"width":720,"height":384,"url":"https:\/\/www.mundoagropecuario.cl\/new\/wp-content\/uploads\/2023\/05\/Natalie-Urrutia-INIA-scaled.jpg","type":"image\/jpeg"}],"author":"mundo","twitter_card":"summary_large_image","twitter_creator":"@MundoAgropecuar","twitter_site":"@MundoAgropecuar","twitter_misc":{"Escrito por":"mundo","Tiempo de lectura":"3 minutos"},"schema":{"@context":"https:\/\/schema.org","@graph":[{"@type":"Article","@id":"https:\/\/www.mundoagropecuario.cl\/new\/como-aportamos-a-la-transicion-hacia-una-produccion-de-alimentos-mas-sostenible\/#article","isPartOf":{"@id":"https:\/\/www.mundoagropecuario.cl\/new\/como-aportamos-a-la-transicion-hacia-una-produccion-de-alimentos-mas-sostenible\/"},"author":{"name":"mundo","@id":"https:\/\/www.mundoagropecuario.cl\/new\/#\/schema\/person\/4e9f74a82a7dac260eb1c44b7eebeb18"},"headline":"\u00bfC\u00f3mo aportamos a la transici\u00f3n hacia una producci\u00f3n de alimentos m\u00e1s sostenible?","datePublished":"2023-05-22T17:32:14+00:00","dateModified":"2023-05-26T15:39:47+00:00","mainEntityOfPage":{"@id":"https:\/\/www.mundoagropecuario.cl\/new\/como-aportamos-a-la-transicion-hacia-una-produccion-de-alimentos-mas-sostenible\/"},"wordCount":551,"publisher":{"@id":"https:\/\/www.mundoagropecuario.cl\/new\/#organization"},"image":{"@id":"https:\/\/www.mundoagropecuario.cl\/new\/como-aportamos-a-la-transicion-hacia-una-produccion-de-alimentos-mas-sostenible\/#primaryimage"},"thumbnailUrl":"https:\/\/www.mundoagropecuario.cl\/new\/wp-content\/uploads\/2023\/05\/Natalie-Urrutia-INIA-scaled.jpg","keywords":["Agricultura","Agro","directora regional INIA","Indap","INIA","Lecher\u00eda robotizada","Ministerio de Agricultura","Natalie Urrutia","Nestl\u00e9"],"articleSection":["Agricultura"],"inLanguage":"es"},{"@type":"WebPage","@id":"https:\/\/www.mundoagropecuario.cl\/new\/como-aportamos-a-la-transicion-hacia-una-produccion-de-alimentos-mas-sostenible\/","url":"https:\/\/www.mundoagropecuario.cl\/new\/como-aportamos-a-la-transicion-hacia-una-produccion-de-alimentos-mas-sostenible\/","name":"\u00bfC\u00f3mo aportamos a la transici\u00f3n hacia una producci\u00f3n de alimentos m\u00e1s sostenible? - Mundoagropecuario","isPartOf":{"@id":"https:\/\/www.mundoagropecuario.cl\/new\/#website"},"primaryImageOfPage":{"@id":"https:\/\/www.mundoagropecuario.cl\/new\/como-aportamos-a-la-transicion-hacia-una-produccion-de-alimentos-mas-sostenible\/#primaryimage"},"image":{"@id":"https:\/\/www.mundoagropecuario.cl\/new\/como-aportamos-a-la-transicion-hacia-una-produccion-de-alimentos-mas-sostenible\/#primaryimage"},"thumbnailUrl":"https:\/\/www.mundoagropecuario.cl\/new\/wp-content\/uploads\/2023\/05\/Natalie-Urrutia-INIA-scaled.jpg","datePublished":"2023-05-22T17:32:14+00:00","dateModified":"2023-05-26T15:39:47+00:00","description":"El INIA est\u00e1 llevando a cabo una serie de iniciativas de investigaci\u00f3n en rubros como la ganader\u00eda de leche y carne y cultivos como papa.","breadcrumb":{"@id":"https:\/\/www.mundoagropecuario.cl\/new\/como-aportamos-a-la-transicion-hacia-una-produccion-de-alimentos-mas-sostenible\/#breadcrumb"},"inLanguage":"es","potentialAction":[{"@type":"ReadAction","target":["https:\/\/www.mundoagropecuario.cl\/new\/como-aportamos-a-la-transicion-hacia-una-produccion-de-alimentos-mas-sostenible\/"]}]},{"@type":"ImageObject","inLanguage":"es","@id":"https:\/\/www.mundoagropecuario.cl\/new\/como-aportamos-a-la-transicion-hacia-una-produccion-de-alimentos-mas-sostenible\/#primaryimage","url":"https:\/\/www.mundoagropecuario.cl\/new\/wp-content\/uploads\/2023\/05\/Natalie-Urrutia-INIA-scaled.jpg","contentUrl":"https:\/\/www.mundoagropecuario.cl\/new\/wp-content\/uploads\/2023\/05\/Natalie-Urrutia-INIA-scaled.jpg","width":720,"height":384},{"@type":"BreadcrumbList","@id":"https:\/\/www.mundoagropecuario.cl\/new\/como-aportamos-a-la-transicion-hacia-una-produccion-de-alimentos-mas-sostenible\/#breadcrumb","itemListElement":[{"@type":"ListItem","position":1,"name":"Portada","item":"https:\/\/www.mundoagropecuario.cl\/new\/"},{"@type":"ListItem","position":2,"name":"\u00bfC\u00f3mo aportamos a la transici\u00f3n hacia una producci\u00f3n de alimentos m\u00e1s sostenible?"}]},{"@type":"WebSite","@id":"https:\/\/www.mundoagropecuario.cl\/new\/#website","url":"https:\/\/www.mundoagropecuario.cl\/new\/","name":"Mundoagropecuario","description":"Mundo Agropecuario","publisher":{"@id":"https:\/\/www.mundoagropecuario.cl\/new\/#organization"},"potentialAction":[{"@type":"SearchAction","target":{"@type":"EntryPoint","urlTemplate":"https:\/\/www.mundoagropecuario.cl\/new\/?s={search_term_string}"},"query-input":{"@type":"PropertyValueSpecification","valueRequired":true,"valueName":"search_term_string"}}],"inLanguage":"es"},{"@type":"Organization","@id":"https:\/\/www.mundoagropecuario.cl\/new\/#organization","name":"Revista de Agricultura","url":"https:\/\/www.mundoagropecuario.cl\/new\/","logo":{"@type":"ImageObject","inLanguage":"es","@id":"https:\/\/www.mundoagropecuario.cl\/new\/#\/schema\/logo\/image\/","url":"https:\/\/www.mundoagropecuario.cl\/new\/wp-content\/uploads\/2020\/11\/PORTAL-1-1.png","contentUrl":"https:\/\/www.mundoagropecuario.cl\/new\/wp-content\/uploads\/2020\/11\/PORTAL-1-1.png","width":1026,"height":100,"caption":"Revista de Agricultura"},"image":{"@id":"https:\/\/www.mundoagropecuario.cl\/new\/#\/schema\/logo\/image\/"},"sameAs":["https:\/\/www.facebook.com\/mundo.agropecuario.3","https:\/\/x.com\/MundoAgropecuar","https:\/\/www.linkedin.com\/in\/mundo-agropecuario-934009201\/"]},{"@type":"Person","@id":"https:\/\/www.mundoagropecuario.cl\/new\/#\/schema\/person\/4e9f74a82a7dac260eb1c44b7eebeb18","name":"mundo","url":"https:\/\/www.mundoagropecuario.cl\/new\/author\/mundo\/"}]}},"_links":{"self":[{"href":"https:\/\/www.mundoagropecuario.cl\/new\/wp-json\/wp\/v2\/posts\/24079","targetHints":{"allow":["GET"]}}],"collection":[{"href":"https:\/\/www.mundoagropecuario.cl\/new\/wp-json\/wp\/v2\/posts"}],"about":[{"href":"https:\/\/www.mundoagropecuario.cl\/new\/wp-json\/wp\/v2\/types\/post"}],"author":[{"embeddable":true,"href":"https:\/\/www.mundoagropecuario.cl\/new\/wp-json\/wp\/v2\/users\/2"}],"replies":[{"embeddable":true,"href":"https:\/\/www.mundoagropecuario.cl\/new\/wp-json\/wp\/v2\/comments?post=24079"}],"version-history":[{"count":1,"href":"https:\/\/www.mundoagropecuario.cl\/new\/wp-json\/wp\/v2\/posts\/24079\/revisions"}],"predecessor-version":[{"id":24081,"href":"https:\/\/www.mundoagropecuario.cl\/new\/wp-json\/wp\/v2\/posts\/24079\/revisions\/24081"}],"wp:featuredmedia":[{"embeddable":true,"href":"https:\/\/www.mundoagropecuario.cl\/new\/wp-json\/wp\/v2\/media\/24080"}],"wp:attachment":[{"href":"https:\/\/www.mundoagropecuario.cl\/new\/wp-json\/wp\/v2\/media?parent=24079"}],"wp:term":[{"taxonomy":"category","embeddable":true,"href":"https:\/\/www.mundoagropecuario.cl\/new\/wp-json\/wp\/v2\/categories?post=24079"},{"taxonomy":"post_tag","embeddable":true,"href":"https:\/\/www.mundoagropecuario.cl\/new\/wp-json\/wp\/v2\/tags?post=24079"}],"curies":[{"name":"wp","href":"https:\/\/api.w.org\/{rel}","templated":true}]}}