{"id":24052,"date":"2023-05-18T19:50:40","date_gmt":"2023-05-18T22:50:40","guid":{"rendered":"https:\/\/www.mundoagropecuario.cl\/new\/?p=24052"},"modified":"2023-05-25T13:30:38","modified_gmt":"2023-05-25T16:30:38","slug":"inia-publica-tutorial-sobre-plataforma-que-monitorea-el-tizon-tardio-de-la-papa","status":"publish","type":"post","link":"https:\/\/www.mundoagropecuario.cl\/new\/inia-publica-tutorial-sobre-plataforma-que-monitorea-el-tizon-tardio-de-la-papa\/","title":{"rendered":"INIA publica tutorial sobre plataforma que monitorea el Tiz\u00f3n tardio de la papa"},"content":{"rendered":"<p>El sistema, desarrollado por Instituto de Investigaciones Agropecuarias (INIA) de Chile con el apoyo del sector p\u00fablico y privado, utiliza datos meteorol\u00f3gicos junto a informaci\u00f3n epidemiol\u00f3gica de la enfermedad para estimar los momentos \u00f3ptimos de control, permite ahorrar recursos y realizar un manejo integrado m\u00e1s sustentable de esta enfermedad, especialmente en la agricultura familiar campesina.<\/p>\n<p><a href=\"https:\/\/www.mundoagropecuario.cl\/new\/wp-content\/uploads\/2023\/05\/alerta-tizo\u0301n-ok.jpg\"><img loading=\"lazy\" decoding=\"async\" class=\" wp-image-24054 alignleft\" src=\"https:\/\/www.mundoagropecuario.cl\/new\/wp-content\/uploads\/2023\/05\/alerta-tizo\u0301n-ok-586x313.jpg\" alt=\"\" width=\"542\" height=\"302\" \/><\/a> Constanza Sep\u00falveda, extensionista de INIA Remehue, explic\u00f3 que \u201cesta valiosa herramienta de apoyo a la toma de decisiones para los productores de papa, se est\u00e1 dando a conocer no s\u00f3lo en Chile sino tambi\u00e9n ha servido de modelo para otros pa\u00edses, gracias al proyecto FONTAGRO: Implementaci\u00f3n de un sistema de alerta temprana para un manejo preventivo sustentable del Tiz\u00f3n tard\u00edo de la papa (Phytophthorainfestans), como medida de adaptaci\u00f3n frente a la variabilidad del cambio clim\u00e1tico en Latinoam\u00e9rica, en el que participan Chile, Argentina, Ecuador y Panam\u00e1\u201d.<\/p>\n<p>La profesional del INIA y autora del video a\u00f1adi\u00f3 que \u201cel sistema de alerta temprana ayuda a los usuarios, ya sean agricultores o asesores, a tomar decisiones para un manejo eficiente y sustentable de la enfermedad; disminuyendo p\u00e9rdidas productivas y econ\u00f3micas, ayudando adem\u00e1s al cuidado del medio ambiente y mejorando la calidad de vida de los agricultores y agricultoras\u201d.<\/p>\n<p>Para acceder a la plataforma se debe ingresar a https:\/\/tizon.inia.cl\/ mientras que el video que explica su funcionamiento est\u00e1 disponible en la biblioteca digital de INIA, tambi\u00e9n en\u00a0 youtube https:\/\/www.youtube.com\/embed\/mit7_9W-3qI y en las redes sociales de INIA Remehue e INIA a nivel nacional.<\/p>\n<p>Para Ivette Acu\u00f1a, fitopat\u00f3loga y directora del proyecto, \u201cel uso de informaci\u00f3n basada en alertas temprana ayuda a los <a href=\"https:\/\/www.mundoagropecuario.cl\/new\/wp-content\/uploads\/2023\/05\/alerta-tizo\u0301n-2.jpg\"><img loading=\"lazy\" decoding=\"async\" class=\"size-medium wp-image-24053 alignright\" src=\"https:\/\/www.mundoagropecuario.cl\/new\/wp-content\/uploads\/2023\/05\/alerta-tizo\u0301n-2-586x313.jpg\" alt=\"\" width=\"586\" height=\"313\" srcset=\"https:\/\/www.mundoagropecuario.cl\/new\/wp-content\/uploads\/2023\/05\/alerta-tizo\u0301n-2-586x313.jpg 586w, https:\/\/www.mundoagropecuario.cl\/new\/wp-content\/uploads\/2023\/05\/alerta-tizo\u0301n-2.jpg 720w\" sizes=\"auto, (max-width: 586px) 100vw, 586px\" \/><\/a>agricultores a realizar un control qu\u00edmico en forma oportuna y eficiente y solo cuando es necesario. As\u00ed esta informaci\u00f3n, junto a capacitaciones en manejo integrado y buenas pr\u00e1cticas agr\u00edcolas, est\u00e1 contribuyendo a la adaptaci\u00f3n y mitigaci\u00f3n al cambio clim\u00e1tico para la intensificaci\u00f3n sostenible de la producci\u00f3n de papa\u201d.<\/p>\n<p>Otro aspecto importante es que en este proyecto se ha generado una plataforma regional de especialistas en papa con capacidades t\u00e9cnicas para la implementaci\u00f3n de medidas de manejo con un enfoque sustentable en los 4 pa\u00edses participantes.<\/p>\n<p><strong>Impacto regional<\/strong><\/p>\n<p>En esta iniciativa participan instituciones y agricultores de distintos puntos de Latinoam\u00e9rica, entre ellos el Instituto de Investigaciones Agropecuarias (INIA) de Chile como ejecutor del proyecto, junto al Instituto de Innovaci\u00f3n Agropecuaria (IDIAP) de Panam\u00e1; el Instituto Nacional de Investigaciones Agropecuarias (INIAP) de Ecuador; el Instituto Nacional de Tecnolog\u00eda Agropecuaria (INTA) de Argentina y el Instituto Interamericano de Cooperaci\u00f3n para la Agricultura (IICA) de Ecuador.<\/p>\n<p>Como asociados est\u00e1n colaborando el Consorcio Papa Chile, la Direcci\u00f3n Meteorol\u00f3gica de Chile (DMC) de Chile, la municipalidad junto a asesores t\u00e9cnicos y productores y productoras de papa de Puqueld\u00f3n, as\u00ed como productores y comercializadores de Hortalizas Caballero S.A. de Panam\u00e1.<\/p>\n<p><iframe loading=\"lazy\" title=\"Plataforma de alerta temprana para el manejo del Tiz\u00f3n tard\u00edo de la papa\" width=\"604\" height=\"340\" src=\"https:\/\/www.youtube.com\/embed\/mit7_9W-3qI\" frameborder=\"0\" allow=\"accelerometer; autoplay; clipboard-write; encrypted-media; gyroscope; picture-in-picture; web-share\" referrerpolicy=\"strict-origin-when-cross-origin\" allowfullscreen><\/iframe><\/p>\n","protected":false},"excerpt":{"rendered":"<p>A trav\u00e9s de un video recientemente publicado, el INIA dio a conocer, paso a paso, c\u00f3mo usar la plataforma de alerta temprana para el Tiz\u00f3n tard\u00edo de la papa, una de las m\u00e1s graves enfermedades que afectan a este cultivo en Chile y el mundo.<\/p>\n","protected":false},"author":2,"featured_media":24066,"comment_status":"closed","ping_status":"closed","sticky":false,"template":"","format":"standard","meta":{"footnotes":""},"categories":[1945],"tags":[2090,3127,7969,2063,2052,1993,2128,6047],"class_list":["post-24052","post","type-post","status-publish","format-standard","has-post-thumbnail","hentry","category-agricultura","tag-agricultura","tag-agro","tag-constanza-sepulveda","tag-fontagro","tag-inia","tag-inia-remehue","tag-papas","tag-tizon-tardio-de-la-papa"],"yoast_head":"<!-- This site is optimized with the Yoast SEO plugin v26.6 - https:\/\/yoast.com\/wordpress\/plugins\/seo\/ -->\n<title>INIA publica tutorial sobre plataforma que monitorea el Tiz\u00f3n tardio de la papa - Mundoagropecuario<\/title>\n<meta name=\"description\" content=\"Un video recientemente publicado, el INIA dio a conocer, c\u00f3mo usar la plataforma de alerta temprana para el Tiz\u00f3n tard\u00edo de la papa.\" \/>\n<meta name=\"robots\" content=\"index, follow, max-snippet:-1, max-image-preview:large, max-video-preview:-1\" \/>\n<link rel=\"canonical\" href=\"https:\/\/www.mundoagropecuario.cl\/new\/inia-publica-tutorial-sobre-plataforma-que-monitorea-el-tizon-tardio-de-la-papa\/\" \/>\n<meta property=\"og:locale\" content=\"es_ES\" \/>\n<meta property=\"og:type\" content=\"article\" \/>\n<meta property=\"og:title\" content=\"INIA publica tutorial sobre plataforma que monitorea el Tiz\u00f3n tardio de la papa - Mundoagropecuario\" \/>\n<meta property=\"og:description\" content=\"Un video recientemente publicado, el INIA dio a conocer, c\u00f3mo usar la plataforma de alerta temprana para el Tiz\u00f3n tard\u00edo de la papa.\" \/>\n<meta property=\"og:url\" content=\"https:\/\/www.mundoagropecuario.cl\/new\/inia-publica-tutorial-sobre-plataforma-que-monitorea-el-tizon-tardio-de-la-papa\/\" \/>\n<meta property=\"og:site_name\" content=\"Mundoagropecuario\" \/>\n<meta property=\"article:publisher\" content=\"https:\/\/www.facebook.com\/mundo.agropecuario.3\" \/>\n<meta property=\"article:published_time\" content=\"2023-05-18T22:50:40+00:00\" \/>\n<meta property=\"article:modified_time\" content=\"2023-05-25T16:30:38+00:00\" \/>\n<meta property=\"og:image\" content=\"https:\/\/www.mundoagropecuario.cl\/new\/wp-content\/uploads\/2023\/05\/admin-ajax.jpeg\" \/>\n\t<meta property=\"og:image:width\" content=\"400\" \/>\n\t<meta property=\"og:image:height\" content=\"213\" \/>\n\t<meta property=\"og:image:type\" content=\"image\/jpeg\" \/>\n<meta name=\"author\" content=\"mundo\" \/>\n<meta name=\"twitter:card\" content=\"summary_large_image\" \/>\n<meta name=\"twitter:creator\" content=\"@MundoAgropecuar\" \/>\n<meta name=\"twitter:site\" content=\"@MundoAgropecuar\" \/>\n<meta name=\"twitter:label1\" content=\"Escrito por\" \/>\n\t<meta name=\"twitter:data1\" content=\"mundo\" \/>\n\t<meta name=\"twitter:label2\" content=\"Tiempo de lectura\" \/>\n\t<meta name=\"twitter:data2\" content=\"3 minutos\" \/>\n<script type=\"application\/ld+json\" class=\"yoast-schema-graph\">{\"@context\":\"https:\/\/schema.org\",\"@graph\":[{\"@type\":\"Article\",\"@id\":\"https:\/\/www.mundoagropecuario.cl\/new\/inia-publica-tutorial-sobre-plataforma-que-monitorea-el-tizon-tardio-de-la-papa\/#article\",\"isPartOf\":{\"@id\":\"https:\/\/www.mundoagropecuario.cl\/new\/inia-publica-tutorial-sobre-plataforma-que-monitorea-el-tizon-tardio-de-la-papa\/\"},\"author\":{\"name\":\"mundo\",\"@id\":\"https:\/\/www.mundoagropecuario.cl\/new\/#\/schema\/person\/4e9f74a82a7dac260eb1c44b7eebeb18\"},\"headline\":\"INIA publica tutorial sobre plataforma que monitorea el Tiz\u00f3n tardio de la papa\",\"datePublished\":\"2023-05-18T22:50:40+00:00\",\"dateModified\":\"2023-05-25T16:30:38+00:00\",\"mainEntityOfPage\":{\"@id\":\"https:\/\/www.mundoagropecuario.cl\/new\/inia-publica-tutorial-sobre-plataforma-que-monitorea-el-tizon-tardio-de-la-papa\/\"},\"wordCount\":532,\"publisher\":{\"@id\":\"https:\/\/www.mundoagropecuario.cl\/new\/#organization\"},\"image\":{\"@id\":\"https:\/\/www.mundoagropecuario.cl\/new\/inia-publica-tutorial-sobre-plataforma-que-monitorea-el-tizon-tardio-de-la-papa\/#primaryimage\"},\"thumbnailUrl\":\"https:\/\/www.mundoagropecuario.cl\/new\/wp-content\/uploads\/2023\/05\/admin-ajax.jpeg\",\"keywords\":[\"Agricultura\",\"Agro\",\"Constanza Sep\u00falveda\",\"Fontagro\",\"INIA\",\"INIA Remehue\",\"Papas\",\"tiz\u00f3n tard\u00edo de la papa\"],\"articleSection\":[\"Agricultura\"],\"inLanguage\":\"es\"},{\"@type\":\"WebPage\",\"@id\":\"https:\/\/www.mundoagropecuario.cl\/new\/inia-publica-tutorial-sobre-plataforma-que-monitorea-el-tizon-tardio-de-la-papa\/\",\"url\":\"https:\/\/www.mundoagropecuario.cl\/new\/inia-publica-tutorial-sobre-plataforma-que-monitorea-el-tizon-tardio-de-la-papa\/\",\"name\":\"INIA publica tutorial sobre plataforma que monitorea el Tiz\u00f3n tardio de la papa - Mundoagropecuario\",\"isPartOf\":{\"@id\":\"https:\/\/www.mundoagropecuario.cl\/new\/#website\"},\"primaryImageOfPage\":{\"@id\":\"https:\/\/www.mundoagropecuario.cl\/new\/inia-publica-tutorial-sobre-plataforma-que-monitorea-el-tizon-tardio-de-la-papa\/#primaryimage\"},\"image\":{\"@id\":\"https:\/\/www.mundoagropecuario.cl\/new\/inia-publica-tutorial-sobre-plataforma-que-monitorea-el-tizon-tardio-de-la-papa\/#primaryimage\"},\"thumbnailUrl\":\"https:\/\/www.mundoagropecuario.cl\/new\/wp-content\/uploads\/2023\/05\/admin-ajax.jpeg\",\"datePublished\":\"2023-05-18T22:50:40+00:00\",\"dateModified\":\"2023-05-25T16:30:38+00:00\",\"description\":\"Un video recientemente publicado, el INIA dio a conocer, c\u00f3mo usar la plataforma de alerta temprana para el Tiz\u00f3n tard\u00edo de la papa.\",\"breadcrumb\":{\"@id\":\"https:\/\/www.mundoagropecuario.cl\/new\/inia-publica-tutorial-sobre-plataforma-que-monitorea-el-tizon-tardio-de-la-papa\/#breadcrumb\"},\"inLanguage\":\"es\",\"potentialAction\":[{\"@type\":\"ReadAction\",\"target\":[\"https:\/\/www.mundoagropecuario.cl\/new\/inia-publica-tutorial-sobre-plataforma-que-monitorea-el-tizon-tardio-de-la-papa\/\"]}]},{\"@type\":\"ImageObject\",\"inLanguage\":\"es\",\"@id\":\"https:\/\/www.mundoagropecuario.cl\/new\/inia-publica-tutorial-sobre-plataforma-que-monitorea-el-tizon-tardio-de-la-papa\/#primaryimage\",\"url\":\"https:\/\/www.mundoagropecuario.cl\/new\/wp-content\/uploads\/2023\/05\/admin-ajax.jpeg\",\"contentUrl\":\"https:\/\/www.mundoagropecuario.cl\/new\/wp-content\/uploads\/2023\/05\/admin-ajax.jpeg\",\"width\":400,\"height\":213},{\"@type\":\"BreadcrumbList\",\"@id\":\"https:\/\/www.mundoagropecuario.cl\/new\/inia-publica-tutorial-sobre-plataforma-que-monitorea-el-tizon-tardio-de-la-papa\/#breadcrumb\",\"itemListElement\":[{\"@type\":\"ListItem\",\"position\":1,\"name\":\"Portada\",\"item\":\"https:\/\/www.mundoagropecuario.cl\/new\/\"},{\"@type\":\"ListItem\",\"position\":2,\"name\":\"INIA publica tutorial sobre plataforma que monitorea el Tiz\u00f3n tardio de la papa\"}]},{\"@type\":\"WebSite\",\"@id\":\"https:\/\/www.mundoagropecuario.cl\/new\/#website\",\"url\":\"https:\/\/www.mundoagropecuario.cl\/new\/\",\"name\":\"Mundoagropecuario\",\"description\":\"Mundo Agropecuario\",\"publisher\":{\"@id\":\"https:\/\/www.mundoagropecuario.cl\/new\/#organization\"},\"potentialAction\":[{\"@type\":\"SearchAction\",\"target\":{\"@type\":\"EntryPoint\",\"urlTemplate\":\"https:\/\/www.mundoagropecuario.cl\/new\/?s={search_term_string}\"},\"query-input\":{\"@type\":\"PropertyValueSpecification\",\"valueRequired\":true,\"valueName\":\"search_term_string\"}}],\"inLanguage\":\"es\"},{\"@type\":\"Organization\",\"@id\":\"https:\/\/www.mundoagropecuario.cl\/new\/#organization\",\"name\":\"Revista de Agricultura\",\"url\":\"https:\/\/www.mundoagropecuario.cl\/new\/\",\"logo\":{\"@type\":\"ImageObject\",\"inLanguage\":\"es\",\"@id\":\"https:\/\/www.mundoagropecuario.cl\/new\/#\/schema\/logo\/image\/\",\"url\":\"https:\/\/www.mundoagropecuario.cl\/new\/wp-content\/uploads\/2020\/11\/PORTAL-1-1.png\",\"contentUrl\":\"https:\/\/www.mundoagropecuario.cl\/new\/wp-content\/uploads\/2020\/11\/PORTAL-1-1.png\",\"width\":1026,\"height\":100,\"caption\":\"Revista de Agricultura\"},\"image\":{\"@id\":\"https:\/\/www.mundoagropecuario.cl\/new\/#\/schema\/logo\/image\/\"},\"sameAs\":[\"https:\/\/www.facebook.com\/mundo.agropecuario.3\",\"https:\/\/x.com\/MundoAgropecuar\",\"https:\/\/www.linkedin.com\/in\/mundo-agropecuario-934009201\/\"]},{\"@type\":\"Person\",\"@id\":\"https:\/\/www.mundoagropecuario.cl\/new\/#\/schema\/person\/4e9f74a82a7dac260eb1c44b7eebeb18\",\"name\":\"mundo\",\"url\":\"https:\/\/www.mundoagropecuario.cl\/new\/author\/mundo\/\"}]}<\/script>\n<!-- \/ Yoast SEO plugin. -->","yoast_head_json":{"title":"INIA publica tutorial sobre plataforma que monitorea el Tiz\u00f3n tardio de la papa - Mundoagropecuario","description":"Un video recientemente publicado, el INIA dio a conocer, c\u00f3mo usar la plataforma de alerta temprana para el Tiz\u00f3n tard\u00edo de la papa.","robots":{"index":"index","follow":"follow","max-snippet":"max-snippet:-1","max-image-preview":"max-image-preview:large","max-video-preview":"max-video-preview:-1"},"canonical":"https:\/\/www.mundoagropecuario.cl\/new\/inia-publica-tutorial-sobre-plataforma-que-monitorea-el-tizon-tardio-de-la-papa\/","og_locale":"es_ES","og_type":"article","og_title":"INIA publica tutorial sobre plataforma que monitorea el Tiz\u00f3n tardio de la papa - Mundoagropecuario","og_description":"Un video recientemente publicado, el INIA dio a conocer, c\u00f3mo usar la plataforma de alerta temprana para el Tiz\u00f3n tard\u00edo de la papa.","og_url":"https:\/\/www.mundoagropecuario.cl\/new\/inia-publica-tutorial-sobre-plataforma-que-monitorea-el-tizon-tardio-de-la-papa\/","og_site_name":"Mundoagropecuario","article_publisher":"https:\/\/www.facebook.com\/mundo.agropecuario.3","article_published_time":"2023-05-18T22:50:40+00:00","article_modified_time":"2023-05-25T16:30:38+00:00","og_image":[{"width":400,"height":213,"url":"https:\/\/www.mundoagropecuario.cl\/new\/wp-content\/uploads\/2023\/05\/admin-ajax.jpeg","type":"image\/jpeg"}],"author":"mundo","twitter_card":"summary_large_image","twitter_creator":"@MundoAgropecuar","twitter_site":"@MundoAgropecuar","twitter_misc":{"Escrito por":"mundo","Tiempo de lectura":"3 minutos"},"schema":{"@context":"https:\/\/schema.org","@graph":[{"@type":"Article","@id":"https:\/\/www.mundoagropecuario.cl\/new\/inia-publica-tutorial-sobre-plataforma-que-monitorea-el-tizon-tardio-de-la-papa\/#article","isPartOf":{"@id":"https:\/\/www.mundoagropecuario.cl\/new\/inia-publica-tutorial-sobre-plataforma-que-monitorea-el-tizon-tardio-de-la-papa\/"},"author":{"name":"mundo","@id":"https:\/\/www.mundoagropecuario.cl\/new\/#\/schema\/person\/4e9f74a82a7dac260eb1c44b7eebeb18"},"headline":"INIA publica tutorial sobre plataforma que monitorea el Tiz\u00f3n tardio de la papa","datePublished":"2023-05-18T22:50:40+00:00","dateModified":"2023-05-25T16:30:38+00:00","mainEntityOfPage":{"@id":"https:\/\/www.mundoagropecuario.cl\/new\/inia-publica-tutorial-sobre-plataforma-que-monitorea-el-tizon-tardio-de-la-papa\/"},"wordCount":532,"publisher":{"@id":"https:\/\/www.mundoagropecuario.cl\/new\/#organization"},"image":{"@id":"https:\/\/www.mundoagropecuario.cl\/new\/inia-publica-tutorial-sobre-plataforma-que-monitorea-el-tizon-tardio-de-la-papa\/#primaryimage"},"thumbnailUrl":"https:\/\/www.mundoagropecuario.cl\/new\/wp-content\/uploads\/2023\/05\/admin-ajax.jpeg","keywords":["Agricultura","Agro","Constanza Sep\u00falveda","Fontagro","INIA","INIA Remehue","Papas","tiz\u00f3n tard\u00edo de la papa"],"articleSection":["Agricultura"],"inLanguage":"es"},{"@type":"WebPage","@id":"https:\/\/www.mundoagropecuario.cl\/new\/inia-publica-tutorial-sobre-plataforma-que-monitorea-el-tizon-tardio-de-la-papa\/","url":"https:\/\/www.mundoagropecuario.cl\/new\/inia-publica-tutorial-sobre-plataforma-que-monitorea-el-tizon-tardio-de-la-papa\/","name":"INIA publica tutorial sobre plataforma que monitorea el Tiz\u00f3n tardio de la papa - Mundoagropecuario","isPartOf":{"@id":"https:\/\/www.mundoagropecuario.cl\/new\/#website"},"primaryImageOfPage":{"@id":"https:\/\/www.mundoagropecuario.cl\/new\/inia-publica-tutorial-sobre-plataforma-que-monitorea-el-tizon-tardio-de-la-papa\/#primaryimage"},"image":{"@id":"https:\/\/www.mundoagropecuario.cl\/new\/inia-publica-tutorial-sobre-plataforma-que-monitorea-el-tizon-tardio-de-la-papa\/#primaryimage"},"thumbnailUrl":"https:\/\/www.mundoagropecuario.cl\/new\/wp-content\/uploads\/2023\/05\/admin-ajax.jpeg","datePublished":"2023-05-18T22:50:40+00:00","dateModified":"2023-05-25T16:30:38+00:00","description":"Un video recientemente publicado, el INIA dio a conocer, c\u00f3mo usar la plataforma de alerta temprana para el Tiz\u00f3n tard\u00edo de la papa.","breadcrumb":{"@id":"https:\/\/www.mundoagropecuario.cl\/new\/inia-publica-tutorial-sobre-plataforma-que-monitorea-el-tizon-tardio-de-la-papa\/#breadcrumb"},"inLanguage":"es","potentialAction":[{"@type":"ReadAction","target":["https:\/\/www.mundoagropecuario.cl\/new\/inia-publica-tutorial-sobre-plataforma-que-monitorea-el-tizon-tardio-de-la-papa\/"]}]},{"@type":"ImageObject","inLanguage":"es","@id":"https:\/\/www.mundoagropecuario.cl\/new\/inia-publica-tutorial-sobre-plataforma-que-monitorea-el-tizon-tardio-de-la-papa\/#primaryimage","url":"https:\/\/www.mundoagropecuario.cl\/new\/wp-content\/uploads\/2023\/05\/admin-ajax.jpeg","contentUrl":"https:\/\/www.mundoagropecuario.cl\/new\/wp-content\/uploads\/2023\/05\/admin-ajax.jpeg","width":400,"height":213},{"@type":"BreadcrumbList","@id":"https:\/\/www.mundoagropecuario.cl\/new\/inia-publica-tutorial-sobre-plataforma-que-monitorea-el-tizon-tardio-de-la-papa\/#breadcrumb","itemListElement":[{"@type":"ListItem","position":1,"name":"Portada","item":"https:\/\/www.mundoagropecuario.cl\/new\/"},{"@type":"ListItem","position":2,"name":"INIA publica tutorial sobre plataforma que monitorea el Tiz\u00f3n tardio de la papa"}]},{"@type":"WebSite","@id":"https:\/\/www.mundoagropecuario.cl\/new\/#website","url":"https:\/\/www.mundoagropecuario.cl\/new\/","name":"Mundoagropecuario","description":"Mundo Agropecuario","publisher":{"@id":"https:\/\/www.mundoagropecuario.cl\/new\/#organization"},"potentialAction":[{"@type":"SearchAction","target":{"@type":"EntryPoint","urlTemplate":"https:\/\/www.mundoagropecuario.cl\/new\/?s={search_term_string}"},"query-input":{"@type":"PropertyValueSpecification","valueRequired":true,"valueName":"search_term_string"}}],"inLanguage":"es"},{"@type":"Organization","@id":"https:\/\/www.mundoagropecuario.cl\/new\/#organization","name":"Revista de Agricultura","url":"https:\/\/www.mundoagropecuario.cl\/new\/","logo":{"@type":"ImageObject","inLanguage":"es","@id":"https:\/\/www.mundoagropecuario.cl\/new\/#\/schema\/logo\/image\/","url":"https:\/\/www.mundoagropecuario.cl\/new\/wp-content\/uploads\/2020\/11\/PORTAL-1-1.png","contentUrl":"https:\/\/www.mundoagropecuario.cl\/new\/wp-content\/uploads\/2020\/11\/PORTAL-1-1.png","width":1026,"height":100,"caption":"Revista de Agricultura"},"image":{"@id":"https:\/\/www.mundoagropecuario.cl\/new\/#\/schema\/logo\/image\/"},"sameAs":["https:\/\/www.facebook.com\/mundo.agropecuario.3","https:\/\/x.com\/MundoAgropecuar","https:\/\/www.linkedin.com\/in\/mundo-agropecuario-934009201\/"]},{"@type":"Person","@id":"https:\/\/www.mundoagropecuario.cl\/new\/#\/schema\/person\/4e9f74a82a7dac260eb1c44b7eebeb18","name":"mundo","url":"https:\/\/www.mundoagropecuario.cl\/new\/author\/mundo\/"}]}},"_links":{"self":[{"href":"https:\/\/www.mundoagropecuario.cl\/new\/wp-json\/wp\/v2\/posts\/24052","targetHints":{"allow":["GET"]}}],"collection":[{"href":"https:\/\/www.mundoagropecuario.cl\/new\/wp-json\/wp\/v2\/posts"}],"about":[{"href":"https:\/\/www.mundoagropecuario.cl\/new\/wp-json\/wp\/v2\/types\/post"}],"author":[{"embeddable":true,"href":"https:\/\/www.mundoagropecuario.cl\/new\/wp-json\/wp\/v2\/users\/2"}],"replies":[{"embeddable":true,"href":"https:\/\/www.mundoagropecuario.cl\/new\/wp-json\/wp\/v2\/comments?post=24052"}],"version-history":[{"count":1,"href":"https:\/\/www.mundoagropecuario.cl\/new\/wp-json\/wp\/v2\/posts\/24052\/revisions"}],"predecessor-version":[{"id":24056,"href":"https:\/\/www.mundoagropecuario.cl\/new\/wp-json\/wp\/v2\/posts\/24052\/revisions\/24056"}],"wp:featuredmedia":[{"embeddable":true,"href":"https:\/\/www.mundoagropecuario.cl\/new\/wp-json\/wp\/v2\/media\/24066"}],"wp:attachment":[{"href":"https:\/\/www.mundoagropecuario.cl\/new\/wp-json\/wp\/v2\/media?parent=24052"}],"wp:term":[{"taxonomy":"category","embeddable":true,"href":"https:\/\/www.mundoagropecuario.cl\/new\/wp-json\/wp\/v2\/categories?post=24052"},{"taxonomy":"post_tag","embeddable":true,"href":"https:\/\/www.mundoagropecuario.cl\/new\/wp-json\/wp\/v2\/tags?post=24052"}],"curies":[{"name":"wp","href":"https:\/\/api.w.org\/{rel}","templated":true}]}}