{"id":24016,"date":"2023-05-15T13:11:30","date_gmt":"2023-05-15T16:11:30","guid":{"rendered":"https:\/\/www.mundoagropecuario.cl\/new\/?p=24016"},"modified":"2023-05-17T13:54:23","modified_gmt":"2023-05-17T16:54:23","slug":"sag-certifica-envios-de-avellana-europea-que-se-producen-en-osorno","status":"publish","type":"post","link":"https:\/\/www.mundoagropecuario.cl\/new\/sag-certifica-envios-de-avellana-europea-que-se-producen-en-osorno\/","title":{"rendered":"SAG certifica env\u00edos de avellana europea que se producen en Osorno"},"content":{"rendered":"<p>Para participar en la inspecci\u00f3n y certificaci\u00f3n sanitaria de avellanas europeas, estuvieron en el sector Las Quemas, comuna de Osorno, el Director Regional (s) del SAG Los Lagos, Cristian Andrade, junto a la Seremi de Agricultura, Tania Salas. Este producto se cultiva, procesa y env\u00eda directo desde Osorno a Europa debido a su calidad y al cumplimiento de los est\u00e1ndares fitosanitarios que demandan los pa\u00edses de destino.\u00a0 Se trata de un fruto apetecido en el mercado europeo para la producci\u00f3n de harinas, reposter\u00eda, aceites, aromas, pastas, pur\u00e9, snack e industria del chocolate.<\/p>\n<p><a href=\"https:\/\/www.mundoagropecuario.cl\/new\/wp-content\/uploads\/2023\/05\/Exportacio\u0301n-de-Avellana_3-scaled.jpg\"><img loading=\"lazy\" decoding=\"async\" class=\" wp-image-24018 alignleft\" src=\"https:\/\/www.mundoagropecuario.cl\/new\/wp-content\/uploads\/2023\/05\/Exportacio\u0301n-de-Avellana_3-368x490.jpg\" alt=\"\" width=\"397\" height=\"529\" srcset=\"https:\/\/www.mundoagropecuario.cl\/new\/wp-content\/uploads\/2023\/05\/Exportacio\u0301n-de-Avellana_3-368x490.jpg 368w, https:\/\/www.mundoagropecuario.cl\/new\/wp-content\/uploads\/2023\/05\/Exportacio\u0301n-de-Avellana_3-768x1024.jpg 768w, https:\/\/www.mundoagropecuario.cl\/new\/wp-content\/uploads\/2023\/05\/Exportacio\u0301n-de-Avellana_3-scaled.jpg 300w\" sizes=\"auto, (max-width: 397px) 100vw, 397px\" \/><\/a>Seg\u00fan comenta Pablo Ureta, gerente general de la empresa Nefuen Trading Chile SpA, que procesa y exporta este fruto, el negocio pertenece a la familia Mohr y a la familia Goycolea, quienes se iniciaron en este rubro buscando una alternativa a los tradicionales (leche y la carne), con enfoque en la calidad del fruto, calibre y tama\u00f1o que requiere el mercado. \u201cEl producto ha tenido muy buena aceptaci\u00f3n, la calidad de las avellanas es muy buena, la relaci\u00f3n pepa c\u00e1scara es muy buena tambi\u00e9n\u201d, dijo.<\/p>\n<p>En Chile, las principales zonas productivas de avellano europeo se concentran en las regiones del Maule y la Araucan\u00eda y se observa un importante crecimiento en superficie en las regiones de los R\u00edos y Los Lagos.<\/p>\n<p>Datos del Catastro Frut\u00edcola a\u00f1o 2022, se\u00f1alan que la superficie de avellano europeo en Chile alcanza las 36.393 ha, con las mayores superficies ubicadas en las regiones del Maule (16.956 ha), \u00d1uble (6.558 ha), La Araucan\u00eda (8.438 ha) y Los R\u00edos (1752 ha). La Regi\u00f3n de Los Lagos ha aumentado de manera importante la superficie plantada en los \u00faltimos a\u00f1os, llegando a las 1.412 ha, ubicadas principalmente en la provincia de Osorno.<\/p>\n<p>En ese sentido, la Seremi de Agricultura, Tania Salas sostuvo que \u201centre los a\u00f1os 2019 y 2022, el aumento de superficie a nivel nacional fue de un 49%, mientras que en la regi\u00f3n de Los Lagos fue de un 59%. De tal manera que, si bien no somos la regi\u00f3n con mayor superficie de plantaci\u00f3n, si hemos experimentado un importante crecimiento\u201d.<\/p>\n<p>En la regi\u00f3n de Los lagos, este fruto se exporta desde el a\u00f1o 2018, fecha donde se concret\u00f3 el primer env\u00edo que alcanz\u00f3 los 8.000 Kg. En adelante, los vol\u00famenes exportados desde la regi\u00f3n han aumentado desde 60.400 kg el 2019, llegando a 114.300 Kg el a\u00f1o 2020; 323.000 Kg el a\u00f1o 2021 y a 372.000 kg el a\u00f1o 2022. Para el presente a\u00f1o se espera exportar m\u00e1s de 1.000.000 de kg El principal destino del fruto es Europa, con env\u00edos a Italia, Alemania y Pa\u00edses Bajos.<\/p>\n<p>\u201cPara poder exportar este fruto, el SAG debe realizar la inspecci\u00f3n fitosanitaria del producto previo al despacho y verificar que se cumplen los requisitos relativos a plagas, embalaje, etiquetado, entre otros procedimientos definidos para la exportaci\u00f3n\u201d, explic\u00f3 el Director Regional (s) del SAG, Cristian Andrade Fuentes.<\/p>\n<p>\u201cQuiero destacar el esfuerzo de productores y empresarios locales por generar alternativas productivas nuevas, a escala comercial. La reconversi\u00f3n agr\u00edcola tambi\u00e9n es posible gracias a los est\u00e1ndares sanitarios que posee el pa\u00eds, que resguarda el SAG, y eso es un factor clave al momento de plantearse incursionar en la diversificaci\u00f3n agr\u00edcola, como en este caso\u201d, precis\u00f3 Andrade.<\/p>\n","protected":false},"excerpt":{"rendered":"<p>En la regi\u00f3n, este rubro comenz\u00f3 de manera incipiente el a\u00f1o 2018, y en los \u00faltimos a\u00f1os, ha tenido un importante crecimiento en superficie plantada (huertos).<\/p>\n","protected":false},"author":2,"featured_media":24017,"comment_status":"closed","ping_status":"closed","sticky":false,"template":"","format":"standard","meta":{"footnotes":""},"categories":[1945],"tags":[2090,3127,7949,2036,1978,6858],"class_list":["post-24016","post","type-post","status-publish","format-standard","has-post-thumbnail","hentry","category-agricultura","tag-agricultura","tag-agro","tag-avellana-europea","tag-sag","tag-seremi-de-agricultura","tag-tania-salas"],"yoast_head":"<!-- This site is optimized with the Yoast SEO plugin v26.6 - https:\/\/yoast.com\/wordpress\/plugins\/seo\/ -->\n<title>SAG certifica env\u00edos de avellana europea que se producen en Osorno - Mundoagropecuario<\/title>\n<meta name=\"description\" content=\"En la regi\u00f3n, este rubro comenz\u00f3 de manera incipiente el a\u00f1o 2018, y en los \u00faltimos a\u00f1os, ha tenido un importante crecimiento en superficie.\" \/>\n<meta name=\"robots\" content=\"index, follow, max-snippet:-1, max-image-preview:large, max-video-preview:-1\" \/>\n<link rel=\"canonical\" href=\"https:\/\/www.mundoagropecuario.cl\/new\/sag-certifica-envios-de-avellana-europea-que-se-producen-en-osorno\/\" \/>\n<meta property=\"og:locale\" content=\"es_ES\" \/>\n<meta property=\"og:type\" content=\"article\" \/>\n<meta property=\"og:title\" content=\"SAG certifica env\u00edos de avellana europea que se producen en Osorno - Mundoagropecuario\" \/>\n<meta property=\"og:description\" content=\"En la regi\u00f3n, este rubro comenz\u00f3 de manera incipiente el a\u00f1o 2018, y en los \u00faltimos a\u00f1os, ha tenido un importante crecimiento en superficie.\" \/>\n<meta property=\"og:url\" content=\"https:\/\/www.mundoagropecuario.cl\/new\/sag-certifica-envios-de-avellana-europea-que-se-producen-en-osorno\/\" \/>\n<meta property=\"og:site_name\" content=\"Mundoagropecuario\" \/>\n<meta property=\"article:publisher\" content=\"https:\/\/www.facebook.com\/mundo.agropecuario.3\" \/>\n<meta property=\"article:published_time\" content=\"2023-05-15T16:11:30+00:00\" \/>\n<meta property=\"article:modified_time\" content=\"2023-05-17T16:54:23+00:00\" \/>\n<meta property=\"og:image\" content=\"https:\/\/www.mundoagropecuario.cl\/new\/wp-content\/uploads\/2023\/05\/Exportacio\u0301n-de-Avellana_1-scaled.jpg\" \/>\n\t<meta property=\"og:image:width\" content=\"1024\" \/>\n\t<meta property=\"og:image:height\" content=\"650\" \/>\n\t<meta property=\"og:image:type\" content=\"image\/jpeg\" \/>\n<meta name=\"author\" content=\"mundo\" \/>\n<meta name=\"twitter:card\" content=\"summary_large_image\" \/>\n<meta name=\"twitter:creator\" content=\"@MundoAgropecuar\" \/>\n<meta name=\"twitter:site\" content=\"@MundoAgropecuar\" \/>\n<meta name=\"twitter:label1\" content=\"Escrito por\" \/>\n\t<meta name=\"twitter:data1\" content=\"mundo\" \/>\n\t<meta name=\"twitter:label2\" content=\"Tiempo de lectura\" \/>\n\t<meta name=\"twitter:data2\" content=\"3 minutos\" \/>\n<script type=\"application\/ld+json\" class=\"yoast-schema-graph\">{\"@context\":\"https:\/\/schema.org\",\"@graph\":[{\"@type\":\"Article\",\"@id\":\"https:\/\/www.mundoagropecuario.cl\/new\/sag-certifica-envios-de-avellana-europea-que-se-producen-en-osorno\/#article\",\"isPartOf\":{\"@id\":\"https:\/\/www.mundoagropecuario.cl\/new\/sag-certifica-envios-de-avellana-europea-que-se-producen-en-osorno\/\"},\"author\":{\"name\":\"mundo\",\"@id\":\"https:\/\/www.mundoagropecuario.cl\/new\/#\/schema\/person\/4e9f74a82a7dac260eb1c44b7eebeb18\"},\"headline\":\"SAG certifica env\u00edos de avellana europea que se producen en Osorno\",\"datePublished\":\"2023-05-15T16:11:30+00:00\",\"dateModified\":\"2023-05-17T16:54:23+00:00\",\"mainEntityOfPage\":{\"@id\":\"https:\/\/www.mundoagropecuario.cl\/new\/sag-certifica-envios-de-avellana-europea-que-se-producen-en-osorno\/\"},\"wordCount\":573,\"publisher\":{\"@id\":\"https:\/\/www.mundoagropecuario.cl\/new\/#organization\"},\"image\":{\"@id\":\"https:\/\/www.mundoagropecuario.cl\/new\/sag-certifica-envios-de-avellana-europea-que-se-producen-en-osorno\/#primaryimage\"},\"thumbnailUrl\":\"https:\/\/www.mundoagropecuario.cl\/new\/wp-content\/uploads\/2023\/05\/Exportacio\u0301n-de-Avellana_1-scaled.jpg\",\"keywords\":[\"Agricultura\",\"Agro\",\"avellana europea\",\"SAG\",\"seremi de Agricultura\",\"Tania Salas\"],\"articleSection\":[\"Agricultura\"],\"inLanguage\":\"es\"},{\"@type\":\"WebPage\",\"@id\":\"https:\/\/www.mundoagropecuario.cl\/new\/sag-certifica-envios-de-avellana-europea-que-se-producen-en-osorno\/\",\"url\":\"https:\/\/www.mundoagropecuario.cl\/new\/sag-certifica-envios-de-avellana-europea-que-se-producen-en-osorno\/\",\"name\":\"SAG certifica env\u00edos de avellana europea que se producen en Osorno - Mundoagropecuario\",\"isPartOf\":{\"@id\":\"https:\/\/www.mundoagropecuario.cl\/new\/#website\"},\"primaryImageOfPage\":{\"@id\":\"https:\/\/www.mundoagropecuario.cl\/new\/sag-certifica-envios-de-avellana-europea-que-se-producen-en-osorno\/#primaryimage\"},\"image\":{\"@id\":\"https:\/\/www.mundoagropecuario.cl\/new\/sag-certifica-envios-de-avellana-europea-que-se-producen-en-osorno\/#primaryimage\"},\"thumbnailUrl\":\"https:\/\/www.mundoagropecuario.cl\/new\/wp-content\/uploads\/2023\/05\/Exportacio\u0301n-de-Avellana_1-scaled.jpg\",\"datePublished\":\"2023-05-15T16:11:30+00:00\",\"dateModified\":\"2023-05-17T16:54:23+00:00\",\"description\":\"En la regi\u00f3n, este rubro comenz\u00f3 de manera incipiente el a\u00f1o 2018, y en los \u00faltimos a\u00f1os, ha tenido un importante crecimiento en superficie.\",\"breadcrumb\":{\"@id\":\"https:\/\/www.mundoagropecuario.cl\/new\/sag-certifica-envios-de-avellana-europea-que-se-producen-en-osorno\/#breadcrumb\"},\"inLanguage\":\"es\",\"potentialAction\":[{\"@type\":\"ReadAction\",\"target\":[\"https:\/\/www.mundoagropecuario.cl\/new\/sag-certifica-envios-de-avellana-europea-que-se-producen-en-osorno\/\"]}]},{\"@type\":\"ImageObject\",\"inLanguage\":\"es\",\"@id\":\"https:\/\/www.mundoagropecuario.cl\/new\/sag-certifica-envios-de-avellana-europea-que-se-producen-en-osorno\/#primaryimage\",\"url\":\"https:\/\/www.mundoagropecuario.cl\/new\/wp-content\/uploads\/2023\/05\/Exportacio\u0301n-de-Avellana_1-scaled.jpg\",\"contentUrl\":\"https:\/\/www.mundoagropecuario.cl\/new\/wp-content\/uploads\/2023\/05\/Exportacio\u0301n-de-Avellana_1-scaled.jpg\",\"width\":630,\"height\":400},{\"@type\":\"BreadcrumbList\",\"@id\":\"https:\/\/www.mundoagropecuario.cl\/new\/sag-certifica-envios-de-avellana-europea-que-se-producen-en-osorno\/#breadcrumb\",\"itemListElement\":[{\"@type\":\"ListItem\",\"position\":1,\"name\":\"Portada\",\"item\":\"https:\/\/www.mundoagropecuario.cl\/new\/\"},{\"@type\":\"ListItem\",\"position\":2,\"name\":\"SAG certifica env\u00edos de avellana europea que se producen en Osorno\"}]},{\"@type\":\"WebSite\",\"@id\":\"https:\/\/www.mundoagropecuario.cl\/new\/#website\",\"url\":\"https:\/\/www.mundoagropecuario.cl\/new\/\",\"name\":\"Mundoagropecuario\",\"description\":\"Mundo Agropecuario\",\"publisher\":{\"@id\":\"https:\/\/www.mundoagropecuario.cl\/new\/#organization\"},\"potentialAction\":[{\"@type\":\"SearchAction\",\"target\":{\"@type\":\"EntryPoint\",\"urlTemplate\":\"https:\/\/www.mundoagropecuario.cl\/new\/?s={search_term_string}\"},\"query-input\":{\"@type\":\"PropertyValueSpecification\",\"valueRequired\":true,\"valueName\":\"search_term_string\"}}],\"inLanguage\":\"es\"},{\"@type\":\"Organization\",\"@id\":\"https:\/\/www.mundoagropecuario.cl\/new\/#organization\",\"name\":\"Revista de Agricultura\",\"url\":\"https:\/\/www.mundoagropecuario.cl\/new\/\",\"logo\":{\"@type\":\"ImageObject\",\"inLanguage\":\"es\",\"@id\":\"https:\/\/www.mundoagropecuario.cl\/new\/#\/schema\/logo\/image\/\",\"url\":\"https:\/\/www.mundoagropecuario.cl\/new\/wp-content\/uploads\/2020\/11\/PORTAL-1-1.png\",\"contentUrl\":\"https:\/\/www.mundoagropecuario.cl\/new\/wp-content\/uploads\/2020\/11\/PORTAL-1-1.png\",\"width\":1026,\"height\":100,\"caption\":\"Revista de Agricultura\"},\"image\":{\"@id\":\"https:\/\/www.mundoagropecuario.cl\/new\/#\/schema\/logo\/image\/\"},\"sameAs\":[\"https:\/\/www.facebook.com\/mundo.agropecuario.3\",\"https:\/\/x.com\/MundoAgropecuar\",\"https:\/\/www.linkedin.com\/in\/mundo-agropecuario-934009201\/\"]},{\"@type\":\"Person\",\"@id\":\"https:\/\/www.mundoagropecuario.cl\/new\/#\/schema\/person\/4e9f74a82a7dac260eb1c44b7eebeb18\",\"name\":\"mundo\",\"url\":\"https:\/\/www.mundoagropecuario.cl\/new\/author\/mundo\/\"}]}<\/script>\n<!-- \/ Yoast SEO plugin. -->","yoast_head_json":{"title":"SAG certifica env\u00edos de avellana europea que se producen en Osorno - Mundoagropecuario","description":"En la regi\u00f3n, este rubro comenz\u00f3 de manera incipiente el a\u00f1o 2018, y en los \u00faltimos a\u00f1os, ha tenido un importante crecimiento en superficie.","robots":{"index":"index","follow":"follow","max-snippet":"max-snippet:-1","max-image-preview":"max-image-preview:large","max-video-preview":"max-video-preview:-1"},"canonical":"https:\/\/www.mundoagropecuario.cl\/new\/sag-certifica-envios-de-avellana-europea-que-se-producen-en-osorno\/","og_locale":"es_ES","og_type":"article","og_title":"SAG certifica env\u00edos de avellana europea que se producen en Osorno - Mundoagropecuario","og_description":"En la regi\u00f3n, este rubro comenz\u00f3 de manera incipiente el a\u00f1o 2018, y en los \u00faltimos a\u00f1os, ha tenido un importante crecimiento en superficie.","og_url":"https:\/\/www.mundoagropecuario.cl\/new\/sag-certifica-envios-de-avellana-europea-que-se-producen-en-osorno\/","og_site_name":"Mundoagropecuario","article_publisher":"https:\/\/www.facebook.com\/mundo.agropecuario.3","article_published_time":"2023-05-15T16:11:30+00:00","article_modified_time":"2023-05-17T16:54:23+00:00","og_image":[{"width":1024,"height":650,"url":"https:\/\/www.mundoagropecuario.cl\/new\/wp-content\/uploads\/2023\/05\/Exportacio\u0301n-de-Avellana_1-scaled.jpg","type":"image\/jpeg"}],"author":"mundo","twitter_card":"summary_large_image","twitter_creator":"@MundoAgropecuar","twitter_site":"@MundoAgropecuar","twitter_misc":{"Escrito por":"mundo","Tiempo de lectura":"3 minutos"},"schema":{"@context":"https:\/\/schema.org","@graph":[{"@type":"Article","@id":"https:\/\/www.mundoagropecuario.cl\/new\/sag-certifica-envios-de-avellana-europea-que-se-producen-en-osorno\/#article","isPartOf":{"@id":"https:\/\/www.mundoagropecuario.cl\/new\/sag-certifica-envios-de-avellana-europea-que-se-producen-en-osorno\/"},"author":{"name":"mundo","@id":"https:\/\/www.mundoagropecuario.cl\/new\/#\/schema\/person\/4e9f74a82a7dac260eb1c44b7eebeb18"},"headline":"SAG certifica env\u00edos de avellana europea que se producen en Osorno","datePublished":"2023-05-15T16:11:30+00:00","dateModified":"2023-05-17T16:54:23+00:00","mainEntityOfPage":{"@id":"https:\/\/www.mundoagropecuario.cl\/new\/sag-certifica-envios-de-avellana-europea-que-se-producen-en-osorno\/"},"wordCount":573,"publisher":{"@id":"https:\/\/www.mundoagropecuario.cl\/new\/#organization"},"image":{"@id":"https:\/\/www.mundoagropecuario.cl\/new\/sag-certifica-envios-de-avellana-europea-que-se-producen-en-osorno\/#primaryimage"},"thumbnailUrl":"https:\/\/www.mundoagropecuario.cl\/new\/wp-content\/uploads\/2023\/05\/Exportacio\u0301n-de-Avellana_1-scaled.jpg","keywords":["Agricultura","Agro","avellana europea","SAG","seremi de Agricultura","Tania Salas"],"articleSection":["Agricultura"],"inLanguage":"es"},{"@type":"WebPage","@id":"https:\/\/www.mundoagropecuario.cl\/new\/sag-certifica-envios-de-avellana-europea-que-se-producen-en-osorno\/","url":"https:\/\/www.mundoagropecuario.cl\/new\/sag-certifica-envios-de-avellana-europea-que-se-producen-en-osorno\/","name":"SAG certifica env\u00edos de avellana europea que se producen en Osorno - Mundoagropecuario","isPartOf":{"@id":"https:\/\/www.mundoagropecuario.cl\/new\/#website"},"primaryImageOfPage":{"@id":"https:\/\/www.mundoagropecuario.cl\/new\/sag-certifica-envios-de-avellana-europea-que-se-producen-en-osorno\/#primaryimage"},"image":{"@id":"https:\/\/www.mundoagropecuario.cl\/new\/sag-certifica-envios-de-avellana-europea-que-se-producen-en-osorno\/#primaryimage"},"thumbnailUrl":"https:\/\/www.mundoagropecuario.cl\/new\/wp-content\/uploads\/2023\/05\/Exportacio\u0301n-de-Avellana_1-scaled.jpg","datePublished":"2023-05-15T16:11:30+00:00","dateModified":"2023-05-17T16:54:23+00:00","description":"En la regi\u00f3n, este rubro comenz\u00f3 de manera incipiente el a\u00f1o 2018, y en los \u00faltimos a\u00f1os, ha tenido un importante crecimiento en superficie.","breadcrumb":{"@id":"https:\/\/www.mundoagropecuario.cl\/new\/sag-certifica-envios-de-avellana-europea-que-se-producen-en-osorno\/#breadcrumb"},"inLanguage":"es","potentialAction":[{"@type":"ReadAction","target":["https:\/\/www.mundoagropecuario.cl\/new\/sag-certifica-envios-de-avellana-europea-que-se-producen-en-osorno\/"]}]},{"@type":"ImageObject","inLanguage":"es","@id":"https:\/\/www.mundoagropecuario.cl\/new\/sag-certifica-envios-de-avellana-europea-que-se-producen-en-osorno\/#primaryimage","url":"https:\/\/www.mundoagropecuario.cl\/new\/wp-content\/uploads\/2023\/05\/Exportacio\u0301n-de-Avellana_1-scaled.jpg","contentUrl":"https:\/\/www.mundoagropecuario.cl\/new\/wp-content\/uploads\/2023\/05\/Exportacio\u0301n-de-Avellana_1-scaled.jpg","width":630,"height":400},{"@type":"BreadcrumbList","@id":"https:\/\/www.mundoagropecuario.cl\/new\/sag-certifica-envios-de-avellana-europea-que-se-producen-en-osorno\/#breadcrumb","itemListElement":[{"@type":"ListItem","position":1,"name":"Portada","item":"https:\/\/www.mundoagropecuario.cl\/new\/"},{"@type":"ListItem","position":2,"name":"SAG certifica env\u00edos de avellana europea que se producen en Osorno"}]},{"@type":"WebSite","@id":"https:\/\/www.mundoagropecuario.cl\/new\/#website","url":"https:\/\/www.mundoagropecuario.cl\/new\/","name":"Mundoagropecuario","description":"Mundo Agropecuario","publisher":{"@id":"https:\/\/www.mundoagropecuario.cl\/new\/#organization"},"potentialAction":[{"@type":"SearchAction","target":{"@type":"EntryPoint","urlTemplate":"https:\/\/www.mundoagropecuario.cl\/new\/?s={search_term_string}"},"query-input":{"@type":"PropertyValueSpecification","valueRequired":true,"valueName":"search_term_string"}}],"inLanguage":"es"},{"@type":"Organization","@id":"https:\/\/www.mundoagropecuario.cl\/new\/#organization","name":"Revista de Agricultura","url":"https:\/\/www.mundoagropecuario.cl\/new\/","logo":{"@type":"ImageObject","inLanguage":"es","@id":"https:\/\/www.mundoagropecuario.cl\/new\/#\/schema\/logo\/image\/","url":"https:\/\/www.mundoagropecuario.cl\/new\/wp-content\/uploads\/2020\/11\/PORTAL-1-1.png","contentUrl":"https:\/\/www.mundoagropecuario.cl\/new\/wp-content\/uploads\/2020\/11\/PORTAL-1-1.png","width":1026,"height":100,"caption":"Revista de Agricultura"},"image":{"@id":"https:\/\/www.mundoagropecuario.cl\/new\/#\/schema\/logo\/image\/"},"sameAs":["https:\/\/www.facebook.com\/mundo.agropecuario.3","https:\/\/x.com\/MundoAgropecuar","https:\/\/www.linkedin.com\/in\/mundo-agropecuario-934009201\/"]},{"@type":"Person","@id":"https:\/\/www.mundoagropecuario.cl\/new\/#\/schema\/person\/4e9f74a82a7dac260eb1c44b7eebeb18","name":"mundo","url":"https:\/\/www.mundoagropecuario.cl\/new\/author\/mundo\/"}]}},"_links":{"self":[{"href":"https:\/\/www.mundoagropecuario.cl\/new\/wp-json\/wp\/v2\/posts\/24016","targetHints":{"allow":["GET"]}}],"collection":[{"href":"https:\/\/www.mundoagropecuario.cl\/new\/wp-json\/wp\/v2\/posts"}],"about":[{"href":"https:\/\/www.mundoagropecuario.cl\/new\/wp-json\/wp\/v2\/types\/post"}],"author":[{"embeddable":true,"href":"https:\/\/www.mundoagropecuario.cl\/new\/wp-json\/wp\/v2\/users\/2"}],"replies":[{"embeddable":true,"href":"https:\/\/www.mundoagropecuario.cl\/new\/wp-json\/wp\/v2\/comments?post=24016"}],"version-history":[{"count":1,"href":"https:\/\/www.mundoagropecuario.cl\/new\/wp-json\/wp\/v2\/posts\/24016\/revisions"}],"predecessor-version":[{"id":24019,"href":"https:\/\/www.mundoagropecuario.cl\/new\/wp-json\/wp\/v2\/posts\/24016\/revisions\/24019"}],"wp:featuredmedia":[{"embeddable":true,"href":"https:\/\/www.mundoagropecuario.cl\/new\/wp-json\/wp\/v2\/media\/24017"}],"wp:attachment":[{"href":"https:\/\/www.mundoagropecuario.cl\/new\/wp-json\/wp\/v2\/media?parent=24016"}],"wp:term":[{"taxonomy":"category","embeddable":true,"href":"https:\/\/www.mundoagropecuario.cl\/new\/wp-json\/wp\/v2\/categories?post=24016"},{"taxonomy":"post_tag","embeddable":true,"href":"https:\/\/www.mundoagropecuario.cl\/new\/wp-json\/wp\/v2\/tags?post=24016"}],"curies":[{"name":"wp","href":"https:\/\/api.w.org\/{rel}","templated":true}]}}