{"id":24005,"date":"2023-05-12T13:22:56","date_gmt":"2023-05-12T16:22:56","guid":{"rendered":"https:\/\/www.mundoagropecuario.cl\/new\/?p=24005"},"modified":"2023-05-16T12:33:20","modified_gmt":"2023-05-16T15:33:20","slug":"cooperativas-del-sur-de-chile-realizaran-gira-de-trabajo-a-uruguay","status":"publish","type":"post","link":"https:\/\/www.mundoagropecuario.cl\/new\/cooperativas-del-sur-de-chile-realizaran-gira-de-trabajo-a-uruguay\/","title":{"rendered":"Cooperativas del Sur de Chile realizar\u00e1n gira de trabajo a Uruguay"},"content":{"rendered":"<p>Dos cooperativas integrantes de la Asociaci\u00f3n de Cooperativas del Sur, Cooprinsem y Colun, ser\u00e1n parte en una gira de intercambio de experiencias y socializaci\u00f3n en Uruguay, con el objetivo de fortalecer y generar mutuo aprendizaje entre cooperativas de distintos pa\u00edses; sum\u00e1ndose a representantes de la Asociaci\u00f3n de Cooperativas de Chile, Campocoop y UNAF.<\/p>\n<p>El ciclo formativo, que contar\u00e1 con el apoyo de Cooperativas Agrarias Federadas de Uruguay (CAF) y el Banco Interamericano de Desarrollo (BID), comenzar\u00e1 el pr\u00f3ximo lunes 15 de mayo y finalizar\u00e1 el viernes 19 del presente mes, e incluir\u00e1 visitas a diferentes cooperativas, as\u00ed como sesiones de trabajo con instituciones y organismos del pa\u00eds.<\/p>\n<p>Previamente, los representantes de las cooperativas sure\u00f1as, participaron en una reuni\u00f3n online con Cooperativas Agrarias Federadas de Uruguay (CAF), quienes dieron a conocer su experiencia y organizaci\u00f3n de trabajo. Durante su estancia en Montevideo, conocer\u00e1n el accionar del Instituto Nacional del Cooperativismo (INACOOP) y la Confederaci\u00f3n de Cooperativas de Uruguay (CUDECOOP), entre otras organizaciones.<\/p>\n<p>Adem\u00e1s, los miembros de Cooprinsem y Colun tendr\u00e1n una sesi\u00f3n de trabajo con el Ministerio de Agricultura, Ganader\u00eda y Pesca de Uruguay, para conocer m\u00e1s sobre las pol\u00edticas p\u00fablicas y regulaciones que afectan al sector cooperativo.<\/p>\n<p>Como parte de esta experiencia enriquecedora, tambi\u00e9n tendr\u00e1n la oportunidad de conocer la experiencia del Parlamento Uruguayo en aspectos vinculados al cooperativismo. La gira de intercambio es una muestra del compromiso de Cooperativas del Sur con el fortalecimiento de las cooperativas, y la promoci\u00f3n de modelos de negocio colaborativos y sostenibles en la regi\u00f3n.<\/p>\n<p>Fernando Becker, presidente de Cooperativas del Sur y vicepresidente de Cooperativas de Chile, afirm\u00f3 que \u201chemos visto con mucho entusiasmo esta participaci\u00f3n en la gira que se har\u00e1 en Uruguay, porque de esta manera estamos extendiendo el concepto cooperativo en Am\u00e9rica del Sur\u201d. Tambi\u00e9n, el dirigente gremial hizo \u00e9nfasis en el aprendizaje que habr\u00e1 en la gira y en el fortalecimiento a futuro con el pa\u00eds, \u201csobre todo en la estructura cooperativa\u201d.<\/p>\n<p>La directora de Relaciones Corporativas de Cooprinsem, Cecilia Bartolotti, coment\u00f3 estar expectante por todo el aprendizaje que se generar\u00e1 en esta actividad. \u201cPara mi va a ser aprender de las otras cooperativas, de sus buenas y malas experiencias, y as\u00ed estar m\u00e1s preparada para el cargo\u201d. Junto con esto, afirm\u00f3 que como entidad buscan demostrar c\u00f3mo han ido creciendo, dando a conocer el alcance y tecnolog\u00eda con la que cuentan actualmente. Tambi\u00e9n agreg\u00f3 que, como cooperativa, buscan \u201cmostrar el coraz\u00f3n de Cooprinsem al mundo\u201d.<\/p>\n<p>Finalmente Gustavo Araya, subgerente de estrategia y TI de Colun, destac\u00f3 la variedad de actividades que se realizar\u00e1n tanto en la ciudad de Montevideo, como en sus alrededores junto a autoridades y cooperativas. &#8220;El objetivo de esto es conocer experiencias, relatar los desaf\u00edos que existen hacia adelante para el desarrollo del cooperativismo, y en particular de las cooperativas de peque\u00f1a escala y la agricultura familiar campesina&#8221;, expres\u00f3 Araya.<\/p>\n","protected":false},"excerpt":{"rendered":"<p>Los representantes de las cooperativas sure\u00f1as, participaron en una reuni\u00f3n online con Cooperativas Agrarias Federadas de Uruguay (CAF).<\/p>\n","protected":false},"author":2,"featured_media":7576,"comment_status":"closed","ping_status":"closed","sticky":false,"template":"","format":"standard","meta":{"footnotes":""},"categories":[1945],"tags":[2090,3127,7947,2337,7946],"class_list":["post-24005","post","type-post","status-publish","format-standard","has-post-thumbnail","hentry","category-agricultura","tag-agricultura","tag-agro","tag-campocoop-y-unaf","tag-cooperativas-del-sur","tag-cooprinsem-y-colun"],"yoast_head":"<!-- This site is optimized with the Yoast SEO plugin v26.6 - https:\/\/yoast.com\/wordpress\/plugins\/seo\/ -->\n<title>Cooperativas del Sur de Chile realizar\u00e1n gira de trabajo a Uruguay - Mundoagropecuario<\/title>\n<meta name=\"description\" content=\"Los representantes de las cooperativas sure\u00f1as, participaron en una reuni\u00f3n online con Cooperativas Agrarias Federadas de Uruguay (CAF).\" \/>\n<meta name=\"robots\" content=\"index, follow, max-snippet:-1, max-image-preview:large, max-video-preview:-1\" \/>\n<link rel=\"canonical\" href=\"https:\/\/www.mundoagropecuario.cl\/new\/cooperativas-del-sur-de-chile-realizaran-gira-de-trabajo-a-uruguay\/\" \/>\n<meta property=\"og:locale\" content=\"es_ES\" \/>\n<meta property=\"og:type\" content=\"article\" \/>\n<meta property=\"og:title\" content=\"Cooperativas del Sur de Chile realizar\u00e1n gira de trabajo a Uruguay - Mundoagropecuario\" \/>\n<meta property=\"og:description\" content=\"Los representantes de las cooperativas sure\u00f1as, participaron en una reuni\u00f3n online con Cooperativas Agrarias Federadas de Uruguay (CAF).\" \/>\n<meta property=\"og:url\" content=\"https:\/\/www.mundoagropecuario.cl\/new\/cooperativas-del-sur-de-chile-realizaran-gira-de-trabajo-a-uruguay\/\" \/>\n<meta property=\"og:site_name\" content=\"Mundoagropecuario\" \/>\n<meta property=\"article:publisher\" content=\"https:\/\/www.facebook.com\/mundo.agropecuario.3\" \/>\n<meta property=\"article:published_time\" content=\"2023-05-12T16:22:56+00:00\" \/>\n<meta property=\"article:modified_time\" content=\"2023-05-16T15:33:20+00:00\" \/>\n<meta property=\"og:image\" content=\"https:\/\/www.mundoagropecuario.cl\/new\/wp-content\/uploads\/2018\/07\/Vacas-lecheras.jpg\" \/>\n\t<meta property=\"og:image:width\" content=\"1000\" \/>\n\t<meta property=\"og:image:height\" content=\"750\" \/>\n\t<meta property=\"og:image:type\" content=\"image\/jpeg\" \/>\n<meta name=\"author\" content=\"mundo\" \/>\n<meta name=\"twitter:card\" content=\"summary_large_image\" \/>\n<meta name=\"twitter:creator\" content=\"@MundoAgropecuar\" \/>\n<meta name=\"twitter:site\" content=\"@MundoAgropecuar\" \/>\n<meta name=\"twitter:label1\" content=\"Escrito por\" \/>\n\t<meta name=\"twitter:data1\" content=\"mundo\" \/>\n\t<meta name=\"twitter:label2\" content=\"Tiempo de lectura\" \/>\n\t<meta name=\"twitter:data2\" content=\"3 minutos\" \/>\n<script type=\"application\/ld+json\" class=\"yoast-schema-graph\">{\"@context\":\"https:\/\/schema.org\",\"@graph\":[{\"@type\":\"Article\",\"@id\":\"https:\/\/www.mundoagropecuario.cl\/new\/cooperativas-del-sur-de-chile-realizaran-gira-de-trabajo-a-uruguay\/#article\",\"isPartOf\":{\"@id\":\"https:\/\/www.mundoagropecuario.cl\/new\/cooperativas-del-sur-de-chile-realizaran-gira-de-trabajo-a-uruguay\/\"},\"author\":{\"name\":\"mundo\",\"@id\":\"https:\/\/www.mundoagropecuario.cl\/new\/#\/schema\/person\/4e9f74a82a7dac260eb1c44b7eebeb18\"},\"headline\":\"Cooperativas del Sur de Chile realizar\u00e1n gira de trabajo a Uruguay\",\"datePublished\":\"2023-05-12T16:22:56+00:00\",\"dateModified\":\"2023-05-16T15:33:20+00:00\",\"mainEntityOfPage\":{\"@id\":\"https:\/\/www.mundoagropecuario.cl\/new\/cooperativas-del-sur-de-chile-realizaran-gira-de-trabajo-a-uruguay\/\"},\"wordCount\":521,\"publisher\":{\"@id\":\"https:\/\/www.mundoagropecuario.cl\/new\/#organization\"},\"image\":{\"@id\":\"https:\/\/www.mundoagropecuario.cl\/new\/cooperativas-del-sur-de-chile-realizaran-gira-de-trabajo-a-uruguay\/#primaryimage\"},\"thumbnailUrl\":\"https:\/\/www.mundoagropecuario.cl\/new\/wp-content\/uploads\/2018\/07\/Vacas-lecheras.jpg\",\"keywords\":[\"Agricultura\",\"Agro\",\"Campocoop y UNAF.\",\"Cooperativas del Sur\",\"Cooprinsem y Colun\"],\"articleSection\":[\"Agricultura\"],\"inLanguage\":\"es\"},{\"@type\":\"WebPage\",\"@id\":\"https:\/\/www.mundoagropecuario.cl\/new\/cooperativas-del-sur-de-chile-realizaran-gira-de-trabajo-a-uruguay\/\",\"url\":\"https:\/\/www.mundoagropecuario.cl\/new\/cooperativas-del-sur-de-chile-realizaran-gira-de-trabajo-a-uruguay\/\",\"name\":\"Cooperativas del Sur de Chile realizar\u00e1n gira de trabajo a Uruguay - Mundoagropecuario\",\"isPartOf\":{\"@id\":\"https:\/\/www.mundoagropecuario.cl\/new\/#website\"},\"primaryImageOfPage\":{\"@id\":\"https:\/\/www.mundoagropecuario.cl\/new\/cooperativas-del-sur-de-chile-realizaran-gira-de-trabajo-a-uruguay\/#primaryimage\"},\"image\":{\"@id\":\"https:\/\/www.mundoagropecuario.cl\/new\/cooperativas-del-sur-de-chile-realizaran-gira-de-trabajo-a-uruguay\/#primaryimage\"},\"thumbnailUrl\":\"https:\/\/www.mundoagropecuario.cl\/new\/wp-content\/uploads\/2018\/07\/Vacas-lecheras.jpg\",\"datePublished\":\"2023-05-12T16:22:56+00:00\",\"dateModified\":\"2023-05-16T15:33:20+00:00\",\"description\":\"Los representantes de las cooperativas sure\u00f1as, participaron en una reuni\u00f3n online con Cooperativas Agrarias Federadas de Uruguay (CAF).\",\"breadcrumb\":{\"@id\":\"https:\/\/www.mundoagropecuario.cl\/new\/cooperativas-del-sur-de-chile-realizaran-gira-de-trabajo-a-uruguay\/#breadcrumb\"},\"inLanguage\":\"es\",\"potentialAction\":[{\"@type\":\"ReadAction\",\"target\":[\"https:\/\/www.mundoagropecuario.cl\/new\/cooperativas-del-sur-de-chile-realizaran-gira-de-trabajo-a-uruguay\/\"]}]},{\"@type\":\"ImageObject\",\"inLanguage\":\"es\",\"@id\":\"https:\/\/www.mundoagropecuario.cl\/new\/cooperativas-del-sur-de-chile-realizaran-gira-de-trabajo-a-uruguay\/#primaryimage\",\"url\":\"https:\/\/www.mundoagropecuario.cl\/new\/wp-content\/uploads\/2018\/07\/Vacas-lecheras.jpg\",\"contentUrl\":\"https:\/\/www.mundoagropecuario.cl\/new\/wp-content\/uploads\/2018\/07\/Vacas-lecheras.jpg\",\"width\":533,\"height\":400},{\"@type\":\"BreadcrumbList\",\"@id\":\"https:\/\/www.mundoagropecuario.cl\/new\/cooperativas-del-sur-de-chile-realizaran-gira-de-trabajo-a-uruguay\/#breadcrumb\",\"itemListElement\":[{\"@type\":\"ListItem\",\"position\":1,\"name\":\"Portada\",\"item\":\"https:\/\/www.mundoagropecuario.cl\/new\/\"},{\"@type\":\"ListItem\",\"position\":2,\"name\":\"Cooperativas del Sur de Chile realizar\u00e1n gira de trabajo a Uruguay\"}]},{\"@type\":\"WebSite\",\"@id\":\"https:\/\/www.mundoagropecuario.cl\/new\/#website\",\"url\":\"https:\/\/www.mundoagropecuario.cl\/new\/\",\"name\":\"Mundoagropecuario\",\"description\":\"Mundo Agropecuario\",\"publisher\":{\"@id\":\"https:\/\/www.mundoagropecuario.cl\/new\/#organization\"},\"potentialAction\":[{\"@type\":\"SearchAction\",\"target\":{\"@type\":\"EntryPoint\",\"urlTemplate\":\"https:\/\/www.mundoagropecuario.cl\/new\/?s={search_term_string}\"},\"query-input\":{\"@type\":\"PropertyValueSpecification\",\"valueRequired\":true,\"valueName\":\"search_term_string\"}}],\"inLanguage\":\"es\"},{\"@type\":\"Organization\",\"@id\":\"https:\/\/www.mundoagropecuario.cl\/new\/#organization\",\"name\":\"Revista de Agricultura\",\"url\":\"https:\/\/www.mundoagropecuario.cl\/new\/\",\"logo\":{\"@type\":\"ImageObject\",\"inLanguage\":\"es\",\"@id\":\"https:\/\/www.mundoagropecuario.cl\/new\/#\/schema\/logo\/image\/\",\"url\":\"https:\/\/www.mundoagropecuario.cl\/new\/wp-content\/uploads\/2020\/11\/PORTAL-1-1.png\",\"contentUrl\":\"https:\/\/www.mundoagropecuario.cl\/new\/wp-content\/uploads\/2020\/11\/PORTAL-1-1.png\",\"width\":1026,\"height\":100,\"caption\":\"Revista de Agricultura\"},\"image\":{\"@id\":\"https:\/\/www.mundoagropecuario.cl\/new\/#\/schema\/logo\/image\/\"},\"sameAs\":[\"https:\/\/www.facebook.com\/mundo.agropecuario.3\",\"https:\/\/x.com\/MundoAgropecuar\",\"https:\/\/www.linkedin.com\/in\/mundo-agropecuario-934009201\/\"]},{\"@type\":\"Person\",\"@id\":\"https:\/\/www.mundoagropecuario.cl\/new\/#\/schema\/person\/4e9f74a82a7dac260eb1c44b7eebeb18\",\"name\":\"mundo\",\"url\":\"https:\/\/www.mundoagropecuario.cl\/new\/author\/mundo\/\"}]}<\/script>\n<!-- \/ Yoast SEO plugin. -->","yoast_head_json":{"title":"Cooperativas del Sur de Chile realizar\u00e1n gira de trabajo a Uruguay - Mundoagropecuario","description":"Los representantes de las cooperativas sure\u00f1as, participaron en una reuni\u00f3n online con Cooperativas Agrarias Federadas de Uruguay (CAF).","robots":{"index":"index","follow":"follow","max-snippet":"max-snippet:-1","max-image-preview":"max-image-preview:large","max-video-preview":"max-video-preview:-1"},"canonical":"https:\/\/www.mundoagropecuario.cl\/new\/cooperativas-del-sur-de-chile-realizaran-gira-de-trabajo-a-uruguay\/","og_locale":"es_ES","og_type":"article","og_title":"Cooperativas del Sur de Chile realizar\u00e1n gira de trabajo a Uruguay - Mundoagropecuario","og_description":"Los representantes de las cooperativas sure\u00f1as, participaron en una reuni\u00f3n online con Cooperativas Agrarias Federadas de Uruguay (CAF).","og_url":"https:\/\/www.mundoagropecuario.cl\/new\/cooperativas-del-sur-de-chile-realizaran-gira-de-trabajo-a-uruguay\/","og_site_name":"Mundoagropecuario","article_publisher":"https:\/\/www.facebook.com\/mundo.agropecuario.3","article_published_time":"2023-05-12T16:22:56+00:00","article_modified_time":"2023-05-16T15:33:20+00:00","og_image":[{"width":1000,"height":750,"url":"https:\/\/www.mundoagropecuario.cl\/new\/wp-content\/uploads\/2018\/07\/Vacas-lecheras.jpg","type":"image\/jpeg"}],"author":"mundo","twitter_card":"summary_large_image","twitter_creator":"@MundoAgropecuar","twitter_site":"@MundoAgropecuar","twitter_misc":{"Escrito por":"mundo","Tiempo de lectura":"3 minutos"},"schema":{"@context":"https:\/\/schema.org","@graph":[{"@type":"Article","@id":"https:\/\/www.mundoagropecuario.cl\/new\/cooperativas-del-sur-de-chile-realizaran-gira-de-trabajo-a-uruguay\/#article","isPartOf":{"@id":"https:\/\/www.mundoagropecuario.cl\/new\/cooperativas-del-sur-de-chile-realizaran-gira-de-trabajo-a-uruguay\/"},"author":{"name":"mundo","@id":"https:\/\/www.mundoagropecuario.cl\/new\/#\/schema\/person\/4e9f74a82a7dac260eb1c44b7eebeb18"},"headline":"Cooperativas del Sur de Chile realizar\u00e1n gira de trabajo a Uruguay","datePublished":"2023-05-12T16:22:56+00:00","dateModified":"2023-05-16T15:33:20+00:00","mainEntityOfPage":{"@id":"https:\/\/www.mundoagropecuario.cl\/new\/cooperativas-del-sur-de-chile-realizaran-gira-de-trabajo-a-uruguay\/"},"wordCount":521,"publisher":{"@id":"https:\/\/www.mundoagropecuario.cl\/new\/#organization"},"image":{"@id":"https:\/\/www.mundoagropecuario.cl\/new\/cooperativas-del-sur-de-chile-realizaran-gira-de-trabajo-a-uruguay\/#primaryimage"},"thumbnailUrl":"https:\/\/www.mundoagropecuario.cl\/new\/wp-content\/uploads\/2018\/07\/Vacas-lecheras.jpg","keywords":["Agricultura","Agro","Campocoop y UNAF.","Cooperativas del Sur","Cooprinsem y Colun"],"articleSection":["Agricultura"],"inLanguage":"es"},{"@type":"WebPage","@id":"https:\/\/www.mundoagropecuario.cl\/new\/cooperativas-del-sur-de-chile-realizaran-gira-de-trabajo-a-uruguay\/","url":"https:\/\/www.mundoagropecuario.cl\/new\/cooperativas-del-sur-de-chile-realizaran-gira-de-trabajo-a-uruguay\/","name":"Cooperativas del Sur de Chile realizar\u00e1n gira de trabajo a Uruguay - Mundoagropecuario","isPartOf":{"@id":"https:\/\/www.mundoagropecuario.cl\/new\/#website"},"primaryImageOfPage":{"@id":"https:\/\/www.mundoagropecuario.cl\/new\/cooperativas-del-sur-de-chile-realizaran-gira-de-trabajo-a-uruguay\/#primaryimage"},"image":{"@id":"https:\/\/www.mundoagropecuario.cl\/new\/cooperativas-del-sur-de-chile-realizaran-gira-de-trabajo-a-uruguay\/#primaryimage"},"thumbnailUrl":"https:\/\/www.mundoagropecuario.cl\/new\/wp-content\/uploads\/2018\/07\/Vacas-lecheras.jpg","datePublished":"2023-05-12T16:22:56+00:00","dateModified":"2023-05-16T15:33:20+00:00","description":"Los representantes de las cooperativas sure\u00f1as, participaron en una reuni\u00f3n online con Cooperativas Agrarias Federadas de Uruguay (CAF).","breadcrumb":{"@id":"https:\/\/www.mundoagropecuario.cl\/new\/cooperativas-del-sur-de-chile-realizaran-gira-de-trabajo-a-uruguay\/#breadcrumb"},"inLanguage":"es","potentialAction":[{"@type":"ReadAction","target":["https:\/\/www.mundoagropecuario.cl\/new\/cooperativas-del-sur-de-chile-realizaran-gira-de-trabajo-a-uruguay\/"]}]},{"@type":"ImageObject","inLanguage":"es","@id":"https:\/\/www.mundoagropecuario.cl\/new\/cooperativas-del-sur-de-chile-realizaran-gira-de-trabajo-a-uruguay\/#primaryimage","url":"https:\/\/www.mundoagropecuario.cl\/new\/wp-content\/uploads\/2018\/07\/Vacas-lecheras.jpg","contentUrl":"https:\/\/www.mundoagropecuario.cl\/new\/wp-content\/uploads\/2018\/07\/Vacas-lecheras.jpg","width":533,"height":400},{"@type":"BreadcrumbList","@id":"https:\/\/www.mundoagropecuario.cl\/new\/cooperativas-del-sur-de-chile-realizaran-gira-de-trabajo-a-uruguay\/#breadcrumb","itemListElement":[{"@type":"ListItem","position":1,"name":"Portada","item":"https:\/\/www.mundoagropecuario.cl\/new\/"},{"@type":"ListItem","position":2,"name":"Cooperativas del Sur de Chile realizar\u00e1n gira de trabajo a Uruguay"}]},{"@type":"WebSite","@id":"https:\/\/www.mundoagropecuario.cl\/new\/#website","url":"https:\/\/www.mundoagropecuario.cl\/new\/","name":"Mundoagropecuario","description":"Mundo Agropecuario","publisher":{"@id":"https:\/\/www.mundoagropecuario.cl\/new\/#organization"},"potentialAction":[{"@type":"SearchAction","target":{"@type":"EntryPoint","urlTemplate":"https:\/\/www.mundoagropecuario.cl\/new\/?s={search_term_string}"},"query-input":{"@type":"PropertyValueSpecification","valueRequired":true,"valueName":"search_term_string"}}],"inLanguage":"es"},{"@type":"Organization","@id":"https:\/\/www.mundoagropecuario.cl\/new\/#organization","name":"Revista de Agricultura","url":"https:\/\/www.mundoagropecuario.cl\/new\/","logo":{"@type":"ImageObject","inLanguage":"es","@id":"https:\/\/www.mundoagropecuario.cl\/new\/#\/schema\/logo\/image\/","url":"https:\/\/www.mundoagropecuario.cl\/new\/wp-content\/uploads\/2020\/11\/PORTAL-1-1.png","contentUrl":"https:\/\/www.mundoagropecuario.cl\/new\/wp-content\/uploads\/2020\/11\/PORTAL-1-1.png","width":1026,"height":100,"caption":"Revista de Agricultura"},"image":{"@id":"https:\/\/www.mundoagropecuario.cl\/new\/#\/schema\/logo\/image\/"},"sameAs":["https:\/\/www.facebook.com\/mundo.agropecuario.3","https:\/\/x.com\/MundoAgropecuar","https:\/\/www.linkedin.com\/in\/mundo-agropecuario-934009201\/"]},{"@type":"Person","@id":"https:\/\/www.mundoagropecuario.cl\/new\/#\/schema\/person\/4e9f74a82a7dac260eb1c44b7eebeb18","name":"mundo","url":"https:\/\/www.mundoagropecuario.cl\/new\/author\/mundo\/"}]}},"_links":{"self":[{"href":"https:\/\/www.mundoagropecuario.cl\/new\/wp-json\/wp\/v2\/posts\/24005","targetHints":{"allow":["GET"]}}],"collection":[{"href":"https:\/\/www.mundoagropecuario.cl\/new\/wp-json\/wp\/v2\/posts"}],"about":[{"href":"https:\/\/www.mundoagropecuario.cl\/new\/wp-json\/wp\/v2\/types\/post"}],"author":[{"embeddable":true,"href":"https:\/\/www.mundoagropecuario.cl\/new\/wp-json\/wp\/v2\/users\/2"}],"replies":[{"embeddable":true,"href":"https:\/\/www.mundoagropecuario.cl\/new\/wp-json\/wp\/v2\/comments?post=24005"}],"version-history":[{"count":1,"href":"https:\/\/www.mundoagropecuario.cl\/new\/wp-json\/wp\/v2\/posts\/24005\/revisions"}],"predecessor-version":[{"id":24006,"href":"https:\/\/www.mundoagropecuario.cl\/new\/wp-json\/wp\/v2\/posts\/24005\/revisions\/24006"}],"wp:featuredmedia":[{"embeddable":true,"href":"https:\/\/www.mundoagropecuario.cl\/new\/wp-json\/wp\/v2\/media\/7576"}],"wp:attachment":[{"href":"https:\/\/www.mundoagropecuario.cl\/new\/wp-json\/wp\/v2\/media?parent=24005"}],"wp:term":[{"taxonomy":"category","embeddable":true,"href":"https:\/\/www.mundoagropecuario.cl\/new\/wp-json\/wp\/v2\/categories?post=24005"},{"taxonomy":"post_tag","embeddable":true,"href":"https:\/\/www.mundoagropecuario.cl\/new\/wp-json\/wp\/v2\/tags?post=24005"}],"curies":[{"name":"wp","href":"https:\/\/api.w.org\/{rel}","templated":true}]}}