{"id":23996,"date":"2023-05-08T14:06:18","date_gmt":"2023-05-08T17:06:18","guid":{"rendered":"https:\/\/www.mundoagropecuario.cl\/new\/?p=23996"},"modified":"2023-05-15T15:51:27","modified_gmt":"2023-05-15T18:51:27","slug":"pdte-de-fedefruta-se-muestra-optimista-ante-nuevo-proyecto-de-constitucion","status":"publish","type":"post","link":"https:\/\/www.mundoagropecuario.cl\/new\/pdte-de-fedefruta-se-muestra-optimista-ante-nuevo-proyecto-de-constitucion\/","title":{"rendered":"Pdte. de Fedefruta se muestra optimista ante nuevo proceso constituyente"},"content":{"rendered":"<p>El presidente de la Federaci\u00f3n de Productores de Frutas de Chile (Fedefruta), Jorge Valenzuela Trebicock, analiza los resultados de la elecci\u00f3n de consejeros para el nuevo proceso constituyente, diciendo que &#8220;tenemos la confianza de que no se siga fantaseando con el mundo rural en la discusi\u00f3n&#8221;, como sucedi\u00f3 en la Convenci\u00f3n Constitucional. &#8220;Como Fedefruta y fruticultores, estamos disponibles de nuevo para construir una buena ruralidad, para trabajar y colaborar en una nueva y mejor constituci\u00f3n para Chile&#8221;.<\/p>\n<p><strong>A continuaci\u00f3n, la declaraci\u00f3n del presidente de Fedefruta tras las elecciones:<\/strong><\/p>\n<p>&#8220;Luego un ejemplar proceso de votaci\u00f3n que convoc\u00f3 a millones, debemos estar atentos a una discusi\u00f3n constitucional que es relevante, y no debemos restarnos. No lo hicimos con la Convenci\u00f3n Constitucional y ahora tenemos el deber de participar en esta nueva oportunidad&#8221;<\/p>\n<p>&#8220;Tuvimos la experiencia de la Convenci\u00f3n Constitucional el 2021 y 2022, hablamos con muchos miembros, y nos citaron a audiencias en comisiones. Hicimos nuestro trabajo de llevar los temas de la seguridad alimentaria, sustentabilidad y ruralidad, pero no nos escucharon, y no escucharon a los sectores productivos, ni menos al mundo rural. Esas audiencias fueron solo un desfile, y quiz\u00e1s cu\u00e1ntos actores m\u00e1s citados sintieron lo mismo&#8221;.<\/p>\n<p>&#8220;A parecer este proceso ser\u00e1 m\u00e1s moderado, sin el avance de utop\u00edas. Pero este nuevo proceso constitucional, como se ha llevado hasta ahora, ha ido con una tranquilidad nerviosa. Ahora esperamos que luego de las elecciones, esta vez s\u00ed escuchen a las personas de las zonas rurales, y se coloquen en la mesa las necesidades de toda la sociedad&#8221;.<\/p>\n<p>&#8220;En este proceso con los consejeros electos, tenemos la confianza de que no se siga fantaseando con el mundo rural en la discusi\u00f3n de las normas. En la ruralidad somos un ecosistema, trabajamos juntos, nos conocemos, nos ayudamos, y todos vivimos de lo mismo. Como Fedefruta y fruticultores, estamos disponibles para construir una buena ruralidad, para trabajar y colaborar en una nueva y mejor constituci\u00f3n para Chile y toda la ruralidad&#8221;.<\/p>\n","protected":false},"excerpt":{"rendered":"<p>Esperamos que luego de las elecciones, esta vez s\u00ed escuchen a las personas de las zonas rurales, y se coloquen en la mesa las necesidades de toda la sociedad&#8221;.\u00a0<\/p>\n","protected":false},"author":2,"featured_media":23997,"comment_status":"closed","ping_status":"closed","sticky":false,"template":"","format":"standard","meta":{"footnotes":""},"categories":[1945],"tags":[2090,3127,2095,7942,7943,7944],"class_list":["post-23996","post","type-post","status-publish","format-standard","has-post-thumbnail","hentry","category-agricultura","tag-agricultura","tag-agro","tag-fedefruta","tag-jorge-valenzuela-trebicock","tag-nueva-constitucion","tag-ruralidad"],"yoast_head":"<!-- This site is optimized with the Yoast SEO plugin v26.6 - https:\/\/yoast.com\/wordpress\/plugins\/seo\/ -->\n<title>Pdte. de Fedefruta se muestra optimista ante nuevo proceso constituyente - Mundoagropecuario<\/title>\n<meta name=\"description\" content=\"Luego de las elecciones, esta vez s\u00ed escuchen a las personas de las zonas rurales, coloquen en la mesa las necesidades de toda la sociedad&quot;.\u00a0\" \/>\n<meta name=\"robots\" content=\"index, follow, max-snippet:-1, max-image-preview:large, max-video-preview:-1\" \/>\n<link rel=\"canonical\" href=\"https:\/\/www.mundoagropecuario.cl\/new\/pdte-de-fedefruta-se-muestra-optimista-ante-nuevo-proyecto-de-constitucion\/\" \/>\n<meta property=\"og:locale\" content=\"es_ES\" \/>\n<meta property=\"og:type\" content=\"article\" \/>\n<meta property=\"og:title\" content=\"Pdte. de Fedefruta se muestra optimista ante nuevo proceso constituyente - Mundoagropecuario\" \/>\n<meta property=\"og:description\" content=\"Luego de las elecciones, esta vez s\u00ed escuchen a las personas de las zonas rurales, coloquen en la mesa las necesidades de toda la sociedad&quot;.\u00a0\" \/>\n<meta property=\"og:url\" content=\"https:\/\/www.mundoagropecuario.cl\/new\/pdte-de-fedefruta-se-muestra-optimista-ante-nuevo-proyecto-de-constitucion\/\" \/>\n<meta property=\"og:site_name\" content=\"Mundoagropecuario\" \/>\n<meta property=\"article:publisher\" content=\"https:\/\/www.facebook.com\/mundo.agropecuario.3\" \/>\n<meta property=\"article:published_time\" content=\"2023-05-08T17:06:18+00:00\" \/>\n<meta property=\"article:modified_time\" content=\"2023-05-15T18:51:27+00:00\" \/>\n<meta property=\"og:image\" content=\"https:\/\/www.mundoagropecuario.cl\/new\/wp-content\/uploads\/2023\/05\/Fedefrutas--scaled.jpeg\" \/>\n\t<meta property=\"og:image:width\" content=\"1024\" \/>\n\t<meta property=\"og:image:height\" content=\"578\" \/>\n\t<meta property=\"og:image:type\" content=\"image\/jpeg\" \/>\n<meta name=\"author\" content=\"mundo\" \/>\n<meta name=\"twitter:card\" content=\"summary_large_image\" \/>\n<meta name=\"twitter:creator\" content=\"@MundoAgropecuar\" \/>\n<meta name=\"twitter:site\" content=\"@MundoAgropecuar\" \/>\n<meta name=\"twitter:label1\" content=\"Escrito por\" \/>\n\t<meta name=\"twitter:data1\" content=\"mundo\" \/>\n\t<meta name=\"twitter:label2\" content=\"Tiempo de lectura\" \/>\n\t<meta name=\"twitter:data2\" content=\"2 minutos\" \/>\n<script type=\"application\/ld+json\" class=\"yoast-schema-graph\">{\"@context\":\"https:\/\/schema.org\",\"@graph\":[{\"@type\":\"Article\",\"@id\":\"https:\/\/www.mundoagropecuario.cl\/new\/pdte-de-fedefruta-se-muestra-optimista-ante-nuevo-proyecto-de-constitucion\/#article\",\"isPartOf\":{\"@id\":\"https:\/\/www.mundoagropecuario.cl\/new\/pdte-de-fedefruta-se-muestra-optimista-ante-nuevo-proyecto-de-constitucion\/\"},\"author\":{\"name\":\"mundo\",\"@id\":\"https:\/\/www.mundoagropecuario.cl\/new\/#\/schema\/person\/4e9f74a82a7dac260eb1c44b7eebeb18\"},\"headline\":\"Pdte. de Fedefruta se muestra optimista ante nuevo proceso constituyente\",\"datePublished\":\"2023-05-08T17:06:18+00:00\",\"dateModified\":\"2023-05-15T18:51:27+00:00\",\"mainEntityOfPage\":{\"@id\":\"https:\/\/www.mundoagropecuario.cl\/new\/pdte-de-fedefruta-se-muestra-optimista-ante-nuevo-proyecto-de-constitucion\/\"},\"wordCount\":353,\"publisher\":{\"@id\":\"https:\/\/www.mundoagropecuario.cl\/new\/#organization\"},\"image\":{\"@id\":\"https:\/\/www.mundoagropecuario.cl\/new\/pdte-de-fedefruta-se-muestra-optimista-ante-nuevo-proyecto-de-constitucion\/#primaryimage\"},\"thumbnailUrl\":\"https:\/\/www.mundoagropecuario.cl\/new\/wp-content\/uploads\/2023\/05\/Fedefrutas--scaled.jpeg\",\"keywords\":[\"Agricultura\",\"Agro\",\"Fedefruta\",\"Jorge Valenzuela Trebicock\",\"nueva constituci\u00f3n\",\"ruralidad\"],\"articleSection\":[\"Agricultura\"],\"inLanguage\":\"es\"},{\"@type\":\"WebPage\",\"@id\":\"https:\/\/www.mundoagropecuario.cl\/new\/pdte-de-fedefruta-se-muestra-optimista-ante-nuevo-proyecto-de-constitucion\/\",\"url\":\"https:\/\/www.mundoagropecuario.cl\/new\/pdte-de-fedefruta-se-muestra-optimista-ante-nuevo-proyecto-de-constitucion\/\",\"name\":\"Pdte. de Fedefruta se muestra optimista ante nuevo proceso constituyente - Mundoagropecuario\",\"isPartOf\":{\"@id\":\"https:\/\/www.mundoagropecuario.cl\/new\/#website\"},\"primaryImageOfPage\":{\"@id\":\"https:\/\/www.mundoagropecuario.cl\/new\/pdte-de-fedefruta-se-muestra-optimista-ante-nuevo-proyecto-de-constitucion\/#primaryimage\"},\"image\":{\"@id\":\"https:\/\/www.mundoagropecuario.cl\/new\/pdte-de-fedefruta-se-muestra-optimista-ante-nuevo-proyecto-de-constitucion\/#primaryimage\"},\"thumbnailUrl\":\"https:\/\/www.mundoagropecuario.cl\/new\/wp-content\/uploads\/2023\/05\/Fedefrutas--scaled.jpeg\",\"datePublished\":\"2023-05-08T17:06:18+00:00\",\"dateModified\":\"2023-05-15T18:51:27+00:00\",\"description\":\"Luego de las elecciones, esta vez s\u00ed escuchen a las personas de las zonas rurales, coloquen en la mesa las necesidades de toda la sociedad\\\".\u00a0\",\"breadcrumb\":{\"@id\":\"https:\/\/www.mundoagropecuario.cl\/new\/pdte-de-fedefruta-se-muestra-optimista-ante-nuevo-proyecto-de-constitucion\/#breadcrumb\"},\"inLanguage\":\"es\",\"potentialAction\":[{\"@type\":\"ReadAction\",\"target\":[\"https:\/\/www.mundoagropecuario.cl\/new\/pdte-de-fedefruta-se-muestra-optimista-ante-nuevo-proyecto-de-constitucion\/\"]}]},{\"@type\":\"ImageObject\",\"inLanguage\":\"es\",\"@id\":\"https:\/\/www.mundoagropecuario.cl\/new\/pdte-de-fedefruta-se-muestra-optimista-ante-nuevo-proyecto-de-constitucion\/#primaryimage\",\"url\":\"https:\/\/www.mundoagropecuario.cl\/new\/wp-content\/uploads\/2023\/05\/Fedefrutas--scaled.jpeg\",\"contentUrl\":\"https:\/\/www.mundoagropecuario.cl\/new\/wp-content\/uploads\/2023\/05\/Fedefrutas--scaled.jpeg\",\"width\":709,\"height\":400},{\"@type\":\"BreadcrumbList\",\"@id\":\"https:\/\/www.mundoagropecuario.cl\/new\/pdte-de-fedefruta-se-muestra-optimista-ante-nuevo-proyecto-de-constitucion\/#breadcrumb\",\"itemListElement\":[{\"@type\":\"ListItem\",\"position\":1,\"name\":\"Portada\",\"item\":\"https:\/\/www.mundoagropecuario.cl\/new\/\"},{\"@type\":\"ListItem\",\"position\":2,\"name\":\"Pdte. de Fedefruta se muestra optimista ante nuevo proceso constituyente\"}]},{\"@type\":\"WebSite\",\"@id\":\"https:\/\/www.mundoagropecuario.cl\/new\/#website\",\"url\":\"https:\/\/www.mundoagropecuario.cl\/new\/\",\"name\":\"Mundoagropecuario\",\"description\":\"Mundo Agropecuario\",\"publisher\":{\"@id\":\"https:\/\/www.mundoagropecuario.cl\/new\/#organization\"},\"potentialAction\":[{\"@type\":\"SearchAction\",\"target\":{\"@type\":\"EntryPoint\",\"urlTemplate\":\"https:\/\/www.mundoagropecuario.cl\/new\/?s={search_term_string}\"},\"query-input\":{\"@type\":\"PropertyValueSpecification\",\"valueRequired\":true,\"valueName\":\"search_term_string\"}}],\"inLanguage\":\"es\"},{\"@type\":\"Organization\",\"@id\":\"https:\/\/www.mundoagropecuario.cl\/new\/#organization\",\"name\":\"Revista de Agricultura\",\"url\":\"https:\/\/www.mundoagropecuario.cl\/new\/\",\"logo\":{\"@type\":\"ImageObject\",\"inLanguage\":\"es\",\"@id\":\"https:\/\/www.mundoagropecuario.cl\/new\/#\/schema\/logo\/image\/\",\"url\":\"https:\/\/www.mundoagropecuario.cl\/new\/wp-content\/uploads\/2020\/11\/PORTAL-1-1.png\",\"contentUrl\":\"https:\/\/www.mundoagropecuario.cl\/new\/wp-content\/uploads\/2020\/11\/PORTAL-1-1.png\",\"width\":1026,\"height\":100,\"caption\":\"Revista de Agricultura\"},\"image\":{\"@id\":\"https:\/\/www.mundoagropecuario.cl\/new\/#\/schema\/logo\/image\/\"},\"sameAs\":[\"https:\/\/www.facebook.com\/mundo.agropecuario.3\",\"https:\/\/x.com\/MundoAgropecuar\",\"https:\/\/www.linkedin.com\/in\/mundo-agropecuario-934009201\/\"]},{\"@type\":\"Person\",\"@id\":\"https:\/\/www.mundoagropecuario.cl\/new\/#\/schema\/person\/4e9f74a82a7dac260eb1c44b7eebeb18\",\"name\":\"mundo\",\"url\":\"https:\/\/www.mundoagropecuario.cl\/new\/author\/mundo\/\"}]}<\/script>\n<!-- \/ Yoast SEO plugin. -->","yoast_head_json":{"title":"Pdte. de Fedefruta se muestra optimista ante nuevo proceso constituyente - Mundoagropecuario","description":"Luego de las elecciones, esta vez s\u00ed escuchen a las personas de las zonas rurales, coloquen en la mesa las necesidades de toda la sociedad\".\u00a0","robots":{"index":"index","follow":"follow","max-snippet":"max-snippet:-1","max-image-preview":"max-image-preview:large","max-video-preview":"max-video-preview:-1"},"canonical":"https:\/\/www.mundoagropecuario.cl\/new\/pdte-de-fedefruta-se-muestra-optimista-ante-nuevo-proyecto-de-constitucion\/","og_locale":"es_ES","og_type":"article","og_title":"Pdte. de Fedefruta se muestra optimista ante nuevo proceso constituyente - Mundoagropecuario","og_description":"Luego de las elecciones, esta vez s\u00ed escuchen a las personas de las zonas rurales, coloquen en la mesa las necesidades de toda la sociedad\".\u00a0","og_url":"https:\/\/www.mundoagropecuario.cl\/new\/pdte-de-fedefruta-se-muestra-optimista-ante-nuevo-proyecto-de-constitucion\/","og_site_name":"Mundoagropecuario","article_publisher":"https:\/\/www.facebook.com\/mundo.agropecuario.3","article_published_time":"2023-05-08T17:06:18+00:00","article_modified_time":"2023-05-15T18:51:27+00:00","og_image":[{"width":1024,"height":578,"url":"https:\/\/www.mundoagropecuario.cl\/new\/wp-content\/uploads\/2023\/05\/Fedefrutas--scaled.jpeg","type":"image\/jpeg"}],"author":"mundo","twitter_card":"summary_large_image","twitter_creator":"@MundoAgropecuar","twitter_site":"@MundoAgropecuar","twitter_misc":{"Escrito por":"mundo","Tiempo de lectura":"2 minutos"},"schema":{"@context":"https:\/\/schema.org","@graph":[{"@type":"Article","@id":"https:\/\/www.mundoagropecuario.cl\/new\/pdte-de-fedefruta-se-muestra-optimista-ante-nuevo-proyecto-de-constitucion\/#article","isPartOf":{"@id":"https:\/\/www.mundoagropecuario.cl\/new\/pdte-de-fedefruta-se-muestra-optimista-ante-nuevo-proyecto-de-constitucion\/"},"author":{"name":"mundo","@id":"https:\/\/www.mundoagropecuario.cl\/new\/#\/schema\/person\/4e9f74a82a7dac260eb1c44b7eebeb18"},"headline":"Pdte. de Fedefruta se muestra optimista ante nuevo proceso constituyente","datePublished":"2023-05-08T17:06:18+00:00","dateModified":"2023-05-15T18:51:27+00:00","mainEntityOfPage":{"@id":"https:\/\/www.mundoagropecuario.cl\/new\/pdte-de-fedefruta-se-muestra-optimista-ante-nuevo-proyecto-de-constitucion\/"},"wordCount":353,"publisher":{"@id":"https:\/\/www.mundoagropecuario.cl\/new\/#organization"},"image":{"@id":"https:\/\/www.mundoagropecuario.cl\/new\/pdte-de-fedefruta-se-muestra-optimista-ante-nuevo-proyecto-de-constitucion\/#primaryimage"},"thumbnailUrl":"https:\/\/www.mundoagropecuario.cl\/new\/wp-content\/uploads\/2023\/05\/Fedefrutas--scaled.jpeg","keywords":["Agricultura","Agro","Fedefruta","Jorge Valenzuela Trebicock","nueva constituci\u00f3n","ruralidad"],"articleSection":["Agricultura"],"inLanguage":"es"},{"@type":"WebPage","@id":"https:\/\/www.mundoagropecuario.cl\/new\/pdte-de-fedefruta-se-muestra-optimista-ante-nuevo-proyecto-de-constitucion\/","url":"https:\/\/www.mundoagropecuario.cl\/new\/pdte-de-fedefruta-se-muestra-optimista-ante-nuevo-proyecto-de-constitucion\/","name":"Pdte. de Fedefruta se muestra optimista ante nuevo proceso constituyente - Mundoagropecuario","isPartOf":{"@id":"https:\/\/www.mundoagropecuario.cl\/new\/#website"},"primaryImageOfPage":{"@id":"https:\/\/www.mundoagropecuario.cl\/new\/pdte-de-fedefruta-se-muestra-optimista-ante-nuevo-proyecto-de-constitucion\/#primaryimage"},"image":{"@id":"https:\/\/www.mundoagropecuario.cl\/new\/pdte-de-fedefruta-se-muestra-optimista-ante-nuevo-proyecto-de-constitucion\/#primaryimage"},"thumbnailUrl":"https:\/\/www.mundoagropecuario.cl\/new\/wp-content\/uploads\/2023\/05\/Fedefrutas--scaled.jpeg","datePublished":"2023-05-08T17:06:18+00:00","dateModified":"2023-05-15T18:51:27+00:00","description":"Luego de las elecciones, esta vez s\u00ed escuchen a las personas de las zonas rurales, coloquen en la mesa las necesidades de toda la sociedad\".\u00a0","breadcrumb":{"@id":"https:\/\/www.mundoagropecuario.cl\/new\/pdte-de-fedefruta-se-muestra-optimista-ante-nuevo-proyecto-de-constitucion\/#breadcrumb"},"inLanguage":"es","potentialAction":[{"@type":"ReadAction","target":["https:\/\/www.mundoagropecuario.cl\/new\/pdte-de-fedefruta-se-muestra-optimista-ante-nuevo-proyecto-de-constitucion\/"]}]},{"@type":"ImageObject","inLanguage":"es","@id":"https:\/\/www.mundoagropecuario.cl\/new\/pdte-de-fedefruta-se-muestra-optimista-ante-nuevo-proyecto-de-constitucion\/#primaryimage","url":"https:\/\/www.mundoagropecuario.cl\/new\/wp-content\/uploads\/2023\/05\/Fedefrutas--scaled.jpeg","contentUrl":"https:\/\/www.mundoagropecuario.cl\/new\/wp-content\/uploads\/2023\/05\/Fedefrutas--scaled.jpeg","width":709,"height":400},{"@type":"BreadcrumbList","@id":"https:\/\/www.mundoagropecuario.cl\/new\/pdte-de-fedefruta-se-muestra-optimista-ante-nuevo-proyecto-de-constitucion\/#breadcrumb","itemListElement":[{"@type":"ListItem","position":1,"name":"Portada","item":"https:\/\/www.mundoagropecuario.cl\/new\/"},{"@type":"ListItem","position":2,"name":"Pdte. de Fedefruta se muestra optimista ante nuevo proceso constituyente"}]},{"@type":"WebSite","@id":"https:\/\/www.mundoagropecuario.cl\/new\/#website","url":"https:\/\/www.mundoagropecuario.cl\/new\/","name":"Mundoagropecuario","description":"Mundo Agropecuario","publisher":{"@id":"https:\/\/www.mundoagropecuario.cl\/new\/#organization"},"potentialAction":[{"@type":"SearchAction","target":{"@type":"EntryPoint","urlTemplate":"https:\/\/www.mundoagropecuario.cl\/new\/?s={search_term_string}"},"query-input":{"@type":"PropertyValueSpecification","valueRequired":true,"valueName":"search_term_string"}}],"inLanguage":"es"},{"@type":"Organization","@id":"https:\/\/www.mundoagropecuario.cl\/new\/#organization","name":"Revista de Agricultura","url":"https:\/\/www.mundoagropecuario.cl\/new\/","logo":{"@type":"ImageObject","inLanguage":"es","@id":"https:\/\/www.mundoagropecuario.cl\/new\/#\/schema\/logo\/image\/","url":"https:\/\/www.mundoagropecuario.cl\/new\/wp-content\/uploads\/2020\/11\/PORTAL-1-1.png","contentUrl":"https:\/\/www.mundoagropecuario.cl\/new\/wp-content\/uploads\/2020\/11\/PORTAL-1-1.png","width":1026,"height":100,"caption":"Revista de Agricultura"},"image":{"@id":"https:\/\/www.mundoagropecuario.cl\/new\/#\/schema\/logo\/image\/"},"sameAs":["https:\/\/www.facebook.com\/mundo.agropecuario.3","https:\/\/x.com\/MundoAgropecuar","https:\/\/www.linkedin.com\/in\/mundo-agropecuario-934009201\/"]},{"@type":"Person","@id":"https:\/\/www.mundoagropecuario.cl\/new\/#\/schema\/person\/4e9f74a82a7dac260eb1c44b7eebeb18","name":"mundo","url":"https:\/\/www.mundoagropecuario.cl\/new\/author\/mundo\/"}]}},"_links":{"self":[{"href":"https:\/\/www.mundoagropecuario.cl\/new\/wp-json\/wp\/v2\/posts\/23996","targetHints":{"allow":["GET"]}}],"collection":[{"href":"https:\/\/www.mundoagropecuario.cl\/new\/wp-json\/wp\/v2\/posts"}],"about":[{"href":"https:\/\/www.mundoagropecuario.cl\/new\/wp-json\/wp\/v2\/types\/post"}],"author":[{"embeddable":true,"href":"https:\/\/www.mundoagropecuario.cl\/new\/wp-json\/wp\/v2\/users\/2"}],"replies":[{"embeddable":true,"href":"https:\/\/www.mundoagropecuario.cl\/new\/wp-json\/wp\/v2\/comments?post=23996"}],"version-history":[{"count":2,"href":"https:\/\/www.mundoagropecuario.cl\/new\/wp-json\/wp\/v2\/posts\/23996\/revisions"}],"predecessor-version":[{"id":23999,"href":"https:\/\/www.mundoagropecuario.cl\/new\/wp-json\/wp\/v2\/posts\/23996\/revisions\/23999"}],"wp:featuredmedia":[{"embeddable":true,"href":"https:\/\/www.mundoagropecuario.cl\/new\/wp-json\/wp\/v2\/media\/23997"}],"wp:attachment":[{"href":"https:\/\/www.mundoagropecuario.cl\/new\/wp-json\/wp\/v2\/media?parent=23996"}],"wp:term":[{"taxonomy":"category","embeddable":true,"href":"https:\/\/www.mundoagropecuario.cl\/new\/wp-json\/wp\/v2\/categories?post=23996"},{"taxonomy":"post_tag","embeddable":true,"href":"https:\/\/www.mundoagropecuario.cl\/new\/wp-json\/wp\/v2\/tags?post=23996"}],"curies":[{"name":"wp","href":"https:\/\/api.w.org\/{rel}","templated":true}]}}