{"id":23944,"date":"2023-04-27T13:34:41","date_gmt":"2023-04-27T16:34:41","guid":{"rendered":"https:\/\/www.mundoagropecuario.cl\/new\/?p=23944"},"modified":"2023-05-03T13:14:05","modified_gmt":"2023-05-03T16:14:05","slug":"liberan-mas-de-4-mil-millones-para-mipymes-y-emprendimiento-de-la-region-de-los-lagos","status":"publish","type":"post","link":"https:\/\/www.mundoagropecuario.cl\/new\/liberan-mas-de-4-mil-millones-para-mipymes-y-emprendimiento-de-la-region-de-los-lagos\/","title":{"rendered":"Liberan m\u00e1s de $4 mil millones para Mipymes y emprendimiento de la regi\u00f3n de Los Lagos"},"content":{"rendered":"<p>En las instalaciones del Gobierno Regional de Los Lagos se realiz\u00f3 la segunda sesi\u00f3n del Comit\u00e9 de Desarrollo Productivo (CDP) Los Lagos, instancia presidida por el Gobernador Regional, Patricio Vallesp\u00edn. En la oportunidad, se definieron los ejes estrat\u00e9gicos, presupuesto, as\u00ed como las fechas de las sesiones de los pr\u00f3ximos plenos y subcomit\u00e9s.<\/p>\n<p>El \u00f3rgano colegiado, donde participan actores p\u00fablicos y privados, tambi\u00e9n aprob\u00f3 el marco presupuestario, asignando para este 2023 una cifra total de $4.181 millones, los cuales permitir\u00e1n abrir convocatorias, a partir de mayo, desde Corfo y Sercotec.<\/p>\n<p><a href=\"https:\/\/www.mundoagropecuario.cl\/new\/wp-content\/uploads\/2023\/04\/PTI-18-scaled.jpg\"><img loading=\"lazy\" decoding=\"async\" class=\"size-medium wp-image-23946 alignright\" src=\"https:\/\/www.mundoagropecuario.cl\/new\/wp-content\/uploads\/2023\/04\/PTI-18-586x391.jpg\" alt=\"\" width=\"586\" height=\"391\" srcset=\"https:\/\/www.mundoagropecuario.cl\/new\/wp-content\/uploads\/2023\/04\/PTI-18-586x391.jpg 586w, https:\/\/www.mundoagropecuario.cl\/new\/wp-content\/uploads\/2023\/04\/PTI-18-1024x683.jpg 1024w, https:\/\/www.mundoagropecuario.cl\/new\/wp-content\/uploads\/2023\/04\/PTI-18-768x512.jpg 768w, https:\/\/www.mundoagropecuario.cl\/new\/wp-content\/uploads\/2023\/04\/PTI-18-1536x1024.jpg 1536w, https:\/\/www.mundoagropecuario.cl\/new\/wp-content\/uploads\/2023\/04\/PTI-18-scaled.jpg 600w\" sizes=\"auto, (max-width: 586px) 100vw, 586px\" \/><\/a>\u201cEsta ha sido una sesi\u00f3n muy productiva. Bajo la mirada estrat\u00e9gica del Gobierno Regional hemos abordado ejes que tienen relaci\u00f3n con los sectores productivos definidos en el Pacto por una Regi\u00f3n Sostenible e Inclusiva, con foco en la econom\u00eda circular, colaborativa y regenerativa. Los integrantes del comit\u00e9 est\u00e1n muy comprometidos con esta tarea de trabajar por el desarrollo sostenible de la regi\u00f3n. Buscamos alinear los instrumentos de fomento y para ello hemos aprobado los presupuestos para este a\u00f1o acogiendo la experiencia de Corfo y Sercotec, hablamos del orden de $3.400 millones desde ambos servicios\u201d, se\u00f1al\u00f3 el Gobernador Regional.<\/p>\n<p>Por su parte, el director regional de Corfo y director ejecutivo del CDP Los Lagos, Gabriel P\u00e9rez, indic\u00f3 que las convocatorias se informar\u00e1n de manera oportuna a los emprendedores de la regi\u00f3n para postular a las distintas l\u00edneas de fomento que sean definidas e impulsadas por el Comit\u00e9.<\/p>\n<p>A su vez, destac\u00f3 la relevancia de esta segunda sesi\u00f3n en la que se acercaron posturas y generando las confianzas necesarias para pensar la regi\u00f3n de una manera distinta a lo que hemos estado acostumbrados.<\/p>\n<p>\u201cA trav\u00e9s de este CDP recogemos las miradas de los territorios, que son aportadas por los consejeros regionales, y la vocaci\u00f3n del Gobernador para llevar adelante el proceso de descentralizaci\u00f3n y generar condiciones para que las comunidades tengan acceso a una mejor calidad de vida\u201d, manifest\u00f3 el director de Corfo los Lagos.<\/p>\n<p>Asimismo, la autoridad sostuvo que como Corfo y a trav\u00e9s de su Programa Territorial Integrado (PTI) de la Carne Bovina de la regi\u00f3n de Los Lagos, buscan contribuir al dise\u00f1o de una estrategia ganadera sustentable, disminuyendo la huella de carbono, permitiendo de esta manera el posicionamiento y la valorizaci\u00f3n de los productos c\u00e1rnicos bovinos regionales, tanto en Chile como en el extranjero.<\/p>\n<p>La Presidencia del Subcomit\u00e9 de Fomento Productivo qued\u00f3 a cargo de Hector Henr\u00edquez, Presidente de la Multigremial y Armasur, quien relev\u00f3 la participaci\u00f3n del sector privado en este tipo de iniciativas para el bienestar de la regi\u00f3n, las comunidades y el desarrollo comercial y productivo.<\/p>\n<p>\u201cEste es un comit\u00e9 de toma de decisi\u00f3n regional. Nuestra principal preocupaci\u00f3n es que se asignen bien los recursos hacia instrumentos que tengan foco en sostenibilidad, circularidad e innovaci\u00f3n esta es la finalidad virtuosa que tenemos que aportar\u201d, se\u00f1al\u00f3 Henr\u00edquez.<\/p>\n<p>En tanto, la directora regional de Sercotec, J\u00e9ssica Kramm, sostuvo que \u201cque la propuesta presentada ha sido aprobada por unanimidad. Fue una sesi\u00f3n muy clara, muy objetiva, transparente y lo que esperamos es aportar al desarrollo de nuestra regi\u00f3n de Los Lagos. Tenemos expectativas y muchas ganas de trabajar en torno a ello, sabemos lo que significa como servicio y continuaremos aportando\u201d se\u00f1al\u00f3.<\/p>\n<p>Finalmente, el Seremi de Econom\u00eda Fomento y Turismo, Luis Cardenas, explic\u00f3 que el \u201cComit\u00e9 trabajar\u00e1 desde una mirada estrat\u00e9gica, con lineamientos como la descarbonizaci\u00f3n justa; la adaptaci\u00f3n a la crisis clim\u00e1tica y los impactos socioambientales y la diversificaci\u00f3n productiva sostenible. Esto permitir\u00e1 potenciar el emprendimiento, la innovaci\u00f3n y el fomento productivo, generando pol\u00edticas habilitantes desde una mirada descentralizada, equitativa, sostenible, territorialmente equilibrada y con perspectiva de g\u00e9nero&#8221;.<\/p>\n<p>El CDP Los Lagos es un organismo regional colegiado, con atribuciones delegadas para la toma de decisiones en materia de gesti\u00f3n presupuestaria y de asignaci\u00f3n de fondos, lo que permitir\u00e1 avanzar en la distribuci\u00f3n del poder y en la capacidad de los gobiernos regionales para potenciar el desarrollo productivo de acuerdo con las necesidades y anhelos de sus territorios.<\/p>\n","protected":false},"excerpt":{"rendered":"<p>Este presupuesto permitir\u00e1 abrir convocatorias en el territorio para iniciativas de Corfo y algunos programas de Sercotec desde mayo en adelante.<\/p>\n","protected":false},"author":2,"featured_media":23945,"comment_status":"closed","ping_status":"closed","sticky":false,"template":"","format":"standard","meta":{"footnotes":""},"categories":[1945],"tags":[7911,7910,153,7909,7908,3221,6029],"class_list":["post-23944","post","type-post","status-publish","format-standard","has-post-thumbnail","hentry","category-agricultura","tag-cdp-los-lagos","tag-circularidad","tag-corfo","tag-corfo-y-sercotec","tag-emprendimiento-de-la-region-de-los-lagos","tag-pti","tag-sostenibilidad"],"yoast_head":"<!-- This site is optimized with the Yoast SEO plugin v26.6 - https:\/\/yoast.com\/wordpress\/plugins\/seo\/ -->\n<title>Liberan m\u00e1s de $4 mil millones para Mipymes y emprendimiento de la regi\u00f3n de Los Lagos - Mundoagropecuario<\/title>\n<meta name=\"description\" content=\"Este presupuesto permitir\u00e1 abrir convocatorias en el territorio para iniciativas de Corfo y algunos programas de Sercotec.\" \/>\n<meta name=\"robots\" content=\"index, follow, max-snippet:-1, max-image-preview:large, max-video-preview:-1\" \/>\n<link rel=\"canonical\" href=\"https:\/\/www.mundoagropecuario.cl\/new\/liberan-mas-de-4-mil-millones-para-mipymes-y-emprendimiento-de-la-region-de-los-lagos\/\" \/>\n<meta property=\"og:locale\" content=\"es_ES\" \/>\n<meta property=\"og:type\" content=\"article\" \/>\n<meta property=\"og:title\" content=\"Liberan m\u00e1s de $4 mil millones para Mipymes y emprendimiento de la regi\u00f3n de Los Lagos - Mundoagropecuario\" \/>\n<meta property=\"og:description\" content=\"Este presupuesto permitir\u00e1 abrir convocatorias en el territorio para iniciativas de Corfo y algunos programas de Sercotec.\" \/>\n<meta property=\"og:url\" content=\"https:\/\/www.mundoagropecuario.cl\/new\/liberan-mas-de-4-mil-millones-para-mipymes-y-emprendimiento-de-la-region-de-los-lagos\/\" \/>\n<meta property=\"og:site_name\" content=\"Mundoagropecuario\" \/>\n<meta property=\"article:publisher\" content=\"https:\/\/www.facebook.com\/mundo.agropecuario.3\" \/>\n<meta property=\"article:published_time\" content=\"2023-04-27T16:34:41+00:00\" \/>\n<meta property=\"article:modified_time\" content=\"2023-05-03T16:14:05+00:00\" \/>\n<meta property=\"og:image\" content=\"https:\/\/www.mundoagropecuario.cl\/new\/wp-content\/uploads\/2023\/04\/PTI-25-scaled.jpg\" \/>\n\t<meta property=\"og:image:width\" content=\"1024\" \/>\n\t<meta property=\"og:image:height\" content=\"650\" \/>\n\t<meta property=\"og:image:type\" content=\"image\/jpeg\" \/>\n<meta name=\"author\" content=\"mundo\" \/>\n<meta name=\"twitter:card\" content=\"summary_large_image\" \/>\n<meta name=\"twitter:creator\" content=\"@MundoAgropecuar\" \/>\n<meta name=\"twitter:site\" content=\"@MundoAgropecuar\" \/>\n<meta name=\"twitter:label1\" content=\"Escrito por\" \/>\n\t<meta name=\"twitter:data1\" content=\"mundo\" \/>\n\t<meta name=\"twitter:label2\" content=\"Tiempo de lectura\" \/>\n\t<meta name=\"twitter:data2\" content=\"4 minutos\" \/>\n<script type=\"application\/ld+json\" class=\"yoast-schema-graph\">{\"@context\":\"https:\/\/schema.org\",\"@graph\":[{\"@type\":\"Article\",\"@id\":\"https:\/\/www.mundoagropecuario.cl\/new\/liberan-mas-de-4-mil-millones-para-mipymes-y-emprendimiento-de-la-region-de-los-lagos\/#article\",\"isPartOf\":{\"@id\":\"https:\/\/www.mundoagropecuario.cl\/new\/liberan-mas-de-4-mil-millones-para-mipymes-y-emprendimiento-de-la-region-de-los-lagos\/\"},\"author\":{\"name\":\"mundo\",\"@id\":\"https:\/\/www.mundoagropecuario.cl\/new\/#\/schema\/person\/4e9f74a82a7dac260eb1c44b7eebeb18\"},\"headline\":\"Liberan m\u00e1s de $4 mil millones para Mipymes y emprendimiento de la regi\u00f3n de Los Lagos\",\"datePublished\":\"2023-04-27T16:34:41+00:00\",\"dateModified\":\"2023-05-03T16:14:05+00:00\",\"mainEntityOfPage\":{\"@id\":\"https:\/\/www.mundoagropecuario.cl\/new\/liberan-mas-de-4-mil-millones-para-mipymes-y-emprendimiento-de-la-region-de-los-lagos\/\"},\"wordCount\":727,\"publisher\":{\"@id\":\"https:\/\/www.mundoagropecuario.cl\/new\/#organization\"},\"image\":{\"@id\":\"https:\/\/www.mundoagropecuario.cl\/new\/liberan-mas-de-4-mil-millones-para-mipymes-y-emprendimiento-de-la-region-de-los-lagos\/#primaryimage\"},\"thumbnailUrl\":\"https:\/\/www.mundoagropecuario.cl\/new\/wp-content\/uploads\/2023\/04\/PTI-25-scaled.jpg\",\"keywords\":[\"CDP Los Lagos\",\"circularidad\",\"Corfo\",\"Corfo y Sercotec.\",\"emprendimiento de la regi\u00f3n de Los Lagos\",\"PTI\",\"sostenibilidad\"],\"articleSection\":[\"Agricultura\"],\"inLanguage\":\"es\"},{\"@type\":\"WebPage\",\"@id\":\"https:\/\/www.mundoagropecuario.cl\/new\/liberan-mas-de-4-mil-millones-para-mipymes-y-emprendimiento-de-la-region-de-los-lagos\/\",\"url\":\"https:\/\/www.mundoagropecuario.cl\/new\/liberan-mas-de-4-mil-millones-para-mipymes-y-emprendimiento-de-la-region-de-los-lagos\/\",\"name\":\"Liberan m\u00e1s de $4 mil millones para Mipymes y emprendimiento de la regi\u00f3n de Los Lagos - Mundoagropecuario\",\"isPartOf\":{\"@id\":\"https:\/\/www.mundoagropecuario.cl\/new\/#website\"},\"primaryImageOfPage\":{\"@id\":\"https:\/\/www.mundoagropecuario.cl\/new\/liberan-mas-de-4-mil-millones-para-mipymes-y-emprendimiento-de-la-region-de-los-lagos\/#primaryimage\"},\"image\":{\"@id\":\"https:\/\/www.mundoagropecuario.cl\/new\/liberan-mas-de-4-mil-millones-para-mipymes-y-emprendimiento-de-la-region-de-los-lagos\/#primaryimage\"},\"thumbnailUrl\":\"https:\/\/www.mundoagropecuario.cl\/new\/wp-content\/uploads\/2023\/04\/PTI-25-scaled.jpg\",\"datePublished\":\"2023-04-27T16:34:41+00:00\",\"dateModified\":\"2023-05-03T16:14:05+00:00\",\"description\":\"Este presupuesto permitir\u00e1 abrir convocatorias en el territorio para iniciativas de Corfo y algunos programas de Sercotec.\",\"breadcrumb\":{\"@id\":\"https:\/\/www.mundoagropecuario.cl\/new\/liberan-mas-de-4-mil-millones-para-mipymes-y-emprendimiento-de-la-region-de-los-lagos\/#breadcrumb\"},\"inLanguage\":\"es\",\"potentialAction\":[{\"@type\":\"ReadAction\",\"target\":[\"https:\/\/www.mundoagropecuario.cl\/new\/liberan-mas-de-4-mil-millones-para-mipymes-y-emprendimiento-de-la-region-de-los-lagos\/\"]}]},{\"@type\":\"ImageObject\",\"inLanguage\":\"es\",\"@id\":\"https:\/\/www.mundoagropecuario.cl\/new\/liberan-mas-de-4-mil-millones-para-mipymes-y-emprendimiento-de-la-region-de-los-lagos\/#primaryimage\",\"url\":\"https:\/\/www.mundoagropecuario.cl\/new\/wp-content\/uploads\/2023\/04\/PTI-25-scaled.jpg\",\"contentUrl\":\"https:\/\/www.mundoagropecuario.cl\/new\/wp-content\/uploads\/2023\/04\/PTI-25-scaled.jpg\",\"width\":630,\"height\":400},{\"@type\":\"BreadcrumbList\",\"@id\":\"https:\/\/www.mundoagropecuario.cl\/new\/liberan-mas-de-4-mil-millones-para-mipymes-y-emprendimiento-de-la-region-de-los-lagos\/#breadcrumb\",\"itemListElement\":[{\"@type\":\"ListItem\",\"position\":1,\"name\":\"Portada\",\"item\":\"https:\/\/www.mundoagropecuario.cl\/new\/\"},{\"@type\":\"ListItem\",\"position\":2,\"name\":\"Liberan m\u00e1s de $4 mil millones para Mipymes y emprendimiento de la regi\u00f3n de Los Lagos\"}]},{\"@type\":\"WebSite\",\"@id\":\"https:\/\/www.mundoagropecuario.cl\/new\/#website\",\"url\":\"https:\/\/www.mundoagropecuario.cl\/new\/\",\"name\":\"Mundoagropecuario\",\"description\":\"Mundo Agropecuario\",\"publisher\":{\"@id\":\"https:\/\/www.mundoagropecuario.cl\/new\/#organization\"},\"potentialAction\":[{\"@type\":\"SearchAction\",\"target\":{\"@type\":\"EntryPoint\",\"urlTemplate\":\"https:\/\/www.mundoagropecuario.cl\/new\/?s={search_term_string}\"},\"query-input\":{\"@type\":\"PropertyValueSpecification\",\"valueRequired\":true,\"valueName\":\"search_term_string\"}}],\"inLanguage\":\"es\"},{\"@type\":\"Organization\",\"@id\":\"https:\/\/www.mundoagropecuario.cl\/new\/#organization\",\"name\":\"Revista de Agricultura\",\"url\":\"https:\/\/www.mundoagropecuario.cl\/new\/\",\"logo\":{\"@type\":\"ImageObject\",\"inLanguage\":\"es\",\"@id\":\"https:\/\/www.mundoagropecuario.cl\/new\/#\/schema\/logo\/image\/\",\"url\":\"https:\/\/www.mundoagropecuario.cl\/new\/wp-content\/uploads\/2020\/11\/PORTAL-1-1.png\",\"contentUrl\":\"https:\/\/www.mundoagropecuario.cl\/new\/wp-content\/uploads\/2020\/11\/PORTAL-1-1.png\",\"width\":1026,\"height\":100,\"caption\":\"Revista de Agricultura\"},\"image\":{\"@id\":\"https:\/\/www.mundoagropecuario.cl\/new\/#\/schema\/logo\/image\/\"},\"sameAs\":[\"https:\/\/www.facebook.com\/mundo.agropecuario.3\",\"https:\/\/x.com\/MundoAgropecuar\",\"https:\/\/www.linkedin.com\/in\/mundo-agropecuario-934009201\/\"]},{\"@type\":\"Person\",\"@id\":\"https:\/\/www.mundoagropecuario.cl\/new\/#\/schema\/person\/4e9f74a82a7dac260eb1c44b7eebeb18\",\"name\":\"mundo\",\"url\":\"https:\/\/www.mundoagropecuario.cl\/new\/author\/mundo\/\"}]}<\/script>\n<!-- \/ Yoast SEO plugin. -->","yoast_head_json":{"title":"Liberan m\u00e1s de $4 mil millones para Mipymes y emprendimiento de la regi\u00f3n de Los Lagos - Mundoagropecuario","description":"Este presupuesto permitir\u00e1 abrir convocatorias en el territorio para iniciativas de Corfo y algunos programas de Sercotec.","robots":{"index":"index","follow":"follow","max-snippet":"max-snippet:-1","max-image-preview":"max-image-preview:large","max-video-preview":"max-video-preview:-1"},"canonical":"https:\/\/www.mundoagropecuario.cl\/new\/liberan-mas-de-4-mil-millones-para-mipymes-y-emprendimiento-de-la-region-de-los-lagos\/","og_locale":"es_ES","og_type":"article","og_title":"Liberan m\u00e1s de $4 mil millones para Mipymes y emprendimiento de la regi\u00f3n de Los Lagos - Mundoagropecuario","og_description":"Este presupuesto permitir\u00e1 abrir convocatorias en el territorio para iniciativas de Corfo y algunos programas de Sercotec.","og_url":"https:\/\/www.mundoagropecuario.cl\/new\/liberan-mas-de-4-mil-millones-para-mipymes-y-emprendimiento-de-la-region-de-los-lagos\/","og_site_name":"Mundoagropecuario","article_publisher":"https:\/\/www.facebook.com\/mundo.agropecuario.3","article_published_time":"2023-04-27T16:34:41+00:00","article_modified_time":"2023-05-03T16:14:05+00:00","og_image":[{"width":1024,"height":650,"url":"https:\/\/www.mundoagropecuario.cl\/new\/wp-content\/uploads\/2023\/04\/PTI-25-scaled.jpg","type":"image\/jpeg"}],"author":"mundo","twitter_card":"summary_large_image","twitter_creator":"@MundoAgropecuar","twitter_site":"@MundoAgropecuar","twitter_misc":{"Escrito por":"mundo","Tiempo de lectura":"4 minutos"},"schema":{"@context":"https:\/\/schema.org","@graph":[{"@type":"Article","@id":"https:\/\/www.mundoagropecuario.cl\/new\/liberan-mas-de-4-mil-millones-para-mipymes-y-emprendimiento-de-la-region-de-los-lagos\/#article","isPartOf":{"@id":"https:\/\/www.mundoagropecuario.cl\/new\/liberan-mas-de-4-mil-millones-para-mipymes-y-emprendimiento-de-la-region-de-los-lagos\/"},"author":{"name":"mundo","@id":"https:\/\/www.mundoagropecuario.cl\/new\/#\/schema\/person\/4e9f74a82a7dac260eb1c44b7eebeb18"},"headline":"Liberan m\u00e1s de $4 mil millones para Mipymes y emprendimiento de la regi\u00f3n de Los Lagos","datePublished":"2023-04-27T16:34:41+00:00","dateModified":"2023-05-03T16:14:05+00:00","mainEntityOfPage":{"@id":"https:\/\/www.mundoagropecuario.cl\/new\/liberan-mas-de-4-mil-millones-para-mipymes-y-emprendimiento-de-la-region-de-los-lagos\/"},"wordCount":727,"publisher":{"@id":"https:\/\/www.mundoagropecuario.cl\/new\/#organization"},"image":{"@id":"https:\/\/www.mundoagropecuario.cl\/new\/liberan-mas-de-4-mil-millones-para-mipymes-y-emprendimiento-de-la-region-de-los-lagos\/#primaryimage"},"thumbnailUrl":"https:\/\/www.mundoagropecuario.cl\/new\/wp-content\/uploads\/2023\/04\/PTI-25-scaled.jpg","keywords":["CDP Los Lagos","circularidad","Corfo","Corfo y Sercotec.","emprendimiento de la regi\u00f3n de Los Lagos","PTI","sostenibilidad"],"articleSection":["Agricultura"],"inLanguage":"es"},{"@type":"WebPage","@id":"https:\/\/www.mundoagropecuario.cl\/new\/liberan-mas-de-4-mil-millones-para-mipymes-y-emprendimiento-de-la-region-de-los-lagos\/","url":"https:\/\/www.mundoagropecuario.cl\/new\/liberan-mas-de-4-mil-millones-para-mipymes-y-emprendimiento-de-la-region-de-los-lagos\/","name":"Liberan m\u00e1s de $4 mil millones para Mipymes y emprendimiento de la regi\u00f3n de Los Lagos - Mundoagropecuario","isPartOf":{"@id":"https:\/\/www.mundoagropecuario.cl\/new\/#website"},"primaryImageOfPage":{"@id":"https:\/\/www.mundoagropecuario.cl\/new\/liberan-mas-de-4-mil-millones-para-mipymes-y-emprendimiento-de-la-region-de-los-lagos\/#primaryimage"},"image":{"@id":"https:\/\/www.mundoagropecuario.cl\/new\/liberan-mas-de-4-mil-millones-para-mipymes-y-emprendimiento-de-la-region-de-los-lagos\/#primaryimage"},"thumbnailUrl":"https:\/\/www.mundoagropecuario.cl\/new\/wp-content\/uploads\/2023\/04\/PTI-25-scaled.jpg","datePublished":"2023-04-27T16:34:41+00:00","dateModified":"2023-05-03T16:14:05+00:00","description":"Este presupuesto permitir\u00e1 abrir convocatorias en el territorio para iniciativas de Corfo y algunos programas de Sercotec.","breadcrumb":{"@id":"https:\/\/www.mundoagropecuario.cl\/new\/liberan-mas-de-4-mil-millones-para-mipymes-y-emprendimiento-de-la-region-de-los-lagos\/#breadcrumb"},"inLanguage":"es","potentialAction":[{"@type":"ReadAction","target":["https:\/\/www.mundoagropecuario.cl\/new\/liberan-mas-de-4-mil-millones-para-mipymes-y-emprendimiento-de-la-region-de-los-lagos\/"]}]},{"@type":"ImageObject","inLanguage":"es","@id":"https:\/\/www.mundoagropecuario.cl\/new\/liberan-mas-de-4-mil-millones-para-mipymes-y-emprendimiento-de-la-region-de-los-lagos\/#primaryimage","url":"https:\/\/www.mundoagropecuario.cl\/new\/wp-content\/uploads\/2023\/04\/PTI-25-scaled.jpg","contentUrl":"https:\/\/www.mundoagropecuario.cl\/new\/wp-content\/uploads\/2023\/04\/PTI-25-scaled.jpg","width":630,"height":400},{"@type":"BreadcrumbList","@id":"https:\/\/www.mundoagropecuario.cl\/new\/liberan-mas-de-4-mil-millones-para-mipymes-y-emprendimiento-de-la-region-de-los-lagos\/#breadcrumb","itemListElement":[{"@type":"ListItem","position":1,"name":"Portada","item":"https:\/\/www.mundoagropecuario.cl\/new\/"},{"@type":"ListItem","position":2,"name":"Liberan m\u00e1s de $4 mil millones para Mipymes y emprendimiento de la regi\u00f3n de Los Lagos"}]},{"@type":"WebSite","@id":"https:\/\/www.mundoagropecuario.cl\/new\/#website","url":"https:\/\/www.mundoagropecuario.cl\/new\/","name":"Mundoagropecuario","description":"Mundo Agropecuario","publisher":{"@id":"https:\/\/www.mundoagropecuario.cl\/new\/#organization"},"potentialAction":[{"@type":"SearchAction","target":{"@type":"EntryPoint","urlTemplate":"https:\/\/www.mundoagropecuario.cl\/new\/?s={search_term_string}"},"query-input":{"@type":"PropertyValueSpecification","valueRequired":true,"valueName":"search_term_string"}}],"inLanguage":"es"},{"@type":"Organization","@id":"https:\/\/www.mundoagropecuario.cl\/new\/#organization","name":"Revista de Agricultura","url":"https:\/\/www.mundoagropecuario.cl\/new\/","logo":{"@type":"ImageObject","inLanguage":"es","@id":"https:\/\/www.mundoagropecuario.cl\/new\/#\/schema\/logo\/image\/","url":"https:\/\/www.mundoagropecuario.cl\/new\/wp-content\/uploads\/2020\/11\/PORTAL-1-1.png","contentUrl":"https:\/\/www.mundoagropecuario.cl\/new\/wp-content\/uploads\/2020\/11\/PORTAL-1-1.png","width":1026,"height":100,"caption":"Revista de Agricultura"},"image":{"@id":"https:\/\/www.mundoagropecuario.cl\/new\/#\/schema\/logo\/image\/"},"sameAs":["https:\/\/www.facebook.com\/mundo.agropecuario.3","https:\/\/x.com\/MundoAgropecuar","https:\/\/www.linkedin.com\/in\/mundo-agropecuario-934009201\/"]},{"@type":"Person","@id":"https:\/\/www.mundoagropecuario.cl\/new\/#\/schema\/person\/4e9f74a82a7dac260eb1c44b7eebeb18","name":"mundo","url":"https:\/\/www.mundoagropecuario.cl\/new\/author\/mundo\/"}]}},"_links":{"self":[{"href":"https:\/\/www.mundoagropecuario.cl\/new\/wp-json\/wp\/v2\/posts\/23944","targetHints":{"allow":["GET"]}}],"collection":[{"href":"https:\/\/www.mundoagropecuario.cl\/new\/wp-json\/wp\/v2\/posts"}],"about":[{"href":"https:\/\/www.mundoagropecuario.cl\/new\/wp-json\/wp\/v2\/types\/post"}],"author":[{"embeddable":true,"href":"https:\/\/www.mundoagropecuario.cl\/new\/wp-json\/wp\/v2\/users\/2"}],"replies":[{"embeddable":true,"href":"https:\/\/www.mundoagropecuario.cl\/new\/wp-json\/wp\/v2\/comments?post=23944"}],"version-history":[{"count":1,"href":"https:\/\/www.mundoagropecuario.cl\/new\/wp-json\/wp\/v2\/posts\/23944\/revisions"}],"predecessor-version":[{"id":23947,"href":"https:\/\/www.mundoagropecuario.cl\/new\/wp-json\/wp\/v2\/posts\/23944\/revisions\/23947"}],"wp:featuredmedia":[{"embeddable":true,"href":"https:\/\/www.mundoagropecuario.cl\/new\/wp-json\/wp\/v2\/media\/23945"}],"wp:attachment":[{"href":"https:\/\/www.mundoagropecuario.cl\/new\/wp-json\/wp\/v2\/media?parent=23944"}],"wp:term":[{"taxonomy":"category","embeddable":true,"href":"https:\/\/www.mundoagropecuario.cl\/new\/wp-json\/wp\/v2\/categories?post=23944"},{"taxonomy":"post_tag","embeddable":true,"href":"https:\/\/www.mundoagropecuario.cl\/new\/wp-json\/wp\/v2\/tags?post=23944"}],"curies":[{"name":"wp","href":"https:\/\/api.w.org\/{rel}","templated":true}]}}