{"id":23918,"date":"2023-04-25T13:00:17","date_gmt":"2023-04-25T16:00:17","guid":{"rendered":"https:\/\/www.mundoagropecuario.cl\/new\/?p=23918"},"modified":"2023-04-28T13:45:48","modified_gmt":"2023-04-28T16:45:48","slug":"veterinaria-udec-realizara-5-seminario-de-avicultura-de-traspatio-sustentable","status":"publish","type":"post","link":"https:\/\/www.mundoagropecuario.cl\/new\/veterinaria-udec-realizara-5-seminario-de-avicultura-de-traspatio-sustentable\/","title":{"rendered":"Veterinaria UdeC realizar\u00e1 5\u00b0 Seminario de Avicultura de Traspatio Sustentable"},"content":{"rendered":"<p>\u201cDando valor a los productos av\u00edcolas de la familia campesina\u201d, enfocado a la contingencia sanitaria producto de la influenza aviar, es el tema de la quinta versi\u00f3n del Seminario de Avicultura de Traspatio Sustentable, que organiza la Facultad de Ciencias Veterinarias de la Universidad de Concepci\u00f3n, y que se desarrollar\u00e1 este viernes 28 de abril.<\/p>\n<p>En la oportunidad se abordar\u00e1n temas relacionados con la industria av\u00edcola en Chile, el rol del Servicio Agr\u00edcola y Ganadero en el control de la influenza aviar, la cadena epidemiol\u00f3gica de la influenza aviar, el diagn\u00f3stico de la influenza aviar y medidas de bioseguridad y tambi\u00e9n la influenza y sus desaf\u00edos en Salud P\u00fablica: una mirada desde la perspectiva One Health, entre otros t\u00f3picos que ser\u00e1n abordados por expertos de Veterinaria UdeC.<\/p>\n<p>Cabe destacar que dada la importancia de este seminario, el equipo coordinador compuesto por el Dr. V\u00edctor Fuentes, Jefe T\u00e9cnico SAT Av\u00edcola San Carlos, el Vicedecano de Veterinaria UdeC, Dr. Mario Briones y la Dra. Makarena Rubilar, de la Unidad Av\u00edcola del Departamento de Ciencia Animal, definieron transmitir la jornada por Youtube en el canal de Veterinaria UdeC:\u00a0 http:\/\/www..veterinariaudec.cl\/live<\/p>\n","protected":false},"excerpt":{"rendered":"<p>La actividad abierta al p\u00fablico se realizar\u00e1 este viernes 28 de abril, de 15 a 18 horas, en el Auditorio Jos\u00e9 Su\u00e1rez Fanjul del Campus Chill\u00e1n de la Universidad de Concepci\u00f3n.<\/p>\n","protected":false},"author":2,"featured_media":23919,"comment_status":"closed","ping_status":"closed","sticky":false,"template":"","format":"standard","meta":{"footnotes":""},"categories":[1945],"tags":[4124,3127,3645,7893,1342,5834],"class_list":["post-23918","post","type-post","status-publish","format-standard","has-post-thumbnail","hentry","category-agricultura","tag-agricola","tag-agro","tag-avicola","tag-seminario-de-avicultura","tag-universidad-de-concepcion","tag-veterinaria-udec"],"yoast_head":"<!-- This site is optimized with the Yoast SEO plugin v26.6 - https:\/\/yoast.com\/wordpress\/plugins\/seo\/ -->\n<title>Veterinaria UdeC realizar\u00e1 5\u00b0 Seminario de Avicultura de Traspatio Sustentable - Mundoagropecuario<\/title>\n<meta name=\"description\" content=\"La actividad abierta al p\u00fablico se realizar\u00e1 este viernes 28 de abril, en el Auditorio Jos\u00e9 Su\u00e1rez Fanjul del Campus Chill\u00e1n de la UdeC.\" \/>\n<meta name=\"robots\" content=\"index, follow, max-snippet:-1, max-image-preview:large, max-video-preview:-1\" \/>\n<link rel=\"canonical\" href=\"https:\/\/www.mundoagropecuario.cl\/new\/veterinaria-udec-realizara-5-seminario-de-avicultura-de-traspatio-sustentable\/\" \/>\n<meta property=\"og:locale\" content=\"es_ES\" \/>\n<meta property=\"og:type\" content=\"article\" \/>\n<meta property=\"og:title\" content=\"Veterinaria UdeC realizar\u00e1 5\u00b0 Seminario de Avicultura de Traspatio Sustentable - Mundoagropecuario\" \/>\n<meta property=\"og:description\" content=\"La actividad abierta al p\u00fablico se realizar\u00e1 este viernes 28 de abril, en el Auditorio Jos\u00e9 Su\u00e1rez Fanjul del Campus Chill\u00e1n de la UdeC.\" \/>\n<meta property=\"og:url\" content=\"https:\/\/www.mundoagropecuario.cl\/new\/veterinaria-udec-realizara-5-seminario-de-avicultura-de-traspatio-sustentable\/\" \/>\n<meta property=\"og:site_name\" content=\"Mundoagropecuario\" \/>\n<meta property=\"article:publisher\" content=\"https:\/\/www.facebook.com\/mundo.agropecuario.3\" \/>\n<meta property=\"article:published_time\" content=\"2023-04-25T16:00:17+00:00\" \/>\n<meta property=\"article:modified_time\" content=\"2023-04-28T16:45:48+00:00\" \/>\n<meta property=\"og:image\" content=\"https:\/\/www.mundoagropecuario.cl\/new\/wp-content\/uploads\/2023\/04\/seminario-avicola-scaled.jpg\" \/>\n\t<meta property=\"og:image:width\" content=\"1024\" \/>\n\t<meta property=\"og:image:height\" content=\"657\" \/>\n\t<meta property=\"og:image:type\" content=\"image\/jpeg\" \/>\n<meta name=\"author\" content=\"mundo\" \/>\n<meta name=\"twitter:card\" content=\"summary_large_image\" \/>\n<meta name=\"twitter:creator\" content=\"@MundoAgropecuar\" \/>\n<meta name=\"twitter:site\" content=\"@MundoAgropecuar\" \/>\n<meta name=\"twitter:label1\" content=\"Escrito por\" \/>\n\t<meta name=\"twitter:data1\" content=\"mundo\" \/>\n\t<meta name=\"twitter:label2\" content=\"Tiempo de lectura\" \/>\n\t<meta name=\"twitter:data2\" content=\"1 minuto\" \/>\n<script type=\"application\/ld+json\" class=\"yoast-schema-graph\">{\"@context\":\"https:\/\/schema.org\",\"@graph\":[{\"@type\":\"Article\",\"@id\":\"https:\/\/www.mundoagropecuario.cl\/new\/veterinaria-udec-realizara-5-seminario-de-avicultura-de-traspatio-sustentable\/#article\",\"isPartOf\":{\"@id\":\"https:\/\/www.mundoagropecuario.cl\/new\/veterinaria-udec-realizara-5-seminario-de-avicultura-de-traspatio-sustentable\/\"},\"author\":{\"name\":\"mundo\",\"@id\":\"https:\/\/www.mundoagropecuario.cl\/new\/#\/schema\/person\/4e9f74a82a7dac260eb1c44b7eebeb18\"},\"headline\":\"Veterinaria UdeC realizar\u00e1 5\u00b0 Seminario de Avicultura de Traspatio Sustentable\",\"datePublished\":\"2023-04-25T16:00:17+00:00\",\"dateModified\":\"2023-04-28T16:45:48+00:00\",\"mainEntityOfPage\":{\"@id\":\"https:\/\/www.mundoagropecuario.cl\/new\/veterinaria-udec-realizara-5-seminario-de-avicultura-de-traspatio-sustentable\/\"},\"wordCount\":215,\"publisher\":{\"@id\":\"https:\/\/www.mundoagropecuario.cl\/new\/#organization\"},\"image\":{\"@id\":\"https:\/\/www.mundoagropecuario.cl\/new\/veterinaria-udec-realizara-5-seminario-de-avicultura-de-traspatio-sustentable\/#primaryimage\"},\"thumbnailUrl\":\"https:\/\/www.mundoagropecuario.cl\/new\/wp-content\/uploads\/2023\/04\/seminario-avicola-scaled.jpg\",\"keywords\":[\"agricola\",\"Agro\",\"av\u00edcola\",\"Seminario de Avicultura\",\"Universidad de Concepci\u00f3n\",\"Veterinaria UdeC\"],\"articleSection\":[\"Agricultura\"],\"inLanguage\":\"es\"},{\"@type\":\"WebPage\",\"@id\":\"https:\/\/www.mundoagropecuario.cl\/new\/veterinaria-udec-realizara-5-seminario-de-avicultura-de-traspatio-sustentable\/\",\"url\":\"https:\/\/www.mundoagropecuario.cl\/new\/veterinaria-udec-realizara-5-seminario-de-avicultura-de-traspatio-sustentable\/\",\"name\":\"Veterinaria UdeC realizar\u00e1 5\u00b0 Seminario de Avicultura de Traspatio Sustentable - Mundoagropecuario\",\"isPartOf\":{\"@id\":\"https:\/\/www.mundoagropecuario.cl\/new\/#website\"},\"primaryImageOfPage\":{\"@id\":\"https:\/\/www.mundoagropecuario.cl\/new\/veterinaria-udec-realizara-5-seminario-de-avicultura-de-traspatio-sustentable\/#primaryimage\"},\"image\":{\"@id\":\"https:\/\/www.mundoagropecuario.cl\/new\/veterinaria-udec-realizara-5-seminario-de-avicultura-de-traspatio-sustentable\/#primaryimage\"},\"thumbnailUrl\":\"https:\/\/www.mundoagropecuario.cl\/new\/wp-content\/uploads\/2023\/04\/seminario-avicola-scaled.jpg\",\"datePublished\":\"2023-04-25T16:00:17+00:00\",\"dateModified\":\"2023-04-28T16:45:48+00:00\",\"description\":\"La actividad abierta al p\u00fablico se realizar\u00e1 este viernes 28 de abril, en el Auditorio Jos\u00e9 Su\u00e1rez Fanjul del Campus Chill\u00e1n de la UdeC.\",\"breadcrumb\":{\"@id\":\"https:\/\/www.mundoagropecuario.cl\/new\/veterinaria-udec-realizara-5-seminario-de-avicultura-de-traspatio-sustentable\/#breadcrumb\"},\"inLanguage\":\"es\",\"potentialAction\":[{\"@type\":\"ReadAction\",\"target\":[\"https:\/\/www.mundoagropecuario.cl\/new\/veterinaria-udec-realizara-5-seminario-de-avicultura-de-traspatio-sustentable\/\"]}]},{\"@type\":\"ImageObject\",\"inLanguage\":\"es\",\"@id\":\"https:\/\/www.mundoagropecuario.cl\/new\/veterinaria-udec-realizara-5-seminario-de-avicultura-de-traspatio-sustentable\/#primaryimage\",\"url\":\"https:\/\/www.mundoagropecuario.cl\/new\/wp-content\/uploads\/2023\/04\/seminario-avicola-scaled.jpg\",\"contentUrl\":\"https:\/\/www.mundoagropecuario.cl\/new\/wp-content\/uploads\/2023\/04\/seminario-avicola-scaled.jpg\",\"width\":623,\"height\":400},{\"@type\":\"BreadcrumbList\",\"@id\":\"https:\/\/www.mundoagropecuario.cl\/new\/veterinaria-udec-realizara-5-seminario-de-avicultura-de-traspatio-sustentable\/#breadcrumb\",\"itemListElement\":[{\"@type\":\"ListItem\",\"position\":1,\"name\":\"Portada\",\"item\":\"https:\/\/www.mundoagropecuario.cl\/new\/\"},{\"@type\":\"ListItem\",\"position\":2,\"name\":\"Veterinaria UdeC realizar\u00e1 5\u00b0 Seminario de Avicultura de Traspatio Sustentable\"}]},{\"@type\":\"WebSite\",\"@id\":\"https:\/\/www.mundoagropecuario.cl\/new\/#website\",\"url\":\"https:\/\/www.mundoagropecuario.cl\/new\/\",\"name\":\"Mundoagropecuario\",\"description\":\"Mundo Agropecuario\",\"publisher\":{\"@id\":\"https:\/\/www.mundoagropecuario.cl\/new\/#organization\"},\"potentialAction\":[{\"@type\":\"SearchAction\",\"target\":{\"@type\":\"EntryPoint\",\"urlTemplate\":\"https:\/\/www.mundoagropecuario.cl\/new\/?s={search_term_string}\"},\"query-input\":{\"@type\":\"PropertyValueSpecification\",\"valueRequired\":true,\"valueName\":\"search_term_string\"}}],\"inLanguage\":\"es\"},{\"@type\":\"Organization\",\"@id\":\"https:\/\/www.mundoagropecuario.cl\/new\/#organization\",\"name\":\"Revista de Agricultura\",\"url\":\"https:\/\/www.mundoagropecuario.cl\/new\/\",\"logo\":{\"@type\":\"ImageObject\",\"inLanguage\":\"es\",\"@id\":\"https:\/\/www.mundoagropecuario.cl\/new\/#\/schema\/logo\/image\/\",\"url\":\"https:\/\/www.mundoagropecuario.cl\/new\/wp-content\/uploads\/2020\/11\/PORTAL-1-1.png\",\"contentUrl\":\"https:\/\/www.mundoagropecuario.cl\/new\/wp-content\/uploads\/2020\/11\/PORTAL-1-1.png\",\"width\":1026,\"height\":100,\"caption\":\"Revista de Agricultura\"},\"image\":{\"@id\":\"https:\/\/www.mundoagropecuario.cl\/new\/#\/schema\/logo\/image\/\"},\"sameAs\":[\"https:\/\/www.facebook.com\/mundo.agropecuario.3\",\"https:\/\/x.com\/MundoAgropecuar\",\"https:\/\/www.linkedin.com\/in\/mundo-agropecuario-934009201\/\"]},{\"@type\":\"Person\",\"@id\":\"https:\/\/www.mundoagropecuario.cl\/new\/#\/schema\/person\/4e9f74a82a7dac260eb1c44b7eebeb18\",\"name\":\"mundo\",\"url\":\"https:\/\/www.mundoagropecuario.cl\/new\/author\/mundo\/\"}]}<\/script>\n<!-- \/ Yoast SEO plugin. -->","yoast_head_json":{"title":"Veterinaria UdeC realizar\u00e1 5\u00b0 Seminario de Avicultura de Traspatio Sustentable - Mundoagropecuario","description":"La actividad abierta al p\u00fablico se realizar\u00e1 este viernes 28 de abril, en el Auditorio Jos\u00e9 Su\u00e1rez Fanjul del Campus Chill\u00e1n de la UdeC.","robots":{"index":"index","follow":"follow","max-snippet":"max-snippet:-1","max-image-preview":"max-image-preview:large","max-video-preview":"max-video-preview:-1"},"canonical":"https:\/\/www.mundoagropecuario.cl\/new\/veterinaria-udec-realizara-5-seminario-de-avicultura-de-traspatio-sustentable\/","og_locale":"es_ES","og_type":"article","og_title":"Veterinaria UdeC realizar\u00e1 5\u00b0 Seminario de Avicultura de Traspatio Sustentable - Mundoagropecuario","og_description":"La actividad abierta al p\u00fablico se realizar\u00e1 este viernes 28 de abril, en el Auditorio Jos\u00e9 Su\u00e1rez Fanjul del Campus Chill\u00e1n de la UdeC.","og_url":"https:\/\/www.mundoagropecuario.cl\/new\/veterinaria-udec-realizara-5-seminario-de-avicultura-de-traspatio-sustentable\/","og_site_name":"Mundoagropecuario","article_publisher":"https:\/\/www.facebook.com\/mundo.agropecuario.3","article_published_time":"2023-04-25T16:00:17+00:00","article_modified_time":"2023-04-28T16:45:48+00:00","og_image":[{"width":1024,"height":657,"url":"https:\/\/www.mundoagropecuario.cl\/new\/wp-content\/uploads\/2023\/04\/seminario-avicola-scaled.jpg","type":"image\/jpeg"}],"author":"mundo","twitter_card":"summary_large_image","twitter_creator":"@MundoAgropecuar","twitter_site":"@MundoAgropecuar","twitter_misc":{"Escrito por":"mundo","Tiempo de lectura":"1 minuto"},"schema":{"@context":"https:\/\/schema.org","@graph":[{"@type":"Article","@id":"https:\/\/www.mundoagropecuario.cl\/new\/veterinaria-udec-realizara-5-seminario-de-avicultura-de-traspatio-sustentable\/#article","isPartOf":{"@id":"https:\/\/www.mundoagropecuario.cl\/new\/veterinaria-udec-realizara-5-seminario-de-avicultura-de-traspatio-sustentable\/"},"author":{"name":"mundo","@id":"https:\/\/www.mundoagropecuario.cl\/new\/#\/schema\/person\/4e9f74a82a7dac260eb1c44b7eebeb18"},"headline":"Veterinaria UdeC realizar\u00e1 5\u00b0 Seminario de Avicultura de Traspatio Sustentable","datePublished":"2023-04-25T16:00:17+00:00","dateModified":"2023-04-28T16:45:48+00:00","mainEntityOfPage":{"@id":"https:\/\/www.mundoagropecuario.cl\/new\/veterinaria-udec-realizara-5-seminario-de-avicultura-de-traspatio-sustentable\/"},"wordCount":215,"publisher":{"@id":"https:\/\/www.mundoagropecuario.cl\/new\/#organization"},"image":{"@id":"https:\/\/www.mundoagropecuario.cl\/new\/veterinaria-udec-realizara-5-seminario-de-avicultura-de-traspatio-sustentable\/#primaryimage"},"thumbnailUrl":"https:\/\/www.mundoagropecuario.cl\/new\/wp-content\/uploads\/2023\/04\/seminario-avicola-scaled.jpg","keywords":["agricola","Agro","av\u00edcola","Seminario de Avicultura","Universidad de Concepci\u00f3n","Veterinaria UdeC"],"articleSection":["Agricultura"],"inLanguage":"es"},{"@type":"WebPage","@id":"https:\/\/www.mundoagropecuario.cl\/new\/veterinaria-udec-realizara-5-seminario-de-avicultura-de-traspatio-sustentable\/","url":"https:\/\/www.mundoagropecuario.cl\/new\/veterinaria-udec-realizara-5-seminario-de-avicultura-de-traspatio-sustentable\/","name":"Veterinaria UdeC realizar\u00e1 5\u00b0 Seminario de Avicultura de Traspatio Sustentable - Mundoagropecuario","isPartOf":{"@id":"https:\/\/www.mundoagropecuario.cl\/new\/#website"},"primaryImageOfPage":{"@id":"https:\/\/www.mundoagropecuario.cl\/new\/veterinaria-udec-realizara-5-seminario-de-avicultura-de-traspatio-sustentable\/#primaryimage"},"image":{"@id":"https:\/\/www.mundoagropecuario.cl\/new\/veterinaria-udec-realizara-5-seminario-de-avicultura-de-traspatio-sustentable\/#primaryimage"},"thumbnailUrl":"https:\/\/www.mundoagropecuario.cl\/new\/wp-content\/uploads\/2023\/04\/seminario-avicola-scaled.jpg","datePublished":"2023-04-25T16:00:17+00:00","dateModified":"2023-04-28T16:45:48+00:00","description":"La actividad abierta al p\u00fablico se realizar\u00e1 este viernes 28 de abril, en el Auditorio Jos\u00e9 Su\u00e1rez Fanjul del Campus Chill\u00e1n de la UdeC.","breadcrumb":{"@id":"https:\/\/www.mundoagropecuario.cl\/new\/veterinaria-udec-realizara-5-seminario-de-avicultura-de-traspatio-sustentable\/#breadcrumb"},"inLanguage":"es","potentialAction":[{"@type":"ReadAction","target":["https:\/\/www.mundoagropecuario.cl\/new\/veterinaria-udec-realizara-5-seminario-de-avicultura-de-traspatio-sustentable\/"]}]},{"@type":"ImageObject","inLanguage":"es","@id":"https:\/\/www.mundoagropecuario.cl\/new\/veterinaria-udec-realizara-5-seminario-de-avicultura-de-traspatio-sustentable\/#primaryimage","url":"https:\/\/www.mundoagropecuario.cl\/new\/wp-content\/uploads\/2023\/04\/seminario-avicola-scaled.jpg","contentUrl":"https:\/\/www.mundoagropecuario.cl\/new\/wp-content\/uploads\/2023\/04\/seminario-avicola-scaled.jpg","width":623,"height":400},{"@type":"BreadcrumbList","@id":"https:\/\/www.mundoagropecuario.cl\/new\/veterinaria-udec-realizara-5-seminario-de-avicultura-de-traspatio-sustentable\/#breadcrumb","itemListElement":[{"@type":"ListItem","position":1,"name":"Portada","item":"https:\/\/www.mundoagropecuario.cl\/new\/"},{"@type":"ListItem","position":2,"name":"Veterinaria UdeC realizar\u00e1 5\u00b0 Seminario de Avicultura de Traspatio Sustentable"}]},{"@type":"WebSite","@id":"https:\/\/www.mundoagropecuario.cl\/new\/#website","url":"https:\/\/www.mundoagropecuario.cl\/new\/","name":"Mundoagropecuario","description":"Mundo Agropecuario","publisher":{"@id":"https:\/\/www.mundoagropecuario.cl\/new\/#organization"},"potentialAction":[{"@type":"SearchAction","target":{"@type":"EntryPoint","urlTemplate":"https:\/\/www.mundoagropecuario.cl\/new\/?s={search_term_string}"},"query-input":{"@type":"PropertyValueSpecification","valueRequired":true,"valueName":"search_term_string"}}],"inLanguage":"es"},{"@type":"Organization","@id":"https:\/\/www.mundoagropecuario.cl\/new\/#organization","name":"Revista de Agricultura","url":"https:\/\/www.mundoagropecuario.cl\/new\/","logo":{"@type":"ImageObject","inLanguage":"es","@id":"https:\/\/www.mundoagropecuario.cl\/new\/#\/schema\/logo\/image\/","url":"https:\/\/www.mundoagropecuario.cl\/new\/wp-content\/uploads\/2020\/11\/PORTAL-1-1.png","contentUrl":"https:\/\/www.mundoagropecuario.cl\/new\/wp-content\/uploads\/2020\/11\/PORTAL-1-1.png","width":1026,"height":100,"caption":"Revista de Agricultura"},"image":{"@id":"https:\/\/www.mundoagropecuario.cl\/new\/#\/schema\/logo\/image\/"},"sameAs":["https:\/\/www.facebook.com\/mundo.agropecuario.3","https:\/\/x.com\/MundoAgropecuar","https:\/\/www.linkedin.com\/in\/mundo-agropecuario-934009201\/"]},{"@type":"Person","@id":"https:\/\/www.mundoagropecuario.cl\/new\/#\/schema\/person\/4e9f74a82a7dac260eb1c44b7eebeb18","name":"mundo","url":"https:\/\/www.mundoagropecuario.cl\/new\/author\/mundo\/"}]}},"_links":{"self":[{"href":"https:\/\/www.mundoagropecuario.cl\/new\/wp-json\/wp\/v2\/posts\/23918","targetHints":{"allow":["GET"]}}],"collection":[{"href":"https:\/\/www.mundoagropecuario.cl\/new\/wp-json\/wp\/v2\/posts"}],"about":[{"href":"https:\/\/www.mundoagropecuario.cl\/new\/wp-json\/wp\/v2\/types\/post"}],"author":[{"embeddable":true,"href":"https:\/\/www.mundoagropecuario.cl\/new\/wp-json\/wp\/v2\/users\/2"}],"replies":[{"embeddable":true,"href":"https:\/\/www.mundoagropecuario.cl\/new\/wp-json\/wp\/v2\/comments?post=23918"}],"version-history":[{"count":1,"href":"https:\/\/www.mundoagropecuario.cl\/new\/wp-json\/wp\/v2\/posts\/23918\/revisions"}],"predecessor-version":[{"id":23920,"href":"https:\/\/www.mundoagropecuario.cl\/new\/wp-json\/wp\/v2\/posts\/23918\/revisions\/23920"}],"wp:featuredmedia":[{"embeddable":true,"href":"https:\/\/www.mundoagropecuario.cl\/new\/wp-json\/wp\/v2\/media\/23919"}],"wp:attachment":[{"href":"https:\/\/www.mundoagropecuario.cl\/new\/wp-json\/wp\/v2\/media?parent=23918"}],"wp:term":[{"taxonomy":"category","embeddable":true,"href":"https:\/\/www.mundoagropecuario.cl\/new\/wp-json\/wp\/v2\/categories?post=23918"},{"taxonomy":"post_tag","embeddable":true,"href":"https:\/\/www.mundoagropecuario.cl\/new\/wp-json\/wp\/v2\/tags?post=23918"}],"curies":[{"name":"wp","href":"https:\/\/api.w.org\/{rel}","templated":true}]}}