{"id":23861,"date":"2023-04-13T12:58:54","date_gmt":"2023-04-13T15:58:54","guid":{"rendered":"https:\/\/www.mundoagropecuario.cl\/new\/?p=23861"},"modified":"2023-04-18T14:34:22","modified_gmt":"2023-04-18T17:34:22","slug":"realizaran-la-x-version-del-seminario-de-mujeres-lideres-del-sur-de-chile","status":"publish","type":"post","link":"https:\/\/www.mundoagropecuario.cl\/new\/realizaran-la-x-version-del-seminario-de-mujeres-lideres-del-sur-de-chile\/","title":{"rendered":"Realizar\u00e1n la X\u00b0 versi\u00f3n del Seminario de Mujeres L\u00edderes del Sur de Chile"},"content":{"rendered":"<p>Con la presencia de los organizadores, representantes de las diversas marcas y entidades auspiciadoras reunidas en Manhattan Restobar, la Asociaci\u00f3n Gremial de Productores de Leche de Osorno (Aproleche), realiz\u00f3 el lanzamiento de la X\u00b0 versi\u00f3n del Seminario de Mujeres L\u00edderes del Sur de Chile.<\/p>\n<p><a href=\"https:\/\/www.mundoagropecuario.cl\/new\/wp-content\/uploads\/2023\/04\/Fedelche-IMG_7087.jpg\"><img loading=\"lazy\" decoding=\"async\" class=\" wp-image-23862 alignleft\" src=\"https:\/\/www.mundoagropecuario.cl\/new\/wp-content\/uploads\/2023\/04\/Fedelche-IMG_7087-586x390.jpg\" alt=\"\" width=\"455\" height=\"303\" srcset=\"https:\/\/www.mundoagropecuario.cl\/new\/wp-content\/uploads\/2023\/04\/Fedelche-IMG_7087-586x390.jpg 586w, https:\/\/www.mundoagropecuario.cl\/new\/wp-content\/uploads\/2023\/04\/Fedelche-IMG_7087-768x511.jpg 768w, https:\/\/www.mundoagropecuario.cl\/new\/wp-content\/uploads\/2023\/04\/Fedelche-IMG_7087.jpg 601w\" sizes=\"auto, (max-width: 455px) 100vw, 455px\" \/><\/a>Esta iniciativa que por varios a\u00f1os ha reunido a un sinf\u00edn de mujeres en torno al liderazgo femenino, se realizar\u00e1 el pr\u00f3ximo mi\u00e9rcoles 10 de mayo a partir de las 14:00 Hrs., en las dependencias del Hotel Sonesta de Osorno, volviendo as\u00ed a ser parte de la agenda local, con el objetivo de crear un espacio de encuentro, en donde las participantes puedan conectar, compartir y empatizar con sus pares.<\/p>\n<p>Este a\u00f1o, el Seminario ser\u00e1 auspiciado por Veterqu\u00edmica, Salfa Sur, Dimak, Soprole, Grupo Saesa, Feria Osorno, Colun, Manhathan Restobar e Inacap. Adem\u00e1s, se trabajar\u00e1 en co-organizaci\u00f3n con el Centro de Negocios Sercotec Osorno, y contar\u00e1 con sus patrocinadores Hotel Sonesta y la Ilustre Municipalidad de Osorno.<\/p>\n<p>Emeterio Carrillo, alcalde de Osorno, sostuvo que &#8220;como Municipio buscamos siempre apoyar a todas nuestras mujeres, por lo tanto no quisimos estar ausentes del lanzamiento de este gran evento, el cual ayudar\u00e1 al crecimiento y desarrollo personal de todas las participantes. Adem\u00e1s, agradecemos esta alianza p\u00fablica-privada que tenemos junto a Aproleche y creemos que hoy, el que la empresa privada est\u00e9 incentivando este tipo de encuentros es muy importante. Nosotros nunca nos vamos a restar como Municipio porque nuestra tarea es colaborar y apoyar siempre en todo lo que sea necesario&#8221;.<\/p>\n<p>Alejandra Klagges, directora de Aproleche Osorno, sostuvo que &#8220;estamos felices de poder realizar esta nueva versi\u00f3n, la cual tuvo que ser postergada producto de la pandemia. Como Aproleche invitamos a todas las mujeres de la provincia y de la regi\u00f3n, a que dediquen un tiempo para ellas mismas y se den el espacio para compartir e interactuar con sus pares en este interesante e importante Seminario&#8221;.<\/p>\n<p>De esta manera, la Asociaci\u00f3n Gremial busca potenciar, no s\u00f3lo el liderazgo, sino que tambi\u00e9n el emprendimiento local, por lo que junto al Centro de Negocios Sercotec Osorno, han organizado la primera versi\u00f3n de la Feria de Emprendedoras: \u201cMujer l\u00edder\u201d, donde participar\u00e1n alrededor de 40 emprendedoras, quienes tendr\u00e1n un espacio en el Seminario para dar a conocer sus productos y servicios, en el Boulevard Complejo Plaza Sol.<\/p>\n<p><a href=\"https:\/\/www.mundoagropecuario.cl\/new\/wp-content\/uploads\/2023\/04\/Fedeleche-IMG_7129.jpg\"><img loading=\"lazy\" decoding=\"async\" class=\" wp-image-23864 alignright\" src=\"https:\/\/www.mundoagropecuario.cl\/new\/wp-content\/uploads\/2023\/04\/Fedeleche-IMG_7129-586x390.jpg\" alt=\"\" width=\"437\" height=\"291\" srcset=\"https:\/\/www.mundoagropecuario.cl\/new\/wp-content\/uploads\/2023\/04\/Fedeleche-IMG_7129-586x390.jpg 586w, https:\/\/www.mundoagropecuario.cl\/new\/wp-content\/uploads\/2023\/04\/Fedeleche-IMG_7129-768x511.jpg 768w, https:\/\/www.mundoagropecuario.cl\/new\/wp-content\/uploads\/2023\/04\/Fedeleche-IMG_7129.jpg 601w\" sizes=\"auto, (max-width: 437px) 100vw, 437px\" \/><\/a>&#8220;Agracemos a Aproleche est\u00e1 invitaci\u00f3n a permitirnos colaborar con ellos y brindarnos un espacio, para que nuestras emprendedoras puedan presentar sus distintos emprendimientos. Con esto, generamos una vitrina hacia la comunidad, quienes podr\u00e1n ver los productos de excelente calidad con las que cuentan nuestras emprendedoras y disfrutar de un grato momento&#8221;, coment\u00f3 la directora regional de Sercotec Los Lagos, Jessica Kramm,<\/p>\n<p>A su vez, parte relevante de esta nueva versi\u00f3n ser\u00e1 el reconocimiento a siete empresarias de la regi\u00f3n, como ejemplo a seguir entre sus pares, siendo seleccionadas en las categor\u00edas productora lechera, nueva generaci\u00f3n, emprendedora, empresaria, asesora del agro, liderazgo ejecutivo y formadora del agro.<\/p>\n<p>Asimismo, el plato fuerte de este evento ser\u00e1 el panel de expositoras, el cual estar\u00e1 liderado este a\u00f1o por la destacada psic\u00f3loga, columnista, conferencista y escritora nacional, Pilar Sordo; tambi\u00e9n estar\u00e1 en esta jornada Mar\u00eda Paz D\u00edaz, extenista paral\u00edmpica, modelo y relatora chilena; ambas panelistas estar\u00e1n acompa\u00f1adas de la actriz y presentadora de televisi\u00f3n, Katherine Salosny.<\/p>\n<p>Finalmente Anita Jans, Gerente de Aproleche Osorno, sostuvo que \u201cesta es una actividad tremendamente relevante que a esta altura tiene un car\u00e1cter ya no solo regional, sino nacional, es un espacio de desarrollo para cada una de las mujeres que d\u00eda a d\u00eda pone todo su esfuerzo para sacar adelante sus negocios y emprendimiento. Este es un seminario transversal, gratuito y abierto a la comunidad, por lo tanto todas las mujeres que quieran participar pueden comenzar a inscribirse y asegurar su cupo&#8221;.<\/p>\n<p>Se espera que m\u00e1s de 1.000 asistentes sean parte de este gran evento, cuyas inscripciones ya est\u00e1n abiertas en el portal de Aproleche, www.aproleche.cl.<\/p>\n<p><a href=\"https:\/\/www.mundoagropecuario.cl\/new\/wp-content\/uploads\/2023\/04\/Fedeleche-IMG_7084-scaled.jpg\"><img loading=\"lazy\" decoding=\"async\" class=\"alignnone wp-image-23863 size-full\" src=\"https:\/\/www.mundoagropecuario.cl\/new\/wp-content\/uploads\/2023\/04\/Fedeleche-IMG_7084-scaled.jpg\" alt=\"\" width=\"1024\" height=\"683\" srcset=\"https:\/\/www.mundoagropecuario.cl\/new\/wp-content\/uploads\/2023\/04\/Fedeleche-IMG_7084-scaled.jpg 600w, https:\/\/www.mundoagropecuario.cl\/new\/wp-content\/uploads\/2023\/04\/Fedeleche-IMG_7084-586x391.jpg 586w, https:\/\/www.mundoagropecuario.cl\/new\/wp-content\/uploads\/2023\/04\/Fedeleche-IMG_7084-1024x683.jpg 1024w, https:\/\/www.mundoagropecuario.cl\/new\/wp-content\/uploads\/2023\/04\/Fedeleche-IMG_7084-768x512.jpg 768w\" sizes=\"auto, (max-width: 1024px) 100vw, 1024px\" \/><\/a><\/p>\n<p>&nbsp;<\/p>\n","protected":false},"excerpt":{"rendered":"<p>El masivo evento organizado por Aproleche Osorno traer\u00e1 una vez m\u00e1s a relevantes expositoras nacionales y contar\u00e1 con grandes sorpresas.<\/p>\n","protected":false},"author":2,"featured_media":23865,"comment_status":"closed","ping_status":"closed","sticky":false,"template":"","format":"standard","meta":{"footnotes":""},"categories":[1945],"tags":[2034,7858,2058,7308,7859,7860,3629,7857,7861,2298,1762],"class_list":["post-23861","post","type-post","status-publish","format-standard","has-post-thumbnail","hentry","category-agricultura","tag-colun","tag-dimak","tag-fedeleche","tag-feria-osorno","tag-grupo-saesa","tag-manhathan-restobar-e-inacap-ademas","tag-mujeres-lideres","tag-salfa-sur","tag-se-trabajara-en-co-organizacion-con-el-centro-de-negocios-sercotec-osorno","tag-soprole","tag-veterquimica"],"yoast_head":"<!-- This site is optimized with the Yoast SEO plugin v26.6 - https:\/\/yoast.com\/wordpress\/plugins\/seo\/ -->\n<title>Realizar\u00e1n la X\u00b0 versi\u00f3n del Seminario de Mujeres L\u00edderes del Sur de Chile - Mundoagropecuario<\/title>\n<meta name=\"description\" content=\"El masivo evento organizado por Aproleche Osorno traer\u00e1 una vez m\u00e1s a relevantes expositoras nacionales y contar\u00e1 con grandes sorpresas.\" \/>\n<meta name=\"robots\" content=\"index, follow, max-snippet:-1, max-image-preview:large, max-video-preview:-1\" \/>\n<link rel=\"canonical\" href=\"https:\/\/www.mundoagropecuario.cl\/new\/realizaran-la-x-version-del-seminario-de-mujeres-lideres-del-sur-de-chile\/\" \/>\n<meta property=\"og:locale\" content=\"es_ES\" \/>\n<meta property=\"og:type\" content=\"article\" \/>\n<meta property=\"og:title\" content=\"Realizar\u00e1n la X\u00b0 versi\u00f3n del Seminario de Mujeres L\u00edderes del Sur de Chile - Mundoagropecuario\" \/>\n<meta property=\"og:description\" content=\"El masivo evento organizado por Aproleche Osorno traer\u00e1 una vez m\u00e1s a relevantes expositoras nacionales y contar\u00e1 con grandes sorpresas.\" \/>\n<meta property=\"og:url\" content=\"https:\/\/www.mundoagropecuario.cl\/new\/realizaran-la-x-version-del-seminario-de-mujeres-lideres-del-sur-de-chile\/\" \/>\n<meta property=\"og:site_name\" content=\"Mundoagropecuario\" \/>\n<meta property=\"article:publisher\" content=\"https:\/\/www.facebook.com\/mundo.agropecuario.3\" \/>\n<meta property=\"article:published_time\" content=\"2023-04-13T15:58:54+00:00\" \/>\n<meta property=\"article:modified_time\" content=\"2023-04-18T17:34:22+00:00\" \/>\n<meta property=\"og:image\" content=\"https:\/\/www.mundoagropecuario.cl\/new\/wp-content\/uploads\/2023\/04\/Fedeleche-IMG_7152-scaled.jpg\" \/>\n\t<meta property=\"og:image:width\" content=\"1024\" \/>\n\t<meta property=\"og:image:height\" content=\"683\" \/>\n\t<meta property=\"og:image:type\" content=\"image\/jpeg\" \/>\n<meta name=\"author\" content=\"mundo\" \/>\n<meta name=\"twitter:card\" content=\"summary_large_image\" \/>\n<meta name=\"twitter:creator\" content=\"@MundoAgropecuar\" \/>\n<meta name=\"twitter:site\" content=\"@MundoAgropecuar\" \/>\n<meta name=\"twitter:label1\" content=\"Escrito por\" \/>\n\t<meta name=\"twitter:data1\" content=\"mundo\" \/>\n\t<meta name=\"twitter:label2\" content=\"Tiempo de lectura\" \/>\n\t<meta name=\"twitter:data2\" content=\"4 minutos\" \/>\n<script type=\"application\/ld+json\" class=\"yoast-schema-graph\">{\"@context\":\"https:\/\/schema.org\",\"@graph\":[{\"@type\":\"Article\",\"@id\":\"https:\/\/www.mundoagropecuario.cl\/new\/realizaran-la-x-version-del-seminario-de-mujeres-lideres-del-sur-de-chile\/#article\",\"isPartOf\":{\"@id\":\"https:\/\/www.mundoagropecuario.cl\/new\/realizaran-la-x-version-del-seminario-de-mujeres-lideres-del-sur-de-chile\/\"},\"author\":{\"name\":\"mundo\",\"@id\":\"https:\/\/www.mundoagropecuario.cl\/new\/#\/schema\/person\/4e9f74a82a7dac260eb1c44b7eebeb18\"},\"headline\":\"Realizar\u00e1n la X\u00b0 versi\u00f3n del Seminario de Mujeres L\u00edderes del Sur de Chile\",\"datePublished\":\"2023-04-13T15:58:54+00:00\",\"dateModified\":\"2023-04-18T17:34:22+00:00\",\"mainEntityOfPage\":{\"@id\":\"https:\/\/www.mundoagropecuario.cl\/new\/realizaran-la-x-version-del-seminario-de-mujeres-lideres-del-sur-de-chile\/\"},\"wordCount\":709,\"publisher\":{\"@id\":\"https:\/\/www.mundoagropecuario.cl\/new\/#organization\"},\"image\":{\"@id\":\"https:\/\/www.mundoagropecuario.cl\/new\/realizaran-la-x-version-del-seminario-de-mujeres-lideres-del-sur-de-chile\/#primaryimage\"},\"thumbnailUrl\":\"https:\/\/www.mundoagropecuario.cl\/new\/wp-content\/uploads\/2023\/04\/Fedeleche-IMG_7152-scaled.jpg\",\"keywords\":[\"Colun\",\"Dimak\",\"Fedeleche\",\"Feria Osorno\",\"Grupo Saesa\",\"Manhathan Restobar e Inacap. Adem\u00e1s\",\"Mujeres L\u00edderes\",\"Salfa Sur\",\"se trabajar\u00e1 en co-organizaci\u00f3n con el Centro de Negocios Sercotec Osorno\",\"Soprole\",\"Veterqu\u00edmica\"],\"articleSection\":[\"Agricultura\"],\"inLanguage\":\"es\"},{\"@type\":\"WebPage\",\"@id\":\"https:\/\/www.mundoagropecuario.cl\/new\/realizaran-la-x-version-del-seminario-de-mujeres-lideres-del-sur-de-chile\/\",\"url\":\"https:\/\/www.mundoagropecuario.cl\/new\/realizaran-la-x-version-del-seminario-de-mujeres-lideres-del-sur-de-chile\/\",\"name\":\"Realizar\u00e1n la X\u00b0 versi\u00f3n del Seminario de Mujeres L\u00edderes del Sur de Chile - Mundoagropecuario\",\"isPartOf\":{\"@id\":\"https:\/\/www.mundoagropecuario.cl\/new\/#website\"},\"primaryImageOfPage\":{\"@id\":\"https:\/\/www.mundoagropecuario.cl\/new\/realizaran-la-x-version-del-seminario-de-mujeres-lideres-del-sur-de-chile\/#primaryimage\"},\"image\":{\"@id\":\"https:\/\/www.mundoagropecuario.cl\/new\/realizaran-la-x-version-del-seminario-de-mujeres-lideres-del-sur-de-chile\/#primaryimage\"},\"thumbnailUrl\":\"https:\/\/www.mundoagropecuario.cl\/new\/wp-content\/uploads\/2023\/04\/Fedeleche-IMG_7152-scaled.jpg\",\"datePublished\":\"2023-04-13T15:58:54+00:00\",\"dateModified\":\"2023-04-18T17:34:22+00:00\",\"description\":\"El masivo evento organizado por Aproleche Osorno traer\u00e1 una vez m\u00e1s a relevantes expositoras nacionales y contar\u00e1 con grandes sorpresas.\",\"breadcrumb\":{\"@id\":\"https:\/\/www.mundoagropecuario.cl\/new\/realizaran-la-x-version-del-seminario-de-mujeres-lideres-del-sur-de-chile\/#breadcrumb\"},\"inLanguage\":\"es\",\"potentialAction\":[{\"@type\":\"ReadAction\",\"target\":[\"https:\/\/www.mundoagropecuario.cl\/new\/realizaran-la-x-version-del-seminario-de-mujeres-lideres-del-sur-de-chile\/\"]}]},{\"@type\":\"ImageObject\",\"inLanguage\":\"es\",\"@id\":\"https:\/\/www.mundoagropecuario.cl\/new\/realizaran-la-x-version-del-seminario-de-mujeres-lideres-del-sur-de-chile\/#primaryimage\",\"url\":\"https:\/\/www.mundoagropecuario.cl\/new\/wp-content\/uploads\/2023\/04\/Fedeleche-IMG_7152-scaled.jpg\",\"contentUrl\":\"https:\/\/www.mundoagropecuario.cl\/new\/wp-content\/uploads\/2023\/04\/Fedeleche-IMG_7152-scaled.jpg\",\"width\":600,\"height\":400},{\"@type\":\"BreadcrumbList\",\"@id\":\"https:\/\/www.mundoagropecuario.cl\/new\/realizaran-la-x-version-del-seminario-de-mujeres-lideres-del-sur-de-chile\/#breadcrumb\",\"itemListElement\":[{\"@type\":\"ListItem\",\"position\":1,\"name\":\"Portada\",\"item\":\"https:\/\/www.mundoagropecuario.cl\/new\/\"},{\"@type\":\"ListItem\",\"position\":2,\"name\":\"Realizar\u00e1n la X\u00b0 versi\u00f3n del Seminario de Mujeres L\u00edderes del Sur de Chile\"}]},{\"@type\":\"WebSite\",\"@id\":\"https:\/\/www.mundoagropecuario.cl\/new\/#website\",\"url\":\"https:\/\/www.mundoagropecuario.cl\/new\/\",\"name\":\"Mundoagropecuario\",\"description\":\"Mundo Agropecuario\",\"publisher\":{\"@id\":\"https:\/\/www.mundoagropecuario.cl\/new\/#organization\"},\"potentialAction\":[{\"@type\":\"SearchAction\",\"target\":{\"@type\":\"EntryPoint\",\"urlTemplate\":\"https:\/\/www.mundoagropecuario.cl\/new\/?s={search_term_string}\"},\"query-input\":{\"@type\":\"PropertyValueSpecification\",\"valueRequired\":true,\"valueName\":\"search_term_string\"}}],\"inLanguage\":\"es\"},{\"@type\":\"Organization\",\"@id\":\"https:\/\/www.mundoagropecuario.cl\/new\/#organization\",\"name\":\"Revista de Agricultura\",\"url\":\"https:\/\/www.mundoagropecuario.cl\/new\/\",\"logo\":{\"@type\":\"ImageObject\",\"inLanguage\":\"es\",\"@id\":\"https:\/\/www.mundoagropecuario.cl\/new\/#\/schema\/logo\/image\/\",\"url\":\"https:\/\/www.mundoagropecuario.cl\/new\/wp-content\/uploads\/2020\/11\/PORTAL-1-1.png\",\"contentUrl\":\"https:\/\/www.mundoagropecuario.cl\/new\/wp-content\/uploads\/2020\/11\/PORTAL-1-1.png\",\"width\":1026,\"height\":100,\"caption\":\"Revista de Agricultura\"},\"image\":{\"@id\":\"https:\/\/www.mundoagropecuario.cl\/new\/#\/schema\/logo\/image\/\"},\"sameAs\":[\"https:\/\/www.facebook.com\/mundo.agropecuario.3\",\"https:\/\/x.com\/MundoAgropecuar\",\"https:\/\/www.linkedin.com\/in\/mundo-agropecuario-934009201\/\"]},{\"@type\":\"Person\",\"@id\":\"https:\/\/www.mundoagropecuario.cl\/new\/#\/schema\/person\/4e9f74a82a7dac260eb1c44b7eebeb18\",\"name\":\"mundo\",\"url\":\"https:\/\/www.mundoagropecuario.cl\/new\/author\/mundo\/\"}]}<\/script>\n<!-- \/ Yoast SEO plugin. -->","yoast_head_json":{"title":"Realizar\u00e1n la X\u00b0 versi\u00f3n del Seminario de Mujeres L\u00edderes del Sur de Chile - Mundoagropecuario","description":"El masivo evento organizado por Aproleche Osorno traer\u00e1 una vez m\u00e1s a relevantes expositoras nacionales y contar\u00e1 con grandes sorpresas.","robots":{"index":"index","follow":"follow","max-snippet":"max-snippet:-1","max-image-preview":"max-image-preview:large","max-video-preview":"max-video-preview:-1"},"canonical":"https:\/\/www.mundoagropecuario.cl\/new\/realizaran-la-x-version-del-seminario-de-mujeres-lideres-del-sur-de-chile\/","og_locale":"es_ES","og_type":"article","og_title":"Realizar\u00e1n la X\u00b0 versi\u00f3n del Seminario de Mujeres L\u00edderes del Sur de Chile - Mundoagropecuario","og_description":"El masivo evento organizado por Aproleche Osorno traer\u00e1 una vez m\u00e1s a relevantes expositoras nacionales y contar\u00e1 con grandes sorpresas.","og_url":"https:\/\/www.mundoagropecuario.cl\/new\/realizaran-la-x-version-del-seminario-de-mujeres-lideres-del-sur-de-chile\/","og_site_name":"Mundoagropecuario","article_publisher":"https:\/\/www.facebook.com\/mundo.agropecuario.3","article_published_time":"2023-04-13T15:58:54+00:00","article_modified_time":"2023-04-18T17:34:22+00:00","og_image":[{"width":1024,"height":683,"url":"https:\/\/www.mundoagropecuario.cl\/new\/wp-content\/uploads\/2023\/04\/Fedeleche-IMG_7152-scaled.jpg","type":"image\/jpeg"}],"author":"mundo","twitter_card":"summary_large_image","twitter_creator":"@MundoAgropecuar","twitter_site":"@MundoAgropecuar","twitter_misc":{"Escrito por":"mundo","Tiempo de lectura":"4 minutos"},"schema":{"@context":"https:\/\/schema.org","@graph":[{"@type":"Article","@id":"https:\/\/www.mundoagropecuario.cl\/new\/realizaran-la-x-version-del-seminario-de-mujeres-lideres-del-sur-de-chile\/#article","isPartOf":{"@id":"https:\/\/www.mundoagropecuario.cl\/new\/realizaran-la-x-version-del-seminario-de-mujeres-lideres-del-sur-de-chile\/"},"author":{"name":"mundo","@id":"https:\/\/www.mundoagropecuario.cl\/new\/#\/schema\/person\/4e9f74a82a7dac260eb1c44b7eebeb18"},"headline":"Realizar\u00e1n la X\u00b0 versi\u00f3n del Seminario de Mujeres L\u00edderes del Sur de Chile","datePublished":"2023-04-13T15:58:54+00:00","dateModified":"2023-04-18T17:34:22+00:00","mainEntityOfPage":{"@id":"https:\/\/www.mundoagropecuario.cl\/new\/realizaran-la-x-version-del-seminario-de-mujeres-lideres-del-sur-de-chile\/"},"wordCount":709,"publisher":{"@id":"https:\/\/www.mundoagropecuario.cl\/new\/#organization"},"image":{"@id":"https:\/\/www.mundoagropecuario.cl\/new\/realizaran-la-x-version-del-seminario-de-mujeres-lideres-del-sur-de-chile\/#primaryimage"},"thumbnailUrl":"https:\/\/www.mundoagropecuario.cl\/new\/wp-content\/uploads\/2023\/04\/Fedeleche-IMG_7152-scaled.jpg","keywords":["Colun","Dimak","Fedeleche","Feria Osorno","Grupo Saesa","Manhathan Restobar e Inacap. Adem\u00e1s","Mujeres L\u00edderes","Salfa Sur","se trabajar\u00e1 en co-organizaci\u00f3n con el Centro de Negocios Sercotec Osorno","Soprole","Veterqu\u00edmica"],"articleSection":["Agricultura"],"inLanguage":"es"},{"@type":"WebPage","@id":"https:\/\/www.mundoagropecuario.cl\/new\/realizaran-la-x-version-del-seminario-de-mujeres-lideres-del-sur-de-chile\/","url":"https:\/\/www.mundoagropecuario.cl\/new\/realizaran-la-x-version-del-seminario-de-mujeres-lideres-del-sur-de-chile\/","name":"Realizar\u00e1n la X\u00b0 versi\u00f3n del Seminario de Mujeres L\u00edderes del Sur de Chile - Mundoagropecuario","isPartOf":{"@id":"https:\/\/www.mundoagropecuario.cl\/new\/#website"},"primaryImageOfPage":{"@id":"https:\/\/www.mundoagropecuario.cl\/new\/realizaran-la-x-version-del-seminario-de-mujeres-lideres-del-sur-de-chile\/#primaryimage"},"image":{"@id":"https:\/\/www.mundoagropecuario.cl\/new\/realizaran-la-x-version-del-seminario-de-mujeres-lideres-del-sur-de-chile\/#primaryimage"},"thumbnailUrl":"https:\/\/www.mundoagropecuario.cl\/new\/wp-content\/uploads\/2023\/04\/Fedeleche-IMG_7152-scaled.jpg","datePublished":"2023-04-13T15:58:54+00:00","dateModified":"2023-04-18T17:34:22+00:00","description":"El masivo evento organizado por Aproleche Osorno traer\u00e1 una vez m\u00e1s a relevantes expositoras nacionales y contar\u00e1 con grandes sorpresas.","breadcrumb":{"@id":"https:\/\/www.mundoagropecuario.cl\/new\/realizaran-la-x-version-del-seminario-de-mujeres-lideres-del-sur-de-chile\/#breadcrumb"},"inLanguage":"es","potentialAction":[{"@type":"ReadAction","target":["https:\/\/www.mundoagropecuario.cl\/new\/realizaran-la-x-version-del-seminario-de-mujeres-lideres-del-sur-de-chile\/"]}]},{"@type":"ImageObject","inLanguage":"es","@id":"https:\/\/www.mundoagropecuario.cl\/new\/realizaran-la-x-version-del-seminario-de-mujeres-lideres-del-sur-de-chile\/#primaryimage","url":"https:\/\/www.mundoagropecuario.cl\/new\/wp-content\/uploads\/2023\/04\/Fedeleche-IMG_7152-scaled.jpg","contentUrl":"https:\/\/www.mundoagropecuario.cl\/new\/wp-content\/uploads\/2023\/04\/Fedeleche-IMG_7152-scaled.jpg","width":600,"height":400},{"@type":"BreadcrumbList","@id":"https:\/\/www.mundoagropecuario.cl\/new\/realizaran-la-x-version-del-seminario-de-mujeres-lideres-del-sur-de-chile\/#breadcrumb","itemListElement":[{"@type":"ListItem","position":1,"name":"Portada","item":"https:\/\/www.mundoagropecuario.cl\/new\/"},{"@type":"ListItem","position":2,"name":"Realizar\u00e1n la X\u00b0 versi\u00f3n del Seminario de Mujeres L\u00edderes del Sur de Chile"}]},{"@type":"WebSite","@id":"https:\/\/www.mundoagropecuario.cl\/new\/#website","url":"https:\/\/www.mundoagropecuario.cl\/new\/","name":"Mundoagropecuario","description":"Mundo Agropecuario","publisher":{"@id":"https:\/\/www.mundoagropecuario.cl\/new\/#organization"},"potentialAction":[{"@type":"SearchAction","target":{"@type":"EntryPoint","urlTemplate":"https:\/\/www.mundoagropecuario.cl\/new\/?s={search_term_string}"},"query-input":{"@type":"PropertyValueSpecification","valueRequired":true,"valueName":"search_term_string"}}],"inLanguage":"es"},{"@type":"Organization","@id":"https:\/\/www.mundoagropecuario.cl\/new\/#organization","name":"Revista de Agricultura","url":"https:\/\/www.mundoagropecuario.cl\/new\/","logo":{"@type":"ImageObject","inLanguage":"es","@id":"https:\/\/www.mundoagropecuario.cl\/new\/#\/schema\/logo\/image\/","url":"https:\/\/www.mundoagropecuario.cl\/new\/wp-content\/uploads\/2020\/11\/PORTAL-1-1.png","contentUrl":"https:\/\/www.mundoagropecuario.cl\/new\/wp-content\/uploads\/2020\/11\/PORTAL-1-1.png","width":1026,"height":100,"caption":"Revista de Agricultura"},"image":{"@id":"https:\/\/www.mundoagropecuario.cl\/new\/#\/schema\/logo\/image\/"},"sameAs":["https:\/\/www.facebook.com\/mundo.agropecuario.3","https:\/\/x.com\/MundoAgropecuar","https:\/\/www.linkedin.com\/in\/mundo-agropecuario-934009201\/"]},{"@type":"Person","@id":"https:\/\/www.mundoagropecuario.cl\/new\/#\/schema\/person\/4e9f74a82a7dac260eb1c44b7eebeb18","name":"mundo","url":"https:\/\/www.mundoagropecuario.cl\/new\/author\/mundo\/"}]}},"_links":{"self":[{"href":"https:\/\/www.mundoagropecuario.cl\/new\/wp-json\/wp\/v2\/posts\/23861","targetHints":{"allow":["GET"]}}],"collection":[{"href":"https:\/\/www.mundoagropecuario.cl\/new\/wp-json\/wp\/v2\/posts"}],"about":[{"href":"https:\/\/www.mundoagropecuario.cl\/new\/wp-json\/wp\/v2\/types\/post"}],"author":[{"embeddable":true,"href":"https:\/\/www.mundoagropecuario.cl\/new\/wp-json\/wp\/v2\/users\/2"}],"replies":[{"embeddable":true,"href":"https:\/\/www.mundoagropecuario.cl\/new\/wp-json\/wp\/v2\/comments?post=23861"}],"version-history":[{"count":1,"href":"https:\/\/www.mundoagropecuario.cl\/new\/wp-json\/wp\/v2\/posts\/23861\/revisions"}],"predecessor-version":[{"id":23866,"href":"https:\/\/www.mundoagropecuario.cl\/new\/wp-json\/wp\/v2\/posts\/23861\/revisions\/23866"}],"wp:featuredmedia":[{"embeddable":true,"href":"https:\/\/www.mundoagropecuario.cl\/new\/wp-json\/wp\/v2\/media\/23865"}],"wp:attachment":[{"href":"https:\/\/www.mundoagropecuario.cl\/new\/wp-json\/wp\/v2\/media?parent=23861"}],"wp:term":[{"taxonomy":"category","embeddable":true,"href":"https:\/\/www.mundoagropecuario.cl\/new\/wp-json\/wp\/v2\/categories?post=23861"},{"taxonomy":"post_tag","embeddable":true,"href":"https:\/\/www.mundoagropecuario.cl\/new\/wp-json\/wp\/v2\/tags?post=23861"}],"curies":[{"name":"wp","href":"https:\/\/api.w.org\/{rel}","templated":true}]}}