{"id":23818,"date":"2023-04-03T13:56:11","date_gmt":"2023-04-03T16:56:11","guid":{"rendered":"https:\/\/www.mundoagropecuario.cl\/new\/?p=23818"},"modified":"2023-04-11T13:24:40","modified_gmt":"2023-04-11T16:24:40","slug":"todo-un-exito-resulto-dia-de-campo-de-papa-en-inia-remehue","status":"publish","type":"post","link":"https:\/\/www.mundoagropecuario.cl\/new\/todo-un-exito-resulto-dia-de-campo-de-papa-en-inia-remehue\/","title":{"rendered":"Todo un \u00e9xito result\u00f3 D\u00eda de Campo de papa en INIA Remehue"},"content":{"rendered":"<p><a href=\"https:\/\/www.mundoagropecuario.cl\/new\/wp-content\/uploads\/2023\/04\/INIA-85619.jpg\"><img loading=\"lazy\" decoding=\"async\" class=\"size-medium wp-image-23819 alignright\" src=\"https:\/\/www.mundoagropecuario.cl\/new\/wp-content\/uploads\/2023\/04\/INIA-85619-319x490.jpg\" alt=\"\" width=\"319\" height=\"490\" srcset=\"https:\/\/www.mundoagropecuario.cl\/new\/wp-content\/uploads\/2023\/04\/INIA-85619-319x490.jpg 319w, https:\/\/www.mundoagropecuario.cl\/new\/wp-content\/uploads\/2023\/04\/INIA-85619.jpg 260w\" sizes=\"auto, (max-width: 319px) 100vw, 319px\" \/><\/a>Todo un \u00e9xito result\u00f3 el d\u00eda de campo realizado el INIA Remehue en el marco del XXIX Congreso Latinoamericano de la Papa realizado recientemente en Puerto Varas, en el sur de Chile.<\/p>\n<p>Ivette Acu\u00f1a, fitopat\u00f3loga e investigadora de INIA Remehue, se refiri\u00f3 al resultado de esta actividad. \u201cEstamos muy contentos porque hemos recibido a un grupo importante de los participantes del congreso de la Asociaci\u00f3n Latinoamericana de la Papa que se realiz\u00f3 en Puerto Varas, vinieron a visitar INIA Remehue y les hemos mostrado el trabajo que estamos realizando en el \u00e1rea de papa, quedaron muy contentos y en realidad muy agradecidos que ellos puedan venir a visitarnos\u201d, sostuvo.<\/p>\n<p>A este d\u00eda de campo asistieron cerca de 50 productores, investigadores, acad\u00e9micos y asesores ligados al cultivo de la papa de Latinoam\u00e9rica.<\/p>\n<p>Juan Caballero, productor de papa de Panam\u00e1, dijo que esta jornada fue \u201cinteresante por el desarrollo que INIA ha venido haciendo a lo largo de los a\u00f1os en cuanto a generaci\u00f3n de materiales, encontramos diversos materiales que ellos tienen aqu\u00ed que son muy prometedores por los rendimientos que est\u00e1n expresando y esperamos que a futuro esos se transformen en variedades para contribuir a la seguridad alimentaria en cualquier parte del mundo\u201d.<\/p>\n","protected":false},"excerpt":{"rendered":"<p>Cerca de 50 participantes tuvo esta jornada, que se enmarca en las actividades del Congreso Latinoamericano de la Papa Alap 2023, realizado recientemente en Puerto Varas.<\/p>\n","protected":false},"author":2,"featured_media":23821,"comment_status":"closed","ping_status":"closed","sticky":false,"template":"","format":"standard","meta":{"footnotes":""},"categories":[1945],"tags":[2090,3127,7815,3135,1993,2234],"class_list":["post-23818","post","type-post","status-publish","format-standard","has-post-thumbnail","hentry","category-agricultura","tag-agricultura","tag-agro","tag-congreso-latinoamericano-de-la-papa","tag-dia-de-campo","tag-inia-remehue","tag-papa"],"yoast_head":"<!-- This site is optimized with the Yoast SEO plugin v26.6 - https:\/\/yoast.com\/wordpress\/plugins\/seo\/ -->\n<title>Todo un \u00e9xito result\u00f3 D\u00eda de Campo de papa en INIA Remehue - Mundoagropecuario<\/title>\n<meta name=\"description\" content=\"Cerca de 50 participantes tuvo esta jornada, que se enmarca en las actividades del Congreso Latinoamericano de la Papa Alap 2023.\" \/>\n<meta name=\"robots\" content=\"index, follow, max-snippet:-1, max-image-preview:large, max-video-preview:-1\" \/>\n<link rel=\"canonical\" href=\"https:\/\/www.mundoagropecuario.cl\/new\/todo-un-exito-resulto-dia-de-campo-de-papa-en-inia-remehue\/\" \/>\n<meta property=\"og:locale\" content=\"es_ES\" \/>\n<meta property=\"og:type\" content=\"article\" \/>\n<meta property=\"og:title\" content=\"Todo un \u00e9xito result\u00f3 D\u00eda de Campo de papa en INIA Remehue - Mundoagropecuario\" \/>\n<meta property=\"og:description\" content=\"Cerca de 50 participantes tuvo esta jornada, que se enmarca en las actividades del Congreso Latinoamericano de la Papa Alap 2023.\" \/>\n<meta property=\"og:url\" content=\"https:\/\/www.mundoagropecuario.cl\/new\/todo-un-exito-resulto-dia-de-campo-de-papa-en-inia-remehue\/\" \/>\n<meta property=\"og:site_name\" content=\"Mundoagropecuario\" \/>\n<meta property=\"article:publisher\" content=\"https:\/\/www.facebook.com\/mundo.agropecuario.3\" \/>\n<meta property=\"article:published_time\" content=\"2023-04-03T16:56:11+00:00\" \/>\n<meta property=\"article:modified_time\" content=\"2023-04-11T16:24:40+00:00\" \/>\n<meta property=\"og:image\" content=\"https:\/\/www.mundoagropecuario.cl\/new\/wp-content\/uploads\/2023\/04\/INIA-IMG-0451-scaled.jpg\" \/>\n\t<meta property=\"og:image:width\" content=\"1024\" \/>\n\t<meta property=\"og:image:height\" content=\"621\" \/>\n\t<meta property=\"og:image:type\" content=\"image\/jpeg\" \/>\n<meta name=\"author\" content=\"mundo\" \/>\n<meta name=\"twitter:card\" content=\"summary_large_image\" \/>\n<meta name=\"twitter:creator\" content=\"@MundoAgropecuar\" \/>\n<meta name=\"twitter:site\" content=\"@MundoAgropecuar\" \/>\n<meta name=\"twitter:label1\" content=\"Escrito por\" \/>\n\t<meta name=\"twitter:data1\" content=\"mundo\" \/>\n\t<meta name=\"twitter:label2\" content=\"Tiempo de lectura\" \/>\n\t<meta name=\"twitter:data2\" content=\"2 minutos\" \/>\n<script type=\"application\/ld+json\" class=\"yoast-schema-graph\">{\"@context\":\"https:\/\/schema.org\",\"@graph\":[{\"@type\":\"Article\",\"@id\":\"https:\/\/www.mundoagropecuario.cl\/new\/todo-un-exito-resulto-dia-de-campo-de-papa-en-inia-remehue\/#article\",\"isPartOf\":{\"@id\":\"https:\/\/www.mundoagropecuario.cl\/new\/todo-un-exito-resulto-dia-de-campo-de-papa-en-inia-remehue\/\"},\"author\":{\"name\":\"mundo\",\"@id\":\"https:\/\/www.mundoagropecuario.cl\/new\/#\/schema\/person\/4e9f74a82a7dac260eb1c44b7eebeb18\"},\"headline\":\"Todo un \u00e9xito result\u00f3 D\u00eda de Campo de papa en INIA Remehue\",\"datePublished\":\"2023-04-03T16:56:11+00:00\",\"dateModified\":\"2023-04-11T16:24:40+00:00\",\"mainEntityOfPage\":{\"@id\":\"https:\/\/www.mundoagropecuario.cl\/new\/todo-un-exito-resulto-dia-de-campo-de-papa-en-inia-remehue\/\"},\"wordCount\":224,\"publisher\":{\"@id\":\"https:\/\/www.mundoagropecuario.cl\/new\/#organization\"},\"image\":{\"@id\":\"https:\/\/www.mundoagropecuario.cl\/new\/todo-un-exito-resulto-dia-de-campo-de-papa-en-inia-remehue\/#primaryimage\"},\"thumbnailUrl\":\"https:\/\/www.mundoagropecuario.cl\/new\/wp-content\/uploads\/2023\/04\/INIA-IMG-0451-scaled.jpg\",\"keywords\":[\"Agricultura\",\"Agro\",\"Congreso Latinoamericano de la Papa\",\"D\u00eda de Campo\",\"INIA Remehue\",\"Papa\"],\"articleSection\":[\"Agricultura\"],\"inLanguage\":\"es\"},{\"@type\":\"WebPage\",\"@id\":\"https:\/\/www.mundoagropecuario.cl\/new\/todo-un-exito-resulto-dia-de-campo-de-papa-en-inia-remehue\/\",\"url\":\"https:\/\/www.mundoagropecuario.cl\/new\/todo-un-exito-resulto-dia-de-campo-de-papa-en-inia-remehue\/\",\"name\":\"Todo un \u00e9xito result\u00f3 D\u00eda de Campo de papa en INIA Remehue - Mundoagropecuario\",\"isPartOf\":{\"@id\":\"https:\/\/www.mundoagropecuario.cl\/new\/#website\"},\"primaryImageOfPage\":{\"@id\":\"https:\/\/www.mundoagropecuario.cl\/new\/todo-un-exito-resulto-dia-de-campo-de-papa-en-inia-remehue\/#primaryimage\"},\"image\":{\"@id\":\"https:\/\/www.mundoagropecuario.cl\/new\/todo-un-exito-resulto-dia-de-campo-de-papa-en-inia-remehue\/#primaryimage\"},\"thumbnailUrl\":\"https:\/\/www.mundoagropecuario.cl\/new\/wp-content\/uploads\/2023\/04\/INIA-IMG-0451-scaled.jpg\",\"datePublished\":\"2023-04-03T16:56:11+00:00\",\"dateModified\":\"2023-04-11T16:24:40+00:00\",\"description\":\"Cerca de 50 participantes tuvo esta jornada, que se enmarca en las actividades del Congreso Latinoamericano de la Papa Alap 2023.\",\"breadcrumb\":{\"@id\":\"https:\/\/www.mundoagropecuario.cl\/new\/todo-un-exito-resulto-dia-de-campo-de-papa-en-inia-remehue\/#breadcrumb\"},\"inLanguage\":\"es\",\"potentialAction\":[{\"@type\":\"ReadAction\",\"target\":[\"https:\/\/www.mundoagropecuario.cl\/new\/todo-un-exito-resulto-dia-de-campo-de-papa-en-inia-remehue\/\"]}]},{\"@type\":\"ImageObject\",\"inLanguage\":\"es\",\"@id\":\"https:\/\/www.mundoagropecuario.cl\/new\/todo-un-exito-resulto-dia-de-campo-de-papa-en-inia-remehue\/#primaryimage\",\"url\":\"https:\/\/www.mundoagropecuario.cl\/new\/wp-content\/uploads\/2023\/04\/INIA-IMG-0451-scaled.jpg\",\"contentUrl\":\"https:\/\/www.mundoagropecuario.cl\/new\/wp-content\/uploads\/2023\/04\/INIA-IMG-0451-scaled.jpg\",\"width\":660,\"height\":400},{\"@type\":\"BreadcrumbList\",\"@id\":\"https:\/\/www.mundoagropecuario.cl\/new\/todo-un-exito-resulto-dia-de-campo-de-papa-en-inia-remehue\/#breadcrumb\",\"itemListElement\":[{\"@type\":\"ListItem\",\"position\":1,\"name\":\"Portada\",\"item\":\"https:\/\/www.mundoagropecuario.cl\/new\/\"},{\"@type\":\"ListItem\",\"position\":2,\"name\":\"Todo un \u00e9xito result\u00f3 D\u00eda de Campo de papa en INIA Remehue\"}]},{\"@type\":\"WebSite\",\"@id\":\"https:\/\/www.mundoagropecuario.cl\/new\/#website\",\"url\":\"https:\/\/www.mundoagropecuario.cl\/new\/\",\"name\":\"Mundoagropecuario\",\"description\":\"Mundo Agropecuario\",\"publisher\":{\"@id\":\"https:\/\/www.mundoagropecuario.cl\/new\/#organization\"},\"potentialAction\":[{\"@type\":\"SearchAction\",\"target\":{\"@type\":\"EntryPoint\",\"urlTemplate\":\"https:\/\/www.mundoagropecuario.cl\/new\/?s={search_term_string}\"},\"query-input\":{\"@type\":\"PropertyValueSpecification\",\"valueRequired\":true,\"valueName\":\"search_term_string\"}}],\"inLanguage\":\"es\"},{\"@type\":\"Organization\",\"@id\":\"https:\/\/www.mundoagropecuario.cl\/new\/#organization\",\"name\":\"Revista de Agricultura\",\"url\":\"https:\/\/www.mundoagropecuario.cl\/new\/\",\"logo\":{\"@type\":\"ImageObject\",\"inLanguage\":\"es\",\"@id\":\"https:\/\/www.mundoagropecuario.cl\/new\/#\/schema\/logo\/image\/\",\"url\":\"https:\/\/www.mundoagropecuario.cl\/new\/wp-content\/uploads\/2020\/11\/PORTAL-1-1.png\",\"contentUrl\":\"https:\/\/www.mundoagropecuario.cl\/new\/wp-content\/uploads\/2020\/11\/PORTAL-1-1.png\",\"width\":1026,\"height\":100,\"caption\":\"Revista de Agricultura\"},\"image\":{\"@id\":\"https:\/\/www.mundoagropecuario.cl\/new\/#\/schema\/logo\/image\/\"},\"sameAs\":[\"https:\/\/www.facebook.com\/mundo.agropecuario.3\",\"https:\/\/x.com\/MundoAgropecuar\",\"https:\/\/www.linkedin.com\/in\/mundo-agropecuario-934009201\/\"]},{\"@type\":\"Person\",\"@id\":\"https:\/\/www.mundoagropecuario.cl\/new\/#\/schema\/person\/4e9f74a82a7dac260eb1c44b7eebeb18\",\"name\":\"mundo\",\"url\":\"https:\/\/www.mundoagropecuario.cl\/new\/author\/mundo\/\"}]}<\/script>\n<!-- \/ Yoast SEO plugin. -->","yoast_head_json":{"title":"Todo un \u00e9xito result\u00f3 D\u00eda de Campo de papa en INIA Remehue - Mundoagropecuario","description":"Cerca de 50 participantes tuvo esta jornada, que se enmarca en las actividades del Congreso Latinoamericano de la Papa Alap 2023.","robots":{"index":"index","follow":"follow","max-snippet":"max-snippet:-1","max-image-preview":"max-image-preview:large","max-video-preview":"max-video-preview:-1"},"canonical":"https:\/\/www.mundoagropecuario.cl\/new\/todo-un-exito-resulto-dia-de-campo-de-papa-en-inia-remehue\/","og_locale":"es_ES","og_type":"article","og_title":"Todo un \u00e9xito result\u00f3 D\u00eda de Campo de papa en INIA Remehue - Mundoagropecuario","og_description":"Cerca de 50 participantes tuvo esta jornada, que se enmarca en las actividades del Congreso Latinoamericano de la Papa Alap 2023.","og_url":"https:\/\/www.mundoagropecuario.cl\/new\/todo-un-exito-resulto-dia-de-campo-de-papa-en-inia-remehue\/","og_site_name":"Mundoagropecuario","article_publisher":"https:\/\/www.facebook.com\/mundo.agropecuario.3","article_published_time":"2023-04-03T16:56:11+00:00","article_modified_time":"2023-04-11T16:24:40+00:00","og_image":[{"width":1024,"height":621,"url":"https:\/\/www.mundoagropecuario.cl\/new\/wp-content\/uploads\/2023\/04\/INIA-IMG-0451-scaled.jpg","type":"image\/jpeg"}],"author":"mundo","twitter_card":"summary_large_image","twitter_creator":"@MundoAgropecuar","twitter_site":"@MundoAgropecuar","twitter_misc":{"Escrito por":"mundo","Tiempo de lectura":"2 minutos"},"schema":{"@context":"https:\/\/schema.org","@graph":[{"@type":"Article","@id":"https:\/\/www.mundoagropecuario.cl\/new\/todo-un-exito-resulto-dia-de-campo-de-papa-en-inia-remehue\/#article","isPartOf":{"@id":"https:\/\/www.mundoagropecuario.cl\/new\/todo-un-exito-resulto-dia-de-campo-de-papa-en-inia-remehue\/"},"author":{"name":"mundo","@id":"https:\/\/www.mundoagropecuario.cl\/new\/#\/schema\/person\/4e9f74a82a7dac260eb1c44b7eebeb18"},"headline":"Todo un \u00e9xito result\u00f3 D\u00eda de Campo de papa en INIA Remehue","datePublished":"2023-04-03T16:56:11+00:00","dateModified":"2023-04-11T16:24:40+00:00","mainEntityOfPage":{"@id":"https:\/\/www.mundoagropecuario.cl\/new\/todo-un-exito-resulto-dia-de-campo-de-papa-en-inia-remehue\/"},"wordCount":224,"publisher":{"@id":"https:\/\/www.mundoagropecuario.cl\/new\/#organization"},"image":{"@id":"https:\/\/www.mundoagropecuario.cl\/new\/todo-un-exito-resulto-dia-de-campo-de-papa-en-inia-remehue\/#primaryimage"},"thumbnailUrl":"https:\/\/www.mundoagropecuario.cl\/new\/wp-content\/uploads\/2023\/04\/INIA-IMG-0451-scaled.jpg","keywords":["Agricultura","Agro","Congreso Latinoamericano de la Papa","D\u00eda de Campo","INIA Remehue","Papa"],"articleSection":["Agricultura"],"inLanguage":"es"},{"@type":"WebPage","@id":"https:\/\/www.mundoagropecuario.cl\/new\/todo-un-exito-resulto-dia-de-campo-de-papa-en-inia-remehue\/","url":"https:\/\/www.mundoagropecuario.cl\/new\/todo-un-exito-resulto-dia-de-campo-de-papa-en-inia-remehue\/","name":"Todo un \u00e9xito result\u00f3 D\u00eda de Campo de papa en INIA Remehue - Mundoagropecuario","isPartOf":{"@id":"https:\/\/www.mundoagropecuario.cl\/new\/#website"},"primaryImageOfPage":{"@id":"https:\/\/www.mundoagropecuario.cl\/new\/todo-un-exito-resulto-dia-de-campo-de-papa-en-inia-remehue\/#primaryimage"},"image":{"@id":"https:\/\/www.mundoagropecuario.cl\/new\/todo-un-exito-resulto-dia-de-campo-de-papa-en-inia-remehue\/#primaryimage"},"thumbnailUrl":"https:\/\/www.mundoagropecuario.cl\/new\/wp-content\/uploads\/2023\/04\/INIA-IMG-0451-scaled.jpg","datePublished":"2023-04-03T16:56:11+00:00","dateModified":"2023-04-11T16:24:40+00:00","description":"Cerca de 50 participantes tuvo esta jornada, que se enmarca en las actividades del Congreso Latinoamericano de la Papa Alap 2023.","breadcrumb":{"@id":"https:\/\/www.mundoagropecuario.cl\/new\/todo-un-exito-resulto-dia-de-campo-de-papa-en-inia-remehue\/#breadcrumb"},"inLanguage":"es","potentialAction":[{"@type":"ReadAction","target":["https:\/\/www.mundoagropecuario.cl\/new\/todo-un-exito-resulto-dia-de-campo-de-papa-en-inia-remehue\/"]}]},{"@type":"ImageObject","inLanguage":"es","@id":"https:\/\/www.mundoagropecuario.cl\/new\/todo-un-exito-resulto-dia-de-campo-de-papa-en-inia-remehue\/#primaryimage","url":"https:\/\/www.mundoagropecuario.cl\/new\/wp-content\/uploads\/2023\/04\/INIA-IMG-0451-scaled.jpg","contentUrl":"https:\/\/www.mundoagropecuario.cl\/new\/wp-content\/uploads\/2023\/04\/INIA-IMG-0451-scaled.jpg","width":660,"height":400},{"@type":"BreadcrumbList","@id":"https:\/\/www.mundoagropecuario.cl\/new\/todo-un-exito-resulto-dia-de-campo-de-papa-en-inia-remehue\/#breadcrumb","itemListElement":[{"@type":"ListItem","position":1,"name":"Portada","item":"https:\/\/www.mundoagropecuario.cl\/new\/"},{"@type":"ListItem","position":2,"name":"Todo un \u00e9xito result\u00f3 D\u00eda de Campo de papa en INIA Remehue"}]},{"@type":"WebSite","@id":"https:\/\/www.mundoagropecuario.cl\/new\/#website","url":"https:\/\/www.mundoagropecuario.cl\/new\/","name":"Mundoagropecuario","description":"Mundo Agropecuario","publisher":{"@id":"https:\/\/www.mundoagropecuario.cl\/new\/#organization"},"potentialAction":[{"@type":"SearchAction","target":{"@type":"EntryPoint","urlTemplate":"https:\/\/www.mundoagropecuario.cl\/new\/?s={search_term_string}"},"query-input":{"@type":"PropertyValueSpecification","valueRequired":true,"valueName":"search_term_string"}}],"inLanguage":"es"},{"@type":"Organization","@id":"https:\/\/www.mundoagropecuario.cl\/new\/#organization","name":"Revista de Agricultura","url":"https:\/\/www.mundoagropecuario.cl\/new\/","logo":{"@type":"ImageObject","inLanguage":"es","@id":"https:\/\/www.mundoagropecuario.cl\/new\/#\/schema\/logo\/image\/","url":"https:\/\/www.mundoagropecuario.cl\/new\/wp-content\/uploads\/2020\/11\/PORTAL-1-1.png","contentUrl":"https:\/\/www.mundoagropecuario.cl\/new\/wp-content\/uploads\/2020\/11\/PORTAL-1-1.png","width":1026,"height":100,"caption":"Revista de Agricultura"},"image":{"@id":"https:\/\/www.mundoagropecuario.cl\/new\/#\/schema\/logo\/image\/"},"sameAs":["https:\/\/www.facebook.com\/mundo.agropecuario.3","https:\/\/x.com\/MundoAgropecuar","https:\/\/www.linkedin.com\/in\/mundo-agropecuario-934009201\/"]},{"@type":"Person","@id":"https:\/\/www.mundoagropecuario.cl\/new\/#\/schema\/person\/4e9f74a82a7dac260eb1c44b7eebeb18","name":"mundo","url":"https:\/\/www.mundoagropecuario.cl\/new\/author\/mundo\/"}]}},"_links":{"self":[{"href":"https:\/\/www.mundoagropecuario.cl\/new\/wp-json\/wp\/v2\/posts\/23818","targetHints":{"allow":["GET"]}}],"collection":[{"href":"https:\/\/www.mundoagropecuario.cl\/new\/wp-json\/wp\/v2\/posts"}],"about":[{"href":"https:\/\/www.mundoagropecuario.cl\/new\/wp-json\/wp\/v2\/types\/post"}],"author":[{"embeddable":true,"href":"https:\/\/www.mundoagropecuario.cl\/new\/wp-json\/wp\/v2\/users\/2"}],"replies":[{"embeddable":true,"href":"https:\/\/www.mundoagropecuario.cl\/new\/wp-json\/wp\/v2\/comments?post=23818"}],"version-history":[{"count":1,"href":"https:\/\/www.mundoagropecuario.cl\/new\/wp-json\/wp\/v2\/posts\/23818\/revisions"}],"predecessor-version":[{"id":23822,"href":"https:\/\/www.mundoagropecuario.cl\/new\/wp-json\/wp\/v2\/posts\/23818\/revisions\/23822"}],"wp:featuredmedia":[{"embeddable":true,"href":"https:\/\/www.mundoagropecuario.cl\/new\/wp-json\/wp\/v2\/media\/23821"}],"wp:attachment":[{"href":"https:\/\/www.mundoagropecuario.cl\/new\/wp-json\/wp\/v2\/media?parent=23818"}],"wp:term":[{"taxonomy":"category","embeddable":true,"href":"https:\/\/www.mundoagropecuario.cl\/new\/wp-json\/wp\/v2\/categories?post=23818"},{"taxonomy":"post_tag","embeddable":true,"href":"https:\/\/www.mundoagropecuario.cl\/new\/wp-json\/wp\/v2\/tags?post=23818"}],"curies":[{"name":"wp","href":"https:\/\/api.w.org\/{rel}","templated":true}]}}