{"id":23726,"date":"2023-03-08T13:17:53","date_gmt":"2023-03-08T16:17:53","guid":{"rendered":"https:\/\/www.mundoagropecuario.cl\/new\/?p=23726"},"modified":"2023-03-20T13:10:14","modified_gmt":"2023-03-20T16:10:14","slug":"entregan-recomendaciones-para-el-control-biologico-de-gusano-blanco-en-praderas-y-en-cultivos-de-chiloe","status":"publish","type":"post","link":"https:\/\/www.mundoagropecuario.cl\/new\/entregan-recomendaciones-para-el-control-biologico-de-gusano-blanco-en-praderas-y-en-cultivos-de-chiloe\/","title":{"rendered":"Entregan recomendaciones para el control biol\u00f3gico de gusano blanco en praderas y en cultivos de Chilo\u00e9"},"content":{"rendered":"<p>Tras constatar el impacto que ha provocado el gusano blanco en predios de la agricultura familiar campesina del Archipi\u00e9lago de Chilo\u00e9, el Ministerio de Agricultura, a trav\u00e9s del Instituto de Investigaciones Agropecuarias (INIA), ha impulsado una serie de acciones para contrarrestar esta plaga. Entre ellas, se efectu\u00f3, este martes 7 de marzo, el seminario: \u201cControl biol\u00f3gico en praderas y en cultivos de Chilo\u00e9\u201d, organizado por la Seremi de Agricultura y el INIA, en la Biblioteca Municipal de Castro.<\/p>\n<p>En la ocasi\u00f3n, la seremi de Agricultura de la Regi\u00f3n de Los Lagos, Tania Salas, explic\u00f3 que \u201chemos mantenido permanente contacto con agricultores de Chilo\u00e9, quienes nos transmitieron los graves da\u00f1os producidos por el gusano blanco y las p\u00e9rdidas en las que se ha traducido en los predios del archipi\u00e9lago. Como Ministerio de Agricultura hemos implementado un plan de apoyo t\u00e9cnico en terreno, porque constatamos que exist\u00eda desconocimiento sobre c\u00f3mo abordar y controlar esta plaga\u201d.<\/p>\n<p>A\u00f1adi\u00f3 que \u201cel a\u00f1o pasado personal especializado del INIA y el SAG hicieron visitas a predios de las comunas afectadas y se dictaron charlas informativas sobre esta plaga y sus m\u00e9todos de control. Este a\u00f1o, con el fin de prevenir nuevos ataques, hemos iniciado un nuevo ciclo de actividades para reforzar la importancia de realizar un manejo preventivo y entregar opciones sustentables para su control\u201d.<\/p>\n<p>La directora regional de INIA Remehue, Natalie Urrutia, inform\u00f3 que \u201cante la emergencia que se produjo por los fuertes ataques de gusano blanco, el INIA puso a disposici\u00f3n expertos de distintos centros regionales como en este caso que contamos con especialistas de INIA La Cruz e INIA Quilamapu, adem\u00e1s de un investigador de nuestro centro regional INIA Remehue\u201d.<\/p>\n<p><strong>Seminario<\/strong><\/p>\n<p>En la oportunidad, el Dr. Ernesto Cisternas, entom\u00f3logo de INIA La Cruz, se refiri\u00f3 al manejo de plagas de praderas en un contexto de cambio clim\u00e1tico y la necesidad de generar sistemas sustentables, destacando la importancia de los ataques de gusano blanco Phytolema hermanni, que en la temporada pasada generaron p\u00e9rdidas de hasta un 100 % en predios de Chilo\u00e9. A su juicio, \u201cser\u00e1 muy importante considerar en la planificaci\u00f3n de la investigaci\u00f3n, desarrollo y transferencia tecnol\u00f3gica el calentamiento global y cambio clim\u00e1tico en la construcci\u00f3n e implementaci\u00f3n futuras de las estrategias de manejo integrado de plagas, en especial la acci\u00f3n del control biol\u00f3gico\u201d.<\/p>\n","protected":false},"excerpt":{"rendered":"<p>Debido a los graves da\u00f1os producidos por esta plaga y las p\u00e9rdidas en predios del archipi\u00e9lago, el Ministerio de Agricultura ha implementado un plan de apoyo t\u00e9cnico en terreno.<\/p>\n","protected":false},"author":2,"featured_media":23727,"comment_status":"closed","ping_status":"closed","sticky":false,"template":"","format":"standard","meta":{"footnotes":""},"categories":[1945],"tags":[939,5988,7792,3712,2052,3871,5996,7793,6858],"class_list":["post-23726","post","type-post","status-publish","format-standard","has-post-thumbnail","hentry","category-agricultura","tag-chiloe","tag-de-inia-remehue","tag-gusano","tag-gusano-blanco","tag-inia","tag-inia-la-cruz","tag-natalie-urrutia","tag-praderas-y-en-cultivos","tag-tania-salas"],"yoast_head":"<!-- This site is optimized with the Yoast SEO plugin v26.6 - https:\/\/yoast.com\/wordpress\/plugins\/seo\/ -->\n<title>Entregan recomendaciones para el control biol\u00f3gico de gusano blanco en praderas y en cultivos de Chilo\u00e9 - Mundoagropecuario<\/title>\n<meta name=\"description\" content=\"Debido a los graves da\u00f1os producidos por esta plaga y las p\u00e9rdidas en predios del archipi\u00e9lago, el Ministerio de Agricultura ha implementado.\" \/>\n<meta name=\"robots\" content=\"index, follow, max-snippet:-1, max-image-preview:large, max-video-preview:-1\" \/>\n<link rel=\"canonical\" href=\"https:\/\/www.mundoagropecuario.cl\/new\/entregan-recomendaciones-para-el-control-biologico-de-gusano-blanco-en-praderas-y-en-cultivos-de-chiloe\/\" \/>\n<meta property=\"og:locale\" content=\"es_ES\" \/>\n<meta property=\"og:type\" content=\"article\" \/>\n<meta property=\"og:title\" content=\"Entregan recomendaciones para el control biol\u00f3gico de gusano blanco en praderas y en cultivos de Chilo\u00e9 - Mundoagropecuario\" \/>\n<meta property=\"og:description\" content=\"Debido a los graves da\u00f1os producidos por esta plaga y las p\u00e9rdidas en predios del archipi\u00e9lago, el Ministerio de Agricultura ha implementado.\" \/>\n<meta property=\"og:url\" content=\"https:\/\/www.mundoagropecuario.cl\/new\/entregan-recomendaciones-para-el-control-biologico-de-gusano-blanco-en-praderas-y-en-cultivos-de-chiloe\/\" \/>\n<meta property=\"og:site_name\" content=\"Mundoagropecuario\" \/>\n<meta property=\"article:publisher\" content=\"https:\/\/www.facebook.com\/mundo.agropecuario.3\" \/>\n<meta property=\"article:published_time\" content=\"2023-03-08T16:17:53+00:00\" \/>\n<meta property=\"article:modified_time\" content=\"2023-03-20T16:10:14+00:00\" \/>\n<meta property=\"og:image\" content=\"https:\/\/www.mundoagropecuario.cl\/new\/wp-content\/uploads\/2023\/03\/Charla-Lorena-Barra.jpg\" \/>\n\t<meta property=\"og:image:width\" content=\"717\" \/>\n\t<meta property=\"og:image:height\" content=\"492\" \/>\n\t<meta property=\"og:image:type\" content=\"image\/jpeg\" \/>\n<meta name=\"author\" content=\"mundo\" \/>\n<meta name=\"twitter:card\" content=\"summary_large_image\" \/>\n<meta name=\"twitter:creator\" content=\"@MundoAgropecuar\" \/>\n<meta name=\"twitter:site\" content=\"@MundoAgropecuar\" \/>\n<meta name=\"twitter:label1\" content=\"Escrito por\" \/>\n\t<meta name=\"twitter:data1\" content=\"mundo\" \/>\n\t<meta name=\"twitter:label2\" content=\"Tiempo de lectura\" \/>\n\t<meta name=\"twitter:data2\" content=\"2 minutos\" \/>\n<script type=\"application\/ld+json\" class=\"yoast-schema-graph\">{\"@context\":\"https:\/\/schema.org\",\"@graph\":[{\"@type\":\"Article\",\"@id\":\"https:\/\/www.mundoagropecuario.cl\/new\/entregan-recomendaciones-para-el-control-biologico-de-gusano-blanco-en-praderas-y-en-cultivos-de-chiloe\/#article\",\"isPartOf\":{\"@id\":\"https:\/\/www.mundoagropecuario.cl\/new\/entregan-recomendaciones-para-el-control-biologico-de-gusano-blanco-en-praderas-y-en-cultivos-de-chiloe\/\"},\"author\":{\"name\":\"mundo\",\"@id\":\"https:\/\/www.mundoagropecuario.cl\/new\/#\/schema\/person\/4e9f74a82a7dac260eb1c44b7eebeb18\"},\"headline\":\"Entregan recomendaciones para el control biol\u00f3gico de gusano blanco en praderas y en cultivos de Chilo\u00e9\",\"datePublished\":\"2023-03-08T16:17:53+00:00\",\"dateModified\":\"2023-03-20T16:10:14+00:00\",\"mainEntityOfPage\":{\"@id\":\"https:\/\/www.mundoagropecuario.cl\/new\/entregan-recomendaciones-para-el-control-biologico-de-gusano-blanco-en-praderas-y-en-cultivos-de-chiloe\/\"},\"wordCount\":423,\"publisher\":{\"@id\":\"https:\/\/www.mundoagropecuario.cl\/new\/#organization\"},\"image\":{\"@id\":\"https:\/\/www.mundoagropecuario.cl\/new\/entregan-recomendaciones-para-el-control-biologico-de-gusano-blanco-en-praderas-y-en-cultivos-de-chiloe\/#primaryimage\"},\"thumbnailUrl\":\"https:\/\/www.mundoagropecuario.cl\/new\/wp-content\/uploads\/2023\/03\/Charla-Lorena-Barra.jpg\",\"keywords\":[\"Chilo\u00e9\",\"de INIA Remehue\",\"Gusano\",\"gusano blanco\",\"INIA\",\"INIA La Cruz\",\"Natalie Urrutia\",\"praderas y en cultivos\",\"Tania Salas\"],\"articleSection\":[\"Agricultura\"],\"inLanguage\":\"es\"},{\"@type\":\"WebPage\",\"@id\":\"https:\/\/www.mundoagropecuario.cl\/new\/entregan-recomendaciones-para-el-control-biologico-de-gusano-blanco-en-praderas-y-en-cultivos-de-chiloe\/\",\"url\":\"https:\/\/www.mundoagropecuario.cl\/new\/entregan-recomendaciones-para-el-control-biologico-de-gusano-blanco-en-praderas-y-en-cultivos-de-chiloe\/\",\"name\":\"Entregan recomendaciones para el control biol\u00f3gico de gusano blanco en praderas y en cultivos de Chilo\u00e9 - Mundoagropecuario\",\"isPartOf\":{\"@id\":\"https:\/\/www.mundoagropecuario.cl\/new\/#website\"},\"primaryImageOfPage\":{\"@id\":\"https:\/\/www.mundoagropecuario.cl\/new\/entregan-recomendaciones-para-el-control-biologico-de-gusano-blanco-en-praderas-y-en-cultivos-de-chiloe\/#primaryimage\"},\"image\":{\"@id\":\"https:\/\/www.mundoagropecuario.cl\/new\/entregan-recomendaciones-para-el-control-biologico-de-gusano-blanco-en-praderas-y-en-cultivos-de-chiloe\/#primaryimage\"},\"thumbnailUrl\":\"https:\/\/www.mundoagropecuario.cl\/new\/wp-content\/uploads\/2023\/03\/Charla-Lorena-Barra.jpg\",\"datePublished\":\"2023-03-08T16:17:53+00:00\",\"dateModified\":\"2023-03-20T16:10:14+00:00\",\"description\":\"Debido a los graves da\u00f1os producidos por esta plaga y las p\u00e9rdidas en predios del archipi\u00e9lago, el Ministerio de Agricultura ha implementado.\",\"breadcrumb\":{\"@id\":\"https:\/\/www.mundoagropecuario.cl\/new\/entregan-recomendaciones-para-el-control-biologico-de-gusano-blanco-en-praderas-y-en-cultivos-de-chiloe\/#breadcrumb\"},\"inLanguage\":\"es\",\"potentialAction\":[{\"@type\":\"ReadAction\",\"target\":[\"https:\/\/www.mundoagropecuario.cl\/new\/entregan-recomendaciones-para-el-control-biologico-de-gusano-blanco-en-praderas-y-en-cultivos-de-chiloe\/\"]}]},{\"@type\":\"ImageObject\",\"inLanguage\":\"es\",\"@id\":\"https:\/\/www.mundoagropecuario.cl\/new\/entregan-recomendaciones-para-el-control-biologico-de-gusano-blanco-en-praderas-y-en-cultivos-de-chiloe\/#primaryimage\",\"url\":\"https:\/\/www.mundoagropecuario.cl\/new\/wp-content\/uploads\/2023\/03\/Charla-Lorena-Barra.jpg\",\"contentUrl\":\"https:\/\/www.mundoagropecuario.cl\/new\/wp-content\/uploads\/2023\/03\/Charla-Lorena-Barra.jpg\",\"width\":583,\"height\":400},{\"@type\":\"BreadcrumbList\",\"@id\":\"https:\/\/www.mundoagropecuario.cl\/new\/entregan-recomendaciones-para-el-control-biologico-de-gusano-blanco-en-praderas-y-en-cultivos-de-chiloe\/#breadcrumb\",\"itemListElement\":[{\"@type\":\"ListItem\",\"position\":1,\"name\":\"Portada\",\"item\":\"https:\/\/www.mundoagropecuario.cl\/new\/\"},{\"@type\":\"ListItem\",\"position\":2,\"name\":\"Entregan recomendaciones para el control biol\u00f3gico de gusano blanco en praderas y en cultivos de Chilo\u00e9\"}]},{\"@type\":\"WebSite\",\"@id\":\"https:\/\/www.mundoagropecuario.cl\/new\/#website\",\"url\":\"https:\/\/www.mundoagropecuario.cl\/new\/\",\"name\":\"Mundoagropecuario\",\"description\":\"Mundo Agropecuario\",\"publisher\":{\"@id\":\"https:\/\/www.mundoagropecuario.cl\/new\/#organization\"},\"potentialAction\":[{\"@type\":\"SearchAction\",\"target\":{\"@type\":\"EntryPoint\",\"urlTemplate\":\"https:\/\/www.mundoagropecuario.cl\/new\/?s={search_term_string}\"},\"query-input\":{\"@type\":\"PropertyValueSpecification\",\"valueRequired\":true,\"valueName\":\"search_term_string\"}}],\"inLanguage\":\"es\"},{\"@type\":\"Organization\",\"@id\":\"https:\/\/www.mundoagropecuario.cl\/new\/#organization\",\"name\":\"Revista de Agricultura\",\"url\":\"https:\/\/www.mundoagropecuario.cl\/new\/\",\"logo\":{\"@type\":\"ImageObject\",\"inLanguage\":\"es\",\"@id\":\"https:\/\/www.mundoagropecuario.cl\/new\/#\/schema\/logo\/image\/\",\"url\":\"https:\/\/www.mundoagropecuario.cl\/new\/wp-content\/uploads\/2020\/11\/PORTAL-1-1.png\",\"contentUrl\":\"https:\/\/www.mundoagropecuario.cl\/new\/wp-content\/uploads\/2020\/11\/PORTAL-1-1.png\",\"width\":1026,\"height\":100,\"caption\":\"Revista de Agricultura\"},\"image\":{\"@id\":\"https:\/\/www.mundoagropecuario.cl\/new\/#\/schema\/logo\/image\/\"},\"sameAs\":[\"https:\/\/www.facebook.com\/mundo.agropecuario.3\",\"https:\/\/x.com\/MundoAgropecuar\",\"https:\/\/www.linkedin.com\/in\/mundo-agropecuario-934009201\/\"]},{\"@type\":\"Person\",\"@id\":\"https:\/\/www.mundoagropecuario.cl\/new\/#\/schema\/person\/4e9f74a82a7dac260eb1c44b7eebeb18\",\"name\":\"mundo\",\"url\":\"https:\/\/www.mundoagropecuario.cl\/new\/author\/mundo\/\"}]}<\/script>\n<!-- \/ Yoast SEO plugin. -->","yoast_head_json":{"title":"Entregan recomendaciones para el control biol\u00f3gico de gusano blanco en praderas y en cultivos de Chilo\u00e9 - Mundoagropecuario","description":"Debido a los graves da\u00f1os producidos por esta plaga y las p\u00e9rdidas en predios del archipi\u00e9lago, el Ministerio de Agricultura ha implementado.","robots":{"index":"index","follow":"follow","max-snippet":"max-snippet:-1","max-image-preview":"max-image-preview:large","max-video-preview":"max-video-preview:-1"},"canonical":"https:\/\/www.mundoagropecuario.cl\/new\/entregan-recomendaciones-para-el-control-biologico-de-gusano-blanco-en-praderas-y-en-cultivos-de-chiloe\/","og_locale":"es_ES","og_type":"article","og_title":"Entregan recomendaciones para el control biol\u00f3gico de gusano blanco en praderas y en cultivos de Chilo\u00e9 - Mundoagropecuario","og_description":"Debido a los graves da\u00f1os producidos por esta plaga y las p\u00e9rdidas en predios del archipi\u00e9lago, el Ministerio de Agricultura ha implementado.","og_url":"https:\/\/www.mundoagropecuario.cl\/new\/entregan-recomendaciones-para-el-control-biologico-de-gusano-blanco-en-praderas-y-en-cultivos-de-chiloe\/","og_site_name":"Mundoagropecuario","article_publisher":"https:\/\/www.facebook.com\/mundo.agropecuario.3","article_published_time":"2023-03-08T16:17:53+00:00","article_modified_time":"2023-03-20T16:10:14+00:00","og_image":[{"width":717,"height":492,"url":"https:\/\/www.mundoagropecuario.cl\/new\/wp-content\/uploads\/2023\/03\/Charla-Lorena-Barra.jpg","type":"image\/jpeg"}],"author":"mundo","twitter_card":"summary_large_image","twitter_creator":"@MundoAgropecuar","twitter_site":"@MundoAgropecuar","twitter_misc":{"Escrito por":"mundo","Tiempo de lectura":"2 minutos"},"schema":{"@context":"https:\/\/schema.org","@graph":[{"@type":"Article","@id":"https:\/\/www.mundoagropecuario.cl\/new\/entregan-recomendaciones-para-el-control-biologico-de-gusano-blanco-en-praderas-y-en-cultivos-de-chiloe\/#article","isPartOf":{"@id":"https:\/\/www.mundoagropecuario.cl\/new\/entregan-recomendaciones-para-el-control-biologico-de-gusano-blanco-en-praderas-y-en-cultivos-de-chiloe\/"},"author":{"name":"mundo","@id":"https:\/\/www.mundoagropecuario.cl\/new\/#\/schema\/person\/4e9f74a82a7dac260eb1c44b7eebeb18"},"headline":"Entregan recomendaciones para el control biol\u00f3gico de gusano blanco en praderas y en cultivos de Chilo\u00e9","datePublished":"2023-03-08T16:17:53+00:00","dateModified":"2023-03-20T16:10:14+00:00","mainEntityOfPage":{"@id":"https:\/\/www.mundoagropecuario.cl\/new\/entregan-recomendaciones-para-el-control-biologico-de-gusano-blanco-en-praderas-y-en-cultivos-de-chiloe\/"},"wordCount":423,"publisher":{"@id":"https:\/\/www.mundoagropecuario.cl\/new\/#organization"},"image":{"@id":"https:\/\/www.mundoagropecuario.cl\/new\/entregan-recomendaciones-para-el-control-biologico-de-gusano-blanco-en-praderas-y-en-cultivos-de-chiloe\/#primaryimage"},"thumbnailUrl":"https:\/\/www.mundoagropecuario.cl\/new\/wp-content\/uploads\/2023\/03\/Charla-Lorena-Barra.jpg","keywords":["Chilo\u00e9","de INIA Remehue","Gusano","gusano blanco","INIA","INIA La Cruz","Natalie Urrutia","praderas y en cultivos","Tania Salas"],"articleSection":["Agricultura"],"inLanguage":"es"},{"@type":"WebPage","@id":"https:\/\/www.mundoagropecuario.cl\/new\/entregan-recomendaciones-para-el-control-biologico-de-gusano-blanco-en-praderas-y-en-cultivos-de-chiloe\/","url":"https:\/\/www.mundoagropecuario.cl\/new\/entregan-recomendaciones-para-el-control-biologico-de-gusano-blanco-en-praderas-y-en-cultivos-de-chiloe\/","name":"Entregan recomendaciones para el control biol\u00f3gico de gusano blanco en praderas y en cultivos de Chilo\u00e9 - Mundoagropecuario","isPartOf":{"@id":"https:\/\/www.mundoagropecuario.cl\/new\/#website"},"primaryImageOfPage":{"@id":"https:\/\/www.mundoagropecuario.cl\/new\/entregan-recomendaciones-para-el-control-biologico-de-gusano-blanco-en-praderas-y-en-cultivos-de-chiloe\/#primaryimage"},"image":{"@id":"https:\/\/www.mundoagropecuario.cl\/new\/entregan-recomendaciones-para-el-control-biologico-de-gusano-blanco-en-praderas-y-en-cultivos-de-chiloe\/#primaryimage"},"thumbnailUrl":"https:\/\/www.mundoagropecuario.cl\/new\/wp-content\/uploads\/2023\/03\/Charla-Lorena-Barra.jpg","datePublished":"2023-03-08T16:17:53+00:00","dateModified":"2023-03-20T16:10:14+00:00","description":"Debido a los graves da\u00f1os producidos por esta plaga y las p\u00e9rdidas en predios del archipi\u00e9lago, el Ministerio de Agricultura ha implementado.","breadcrumb":{"@id":"https:\/\/www.mundoagropecuario.cl\/new\/entregan-recomendaciones-para-el-control-biologico-de-gusano-blanco-en-praderas-y-en-cultivos-de-chiloe\/#breadcrumb"},"inLanguage":"es","potentialAction":[{"@type":"ReadAction","target":["https:\/\/www.mundoagropecuario.cl\/new\/entregan-recomendaciones-para-el-control-biologico-de-gusano-blanco-en-praderas-y-en-cultivos-de-chiloe\/"]}]},{"@type":"ImageObject","inLanguage":"es","@id":"https:\/\/www.mundoagropecuario.cl\/new\/entregan-recomendaciones-para-el-control-biologico-de-gusano-blanco-en-praderas-y-en-cultivos-de-chiloe\/#primaryimage","url":"https:\/\/www.mundoagropecuario.cl\/new\/wp-content\/uploads\/2023\/03\/Charla-Lorena-Barra.jpg","contentUrl":"https:\/\/www.mundoagropecuario.cl\/new\/wp-content\/uploads\/2023\/03\/Charla-Lorena-Barra.jpg","width":583,"height":400},{"@type":"BreadcrumbList","@id":"https:\/\/www.mundoagropecuario.cl\/new\/entregan-recomendaciones-para-el-control-biologico-de-gusano-blanco-en-praderas-y-en-cultivos-de-chiloe\/#breadcrumb","itemListElement":[{"@type":"ListItem","position":1,"name":"Portada","item":"https:\/\/www.mundoagropecuario.cl\/new\/"},{"@type":"ListItem","position":2,"name":"Entregan recomendaciones para el control biol\u00f3gico de gusano blanco en praderas y en cultivos de Chilo\u00e9"}]},{"@type":"WebSite","@id":"https:\/\/www.mundoagropecuario.cl\/new\/#website","url":"https:\/\/www.mundoagropecuario.cl\/new\/","name":"Mundoagropecuario","description":"Mundo Agropecuario","publisher":{"@id":"https:\/\/www.mundoagropecuario.cl\/new\/#organization"},"potentialAction":[{"@type":"SearchAction","target":{"@type":"EntryPoint","urlTemplate":"https:\/\/www.mundoagropecuario.cl\/new\/?s={search_term_string}"},"query-input":{"@type":"PropertyValueSpecification","valueRequired":true,"valueName":"search_term_string"}}],"inLanguage":"es"},{"@type":"Organization","@id":"https:\/\/www.mundoagropecuario.cl\/new\/#organization","name":"Revista de Agricultura","url":"https:\/\/www.mundoagropecuario.cl\/new\/","logo":{"@type":"ImageObject","inLanguage":"es","@id":"https:\/\/www.mundoagropecuario.cl\/new\/#\/schema\/logo\/image\/","url":"https:\/\/www.mundoagropecuario.cl\/new\/wp-content\/uploads\/2020\/11\/PORTAL-1-1.png","contentUrl":"https:\/\/www.mundoagropecuario.cl\/new\/wp-content\/uploads\/2020\/11\/PORTAL-1-1.png","width":1026,"height":100,"caption":"Revista de Agricultura"},"image":{"@id":"https:\/\/www.mundoagropecuario.cl\/new\/#\/schema\/logo\/image\/"},"sameAs":["https:\/\/www.facebook.com\/mundo.agropecuario.3","https:\/\/x.com\/MundoAgropecuar","https:\/\/www.linkedin.com\/in\/mundo-agropecuario-934009201\/"]},{"@type":"Person","@id":"https:\/\/www.mundoagropecuario.cl\/new\/#\/schema\/person\/4e9f74a82a7dac260eb1c44b7eebeb18","name":"mundo","url":"https:\/\/www.mundoagropecuario.cl\/new\/author\/mundo\/"}]}},"_links":{"self":[{"href":"https:\/\/www.mundoagropecuario.cl\/new\/wp-json\/wp\/v2\/posts\/23726","targetHints":{"allow":["GET"]}}],"collection":[{"href":"https:\/\/www.mundoagropecuario.cl\/new\/wp-json\/wp\/v2\/posts"}],"about":[{"href":"https:\/\/www.mundoagropecuario.cl\/new\/wp-json\/wp\/v2\/types\/post"}],"author":[{"embeddable":true,"href":"https:\/\/www.mundoagropecuario.cl\/new\/wp-json\/wp\/v2\/users\/2"}],"replies":[{"embeddable":true,"href":"https:\/\/www.mundoagropecuario.cl\/new\/wp-json\/wp\/v2\/comments?post=23726"}],"version-history":[{"count":1,"href":"https:\/\/www.mundoagropecuario.cl\/new\/wp-json\/wp\/v2\/posts\/23726\/revisions"}],"predecessor-version":[{"id":23728,"href":"https:\/\/www.mundoagropecuario.cl\/new\/wp-json\/wp\/v2\/posts\/23726\/revisions\/23728"}],"wp:featuredmedia":[{"embeddable":true,"href":"https:\/\/www.mundoagropecuario.cl\/new\/wp-json\/wp\/v2\/media\/23727"}],"wp:attachment":[{"href":"https:\/\/www.mundoagropecuario.cl\/new\/wp-json\/wp\/v2\/media?parent=23726"}],"wp:term":[{"taxonomy":"category","embeddable":true,"href":"https:\/\/www.mundoagropecuario.cl\/new\/wp-json\/wp\/v2\/categories?post=23726"},{"taxonomy":"post_tag","embeddable":true,"href":"https:\/\/www.mundoagropecuario.cl\/new\/wp-json\/wp\/v2\/tags?post=23726"}],"curies":[{"name":"wp","href":"https:\/\/api.w.org\/{rel}","templated":true}]}}