{"id":23607,"date":"2023-01-12T10:36:40","date_gmt":"2023-01-12T13:36:40","guid":{"rendered":"https:\/\/www.mundoagropecuario.cl\/new\/?p=23607"},"modified":"2023-01-20T12:11:24","modified_gmt":"2023-01-20T15:11:24","slug":"aproleche-triplica-su-aporte-como-sponsor-tras-ascenso-de-los-toros","status":"publish","type":"post","link":"https:\/\/www.mundoagropecuario.cl\/new\/aproleche-triplica-su-aporte-como-sponsor-tras-ascenso-de-los-toros\/","title":{"rendered":"Aproleche triplica su aporte como sponsor tras ascenso de &#8220;Los Toros&#8221;"},"content":{"rendered":"<blockquote>\n<h2><span style=\"color: #003300;\">Esta semana, en dependencias del Hotel Sonesta de la ciudad, la Asociaci\u00f3n Gremial de Productores de Leche de Osorno (Aproleche), renov\u00f3 su compromiso como auspiciador de la temporada 2023 del Club Deportivo Deportes Provincial Osorno.<\/span><\/h2>\n<\/blockquote>\n<p>Con esto, la Asociaci\u00f3n Gremial busca nuevamente y por segundo a\u00f1o, ser parte de esta importante campa\u00f1a que viene desarrollando la instituci\u00f3n, la cual busca promover la vida, la familia y la salud a trav\u00e9s del deporte.<\/p>\n<p>En este sentido, Aproleche Osorno triplic\u00f3 su aporte, cuyo financiamiento no s\u00f3lo beneficia al primer equipo, sino que el 50% de esta contribuci\u00f3n, va en directo apoyo de las divisiones menores que se est\u00e1n formando, tanto con hombres y mujeres que vestir\u00e1n la camiseta del club. As\u00ed, los productores lecheros confirman su compromiso con la comunidad y la inclusi\u00f3n deportiva.<\/p>\n<p>Adem\u00e1s, esta alianza permitir\u00e1 generar nuevas confianzas en las empresas de la regi\u00f3n, las cuales contin\u00faan sum\u00e1ndose a este importante proyecto que pretende mantener la categor\u00eda profesional y convertirlo en un club modelo de gesti\u00f3n.<\/p>\n<p>Durante el 2022, Aproleche Osorno realiz\u00f3 diferentes actividades junto a los hinchas de la instituci\u00f3n. A su vez, diferentes categor\u00edas, incluyendo al equipo unificado, visitaron predios de los socios del gremio, donde conocieron el proceso y trabajo que conlleva la producci\u00f3n l\u00e1ctea.<\/p>\n<p><a href=\"https:\/\/www.mundoagropecuario.cl\/new\/wp-content\/uploads\/2023\/01\/Aproleche-.jpg\"><img loading=\"lazy\" decoding=\"async\" class=\"size-medium wp-image-23608 alignright\" src=\"https:\/\/www.mundoagropecuario.cl\/new\/wp-content\/uploads\/2023\/01\/Aproleche--586x390.jpg\" alt=\"\" width=\"586\" height=\"390\" srcset=\"https:\/\/www.mundoagropecuario.cl\/new\/wp-content\/uploads\/2023\/01\/Aproleche--586x390.jpg 586w, https:\/\/www.mundoagropecuario.cl\/new\/wp-content\/uploads\/2023\/01\/Aproleche--768x511.jpg 768w, https:\/\/www.mundoagropecuario.cl\/new\/wp-content\/uploads\/2023\/01\/Aproleche-.jpg 601w\" sizes=\"auto, (max-width: 586px) 100vw, 586px\" \/><\/a>Marcos Winkler, presidente de Aproleche Osorno, manifest\u00f3 que como productores est\u00e1n\u00a0 muy contentos y comprometidos de volver a ser parte de este proyecto, principalmente ya que servir\u00e1 como espacio para dar a conocer a la leche como un vital alimento, especialmente como un producto premium para los deportistas.<\/p>\n<p>\u201cSomos una ciudad que est\u00e1 identificada con la producci\u00f3n lechera y por lo tanto, dentro de lo que significa el crecimiento de nuestra zona y de la regi\u00f3n, el deporte es fundamental. Por eso es que estamos apoyando fuertemente esta idea y queremos poner todo nuestro esfuerzo, para que en conjunto logremos todas las metas que se propone el club&#8221;, apunt\u00f3 Winkler.<\/p>\n<p>Asimismo, dijo que &#8220;como Asociaci\u00f3n Gremial creemos que el apoyo debe ser transversal, es importante desarrollar todas las l\u00edneas de trabajo, desde las series inferiores hasta el primer equipo, por lo tanto tenemos todas las ganas de seguir aportando y apoyando a esta gran instituci\u00f3n local&#8221;.<\/p>\n<p>Por su parte Eduardo Gonz\u00e1lez, presidente del Club Deportivo Deportes Provincial Osorno, sostuvo que &#8220;el trabajo de reforzar al club se viene desarrollando desde el 2020, donde la confianza se la dimos a las empresas que apostaron por nosotros, como fue el caso de Aproleche, quienes triplicaron su monto de aporte, ayudando as\u00ed a todas nuestras categor\u00edas. Nos pone muy contentos tenerlos nuevamente como auspiciadores\u201d.<\/p>\n<p>A su vez, el dirigente mencion\u00f3 que \u201choy ya tenemos confirmados casi al 90% de los patrocinadores, pero queremos ir paso a paso anunci\u00e1ndolos, ya que buscamos que todos ellos tengan el mismo espacio como lo tuvo Aproleche y que se sientan parte importante de este proyecto. Estamos muy agradecidos del aporte de la Asociaci\u00f3n Gremial, tanto en lo social como en lo econ\u00f3mico, ya que es fundamental para el crecimiento y desarrollo de Provincial Osorno en este 2023&#8221;.<\/p>\n<p>Finalmente Anita Jans, gerente de la Asociaci\u00f3n Gremial, declar\u00f3 que \u201ceste a\u00f1o decidimos triplicar el aporte y continuar realizando las variadas actividades de apoyo y de educaci\u00f3n, que realizamos para mostrar el quehacer del productor lechero, no s\u00f3lo a los jugadores sino que tambi\u00e9n a sus familias, quienes nos acompa\u00f1an en estas instancias. Para los productores es importante ser parte de este convenio, ya que dentro de nuestros principios de acci\u00f3n est\u00e1 el deporte y la alimentaci\u00f3n saludable, y a trav\u00e9s de esto unimos estos caminos. Es por eso que deseamos seguir trabajando con Provincial Osorno por muchos a\u00f1os m\u00e1s y seguir ayudando en la formaci\u00f3n de estos deportistas\u201d.<\/p>\n<p><a href=\"https:\/\/www.mundoagropecuario.cl\/new\/wp-content\/uploads\/2023\/01\/Aproleche-9-scaled.jpeg\"><img loading=\"lazy\" decoding=\"async\" class=\"alignnone wp-image-23609 size-full\" src=\"https:\/\/www.mundoagropecuario.cl\/new\/wp-content\/uploads\/2023\/01\/Aproleche-9-scaled.jpeg\" alt=\"\" width=\"1024\" height=\"768\" srcset=\"https:\/\/www.mundoagropecuario.cl\/new\/wp-content\/uploads\/2023\/01\/Aproleche-9-scaled.jpeg 533w, https:\/\/www.mundoagropecuario.cl\/new\/wp-content\/uploads\/2023\/01\/Aproleche-9-586x440.jpeg 586w, https:\/\/www.mundoagropecuario.cl\/new\/wp-content\/uploads\/2023\/01\/Aproleche-9-1024x768.jpeg 1024w, https:\/\/www.mundoagropecuario.cl\/new\/wp-content\/uploads\/2023\/01\/Aproleche-9-768x576.jpeg 768w, https:\/\/www.mundoagropecuario.cl\/new\/wp-content\/uploads\/2023\/01\/Aproleche-9-1536x1152.jpeg 1536w\" sizes=\"auto, (max-width: 1024px) 100vw, 1024px\" \/><\/a><\/p>\n","protected":false},"excerpt":{"rendered":"<p>Esta alianza permitir\u00e1 generar nuevas confianzas en las empresas de la regi\u00f3n, las cuales contin\u00faan sum\u00e1ndose a este importante proyecto que pretende mantener la categor\u00eda profesional y convertirlo en un club modelo de gesti\u00f3n.<\/p>\n","protected":false},"author":2,"featured_media":23610,"comment_status":"closed","ping_status":"closed","sticky":false,"template":"","format":"standard","meta":{"footnotes":""},"categories":[1946],"tags":[2057,7583,4135,2051,4168,5002,7741,3222],"class_list":["post-23607","post","type-post","status-publish","format-standard","has-post-thumbnail","hentry","category-lacteos","tag-aproleche","tag-deportes-osorno","tag-lacteo","tag-leche","tag-marcos-winkler-2","tag-productores","tag-provincial-osorno","tag-sector-lechero"],"yoast_head":"<!-- This site is optimized with the Yoast SEO plugin v26.6 - https:\/\/yoast.com\/wordpress\/plugins\/seo\/ -->\n<title>Aproleche triplica su aporte como sponsor tras ascenso de &quot;Los Toros&quot; - Mundoagropecuario<\/title>\n<meta name=\"description\" content=\"Esta alianza permitir\u00e1 generar nuevas confianzas en las empresas de la regi\u00f3n, las cuales contin\u00faan sum\u00e1ndose a este importante proyecto.\" \/>\n<meta name=\"robots\" content=\"index, follow, max-snippet:-1, max-image-preview:large, max-video-preview:-1\" \/>\n<link rel=\"canonical\" href=\"https:\/\/www.mundoagropecuario.cl\/new\/aproleche-triplica-su-aporte-como-sponsor-tras-ascenso-de-los-toros\/\" \/>\n<meta property=\"og:locale\" content=\"es_ES\" \/>\n<meta property=\"og:type\" content=\"article\" \/>\n<meta property=\"og:title\" content=\"Aproleche triplica su aporte como sponsor tras ascenso de &quot;Los Toros&quot; - Mundoagropecuario\" \/>\n<meta property=\"og:description\" content=\"Esta alianza permitir\u00e1 generar nuevas confianzas en las empresas de la regi\u00f3n, las cuales contin\u00faan sum\u00e1ndose a este importante proyecto.\" \/>\n<meta property=\"og:url\" content=\"https:\/\/www.mundoagropecuario.cl\/new\/aproleche-triplica-su-aporte-como-sponsor-tras-ascenso-de-los-toros\/\" \/>\n<meta property=\"og:site_name\" content=\"Mundoagropecuario\" \/>\n<meta property=\"article:publisher\" content=\"https:\/\/www.facebook.com\/mundo.agropecuario.3\" \/>\n<meta property=\"article:published_time\" content=\"2023-01-12T13:36:40+00:00\" \/>\n<meta property=\"article:modified_time\" content=\"2023-01-20T15:11:24+00:00\" \/>\n<meta property=\"og:image\" content=\"https:\/\/www.mundoagropecuario.cl\/new\/wp-content\/uploads\/2023\/01\/Aproleche6.jpg\" \/>\n\t<meta property=\"og:image:width\" content=\"1000\" \/>\n\t<meta property=\"og:image:height\" content=\"666\" \/>\n\t<meta property=\"og:image:type\" content=\"image\/jpeg\" \/>\n<meta name=\"author\" content=\"mundo\" \/>\n<meta name=\"twitter:card\" content=\"summary_large_image\" \/>\n<meta name=\"twitter:creator\" content=\"@MundoAgropecuar\" \/>\n<meta name=\"twitter:site\" content=\"@MundoAgropecuar\" \/>\n<meta name=\"twitter:label1\" content=\"Escrito por\" \/>\n\t<meta name=\"twitter:data1\" content=\"mundo\" \/>\n\t<meta name=\"twitter:label2\" content=\"Tiempo de lectura\" \/>\n\t<meta name=\"twitter:data2\" content=\"4 minutos\" \/>\n<script type=\"application\/ld+json\" class=\"yoast-schema-graph\">{\"@context\":\"https:\/\/schema.org\",\"@graph\":[{\"@type\":\"Article\",\"@id\":\"https:\/\/www.mundoagropecuario.cl\/new\/aproleche-triplica-su-aporte-como-sponsor-tras-ascenso-de-los-toros\/#article\",\"isPartOf\":{\"@id\":\"https:\/\/www.mundoagropecuario.cl\/new\/aproleche-triplica-su-aporte-como-sponsor-tras-ascenso-de-los-toros\/\"},\"author\":{\"name\":\"mundo\",\"@id\":\"https:\/\/www.mundoagropecuario.cl\/new\/#\/schema\/person\/4e9f74a82a7dac260eb1c44b7eebeb18\"},\"headline\":\"Aproleche triplica su aporte como sponsor tras ascenso de &#8220;Los Toros&#8221;\",\"datePublished\":\"2023-01-12T13:36:40+00:00\",\"dateModified\":\"2023-01-20T15:11:24+00:00\",\"mainEntityOfPage\":{\"@id\":\"https:\/\/www.mundoagropecuario.cl\/new\/aproleche-triplica-su-aporte-como-sponsor-tras-ascenso-de-los-toros\/\"},\"wordCount\":667,\"publisher\":{\"@id\":\"https:\/\/www.mundoagropecuario.cl\/new\/#organization\"},\"image\":{\"@id\":\"https:\/\/www.mundoagropecuario.cl\/new\/aproleche-triplica-su-aporte-como-sponsor-tras-ascenso-de-los-toros\/#primaryimage\"},\"thumbnailUrl\":\"https:\/\/www.mundoagropecuario.cl\/new\/wp-content\/uploads\/2023\/01\/Aproleche6.jpg\",\"keywords\":[\"Aproleche\",\"Deportes Osorno\",\"Lacteo\",\"Leche\",\"Marcos Winkler\",\"productores\",\"Provincial Osorno\",\"sector lechero\"],\"articleSection\":[\"L\u00e1cteos\"],\"inLanguage\":\"es\"},{\"@type\":\"WebPage\",\"@id\":\"https:\/\/www.mundoagropecuario.cl\/new\/aproleche-triplica-su-aporte-como-sponsor-tras-ascenso-de-los-toros\/\",\"url\":\"https:\/\/www.mundoagropecuario.cl\/new\/aproleche-triplica-su-aporte-como-sponsor-tras-ascenso-de-los-toros\/\",\"name\":\"Aproleche triplica su aporte como sponsor tras ascenso de \\\"Los Toros\\\" - Mundoagropecuario\",\"isPartOf\":{\"@id\":\"https:\/\/www.mundoagropecuario.cl\/new\/#website\"},\"primaryImageOfPage\":{\"@id\":\"https:\/\/www.mundoagropecuario.cl\/new\/aproleche-triplica-su-aporte-como-sponsor-tras-ascenso-de-los-toros\/#primaryimage\"},\"image\":{\"@id\":\"https:\/\/www.mundoagropecuario.cl\/new\/aproleche-triplica-su-aporte-como-sponsor-tras-ascenso-de-los-toros\/#primaryimage\"},\"thumbnailUrl\":\"https:\/\/www.mundoagropecuario.cl\/new\/wp-content\/uploads\/2023\/01\/Aproleche6.jpg\",\"datePublished\":\"2023-01-12T13:36:40+00:00\",\"dateModified\":\"2023-01-20T15:11:24+00:00\",\"description\":\"Esta alianza permitir\u00e1 generar nuevas confianzas en las empresas de la regi\u00f3n, las cuales contin\u00faan sum\u00e1ndose a este importante proyecto.\",\"breadcrumb\":{\"@id\":\"https:\/\/www.mundoagropecuario.cl\/new\/aproleche-triplica-su-aporte-como-sponsor-tras-ascenso-de-los-toros\/#breadcrumb\"},\"inLanguage\":\"es\",\"potentialAction\":[{\"@type\":\"ReadAction\",\"target\":[\"https:\/\/www.mundoagropecuario.cl\/new\/aproleche-triplica-su-aporte-como-sponsor-tras-ascenso-de-los-toros\/\"]}]},{\"@type\":\"ImageObject\",\"inLanguage\":\"es\",\"@id\":\"https:\/\/www.mundoagropecuario.cl\/new\/aproleche-triplica-su-aporte-como-sponsor-tras-ascenso-de-los-toros\/#primaryimage\",\"url\":\"https:\/\/www.mundoagropecuario.cl\/new\/wp-content\/uploads\/2023\/01\/Aproleche6.jpg\",\"contentUrl\":\"https:\/\/www.mundoagropecuario.cl\/new\/wp-content\/uploads\/2023\/01\/Aproleche6.jpg\",\"width\":601,\"height\":400},{\"@type\":\"BreadcrumbList\",\"@id\":\"https:\/\/www.mundoagropecuario.cl\/new\/aproleche-triplica-su-aporte-como-sponsor-tras-ascenso-de-los-toros\/#breadcrumb\",\"itemListElement\":[{\"@type\":\"ListItem\",\"position\":1,\"name\":\"Portada\",\"item\":\"https:\/\/www.mundoagropecuario.cl\/new\/\"},{\"@type\":\"ListItem\",\"position\":2,\"name\":\"Aproleche triplica su aporte como sponsor tras ascenso de \u00abLos Toros\u00bb\"}]},{\"@type\":\"WebSite\",\"@id\":\"https:\/\/www.mundoagropecuario.cl\/new\/#website\",\"url\":\"https:\/\/www.mundoagropecuario.cl\/new\/\",\"name\":\"Mundoagropecuario\",\"description\":\"Mundo Agropecuario\",\"publisher\":{\"@id\":\"https:\/\/www.mundoagropecuario.cl\/new\/#organization\"},\"potentialAction\":[{\"@type\":\"SearchAction\",\"target\":{\"@type\":\"EntryPoint\",\"urlTemplate\":\"https:\/\/www.mundoagropecuario.cl\/new\/?s={search_term_string}\"},\"query-input\":{\"@type\":\"PropertyValueSpecification\",\"valueRequired\":true,\"valueName\":\"search_term_string\"}}],\"inLanguage\":\"es\"},{\"@type\":\"Organization\",\"@id\":\"https:\/\/www.mundoagropecuario.cl\/new\/#organization\",\"name\":\"Revista de Agricultura\",\"url\":\"https:\/\/www.mundoagropecuario.cl\/new\/\",\"logo\":{\"@type\":\"ImageObject\",\"inLanguage\":\"es\",\"@id\":\"https:\/\/www.mundoagropecuario.cl\/new\/#\/schema\/logo\/image\/\",\"url\":\"https:\/\/www.mundoagropecuario.cl\/new\/wp-content\/uploads\/2020\/11\/PORTAL-1-1.png\",\"contentUrl\":\"https:\/\/www.mundoagropecuario.cl\/new\/wp-content\/uploads\/2020\/11\/PORTAL-1-1.png\",\"width\":1026,\"height\":100,\"caption\":\"Revista de Agricultura\"},\"image\":{\"@id\":\"https:\/\/www.mundoagropecuario.cl\/new\/#\/schema\/logo\/image\/\"},\"sameAs\":[\"https:\/\/www.facebook.com\/mundo.agropecuario.3\",\"https:\/\/x.com\/MundoAgropecuar\",\"https:\/\/www.linkedin.com\/in\/mundo-agropecuario-934009201\/\"]},{\"@type\":\"Person\",\"@id\":\"https:\/\/www.mundoagropecuario.cl\/new\/#\/schema\/person\/4e9f74a82a7dac260eb1c44b7eebeb18\",\"name\":\"mundo\",\"url\":\"https:\/\/www.mundoagropecuario.cl\/new\/author\/mundo\/\"}]}<\/script>\n<!-- \/ Yoast SEO plugin. -->","yoast_head_json":{"title":"Aproleche triplica su aporte como sponsor tras ascenso de \"Los Toros\" - Mundoagropecuario","description":"Esta alianza permitir\u00e1 generar nuevas confianzas en las empresas de la regi\u00f3n, las cuales contin\u00faan sum\u00e1ndose a este importante proyecto.","robots":{"index":"index","follow":"follow","max-snippet":"max-snippet:-1","max-image-preview":"max-image-preview:large","max-video-preview":"max-video-preview:-1"},"canonical":"https:\/\/www.mundoagropecuario.cl\/new\/aproleche-triplica-su-aporte-como-sponsor-tras-ascenso-de-los-toros\/","og_locale":"es_ES","og_type":"article","og_title":"Aproleche triplica su aporte como sponsor tras ascenso de \"Los Toros\" - Mundoagropecuario","og_description":"Esta alianza permitir\u00e1 generar nuevas confianzas en las empresas de la regi\u00f3n, las cuales contin\u00faan sum\u00e1ndose a este importante proyecto.","og_url":"https:\/\/www.mundoagropecuario.cl\/new\/aproleche-triplica-su-aporte-como-sponsor-tras-ascenso-de-los-toros\/","og_site_name":"Mundoagropecuario","article_publisher":"https:\/\/www.facebook.com\/mundo.agropecuario.3","article_published_time":"2023-01-12T13:36:40+00:00","article_modified_time":"2023-01-20T15:11:24+00:00","og_image":[{"width":1000,"height":666,"url":"https:\/\/www.mundoagropecuario.cl\/new\/wp-content\/uploads\/2023\/01\/Aproleche6.jpg","type":"image\/jpeg"}],"author":"mundo","twitter_card":"summary_large_image","twitter_creator":"@MundoAgropecuar","twitter_site":"@MundoAgropecuar","twitter_misc":{"Escrito por":"mundo","Tiempo de lectura":"4 minutos"},"schema":{"@context":"https:\/\/schema.org","@graph":[{"@type":"Article","@id":"https:\/\/www.mundoagropecuario.cl\/new\/aproleche-triplica-su-aporte-como-sponsor-tras-ascenso-de-los-toros\/#article","isPartOf":{"@id":"https:\/\/www.mundoagropecuario.cl\/new\/aproleche-triplica-su-aporte-como-sponsor-tras-ascenso-de-los-toros\/"},"author":{"name":"mundo","@id":"https:\/\/www.mundoagropecuario.cl\/new\/#\/schema\/person\/4e9f74a82a7dac260eb1c44b7eebeb18"},"headline":"Aproleche triplica su aporte como sponsor tras ascenso de &#8220;Los Toros&#8221;","datePublished":"2023-01-12T13:36:40+00:00","dateModified":"2023-01-20T15:11:24+00:00","mainEntityOfPage":{"@id":"https:\/\/www.mundoagropecuario.cl\/new\/aproleche-triplica-su-aporte-como-sponsor-tras-ascenso-de-los-toros\/"},"wordCount":667,"publisher":{"@id":"https:\/\/www.mundoagropecuario.cl\/new\/#organization"},"image":{"@id":"https:\/\/www.mundoagropecuario.cl\/new\/aproleche-triplica-su-aporte-como-sponsor-tras-ascenso-de-los-toros\/#primaryimage"},"thumbnailUrl":"https:\/\/www.mundoagropecuario.cl\/new\/wp-content\/uploads\/2023\/01\/Aproleche6.jpg","keywords":["Aproleche","Deportes Osorno","Lacteo","Leche","Marcos Winkler","productores","Provincial Osorno","sector lechero"],"articleSection":["L\u00e1cteos"],"inLanguage":"es"},{"@type":"WebPage","@id":"https:\/\/www.mundoagropecuario.cl\/new\/aproleche-triplica-su-aporte-como-sponsor-tras-ascenso-de-los-toros\/","url":"https:\/\/www.mundoagropecuario.cl\/new\/aproleche-triplica-su-aporte-como-sponsor-tras-ascenso-de-los-toros\/","name":"Aproleche triplica su aporte como sponsor tras ascenso de \"Los Toros\" - Mundoagropecuario","isPartOf":{"@id":"https:\/\/www.mundoagropecuario.cl\/new\/#website"},"primaryImageOfPage":{"@id":"https:\/\/www.mundoagropecuario.cl\/new\/aproleche-triplica-su-aporte-como-sponsor-tras-ascenso-de-los-toros\/#primaryimage"},"image":{"@id":"https:\/\/www.mundoagropecuario.cl\/new\/aproleche-triplica-su-aporte-como-sponsor-tras-ascenso-de-los-toros\/#primaryimage"},"thumbnailUrl":"https:\/\/www.mundoagropecuario.cl\/new\/wp-content\/uploads\/2023\/01\/Aproleche6.jpg","datePublished":"2023-01-12T13:36:40+00:00","dateModified":"2023-01-20T15:11:24+00:00","description":"Esta alianza permitir\u00e1 generar nuevas confianzas en las empresas de la regi\u00f3n, las cuales contin\u00faan sum\u00e1ndose a este importante proyecto.","breadcrumb":{"@id":"https:\/\/www.mundoagropecuario.cl\/new\/aproleche-triplica-su-aporte-como-sponsor-tras-ascenso-de-los-toros\/#breadcrumb"},"inLanguage":"es","potentialAction":[{"@type":"ReadAction","target":["https:\/\/www.mundoagropecuario.cl\/new\/aproleche-triplica-su-aporte-como-sponsor-tras-ascenso-de-los-toros\/"]}]},{"@type":"ImageObject","inLanguage":"es","@id":"https:\/\/www.mundoagropecuario.cl\/new\/aproleche-triplica-su-aporte-como-sponsor-tras-ascenso-de-los-toros\/#primaryimage","url":"https:\/\/www.mundoagropecuario.cl\/new\/wp-content\/uploads\/2023\/01\/Aproleche6.jpg","contentUrl":"https:\/\/www.mundoagropecuario.cl\/new\/wp-content\/uploads\/2023\/01\/Aproleche6.jpg","width":601,"height":400},{"@type":"BreadcrumbList","@id":"https:\/\/www.mundoagropecuario.cl\/new\/aproleche-triplica-su-aporte-como-sponsor-tras-ascenso-de-los-toros\/#breadcrumb","itemListElement":[{"@type":"ListItem","position":1,"name":"Portada","item":"https:\/\/www.mundoagropecuario.cl\/new\/"},{"@type":"ListItem","position":2,"name":"Aproleche triplica su aporte como sponsor tras ascenso de \u00abLos Toros\u00bb"}]},{"@type":"WebSite","@id":"https:\/\/www.mundoagropecuario.cl\/new\/#website","url":"https:\/\/www.mundoagropecuario.cl\/new\/","name":"Mundoagropecuario","description":"Mundo Agropecuario","publisher":{"@id":"https:\/\/www.mundoagropecuario.cl\/new\/#organization"},"potentialAction":[{"@type":"SearchAction","target":{"@type":"EntryPoint","urlTemplate":"https:\/\/www.mundoagropecuario.cl\/new\/?s={search_term_string}"},"query-input":{"@type":"PropertyValueSpecification","valueRequired":true,"valueName":"search_term_string"}}],"inLanguage":"es"},{"@type":"Organization","@id":"https:\/\/www.mundoagropecuario.cl\/new\/#organization","name":"Revista de Agricultura","url":"https:\/\/www.mundoagropecuario.cl\/new\/","logo":{"@type":"ImageObject","inLanguage":"es","@id":"https:\/\/www.mundoagropecuario.cl\/new\/#\/schema\/logo\/image\/","url":"https:\/\/www.mundoagropecuario.cl\/new\/wp-content\/uploads\/2020\/11\/PORTAL-1-1.png","contentUrl":"https:\/\/www.mundoagropecuario.cl\/new\/wp-content\/uploads\/2020\/11\/PORTAL-1-1.png","width":1026,"height":100,"caption":"Revista de Agricultura"},"image":{"@id":"https:\/\/www.mundoagropecuario.cl\/new\/#\/schema\/logo\/image\/"},"sameAs":["https:\/\/www.facebook.com\/mundo.agropecuario.3","https:\/\/x.com\/MundoAgropecuar","https:\/\/www.linkedin.com\/in\/mundo-agropecuario-934009201\/"]},{"@type":"Person","@id":"https:\/\/www.mundoagropecuario.cl\/new\/#\/schema\/person\/4e9f74a82a7dac260eb1c44b7eebeb18","name":"mundo","url":"https:\/\/www.mundoagropecuario.cl\/new\/author\/mundo\/"}]}},"_links":{"self":[{"href":"https:\/\/www.mundoagropecuario.cl\/new\/wp-json\/wp\/v2\/posts\/23607","targetHints":{"allow":["GET"]}}],"collection":[{"href":"https:\/\/www.mundoagropecuario.cl\/new\/wp-json\/wp\/v2\/posts"}],"about":[{"href":"https:\/\/www.mundoagropecuario.cl\/new\/wp-json\/wp\/v2\/types\/post"}],"author":[{"embeddable":true,"href":"https:\/\/www.mundoagropecuario.cl\/new\/wp-json\/wp\/v2\/users\/2"}],"replies":[{"embeddable":true,"href":"https:\/\/www.mundoagropecuario.cl\/new\/wp-json\/wp\/v2\/comments?post=23607"}],"version-history":[{"count":1,"href":"https:\/\/www.mundoagropecuario.cl\/new\/wp-json\/wp\/v2\/posts\/23607\/revisions"}],"predecessor-version":[{"id":23611,"href":"https:\/\/www.mundoagropecuario.cl\/new\/wp-json\/wp\/v2\/posts\/23607\/revisions\/23611"}],"wp:featuredmedia":[{"embeddable":true,"href":"https:\/\/www.mundoagropecuario.cl\/new\/wp-json\/wp\/v2\/media\/23610"}],"wp:attachment":[{"href":"https:\/\/www.mundoagropecuario.cl\/new\/wp-json\/wp\/v2\/media?parent=23607"}],"wp:term":[{"taxonomy":"category","embeddable":true,"href":"https:\/\/www.mundoagropecuario.cl\/new\/wp-json\/wp\/v2\/categories?post=23607"},{"taxonomy":"post_tag","embeddable":true,"href":"https:\/\/www.mundoagropecuario.cl\/new\/wp-json\/wp\/v2\/tags?post=23607"}],"curies":[{"name":"wp","href":"https:\/\/api.w.org\/{rel}","templated":true}]}}