{"id":23317,"date":"2022-11-18T12:29:02","date_gmt":"2022-11-18T15:29:02","guid":{"rendered":"https:\/\/www.mundoagropecuario.cl\/new\/?p=23317"},"modified":"2022-11-22T11:22:50","modified_gmt":"2022-11-22T14:22:50","slug":"apicultora-cultiva-miel-en-el-desierto-mas-arido-del-mundo","status":"publish","type":"post","link":"https:\/\/www.mundoagropecuario.cl\/new\/apicultora-cultiva-miel-en-el-desierto-mas-arido-del-mundo\/","title":{"rendered":"Apicultora cultiva miel en el desierto m\u00e1s \u00e1rido del mundo"},"content":{"rendered":"<blockquote>\n<h2><span style=\"color: #003300;\">Mar\u00eda Eliana Jofr\u00e9 se atrevi\u00f3 a innovar en el rubro ap\u00edcola creando su emprendimiento Pupa Miel, ubicado en la localidad de La Huayca, Regi\u00f3n de Tarapac\u00e1.<\/span><\/h2>\n<\/blockquote>\n<p>Si bien el norte de Chile no es una zona ap\u00edcola por sus condiciones clim\u00e1ticas m\u00e1s des\u00e9rticas, las abejas de Mar\u00eda Eliana Jofr\u00e9 tienen una condici\u00f3n especial, a diferencia de la mayor\u00eda que polinizan \u00e1rboles frutales, las de ella se encargan de polinizar tamarugos y algarrobos, especies nativas de la zona norte de Chile.<\/p>\n<p><a href=\"https:\/\/www.mundoagropecuario.cl\/new\/wp-content\/uploads\/2022\/11\/INIA-P3-scaled.jpg\"><img loading=\"lazy\" decoding=\"async\" class=\" wp-image-23318 alignright\" src=\"https:\/\/www.mundoagropecuario.cl\/new\/wp-content\/uploads\/2022\/11\/INIA-P3-586x440.jpg\" alt=\"\" width=\"497\" height=\"334\" \/><\/a>En su predio se ha preocupado de crear un ambiente \u00f3ptimo para el desarrollo de su actividad, permitiendo que las abejas cuenten con floraci\u00f3n durante todo el a\u00f1o. \u201cEsta es una miel especial. Tiene un sabor, un color y una textura diferente que otras mieles del pa\u00eds, porque nuestras abejas se alimentan especialmente durante la floraci\u00f3n de los tamarugos y algarrobos, \u00e1rboles centenarios que se nutren de agua de las vertientes subterr\u00e1neas del desierto, logrando, en el mes de octubre, una miel multifloral\u201d, se\u00f1al\u00f3 la apicultora.<\/p>\n<p>As\u00ed lo confirma la ingeniera forestal y directora regional de CONAF, Natalia Ortega. \u201cEn la Pampa del Tamarugal est\u00e1 la plantaci\u00f3n nativa m\u00e1s importante de Chile con una especie end\u00e9mica como el tamarugo, adem\u00e1s hay muchos algarrobos, ambas especies son muy importantes porque tienen doble floraci\u00f3n que se concentran principalmente en la \u00e9poca de septiembre a octubre y la otra en marzo, lo que permite mayor continuidad de poder alimentar con polen a estas abejas\u201d, afirm\u00f3.<\/p>\n<p>La emprendedora tambi\u00e9n diversific\u00f3 su oferta creando otros productos de la colmena como el polen, el prop\u00f3leo y las tinturas madre, que prepara ella misma. Las tinturas forman parte de su conocimiento ancestral para hacer remedios naturales en gotitas con las plantas medicinales nativas del desierto. Todo el proceso es org\u00e1nico y con respeto hac\u00eda la Pachamama.<\/p>\n<p><strong><span style=\"color: #003300;\">Apoyo estatal<\/span><\/strong><\/p>\n<p>Mar\u00eda Elena Jofr\u00e9 es una usuaria de INDAP y ha obtenido financiamiento p\u00fablico para proyectos como \u201cProducci\u00f3n animal, apicultura, equipamiento, c\u00e1mara de cr\u00eda\u201d, adem\u00e1s de asesor\u00edas especializadas, capacitaciones y acciones formativas. Tambi\u00e9n le otorgaron recursos para la construcci\u00f3n de una sala de proceso y capitales de operaci\u00f3n.<\/p>\n<p><a href=\"https:\/\/www.mundoagropecuario.cl\/new\/wp-content\/uploads\/2022\/11\/MIel-INIA-P5-scaled.jpg\"><img loading=\"lazy\" decoding=\"async\" class=\" wp-image-23319 alignleft\" src=\"https:\/\/www.mundoagropecuario.cl\/new\/wp-content\/uploads\/2022\/11\/MIel-INIA-P5-586x440.jpg\" alt=\"\" width=\"440\" height=\"418\" \/><\/a>\u201cComo Gobierno apoyamos estas iniciativas porque estamos conscientes de que las abejas son una de las criaturas m\u00e1s laboriosas del planeta y que benefician a la humanidad y el medio ambiente desde hace siglos. Adem\u00e1s, la apicultura es una actividad desarrollada por peque\u00f1os productores y productoras, que les permite tener una fuente de ingreso continua y adicional, sobre todo a las mujeres, para quienes tambi\u00e9n este trabajo se relaciona con la igualdad de g\u00e9nero que promueve nuestro Ministerio\u201d, se\u00f1al\u00f3 el subsecretario de Agricultura, Jos\u00e9 Guajardo Reyes.<\/p>\n<p>Para quienes quieran acercarse m\u00e1s al rubro ap\u00edcola la usuaria ofrece un tour guiado la \u201cRuta de la miel\u201d donde da conocer su actividad haciendo part\u00edcipe de las labores a los visitantes. Direcci\u00f3n: La Huayca, comuna de Pozo Almonte. Kil\u00f3metro 24 camino La Tirana, Pica.<\/p>\n","protected":false},"excerpt":{"rendered":"<p>El subsecretario de Agricultura, Jos\u00e9 Guajardo Reyes, visit\u00f3 la Pampa del Tamarugal para conocer y promover el desarrollo de la apicultura en esta zona del pa\u00eds.<\/p>\n","protected":false},"author":2,"featured_media":23320,"comment_status":"closed","ping_status":"closed","sticky":false,"template":"","format":"standard","meta":{"footnotes":""},"categories":[1945],"tags":[3127,2378,7600,7599,1992,7139,2232,7601],"class_list":["post-23317","post","type-post","status-publish","format-standard","has-post-thumbnail","hentry","category-agricultura","tag-agro","tag-apicola","tag-apicultora","tag-el-subsecretario-de-agricultura","tag-indap","tag-jose-guajardo-reyes","tag-miel","tag-pupa-miel"],"yoast_head":"<!-- This site is optimized with the Yoast SEO plugin v26.6 - https:\/\/yoast.com\/wordpress\/plugins\/seo\/ -->\n<title>Apicultora cultiva miel en el desierto m\u00e1s \u00e1rido del mundo - Mundoagropecuario<\/title>\n<meta name=\"description\" content=\"El subsecretario de Agricultura, visit\u00f3 la Pampa del Tamarugal para conocer y promover el desarrollo de la apicultura en esta zona del pa\u00eds.\" \/>\n<meta name=\"robots\" content=\"index, follow, max-snippet:-1, max-image-preview:large, max-video-preview:-1\" \/>\n<link rel=\"canonical\" href=\"https:\/\/www.mundoagropecuario.cl\/new\/apicultora-cultiva-miel-en-el-desierto-mas-arido-del-mundo\/\" \/>\n<meta property=\"og:locale\" content=\"es_ES\" \/>\n<meta property=\"og:type\" content=\"article\" \/>\n<meta property=\"og:title\" content=\"Apicultora cultiva miel en el desierto m\u00e1s \u00e1rido del mundo - Mundoagropecuario\" \/>\n<meta property=\"og:description\" content=\"El subsecretario de Agricultura, visit\u00f3 la Pampa del Tamarugal para conocer y promover el desarrollo de la apicultura en esta zona del pa\u00eds.\" \/>\n<meta property=\"og:url\" content=\"https:\/\/www.mundoagropecuario.cl\/new\/apicultora-cultiva-miel-en-el-desierto-mas-arido-del-mundo\/\" \/>\n<meta property=\"og:site_name\" content=\"Mundoagropecuario\" \/>\n<meta property=\"article:publisher\" content=\"https:\/\/www.facebook.com\/mundo.agropecuario.3\" \/>\n<meta property=\"article:published_time\" content=\"2022-11-18T15:29:02+00:00\" \/>\n<meta property=\"article:modified_time\" content=\"2022-11-22T14:22:50+00:00\" \/>\n<meta property=\"og:image\" content=\"https:\/\/www.mundoagropecuario.cl\/new\/wp-content\/uploads\/2022\/11\/PHOTO-2022-11-17-15-26-01-scaled.jpg\" \/>\n\t<meta property=\"og:image:width\" content=\"1024\" \/>\n\t<meta property=\"og:image:height\" content=\"768\" \/>\n\t<meta property=\"og:image:type\" content=\"image\/jpeg\" \/>\n<meta name=\"author\" content=\"mundo\" \/>\n<meta name=\"twitter:card\" content=\"summary_large_image\" \/>\n<meta name=\"twitter:creator\" content=\"@MundoAgropecuar\" \/>\n<meta name=\"twitter:site\" content=\"@MundoAgropecuar\" \/>\n<meta name=\"twitter:label1\" content=\"Escrito por\" \/>\n\t<meta name=\"twitter:data1\" content=\"mundo\" \/>\n\t<meta name=\"twitter:label2\" content=\"Tiempo de lectura\" \/>\n\t<meta name=\"twitter:data2\" content=\"3 minutos\" \/>\n<script type=\"application\/ld+json\" class=\"yoast-schema-graph\">{\"@context\":\"https:\/\/schema.org\",\"@graph\":[{\"@type\":\"Article\",\"@id\":\"https:\/\/www.mundoagropecuario.cl\/new\/apicultora-cultiva-miel-en-el-desierto-mas-arido-del-mundo\/#article\",\"isPartOf\":{\"@id\":\"https:\/\/www.mundoagropecuario.cl\/new\/apicultora-cultiva-miel-en-el-desierto-mas-arido-del-mundo\/\"},\"author\":{\"name\":\"mundo\",\"@id\":\"https:\/\/www.mundoagropecuario.cl\/new\/#\/schema\/person\/4e9f74a82a7dac260eb1c44b7eebeb18\"},\"headline\":\"Apicultora cultiva miel en el desierto m\u00e1s \u00e1rido del mundo\",\"datePublished\":\"2022-11-18T15:29:02+00:00\",\"dateModified\":\"2022-11-22T14:22:50+00:00\",\"mainEntityOfPage\":{\"@id\":\"https:\/\/www.mundoagropecuario.cl\/new\/apicultora-cultiva-miel-en-el-desierto-mas-arido-del-mundo\/\"},\"wordCount\":535,\"publisher\":{\"@id\":\"https:\/\/www.mundoagropecuario.cl\/new\/#organization\"},\"image\":{\"@id\":\"https:\/\/www.mundoagropecuario.cl\/new\/apicultora-cultiva-miel-en-el-desierto-mas-arido-del-mundo\/#primaryimage\"},\"thumbnailUrl\":\"https:\/\/www.mundoagropecuario.cl\/new\/wp-content\/uploads\/2022\/11\/PHOTO-2022-11-17-15-26-01-scaled.jpg\",\"keywords\":[\"Agro\",\"Ap\u00edcola\",\"Apicultora\",\"El subsecretario de Agricultura\",\"Indap\",\"Jos\u00e9 Guajardo Reyes\",\"Miel\",\"Pupa Miel\"],\"articleSection\":[\"Agricultura\"],\"inLanguage\":\"es\"},{\"@type\":\"WebPage\",\"@id\":\"https:\/\/www.mundoagropecuario.cl\/new\/apicultora-cultiva-miel-en-el-desierto-mas-arido-del-mundo\/\",\"url\":\"https:\/\/www.mundoagropecuario.cl\/new\/apicultora-cultiva-miel-en-el-desierto-mas-arido-del-mundo\/\",\"name\":\"Apicultora cultiva miel en el desierto m\u00e1s \u00e1rido del mundo - Mundoagropecuario\",\"isPartOf\":{\"@id\":\"https:\/\/www.mundoagropecuario.cl\/new\/#website\"},\"primaryImageOfPage\":{\"@id\":\"https:\/\/www.mundoagropecuario.cl\/new\/apicultora-cultiva-miel-en-el-desierto-mas-arido-del-mundo\/#primaryimage\"},\"image\":{\"@id\":\"https:\/\/www.mundoagropecuario.cl\/new\/apicultora-cultiva-miel-en-el-desierto-mas-arido-del-mundo\/#primaryimage\"},\"thumbnailUrl\":\"https:\/\/www.mundoagropecuario.cl\/new\/wp-content\/uploads\/2022\/11\/PHOTO-2022-11-17-15-26-01-scaled.jpg\",\"datePublished\":\"2022-11-18T15:29:02+00:00\",\"dateModified\":\"2022-11-22T14:22:50+00:00\",\"description\":\"El subsecretario de Agricultura, visit\u00f3 la Pampa del Tamarugal para conocer y promover el desarrollo de la apicultura en esta zona del pa\u00eds.\",\"breadcrumb\":{\"@id\":\"https:\/\/www.mundoagropecuario.cl\/new\/apicultora-cultiva-miel-en-el-desierto-mas-arido-del-mundo\/#breadcrumb\"},\"inLanguage\":\"es\",\"potentialAction\":[{\"@type\":\"ReadAction\",\"target\":[\"https:\/\/www.mundoagropecuario.cl\/new\/apicultora-cultiva-miel-en-el-desierto-mas-arido-del-mundo\/\"]}]},{\"@type\":\"ImageObject\",\"inLanguage\":\"es\",\"@id\":\"https:\/\/www.mundoagropecuario.cl\/new\/apicultora-cultiva-miel-en-el-desierto-mas-arido-del-mundo\/#primaryimage\",\"url\":\"https:\/\/www.mundoagropecuario.cl\/new\/wp-content\/uploads\/2022\/11\/PHOTO-2022-11-17-15-26-01-scaled.jpg\",\"contentUrl\":\"https:\/\/www.mundoagropecuario.cl\/new\/wp-content\/uploads\/2022\/11\/PHOTO-2022-11-17-15-26-01-scaled.jpg\",\"width\":533,\"height\":400},{\"@type\":\"BreadcrumbList\",\"@id\":\"https:\/\/www.mundoagropecuario.cl\/new\/apicultora-cultiva-miel-en-el-desierto-mas-arido-del-mundo\/#breadcrumb\",\"itemListElement\":[{\"@type\":\"ListItem\",\"position\":1,\"name\":\"Portada\",\"item\":\"https:\/\/www.mundoagropecuario.cl\/new\/\"},{\"@type\":\"ListItem\",\"position\":2,\"name\":\"Apicultora cultiva miel en el desierto m\u00e1s \u00e1rido del mundo\"}]},{\"@type\":\"WebSite\",\"@id\":\"https:\/\/www.mundoagropecuario.cl\/new\/#website\",\"url\":\"https:\/\/www.mundoagropecuario.cl\/new\/\",\"name\":\"Mundoagropecuario\",\"description\":\"Mundo Agropecuario\",\"publisher\":{\"@id\":\"https:\/\/www.mundoagropecuario.cl\/new\/#organization\"},\"potentialAction\":[{\"@type\":\"SearchAction\",\"target\":{\"@type\":\"EntryPoint\",\"urlTemplate\":\"https:\/\/www.mundoagropecuario.cl\/new\/?s={search_term_string}\"},\"query-input\":{\"@type\":\"PropertyValueSpecification\",\"valueRequired\":true,\"valueName\":\"search_term_string\"}}],\"inLanguage\":\"es\"},{\"@type\":\"Organization\",\"@id\":\"https:\/\/www.mundoagropecuario.cl\/new\/#organization\",\"name\":\"Revista de Agricultura\",\"url\":\"https:\/\/www.mundoagropecuario.cl\/new\/\",\"logo\":{\"@type\":\"ImageObject\",\"inLanguage\":\"es\",\"@id\":\"https:\/\/www.mundoagropecuario.cl\/new\/#\/schema\/logo\/image\/\",\"url\":\"https:\/\/www.mundoagropecuario.cl\/new\/wp-content\/uploads\/2020\/11\/PORTAL-1-1.png\",\"contentUrl\":\"https:\/\/www.mundoagropecuario.cl\/new\/wp-content\/uploads\/2020\/11\/PORTAL-1-1.png\",\"width\":1026,\"height\":100,\"caption\":\"Revista de Agricultura\"},\"image\":{\"@id\":\"https:\/\/www.mundoagropecuario.cl\/new\/#\/schema\/logo\/image\/\"},\"sameAs\":[\"https:\/\/www.facebook.com\/mundo.agropecuario.3\",\"https:\/\/x.com\/MundoAgropecuar\",\"https:\/\/www.linkedin.com\/in\/mundo-agropecuario-934009201\/\"]},{\"@type\":\"Person\",\"@id\":\"https:\/\/www.mundoagropecuario.cl\/new\/#\/schema\/person\/4e9f74a82a7dac260eb1c44b7eebeb18\",\"name\":\"mundo\",\"url\":\"https:\/\/www.mundoagropecuario.cl\/new\/author\/mundo\/\"}]}<\/script>\n<!-- \/ Yoast SEO plugin. -->","yoast_head_json":{"title":"Apicultora cultiva miel en el desierto m\u00e1s \u00e1rido del mundo - Mundoagropecuario","description":"El subsecretario de Agricultura, visit\u00f3 la Pampa del Tamarugal para conocer y promover el desarrollo de la apicultura en esta zona del pa\u00eds.","robots":{"index":"index","follow":"follow","max-snippet":"max-snippet:-1","max-image-preview":"max-image-preview:large","max-video-preview":"max-video-preview:-1"},"canonical":"https:\/\/www.mundoagropecuario.cl\/new\/apicultora-cultiva-miel-en-el-desierto-mas-arido-del-mundo\/","og_locale":"es_ES","og_type":"article","og_title":"Apicultora cultiva miel en el desierto m\u00e1s \u00e1rido del mundo - Mundoagropecuario","og_description":"El subsecretario de Agricultura, visit\u00f3 la Pampa del Tamarugal para conocer y promover el desarrollo de la apicultura en esta zona del pa\u00eds.","og_url":"https:\/\/www.mundoagropecuario.cl\/new\/apicultora-cultiva-miel-en-el-desierto-mas-arido-del-mundo\/","og_site_name":"Mundoagropecuario","article_publisher":"https:\/\/www.facebook.com\/mundo.agropecuario.3","article_published_time":"2022-11-18T15:29:02+00:00","article_modified_time":"2022-11-22T14:22:50+00:00","og_image":[{"width":1024,"height":768,"url":"https:\/\/www.mundoagropecuario.cl\/new\/wp-content\/uploads\/2022\/11\/PHOTO-2022-11-17-15-26-01-scaled.jpg","type":"image\/jpeg"}],"author":"mundo","twitter_card":"summary_large_image","twitter_creator":"@MundoAgropecuar","twitter_site":"@MundoAgropecuar","twitter_misc":{"Escrito por":"mundo","Tiempo de lectura":"3 minutos"},"schema":{"@context":"https:\/\/schema.org","@graph":[{"@type":"Article","@id":"https:\/\/www.mundoagropecuario.cl\/new\/apicultora-cultiva-miel-en-el-desierto-mas-arido-del-mundo\/#article","isPartOf":{"@id":"https:\/\/www.mundoagropecuario.cl\/new\/apicultora-cultiva-miel-en-el-desierto-mas-arido-del-mundo\/"},"author":{"name":"mundo","@id":"https:\/\/www.mundoagropecuario.cl\/new\/#\/schema\/person\/4e9f74a82a7dac260eb1c44b7eebeb18"},"headline":"Apicultora cultiva miel en el desierto m\u00e1s \u00e1rido del mundo","datePublished":"2022-11-18T15:29:02+00:00","dateModified":"2022-11-22T14:22:50+00:00","mainEntityOfPage":{"@id":"https:\/\/www.mundoagropecuario.cl\/new\/apicultora-cultiva-miel-en-el-desierto-mas-arido-del-mundo\/"},"wordCount":535,"publisher":{"@id":"https:\/\/www.mundoagropecuario.cl\/new\/#organization"},"image":{"@id":"https:\/\/www.mundoagropecuario.cl\/new\/apicultora-cultiva-miel-en-el-desierto-mas-arido-del-mundo\/#primaryimage"},"thumbnailUrl":"https:\/\/www.mundoagropecuario.cl\/new\/wp-content\/uploads\/2022\/11\/PHOTO-2022-11-17-15-26-01-scaled.jpg","keywords":["Agro","Ap\u00edcola","Apicultora","El subsecretario de Agricultura","Indap","Jos\u00e9 Guajardo Reyes","Miel","Pupa Miel"],"articleSection":["Agricultura"],"inLanguage":"es"},{"@type":"WebPage","@id":"https:\/\/www.mundoagropecuario.cl\/new\/apicultora-cultiva-miel-en-el-desierto-mas-arido-del-mundo\/","url":"https:\/\/www.mundoagropecuario.cl\/new\/apicultora-cultiva-miel-en-el-desierto-mas-arido-del-mundo\/","name":"Apicultora cultiva miel en el desierto m\u00e1s \u00e1rido del mundo - Mundoagropecuario","isPartOf":{"@id":"https:\/\/www.mundoagropecuario.cl\/new\/#website"},"primaryImageOfPage":{"@id":"https:\/\/www.mundoagropecuario.cl\/new\/apicultora-cultiva-miel-en-el-desierto-mas-arido-del-mundo\/#primaryimage"},"image":{"@id":"https:\/\/www.mundoagropecuario.cl\/new\/apicultora-cultiva-miel-en-el-desierto-mas-arido-del-mundo\/#primaryimage"},"thumbnailUrl":"https:\/\/www.mundoagropecuario.cl\/new\/wp-content\/uploads\/2022\/11\/PHOTO-2022-11-17-15-26-01-scaled.jpg","datePublished":"2022-11-18T15:29:02+00:00","dateModified":"2022-11-22T14:22:50+00:00","description":"El subsecretario de Agricultura, visit\u00f3 la Pampa del Tamarugal para conocer y promover el desarrollo de la apicultura en esta zona del pa\u00eds.","breadcrumb":{"@id":"https:\/\/www.mundoagropecuario.cl\/new\/apicultora-cultiva-miel-en-el-desierto-mas-arido-del-mundo\/#breadcrumb"},"inLanguage":"es","potentialAction":[{"@type":"ReadAction","target":["https:\/\/www.mundoagropecuario.cl\/new\/apicultora-cultiva-miel-en-el-desierto-mas-arido-del-mundo\/"]}]},{"@type":"ImageObject","inLanguage":"es","@id":"https:\/\/www.mundoagropecuario.cl\/new\/apicultora-cultiva-miel-en-el-desierto-mas-arido-del-mundo\/#primaryimage","url":"https:\/\/www.mundoagropecuario.cl\/new\/wp-content\/uploads\/2022\/11\/PHOTO-2022-11-17-15-26-01-scaled.jpg","contentUrl":"https:\/\/www.mundoagropecuario.cl\/new\/wp-content\/uploads\/2022\/11\/PHOTO-2022-11-17-15-26-01-scaled.jpg","width":533,"height":400},{"@type":"BreadcrumbList","@id":"https:\/\/www.mundoagropecuario.cl\/new\/apicultora-cultiva-miel-en-el-desierto-mas-arido-del-mundo\/#breadcrumb","itemListElement":[{"@type":"ListItem","position":1,"name":"Portada","item":"https:\/\/www.mundoagropecuario.cl\/new\/"},{"@type":"ListItem","position":2,"name":"Apicultora cultiva miel en el desierto m\u00e1s \u00e1rido del mundo"}]},{"@type":"WebSite","@id":"https:\/\/www.mundoagropecuario.cl\/new\/#website","url":"https:\/\/www.mundoagropecuario.cl\/new\/","name":"Mundoagropecuario","description":"Mundo Agropecuario","publisher":{"@id":"https:\/\/www.mundoagropecuario.cl\/new\/#organization"},"potentialAction":[{"@type":"SearchAction","target":{"@type":"EntryPoint","urlTemplate":"https:\/\/www.mundoagropecuario.cl\/new\/?s={search_term_string}"},"query-input":{"@type":"PropertyValueSpecification","valueRequired":true,"valueName":"search_term_string"}}],"inLanguage":"es"},{"@type":"Organization","@id":"https:\/\/www.mundoagropecuario.cl\/new\/#organization","name":"Revista de Agricultura","url":"https:\/\/www.mundoagropecuario.cl\/new\/","logo":{"@type":"ImageObject","inLanguage":"es","@id":"https:\/\/www.mundoagropecuario.cl\/new\/#\/schema\/logo\/image\/","url":"https:\/\/www.mundoagropecuario.cl\/new\/wp-content\/uploads\/2020\/11\/PORTAL-1-1.png","contentUrl":"https:\/\/www.mundoagropecuario.cl\/new\/wp-content\/uploads\/2020\/11\/PORTAL-1-1.png","width":1026,"height":100,"caption":"Revista de Agricultura"},"image":{"@id":"https:\/\/www.mundoagropecuario.cl\/new\/#\/schema\/logo\/image\/"},"sameAs":["https:\/\/www.facebook.com\/mundo.agropecuario.3","https:\/\/x.com\/MundoAgropecuar","https:\/\/www.linkedin.com\/in\/mundo-agropecuario-934009201\/"]},{"@type":"Person","@id":"https:\/\/www.mundoagropecuario.cl\/new\/#\/schema\/person\/4e9f74a82a7dac260eb1c44b7eebeb18","name":"mundo","url":"https:\/\/www.mundoagropecuario.cl\/new\/author\/mundo\/"}]}},"_links":{"self":[{"href":"https:\/\/www.mundoagropecuario.cl\/new\/wp-json\/wp\/v2\/posts\/23317","targetHints":{"allow":["GET"]}}],"collection":[{"href":"https:\/\/www.mundoagropecuario.cl\/new\/wp-json\/wp\/v2\/posts"}],"about":[{"href":"https:\/\/www.mundoagropecuario.cl\/new\/wp-json\/wp\/v2\/types\/post"}],"author":[{"embeddable":true,"href":"https:\/\/www.mundoagropecuario.cl\/new\/wp-json\/wp\/v2\/users\/2"}],"replies":[{"embeddable":true,"href":"https:\/\/www.mundoagropecuario.cl\/new\/wp-json\/wp\/v2\/comments?post=23317"}],"version-history":[{"count":1,"href":"https:\/\/www.mundoagropecuario.cl\/new\/wp-json\/wp\/v2\/posts\/23317\/revisions"}],"predecessor-version":[{"id":23321,"href":"https:\/\/www.mundoagropecuario.cl\/new\/wp-json\/wp\/v2\/posts\/23317\/revisions\/23321"}],"wp:featuredmedia":[{"embeddable":true,"href":"https:\/\/www.mundoagropecuario.cl\/new\/wp-json\/wp\/v2\/media\/23320"}],"wp:attachment":[{"href":"https:\/\/www.mundoagropecuario.cl\/new\/wp-json\/wp\/v2\/media?parent=23317"}],"wp:term":[{"taxonomy":"category","embeddable":true,"href":"https:\/\/www.mundoagropecuario.cl\/new\/wp-json\/wp\/v2\/categories?post=23317"},{"taxonomy":"post_tag","embeddable":true,"href":"https:\/\/www.mundoagropecuario.cl\/new\/wp-json\/wp\/v2\/tags?post=23317"}],"curies":[{"name":"wp","href":"https:\/\/api.w.org\/{rel}","templated":true}]}}