{"id":23306,"date":"2022-11-17T12:11:38","date_gmt":"2022-11-17T15:11:38","guid":{"rendered":"https:\/\/www.mundoagropecuario.cl\/new\/?p=23306"},"modified":"2022-11-21T12:09:28","modified_gmt":"2022-11-21T15:09:28","slug":"sag-y-carabineros-firman-convenio-de-colaboracion-para-fortalecer-controles-fronterizos","status":"publish","type":"post","link":"https:\/\/www.mundoagropecuario.cl\/new\/sag-y-carabineros-firman-convenio-de-colaboracion-para-fortalecer-controles-fronterizos\/","title":{"rendered":"SAG y Carabineros firman convenio de colaboraci\u00f3n para fortalecer controles fronterizos\u00a0"},"content":{"rendered":"<blockquote>\n<h2><span style=\"color: #003300;\">Iniciativa busca incrementar fiscalizaciones y controles para evitar el ingreso de personas, equipajes, animales, mercader\u00edas y medios de transporte ilegal.\u00a0<\/span><\/h2>\n<\/blockquote>\n<p>En una actividad encabezada por el ministro de Agricultura, Esteban Valenzuela; la Jefa Zona Fronteras y Servicios Especiales de Carabineros de Chile, general Patricia V\u00e1squez, y la Directora Nacional (s) del Servicio Agr\u00edcola y Ganadero (SAG), Andrea Collao, se concret\u00f3 la firma del convenio de cooperaci\u00f3n entre Carabineros y el\u00a0 servicio, el que tiene como finalidad potenciar el trabajo conjunto entre ambas instituciones en diversas tareas de fiscalizaci\u00f3n con el fin de resguardar la soberan\u00eda, la sanidad de nuestra agricultura y la seguridad alimentaria de nuestro pa\u00eds.<\/p>\n<p><a href=\"https:\/\/www.mundoagropecuario.cl\/new\/wp-content\/uploads\/2022\/11\/Ministro-Valenzuela-SAG-5-scaled.jpeg\"><img loading=\"lazy\" decoding=\"async\" class=\" wp-image-23309 alignleft\" src=\"https:\/\/www.mundoagropecuario.cl\/new\/wp-content\/uploads\/2022\/11\/Ministro-Valenzuela-SAG-5-586x390.jpeg\" alt=\"\" width=\"455\" height=\"353\" \/><\/a>Algunos de los aspectos incluidos en el acuerdo son las acciones de control y fiscalizaci\u00f3n que efect\u00faa el SAG, en los pasos fronterizos habilitados, donde Carabineros puede prestar apoyo, as\u00ed como el patrullaje que realiza la polic\u00eda uniformada por s\u00ed sola o en conjunto con personal SAG en forma coordinada, para prevenir el ingreso clandestino de productos silvoagropecuarios procedentes de otros pa\u00edses a trav\u00e9s de pasos fronterizos no habilitados, ya que adem\u00e1s de no cumplir con la normativa vigente, podr\u00edan portar plagas y enfermedades vegetales o animales de los cuales Chile est\u00e1 libre.<\/p>\n<p>El ministro Esteban Valenzuela se\u00f1al\u00f3 que \u201ccon este convenio queremos optimizar la informaci\u00f3n, la colaboraci\u00f3n en personal en numerosos pasos fronterizos que se est\u00e1n reactivando post pandemia y que estaban algunos sin vigilancia (\u2026) Esto va a obligar a Carabineros y al SAG a optimizar infraestructura f\u00edsica, trabajo de personal, protocolos y recursos log\u00edsticos para hacer lo m\u00e1ximo en combatir el flagelo que son los productos il\u00edcitos. Esto es fundamental para la seguridad estrat\u00e9gica de Chile, la seguridad alimentaria de los productos que ingresan al pa\u00eds y descubrir a todas las personas que buscan ingresar productos alimentarios, maderas que no est\u00e1n tratadas, semillas\u201d.<\/p>\n<p><a href=\"https:\/\/www.mundoagropecuario.cl\/new\/wp-content\/uploads\/2022\/11\/Ministro-Valenzuela-SAG-1-scaled.jpeg\"><img loading=\"lazy\" decoding=\"async\" class=\" wp-image-23307 alignright\" src=\"https:\/\/www.mundoagropecuario.cl\/new\/wp-content\/uploads\/2022\/11\/Ministro-Valenzuela-SAG-1-586x390.jpeg\" alt=\"\" width=\"514\" height=\"367\" \/><\/a>Por su parte, la General Patricia V\u00e1squez se refiri\u00f3 a la importancia de este tipo de convenios, destacando que el trabajo que realiza Carabineros en la frontera abarca sectores aislados y de dif\u00edcil acceso, donde se reforzar\u00e1 la labor preventiva y de control para evitar situaciones irregulares que incumplan con la normativa.\u00a0 \u201cNuestro General Director ha puesto toda la capacidad operativa para colaborar en este convenio. Los Carabineros ser\u00e1n instruidos por el Servicio Agr\u00edcola Ganadero para desarrollar labores fronterizas efectivas y prevenir el ingreso ilegal de productos silvoagropecuarios por el norte del pa\u00eds\u201d, expres\u00f3 la general V\u00e1squez.<\/p>\n<p>Para que Carabineros pueda apoyar de mejor manera estas labores, el SAG ofrecer\u00e1 a trav\u00e9s de su Academia de formaci\u00f3n, capacitaci\u00f3n bajo la modalidad e-learning a la polic\u00eda uniformada que apoyar\u00e1 en las labores de fiscalizaci\u00f3n, en un curso que abordar\u00e1 materias relacionadas con la normativa y con los procedimientos aplicados por el SAG tanto en frontera como en el territorio. Esta metodolog\u00eda de capacitaci\u00f3n permitir\u00e1 que participen de ella funcionarios de Carabineros de todo el pa\u00eds.<\/p>\n","protected":false},"excerpt":{"rendered":"<p>Para que Carabineros pueda apoyar de mejor manera estas labores, el SAG ofrecer\u00e1 a trav\u00e9s de su Academia de formaci\u00f3n, capacitaci\u00f3n bajo la modalidad e-learning a la polic\u00eda uniformada.<\/p>\n","protected":false},"author":2,"featured_media":23308,"comment_status":"closed","ping_status":"closed","sticky":false,"template":"","format":"standard","meta":{"footnotes":""},"categories":[1945],"tags":[2090,3127,508,7596,7597,2036,7598],"class_list":["post-23306","post","type-post","status-publish","format-standard","has-post-thumbnail","hentry","category-agricultura","tag-agricultura","tag-agro","tag-carabineros","tag-controles-fronterizos","tag-general-patricia-vasquez","tag-sag","tag-sag-y-carabineros"],"yoast_head":"<!-- This site is optimized with the Yoast SEO plugin v26.6 - https:\/\/yoast.com\/wordpress\/plugins\/seo\/ -->\n<title>SAG y Carabineros firman convenio de colaboraci\u00f3n para fortalecer controles fronterizos\u00a0 - Mundoagropecuario<\/title>\n<meta name=\"description\" content=\"Para que Carabineros pueda apoyar de mejor manera estas labores, el SAG ofrecer\u00e1 a trav\u00e9s de su Academia de formaci\u00f3n, capacitaci\u00f3n.\" \/>\n<meta name=\"robots\" content=\"index, follow, max-snippet:-1, max-image-preview:large, max-video-preview:-1\" \/>\n<link rel=\"canonical\" href=\"https:\/\/www.mundoagropecuario.cl\/new\/sag-y-carabineros-firman-convenio-de-colaboracion-para-fortalecer-controles-fronterizos\/\" \/>\n<meta property=\"og:locale\" content=\"es_ES\" \/>\n<meta property=\"og:type\" content=\"article\" \/>\n<meta property=\"og:title\" content=\"SAG y Carabineros firman convenio de colaboraci\u00f3n para fortalecer controles fronterizos\u00a0 - Mundoagropecuario\" \/>\n<meta property=\"og:description\" content=\"Para que Carabineros pueda apoyar de mejor manera estas labores, el SAG ofrecer\u00e1 a trav\u00e9s de su Academia de formaci\u00f3n, capacitaci\u00f3n.\" \/>\n<meta property=\"og:url\" content=\"https:\/\/www.mundoagropecuario.cl\/new\/sag-y-carabineros-firman-convenio-de-colaboracion-para-fortalecer-controles-fronterizos\/\" \/>\n<meta property=\"og:site_name\" content=\"Mundoagropecuario\" \/>\n<meta property=\"article:publisher\" content=\"https:\/\/www.facebook.com\/mundo.agropecuario.3\" \/>\n<meta property=\"article:published_time\" content=\"2022-11-17T15:11:38+00:00\" \/>\n<meta property=\"article:modified_time\" content=\"2022-11-21T15:09:28+00:00\" \/>\n<meta property=\"og:image\" content=\"https:\/\/www.mundoagropecuario.cl\/new\/wp-content\/uploads\/2022\/11\/Ministro-Valenzuela-SAG-3-scaled.jpeg\" \/>\n\t<meta property=\"og:image:width\" content=\"1024\" \/>\n\t<meta property=\"og:image:height\" content=\"700\" \/>\n\t<meta property=\"og:image:type\" content=\"image\/jpeg\" \/>\n<meta name=\"author\" content=\"mundo\" \/>\n<meta name=\"twitter:card\" content=\"summary_large_image\" \/>\n<meta name=\"twitter:creator\" content=\"@MundoAgropecuar\" \/>\n<meta name=\"twitter:site\" content=\"@MundoAgropecuar\" \/>\n<meta name=\"twitter:label1\" content=\"Escrito por\" \/>\n\t<meta name=\"twitter:data1\" content=\"mundo\" \/>\n\t<meta name=\"twitter:label2\" content=\"Tiempo de lectura\" \/>\n\t<meta name=\"twitter:data2\" content=\"3 minutos\" \/>\n<script type=\"application\/ld+json\" class=\"yoast-schema-graph\">{\"@context\":\"https:\/\/schema.org\",\"@graph\":[{\"@type\":\"Article\",\"@id\":\"https:\/\/www.mundoagropecuario.cl\/new\/sag-y-carabineros-firman-convenio-de-colaboracion-para-fortalecer-controles-fronterizos\/#article\",\"isPartOf\":{\"@id\":\"https:\/\/www.mundoagropecuario.cl\/new\/sag-y-carabineros-firman-convenio-de-colaboracion-para-fortalecer-controles-fronterizos\/\"},\"author\":{\"name\":\"mundo\",\"@id\":\"https:\/\/www.mundoagropecuario.cl\/new\/#\/schema\/person\/4e9f74a82a7dac260eb1c44b7eebeb18\"},\"headline\":\"SAG y Carabineros firman convenio de colaboraci\u00f3n para fortalecer controles fronterizos\u00a0\",\"datePublished\":\"2022-11-17T15:11:38+00:00\",\"dateModified\":\"2022-11-21T15:09:28+00:00\",\"mainEntityOfPage\":{\"@id\":\"https:\/\/www.mundoagropecuario.cl\/new\/sag-y-carabineros-firman-convenio-de-colaboracion-para-fortalecer-controles-fronterizos\/\"},\"wordCount\":527,\"publisher\":{\"@id\":\"https:\/\/www.mundoagropecuario.cl\/new\/#organization\"},\"image\":{\"@id\":\"https:\/\/www.mundoagropecuario.cl\/new\/sag-y-carabineros-firman-convenio-de-colaboracion-para-fortalecer-controles-fronterizos\/#primaryimage\"},\"thumbnailUrl\":\"https:\/\/www.mundoagropecuario.cl\/new\/wp-content\/uploads\/2022\/11\/Ministro-Valenzuela-SAG-3-scaled.jpeg\",\"keywords\":[\"Agricultura\",\"Agro\",\"Carabineros\",\"controles fronterizos\",\"General Patricia V\u00e1squez\",\"SAG\",\"SAG y Carabineros\"],\"articleSection\":[\"Agricultura\"],\"inLanguage\":\"es\"},{\"@type\":\"WebPage\",\"@id\":\"https:\/\/www.mundoagropecuario.cl\/new\/sag-y-carabineros-firman-convenio-de-colaboracion-para-fortalecer-controles-fronterizos\/\",\"url\":\"https:\/\/www.mundoagropecuario.cl\/new\/sag-y-carabineros-firman-convenio-de-colaboracion-para-fortalecer-controles-fronterizos\/\",\"name\":\"SAG y Carabineros firman convenio de colaboraci\u00f3n para fortalecer controles fronterizos\u00a0 - Mundoagropecuario\",\"isPartOf\":{\"@id\":\"https:\/\/www.mundoagropecuario.cl\/new\/#website\"},\"primaryImageOfPage\":{\"@id\":\"https:\/\/www.mundoagropecuario.cl\/new\/sag-y-carabineros-firman-convenio-de-colaboracion-para-fortalecer-controles-fronterizos\/#primaryimage\"},\"image\":{\"@id\":\"https:\/\/www.mundoagropecuario.cl\/new\/sag-y-carabineros-firman-convenio-de-colaboracion-para-fortalecer-controles-fronterizos\/#primaryimage\"},\"thumbnailUrl\":\"https:\/\/www.mundoagropecuario.cl\/new\/wp-content\/uploads\/2022\/11\/Ministro-Valenzuela-SAG-3-scaled.jpeg\",\"datePublished\":\"2022-11-17T15:11:38+00:00\",\"dateModified\":\"2022-11-21T15:09:28+00:00\",\"description\":\"Para que Carabineros pueda apoyar de mejor manera estas labores, el SAG ofrecer\u00e1 a trav\u00e9s de su Academia de formaci\u00f3n, capacitaci\u00f3n.\",\"breadcrumb\":{\"@id\":\"https:\/\/www.mundoagropecuario.cl\/new\/sag-y-carabineros-firman-convenio-de-colaboracion-para-fortalecer-controles-fronterizos\/#breadcrumb\"},\"inLanguage\":\"es\",\"potentialAction\":[{\"@type\":\"ReadAction\",\"target\":[\"https:\/\/www.mundoagropecuario.cl\/new\/sag-y-carabineros-firman-convenio-de-colaboracion-para-fortalecer-controles-fronterizos\/\"]}]},{\"@type\":\"ImageObject\",\"inLanguage\":\"es\",\"@id\":\"https:\/\/www.mundoagropecuario.cl\/new\/sag-y-carabineros-firman-convenio-de-colaboracion-para-fortalecer-controles-fronterizos\/#primaryimage\",\"url\":\"https:\/\/www.mundoagropecuario.cl\/new\/wp-content\/uploads\/2022\/11\/Ministro-Valenzuela-SAG-3-scaled.jpeg\",\"contentUrl\":\"https:\/\/www.mundoagropecuario.cl\/new\/wp-content\/uploads\/2022\/11\/Ministro-Valenzuela-SAG-3-scaled.jpeg\",\"width\":585,\"height\":400},{\"@type\":\"BreadcrumbList\",\"@id\":\"https:\/\/www.mundoagropecuario.cl\/new\/sag-y-carabineros-firman-convenio-de-colaboracion-para-fortalecer-controles-fronterizos\/#breadcrumb\",\"itemListElement\":[{\"@type\":\"ListItem\",\"position\":1,\"name\":\"Portada\",\"item\":\"https:\/\/www.mundoagropecuario.cl\/new\/\"},{\"@type\":\"ListItem\",\"position\":2,\"name\":\"SAG y Carabineros firman convenio de colaboraci\u00f3n para fortalecer controles fronterizos\u00a0\"}]},{\"@type\":\"WebSite\",\"@id\":\"https:\/\/www.mundoagropecuario.cl\/new\/#website\",\"url\":\"https:\/\/www.mundoagropecuario.cl\/new\/\",\"name\":\"Mundoagropecuario\",\"description\":\"Mundo Agropecuario\",\"publisher\":{\"@id\":\"https:\/\/www.mundoagropecuario.cl\/new\/#organization\"},\"potentialAction\":[{\"@type\":\"SearchAction\",\"target\":{\"@type\":\"EntryPoint\",\"urlTemplate\":\"https:\/\/www.mundoagropecuario.cl\/new\/?s={search_term_string}\"},\"query-input\":{\"@type\":\"PropertyValueSpecification\",\"valueRequired\":true,\"valueName\":\"search_term_string\"}}],\"inLanguage\":\"es\"},{\"@type\":\"Organization\",\"@id\":\"https:\/\/www.mundoagropecuario.cl\/new\/#organization\",\"name\":\"Revista de Agricultura\",\"url\":\"https:\/\/www.mundoagropecuario.cl\/new\/\",\"logo\":{\"@type\":\"ImageObject\",\"inLanguage\":\"es\",\"@id\":\"https:\/\/www.mundoagropecuario.cl\/new\/#\/schema\/logo\/image\/\",\"url\":\"https:\/\/www.mundoagropecuario.cl\/new\/wp-content\/uploads\/2020\/11\/PORTAL-1-1.png\",\"contentUrl\":\"https:\/\/www.mundoagropecuario.cl\/new\/wp-content\/uploads\/2020\/11\/PORTAL-1-1.png\",\"width\":1026,\"height\":100,\"caption\":\"Revista de Agricultura\"},\"image\":{\"@id\":\"https:\/\/www.mundoagropecuario.cl\/new\/#\/schema\/logo\/image\/\"},\"sameAs\":[\"https:\/\/www.facebook.com\/mundo.agropecuario.3\",\"https:\/\/x.com\/MundoAgropecuar\",\"https:\/\/www.linkedin.com\/in\/mundo-agropecuario-934009201\/\"]},{\"@type\":\"Person\",\"@id\":\"https:\/\/www.mundoagropecuario.cl\/new\/#\/schema\/person\/4e9f74a82a7dac260eb1c44b7eebeb18\",\"name\":\"mundo\",\"url\":\"https:\/\/www.mundoagropecuario.cl\/new\/author\/mundo\/\"}]}<\/script>\n<!-- \/ Yoast SEO plugin. -->","yoast_head_json":{"title":"SAG y Carabineros firman convenio de colaboraci\u00f3n para fortalecer controles fronterizos\u00a0 - Mundoagropecuario","description":"Para que Carabineros pueda apoyar de mejor manera estas labores, el SAG ofrecer\u00e1 a trav\u00e9s de su Academia de formaci\u00f3n, capacitaci\u00f3n.","robots":{"index":"index","follow":"follow","max-snippet":"max-snippet:-1","max-image-preview":"max-image-preview:large","max-video-preview":"max-video-preview:-1"},"canonical":"https:\/\/www.mundoagropecuario.cl\/new\/sag-y-carabineros-firman-convenio-de-colaboracion-para-fortalecer-controles-fronterizos\/","og_locale":"es_ES","og_type":"article","og_title":"SAG y Carabineros firman convenio de colaboraci\u00f3n para fortalecer controles fronterizos\u00a0 - Mundoagropecuario","og_description":"Para que Carabineros pueda apoyar de mejor manera estas labores, el SAG ofrecer\u00e1 a trav\u00e9s de su Academia de formaci\u00f3n, capacitaci\u00f3n.","og_url":"https:\/\/www.mundoagropecuario.cl\/new\/sag-y-carabineros-firman-convenio-de-colaboracion-para-fortalecer-controles-fronterizos\/","og_site_name":"Mundoagropecuario","article_publisher":"https:\/\/www.facebook.com\/mundo.agropecuario.3","article_published_time":"2022-11-17T15:11:38+00:00","article_modified_time":"2022-11-21T15:09:28+00:00","og_image":[{"width":1024,"height":700,"url":"https:\/\/www.mundoagropecuario.cl\/new\/wp-content\/uploads\/2022\/11\/Ministro-Valenzuela-SAG-3-scaled.jpeg","type":"image\/jpeg"}],"author":"mundo","twitter_card":"summary_large_image","twitter_creator":"@MundoAgropecuar","twitter_site":"@MundoAgropecuar","twitter_misc":{"Escrito por":"mundo","Tiempo de lectura":"3 minutos"},"schema":{"@context":"https:\/\/schema.org","@graph":[{"@type":"Article","@id":"https:\/\/www.mundoagropecuario.cl\/new\/sag-y-carabineros-firman-convenio-de-colaboracion-para-fortalecer-controles-fronterizos\/#article","isPartOf":{"@id":"https:\/\/www.mundoagropecuario.cl\/new\/sag-y-carabineros-firman-convenio-de-colaboracion-para-fortalecer-controles-fronterizos\/"},"author":{"name":"mundo","@id":"https:\/\/www.mundoagropecuario.cl\/new\/#\/schema\/person\/4e9f74a82a7dac260eb1c44b7eebeb18"},"headline":"SAG y Carabineros firman convenio de colaboraci\u00f3n para fortalecer controles fronterizos\u00a0","datePublished":"2022-11-17T15:11:38+00:00","dateModified":"2022-11-21T15:09:28+00:00","mainEntityOfPage":{"@id":"https:\/\/www.mundoagropecuario.cl\/new\/sag-y-carabineros-firman-convenio-de-colaboracion-para-fortalecer-controles-fronterizos\/"},"wordCount":527,"publisher":{"@id":"https:\/\/www.mundoagropecuario.cl\/new\/#organization"},"image":{"@id":"https:\/\/www.mundoagropecuario.cl\/new\/sag-y-carabineros-firman-convenio-de-colaboracion-para-fortalecer-controles-fronterizos\/#primaryimage"},"thumbnailUrl":"https:\/\/www.mundoagropecuario.cl\/new\/wp-content\/uploads\/2022\/11\/Ministro-Valenzuela-SAG-3-scaled.jpeg","keywords":["Agricultura","Agro","Carabineros","controles fronterizos","General Patricia V\u00e1squez","SAG","SAG y Carabineros"],"articleSection":["Agricultura"],"inLanguage":"es"},{"@type":"WebPage","@id":"https:\/\/www.mundoagropecuario.cl\/new\/sag-y-carabineros-firman-convenio-de-colaboracion-para-fortalecer-controles-fronterizos\/","url":"https:\/\/www.mundoagropecuario.cl\/new\/sag-y-carabineros-firman-convenio-de-colaboracion-para-fortalecer-controles-fronterizos\/","name":"SAG y Carabineros firman convenio de colaboraci\u00f3n para fortalecer controles fronterizos\u00a0 - Mundoagropecuario","isPartOf":{"@id":"https:\/\/www.mundoagropecuario.cl\/new\/#website"},"primaryImageOfPage":{"@id":"https:\/\/www.mundoagropecuario.cl\/new\/sag-y-carabineros-firman-convenio-de-colaboracion-para-fortalecer-controles-fronterizos\/#primaryimage"},"image":{"@id":"https:\/\/www.mundoagropecuario.cl\/new\/sag-y-carabineros-firman-convenio-de-colaboracion-para-fortalecer-controles-fronterizos\/#primaryimage"},"thumbnailUrl":"https:\/\/www.mundoagropecuario.cl\/new\/wp-content\/uploads\/2022\/11\/Ministro-Valenzuela-SAG-3-scaled.jpeg","datePublished":"2022-11-17T15:11:38+00:00","dateModified":"2022-11-21T15:09:28+00:00","description":"Para que Carabineros pueda apoyar de mejor manera estas labores, el SAG ofrecer\u00e1 a trav\u00e9s de su Academia de formaci\u00f3n, capacitaci\u00f3n.","breadcrumb":{"@id":"https:\/\/www.mundoagropecuario.cl\/new\/sag-y-carabineros-firman-convenio-de-colaboracion-para-fortalecer-controles-fronterizos\/#breadcrumb"},"inLanguage":"es","potentialAction":[{"@type":"ReadAction","target":["https:\/\/www.mundoagropecuario.cl\/new\/sag-y-carabineros-firman-convenio-de-colaboracion-para-fortalecer-controles-fronterizos\/"]}]},{"@type":"ImageObject","inLanguage":"es","@id":"https:\/\/www.mundoagropecuario.cl\/new\/sag-y-carabineros-firman-convenio-de-colaboracion-para-fortalecer-controles-fronterizos\/#primaryimage","url":"https:\/\/www.mundoagropecuario.cl\/new\/wp-content\/uploads\/2022\/11\/Ministro-Valenzuela-SAG-3-scaled.jpeg","contentUrl":"https:\/\/www.mundoagropecuario.cl\/new\/wp-content\/uploads\/2022\/11\/Ministro-Valenzuela-SAG-3-scaled.jpeg","width":585,"height":400},{"@type":"BreadcrumbList","@id":"https:\/\/www.mundoagropecuario.cl\/new\/sag-y-carabineros-firman-convenio-de-colaboracion-para-fortalecer-controles-fronterizos\/#breadcrumb","itemListElement":[{"@type":"ListItem","position":1,"name":"Portada","item":"https:\/\/www.mundoagropecuario.cl\/new\/"},{"@type":"ListItem","position":2,"name":"SAG y Carabineros firman convenio de colaboraci\u00f3n para fortalecer controles fronterizos\u00a0"}]},{"@type":"WebSite","@id":"https:\/\/www.mundoagropecuario.cl\/new\/#website","url":"https:\/\/www.mundoagropecuario.cl\/new\/","name":"Mundoagropecuario","description":"Mundo Agropecuario","publisher":{"@id":"https:\/\/www.mundoagropecuario.cl\/new\/#organization"},"potentialAction":[{"@type":"SearchAction","target":{"@type":"EntryPoint","urlTemplate":"https:\/\/www.mundoagropecuario.cl\/new\/?s={search_term_string}"},"query-input":{"@type":"PropertyValueSpecification","valueRequired":true,"valueName":"search_term_string"}}],"inLanguage":"es"},{"@type":"Organization","@id":"https:\/\/www.mundoagropecuario.cl\/new\/#organization","name":"Revista de Agricultura","url":"https:\/\/www.mundoagropecuario.cl\/new\/","logo":{"@type":"ImageObject","inLanguage":"es","@id":"https:\/\/www.mundoagropecuario.cl\/new\/#\/schema\/logo\/image\/","url":"https:\/\/www.mundoagropecuario.cl\/new\/wp-content\/uploads\/2020\/11\/PORTAL-1-1.png","contentUrl":"https:\/\/www.mundoagropecuario.cl\/new\/wp-content\/uploads\/2020\/11\/PORTAL-1-1.png","width":1026,"height":100,"caption":"Revista de Agricultura"},"image":{"@id":"https:\/\/www.mundoagropecuario.cl\/new\/#\/schema\/logo\/image\/"},"sameAs":["https:\/\/www.facebook.com\/mundo.agropecuario.3","https:\/\/x.com\/MundoAgropecuar","https:\/\/www.linkedin.com\/in\/mundo-agropecuario-934009201\/"]},{"@type":"Person","@id":"https:\/\/www.mundoagropecuario.cl\/new\/#\/schema\/person\/4e9f74a82a7dac260eb1c44b7eebeb18","name":"mundo","url":"https:\/\/www.mundoagropecuario.cl\/new\/author\/mundo\/"}]}},"_links":{"self":[{"href":"https:\/\/www.mundoagropecuario.cl\/new\/wp-json\/wp\/v2\/posts\/23306","targetHints":{"allow":["GET"]}}],"collection":[{"href":"https:\/\/www.mundoagropecuario.cl\/new\/wp-json\/wp\/v2\/posts"}],"about":[{"href":"https:\/\/www.mundoagropecuario.cl\/new\/wp-json\/wp\/v2\/types\/post"}],"author":[{"embeddable":true,"href":"https:\/\/www.mundoagropecuario.cl\/new\/wp-json\/wp\/v2\/users\/2"}],"replies":[{"embeddable":true,"href":"https:\/\/www.mundoagropecuario.cl\/new\/wp-json\/wp\/v2\/comments?post=23306"}],"version-history":[{"count":1,"href":"https:\/\/www.mundoagropecuario.cl\/new\/wp-json\/wp\/v2\/posts\/23306\/revisions"}],"predecessor-version":[{"id":23310,"href":"https:\/\/www.mundoagropecuario.cl\/new\/wp-json\/wp\/v2\/posts\/23306\/revisions\/23310"}],"wp:featuredmedia":[{"embeddable":true,"href":"https:\/\/www.mundoagropecuario.cl\/new\/wp-json\/wp\/v2\/media\/23308"}],"wp:attachment":[{"href":"https:\/\/www.mundoagropecuario.cl\/new\/wp-json\/wp\/v2\/media?parent=23306"}],"wp:term":[{"taxonomy":"category","embeddable":true,"href":"https:\/\/www.mundoagropecuario.cl\/new\/wp-json\/wp\/v2\/categories?post=23306"},{"taxonomy":"post_tag","embeddable":true,"href":"https:\/\/www.mundoagropecuario.cl\/new\/wp-json\/wp\/v2\/tags?post=23306"}],"curies":[{"name":"wp","href":"https:\/\/api.w.org\/{rel}","templated":true}]}}