{"id":23290,"date":"2022-11-15T13:00:09","date_gmt":"2022-11-15T16:00:09","guid":{"rendered":"https:\/\/www.mundoagropecuario.cl\/new\/?p=23290"},"modified":"2022-11-18T13:28:43","modified_gmt":"2022-11-18T16:28:43","slug":"tras-cinco-anos-vuelve-expomundorural-indap-biobio-al-parque-bicentenario-en-concepcion","status":"publish","type":"post","link":"https:\/\/www.mundoagropecuario.cl\/new\/tras-cinco-anos-vuelve-expomundorural-indap-biobio-al-parque-bicentenario-en-concepcion\/","title":{"rendered":"Tras cinco a\u00f1os vuelve ExpoMundoRural INDAP Biob\u00edo al Parque Bicentenario en Concepci\u00f3n"},"content":{"rendered":"<blockquote>\n<h2><span style=\"color: #003300;\">El evento, que reunir\u00e1 a m\u00e1s de 100 agricultores y agricultoras de toda la regi\u00f3n, tiene como objetivo acercar el campo a la ciudad, reactivando la comercializaci\u00f3n directa de la Agricultura Familiar Campesina.<\/span><\/h2>\n<\/blockquote>\n<p>Desde el jueves 1 al domingo 4 de diciembre de 2022, en el Parque Bicentenario de Concepci\u00f3n, se realizar\u00e1 una nueva edici\u00f3n de la ExpoMundoRural. Este espacio de comercializaci\u00f3n organizado por el Instituto de Desarrollo Agropecuario (INDAP) Biob\u00edo, reunir\u00e1 a peque\u00f1os agricultores y agricultoras de toda la regi\u00f3n, quienes podr\u00e1n exponer lo mejor de su producci\u00f3n en este gran evento.<\/p>\n<p><a href=\"https:\/\/www.mundoagropecuario.cl\/new\/wp-content\/uploads\/2022\/11\/PUBLICO-EXPO--scaled.jpg\"><img loading=\"lazy\" decoding=\"async\" class=\" wp-image-23292 alignright\" src=\"https:\/\/www.mundoagropecuario.cl\/new\/wp-content\/uploads\/2022\/11\/PUBLICO-EXPO--586x391.jpg\" alt=\"\" width=\"620\" height=\"440\" \/><\/a>Jeannette Larenas, directora regional (s) de INDAP, afirm\u00f3 que \u201cla ExpoMundoRural es una acci\u00f3n de comercializaci\u00f3n del Plan Siembra por Chile, que busca incentivar la venta directa por parte de los agricultores y agricultoras, facilitando el acceso a los consumidores a productos de primera calidad y a excelente precio\u201d.<\/p>\n<p>En esta ocasi\u00f3n la ExpoMundoRural reunir\u00e1 a m\u00e1s de 100 agricultores y agricultoras de toda la regi\u00f3n, contar\u00e1 con charlas t\u00e9cnicas, talleres tem\u00e1ticos, cocina en vivo, patio de comida t\u00edpica y show art\u00edstico.<\/p>\n<p>Pamela Y\u00e1\u00f1ez, seremi de Agricultura, agreg\u00f3 que este evento es una tremenda oportunidad para que los visitantes conozcan los territorios rurales de la regi\u00f3n, as\u00ed como nuestra agricultura y la innovaci\u00f3n en materia de seguridad alimentaria. \u201cPodremos encontrarnos con productos sanos e inocuos, vinculados a una agricultura m\u00e1s sustentable, m\u00e1s verde, pero con innovaci\u00f3n, que se ver\u00e1 reflejado en cientos de productos de origen natural\u201d, concluy\u00f3 la Seremi de Agricultura.<\/p>\n<p>Durante los cuatro d\u00edas de ExpoMundoRural se podr\u00e1n encontrar productos hortofrut\u00edcolas, procesados, vinos, artesan\u00edas, flores y plantas; entre las que destacan: manjar de leche de cabra de \u201cKaprinz Spa\u201d de Los \u00c1ngeles, cerveza artesanal \u201cTrul\u201d de Arauco, talabarter\u00eda y curtiembre \u201cEl Pehuen\u201d de Alto B\u00edo B\u00edo, verduras selladas al vac\u00edo de \u201cHortalizas Los Batros\u201d de San Pedro de la Paz, colmenar \u201cVuelo Santo\u201d de Yumbel con miel cremada con productos liofilizados ricos en antioxidantes tales como: maqui, ar\u00e1ndanos, murta y zanahoria morada; entre muchas otras novedades.<\/p>\n","protected":false},"excerpt":{"rendered":"<p>La ExpoMundoRural, que no se realizaba desde el a\u00f1o 2017, busca reactivar la comercializaci\u00f3n directa de m\u00e1s de 400 productos vinculados a la Agricultura Familiar Campesina regional.<\/p>\n","protected":false},"author":2,"featured_media":23291,"comment_status":"closed","ping_status":"closed","sticky":false,"template":"","format":"standard","meta":{"footnotes":""},"categories":[1945],"tags":[2090,4765,3127,7589,2918,4332,2595,1992,7588,2213],"class_list":["post-23290","post","type-post","status-publish","format-standard","has-post-thumbnail","hentry","category-agricultura","tag-agricultura","tag-agricultura-familiar-campesina","tag-agro","tag-artesanias","tag-expomundorural","tag-flores","tag-hortofruticolas","tag-indap","tag-procesados","tag-vinos"],"yoast_head":"<!-- This site is optimized with the Yoast SEO plugin v26.6 - https:\/\/yoast.com\/wordpress\/plugins\/seo\/ -->\n<title>Tras cinco a\u00f1os vuelve ExpoMundoRural INDAP Biob\u00edo al Parque Bicentenario en Concepci\u00f3n - Mundoagropecuario<\/title>\n<meta name=\"description\" content=\"La ExpoMundoRural, que no se realizaba desde el a\u00f1o 2017, busca reactivar la comercializaci\u00f3n directa de m\u00e1s de 400 productos.\" \/>\n<meta name=\"robots\" content=\"index, follow, max-snippet:-1, max-image-preview:large, max-video-preview:-1\" \/>\n<link rel=\"canonical\" href=\"https:\/\/www.mundoagropecuario.cl\/new\/tras-cinco-anos-vuelve-expomundorural-indap-biobio-al-parque-bicentenario-en-concepcion\/\" \/>\n<meta property=\"og:locale\" content=\"es_ES\" \/>\n<meta property=\"og:type\" content=\"article\" \/>\n<meta property=\"og:title\" content=\"Tras cinco a\u00f1os vuelve ExpoMundoRural INDAP Biob\u00edo al Parque Bicentenario en Concepci\u00f3n - Mundoagropecuario\" \/>\n<meta property=\"og:description\" content=\"La ExpoMundoRural, que no se realizaba desde el a\u00f1o 2017, busca reactivar la comercializaci\u00f3n directa de m\u00e1s de 400 productos.\" \/>\n<meta property=\"og:url\" content=\"https:\/\/www.mundoagropecuario.cl\/new\/tras-cinco-anos-vuelve-expomundorural-indap-biobio-al-parque-bicentenario-en-concepcion\/\" \/>\n<meta property=\"og:site_name\" content=\"Mundoagropecuario\" \/>\n<meta property=\"article:publisher\" content=\"https:\/\/www.facebook.com\/mundo.agropecuario.3\" \/>\n<meta property=\"article:published_time\" content=\"2022-11-15T16:00:09+00:00\" \/>\n<meta property=\"article:modified_time\" content=\"2022-11-18T16:28:43+00:00\" \/>\n<meta property=\"og:image\" content=\"https:\/\/www.mundoagropecuario.cl\/new\/wp-content\/uploads\/2022\/11\/EXPOSITOR-APICOLA-DE-LOS-ANGELES-scaled.jpg\" \/>\n\t<meta property=\"og:image:width\" content=\"1024\" \/>\n\t<meta property=\"og:image:height\" content=\"683\" \/>\n\t<meta property=\"og:image:type\" content=\"image\/jpeg\" \/>\n<meta name=\"author\" content=\"mundo\" \/>\n<meta name=\"twitter:card\" content=\"summary_large_image\" \/>\n<meta name=\"twitter:creator\" content=\"@MundoAgropecuar\" \/>\n<meta name=\"twitter:site\" content=\"@MundoAgropecuar\" \/>\n<meta name=\"twitter:label1\" content=\"Escrito por\" \/>\n\t<meta name=\"twitter:data1\" content=\"mundo\" \/>\n\t<meta name=\"twitter:label2\" content=\"Tiempo de lectura\" \/>\n\t<meta name=\"twitter:data2\" content=\"2 minutos\" \/>\n<script type=\"application\/ld+json\" class=\"yoast-schema-graph\">{\"@context\":\"https:\/\/schema.org\",\"@graph\":[{\"@type\":\"Article\",\"@id\":\"https:\/\/www.mundoagropecuario.cl\/new\/tras-cinco-anos-vuelve-expomundorural-indap-biobio-al-parque-bicentenario-en-concepcion\/#article\",\"isPartOf\":{\"@id\":\"https:\/\/www.mundoagropecuario.cl\/new\/tras-cinco-anos-vuelve-expomundorural-indap-biobio-al-parque-bicentenario-en-concepcion\/\"},\"author\":{\"name\":\"mundo\",\"@id\":\"https:\/\/www.mundoagropecuario.cl\/new\/#\/schema\/person\/4e9f74a82a7dac260eb1c44b7eebeb18\"},\"headline\":\"Tras cinco a\u00f1os vuelve ExpoMundoRural INDAP Biob\u00edo al Parque Bicentenario en Concepci\u00f3n\",\"datePublished\":\"2022-11-15T16:00:09+00:00\",\"dateModified\":\"2022-11-18T16:28:43+00:00\",\"mainEntityOfPage\":{\"@id\":\"https:\/\/www.mundoagropecuario.cl\/new\/tras-cinco-anos-vuelve-expomundorural-indap-biobio-al-parque-bicentenario-en-concepcion\/\"},\"wordCount\":376,\"publisher\":{\"@id\":\"https:\/\/www.mundoagropecuario.cl\/new\/#organization\"},\"image\":{\"@id\":\"https:\/\/www.mundoagropecuario.cl\/new\/tras-cinco-anos-vuelve-expomundorural-indap-biobio-al-parque-bicentenario-en-concepcion\/#primaryimage\"},\"thumbnailUrl\":\"https:\/\/www.mundoagropecuario.cl\/new\/wp-content\/uploads\/2022\/11\/EXPOSITOR-APICOLA-DE-LOS-ANGELES-scaled.jpg\",\"keywords\":[\"Agricultura\",\"Agricultura Familiar Campesina\",\"Agro\",\"artesan\u00edas\",\"ExpoMundoRural\",\"Flores\",\"hortofrut\u00edcolas\",\"Indap\",\"procesados\",\"Vinos\"],\"articleSection\":[\"Agricultura\"],\"inLanguage\":\"es\"},{\"@type\":\"WebPage\",\"@id\":\"https:\/\/www.mundoagropecuario.cl\/new\/tras-cinco-anos-vuelve-expomundorural-indap-biobio-al-parque-bicentenario-en-concepcion\/\",\"url\":\"https:\/\/www.mundoagropecuario.cl\/new\/tras-cinco-anos-vuelve-expomundorural-indap-biobio-al-parque-bicentenario-en-concepcion\/\",\"name\":\"Tras cinco a\u00f1os vuelve ExpoMundoRural INDAP Biob\u00edo al Parque Bicentenario en Concepci\u00f3n - Mundoagropecuario\",\"isPartOf\":{\"@id\":\"https:\/\/www.mundoagropecuario.cl\/new\/#website\"},\"primaryImageOfPage\":{\"@id\":\"https:\/\/www.mundoagropecuario.cl\/new\/tras-cinco-anos-vuelve-expomundorural-indap-biobio-al-parque-bicentenario-en-concepcion\/#primaryimage\"},\"image\":{\"@id\":\"https:\/\/www.mundoagropecuario.cl\/new\/tras-cinco-anos-vuelve-expomundorural-indap-biobio-al-parque-bicentenario-en-concepcion\/#primaryimage\"},\"thumbnailUrl\":\"https:\/\/www.mundoagropecuario.cl\/new\/wp-content\/uploads\/2022\/11\/EXPOSITOR-APICOLA-DE-LOS-ANGELES-scaled.jpg\",\"datePublished\":\"2022-11-15T16:00:09+00:00\",\"dateModified\":\"2022-11-18T16:28:43+00:00\",\"description\":\"La ExpoMundoRural, que no se realizaba desde el a\u00f1o 2017, busca reactivar la comercializaci\u00f3n directa de m\u00e1s de 400 productos.\",\"breadcrumb\":{\"@id\":\"https:\/\/www.mundoagropecuario.cl\/new\/tras-cinco-anos-vuelve-expomundorural-indap-biobio-al-parque-bicentenario-en-concepcion\/#breadcrumb\"},\"inLanguage\":\"es\",\"potentialAction\":[{\"@type\":\"ReadAction\",\"target\":[\"https:\/\/www.mundoagropecuario.cl\/new\/tras-cinco-anos-vuelve-expomundorural-indap-biobio-al-parque-bicentenario-en-concepcion\/\"]}]},{\"@type\":\"ImageObject\",\"inLanguage\":\"es\",\"@id\":\"https:\/\/www.mundoagropecuario.cl\/new\/tras-cinco-anos-vuelve-expomundorural-indap-biobio-al-parque-bicentenario-en-concepcion\/#primaryimage\",\"url\":\"https:\/\/www.mundoagropecuario.cl\/new\/wp-content\/uploads\/2022\/11\/EXPOSITOR-APICOLA-DE-LOS-ANGELES-scaled.jpg\",\"contentUrl\":\"https:\/\/www.mundoagropecuario.cl\/new\/wp-content\/uploads\/2022\/11\/EXPOSITOR-APICOLA-DE-LOS-ANGELES-scaled.jpg\",\"width\":600,\"height\":400},{\"@type\":\"BreadcrumbList\",\"@id\":\"https:\/\/www.mundoagropecuario.cl\/new\/tras-cinco-anos-vuelve-expomundorural-indap-biobio-al-parque-bicentenario-en-concepcion\/#breadcrumb\",\"itemListElement\":[{\"@type\":\"ListItem\",\"position\":1,\"name\":\"Portada\",\"item\":\"https:\/\/www.mundoagropecuario.cl\/new\/\"},{\"@type\":\"ListItem\",\"position\":2,\"name\":\"Tras cinco a\u00f1os vuelve ExpoMundoRural INDAP Biob\u00edo al Parque Bicentenario en Concepci\u00f3n\"}]},{\"@type\":\"WebSite\",\"@id\":\"https:\/\/www.mundoagropecuario.cl\/new\/#website\",\"url\":\"https:\/\/www.mundoagropecuario.cl\/new\/\",\"name\":\"Mundoagropecuario\",\"description\":\"Mundo Agropecuario\",\"publisher\":{\"@id\":\"https:\/\/www.mundoagropecuario.cl\/new\/#organization\"},\"potentialAction\":[{\"@type\":\"SearchAction\",\"target\":{\"@type\":\"EntryPoint\",\"urlTemplate\":\"https:\/\/www.mundoagropecuario.cl\/new\/?s={search_term_string}\"},\"query-input\":{\"@type\":\"PropertyValueSpecification\",\"valueRequired\":true,\"valueName\":\"search_term_string\"}}],\"inLanguage\":\"es\"},{\"@type\":\"Organization\",\"@id\":\"https:\/\/www.mundoagropecuario.cl\/new\/#organization\",\"name\":\"Revista de Agricultura\",\"url\":\"https:\/\/www.mundoagropecuario.cl\/new\/\",\"logo\":{\"@type\":\"ImageObject\",\"inLanguage\":\"es\",\"@id\":\"https:\/\/www.mundoagropecuario.cl\/new\/#\/schema\/logo\/image\/\",\"url\":\"https:\/\/www.mundoagropecuario.cl\/new\/wp-content\/uploads\/2020\/11\/PORTAL-1-1.png\",\"contentUrl\":\"https:\/\/www.mundoagropecuario.cl\/new\/wp-content\/uploads\/2020\/11\/PORTAL-1-1.png\",\"width\":1026,\"height\":100,\"caption\":\"Revista de Agricultura\"},\"image\":{\"@id\":\"https:\/\/www.mundoagropecuario.cl\/new\/#\/schema\/logo\/image\/\"},\"sameAs\":[\"https:\/\/www.facebook.com\/mundo.agropecuario.3\",\"https:\/\/x.com\/MundoAgropecuar\",\"https:\/\/www.linkedin.com\/in\/mundo-agropecuario-934009201\/\"]},{\"@type\":\"Person\",\"@id\":\"https:\/\/www.mundoagropecuario.cl\/new\/#\/schema\/person\/4e9f74a82a7dac260eb1c44b7eebeb18\",\"name\":\"mundo\",\"url\":\"https:\/\/www.mundoagropecuario.cl\/new\/author\/mundo\/\"}]}<\/script>\n<!-- \/ Yoast SEO plugin. -->","yoast_head_json":{"title":"Tras cinco a\u00f1os vuelve ExpoMundoRural INDAP Biob\u00edo al Parque Bicentenario en Concepci\u00f3n - Mundoagropecuario","description":"La ExpoMundoRural, que no se realizaba desde el a\u00f1o 2017, busca reactivar la comercializaci\u00f3n directa de m\u00e1s de 400 productos.","robots":{"index":"index","follow":"follow","max-snippet":"max-snippet:-1","max-image-preview":"max-image-preview:large","max-video-preview":"max-video-preview:-1"},"canonical":"https:\/\/www.mundoagropecuario.cl\/new\/tras-cinco-anos-vuelve-expomundorural-indap-biobio-al-parque-bicentenario-en-concepcion\/","og_locale":"es_ES","og_type":"article","og_title":"Tras cinco a\u00f1os vuelve ExpoMundoRural INDAP Biob\u00edo al Parque Bicentenario en Concepci\u00f3n - Mundoagropecuario","og_description":"La ExpoMundoRural, que no se realizaba desde el a\u00f1o 2017, busca reactivar la comercializaci\u00f3n directa de m\u00e1s de 400 productos.","og_url":"https:\/\/www.mundoagropecuario.cl\/new\/tras-cinco-anos-vuelve-expomundorural-indap-biobio-al-parque-bicentenario-en-concepcion\/","og_site_name":"Mundoagropecuario","article_publisher":"https:\/\/www.facebook.com\/mundo.agropecuario.3","article_published_time":"2022-11-15T16:00:09+00:00","article_modified_time":"2022-11-18T16:28:43+00:00","og_image":[{"width":1024,"height":683,"url":"https:\/\/www.mundoagropecuario.cl\/new\/wp-content\/uploads\/2022\/11\/EXPOSITOR-APICOLA-DE-LOS-ANGELES-scaled.jpg","type":"image\/jpeg"}],"author":"mundo","twitter_card":"summary_large_image","twitter_creator":"@MundoAgropecuar","twitter_site":"@MundoAgropecuar","twitter_misc":{"Escrito por":"mundo","Tiempo de lectura":"2 minutos"},"schema":{"@context":"https:\/\/schema.org","@graph":[{"@type":"Article","@id":"https:\/\/www.mundoagropecuario.cl\/new\/tras-cinco-anos-vuelve-expomundorural-indap-biobio-al-parque-bicentenario-en-concepcion\/#article","isPartOf":{"@id":"https:\/\/www.mundoagropecuario.cl\/new\/tras-cinco-anos-vuelve-expomundorural-indap-biobio-al-parque-bicentenario-en-concepcion\/"},"author":{"name":"mundo","@id":"https:\/\/www.mundoagropecuario.cl\/new\/#\/schema\/person\/4e9f74a82a7dac260eb1c44b7eebeb18"},"headline":"Tras cinco a\u00f1os vuelve ExpoMundoRural INDAP Biob\u00edo al Parque Bicentenario en Concepci\u00f3n","datePublished":"2022-11-15T16:00:09+00:00","dateModified":"2022-11-18T16:28:43+00:00","mainEntityOfPage":{"@id":"https:\/\/www.mundoagropecuario.cl\/new\/tras-cinco-anos-vuelve-expomundorural-indap-biobio-al-parque-bicentenario-en-concepcion\/"},"wordCount":376,"publisher":{"@id":"https:\/\/www.mundoagropecuario.cl\/new\/#organization"},"image":{"@id":"https:\/\/www.mundoagropecuario.cl\/new\/tras-cinco-anos-vuelve-expomundorural-indap-biobio-al-parque-bicentenario-en-concepcion\/#primaryimage"},"thumbnailUrl":"https:\/\/www.mundoagropecuario.cl\/new\/wp-content\/uploads\/2022\/11\/EXPOSITOR-APICOLA-DE-LOS-ANGELES-scaled.jpg","keywords":["Agricultura","Agricultura Familiar Campesina","Agro","artesan\u00edas","ExpoMundoRural","Flores","hortofrut\u00edcolas","Indap","procesados","Vinos"],"articleSection":["Agricultura"],"inLanguage":"es"},{"@type":"WebPage","@id":"https:\/\/www.mundoagropecuario.cl\/new\/tras-cinco-anos-vuelve-expomundorural-indap-biobio-al-parque-bicentenario-en-concepcion\/","url":"https:\/\/www.mundoagropecuario.cl\/new\/tras-cinco-anos-vuelve-expomundorural-indap-biobio-al-parque-bicentenario-en-concepcion\/","name":"Tras cinco a\u00f1os vuelve ExpoMundoRural INDAP Biob\u00edo al Parque Bicentenario en Concepci\u00f3n - Mundoagropecuario","isPartOf":{"@id":"https:\/\/www.mundoagropecuario.cl\/new\/#website"},"primaryImageOfPage":{"@id":"https:\/\/www.mundoagropecuario.cl\/new\/tras-cinco-anos-vuelve-expomundorural-indap-biobio-al-parque-bicentenario-en-concepcion\/#primaryimage"},"image":{"@id":"https:\/\/www.mundoagropecuario.cl\/new\/tras-cinco-anos-vuelve-expomundorural-indap-biobio-al-parque-bicentenario-en-concepcion\/#primaryimage"},"thumbnailUrl":"https:\/\/www.mundoagropecuario.cl\/new\/wp-content\/uploads\/2022\/11\/EXPOSITOR-APICOLA-DE-LOS-ANGELES-scaled.jpg","datePublished":"2022-11-15T16:00:09+00:00","dateModified":"2022-11-18T16:28:43+00:00","description":"La ExpoMundoRural, que no se realizaba desde el a\u00f1o 2017, busca reactivar la comercializaci\u00f3n directa de m\u00e1s de 400 productos.","breadcrumb":{"@id":"https:\/\/www.mundoagropecuario.cl\/new\/tras-cinco-anos-vuelve-expomundorural-indap-biobio-al-parque-bicentenario-en-concepcion\/#breadcrumb"},"inLanguage":"es","potentialAction":[{"@type":"ReadAction","target":["https:\/\/www.mundoagropecuario.cl\/new\/tras-cinco-anos-vuelve-expomundorural-indap-biobio-al-parque-bicentenario-en-concepcion\/"]}]},{"@type":"ImageObject","inLanguage":"es","@id":"https:\/\/www.mundoagropecuario.cl\/new\/tras-cinco-anos-vuelve-expomundorural-indap-biobio-al-parque-bicentenario-en-concepcion\/#primaryimage","url":"https:\/\/www.mundoagropecuario.cl\/new\/wp-content\/uploads\/2022\/11\/EXPOSITOR-APICOLA-DE-LOS-ANGELES-scaled.jpg","contentUrl":"https:\/\/www.mundoagropecuario.cl\/new\/wp-content\/uploads\/2022\/11\/EXPOSITOR-APICOLA-DE-LOS-ANGELES-scaled.jpg","width":600,"height":400},{"@type":"BreadcrumbList","@id":"https:\/\/www.mundoagropecuario.cl\/new\/tras-cinco-anos-vuelve-expomundorural-indap-biobio-al-parque-bicentenario-en-concepcion\/#breadcrumb","itemListElement":[{"@type":"ListItem","position":1,"name":"Portada","item":"https:\/\/www.mundoagropecuario.cl\/new\/"},{"@type":"ListItem","position":2,"name":"Tras cinco a\u00f1os vuelve ExpoMundoRural INDAP Biob\u00edo al Parque Bicentenario en Concepci\u00f3n"}]},{"@type":"WebSite","@id":"https:\/\/www.mundoagropecuario.cl\/new\/#website","url":"https:\/\/www.mundoagropecuario.cl\/new\/","name":"Mundoagropecuario","description":"Mundo Agropecuario","publisher":{"@id":"https:\/\/www.mundoagropecuario.cl\/new\/#organization"},"potentialAction":[{"@type":"SearchAction","target":{"@type":"EntryPoint","urlTemplate":"https:\/\/www.mundoagropecuario.cl\/new\/?s={search_term_string}"},"query-input":{"@type":"PropertyValueSpecification","valueRequired":true,"valueName":"search_term_string"}}],"inLanguage":"es"},{"@type":"Organization","@id":"https:\/\/www.mundoagropecuario.cl\/new\/#organization","name":"Revista de Agricultura","url":"https:\/\/www.mundoagropecuario.cl\/new\/","logo":{"@type":"ImageObject","inLanguage":"es","@id":"https:\/\/www.mundoagropecuario.cl\/new\/#\/schema\/logo\/image\/","url":"https:\/\/www.mundoagropecuario.cl\/new\/wp-content\/uploads\/2020\/11\/PORTAL-1-1.png","contentUrl":"https:\/\/www.mundoagropecuario.cl\/new\/wp-content\/uploads\/2020\/11\/PORTAL-1-1.png","width":1026,"height":100,"caption":"Revista de Agricultura"},"image":{"@id":"https:\/\/www.mundoagropecuario.cl\/new\/#\/schema\/logo\/image\/"},"sameAs":["https:\/\/www.facebook.com\/mundo.agropecuario.3","https:\/\/x.com\/MundoAgropecuar","https:\/\/www.linkedin.com\/in\/mundo-agropecuario-934009201\/"]},{"@type":"Person","@id":"https:\/\/www.mundoagropecuario.cl\/new\/#\/schema\/person\/4e9f74a82a7dac260eb1c44b7eebeb18","name":"mundo","url":"https:\/\/www.mundoagropecuario.cl\/new\/author\/mundo\/"}]}},"_links":{"self":[{"href":"https:\/\/www.mundoagropecuario.cl\/new\/wp-json\/wp\/v2\/posts\/23290","targetHints":{"allow":["GET"]}}],"collection":[{"href":"https:\/\/www.mundoagropecuario.cl\/new\/wp-json\/wp\/v2\/posts"}],"about":[{"href":"https:\/\/www.mundoagropecuario.cl\/new\/wp-json\/wp\/v2\/types\/post"}],"author":[{"embeddable":true,"href":"https:\/\/www.mundoagropecuario.cl\/new\/wp-json\/wp\/v2\/users\/2"}],"replies":[{"embeddable":true,"href":"https:\/\/www.mundoagropecuario.cl\/new\/wp-json\/wp\/v2\/comments?post=23290"}],"version-history":[{"count":1,"href":"https:\/\/www.mundoagropecuario.cl\/new\/wp-json\/wp\/v2\/posts\/23290\/revisions"}],"predecessor-version":[{"id":23293,"href":"https:\/\/www.mundoagropecuario.cl\/new\/wp-json\/wp\/v2\/posts\/23290\/revisions\/23293"}],"wp:featuredmedia":[{"embeddable":true,"href":"https:\/\/www.mundoagropecuario.cl\/new\/wp-json\/wp\/v2\/media\/23291"}],"wp:attachment":[{"href":"https:\/\/www.mundoagropecuario.cl\/new\/wp-json\/wp\/v2\/media?parent=23290"}],"wp:term":[{"taxonomy":"category","embeddable":true,"href":"https:\/\/www.mundoagropecuario.cl\/new\/wp-json\/wp\/v2\/categories?post=23290"},{"taxonomy":"post_tag","embeddable":true,"href":"https:\/\/www.mundoagropecuario.cl\/new\/wp-json\/wp\/v2\/tags?post=23290"}],"curies":[{"name":"wp","href":"https:\/\/api.w.org\/{rel}","templated":true}]}}