{"id":23274,"date":"2022-11-14T10:56:34","date_gmt":"2022-11-14T13:56:34","guid":{"rendered":"https:\/\/www.mundoagropecuario.cl\/new\/?p=23274"},"modified":"2022-11-18T12:30:25","modified_gmt":"2022-11-18T15:30:25","slug":"reafirma-compromiso-en-apoyo-a-los-productores-de-frutilla-afectados-por-nematodo","status":"publish","type":"post","link":"https:\/\/www.mundoagropecuario.cl\/new\/reafirma-compromiso-en-apoyo-a-los-productores-de-frutilla-afectados-por-nematodo\/","title":{"rendered":"Reafirma compromiso en apoyo a los productores de frutilla afectados por nematodo"},"content":{"rendered":"<blockquote>\n<h2>Con la liberaci\u00f3n de 12 millones de plantas sanas por parte del SAG y la reasignaci\u00f3n de $2.000 millones para los agricultores\/as afectados por el nematodo de la frutilla (Aphelechoides fragariae) el Ministerio de Agricultura reafirma su compromiso con los productores y productoras afectadas en cuanto a ofrecer todo su apoyo para hacer frente a esta compleja situaci\u00f3n y as\u00ed minimizar al m\u00e1ximo las p\u00e9rdidas econ\u00f3micas.<\/h2>\n<\/blockquote>\n<p>El d\u00eda viernes 11 de noviembre el SAG autoriz\u00f3 m\u00e1s de 7 millones de plantas de la variedad Monterrey para la venta, tras verificar la ausencia de la plaga luego de su tratamiento con fosfina. Con esta tercera liberaci\u00f3n el Servicio alcanz\u00f3 los 12 millones de plantas sanas disponibles para su venta y se suma a los 16 millones de plantas sanas sin tratamiento que se liberaron al inicio de los muestreos en los viveros afectados, con un total de 28 millones.<\/p>\n<p>Cabe se\u00f1alar que el SAG durante esta semana realizar\u00e1 un remuestreo a los lotes que a\u00fan contin\u00faan positivos pese al tratamiento con fosfina, con el fin de liberar a la brevedad las que resulten negativas, y, adem\u00e1s, se muestrear\u00e1n m\u00e1s de 13 millones de plantas tratadas.<\/p>\n<p>En paralelo el Servicio sanitario avanza con m\u00e1xima celeridad en el proceso de autorizaci\u00f3n de centros de producci\u00f3n de material de propagaci\u00f3n en el extranjero, para as\u00ed importar a Chile plantas de frutillas desde otros pa\u00edses ampliando las posibilidades de suministro.<\/p>\n<p><a href=\"https:\/\/www.mundoagropecuario.cl\/new\/wp-content\/uploads\/2019\/11\/FRUTILLAS.jpg\"><img loading=\"lazy\" decoding=\"async\" class=\" wp-image-14742 alignright\" src=\"https:\/\/www.mundoagropecuario.cl\/new\/wp-content\/uploads\/2019\/11\/FRUTILLAS-586x391.jpg\" alt=\"\" width=\"555\" height=\"359\" \/><\/a>En el SAG, en tanto, se sigue trabajando con el objetivo de garantizar la sanidad del material del que dispondr\u00e1n los productores\/as para iniciar sus cultivos, resguardando su calidad al estar libre de la plaga. Esto se enmarca dentro de lo que establecen las normativas de sanidad vegetal y de viveros y dep\u00f3sitos de plantas, donde se indica que los viveros deben vender plantas sanas y libres de plagas.<\/p>\n<p><strong>Financiamiento de plaguicidas\u00a0<\/strong><\/p>\n<p>Hasta ahora INDAP ha destinado un total de $789.300.000 para ir en ayuda de las y los frutilleros afectados por el nematodo. La prioridad de recursos se orient\u00f3 al control de la plaga, con acciones que consideran financiamiento para plaguicidas autorizados por el SAG. Adem\u00e1s, de financiamiento de bioestimulantes para el cultivo de la frutilla y servicios de aplicaci\u00f3n de plaguicidas autorizados por el SAG para el control de la plaga.<\/p>\n<p>Adicionalmente, las Direcciones Regionales de INDAP evaluar\u00e1n la incorporaci\u00f3n de otras acciones complementarias como cursos oficiales de aplicadores de plaguicidas, dictado por empresas registradas ante el SAG, adem\u00e1s de la entrega de kit de elementos de protecci\u00f3n personal para aplicaci\u00f3n de plaguicidas para el combate de la plaga, y de implementos para la aplicaci\u00f3n de plaguicidas (bomba de espalda, hidrolavadora, pediluvios).<\/p>\n<p><strong>Oficio de agricultura\u00a0<\/strong><\/p>\n<p>En cuanto a la seremi de Agricultura de la regi\u00f3n Metropolitana, el 9 de noviembre de 2022 se emiti\u00f3 un oficio por parte de la Seremi Nathalie Joignant en la que se solicita informaci\u00f3n a la municipalidad de San Pedro acerca del n\u00famero de agricultores no usuarios de INDAP que adquirieron plantas con el vivero agr\u00edcola Llahuen o que mantienen un contrato de compra vigente con dicho establecimiento. Esto con la idea de avanzar en torno a la emergencia agr\u00edcola.<\/p>\n<p>Hasta ahora, la seremi ha entregado apoyo de $300 mil a 200 beneficiarios de los cuales 100 son agricultores que se dedican a las frutillas. Adem\u00e1s, se entregar\u00e1n fertilizantes a 100 beneficiarios entre frutilleros y otros cultivos, todos ellos son usuarios NO Indap.<\/p>\n","protected":false},"excerpt":{"rendered":"<p>Cabe se\u00f1alar que el SAG durante esta semana realizar\u00e1 un remuestreo a los lotes que a\u00fan contin\u00faan positivos pese al tratamiento con fosfina.<\/p>\n","protected":false},"author":2,"featured_media":7244,"comment_status":"closed","ping_status":"closed","sticky":false,"template":"","format":"standard","meta":{"footnotes":""},"categories":[1945],"tags":[2090,7580,7579,2735,7581,2035,2386,2036],"class_list":["post-23274","post","type-post","status-publish","format-standard","has-post-thumbnail","hentry","category-agricultura","tag-agricultura","tag-aphelechoides-fragariae","tag-frutilla-afectados-por-nematodo","tag-frutillas","tag-minafri","tag-minagri","tag-minagri-los-lagos","tag-sag"],"yoast_head":"<!-- This site is optimized with the Yoast SEO plugin v26.6 - https:\/\/yoast.com\/wordpress\/plugins\/seo\/ -->\n<title>Reafirma compromiso en apoyo a los productores de frutilla afectados por nematodo - Mundoagropecuario<\/title>\n<meta name=\"description\" content=\"Cabe se\u00f1alar que el SAG durante esta semana realizar\u00e1 un remuestreo a los lotes que a\u00fan contin\u00faan positivos pese al tratamiento con fosfina.\" \/>\n<meta name=\"robots\" content=\"index, follow, max-snippet:-1, max-image-preview:large, max-video-preview:-1\" \/>\n<link rel=\"canonical\" href=\"https:\/\/www.mundoagropecuario.cl\/new\/reafirma-compromiso-en-apoyo-a-los-productores-de-frutilla-afectados-por-nematodo\/\" \/>\n<meta property=\"og:locale\" content=\"es_ES\" \/>\n<meta property=\"og:type\" content=\"article\" \/>\n<meta property=\"og:title\" content=\"Reafirma compromiso en apoyo a los productores de frutilla afectados por nematodo - Mundoagropecuario\" \/>\n<meta property=\"og:description\" content=\"Cabe se\u00f1alar que el SAG durante esta semana realizar\u00e1 un remuestreo a los lotes que a\u00fan contin\u00faan positivos pese al tratamiento con fosfina.\" \/>\n<meta property=\"og:url\" content=\"https:\/\/www.mundoagropecuario.cl\/new\/reafirma-compromiso-en-apoyo-a-los-productores-de-frutilla-afectados-por-nematodo\/\" \/>\n<meta property=\"og:site_name\" content=\"Mundoagropecuario\" \/>\n<meta property=\"article:publisher\" content=\"https:\/\/www.facebook.com\/mundo.agropecuario.3\" \/>\n<meta property=\"article:published_time\" content=\"2022-11-14T13:56:34+00:00\" \/>\n<meta property=\"article:modified_time\" content=\"2022-11-18T15:30:25+00:00\" \/>\n<meta property=\"og:image\" content=\"https:\/\/www.mundoagropecuario.cl\/new\/wp-content\/uploads\/2018\/06\/frutillas.jpg\" \/>\n\t<meta property=\"og:image:width\" content=\"900\" \/>\n\t<meta property=\"og:image:height\" content=\"599\" \/>\n\t<meta property=\"og:image:type\" content=\"image\/jpeg\" \/>\n<meta name=\"author\" content=\"mundo\" \/>\n<meta name=\"twitter:card\" content=\"summary_large_image\" \/>\n<meta name=\"twitter:creator\" content=\"@MundoAgropecuar\" \/>\n<meta name=\"twitter:site\" content=\"@MundoAgropecuar\" \/>\n<meta name=\"twitter:label1\" content=\"Escrito por\" \/>\n\t<meta name=\"twitter:data1\" content=\"mundo\" \/>\n\t<meta name=\"twitter:label2\" content=\"Tiempo de lectura\" \/>\n\t<meta name=\"twitter:data2\" content=\"3 minutos\" \/>\n<script type=\"application\/ld+json\" class=\"yoast-schema-graph\">{\"@context\":\"https:\/\/schema.org\",\"@graph\":[{\"@type\":\"Article\",\"@id\":\"https:\/\/www.mundoagropecuario.cl\/new\/reafirma-compromiso-en-apoyo-a-los-productores-de-frutilla-afectados-por-nematodo\/#article\",\"isPartOf\":{\"@id\":\"https:\/\/www.mundoagropecuario.cl\/new\/reafirma-compromiso-en-apoyo-a-los-productores-de-frutilla-afectados-por-nematodo\/\"},\"author\":{\"name\":\"mundo\",\"@id\":\"https:\/\/www.mundoagropecuario.cl\/new\/#\/schema\/person\/4e9f74a82a7dac260eb1c44b7eebeb18\"},\"headline\":\"Reafirma compromiso en apoyo a los productores de frutilla afectados por nematodo\",\"datePublished\":\"2022-11-14T13:56:34+00:00\",\"dateModified\":\"2022-11-18T15:30:25+00:00\",\"mainEntityOfPage\":{\"@id\":\"https:\/\/www.mundoagropecuario.cl\/new\/reafirma-compromiso-en-apoyo-a-los-productores-de-frutilla-afectados-por-nematodo\/\"},\"wordCount\":601,\"publisher\":{\"@id\":\"https:\/\/www.mundoagropecuario.cl\/new\/#organization\"},\"image\":{\"@id\":\"https:\/\/www.mundoagropecuario.cl\/new\/reafirma-compromiso-en-apoyo-a-los-productores-de-frutilla-afectados-por-nematodo\/#primaryimage\"},\"thumbnailUrl\":\"https:\/\/www.mundoagropecuario.cl\/new\/wp-content\/uploads\/2018\/06\/frutillas.jpg\",\"keywords\":[\"Agricultura\",\"Aphelechoides fragariae\",\"frutilla afectados por nematodo\",\"frutillas\",\"Minafri\",\"Minagri\",\"Minagri Los Lagos\",\"SAG\"],\"articleSection\":[\"Agricultura\"],\"inLanguage\":\"es\"},{\"@type\":\"WebPage\",\"@id\":\"https:\/\/www.mundoagropecuario.cl\/new\/reafirma-compromiso-en-apoyo-a-los-productores-de-frutilla-afectados-por-nematodo\/\",\"url\":\"https:\/\/www.mundoagropecuario.cl\/new\/reafirma-compromiso-en-apoyo-a-los-productores-de-frutilla-afectados-por-nematodo\/\",\"name\":\"Reafirma compromiso en apoyo a los productores de frutilla afectados por nematodo - Mundoagropecuario\",\"isPartOf\":{\"@id\":\"https:\/\/www.mundoagropecuario.cl\/new\/#website\"},\"primaryImageOfPage\":{\"@id\":\"https:\/\/www.mundoagropecuario.cl\/new\/reafirma-compromiso-en-apoyo-a-los-productores-de-frutilla-afectados-por-nematodo\/#primaryimage\"},\"image\":{\"@id\":\"https:\/\/www.mundoagropecuario.cl\/new\/reafirma-compromiso-en-apoyo-a-los-productores-de-frutilla-afectados-por-nematodo\/#primaryimage\"},\"thumbnailUrl\":\"https:\/\/www.mundoagropecuario.cl\/new\/wp-content\/uploads\/2018\/06\/frutillas.jpg\",\"datePublished\":\"2022-11-14T13:56:34+00:00\",\"dateModified\":\"2022-11-18T15:30:25+00:00\",\"description\":\"Cabe se\u00f1alar que el SAG durante esta semana realizar\u00e1 un remuestreo a los lotes que a\u00fan contin\u00faan positivos pese al tratamiento con fosfina.\",\"breadcrumb\":{\"@id\":\"https:\/\/www.mundoagropecuario.cl\/new\/reafirma-compromiso-en-apoyo-a-los-productores-de-frutilla-afectados-por-nematodo\/#breadcrumb\"},\"inLanguage\":\"es\",\"potentialAction\":[{\"@type\":\"ReadAction\",\"target\":[\"https:\/\/www.mundoagropecuario.cl\/new\/reafirma-compromiso-en-apoyo-a-los-productores-de-frutilla-afectados-por-nematodo\/\"]}]},{\"@type\":\"ImageObject\",\"inLanguage\":\"es\",\"@id\":\"https:\/\/www.mundoagropecuario.cl\/new\/reafirma-compromiso-en-apoyo-a-los-productores-de-frutilla-afectados-por-nematodo\/#primaryimage\",\"url\":\"https:\/\/www.mundoagropecuario.cl\/new\/wp-content\/uploads\/2018\/06\/frutillas.jpg\",\"contentUrl\":\"https:\/\/www.mundoagropecuario.cl\/new\/wp-content\/uploads\/2018\/06\/frutillas.jpg\",\"width\":601,\"height\":400},{\"@type\":\"BreadcrumbList\",\"@id\":\"https:\/\/www.mundoagropecuario.cl\/new\/reafirma-compromiso-en-apoyo-a-los-productores-de-frutilla-afectados-por-nematodo\/#breadcrumb\",\"itemListElement\":[{\"@type\":\"ListItem\",\"position\":1,\"name\":\"Portada\",\"item\":\"https:\/\/www.mundoagropecuario.cl\/new\/\"},{\"@type\":\"ListItem\",\"position\":2,\"name\":\"Reafirma compromiso en apoyo a los productores de frutilla afectados por nematodo\"}]},{\"@type\":\"WebSite\",\"@id\":\"https:\/\/www.mundoagropecuario.cl\/new\/#website\",\"url\":\"https:\/\/www.mundoagropecuario.cl\/new\/\",\"name\":\"Mundoagropecuario\",\"description\":\"Mundo Agropecuario\",\"publisher\":{\"@id\":\"https:\/\/www.mundoagropecuario.cl\/new\/#organization\"},\"potentialAction\":[{\"@type\":\"SearchAction\",\"target\":{\"@type\":\"EntryPoint\",\"urlTemplate\":\"https:\/\/www.mundoagropecuario.cl\/new\/?s={search_term_string}\"},\"query-input\":{\"@type\":\"PropertyValueSpecification\",\"valueRequired\":true,\"valueName\":\"search_term_string\"}}],\"inLanguage\":\"es\"},{\"@type\":\"Organization\",\"@id\":\"https:\/\/www.mundoagropecuario.cl\/new\/#organization\",\"name\":\"Revista de Agricultura\",\"url\":\"https:\/\/www.mundoagropecuario.cl\/new\/\",\"logo\":{\"@type\":\"ImageObject\",\"inLanguage\":\"es\",\"@id\":\"https:\/\/www.mundoagropecuario.cl\/new\/#\/schema\/logo\/image\/\",\"url\":\"https:\/\/www.mundoagropecuario.cl\/new\/wp-content\/uploads\/2020\/11\/PORTAL-1-1.png\",\"contentUrl\":\"https:\/\/www.mundoagropecuario.cl\/new\/wp-content\/uploads\/2020\/11\/PORTAL-1-1.png\",\"width\":1026,\"height\":100,\"caption\":\"Revista de Agricultura\"},\"image\":{\"@id\":\"https:\/\/www.mundoagropecuario.cl\/new\/#\/schema\/logo\/image\/\"},\"sameAs\":[\"https:\/\/www.facebook.com\/mundo.agropecuario.3\",\"https:\/\/x.com\/MundoAgropecuar\",\"https:\/\/www.linkedin.com\/in\/mundo-agropecuario-934009201\/\"]},{\"@type\":\"Person\",\"@id\":\"https:\/\/www.mundoagropecuario.cl\/new\/#\/schema\/person\/4e9f74a82a7dac260eb1c44b7eebeb18\",\"name\":\"mundo\",\"url\":\"https:\/\/www.mundoagropecuario.cl\/new\/author\/mundo\/\"}]}<\/script>\n<!-- \/ Yoast SEO plugin. -->","yoast_head_json":{"title":"Reafirma compromiso en apoyo a los productores de frutilla afectados por nematodo - Mundoagropecuario","description":"Cabe se\u00f1alar que el SAG durante esta semana realizar\u00e1 un remuestreo a los lotes que a\u00fan contin\u00faan positivos pese al tratamiento con fosfina.","robots":{"index":"index","follow":"follow","max-snippet":"max-snippet:-1","max-image-preview":"max-image-preview:large","max-video-preview":"max-video-preview:-1"},"canonical":"https:\/\/www.mundoagropecuario.cl\/new\/reafirma-compromiso-en-apoyo-a-los-productores-de-frutilla-afectados-por-nematodo\/","og_locale":"es_ES","og_type":"article","og_title":"Reafirma compromiso en apoyo a los productores de frutilla afectados por nematodo - Mundoagropecuario","og_description":"Cabe se\u00f1alar que el SAG durante esta semana realizar\u00e1 un remuestreo a los lotes que a\u00fan contin\u00faan positivos pese al tratamiento con fosfina.","og_url":"https:\/\/www.mundoagropecuario.cl\/new\/reafirma-compromiso-en-apoyo-a-los-productores-de-frutilla-afectados-por-nematodo\/","og_site_name":"Mundoagropecuario","article_publisher":"https:\/\/www.facebook.com\/mundo.agropecuario.3","article_published_time":"2022-11-14T13:56:34+00:00","article_modified_time":"2022-11-18T15:30:25+00:00","og_image":[{"width":900,"height":599,"url":"https:\/\/www.mundoagropecuario.cl\/new\/wp-content\/uploads\/2018\/06\/frutillas.jpg","type":"image\/jpeg"}],"author":"mundo","twitter_card":"summary_large_image","twitter_creator":"@MundoAgropecuar","twitter_site":"@MundoAgropecuar","twitter_misc":{"Escrito por":"mundo","Tiempo de lectura":"3 minutos"},"schema":{"@context":"https:\/\/schema.org","@graph":[{"@type":"Article","@id":"https:\/\/www.mundoagropecuario.cl\/new\/reafirma-compromiso-en-apoyo-a-los-productores-de-frutilla-afectados-por-nematodo\/#article","isPartOf":{"@id":"https:\/\/www.mundoagropecuario.cl\/new\/reafirma-compromiso-en-apoyo-a-los-productores-de-frutilla-afectados-por-nematodo\/"},"author":{"name":"mundo","@id":"https:\/\/www.mundoagropecuario.cl\/new\/#\/schema\/person\/4e9f74a82a7dac260eb1c44b7eebeb18"},"headline":"Reafirma compromiso en apoyo a los productores de frutilla afectados por nematodo","datePublished":"2022-11-14T13:56:34+00:00","dateModified":"2022-11-18T15:30:25+00:00","mainEntityOfPage":{"@id":"https:\/\/www.mundoagropecuario.cl\/new\/reafirma-compromiso-en-apoyo-a-los-productores-de-frutilla-afectados-por-nematodo\/"},"wordCount":601,"publisher":{"@id":"https:\/\/www.mundoagropecuario.cl\/new\/#organization"},"image":{"@id":"https:\/\/www.mundoagropecuario.cl\/new\/reafirma-compromiso-en-apoyo-a-los-productores-de-frutilla-afectados-por-nematodo\/#primaryimage"},"thumbnailUrl":"https:\/\/www.mundoagropecuario.cl\/new\/wp-content\/uploads\/2018\/06\/frutillas.jpg","keywords":["Agricultura","Aphelechoides fragariae","frutilla afectados por nematodo","frutillas","Minafri","Minagri","Minagri Los Lagos","SAG"],"articleSection":["Agricultura"],"inLanguage":"es"},{"@type":"WebPage","@id":"https:\/\/www.mundoagropecuario.cl\/new\/reafirma-compromiso-en-apoyo-a-los-productores-de-frutilla-afectados-por-nematodo\/","url":"https:\/\/www.mundoagropecuario.cl\/new\/reafirma-compromiso-en-apoyo-a-los-productores-de-frutilla-afectados-por-nematodo\/","name":"Reafirma compromiso en apoyo a los productores de frutilla afectados por nematodo - Mundoagropecuario","isPartOf":{"@id":"https:\/\/www.mundoagropecuario.cl\/new\/#website"},"primaryImageOfPage":{"@id":"https:\/\/www.mundoagropecuario.cl\/new\/reafirma-compromiso-en-apoyo-a-los-productores-de-frutilla-afectados-por-nematodo\/#primaryimage"},"image":{"@id":"https:\/\/www.mundoagropecuario.cl\/new\/reafirma-compromiso-en-apoyo-a-los-productores-de-frutilla-afectados-por-nematodo\/#primaryimage"},"thumbnailUrl":"https:\/\/www.mundoagropecuario.cl\/new\/wp-content\/uploads\/2018\/06\/frutillas.jpg","datePublished":"2022-11-14T13:56:34+00:00","dateModified":"2022-11-18T15:30:25+00:00","description":"Cabe se\u00f1alar que el SAG durante esta semana realizar\u00e1 un remuestreo a los lotes que a\u00fan contin\u00faan positivos pese al tratamiento con fosfina.","breadcrumb":{"@id":"https:\/\/www.mundoagropecuario.cl\/new\/reafirma-compromiso-en-apoyo-a-los-productores-de-frutilla-afectados-por-nematodo\/#breadcrumb"},"inLanguage":"es","potentialAction":[{"@type":"ReadAction","target":["https:\/\/www.mundoagropecuario.cl\/new\/reafirma-compromiso-en-apoyo-a-los-productores-de-frutilla-afectados-por-nematodo\/"]}]},{"@type":"ImageObject","inLanguage":"es","@id":"https:\/\/www.mundoagropecuario.cl\/new\/reafirma-compromiso-en-apoyo-a-los-productores-de-frutilla-afectados-por-nematodo\/#primaryimage","url":"https:\/\/www.mundoagropecuario.cl\/new\/wp-content\/uploads\/2018\/06\/frutillas.jpg","contentUrl":"https:\/\/www.mundoagropecuario.cl\/new\/wp-content\/uploads\/2018\/06\/frutillas.jpg","width":601,"height":400},{"@type":"BreadcrumbList","@id":"https:\/\/www.mundoagropecuario.cl\/new\/reafirma-compromiso-en-apoyo-a-los-productores-de-frutilla-afectados-por-nematodo\/#breadcrumb","itemListElement":[{"@type":"ListItem","position":1,"name":"Portada","item":"https:\/\/www.mundoagropecuario.cl\/new\/"},{"@type":"ListItem","position":2,"name":"Reafirma compromiso en apoyo a los productores de frutilla afectados por nematodo"}]},{"@type":"WebSite","@id":"https:\/\/www.mundoagropecuario.cl\/new\/#website","url":"https:\/\/www.mundoagropecuario.cl\/new\/","name":"Mundoagropecuario","description":"Mundo Agropecuario","publisher":{"@id":"https:\/\/www.mundoagropecuario.cl\/new\/#organization"},"potentialAction":[{"@type":"SearchAction","target":{"@type":"EntryPoint","urlTemplate":"https:\/\/www.mundoagropecuario.cl\/new\/?s={search_term_string}"},"query-input":{"@type":"PropertyValueSpecification","valueRequired":true,"valueName":"search_term_string"}}],"inLanguage":"es"},{"@type":"Organization","@id":"https:\/\/www.mundoagropecuario.cl\/new\/#organization","name":"Revista de Agricultura","url":"https:\/\/www.mundoagropecuario.cl\/new\/","logo":{"@type":"ImageObject","inLanguage":"es","@id":"https:\/\/www.mundoagropecuario.cl\/new\/#\/schema\/logo\/image\/","url":"https:\/\/www.mundoagropecuario.cl\/new\/wp-content\/uploads\/2020\/11\/PORTAL-1-1.png","contentUrl":"https:\/\/www.mundoagropecuario.cl\/new\/wp-content\/uploads\/2020\/11\/PORTAL-1-1.png","width":1026,"height":100,"caption":"Revista de Agricultura"},"image":{"@id":"https:\/\/www.mundoagropecuario.cl\/new\/#\/schema\/logo\/image\/"},"sameAs":["https:\/\/www.facebook.com\/mundo.agropecuario.3","https:\/\/x.com\/MundoAgropecuar","https:\/\/www.linkedin.com\/in\/mundo-agropecuario-934009201\/"]},{"@type":"Person","@id":"https:\/\/www.mundoagropecuario.cl\/new\/#\/schema\/person\/4e9f74a82a7dac260eb1c44b7eebeb18","name":"mundo","url":"https:\/\/www.mundoagropecuario.cl\/new\/author\/mundo\/"}]}},"_links":{"self":[{"href":"https:\/\/www.mundoagropecuario.cl\/new\/wp-json\/wp\/v2\/posts\/23274","targetHints":{"allow":["GET"]}}],"collection":[{"href":"https:\/\/www.mundoagropecuario.cl\/new\/wp-json\/wp\/v2\/posts"}],"about":[{"href":"https:\/\/www.mundoagropecuario.cl\/new\/wp-json\/wp\/v2\/types\/post"}],"author":[{"embeddable":true,"href":"https:\/\/www.mundoagropecuario.cl\/new\/wp-json\/wp\/v2\/users\/2"}],"replies":[{"embeddable":true,"href":"https:\/\/www.mundoagropecuario.cl\/new\/wp-json\/wp\/v2\/comments?post=23274"}],"version-history":[{"count":1,"href":"https:\/\/www.mundoagropecuario.cl\/new\/wp-json\/wp\/v2\/posts\/23274\/revisions"}],"predecessor-version":[{"id":23275,"href":"https:\/\/www.mundoagropecuario.cl\/new\/wp-json\/wp\/v2\/posts\/23274\/revisions\/23275"}],"wp:featuredmedia":[{"embeddable":true,"href":"https:\/\/www.mundoagropecuario.cl\/new\/wp-json\/wp\/v2\/media\/7244"}],"wp:attachment":[{"href":"https:\/\/www.mundoagropecuario.cl\/new\/wp-json\/wp\/v2\/media?parent=23274"}],"wp:term":[{"taxonomy":"category","embeddable":true,"href":"https:\/\/www.mundoagropecuario.cl\/new\/wp-json\/wp\/v2\/categories?post=23274"},{"taxonomy":"post_tag","embeddable":true,"href":"https:\/\/www.mundoagropecuario.cl\/new\/wp-json\/wp\/v2\/tags?post=23274"}],"curies":[{"name":"wp","href":"https:\/\/api.w.org\/{rel}","templated":true}]}}