{"id":23270,"date":"2022-11-11T17:44:15","date_gmt":"2022-11-11T20:44:15","guid":{"rendered":"https:\/\/www.mundoagropecuario.cl\/new\/?p=23270"},"modified":"2022-11-18T12:30:01","modified_gmt":"2022-11-18T15:30:01","slug":"productores-lecheros-se-capacitan-respecto-a-la-reforma-del-nuevo-codigo-de-aguas","status":"publish","type":"post","link":"https:\/\/www.mundoagropecuario.cl\/new\/productores-lecheros-se-capacitan-respecto-a-la-reforma-del-nuevo-codigo-de-aguas\/","title":{"rendered":"Productores lecheros se capacitan respecto a la reforma del nuevo C\u00f3digo de Aguas"},"content":{"rendered":"<blockquote>\n<h2><span style=\"color: #003366;\">Luego de m\u00e1s de una d\u00e9cada de tramitaci\u00f3n en el Congreso, en abril de este a\u00f1o, se public\u00f3 en el Diario Oficial y entr\u00f3 en vigencia la Ley N\u00b0 21.435 que reforma el C\u00f3digo de Aguas, la cual busca reforzar el car\u00e1cter de bien p\u00fablico del agua y consagrar una nueva regulaci\u00f3n para la constituci\u00f3n, ejercicio y extinci\u00f3n de los derechos, a la vez que protege y fortalece la funci\u00f3n que cumple el agua dulce en los ecosistemas terrestres.<\/span><\/h2>\n<\/blockquote>\n<p>Por esta raz\u00f3n, esta semana la Asociaci\u00f3n Gremial de Productores de Leche de Osorno (Aproleche Osorno), realiz\u00f3 una charla denominada &#8220;Implementando normativa, C\u00f3digo de Aguas&#8221;, instancia efectuada en el Club de Campo y de la cual participaron m\u00e1s de 30 agricultores de la zona.<\/p>\n<p>Esta jornada desarrollada por la Asociaci\u00f3n Gremial, cont\u00f3 con ponencias de la Direcci\u00f3n General de Aguas (DGA) y Agroriego, y centr\u00f3 su atenci\u00f3n en esta modificaci\u00f3n a la Ley, la cual reafirma el car\u00e1cter de derecho real de los Aprovechamientos de Aguas (DAA). Sin embargo, recalca que los nuevos Derechos de Aprovechamiento de Aguas que se constituyan, tendr\u00e1n l\u00edmites temporales hasta por 30 a\u00f1os, prorrogables autom\u00e1ticamente, salvo que la Direcci\u00f3n General de Aguas (DGA) pruebe su no uso efectivo o la afectaci\u00f3n a la sustentabilidad de la fuente.<\/p>\n<p>Asimismo, en esta actividad se convers\u00f3 y recalc\u00f3 la importancia de la formaci\u00f3n de comunidades de usuarios de agua.<\/p>\n<p><a href=\"https:\/\/www.mundoagropecuario.cl\/new\/wp-content\/uploads\/2022\/11\/Aproleche-3.jpg\"><img loading=\"lazy\" decoding=\"async\" class=\"size-medium wp-image-23271 alignright\" src=\"https:\/\/www.mundoagropecuario.cl\/new\/wp-content\/uploads\/2022\/11\/Aproleche-3-586x330.jpg\" alt=\"\" width=\"586\" height=\"330\" srcset=\"https:\/\/www.mundoagropecuario.cl\/new\/wp-content\/uploads\/2022\/11\/Aproleche-3-586x330.jpg 586w, https:\/\/www.mundoagropecuario.cl\/new\/wp-content\/uploads\/2022\/11\/Aproleche-3-768x433.jpg 768w, https:\/\/www.mundoagropecuario.cl\/new\/wp-content\/uploads\/2022\/11\/Aproleche-3.jpg 710w\" sizes=\"auto, (max-width: 586px) 100vw, 586px\" \/><\/a>A su vez, Agroriego reforz\u00f3 la alianza junto a Aproleche Osorno, con el objetivo de brindar a los asociados, el apoyo t\u00e9cnico comercial en el \u00e1rea h\u00eddrica y una mayor cantidad de herramientas para un uso eficiente de agua en los predios.<\/p>\n<p>Fabiola Pizarro, directora regional de la Direcci\u00f3n General de Aguas (DGA), sostuvo que el objetivo de esta reuni\u00f3n naci\u00f3 de una iniciativa e inter\u00e9s de Aproleche, respecto a conformar una organizaci\u00f3n de usuarios, en base a lo que establece el c\u00f3digo de aguas. &#8220;En esta charla buscamos entregar los distintos ejes de este c\u00f3digo, el cual prioriza el consumo humano, y los asignamientos y usos de subsistencia del agua. Adem\u00e1s, conversamos sobre c\u00f3mo se conforma una comunidad de agua, ya que para nosotros es sumamente importante promover estas instancias, donde la comunidad se pueda organizar y transformarse en protagonistas en la gesti\u00f3n del recurso h\u00eddrico\u201d, manifest\u00f3 Pizarro.<\/p>\n<p>Asimismo, Nicol\u00e1s Ureta, Jefe Departamento de Organizaciones de Usuarios de la Direcci\u00f3n General de Aguas (DGA), sostuvo que &#8220;hoy como Direcci\u00f3n General estamos realizando labores en el acu\u00edfero R\u00edo Bueno Medio, y nuestra idea es avanzar en un trabajo progresivo, de corto y mediano plazo, para la formaci\u00f3n de las comunidades de aguas subterr\u00e1neas de Rahue y de r\u00edo Maull\u00edn,\u00a0 por lo tanto nuestra idea fue conversar sobre las funciones de las comunidades y cu\u00e1les son los deberes, obligaciones y fortalezas de poder contar con esta red\u201d.<\/p>\n<p>Por su parte Daniel Held, socio y productor de Aproleche Osorno, apunt\u00f3 que este tipo de charlas son muy necesarias para el desarrollo del sector. \u201cCreo que asistir a estas actividades como productores es muy interesante y provechoso, ya que este tipo de aclaraciones sobre los cambios en la ley tienen una gran connotaci\u00f3n para nosotros como agricultores y nos permiten entender de mejor manera estas reformas. Por eso, es muy importante mantener estas instancias, ya que nos permiten saber sobre la contingencia que nos concierne como productores\u201d.<\/p>\n<p>Finalmente Anita Jans, gerente de Aproleche Osorno, recalc\u00f3 que como Asociaci\u00f3n Gremial cuentan con los espacios de conversaci\u00f3n para que sus asociados est\u00e9n siempre informados. \u201cEs fundamental que nuestros socios y productores participen de estas actividades, ya que son temas muchas veces t\u00e9cnicos, los cuales conllevan diferentes aristas, por lo tanto para nosotros es muy importante poder entregar estas informaciones para la gesti\u00f3n de sus negocios\u201d.<\/p>\n","protected":false},"excerpt":{"rendered":"<p>Aproleche realiz\u00f3 una charla denominada &#8220;Implementando normativa, C\u00f3digo de Aguas&#8221;, instancia de la cual participaron m\u00e1s de 30 agricultores de la zona.<\/p>\n","protected":false},"author":2,"featured_media":23272,"comment_status":"closed","ping_status":"closed","sticky":false,"template":"","format":"standard","meta":{"footnotes":""},"categories":[1946],"tags":[7578,2126,6800,7576,7577,2051,3234],"class_list":["post-23270","post","type-post","status-publish","format-standard","has-post-thumbnail","hentry","category-lacteos","tag-anita-jans","tag-aproleche-osorno","tag-aqua","tag-derecho-de-aguas","tag-direccion-general-de-aguas","tag-leche","tag-productores-lecheros"],"yoast_head":"<!-- This site is optimized with the Yoast SEO plugin v26.6 - https:\/\/yoast.com\/wordpress\/plugins\/seo\/ -->\n<title>Productores lecheros se capacitan respecto a la reforma del nuevo C\u00f3digo de Aguas - Mundoagropecuario<\/title>\n<meta name=\"description\" content=\"Aproleche realiz\u00f3 una charla denominada &quot;Implementando normativa, C\u00f3digo de Aguas&quot;, instancia de la cual participaron m\u00e1s de 30 agricultores.\" \/>\n<meta name=\"robots\" content=\"index, follow, max-snippet:-1, max-image-preview:large, max-video-preview:-1\" \/>\n<link rel=\"canonical\" href=\"https:\/\/www.mundoagropecuario.cl\/new\/productores-lecheros-se-capacitan-respecto-a-la-reforma-del-nuevo-codigo-de-aguas\/\" \/>\n<meta property=\"og:locale\" content=\"es_ES\" \/>\n<meta property=\"og:type\" content=\"article\" \/>\n<meta property=\"og:title\" content=\"Productores lecheros se capacitan respecto a la reforma del nuevo C\u00f3digo de Aguas - Mundoagropecuario\" \/>\n<meta property=\"og:description\" content=\"Aproleche realiz\u00f3 una charla denominada &quot;Implementando normativa, C\u00f3digo de Aguas&quot;, instancia de la cual participaron m\u00e1s de 30 agricultores.\" \/>\n<meta property=\"og:url\" content=\"https:\/\/www.mundoagropecuario.cl\/new\/productores-lecheros-se-capacitan-respecto-a-la-reforma-del-nuevo-codigo-de-aguas\/\" \/>\n<meta property=\"og:site_name\" content=\"Mundoagropecuario\" \/>\n<meta property=\"article:publisher\" content=\"https:\/\/www.facebook.com\/mundo.agropecuario.3\" \/>\n<meta property=\"article:published_time\" content=\"2022-11-11T20:44:15+00:00\" \/>\n<meta property=\"article:modified_time\" content=\"2022-11-18T15:30:01+00:00\" \/>\n<meta property=\"og:image\" content=\"https:\/\/www.mundoagropecuario.cl\/new\/wp-content\/uploads\/2022\/11\/Aproleche-IMG4-scaled.jpg\" \/>\n\t<meta property=\"og:image:width\" content=\"1024\" \/>\n\t<meta property=\"og:image:height\" content=\"575\" \/>\n\t<meta property=\"og:image:type\" content=\"image\/jpeg\" \/>\n<meta name=\"author\" content=\"mundo\" \/>\n<meta name=\"twitter:card\" content=\"summary_large_image\" \/>\n<meta name=\"twitter:creator\" content=\"@MundoAgropecuar\" \/>\n<meta name=\"twitter:site\" content=\"@MundoAgropecuar\" \/>\n<meta name=\"twitter:label1\" content=\"Escrito por\" \/>\n\t<meta name=\"twitter:data1\" content=\"mundo\" \/>\n\t<meta name=\"twitter:label2\" content=\"Tiempo de lectura\" \/>\n\t<meta name=\"twitter:data2\" content=\"4 minutos\" \/>\n<script type=\"application\/ld+json\" class=\"yoast-schema-graph\">{\"@context\":\"https:\/\/schema.org\",\"@graph\":[{\"@type\":\"Article\",\"@id\":\"https:\/\/www.mundoagropecuario.cl\/new\/productores-lecheros-se-capacitan-respecto-a-la-reforma-del-nuevo-codigo-de-aguas\/#article\",\"isPartOf\":{\"@id\":\"https:\/\/www.mundoagropecuario.cl\/new\/productores-lecheros-se-capacitan-respecto-a-la-reforma-del-nuevo-codigo-de-aguas\/\"},\"author\":{\"name\":\"mundo\",\"@id\":\"https:\/\/www.mundoagropecuario.cl\/new\/#\/schema\/person\/4e9f74a82a7dac260eb1c44b7eebeb18\"},\"headline\":\"Productores lecheros se capacitan respecto a la reforma del nuevo C\u00f3digo de Aguas\",\"datePublished\":\"2022-11-11T20:44:15+00:00\",\"dateModified\":\"2022-11-18T15:30:01+00:00\",\"mainEntityOfPage\":{\"@id\":\"https:\/\/www.mundoagropecuario.cl\/new\/productores-lecheros-se-capacitan-respecto-a-la-reforma-del-nuevo-codigo-de-aguas\/\"},\"wordCount\":686,\"publisher\":{\"@id\":\"https:\/\/www.mundoagropecuario.cl\/new\/#organization\"},\"image\":{\"@id\":\"https:\/\/www.mundoagropecuario.cl\/new\/productores-lecheros-se-capacitan-respecto-a-la-reforma-del-nuevo-codigo-de-aguas\/#primaryimage\"},\"thumbnailUrl\":\"https:\/\/www.mundoagropecuario.cl\/new\/wp-content\/uploads\/2022\/11\/Aproleche-IMG4-scaled.jpg\",\"keywords\":[\"Anita Jans\",\"Aproleche Osorno\",\"Aqua\",\"Derecho de aguas\",\"Direcci\u00f3n General de Aguas\",\"Leche\",\"productores lecheros\"],\"articleSection\":[\"L\u00e1cteos\"],\"inLanguage\":\"es\"},{\"@type\":\"WebPage\",\"@id\":\"https:\/\/www.mundoagropecuario.cl\/new\/productores-lecheros-se-capacitan-respecto-a-la-reforma-del-nuevo-codigo-de-aguas\/\",\"url\":\"https:\/\/www.mundoagropecuario.cl\/new\/productores-lecheros-se-capacitan-respecto-a-la-reforma-del-nuevo-codigo-de-aguas\/\",\"name\":\"Productores lecheros se capacitan respecto a la reforma del nuevo C\u00f3digo de Aguas - Mundoagropecuario\",\"isPartOf\":{\"@id\":\"https:\/\/www.mundoagropecuario.cl\/new\/#website\"},\"primaryImageOfPage\":{\"@id\":\"https:\/\/www.mundoagropecuario.cl\/new\/productores-lecheros-se-capacitan-respecto-a-la-reforma-del-nuevo-codigo-de-aguas\/#primaryimage\"},\"image\":{\"@id\":\"https:\/\/www.mundoagropecuario.cl\/new\/productores-lecheros-se-capacitan-respecto-a-la-reforma-del-nuevo-codigo-de-aguas\/#primaryimage\"},\"thumbnailUrl\":\"https:\/\/www.mundoagropecuario.cl\/new\/wp-content\/uploads\/2022\/11\/Aproleche-IMG4-scaled.jpg\",\"datePublished\":\"2022-11-11T20:44:15+00:00\",\"dateModified\":\"2022-11-18T15:30:01+00:00\",\"description\":\"Aproleche realiz\u00f3 una charla denominada \\\"Implementando normativa, C\u00f3digo de Aguas\\\", instancia de la cual participaron m\u00e1s de 30 agricultores.\",\"breadcrumb\":{\"@id\":\"https:\/\/www.mundoagropecuario.cl\/new\/productores-lecheros-se-capacitan-respecto-a-la-reforma-del-nuevo-codigo-de-aguas\/#breadcrumb\"},\"inLanguage\":\"es\",\"potentialAction\":[{\"@type\":\"ReadAction\",\"target\":[\"https:\/\/www.mundoagropecuario.cl\/new\/productores-lecheros-se-capacitan-respecto-a-la-reforma-del-nuevo-codigo-de-aguas\/\"]}]},{\"@type\":\"ImageObject\",\"inLanguage\":\"es\",\"@id\":\"https:\/\/www.mundoagropecuario.cl\/new\/productores-lecheros-se-capacitan-respecto-a-la-reforma-del-nuevo-codigo-de-aguas\/#primaryimage\",\"url\":\"https:\/\/www.mundoagropecuario.cl\/new\/wp-content\/uploads\/2022\/11\/Aproleche-IMG4-scaled.jpg\",\"contentUrl\":\"https:\/\/www.mundoagropecuario.cl\/new\/wp-content\/uploads\/2022\/11\/Aproleche-IMG4-scaled.jpg\",\"width\":712,\"height\":400},{\"@type\":\"BreadcrumbList\",\"@id\":\"https:\/\/www.mundoagropecuario.cl\/new\/productores-lecheros-se-capacitan-respecto-a-la-reforma-del-nuevo-codigo-de-aguas\/#breadcrumb\",\"itemListElement\":[{\"@type\":\"ListItem\",\"position\":1,\"name\":\"Portada\",\"item\":\"https:\/\/www.mundoagropecuario.cl\/new\/\"},{\"@type\":\"ListItem\",\"position\":2,\"name\":\"Productores lecheros se capacitan respecto a la reforma del nuevo C\u00f3digo de Aguas\"}]},{\"@type\":\"WebSite\",\"@id\":\"https:\/\/www.mundoagropecuario.cl\/new\/#website\",\"url\":\"https:\/\/www.mundoagropecuario.cl\/new\/\",\"name\":\"Mundoagropecuario\",\"description\":\"Mundo Agropecuario\",\"publisher\":{\"@id\":\"https:\/\/www.mundoagropecuario.cl\/new\/#organization\"},\"potentialAction\":[{\"@type\":\"SearchAction\",\"target\":{\"@type\":\"EntryPoint\",\"urlTemplate\":\"https:\/\/www.mundoagropecuario.cl\/new\/?s={search_term_string}\"},\"query-input\":{\"@type\":\"PropertyValueSpecification\",\"valueRequired\":true,\"valueName\":\"search_term_string\"}}],\"inLanguage\":\"es\"},{\"@type\":\"Organization\",\"@id\":\"https:\/\/www.mundoagropecuario.cl\/new\/#organization\",\"name\":\"Revista de Agricultura\",\"url\":\"https:\/\/www.mundoagropecuario.cl\/new\/\",\"logo\":{\"@type\":\"ImageObject\",\"inLanguage\":\"es\",\"@id\":\"https:\/\/www.mundoagropecuario.cl\/new\/#\/schema\/logo\/image\/\",\"url\":\"https:\/\/www.mundoagropecuario.cl\/new\/wp-content\/uploads\/2020\/11\/PORTAL-1-1.png\",\"contentUrl\":\"https:\/\/www.mundoagropecuario.cl\/new\/wp-content\/uploads\/2020\/11\/PORTAL-1-1.png\",\"width\":1026,\"height\":100,\"caption\":\"Revista de Agricultura\"},\"image\":{\"@id\":\"https:\/\/www.mundoagropecuario.cl\/new\/#\/schema\/logo\/image\/\"},\"sameAs\":[\"https:\/\/www.facebook.com\/mundo.agropecuario.3\",\"https:\/\/x.com\/MundoAgropecuar\",\"https:\/\/www.linkedin.com\/in\/mundo-agropecuario-934009201\/\"]},{\"@type\":\"Person\",\"@id\":\"https:\/\/www.mundoagropecuario.cl\/new\/#\/schema\/person\/4e9f74a82a7dac260eb1c44b7eebeb18\",\"name\":\"mundo\",\"url\":\"https:\/\/www.mundoagropecuario.cl\/new\/author\/mundo\/\"}]}<\/script>\n<!-- \/ Yoast SEO plugin. -->","yoast_head_json":{"title":"Productores lecheros se capacitan respecto a la reforma del nuevo C\u00f3digo de Aguas - Mundoagropecuario","description":"Aproleche realiz\u00f3 una charla denominada \"Implementando normativa, C\u00f3digo de Aguas\", instancia de la cual participaron m\u00e1s de 30 agricultores.","robots":{"index":"index","follow":"follow","max-snippet":"max-snippet:-1","max-image-preview":"max-image-preview:large","max-video-preview":"max-video-preview:-1"},"canonical":"https:\/\/www.mundoagropecuario.cl\/new\/productores-lecheros-se-capacitan-respecto-a-la-reforma-del-nuevo-codigo-de-aguas\/","og_locale":"es_ES","og_type":"article","og_title":"Productores lecheros se capacitan respecto a la reforma del nuevo C\u00f3digo de Aguas - Mundoagropecuario","og_description":"Aproleche realiz\u00f3 una charla denominada \"Implementando normativa, C\u00f3digo de Aguas\", instancia de la cual participaron m\u00e1s de 30 agricultores.","og_url":"https:\/\/www.mundoagropecuario.cl\/new\/productores-lecheros-se-capacitan-respecto-a-la-reforma-del-nuevo-codigo-de-aguas\/","og_site_name":"Mundoagropecuario","article_publisher":"https:\/\/www.facebook.com\/mundo.agropecuario.3","article_published_time":"2022-11-11T20:44:15+00:00","article_modified_time":"2022-11-18T15:30:01+00:00","og_image":[{"width":1024,"height":575,"url":"https:\/\/www.mundoagropecuario.cl\/new\/wp-content\/uploads\/2022\/11\/Aproleche-IMG4-scaled.jpg","type":"image\/jpeg"}],"author":"mundo","twitter_card":"summary_large_image","twitter_creator":"@MundoAgropecuar","twitter_site":"@MundoAgropecuar","twitter_misc":{"Escrito por":"mundo","Tiempo de lectura":"4 minutos"},"schema":{"@context":"https:\/\/schema.org","@graph":[{"@type":"Article","@id":"https:\/\/www.mundoagropecuario.cl\/new\/productores-lecheros-se-capacitan-respecto-a-la-reforma-del-nuevo-codigo-de-aguas\/#article","isPartOf":{"@id":"https:\/\/www.mundoagropecuario.cl\/new\/productores-lecheros-se-capacitan-respecto-a-la-reforma-del-nuevo-codigo-de-aguas\/"},"author":{"name":"mundo","@id":"https:\/\/www.mundoagropecuario.cl\/new\/#\/schema\/person\/4e9f74a82a7dac260eb1c44b7eebeb18"},"headline":"Productores lecheros se capacitan respecto a la reforma del nuevo C\u00f3digo de Aguas","datePublished":"2022-11-11T20:44:15+00:00","dateModified":"2022-11-18T15:30:01+00:00","mainEntityOfPage":{"@id":"https:\/\/www.mundoagropecuario.cl\/new\/productores-lecheros-se-capacitan-respecto-a-la-reforma-del-nuevo-codigo-de-aguas\/"},"wordCount":686,"publisher":{"@id":"https:\/\/www.mundoagropecuario.cl\/new\/#organization"},"image":{"@id":"https:\/\/www.mundoagropecuario.cl\/new\/productores-lecheros-se-capacitan-respecto-a-la-reforma-del-nuevo-codigo-de-aguas\/#primaryimage"},"thumbnailUrl":"https:\/\/www.mundoagropecuario.cl\/new\/wp-content\/uploads\/2022\/11\/Aproleche-IMG4-scaled.jpg","keywords":["Anita Jans","Aproleche Osorno","Aqua","Derecho de aguas","Direcci\u00f3n General de Aguas","Leche","productores lecheros"],"articleSection":["L\u00e1cteos"],"inLanguage":"es"},{"@type":"WebPage","@id":"https:\/\/www.mundoagropecuario.cl\/new\/productores-lecheros-se-capacitan-respecto-a-la-reforma-del-nuevo-codigo-de-aguas\/","url":"https:\/\/www.mundoagropecuario.cl\/new\/productores-lecheros-se-capacitan-respecto-a-la-reforma-del-nuevo-codigo-de-aguas\/","name":"Productores lecheros se capacitan respecto a la reforma del nuevo C\u00f3digo de Aguas - Mundoagropecuario","isPartOf":{"@id":"https:\/\/www.mundoagropecuario.cl\/new\/#website"},"primaryImageOfPage":{"@id":"https:\/\/www.mundoagropecuario.cl\/new\/productores-lecheros-se-capacitan-respecto-a-la-reforma-del-nuevo-codigo-de-aguas\/#primaryimage"},"image":{"@id":"https:\/\/www.mundoagropecuario.cl\/new\/productores-lecheros-se-capacitan-respecto-a-la-reforma-del-nuevo-codigo-de-aguas\/#primaryimage"},"thumbnailUrl":"https:\/\/www.mundoagropecuario.cl\/new\/wp-content\/uploads\/2022\/11\/Aproleche-IMG4-scaled.jpg","datePublished":"2022-11-11T20:44:15+00:00","dateModified":"2022-11-18T15:30:01+00:00","description":"Aproleche realiz\u00f3 una charla denominada \"Implementando normativa, C\u00f3digo de Aguas\", instancia de la cual participaron m\u00e1s de 30 agricultores.","breadcrumb":{"@id":"https:\/\/www.mundoagropecuario.cl\/new\/productores-lecheros-se-capacitan-respecto-a-la-reforma-del-nuevo-codigo-de-aguas\/#breadcrumb"},"inLanguage":"es","potentialAction":[{"@type":"ReadAction","target":["https:\/\/www.mundoagropecuario.cl\/new\/productores-lecheros-se-capacitan-respecto-a-la-reforma-del-nuevo-codigo-de-aguas\/"]}]},{"@type":"ImageObject","inLanguage":"es","@id":"https:\/\/www.mundoagropecuario.cl\/new\/productores-lecheros-se-capacitan-respecto-a-la-reforma-del-nuevo-codigo-de-aguas\/#primaryimage","url":"https:\/\/www.mundoagropecuario.cl\/new\/wp-content\/uploads\/2022\/11\/Aproleche-IMG4-scaled.jpg","contentUrl":"https:\/\/www.mundoagropecuario.cl\/new\/wp-content\/uploads\/2022\/11\/Aproleche-IMG4-scaled.jpg","width":712,"height":400},{"@type":"BreadcrumbList","@id":"https:\/\/www.mundoagropecuario.cl\/new\/productores-lecheros-se-capacitan-respecto-a-la-reforma-del-nuevo-codigo-de-aguas\/#breadcrumb","itemListElement":[{"@type":"ListItem","position":1,"name":"Portada","item":"https:\/\/www.mundoagropecuario.cl\/new\/"},{"@type":"ListItem","position":2,"name":"Productores lecheros se capacitan respecto a la reforma del nuevo C\u00f3digo de Aguas"}]},{"@type":"WebSite","@id":"https:\/\/www.mundoagropecuario.cl\/new\/#website","url":"https:\/\/www.mundoagropecuario.cl\/new\/","name":"Mundoagropecuario","description":"Mundo Agropecuario","publisher":{"@id":"https:\/\/www.mundoagropecuario.cl\/new\/#organization"},"potentialAction":[{"@type":"SearchAction","target":{"@type":"EntryPoint","urlTemplate":"https:\/\/www.mundoagropecuario.cl\/new\/?s={search_term_string}"},"query-input":{"@type":"PropertyValueSpecification","valueRequired":true,"valueName":"search_term_string"}}],"inLanguage":"es"},{"@type":"Organization","@id":"https:\/\/www.mundoagropecuario.cl\/new\/#organization","name":"Revista de Agricultura","url":"https:\/\/www.mundoagropecuario.cl\/new\/","logo":{"@type":"ImageObject","inLanguage":"es","@id":"https:\/\/www.mundoagropecuario.cl\/new\/#\/schema\/logo\/image\/","url":"https:\/\/www.mundoagropecuario.cl\/new\/wp-content\/uploads\/2020\/11\/PORTAL-1-1.png","contentUrl":"https:\/\/www.mundoagropecuario.cl\/new\/wp-content\/uploads\/2020\/11\/PORTAL-1-1.png","width":1026,"height":100,"caption":"Revista de Agricultura"},"image":{"@id":"https:\/\/www.mundoagropecuario.cl\/new\/#\/schema\/logo\/image\/"},"sameAs":["https:\/\/www.facebook.com\/mundo.agropecuario.3","https:\/\/x.com\/MundoAgropecuar","https:\/\/www.linkedin.com\/in\/mundo-agropecuario-934009201\/"]},{"@type":"Person","@id":"https:\/\/www.mundoagropecuario.cl\/new\/#\/schema\/person\/4e9f74a82a7dac260eb1c44b7eebeb18","name":"mundo","url":"https:\/\/www.mundoagropecuario.cl\/new\/author\/mundo\/"}]}},"_links":{"self":[{"href":"https:\/\/www.mundoagropecuario.cl\/new\/wp-json\/wp\/v2\/posts\/23270","targetHints":{"allow":["GET"]}}],"collection":[{"href":"https:\/\/www.mundoagropecuario.cl\/new\/wp-json\/wp\/v2\/posts"}],"about":[{"href":"https:\/\/www.mundoagropecuario.cl\/new\/wp-json\/wp\/v2\/types\/post"}],"author":[{"embeddable":true,"href":"https:\/\/www.mundoagropecuario.cl\/new\/wp-json\/wp\/v2\/users\/2"}],"replies":[{"embeddable":true,"href":"https:\/\/www.mundoagropecuario.cl\/new\/wp-json\/wp\/v2\/comments?post=23270"}],"version-history":[{"count":1,"href":"https:\/\/www.mundoagropecuario.cl\/new\/wp-json\/wp\/v2\/posts\/23270\/revisions"}],"predecessor-version":[{"id":23273,"href":"https:\/\/www.mundoagropecuario.cl\/new\/wp-json\/wp\/v2\/posts\/23270\/revisions\/23273"}],"wp:featuredmedia":[{"embeddable":true,"href":"https:\/\/www.mundoagropecuario.cl\/new\/wp-json\/wp\/v2\/media\/23272"}],"wp:attachment":[{"href":"https:\/\/www.mundoagropecuario.cl\/new\/wp-json\/wp\/v2\/media?parent=23270"}],"wp:term":[{"taxonomy":"category","embeddable":true,"href":"https:\/\/www.mundoagropecuario.cl\/new\/wp-json\/wp\/v2\/categories?post=23270"},{"taxonomy":"post_tag","embeddable":true,"href":"https:\/\/www.mundoagropecuario.cl\/new\/wp-json\/wp\/v2\/tags?post=23270"}],"curies":[{"name":"wp","href":"https:\/\/api.w.org\/{rel}","templated":true}]}}