{"id":23211,"date":"2022-11-07T10:20:39","date_gmt":"2022-11-07T13:20:39","guid":{"rendered":"https:\/\/www.mundoagropecuario.cl\/new\/?p=23211"},"modified":"2022-11-08T11:58:49","modified_gmt":"2022-11-08T14:58:49","slug":"uso-de-bioinsumos-para-combatir-efectos-del-cambio-climatico-en-el-agro","status":"publish","type":"post","link":"https:\/\/www.mundoagropecuario.cl\/new\/uso-de-bioinsumos-para-combatir-efectos-del-cambio-climatico-en-el-agro\/","title":{"rendered":"Uso de bioinsumos para combatir efectos del cambio clim\u00e1tico en el agro"},"content":{"rendered":"<blockquote>\n<h2><span style=\"color: #333300;\">Juan Sandoval es un productor de tomate de la Agr\u00edcola Huertos Ca\u00f1ete en el sector Cai Cai de Limache, y lleva dos a\u00f1os usando microorganismos con excelentes resultados de crecimiento y sanidad de su cultivo de tomate.<\/span><\/h2>\n<\/blockquote>\n<p>Los efectos favorables que ha observado en el suelo con el uso de estos microorganismos micorrizas (Trichodermas) son notables. \u201cAntiguamente fumig\u00e1bamos los suelos con productos que nos generaba un suelo muy inerte; y tener un suelo inerte no es econ\u00f3mico. Con el uso de micorriza hemos podido mejorar el suelo sin el uso de otros productos que acaban con toda la riqueza que hay presente en el suelo \u201c<\/p>\n<p>Don Juan, al igual que un grupo de agricultores se reunieron en seminario sobre el uso de bioinsumos para combatir efectos del cambio clim\u00e1tico en el agro.<\/p>\n<p><a href=\"https:\/\/www.mundoagropecuario.cl\/new\/wp-content\/uploads\/2022\/11\/Juan-Sandoval-productor-de-tomate-en-Limache.jpeg\"><img loading=\"lazy\" decoding=\"async\" class=\"size-medium wp-image-23212 alignright\" src=\"https:\/\/www.mundoagropecuario.cl\/new\/wp-content\/uploads\/2022\/11\/Juan-Sandoval-productor-de-tomate-en-Limache-562x490.jpeg\" alt=\"\" width=\"562\" height=\"490\" srcset=\"https:\/\/www.mundoagropecuario.cl\/new\/wp-content\/uploads\/2022\/11\/Juan-Sandoval-productor-de-tomate-en-Limache-562x490.jpeg 562w, https:\/\/www.mundoagropecuario.cl\/new\/wp-content\/uploads\/2022\/11\/Juan-Sandoval-productor-de-tomate-en-Limache-768x670.jpeg 768w, https:\/\/www.mundoagropecuario.cl\/new\/wp-content\/uploads\/2022\/11\/Juan-Sandoval-productor-de-tomate-en-Limache-80x70.jpeg 80w, https:\/\/www.mundoagropecuario.cl\/new\/wp-content\/uploads\/2022\/11\/Juan-Sandoval-productor-de-tomate-en-Limache.jpeg 459w\" sizes=\"auto, (max-width: 562px) 100vw, 562px\" \/><\/a>Con el fin de buscar alternativas que permitan paliar los efectos negativos que el cambio clim\u00e1tico provoca en el sector agr\u00edcola, un grupo de cient\u00edficos y profesionales del agro presentaron ante productores los beneficios y resultados investigativos del uso de bioinsumos naturales en cultivos.<\/p>\n<p>El seminario se titul\u00f3 \u201cPromotores naturales de crecimiento para mitigar efectos del cambio clim\u00e1tico en plantas&#8221;, organizado por INIA y la Universidad de Chile, en el marco de una actividad de divulgaci\u00f3n cient\u00edfica del proyecto de investigaci\u00f3n Anillo-PASSA (ACT192073), donde la instituci\u00f3n principal es la Universidad de Chile, y asociadas el INIA y la Universidad Arturo Prat. Esta actividad se realiz\u00f3 en el auditorio del Instituto de Investigaciones Agropecuarias de La Cruz.<\/p>\n<p>La primera charla present\u00f3 los beneficios del uso de mol\u00e9culas vegetales antioxidantes, estudiadas actualmente como parte del proyecto PASSA, con las que se espera generar compuestos que puedan ser aplicados particularmente en la planta de tomate. Esta presentaci\u00f3n estuvo a cargo de Dr. Michael Handford, investigador de la Facultad de Ciencias de la Universidad de Chile.<\/p>\n<p>Adem\u00e1s, el investigador de INIA La Cruz, Dr. Juan Pablo Mart\u00ednez, mostr\u00f3 una serie de resultados de estudios, en el marco del mismo proyecto, acerca del uso de biocompuestos basados en microorganismos como las \u201crizobacterias\u201d (bacterias que se alojan en la zona de las ra\u00edces de las plantas), como insumos que aportan a que las plantas puedan tolerar de mejor forma la escasez de agua y la salinidad de la tierra.<\/p>\n<p>La presentaci\u00f3n final se titul\u00f3 \u201c\u00bfC\u00f3mo contribuyen los bioinsumos a enfrentar los desaf\u00edos del cambio clim\u00e1tico?\u201d, efectuada por Ingeniero Agr\u00f3nomo Cristian Estrada, director de la Red de Bioinsumos de Chile, agrupaci\u00f3n de profesionales y empresas del mercado de los bioinsumos, que promueve el uso de biofertilizantes y otros inoculantes microbianos en el sector agr\u00edcola. Esta presentaci\u00f3n abord\u00f3 las distintas bondades de la aplicaci\u00f3n de componentes como microorganismos para paliar efectos provocados por la sequ\u00eda y salinidad, que permiten ayudar a que las plantas toleren la falta de agua, refuercen su capacidad para acceder al recurso h\u00eddrico o se blinden frente a cantidades excesivas de sal de los suelos; entre otras.<\/p>\n<p>Para Claudia Stange, directora del proyecto PASSA -que organiza este seminario- \u201ces muy importante acercarnos al sector agr\u00edcola para mostrar nuestros avances en el proyecto que impulsamos, que busca contribuir a mitigar el efecto de la crisis clim\u00e1tica, en especial de la sequ\u00eda y salinidad que afecta a la agricultura. Esto es vital, porque de ella depende la generaci\u00f3n de nuestros alimentos\u201d.<\/p>\n<p>Por otro lado, Juan Pablo Mart\u00ednez de INIA La Cruz -instituto que coorganiza y aloja el evento, agrega que \u201ces muy importante mostrar lo que se est\u00e1 haciendo en investigaci\u00f3n b\u00e1sica y aplicada para resolver los problemas de los agricultores con sus cultivos en campo, y de esta hacer un cable a tierra entre lo que es la ciencia b\u00e1sica y aplicada con los manejos agron\u00f3micos requeridos por parte de los agricultores y empresas del agro\u201d.<\/p>\n<p>El evento reuni\u00f3 a los investigadores de los proyectos que coordinaron la actividad con productores locales de tomate -fruto en que se basaron los principales resultados cient\u00edficos presentados- y emprendedores del mundo agr\u00edcola.<\/p>\n<p>Juan Sandoval concluy\u00f3 que el investigador Juan Pablo Mart\u00ednez del INIA La Cruz le ha ense\u00f1ado c\u00f3mo usar las micorrizas en el suelo y en qu\u00e9 momento se incorpora en la l\u00ednea de riego. \u201cLlevo dos a\u00f1os usando este tipo de tecnolog\u00eda, que va a dar directo al suelo. He sido muy cuidadoso con la forma de aplicarlo y la verdad es que ver c\u00f3mo est\u00e1n las plantas ahora al interior del invernadero es una maravilla\u201d. Lo que m\u00e1s me interesa, recalca el agricultor, es mantener la calidad del suelo.<\/p>\n<p>Adem\u00e1s, este agricultor incorpora distintas pr\u00e1cticas agroecol\u00f3gicas. Los residuos que genera el cultivo, desbrote entre otros, se pasan por la m\u00e1quina chipeadora y se le pone a las lombrices.<\/p>\n<p>La cosecha de sus tomates parte ahora en noviembre y en temporadas anteriores alcanz\u00f3 una cosecha entre 7 y 8 mil cajones de tomate.<\/p>\n<p>Contacto de Prensa: Eliana San Mart\u00edn Cerda \/ email: esanmartin@inia.cl \/+569 93200026<\/p>\n","protected":false},"excerpt":{"rendered":"<p>La actividad se desarroll\u00f3 en el Instituto de Investigaciones Agropecuarias de La Cruz, en donde se congregaron agricultores, investigadores, empresas y profesionales de la ciencia y el agro.<\/p>\n","protected":false},"author":2,"featured_media":23213,"comment_status":"closed","ping_status":"closed","sticky":false,"template":"","format":"standard","meta":{"footnotes":""},"categories":[1945],"tags":[7554,2090,3127,6675,2052,3871,7555],"class_list":["post-23211","post","type-post","status-publish","format-standard","has-post-thumbnail","hentry","category-agricultura","tag-agricola-huertos","tag-agricultura","tag-agro","tag-agroecologicas","tag-inia","tag-inia-la-cruz","tag-inoculantes-microbianos"],"yoast_head":"<!-- This site is optimized with the Yoast SEO plugin v26.6 - https:\/\/yoast.com\/wordpress\/plugins\/seo\/ -->\n<title>Uso de bioinsumos para combatir efectos del cambio clim\u00e1tico en el agro - Mundoagropecuario<\/title>\n<meta name=\"description\" content=\"La actividad se desarroll\u00f3 en INIA La Cruz, donde se congregaron agricultores, investigadores, empresas y profesionales de la ciencia.\" \/>\n<meta name=\"robots\" content=\"index, follow, max-snippet:-1, max-image-preview:large, max-video-preview:-1\" \/>\n<link rel=\"canonical\" href=\"https:\/\/www.mundoagropecuario.cl\/new\/uso-de-bioinsumos-para-combatir-efectos-del-cambio-climatico-en-el-agro\/\" \/>\n<meta property=\"og:locale\" content=\"es_ES\" \/>\n<meta property=\"og:type\" content=\"article\" \/>\n<meta property=\"og:title\" content=\"Uso de bioinsumos para combatir efectos del cambio clim\u00e1tico en el agro - Mundoagropecuario\" \/>\n<meta property=\"og:description\" content=\"La actividad se desarroll\u00f3 en INIA La Cruz, donde se congregaron agricultores, investigadores, empresas y profesionales de la ciencia.\" \/>\n<meta property=\"og:url\" content=\"https:\/\/www.mundoagropecuario.cl\/new\/uso-de-bioinsumos-para-combatir-efectos-del-cambio-climatico-en-el-agro\/\" \/>\n<meta property=\"og:site_name\" content=\"Mundoagropecuario\" \/>\n<meta property=\"article:publisher\" content=\"https:\/\/www.facebook.com\/mundo.agropecuario.3\" \/>\n<meta property=\"article:published_time\" content=\"2022-11-07T13:20:39+00:00\" \/>\n<meta property=\"article:modified_time\" content=\"2022-11-08T14:58:49+00:00\" \/>\n<meta property=\"og:image\" content=\"https:\/\/www.mundoagropecuario.cl\/new\/wp-content\/uploads\/2022\/11\/Expositores-del-seminario.jpg\" \/>\n\t<meta property=\"og:image:width\" content=\"800\" \/>\n\t<meta property=\"og:image:height\" content=\"533\" \/>\n\t<meta property=\"og:image:type\" content=\"image\/jpeg\" \/>\n<meta name=\"author\" content=\"mundo\" \/>\n<meta name=\"twitter:card\" content=\"summary_large_image\" \/>\n<meta name=\"twitter:creator\" content=\"@MundoAgropecuar\" \/>\n<meta name=\"twitter:site\" content=\"@MundoAgropecuar\" \/>\n<meta name=\"twitter:label1\" content=\"Escrito por\" \/>\n\t<meta name=\"twitter:data1\" content=\"mundo\" \/>\n\t<meta name=\"twitter:label2\" content=\"Tiempo de lectura\" \/>\n\t<meta name=\"twitter:data2\" content=\"4 minutos\" \/>\n<script type=\"application\/ld+json\" class=\"yoast-schema-graph\">{\"@context\":\"https:\/\/schema.org\",\"@graph\":[{\"@type\":\"Article\",\"@id\":\"https:\/\/www.mundoagropecuario.cl\/new\/uso-de-bioinsumos-para-combatir-efectos-del-cambio-climatico-en-el-agro\/#article\",\"isPartOf\":{\"@id\":\"https:\/\/www.mundoagropecuario.cl\/new\/uso-de-bioinsumos-para-combatir-efectos-del-cambio-climatico-en-el-agro\/\"},\"author\":{\"name\":\"mundo\",\"@id\":\"https:\/\/www.mundoagropecuario.cl\/new\/#\/schema\/person\/4e9f74a82a7dac260eb1c44b7eebeb18\"},\"headline\":\"Uso de bioinsumos para combatir efectos del cambio clim\u00e1tico en el agro\",\"datePublished\":\"2022-11-07T13:20:39+00:00\",\"dateModified\":\"2022-11-08T14:58:49+00:00\",\"mainEntityOfPage\":{\"@id\":\"https:\/\/www.mundoagropecuario.cl\/new\/uso-de-bioinsumos-para-combatir-efectos-del-cambio-climatico-en-el-agro\/\"},\"wordCount\":876,\"publisher\":{\"@id\":\"https:\/\/www.mundoagropecuario.cl\/new\/#organization\"},\"image\":{\"@id\":\"https:\/\/www.mundoagropecuario.cl\/new\/uso-de-bioinsumos-para-combatir-efectos-del-cambio-climatico-en-el-agro\/#primaryimage\"},\"thumbnailUrl\":\"https:\/\/www.mundoagropecuario.cl\/new\/wp-content\/uploads\/2022\/11\/Expositores-del-seminario.jpg\",\"keywords\":[\"Agr\u00edcola Huertos\",\"Agricultura\",\"Agro\",\"agroecol\u00f3gicas\",\"INIA\",\"INIA La Cruz\",\"inoculantes microbianos\"],\"articleSection\":[\"Agricultura\"],\"inLanguage\":\"es\"},{\"@type\":\"WebPage\",\"@id\":\"https:\/\/www.mundoagropecuario.cl\/new\/uso-de-bioinsumos-para-combatir-efectos-del-cambio-climatico-en-el-agro\/\",\"url\":\"https:\/\/www.mundoagropecuario.cl\/new\/uso-de-bioinsumos-para-combatir-efectos-del-cambio-climatico-en-el-agro\/\",\"name\":\"Uso de bioinsumos para combatir efectos del cambio clim\u00e1tico en el agro - Mundoagropecuario\",\"isPartOf\":{\"@id\":\"https:\/\/www.mundoagropecuario.cl\/new\/#website\"},\"primaryImageOfPage\":{\"@id\":\"https:\/\/www.mundoagropecuario.cl\/new\/uso-de-bioinsumos-para-combatir-efectos-del-cambio-climatico-en-el-agro\/#primaryimage\"},\"image\":{\"@id\":\"https:\/\/www.mundoagropecuario.cl\/new\/uso-de-bioinsumos-para-combatir-efectos-del-cambio-climatico-en-el-agro\/#primaryimage\"},\"thumbnailUrl\":\"https:\/\/www.mundoagropecuario.cl\/new\/wp-content\/uploads\/2022\/11\/Expositores-del-seminario.jpg\",\"datePublished\":\"2022-11-07T13:20:39+00:00\",\"dateModified\":\"2022-11-08T14:58:49+00:00\",\"description\":\"La actividad se desarroll\u00f3 en INIA La Cruz, donde se congregaron agricultores, investigadores, empresas y profesionales de la ciencia.\",\"breadcrumb\":{\"@id\":\"https:\/\/www.mundoagropecuario.cl\/new\/uso-de-bioinsumos-para-combatir-efectos-del-cambio-climatico-en-el-agro\/#breadcrumb\"},\"inLanguage\":\"es\",\"potentialAction\":[{\"@type\":\"ReadAction\",\"target\":[\"https:\/\/www.mundoagropecuario.cl\/new\/uso-de-bioinsumos-para-combatir-efectos-del-cambio-climatico-en-el-agro\/\"]}]},{\"@type\":\"ImageObject\",\"inLanguage\":\"es\",\"@id\":\"https:\/\/www.mundoagropecuario.cl\/new\/uso-de-bioinsumos-para-combatir-efectos-del-cambio-climatico-en-el-agro\/#primaryimage\",\"url\":\"https:\/\/www.mundoagropecuario.cl\/new\/wp-content\/uploads\/2022\/11\/Expositores-del-seminario.jpg\",\"contentUrl\":\"https:\/\/www.mundoagropecuario.cl\/new\/wp-content\/uploads\/2022\/11\/Expositores-del-seminario.jpg\",\"width\":600,\"height\":400},{\"@type\":\"BreadcrumbList\",\"@id\":\"https:\/\/www.mundoagropecuario.cl\/new\/uso-de-bioinsumos-para-combatir-efectos-del-cambio-climatico-en-el-agro\/#breadcrumb\",\"itemListElement\":[{\"@type\":\"ListItem\",\"position\":1,\"name\":\"Portada\",\"item\":\"https:\/\/www.mundoagropecuario.cl\/new\/\"},{\"@type\":\"ListItem\",\"position\":2,\"name\":\"Uso de bioinsumos para combatir efectos del cambio clim\u00e1tico en el agro\"}]},{\"@type\":\"WebSite\",\"@id\":\"https:\/\/www.mundoagropecuario.cl\/new\/#website\",\"url\":\"https:\/\/www.mundoagropecuario.cl\/new\/\",\"name\":\"Mundoagropecuario\",\"description\":\"Mundo Agropecuario\",\"publisher\":{\"@id\":\"https:\/\/www.mundoagropecuario.cl\/new\/#organization\"},\"potentialAction\":[{\"@type\":\"SearchAction\",\"target\":{\"@type\":\"EntryPoint\",\"urlTemplate\":\"https:\/\/www.mundoagropecuario.cl\/new\/?s={search_term_string}\"},\"query-input\":{\"@type\":\"PropertyValueSpecification\",\"valueRequired\":true,\"valueName\":\"search_term_string\"}}],\"inLanguage\":\"es\"},{\"@type\":\"Organization\",\"@id\":\"https:\/\/www.mundoagropecuario.cl\/new\/#organization\",\"name\":\"Revista de Agricultura\",\"url\":\"https:\/\/www.mundoagropecuario.cl\/new\/\",\"logo\":{\"@type\":\"ImageObject\",\"inLanguage\":\"es\",\"@id\":\"https:\/\/www.mundoagropecuario.cl\/new\/#\/schema\/logo\/image\/\",\"url\":\"https:\/\/www.mundoagropecuario.cl\/new\/wp-content\/uploads\/2020\/11\/PORTAL-1-1.png\",\"contentUrl\":\"https:\/\/www.mundoagropecuario.cl\/new\/wp-content\/uploads\/2020\/11\/PORTAL-1-1.png\",\"width\":1026,\"height\":100,\"caption\":\"Revista de Agricultura\"},\"image\":{\"@id\":\"https:\/\/www.mundoagropecuario.cl\/new\/#\/schema\/logo\/image\/\"},\"sameAs\":[\"https:\/\/www.facebook.com\/mundo.agropecuario.3\",\"https:\/\/x.com\/MundoAgropecuar\",\"https:\/\/www.linkedin.com\/in\/mundo-agropecuario-934009201\/\"]},{\"@type\":\"Person\",\"@id\":\"https:\/\/www.mundoagropecuario.cl\/new\/#\/schema\/person\/4e9f74a82a7dac260eb1c44b7eebeb18\",\"name\":\"mundo\",\"url\":\"https:\/\/www.mundoagropecuario.cl\/new\/author\/mundo\/\"}]}<\/script>\n<!-- \/ Yoast SEO plugin. -->","yoast_head_json":{"title":"Uso de bioinsumos para combatir efectos del cambio clim\u00e1tico en el agro - Mundoagropecuario","description":"La actividad se desarroll\u00f3 en INIA La Cruz, donde se congregaron agricultores, investigadores, empresas y profesionales de la ciencia.","robots":{"index":"index","follow":"follow","max-snippet":"max-snippet:-1","max-image-preview":"max-image-preview:large","max-video-preview":"max-video-preview:-1"},"canonical":"https:\/\/www.mundoagropecuario.cl\/new\/uso-de-bioinsumos-para-combatir-efectos-del-cambio-climatico-en-el-agro\/","og_locale":"es_ES","og_type":"article","og_title":"Uso de bioinsumos para combatir efectos del cambio clim\u00e1tico en el agro - Mundoagropecuario","og_description":"La actividad se desarroll\u00f3 en INIA La Cruz, donde se congregaron agricultores, investigadores, empresas y profesionales de la ciencia.","og_url":"https:\/\/www.mundoagropecuario.cl\/new\/uso-de-bioinsumos-para-combatir-efectos-del-cambio-climatico-en-el-agro\/","og_site_name":"Mundoagropecuario","article_publisher":"https:\/\/www.facebook.com\/mundo.agropecuario.3","article_published_time":"2022-11-07T13:20:39+00:00","article_modified_time":"2022-11-08T14:58:49+00:00","og_image":[{"width":800,"height":533,"url":"https:\/\/www.mundoagropecuario.cl\/new\/wp-content\/uploads\/2022\/11\/Expositores-del-seminario.jpg","type":"image\/jpeg"}],"author":"mundo","twitter_card":"summary_large_image","twitter_creator":"@MundoAgropecuar","twitter_site":"@MundoAgropecuar","twitter_misc":{"Escrito por":"mundo","Tiempo de lectura":"4 minutos"},"schema":{"@context":"https:\/\/schema.org","@graph":[{"@type":"Article","@id":"https:\/\/www.mundoagropecuario.cl\/new\/uso-de-bioinsumos-para-combatir-efectos-del-cambio-climatico-en-el-agro\/#article","isPartOf":{"@id":"https:\/\/www.mundoagropecuario.cl\/new\/uso-de-bioinsumos-para-combatir-efectos-del-cambio-climatico-en-el-agro\/"},"author":{"name":"mundo","@id":"https:\/\/www.mundoagropecuario.cl\/new\/#\/schema\/person\/4e9f74a82a7dac260eb1c44b7eebeb18"},"headline":"Uso de bioinsumos para combatir efectos del cambio clim\u00e1tico en el agro","datePublished":"2022-11-07T13:20:39+00:00","dateModified":"2022-11-08T14:58:49+00:00","mainEntityOfPage":{"@id":"https:\/\/www.mundoagropecuario.cl\/new\/uso-de-bioinsumos-para-combatir-efectos-del-cambio-climatico-en-el-agro\/"},"wordCount":876,"publisher":{"@id":"https:\/\/www.mundoagropecuario.cl\/new\/#organization"},"image":{"@id":"https:\/\/www.mundoagropecuario.cl\/new\/uso-de-bioinsumos-para-combatir-efectos-del-cambio-climatico-en-el-agro\/#primaryimage"},"thumbnailUrl":"https:\/\/www.mundoagropecuario.cl\/new\/wp-content\/uploads\/2022\/11\/Expositores-del-seminario.jpg","keywords":["Agr\u00edcola Huertos","Agricultura","Agro","agroecol\u00f3gicas","INIA","INIA La Cruz","inoculantes microbianos"],"articleSection":["Agricultura"],"inLanguage":"es"},{"@type":"WebPage","@id":"https:\/\/www.mundoagropecuario.cl\/new\/uso-de-bioinsumos-para-combatir-efectos-del-cambio-climatico-en-el-agro\/","url":"https:\/\/www.mundoagropecuario.cl\/new\/uso-de-bioinsumos-para-combatir-efectos-del-cambio-climatico-en-el-agro\/","name":"Uso de bioinsumos para combatir efectos del cambio clim\u00e1tico en el agro - Mundoagropecuario","isPartOf":{"@id":"https:\/\/www.mundoagropecuario.cl\/new\/#website"},"primaryImageOfPage":{"@id":"https:\/\/www.mundoagropecuario.cl\/new\/uso-de-bioinsumos-para-combatir-efectos-del-cambio-climatico-en-el-agro\/#primaryimage"},"image":{"@id":"https:\/\/www.mundoagropecuario.cl\/new\/uso-de-bioinsumos-para-combatir-efectos-del-cambio-climatico-en-el-agro\/#primaryimage"},"thumbnailUrl":"https:\/\/www.mundoagropecuario.cl\/new\/wp-content\/uploads\/2022\/11\/Expositores-del-seminario.jpg","datePublished":"2022-11-07T13:20:39+00:00","dateModified":"2022-11-08T14:58:49+00:00","description":"La actividad se desarroll\u00f3 en INIA La Cruz, donde se congregaron agricultores, investigadores, empresas y profesionales de la ciencia.","breadcrumb":{"@id":"https:\/\/www.mundoagropecuario.cl\/new\/uso-de-bioinsumos-para-combatir-efectos-del-cambio-climatico-en-el-agro\/#breadcrumb"},"inLanguage":"es","potentialAction":[{"@type":"ReadAction","target":["https:\/\/www.mundoagropecuario.cl\/new\/uso-de-bioinsumos-para-combatir-efectos-del-cambio-climatico-en-el-agro\/"]}]},{"@type":"ImageObject","inLanguage":"es","@id":"https:\/\/www.mundoagropecuario.cl\/new\/uso-de-bioinsumos-para-combatir-efectos-del-cambio-climatico-en-el-agro\/#primaryimage","url":"https:\/\/www.mundoagropecuario.cl\/new\/wp-content\/uploads\/2022\/11\/Expositores-del-seminario.jpg","contentUrl":"https:\/\/www.mundoagropecuario.cl\/new\/wp-content\/uploads\/2022\/11\/Expositores-del-seminario.jpg","width":600,"height":400},{"@type":"BreadcrumbList","@id":"https:\/\/www.mundoagropecuario.cl\/new\/uso-de-bioinsumos-para-combatir-efectos-del-cambio-climatico-en-el-agro\/#breadcrumb","itemListElement":[{"@type":"ListItem","position":1,"name":"Portada","item":"https:\/\/www.mundoagropecuario.cl\/new\/"},{"@type":"ListItem","position":2,"name":"Uso de bioinsumos para combatir efectos del cambio clim\u00e1tico en el agro"}]},{"@type":"WebSite","@id":"https:\/\/www.mundoagropecuario.cl\/new\/#website","url":"https:\/\/www.mundoagropecuario.cl\/new\/","name":"Mundoagropecuario","description":"Mundo Agropecuario","publisher":{"@id":"https:\/\/www.mundoagropecuario.cl\/new\/#organization"},"potentialAction":[{"@type":"SearchAction","target":{"@type":"EntryPoint","urlTemplate":"https:\/\/www.mundoagropecuario.cl\/new\/?s={search_term_string}"},"query-input":{"@type":"PropertyValueSpecification","valueRequired":true,"valueName":"search_term_string"}}],"inLanguage":"es"},{"@type":"Organization","@id":"https:\/\/www.mundoagropecuario.cl\/new\/#organization","name":"Revista de Agricultura","url":"https:\/\/www.mundoagropecuario.cl\/new\/","logo":{"@type":"ImageObject","inLanguage":"es","@id":"https:\/\/www.mundoagropecuario.cl\/new\/#\/schema\/logo\/image\/","url":"https:\/\/www.mundoagropecuario.cl\/new\/wp-content\/uploads\/2020\/11\/PORTAL-1-1.png","contentUrl":"https:\/\/www.mundoagropecuario.cl\/new\/wp-content\/uploads\/2020\/11\/PORTAL-1-1.png","width":1026,"height":100,"caption":"Revista de Agricultura"},"image":{"@id":"https:\/\/www.mundoagropecuario.cl\/new\/#\/schema\/logo\/image\/"},"sameAs":["https:\/\/www.facebook.com\/mundo.agropecuario.3","https:\/\/x.com\/MundoAgropecuar","https:\/\/www.linkedin.com\/in\/mundo-agropecuario-934009201\/"]},{"@type":"Person","@id":"https:\/\/www.mundoagropecuario.cl\/new\/#\/schema\/person\/4e9f74a82a7dac260eb1c44b7eebeb18","name":"mundo","url":"https:\/\/www.mundoagropecuario.cl\/new\/author\/mundo\/"}]}},"_links":{"self":[{"href":"https:\/\/www.mundoagropecuario.cl\/new\/wp-json\/wp\/v2\/posts\/23211","targetHints":{"allow":["GET"]}}],"collection":[{"href":"https:\/\/www.mundoagropecuario.cl\/new\/wp-json\/wp\/v2\/posts"}],"about":[{"href":"https:\/\/www.mundoagropecuario.cl\/new\/wp-json\/wp\/v2\/types\/post"}],"author":[{"embeddable":true,"href":"https:\/\/www.mundoagropecuario.cl\/new\/wp-json\/wp\/v2\/users\/2"}],"replies":[{"embeddable":true,"href":"https:\/\/www.mundoagropecuario.cl\/new\/wp-json\/wp\/v2\/comments?post=23211"}],"version-history":[{"count":1,"href":"https:\/\/www.mundoagropecuario.cl\/new\/wp-json\/wp\/v2\/posts\/23211\/revisions"}],"predecessor-version":[{"id":23214,"href":"https:\/\/www.mundoagropecuario.cl\/new\/wp-json\/wp\/v2\/posts\/23211\/revisions\/23214"}],"wp:featuredmedia":[{"embeddable":true,"href":"https:\/\/www.mundoagropecuario.cl\/new\/wp-json\/wp\/v2\/media\/23213"}],"wp:attachment":[{"href":"https:\/\/www.mundoagropecuario.cl\/new\/wp-json\/wp\/v2\/media?parent=23211"}],"wp:term":[{"taxonomy":"category","embeddable":true,"href":"https:\/\/www.mundoagropecuario.cl\/new\/wp-json\/wp\/v2\/categories?post=23211"},{"taxonomy":"post_tag","embeddable":true,"href":"https:\/\/www.mundoagropecuario.cl\/new\/wp-json\/wp\/v2\/tags?post=23211"}],"curies":[{"name":"wp","href":"https:\/\/api.w.org\/{rel}","templated":true}]}}