{"id":23166,"date":"2022-10-25T13:19:14","date_gmt":"2022-10-25T16:19:14","guid":{"rendered":"https:\/\/www.mundoagropecuario.cl\/new\/?p=23166"},"modified":"2022-11-03T11:34:00","modified_gmt":"2022-11-03T14:34:00","slug":"autoridad-ambiental-pone-fin-a-proyecto-de-ampliacion-de-colun-en-la-union","status":"publish","type":"post","link":"https:\/\/www.mundoagropecuario.cl\/new\/autoridad-ambiental-pone-fin-a-proyecto-de-ampliacion-de-colun-en-la-union\/","title":{"rendered":"Autoridad ambiental pone fin a proyecto de ampliaci\u00f3n de Colun en La Uni\u00f3n"},"content":{"rendered":"<blockquote>\n<h2><span style=\"color: #003300;\">El Servicio de Evaluaci\u00f3n Ambiental (SEA) decidi\u00f3 dar fin anticipado a un proyecto de ampliaci\u00f3n de una de las plantas de la Cooperativa Agr\u00edcola y Lechera de La Uni\u00f3n (Colun) en la comuna de La Uni\u00f3n, regi\u00f3n de Los R\u00edos.<\/span><\/h2>\n<\/blockquote>\n<p>La decisi\u00f3n de la autoridad ambiental se determina luego del env\u00edo de una declaraci\u00f3n de impacto ambiental por parte de la empresa lechera el 24 de agosto del presente a\u00f1o.<\/p>\n<p>El proyecto, cuya inversi\u00f3n alcanzaba los 144 millones de d\u00f3lares, consideraba de manera adicional una nueva tuber\u00eda de descarga de efluente tratado en el estero Traigu\u00e9n, proyectado a m\u00e1s de un kil\u00f3metro aguas abajo de la descarga actual.<\/p>\n<p><a href=\"https:\/\/www.mundoagropecuario.cl\/new\/wp-content\/uploads\/2018\/08\/colun.jpg\"><img loading=\"lazy\" decoding=\"async\" class=\" wp-image-7930 alignright\" src=\"https:\/\/www.mundoagropecuario.cl\/new\/wp-content\/uploads\/2018\/08\/colun-586x391.jpg\" alt=\"\" width=\"429\" height=\"360\" srcset=\"https:\/\/www.mundoagropecuario.cl\/new\/wp-content\/uploads\/2018\/08\/colun-293x245.jpg 293w, https:\/\/www.mundoagropecuario.cl\/new\/wp-content\/uploads\/2018\/08\/colun-586x490.jpg 586w\" sizes=\"auto, (max-width: 429px) 100vw, 429px\" \/><\/a>Seg\u00fan lo se\u00f1alado por el SEA, los documentos presentados por Colun fueron rechazados pues \u201ccarece de informaci\u00f3n relevante o esencial para su evaluaci\u00f3n\u201d. Lo anterior, de acuerdo con el art\u00edculo 18 de la Ley de Bases Generales del Medio Ambiente.<\/p>\n<p>Si la Declaraci\u00f3n de Impacto Ambiental carece de informaci\u00f3n relevante o esencial para su evaluaci\u00f3n que no pudiese ser subsanada mediante aclaraciones, rectificaciones o ampliaciones, o si el respectivo proyecto o actividad requiere de un Estudio de Impacto Ambiental, se devolver\u00e1n los antecedentes al titular poniendo t\u00e9rmino al procedimiento\u201d, dice el documento legal.<\/p>\n<p><strong><span style=\"color: #003300;\">Qu\u00e9 es el Proyecto Atlas<\/span><\/strong><\/p>\n<p>El denominado \u201cProyecto Atlas\u201d es una propuesta de construcci\u00f3n y operaci\u00f3n de una planta de producci\u00f3n de queso semiduro y mozzarella (pasta hilada) asociada al proyecto Planta Verde Colun. Esto, a trav\u00e9s de la ampliaci\u00f3n y modificaci\u00f3n de la actual Planta de Tratamiento de Riles.<\/p>\n<p>De acuerdo con la presentaci\u00f3n indicada por la empresa en la Declaraci\u00f3n de Impacto Ambiental, el objetivo del proyecto es \u201cdiversificar el portafolio de productos de Colun e incrementar la capacidad de absorci\u00f3n de leche de la cooperativa\u201d.<\/p>\n<p>Para ello, se contempla \u201cla construcci\u00f3n y operaci\u00f3n de una planta de quesos y la ampliaci\u00f3n y mejora tecnol\u00f3gica de la planta de tratamiento de Riles de Planta Verde Colun\u201d, finaliza el documento legal.<\/p>\n<p>Fuente: biobiochile.cl<\/p>\n","protected":false},"excerpt":{"rendered":"<p>El objetivo del proyecto era \u201cdiversificar el portafolio de productos de Colun e incrementar la capacidad de absorci\u00f3n de leche de la cooperativa.<\/p>\n","protected":false},"author":2,"featured_media":8811,"comment_status":"closed","ping_status":"closed","sticky":false,"template":"","format":"standard","meta":{"footnotes":""},"categories":[1946],"tags":[4124,3127,7539,2058,2051,2217],"class_list":["post-23166","post","type-post","status-publish","format-standard","has-post-thumbnail","hentry","category-lacteos","tag-agricola","tag-agro","tag-colun-en-la-union","tag-fedeleche","tag-leche","tag-quesos"],"yoast_head":"<!-- This site is optimized with the Yoast SEO plugin v26.6 - https:\/\/yoast.com\/wordpress\/plugins\/seo\/ -->\n<title>Autoridad ambiental pone fin a proyecto de ampliaci\u00f3n de Colun en La Uni\u00f3n - Mundoagropecuario<\/title>\n<meta name=\"description\" content=\"El objetivo del proyecto era \u201cdiversificar el portafolio de productos de Colun e incrementar la capacidad de absorci\u00f3n de leche.\" \/>\n<meta name=\"robots\" content=\"index, follow, max-snippet:-1, max-image-preview:large, max-video-preview:-1\" \/>\n<link rel=\"canonical\" href=\"https:\/\/www.mundoagropecuario.cl\/new\/autoridad-ambiental-pone-fin-a-proyecto-de-ampliacion-de-colun-en-la-union\/\" \/>\n<meta property=\"og:locale\" content=\"es_ES\" \/>\n<meta property=\"og:type\" content=\"article\" \/>\n<meta property=\"og:title\" content=\"Autoridad ambiental pone fin a proyecto de ampliaci\u00f3n de Colun en La Uni\u00f3n - Mundoagropecuario\" \/>\n<meta property=\"og:description\" content=\"El objetivo del proyecto era \u201cdiversificar el portafolio de productos de Colun e incrementar la capacidad de absorci\u00f3n de leche.\" \/>\n<meta property=\"og:url\" content=\"https:\/\/www.mundoagropecuario.cl\/new\/autoridad-ambiental-pone-fin-a-proyecto-de-ampliacion-de-colun-en-la-union\/\" \/>\n<meta property=\"og:site_name\" content=\"Mundoagropecuario\" \/>\n<meta property=\"article:publisher\" content=\"https:\/\/www.facebook.com\/mundo.agropecuario.3\" \/>\n<meta property=\"article:published_time\" content=\"2022-10-25T16:19:14+00:00\" \/>\n<meta property=\"article:modified_time\" content=\"2022-11-03T14:34:00+00:00\" \/>\n<meta property=\"og:image\" content=\"https:\/\/www.mundoagropecuario.cl\/new\/wp-content\/uploads\/2018\/09\/colun-1.jpg\" \/>\n\t<meta property=\"og:image:width\" content=\"849\" \/>\n\t<meta property=\"og:image:height\" content=\"474\" \/>\n\t<meta property=\"og:image:type\" content=\"image\/jpeg\" \/>\n<meta name=\"author\" content=\"mundo\" \/>\n<meta name=\"twitter:card\" content=\"summary_large_image\" \/>\n<meta name=\"twitter:creator\" content=\"@MundoAgropecuar\" \/>\n<meta name=\"twitter:site\" content=\"@MundoAgropecuar\" \/>\n<meta name=\"twitter:label1\" content=\"Escrito por\" \/>\n\t<meta name=\"twitter:data1\" content=\"mundo\" \/>\n\t<meta name=\"twitter:label2\" content=\"Tiempo de lectura\" \/>\n\t<meta name=\"twitter:data2\" content=\"2 minutos\" \/>\n<script type=\"application\/ld+json\" class=\"yoast-schema-graph\">{\"@context\":\"https:\/\/schema.org\",\"@graph\":[{\"@type\":\"Article\",\"@id\":\"https:\/\/www.mundoagropecuario.cl\/new\/autoridad-ambiental-pone-fin-a-proyecto-de-ampliacion-de-colun-en-la-union\/#article\",\"isPartOf\":{\"@id\":\"https:\/\/www.mundoagropecuario.cl\/new\/autoridad-ambiental-pone-fin-a-proyecto-de-ampliacion-de-colun-en-la-union\/\"},\"author\":{\"name\":\"mundo\",\"@id\":\"https:\/\/www.mundoagropecuario.cl\/new\/#\/schema\/person\/4e9f74a82a7dac260eb1c44b7eebeb18\"},\"headline\":\"Autoridad ambiental pone fin a proyecto de ampliaci\u00f3n de Colun en La Uni\u00f3n\",\"datePublished\":\"2022-10-25T16:19:14+00:00\",\"dateModified\":\"2022-11-03T14:34:00+00:00\",\"mainEntityOfPage\":{\"@id\":\"https:\/\/www.mundoagropecuario.cl\/new\/autoridad-ambiental-pone-fin-a-proyecto-de-ampliacion-de-colun-en-la-union\/\"},\"wordCount\":378,\"publisher\":{\"@id\":\"https:\/\/www.mundoagropecuario.cl\/new\/#organization\"},\"image\":{\"@id\":\"https:\/\/www.mundoagropecuario.cl\/new\/autoridad-ambiental-pone-fin-a-proyecto-de-ampliacion-de-colun-en-la-union\/#primaryimage\"},\"thumbnailUrl\":\"https:\/\/www.mundoagropecuario.cl\/new\/wp-content\/uploads\/2018\/09\/colun-1.jpg\",\"keywords\":[\"agricola\",\"Agro\",\"Colun en La Uni\u00f3n\",\"Fedeleche\",\"Leche\",\"Quesos\"],\"articleSection\":[\"L\u00e1cteos\"],\"inLanguage\":\"es\"},{\"@type\":\"WebPage\",\"@id\":\"https:\/\/www.mundoagropecuario.cl\/new\/autoridad-ambiental-pone-fin-a-proyecto-de-ampliacion-de-colun-en-la-union\/\",\"url\":\"https:\/\/www.mundoagropecuario.cl\/new\/autoridad-ambiental-pone-fin-a-proyecto-de-ampliacion-de-colun-en-la-union\/\",\"name\":\"Autoridad ambiental pone fin a proyecto de ampliaci\u00f3n de Colun en La Uni\u00f3n - Mundoagropecuario\",\"isPartOf\":{\"@id\":\"https:\/\/www.mundoagropecuario.cl\/new\/#website\"},\"primaryImageOfPage\":{\"@id\":\"https:\/\/www.mundoagropecuario.cl\/new\/autoridad-ambiental-pone-fin-a-proyecto-de-ampliacion-de-colun-en-la-union\/#primaryimage\"},\"image\":{\"@id\":\"https:\/\/www.mundoagropecuario.cl\/new\/autoridad-ambiental-pone-fin-a-proyecto-de-ampliacion-de-colun-en-la-union\/#primaryimage\"},\"thumbnailUrl\":\"https:\/\/www.mundoagropecuario.cl\/new\/wp-content\/uploads\/2018\/09\/colun-1.jpg\",\"datePublished\":\"2022-10-25T16:19:14+00:00\",\"dateModified\":\"2022-11-03T14:34:00+00:00\",\"description\":\"El objetivo del proyecto era \u201cdiversificar el portafolio de productos de Colun e incrementar la capacidad de absorci\u00f3n de leche.\",\"breadcrumb\":{\"@id\":\"https:\/\/www.mundoagropecuario.cl\/new\/autoridad-ambiental-pone-fin-a-proyecto-de-ampliacion-de-colun-en-la-union\/#breadcrumb\"},\"inLanguage\":\"es\",\"potentialAction\":[{\"@type\":\"ReadAction\",\"target\":[\"https:\/\/www.mundoagropecuario.cl\/new\/autoridad-ambiental-pone-fin-a-proyecto-de-ampliacion-de-colun-en-la-union\/\"]}]},{\"@type\":\"ImageObject\",\"inLanguage\":\"es\",\"@id\":\"https:\/\/www.mundoagropecuario.cl\/new\/autoridad-ambiental-pone-fin-a-proyecto-de-ampliacion-de-colun-en-la-union\/#primaryimage\",\"url\":\"https:\/\/www.mundoagropecuario.cl\/new\/wp-content\/uploads\/2018\/09\/colun-1.jpg\",\"contentUrl\":\"https:\/\/www.mundoagropecuario.cl\/new\/wp-content\/uploads\/2018\/09\/colun-1.jpg\",\"width\":716,\"height\":400},{\"@type\":\"BreadcrumbList\",\"@id\":\"https:\/\/www.mundoagropecuario.cl\/new\/autoridad-ambiental-pone-fin-a-proyecto-de-ampliacion-de-colun-en-la-union\/#breadcrumb\",\"itemListElement\":[{\"@type\":\"ListItem\",\"position\":1,\"name\":\"Portada\",\"item\":\"https:\/\/www.mundoagropecuario.cl\/new\/\"},{\"@type\":\"ListItem\",\"position\":2,\"name\":\"Autoridad ambiental pone fin a proyecto de ampliaci\u00f3n de Colun en La Uni\u00f3n\"}]},{\"@type\":\"WebSite\",\"@id\":\"https:\/\/www.mundoagropecuario.cl\/new\/#website\",\"url\":\"https:\/\/www.mundoagropecuario.cl\/new\/\",\"name\":\"Mundoagropecuario\",\"description\":\"Mundo Agropecuario\",\"publisher\":{\"@id\":\"https:\/\/www.mundoagropecuario.cl\/new\/#organization\"},\"potentialAction\":[{\"@type\":\"SearchAction\",\"target\":{\"@type\":\"EntryPoint\",\"urlTemplate\":\"https:\/\/www.mundoagropecuario.cl\/new\/?s={search_term_string}\"},\"query-input\":{\"@type\":\"PropertyValueSpecification\",\"valueRequired\":true,\"valueName\":\"search_term_string\"}}],\"inLanguage\":\"es\"},{\"@type\":\"Organization\",\"@id\":\"https:\/\/www.mundoagropecuario.cl\/new\/#organization\",\"name\":\"Revista de Agricultura\",\"url\":\"https:\/\/www.mundoagropecuario.cl\/new\/\",\"logo\":{\"@type\":\"ImageObject\",\"inLanguage\":\"es\",\"@id\":\"https:\/\/www.mundoagropecuario.cl\/new\/#\/schema\/logo\/image\/\",\"url\":\"https:\/\/www.mundoagropecuario.cl\/new\/wp-content\/uploads\/2020\/11\/PORTAL-1-1.png\",\"contentUrl\":\"https:\/\/www.mundoagropecuario.cl\/new\/wp-content\/uploads\/2020\/11\/PORTAL-1-1.png\",\"width\":1026,\"height\":100,\"caption\":\"Revista de Agricultura\"},\"image\":{\"@id\":\"https:\/\/www.mundoagropecuario.cl\/new\/#\/schema\/logo\/image\/\"},\"sameAs\":[\"https:\/\/www.facebook.com\/mundo.agropecuario.3\",\"https:\/\/x.com\/MundoAgropecuar\",\"https:\/\/www.linkedin.com\/in\/mundo-agropecuario-934009201\/\"]},{\"@type\":\"Person\",\"@id\":\"https:\/\/www.mundoagropecuario.cl\/new\/#\/schema\/person\/4e9f74a82a7dac260eb1c44b7eebeb18\",\"name\":\"mundo\",\"url\":\"https:\/\/www.mundoagropecuario.cl\/new\/author\/mundo\/\"}]}<\/script>\n<!-- \/ Yoast SEO plugin. -->","yoast_head_json":{"title":"Autoridad ambiental pone fin a proyecto de ampliaci\u00f3n de Colun en La Uni\u00f3n - Mundoagropecuario","description":"El objetivo del proyecto era \u201cdiversificar el portafolio de productos de Colun e incrementar la capacidad de absorci\u00f3n de leche.","robots":{"index":"index","follow":"follow","max-snippet":"max-snippet:-1","max-image-preview":"max-image-preview:large","max-video-preview":"max-video-preview:-1"},"canonical":"https:\/\/www.mundoagropecuario.cl\/new\/autoridad-ambiental-pone-fin-a-proyecto-de-ampliacion-de-colun-en-la-union\/","og_locale":"es_ES","og_type":"article","og_title":"Autoridad ambiental pone fin a proyecto de ampliaci\u00f3n de Colun en La Uni\u00f3n - Mundoagropecuario","og_description":"El objetivo del proyecto era \u201cdiversificar el portafolio de productos de Colun e incrementar la capacidad de absorci\u00f3n de leche.","og_url":"https:\/\/www.mundoagropecuario.cl\/new\/autoridad-ambiental-pone-fin-a-proyecto-de-ampliacion-de-colun-en-la-union\/","og_site_name":"Mundoagropecuario","article_publisher":"https:\/\/www.facebook.com\/mundo.agropecuario.3","article_published_time":"2022-10-25T16:19:14+00:00","article_modified_time":"2022-11-03T14:34:00+00:00","og_image":[{"width":849,"height":474,"url":"https:\/\/www.mundoagropecuario.cl\/new\/wp-content\/uploads\/2018\/09\/colun-1.jpg","type":"image\/jpeg"}],"author":"mundo","twitter_card":"summary_large_image","twitter_creator":"@MundoAgropecuar","twitter_site":"@MundoAgropecuar","twitter_misc":{"Escrito por":"mundo","Tiempo de lectura":"2 minutos"},"schema":{"@context":"https:\/\/schema.org","@graph":[{"@type":"Article","@id":"https:\/\/www.mundoagropecuario.cl\/new\/autoridad-ambiental-pone-fin-a-proyecto-de-ampliacion-de-colun-en-la-union\/#article","isPartOf":{"@id":"https:\/\/www.mundoagropecuario.cl\/new\/autoridad-ambiental-pone-fin-a-proyecto-de-ampliacion-de-colun-en-la-union\/"},"author":{"name":"mundo","@id":"https:\/\/www.mundoagropecuario.cl\/new\/#\/schema\/person\/4e9f74a82a7dac260eb1c44b7eebeb18"},"headline":"Autoridad ambiental pone fin a proyecto de ampliaci\u00f3n de Colun en La Uni\u00f3n","datePublished":"2022-10-25T16:19:14+00:00","dateModified":"2022-11-03T14:34:00+00:00","mainEntityOfPage":{"@id":"https:\/\/www.mundoagropecuario.cl\/new\/autoridad-ambiental-pone-fin-a-proyecto-de-ampliacion-de-colun-en-la-union\/"},"wordCount":378,"publisher":{"@id":"https:\/\/www.mundoagropecuario.cl\/new\/#organization"},"image":{"@id":"https:\/\/www.mundoagropecuario.cl\/new\/autoridad-ambiental-pone-fin-a-proyecto-de-ampliacion-de-colun-en-la-union\/#primaryimage"},"thumbnailUrl":"https:\/\/www.mundoagropecuario.cl\/new\/wp-content\/uploads\/2018\/09\/colun-1.jpg","keywords":["agricola","Agro","Colun en La Uni\u00f3n","Fedeleche","Leche","Quesos"],"articleSection":["L\u00e1cteos"],"inLanguage":"es"},{"@type":"WebPage","@id":"https:\/\/www.mundoagropecuario.cl\/new\/autoridad-ambiental-pone-fin-a-proyecto-de-ampliacion-de-colun-en-la-union\/","url":"https:\/\/www.mundoagropecuario.cl\/new\/autoridad-ambiental-pone-fin-a-proyecto-de-ampliacion-de-colun-en-la-union\/","name":"Autoridad ambiental pone fin a proyecto de ampliaci\u00f3n de Colun en La Uni\u00f3n - Mundoagropecuario","isPartOf":{"@id":"https:\/\/www.mundoagropecuario.cl\/new\/#website"},"primaryImageOfPage":{"@id":"https:\/\/www.mundoagropecuario.cl\/new\/autoridad-ambiental-pone-fin-a-proyecto-de-ampliacion-de-colun-en-la-union\/#primaryimage"},"image":{"@id":"https:\/\/www.mundoagropecuario.cl\/new\/autoridad-ambiental-pone-fin-a-proyecto-de-ampliacion-de-colun-en-la-union\/#primaryimage"},"thumbnailUrl":"https:\/\/www.mundoagropecuario.cl\/new\/wp-content\/uploads\/2018\/09\/colun-1.jpg","datePublished":"2022-10-25T16:19:14+00:00","dateModified":"2022-11-03T14:34:00+00:00","description":"El objetivo del proyecto era \u201cdiversificar el portafolio de productos de Colun e incrementar la capacidad de absorci\u00f3n de leche.","breadcrumb":{"@id":"https:\/\/www.mundoagropecuario.cl\/new\/autoridad-ambiental-pone-fin-a-proyecto-de-ampliacion-de-colun-en-la-union\/#breadcrumb"},"inLanguage":"es","potentialAction":[{"@type":"ReadAction","target":["https:\/\/www.mundoagropecuario.cl\/new\/autoridad-ambiental-pone-fin-a-proyecto-de-ampliacion-de-colun-en-la-union\/"]}]},{"@type":"ImageObject","inLanguage":"es","@id":"https:\/\/www.mundoagropecuario.cl\/new\/autoridad-ambiental-pone-fin-a-proyecto-de-ampliacion-de-colun-en-la-union\/#primaryimage","url":"https:\/\/www.mundoagropecuario.cl\/new\/wp-content\/uploads\/2018\/09\/colun-1.jpg","contentUrl":"https:\/\/www.mundoagropecuario.cl\/new\/wp-content\/uploads\/2018\/09\/colun-1.jpg","width":716,"height":400},{"@type":"BreadcrumbList","@id":"https:\/\/www.mundoagropecuario.cl\/new\/autoridad-ambiental-pone-fin-a-proyecto-de-ampliacion-de-colun-en-la-union\/#breadcrumb","itemListElement":[{"@type":"ListItem","position":1,"name":"Portada","item":"https:\/\/www.mundoagropecuario.cl\/new\/"},{"@type":"ListItem","position":2,"name":"Autoridad ambiental pone fin a proyecto de ampliaci\u00f3n de Colun en La Uni\u00f3n"}]},{"@type":"WebSite","@id":"https:\/\/www.mundoagropecuario.cl\/new\/#website","url":"https:\/\/www.mundoagropecuario.cl\/new\/","name":"Mundoagropecuario","description":"Mundo Agropecuario","publisher":{"@id":"https:\/\/www.mundoagropecuario.cl\/new\/#organization"},"potentialAction":[{"@type":"SearchAction","target":{"@type":"EntryPoint","urlTemplate":"https:\/\/www.mundoagropecuario.cl\/new\/?s={search_term_string}"},"query-input":{"@type":"PropertyValueSpecification","valueRequired":true,"valueName":"search_term_string"}}],"inLanguage":"es"},{"@type":"Organization","@id":"https:\/\/www.mundoagropecuario.cl\/new\/#organization","name":"Revista de Agricultura","url":"https:\/\/www.mundoagropecuario.cl\/new\/","logo":{"@type":"ImageObject","inLanguage":"es","@id":"https:\/\/www.mundoagropecuario.cl\/new\/#\/schema\/logo\/image\/","url":"https:\/\/www.mundoagropecuario.cl\/new\/wp-content\/uploads\/2020\/11\/PORTAL-1-1.png","contentUrl":"https:\/\/www.mundoagropecuario.cl\/new\/wp-content\/uploads\/2020\/11\/PORTAL-1-1.png","width":1026,"height":100,"caption":"Revista de Agricultura"},"image":{"@id":"https:\/\/www.mundoagropecuario.cl\/new\/#\/schema\/logo\/image\/"},"sameAs":["https:\/\/www.facebook.com\/mundo.agropecuario.3","https:\/\/x.com\/MundoAgropecuar","https:\/\/www.linkedin.com\/in\/mundo-agropecuario-934009201\/"]},{"@type":"Person","@id":"https:\/\/www.mundoagropecuario.cl\/new\/#\/schema\/person\/4e9f74a82a7dac260eb1c44b7eebeb18","name":"mundo","url":"https:\/\/www.mundoagropecuario.cl\/new\/author\/mundo\/"}]}},"_links":{"self":[{"href":"https:\/\/www.mundoagropecuario.cl\/new\/wp-json\/wp\/v2\/posts\/23166","targetHints":{"allow":["GET"]}}],"collection":[{"href":"https:\/\/www.mundoagropecuario.cl\/new\/wp-json\/wp\/v2\/posts"}],"about":[{"href":"https:\/\/www.mundoagropecuario.cl\/new\/wp-json\/wp\/v2\/types\/post"}],"author":[{"embeddable":true,"href":"https:\/\/www.mundoagropecuario.cl\/new\/wp-json\/wp\/v2\/users\/2"}],"replies":[{"embeddable":true,"href":"https:\/\/www.mundoagropecuario.cl\/new\/wp-json\/wp\/v2\/comments?post=23166"}],"version-history":[{"count":1,"href":"https:\/\/www.mundoagropecuario.cl\/new\/wp-json\/wp\/v2\/posts\/23166\/revisions"}],"predecessor-version":[{"id":23167,"href":"https:\/\/www.mundoagropecuario.cl\/new\/wp-json\/wp\/v2\/posts\/23166\/revisions\/23167"}],"wp:featuredmedia":[{"embeddable":true,"href":"https:\/\/www.mundoagropecuario.cl\/new\/wp-json\/wp\/v2\/media\/8811"}],"wp:attachment":[{"href":"https:\/\/www.mundoagropecuario.cl\/new\/wp-json\/wp\/v2\/media?parent=23166"}],"wp:term":[{"taxonomy":"category","embeddable":true,"href":"https:\/\/www.mundoagropecuario.cl\/new\/wp-json\/wp\/v2\/categories?post=23166"},{"taxonomy":"post_tag","embeddable":true,"href":"https:\/\/www.mundoagropecuario.cl\/new\/wp-json\/wp\/v2\/tags?post=23166"}],"curies":[{"name":"wp","href":"https:\/\/api.w.org\/{rel}","templated":true}]}}