{"id":23128,"date":"2022-10-21T11:38:27","date_gmt":"2022-10-21T14:38:27","guid":{"rendered":"https:\/\/www.mundoagropecuario.cl\/new\/?p=23128"},"modified":"2022-10-25T11:19:20","modified_gmt":"2022-10-25T14:19:20","slug":"realizan-dia-de-campo-agroshow-araucania-2022","status":"publish","type":"post","link":"https:\/\/www.mundoagropecuario.cl\/new\/realizan-dia-de-campo-agroshow-araucania-2022\/","title":{"rendered":"Realizan d\u00eda de campo Agroshow Araucan\u00eda 2022"},"content":{"rendered":"<blockquote>\n<h2><span style=\"color: #003300;\">En el fundo Los Torreones de Coipue, comuna de Freire, se realiz\u00f3 la 3ra versi\u00f3n de Agroshow, masivo d\u00eda de campo que puso en vitrina diversas maquinarias que ofrece la empresa Metal\u00fargica Hund al mercado regional y nacional.<\/span><\/h2>\n<\/blockquote>\n<p>Una instancia pr\u00e1ctica y que por primera vez se realiza en la Regi\u00f3n de La Araucan\u00ed, incluy\u00f3 muestras en vivo donde se reunieron m\u00e1s de 200 asistentes (agricultores y t\u00e9cnicos del agro), quienes pudieron corroborar la importancia de la mecanizaci\u00f3n agr\u00edcola y las distintas alternativas que entrega Hund para los agricultores de todo Chile.<\/p>\n<p><a href=\"https:\/\/www.mundoagropecuario.cl\/new\/wp-content\/uploads\/2022\/10\/Agroshow-2_5.jpg\"><img loading=\"lazy\" decoding=\"async\" class=\" wp-image-23130 alignleft\" src=\"https:\/\/www.mundoagropecuario.cl\/new\/wp-content\/uploads\/2022\/10\/Agroshow-2_5-586x354.jpg\" alt=\"\" width=\"523\" height=\"327\" \/><\/a>Franz Hund, Gerente de Gesti\u00f3n de la empresa, se mostr\u00f3 satisfecho con el trabajo desarrollado en esta actividad, ya que los asistentes al evento pudieron ver la forma operativa de la maquinaria agr\u00edcola. \u201cHoy hemos visto una muestra, tanto est\u00e1tica como activa de equipos e implementos agr\u00edcolas necesarios para el campo,\u00a0 y que se encuentran en La Araucan\u00eda para abastecer las demandas de nuestros agricultores. Lo que m\u00e1s ha llamado la atenci\u00f3n es la variedad de los productos presentados, as\u00ed como los equipos de paster\u00eda que est\u00e1 incorpor\u00e1ndose cada vez m\u00e1s a nuestra agricultura. Equipos disponibles en una empresa de origen regional, con m\u00e1s de 30 a\u00f1os de experiencia, fabricantes de la tecnolog\u00eda y que creemos es importante, al suplir necesidades del agro sin moverse de la regi\u00f3n\u201d, indic\u00f3.<\/p>\n<p>Por su parte, Javier Becerra, asistente a la actividad, valor\u00f3 este evento por la calidad de la maquinaria. \u201cRealmente ha sido relevante participar de esta feria, luego de una extensa pandemia y ver los\u00a0 avances de la tecnolog\u00eda. Considerando que la agricultura pasa hoy por un momento dif\u00edcil, es vital pensar bien las inversiones y que mejor, una empresa regional que nos ofrece diversas alternativas. La regi\u00f3n necesita de una empresa local que tenga maquinaria e implementos, por lo que significa la post venta y en caso de dificultades tener la posibilidad de acceder r\u00e1pidamente a ellos\u201d, acot\u00f3.<\/p>\n<p>Finalmente Walter Hund, destac\u00f3 el aporte que ha sido su empresa para La Araucan\u00eda, particularmente en conocimiento, trabajo y tecnolog\u00eda de punta. \u201cSomos una empresa familiar que parti\u00f3 el a\u00f1o 1991.\u00a0 Cubrimos diversas zonas del pa\u00eds desde Copiap\u00f3 a Coyhaique, con nuestro gran paraguas que es la mecanizaci\u00f3n agr\u00edcola, considerando el desarrollo paulatino que ha tenido en el agro.\u00a0 Nuestro foco est\u00e1 centrado en tres grandes \u00e1reas: fabricamos 80 productos distintos, distribuimos implementos importados desde diversos pa\u00edses y contamos 2 l\u00edneas de tractores para rubros estrat\u00e9gicos\u201d, puntualiz\u00f3.<\/p>\n<p>Agroshow Araucan\u00eda 2022 es un evento que comienza a dar sus primeros pasos en la regi\u00f3n, exponiendo conocimiento y tecnolog\u00eda de vanguardia, una propuesta de valor en la mecanizaci\u00f3n agr\u00edcola,\u00a0 y que sin duda viene a responder a demandas concretas para la agricultura del sur de Chile.<\/p>\n<p><a href=\"https:\/\/www.mundoagropecuario.cl\/new\/wp-content\/uploads\/2022\/10\/Agroshow-3t.jpeg\"><img loading=\"lazy\" decoding=\"async\" class=\"aligncenter wp-image-23131 size-full\" src=\"https:\/\/www.mundoagropecuario.cl\/new\/wp-content\/uploads\/2022\/10\/Agroshow-3t.jpeg\" alt=\"\" width=\"1024\" height=\"768\" srcset=\"https:\/\/www.mundoagropecuario.cl\/new\/wp-content\/uploads\/2022\/10\/Agroshow-3t.jpeg 533w, https:\/\/www.mundoagropecuario.cl\/new\/wp-content\/uploads\/2022\/10\/Agroshow-3t-586x440.jpeg 586w, https:\/\/www.mundoagropecuario.cl\/new\/wp-content\/uploads\/2022\/10\/Agroshow-3t-768x576.jpeg 768w\" sizes=\"auto, (max-width: 1024px) 100vw, 1024px\" \/><\/a><\/p>\n","protected":false},"excerpt":{"rendered":"<p>Agroshow Araucan\u00eda 2022 es un evento que comienza a dar sus primeros pasos en la regi\u00f3n, exponiendo conocimiento y tecnolog\u00eda de vanguardia.<\/p>\n","protected":false},"author":2,"featured_media":23129,"comment_status":"closed","ping_status":"closed","sticky":false,"template":"","format":"standard","meta":{"footnotes":""},"categories":[1945],"tags":[7529,2090,3127,7526,7528,7527],"class_list":["post-23128","post","type-post","status-publish","format-standard","has-post-thumbnail","hentry","category-agricultura","tag-3ra-version-de-agroshow","tag-agricultura","tag-agro","tag-agroshow","tag-fundo-los-torreones","tag-metalurgica-hund"],"yoast_head":"<!-- This site is optimized with the Yoast SEO plugin v26.6 - https:\/\/yoast.com\/wordpress\/plugins\/seo\/ -->\n<title>Realizan d\u00eda de campo Agroshow Araucan\u00eda 2022 - Mundoagropecuario<\/title>\n<meta name=\"description\" content=\"Agroshow Araucan\u00eda 2022 es un evento que comienza a dar sus primeros pasos en la regi\u00f3n, exponiendo conocimiento y tecnolog\u00eda de vanguardia.\" \/>\n<meta name=\"robots\" content=\"index, follow, max-snippet:-1, max-image-preview:large, max-video-preview:-1\" \/>\n<link rel=\"canonical\" href=\"https:\/\/www.mundoagropecuario.cl\/new\/realizan-dia-de-campo-agroshow-araucania-2022\/\" \/>\n<meta property=\"og:locale\" content=\"es_ES\" \/>\n<meta property=\"og:type\" content=\"article\" \/>\n<meta property=\"og:title\" content=\"Realizan d\u00eda de campo Agroshow Araucan\u00eda 2022 - Mundoagropecuario\" \/>\n<meta property=\"og:description\" content=\"Agroshow Araucan\u00eda 2022 es un evento que comienza a dar sus primeros pasos en la regi\u00f3n, exponiendo conocimiento y tecnolog\u00eda de vanguardia.\" \/>\n<meta property=\"og:url\" content=\"https:\/\/www.mundoagropecuario.cl\/new\/realizan-dia-de-campo-agroshow-araucania-2022\/\" \/>\n<meta property=\"og:site_name\" content=\"Mundoagropecuario\" \/>\n<meta property=\"article:publisher\" content=\"https:\/\/www.facebook.com\/mundo.agropecuario.3\" \/>\n<meta property=\"article:published_time\" content=\"2022-10-21T14:38:27+00:00\" \/>\n<meta property=\"article:modified_time\" content=\"2022-10-25T14:19:20+00:00\" \/>\n<meta property=\"og:image\" content=\"https:\/\/www.mundoagropecuario.cl\/new\/wp-content\/uploads\/2022\/10\/Agroshow-.jpeg\" \/>\n\t<meta property=\"og:image:width\" content=\"1024\" \/>\n\t<meta property=\"og:image:height\" content=\"768\" \/>\n\t<meta property=\"og:image:type\" content=\"image\/jpeg\" \/>\n<meta name=\"author\" content=\"mundo\" \/>\n<meta name=\"twitter:card\" content=\"summary_large_image\" \/>\n<meta name=\"twitter:creator\" content=\"@MundoAgropecuar\" \/>\n<meta name=\"twitter:site\" content=\"@MundoAgropecuar\" \/>\n<meta name=\"twitter:label1\" content=\"Escrito por\" \/>\n\t<meta name=\"twitter:data1\" content=\"mundo\" \/>\n\t<meta name=\"twitter:label2\" content=\"Tiempo de lectura\" \/>\n\t<meta name=\"twitter:data2\" content=\"3 minutos\" \/>\n<script type=\"application\/ld+json\" class=\"yoast-schema-graph\">{\"@context\":\"https:\/\/schema.org\",\"@graph\":[{\"@type\":\"Article\",\"@id\":\"https:\/\/www.mundoagropecuario.cl\/new\/realizan-dia-de-campo-agroshow-araucania-2022\/#article\",\"isPartOf\":{\"@id\":\"https:\/\/www.mundoagropecuario.cl\/new\/realizan-dia-de-campo-agroshow-araucania-2022\/\"},\"author\":{\"name\":\"mundo\",\"@id\":\"https:\/\/www.mundoagropecuario.cl\/new\/#\/schema\/person\/4e9f74a82a7dac260eb1c44b7eebeb18\"},\"headline\":\"Realizan d\u00eda de campo Agroshow Araucan\u00eda 2022\",\"datePublished\":\"2022-10-21T14:38:27+00:00\",\"dateModified\":\"2022-10-25T14:19:20+00:00\",\"mainEntityOfPage\":{\"@id\":\"https:\/\/www.mundoagropecuario.cl\/new\/realizan-dia-de-campo-agroshow-araucania-2022\/\"},\"wordCount\":496,\"publisher\":{\"@id\":\"https:\/\/www.mundoagropecuario.cl\/new\/#organization\"},\"image\":{\"@id\":\"https:\/\/www.mundoagropecuario.cl\/new\/realizan-dia-de-campo-agroshow-araucania-2022\/#primaryimage\"},\"thumbnailUrl\":\"https:\/\/www.mundoagropecuario.cl\/new\/wp-content\/uploads\/2022\/10\/Agroshow-.jpeg\",\"keywords\":[\"3ra versi\u00f3n de Agroshow\",\"Agricultura\",\"Agro\",\"Agroshow\",\"fundo Los Torreones\",\"Metal\u00fargica Hund\"],\"articleSection\":[\"Agricultura\"],\"inLanguage\":\"es\"},{\"@type\":\"WebPage\",\"@id\":\"https:\/\/www.mundoagropecuario.cl\/new\/realizan-dia-de-campo-agroshow-araucania-2022\/\",\"url\":\"https:\/\/www.mundoagropecuario.cl\/new\/realizan-dia-de-campo-agroshow-araucania-2022\/\",\"name\":\"Realizan d\u00eda de campo Agroshow Araucan\u00eda 2022 - Mundoagropecuario\",\"isPartOf\":{\"@id\":\"https:\/\/www.mundoagropecuario.cl\/new\/#website\"},\"primaryImageOfPage\":{\"@id\":\"https:\/\/www.mundoagropecuario.cl\/new\/realizan-dia-de-campo-agroshow-araucania-2022\/#primaryimage\"},\"image\":{\"@id\":\"https:\/\/www.mundoagropecuario.cl\/new\/realizan-dia-de-campo-agroshow-araucania-2022\/#primaryimage\"},\"thumbnailUrl\":\"https:\/\/www.mundoagropecuario.cl\/new\/wp-content\/uploads\/2022\/10\/Agroshow-.jpeg\",\"datePublished\":\"2022-10-21T14:38:27+00:00\",\"dateModified\":\"2022-10-25T14:19:20+00:00\",\"description\":\"Agroshow Araucan\u00eda 2022 es un evento que comienza a dar sus primeros pasos en la regi\u00f3n, exponiendo conocimiento y tecnolog\u00eda de vanguardia.\",\"breadcrumb\":{\"@id\":\"https:\/\/www.mundoagropecuario.cl\/new\/realizan-dia-de-campo-agroshow-araucania-2022\/#breadcrumb\"},\"inLanguage\":\"es\",\"potentialAction\":[{\"@type\":\"ReadAction\",\"target\":[\"https:\/\/www.mundoagropecuario.cl\/new\/realizan-dia-de-campo-agroshow-araucania-2022\/\"]}]},{\"@type\":\"ImageObject\",\"inLanguage\":\"es\",\"@id\":\"https:\/\/www.mundoagropecuario.cl\/new\/realizan-dia-de-campo-agroshow-araucania-2022\/#primaryimage\",\"url\":\"https:\/\/www.mundoagropecuario.cl\/new\/wp-content\/uploads\/2022\/10\/Agroshow-.jpeg\",\"contentUrl\":\"https:\/\/www.mundoagropecuario.cl\/new\/wp-content\/uploads\/2022\/10\/Agroshow-.jpeg\",\"width\":533,\"height\":400},{\"@type\":\"BreadcrumbList\",\"@id\":\"https:\/\/www.mundoagropecuario.cl\/new\/realizan-dia-de-campo-agroshow-araucania-2022\/#breadcrumb\",\"itemListElement\":[{\"@type\":\"ListItem\",\"position\":1,\"name\":\"Portada\",\"item\":\"https:\/\/www.mundoagropecuario.cl\/new\/\"},{\"@type\":\"ListItem\",\"position\":2,\"name\":\"Realizan d\u00eda de campo Agroshow Araucan\u00eda 2022\"}]},{\"@type\":\"WebSite\",\"@id\":\"https:\/\/www.mundoagropecuario.cl\/new\/#website\",\"url\":\"https:\/\/www.mundoagropecuario.cl\/new\/\",\"name\":\"Mundoagropecuario\",\"description\":\"Mundo Agropecuario\",\"publisher\":{\"@id\":\"https:\/\/www.mundoagropecuario.cl\/new\/#organization\"},\"potentialAction\":[{\"@type\":\"SearchAction\",\"target\":{\"@type\":\"EntryPoint\",\"urlTemplate\":\"https:\/\/www.mundoagropecuario.cl\/new\/?s={search_term_string}\"},\"query-input\":{\"@type\":\"PropertyValueSpecification\",\"valueRequired\":true,\"valueName\":\"search_term_string\"}}],\"inLanguage\":\"es\"},{\"@type\":\"Organization\",\"@id\":\"https:\/\/www.mundoagropecuario.cl\/new\/#organization\",\"name\":\"Revista de Agricultura\",\"url\":\"https:\/\/www.mundoagropecuario.cl\/new\/\",\"logo\":{\"@type\":\"ImageObject\",\"inLanguage\":\"es\",\"@id\":\"https:\/\/www.mundoagropecuario.cl\/new\/#\/schema\/logo\/image\/\",\"url\":\"https:\/\/www.mundoagropecuario.cl\/new\/wp-content\/uploads\/2020\/11\/PORTAL-1-1.png\",\"contentUrl\":\"https:\/\/www.mundoagropecuario.cl\/new\/wp-content\/uploads\/2020\/11\/PORTAL-1-1.png\",\"width\":1026,\"height\":100,\"caption\":\"Revista de Agricultura\"},\"image\":{\"@id\":\"https:\/\/www.mundoagropecuario.cl\/new\/#\/schema\/logo\/image\/\"},\"sameAs\":[\"https:\/\/www.facebook.com\/mundo.agropecuario.3\",\"https:\/\/x.com\/MundoAgropecuar\",\"https:\/\/www.linkedin.com\/in\/mundo-agropecuario-934009201\/\"]},{\"@type\":\"Person\",\"@id\":\"https:\/\/www.mundoagropecuario.cl\/new\/#\/schema\/person\/4e9f74a82a7dac260eb1c44b7eebeb18\",\"name\":\"mundo\",\"url\":\"https:\/\/www.mundoagropecuario.cl\/new\/author\/mundo\/\"}]}<\/script>\n<!-- \/ Yoast SEO plugin. -->","yoast_head_json":{"title":"Realizan d\u00eda de campo Agroshow Araucan\u00eda 2022 - Mundoagropecuario","description":"Agroshow Araucan\u00eda 2022 es un evento que comienza a dar sus primeros pasos en la regi\u00f3n, exponiendo conocimiento y tecnolog\u00eda de vanguardia.","robots":{"index":"index","follow":"follow","max-snippet":"max-snippet:-1","max-image-preview":"max-image-preview:large","max-video-preview":"max-video-preview:-1"},"canonical":"https:\/\/www.mundoagropecuario.cl\/new\/realizan-dia-de-campo-agroshow-araucania-2022\/","og_locale":"es_ES","og_type":"article","og_title":"Realizan d\u00eda de campo Agroshow Araucan\u00eda 2022 - Mundoagropecuario","og_description":"Agroshow Araucan\u00eda 2022 es un evento que comienza a dar sus primeros pasos en la regi\u00f3n, exponiendo conocimiento y tecnolog\u00eda de vanguardia.","og_url":"https:\/\/www.mundoagropecuario.cl\/new\/realizan-dia-de-campo-agroshow-araucania-2022\/","og_site_name":"Mundoagropecuario","article_publisher":"https:\/\/www.facebook.com\/mundo.agropecuario.3","article_published_time":"2022-10-21T14:38:27+00:00","article_modified_time":"2022-10-25T14:19:20+00:00","og_image":[{"width":1024,"height":768,"url":"https:\/\/www.mundoagropecuario.cl\/new\/wp-content\/uploads\/2022\/10\/Agroshow-.jpeg","type":"image\/jpeg"}],"author":"mundo","twitter_card":"summary_large_image","twitter_creator":"@MundoAgropecuar","twitter_site":"@MundoAgropecuar","twitter_misc":{"Escrito por":"mundo","Tiempo de lectura":"3 minutos"},"schema":{"@context":"https:\/\/schema.org","@graph":[{"@type":"Article","@id":"https:\/\/www.mundoagropecuario.cl\/new\/realizan-dia-de-campo-agroshow-araucania-2022\/#article","isPartOf":{"@id":"https:\/\/www.mundoagropecuario.cl\/new\/realizan-dia-de-campo-agroshow-araucania-2022\/"},"author":{"name":"mundo","@id":"https:\/\/www.mundoagropecuario.cl\/new\/#\/schema\/person\/4e9f74a82a7dac260eb1c44b7eebeb18"},"headline":"Realizan d\u00eda de campo Agroshow Araucan\u00eda 2022","datePublished":"2022-10-21T14:38:27+00:00","dateModified":"2022-10-25T14:19:20+00:00","mainEntityOfPage":{"@id":"https:\/\/www.mundoagropecuario.cl\/new\/realizan-dia-de-campo-agroshow-araucania-2022\/"},"wordCount":496,"publisher":{"@id":"https:\/\/www.mundoagropecuario.cl\/new\/#organization"},"image":{"@id":"https:\/\/www.mundoagropecuario.cl\/new\/realizan-dia-de-campo-agroshow-araucania-2022\/#primaryimage"},"thumbnailUrl":"https:\/\/www.mundoagropecuario.cl\/new\/wp-content\/uploads\/2022\/10\/Agroshow-.jpeg","keywords":["3ra versi\u00f3n de Agroshow","Agricultura","Agro","Agroshow","fundo Los Torreones","Metal\u00fargica Hund"],"articleSection":["Agricultura"],"inLanguage":"es"},{"@type":"WebPage","@id":"https:\/\/www.mundoagropecuario.cl\/new\/realizan-dia-de-campo-agroshow-araucania-2022\/","url":"https:\/\/www.mundoagropecuario.cl\/new\/realizan-dia-de-campo-agroshow-araucania-2022\/","name":"Realizan d\u00eda de campo Agroshow Araucan\u00eda 2022 - Mundoagropecuario","isPartOf":{"@id":"https:\/\/www.mundoagropecuario.cl\/new\/#website"},"primaryImageOfPage":{"@id":"https:\/\/www.mundoagropecuario.cl\/new\/realizan-dia-de-campo-agroshow-araucania-2022\/#primaryimage"},"image":{"@id":"https:\/\/www.mundoagropecuario.cl\/new\/realizan-dia-de-campo-agroshow-araucania-2022\/#primaryimage"},"thumbnailUrl":"https:\/\/www.mundoagropecuario.cl\/new\/wp-content\/uploads\/2022\/10\/Agroshow-.jpeg","datePublished":"2022-10-21T14:38:27+00:00","dateModified":"2022-10-25T14:19:20+00:00","description":"Agroshow Araucan\u00eda 2022 es un evento que comienza a dar sus primeros pasos en la regi\u00f3n, exponiendo conocimiento y tecnolog\u00eda de vanguardia.","breadcrumb":{"@id":"https:\/\/www.mundoagropecuario.cl\/new\/realizan-dia-de-campo-agroshow-araucania-2022\/#breadcrumb"},"inLanguage":"es","potentialAction":[{"@type":"ReadAction","target":["https:\/\/www.mundoagropecuario.cl\/new\/realizan-dia-de-campo-agroshow-araucania-2022\/"]}]},{"@type":"ImageObject","inLanguage":"es","@id":"https:\/\/www.mundoagropecuario.cl\/new\/realizan-dia-de-campo-agroshow-araucania-2022\/#primaryimage","url":"https:\/\/www.mundoagropecuario.cl\/new\/wp-content\/uploads\/2022\/10\/Agroshow-.jpeg","contentUrl":"https:\/\/www.mundoagropecuario.cl\/new\/wp-content\/uploads\/2022\/10\/Agroshow-.jpeg","width":533,"height":400},{"@type":"BreadcrumbList","@id":"https:\/\/www.mundoagropecuario.cl\/new\/realizan-dia-de-campo-agroshow-araucania-2022\/#breadcrumb","itemListElement":[{"@type":"ListItem","position":1,"name":"Portada","item":"https:\/\/www.mundoagropecuario.cl\/new\/"},{"@type":"ListItem","position":2,"name":"Realizan d\u00eda de campo Agroshow Araucan\u00eda 2022"}]},{"@type":"WebSite","@id":"https:\/\/www.mundoagropecuario.cl\/new\/#website","url":"https:\/\/www.mundoagropecuario.cl\/new\/","name":"Mundoagropecuario","description":"Mundo Agropecuario","publisher":{"@id":"https:\/\/www.mundoagropecuario.cl\/new\/#organization"},"potentialAction":[{"@type":"SearchAction","target":{"@type":"EntryPoint","urlTemplate":"https:\/\/www.mundoagropecuario.cl\/new\/?s={search_term_string}"},"query-input":{"@type":"PropertyValueSpecification","valueRequired":true,"valueName":"search_term_string"}}],"inLanguage":"es"},{"@type":"Organization","@id":"https:\/\/www.mundoagropecuario.cl\/new\/#organization","name":"Revista de Agricultura","url":"https:\/\/www.mundoagropecuario.cl\/new\/","logo":{"@type":"ImageObject","inLanguage":"es","@id":"https:\/\/www.mundoagropecuario.cl\/new\/#\/schema\/logo\/image\/","url":"https:\/\/www.mundoagropecuario.cl\/new\/wp-content\/uploads\/2020\/11\/PORTAL-1-1.png","contentUrl":"https:\/\/www.mundoagropecuario.cl\/new\/wp-content\/uploads\/2020\/11\/PORTAL-1-1.png","width":1026,"height":100,"caption":"Revista de Agricultura"},"image":{"@id":"https:\/\/www.mundoagropecuario.cl\/new\/#\/schema\/logo\/image\/"},"sameAs":["https:\/\/www.facebook.com\/mundo.agropecuario.3","https:\/\/x.com\/MundoAgropecuar","https:\/\/www.linkedin.com\/in\/mundo-agropecuario-934009201\/"]},{"@type":"Person","@id":"https:\/\/www.mundoagropecuario.cl\/new\/#\/schema\/person\/4e9f74a82a7dac260eb1c44b7eebeb18","name":"mundo","url":"https:\/\/www.mundoagropecuario.cl\/new\/author\/mundo\/"}]}},"_links":{"self":[{"href":"https:\/\/www.mundoagropecuario.cl\/new\/wp-json\/wp\/v2\/posts\/23128","targetHints":{"allow":["GET"]}}],"collection":[{"href":"https:\/\/www.mundoagropecuario.cl\/new\/wp-json\/wp\/v2\/posts"}],"about":[{"href":"https:\/\/www.mundoagropecuario.cl\/new\/wp-json\/wp\/v2\/types\/post"}],"author":[{"embeddable":true,"href":"https:\/\/www.mundoagropecuario.cl\/new\/wp-json\/wp\/v2\/users\/2"}],"replies":[{"embeddable":true,"href":"https:\/\/www.mundoagropecuario.cl\/new\/wp-json\/wp\/v2\/comments?post=23128"}],"version-history":[{"count":1,"href":"https:\/\/www.mundoagropecuario.cl\/new\/wp-json\/wp\/v2\/posts\/23128\/revisions"}],"predecessor-version":[{"id":23132,"href":"https:\/\/www.mundoagropecuario.cl\/new\/wp-json\/wp\/v2\/posts\/23128\/revisions\/23132"}],"wp:featuredmedia":[{"embeddable":true,"href":"https:\/\/www.mundoagropecuario.cl\/new\/wp-json\/wp\/v2\/media\/23129"}],"wp:attachment":[{"href":"https:\/\/www.mundoagropecuario.cl\/new\/wp-json\/wp\/v2\/media?parent=23128"}],"wp:term":[{"taxonomy":"category","embeddable":true,"href":"https:\/\/www.mundoagropecuario.cl\/new\/wp-json\/wp\/v2\/categories?post=23128"},{"taxonomy":"post_tag","embeddable":true,"href":"https:\/\/www.mundoagropecuario.cl\/new\/wp-json\/wp\/v2\/tags?post=23128"}],"curies":[{"name":"wp","href":"https:\/\/api.w.org\/{rel}","templated":true}]}}