{"id":23059,"date":"2022-10-17T09:26:04","date_gmt":"2022-10-17T12:26:04","guid":{"rendered":"https:\/\/www.mundoagropecuario.cl\/new\/?p=23059"},"modified":"2022-10-19T12:36:06","modified_gmt":"2022-10-19T15:36:06","slug":"el-martes-18-de-octubre-se-realizara-remate-especial-de-reproductores-del-inia-en-la-feria-fegosa","status":"publish","type":"post","link":"https:\/\/www.mundoagropecuario.cl\/new\/el-martes-18-de-octubre-se-realizara-remate-especial-de-reproductores-del-inia-en-la-feria-fegosa\/","title":{"rendered":"El martes 18 de octubre se realizar\u00e1 remate especial de reproductores del INIA en la feria Fegosa"},"content":{"rendered":"<blockquote>\n<h2><span style=\"color: #003300;\">En la ocasi\u00f3n se subastar\u00e1n toros finos de la raza Angus con informaci\u00f3n gen\u00f3mica, siendo una oportunidad \u00fanica de incorporar gen\u00e9tica de calidad garantizada y adaptada a las condiciones de pastoreo de la zona sur de Chile.<\/span><\/h2>\n<\/blockquote>\n<p>El pr\u00f3ximo martes 18 de octubre, a partir de las 11:00 horas, en la Feria Ganaderos Osorno S.A. (Fegosa) de Purranque, se llevar\u00e1 a cabo el remate especial de toros Angus del Centro Experimental INIA La Pampa. As\u00ed lo inform\u00f3 el especialista en calidad de carnes rojas de INIA, Rodrigo Morales.<\/p>\n<p>El investigador hizo una invitaci\u00f3n a los productores ganaderos a asistir al remate especial de reproductores del Criadero Porvenir y se\u00f1al\u00f3 que se trata de \u201cuna oportunidad \u00fanica de incorporar gen\u00e9tica adaptada a las condiciones de pastoreo de la zona sur de Chile\u201d.<\/p>\n<p>\u201cComo instituci\u00f3n hemos venido trabajando hace varios a\u00f1os en el desarrollo de un n\u00facleo gen\u00e9tico de la raza bovina Aberdeen Angus para aportar a la ganader\u00eda nacional con toros de una calidad gen\u00e9tica garantizada a trav\u00e9s de un modelo de evaluaci\u00f3n animal con registros e informaci\u00f3n gen\u00f3mica y an\u00e1lisis estad\u00edsticos que definen par\u00e1metros individuales importantes, lo que permite tomar decisiones informadas\u201d, sostuvo.<\/p>\n<p>El profesional del INIA dijo que \u201clamentablemente en los \u00faltimos a\u00f1os, debido a la pandemia, no se ha podido realizar el D\u00eda del Toro como se hac\u00eda antes; pero igual vamos a hacer el remate de los toros al cual est\u00e1n todos invitados\u201d, resalt\u00f3.<\/p>\n<p>Para descargar el Cat\u00e1logo del Remate de Toros 2022, se debe pinchar el siguiente link: https:\/\/drive.google.com\/file\/d\/1yrDPj7Ti3I6SAqNsa5mlfJKEkr1MmKQA\/view<\/p>\n","protected":false},"excerpt":{"rendered":"<p>D\u00eda del Toro: El martes 18 de octubre se llevar\u00e1 a cabo el remate especial de toros Angus del Centro Experimental INIA La Pampa.<\/p>\n","protected":false},"author":2,"featured_media":23060,"comment_status":"closed","ping_status":"closed","sticky":false,"template":"","format":"standard","meta":{"footnotes":""},"categories":[1945],"tags":[6388,2052,7499,7498,4357,3411],"class_list":["post-23059","post","type-post","status-publish","format-standard","has-post-thumbnail","hentry","category-agricultura","tag-feria-fegosa","tag-inia","tag-raza-bovina-aberdeen","tag-reproductores-del-inia","tag-rodrigo-morales","tag-toros"],"yoast_head":"<!-- This site is optimized with the Yoast SEO plugin v26.6 - https:\/\/yoast.com\/wordpress\/plugins\/seo\/ -->\n<title>El martes 18 de octubre se realizar\u00e1 remate especial de reproductores del INIA en la feria Fegosa - Mundoagropecuario<\/title>\n<meta name=\"description\" content=\"D\u00eda del Toro: El martes 18 de octubre se llevar\u00e1 a cabo el remate especial de toros Angus del Centro Experimental INIA La Pampa.\" \/>\n<meta name=\"robots\" content=\"index, follow, max-snippet:-1, max-image-preview:large, max-video-preview:-1\" \/>\n<link rel=\"canonical\" href=\"https:\/\/www.mundoagropecuario.cl\/new\/el-martes-18-de-octubre-se-realizara-remate-especial-de-reproductores-del-inia-en-la-feria-fegosa\/\" \/>\n<meta property=\"og:locale\" content=\"es_ES\" \/>\n<meta property=\"og:type\" content=\"article\" \/>\n<meta property=\"og:title\" content=\"El martes 18 de octubre se realizar\u00e1 remate especial de reproductores del INIA en la feria Fegosa - Mundoagropecuario\" \/>\n<meta property=\"og:description\" content=\"D\u00eda del Toro: El martes 18 de octubre se llevar\u00e1 a cabo el remate especial de toros Angus del Centro Experimental INIA La Pampa.\" \/>\n<meta property=\"og:url\" content=\"https:\/\/www.mundoagropecuario.cl\/new\/el-martes-18-de-octubre-se-realizara-remate-especial-de-reproductores-del-inia-en-la-feria-fegosa\/\" \/>\n<meta property=\"og:site_name\" content=\"Mundoagropecuario\" \/>\n<meta property=\"article:publisher\" content=\"https:\/\/www.facebook.com\/mundo.agropecuario.3\" \/>\n<meta property=\"article:published_time\" content=\"2022-10-17T12:26:04+00:00\" \/>\n<meta property=\"article:modified_time\" content=\"2022-10-19T15:36:06+00:00\" \/>\n<meta property=\"og:image\" content=\"https:\/\/www.mundoagropecuario.cl\/new\/wp-content\/uploads\/2022\/10\/Toros-finos-Angus-2.jpg\" \/>\n\t<meta property=\"og:image:width\" content=\"806\" \/>\n\t<meta property=\"og:image:height\" content=\"605\" \/>\n\t<meta property=\"og:image:type\" content=\"image\/jpeg\" \/>\n<meta name=\"author\" content=\"mundo\" \/>\n<meta name=\"twitter:card\" content=\"summary_large_image\" \/>\n<meta name=\"twitter:creator\" content=\"@MundoAgropecuar\" \/>\n<meta name=\"twitter:site\" content=\"@MundoAgropecuar\" \/>\n<meta name=\"twitter:label1\" content=\"Escrito por\" \/>\n\t<meta name=\"twitter:data1\" content=\"mundo\" \/>\n\t<meta name=\"twitter:label2\" content=\"Tiempo de lectura\" \/>\n\t<meta name=\"twitter:data2\" content=\"2 minutos\" \/>\n<script type=\"application\/ld+json\" class=\"yoast-schema-graph\">{\"@context\":\"https:\/\/schema.org\",\"@graph\":[{\"@type\":\"Article\",\"@id\":\"https:\/\/www.mundoagropecuario.cl\/new\/el-martes-18-de-octubre-se-realizara-remate-especial-de-reproductores-del-inia-en-la-feria-fegosa\/#article\",\"isPartOf\":{\"@id\":\"https:\/\/www.mundoagropecuario.cl\/new\/el-martes-18-de-octubre-se-realizara-remate-especial-de-reproductores-del-inia-en-la-feria-fegosa\/\"},\"author\":{\"name\":\"mundo\",\"@id\":\"https:\/\/www.mundoagropecuario.cl\/new\/#\/schema\/person\/4e9f74a82a7dac260eb1c44b7eebeb18\"},\"headline\":\"El martes 18 de octubre se realizar\u00e1 remate especial de reproductores del INIA en la feria Fegosa\",\"datePublished\":\"2022-10-17T12:26:04+00:00\",\"dateModified\":\"2022-10-19T15:36:06+00:00\",\"mainEntityOfPage\":{\"@id\":\"https:\/\/www.mundoagropecuario.cl\/new\/el-martes-18-de-octubre-se-realizara-remate-especial-de-reproductores-del-inia-en-la-feria-fegosa\/\"},\"wordCount\":306,\"publisher\":{\"@id\":\"https:\/\/www.mundoagropecuario.cl\/new\/#organization\"},\"image\":{\"@id\":\"https:\/\/www.mundoagropecuario.cl\/new\/el-martes-18-de-octubre-se-realizara-remate-especial-de-reproductores-del-inia-en-la-feria-fegosa\/#primaryimage\"},\"thumbnailUrl\":\"https:\/\/www.mundoagropecuario.cl\/new\/wp-content\/uploads\/2022\/10\/Toros-finos-Angus-2.jpg\",\"keywords\":[\"feria Fegosa\",\"INIA\",\"raza bovina Aberdeen\",\"reproductores del INIA\",\"Rodrigo Morales\",\"toros\"],\"articleSection\":[\"Agricultura\"],\"inLanguage\":\"es\"},{\"@type\":\"WebPage\",\"@id\":\"https:\/\/www.mundoagropecuario.cl\/new\/el-martes-18-de-octubre-se-realizara-remate-especial-de-reproductores-del-inia-en-la-feria-fegosa\/\",\"url\":\"https:\/\/www.mundoagropecuario.cl\/new\/el-martes-18-de-octubre-se-realizara-remate-especial-de-reproductores-del-inia-en-la-feria-fegosa\/\",\"name\":\"El martes 18 de octubre se realizar\u00e1 remate especial de reproductores del INIA en la feria Fegosa - Mundoagropecuario\",\"isPartOf\":{\"@id\":\"https:\/\/www.mundoagropecuario.cl\/new\/#website\"},\"primaryImageOfPage\":{\"@id\":\"https:\/\/www.mundoagropecuario.cl\/new\/el-martes-18-de-octubre-se-realizara-remate-especial-de-reproductores-del-inia-en-la-feria-fegosa\/#primaryimage\"},\"image\":{\"@id\":\"https:\/\/www.mundoagropecuario.cl\/new\/el-martes-18-de-octubre-se-realizara-remate-especial-de-reproductores-del-inia-en-la-feria-fegosa\/#primaryimage\"},\"thumbnailUrl\":\"https:\/\/www.mundoagropecuario.cl\/new\/wp-content\/uploads\/2022\/10\/Toros-finos-Angus-2.jpg\",\"datePublished\":\"2022-10-17T12:26:04+00:00\",\"dateModified\":\"2022-10-19T15:36:06+00:00\",\"description\":\"D\u00eda del Toro: El martes 18 de octubre se llevar\u00e1 a cabo el remate especial de toros Angus del Centro Experimental INIA La Pampa.\",\"breadcrumb\":{\"@id\":\"https:\/\/www.mundoagropecuario.cl\/new\/el-martes-18-de-octubre-se-realizara-remate-especial-de-reproductores-del-inia-en-la-feria-fegosa\/#breadcrumb\"},\"inLanguage\":\"es\",\"potentialAction\":[{\"@type\":\"ReadAction\",\"target\":[\"https:\/\/www.mundoagropecuario.cl\/new\/el-martes-18-de-octubre-se-realizara-remate-especial-de-reproductores-del-inia-en-la-feria-fegosa\/\"]}]},{\"@type\":\"ImageObject\",\"inLanguage\":\"es\",\"@id\":\"https:\/\/www.mundoagropecuario.cl\/new\/el-martes-18-de-octubre-se-realizara-remate-especial-de-reproductores-del-inia-en-la-feria-fegosa\/#primaryimage\",\"url\":\"https:\/\/www.mundoagropecuario.cl\/new\/wp-content\/uploads\/2022\/10\/Toros-finos-Angus-2.jpg\",\"contentUrl\":\"https:\/\/www.mundoagropecuario.cl\/new\/wp-content\/uploads\/2022\/10\/Toros-finos-Angus-2.jpg\",\"width\":533,\"height\":400},{\"@type\":\"BreadcrumbList\",\"@id\":\"https:\/\/www.mundoagropecuario.cl\/new\/el-martes-18-de-octubre-se-realizara-remate-especial-de-reproductores-del-inia-en-la-feria-fegosa\/#breadcrumb\",\"itemListElement\":[{\"@type\":\"ListItem\",\"position\":1,\"name\":\"Portada\",\"item\":\"https:\/\/www.mundoagropecuario.cl\/new\/\"},{\"@type\":\"ListItem\",\"position\":2,\"name\":\"El martes 18 de octubre se realizar\u00e1 remate especial de reproductores del INIA en la feria Fegosa\"}]},{\"@type\":\"WebSite\",\"@id\":\"https:\/\/www.mundoagropecuario.cl\/new\/#website\",\"url\":\"https:\/\/www.mundoagropecuario.cl\/new\/\",\"name\":\"Mundoagropecuario\",\"description\":\"Mundo Agropecuario\",\"publisher\":{\"@id\":\"https:\/\/www.mundoagropecuario.cl\/new\/#organization\"},\"potentialAction\":[{\"@type\":\"SearchAction\",\"target\":{\"@type\":\"EntryPoint\",\"urlTemplate\":\"https:\/\/www.mundoagropecuario.cl\/new\/?s={search_term_string}\"},\"query-input\":{\"@type\":\"PropertyValueSpecification\",\"valueRequired\":true,\"valueName\":\"search_term_string\"}}],\"inLanguage\":\"es\"},{\"@type\":\"Organization\",\"@id\":\"https:\/\/www.mundoagropecuario.cl\/new\/#organization\",\"name\":\"Revista de Agricultura\",\"url\":\"https:\/\/www.mundoagropecuario.cl\/new\/\",\"logo\":{\"@type\":\"ImageObject\",\"inLanguage\":\"es\",\"@id\":\"https:\/\/www.mundoagropecuario.cl\/new\/#\/schema\/logo\/image\/\",\"url\":\"https:\/\/www.mundoagropecuario.cl\/new\/wp-content\/uploads\/2020\/11\/PORTAL-1-1.png\",\"contentUrl\":\"https:\/\/www.mundoagropecuario.cl\/new\/wp-content\/uploads\/2020\/11\/PORTAL-1-1.png\",\"width\":1026,\"height\":100,\"caption\":\"Revista de Agricultura\"},\"image\":{\"@id\":\"https:\/\/www.mundoagropecuario.cl\/new\/#\/schema\/logo\/image\/\"},\"sameAs\":[\"https:\/\/www.facebook.com\/mundo.agropecuario.3\",\"https:\/\/x.com\/MundoAgropecuar\",\"https:\/\/www.linkedin.com\/in\/mundo-agropecuario-934009201\/\"]},{\"@type\":\"Person\",\"@id\":\"https:\/\/www.mundoagropecuario.cl\/new\/#\/schema\/person\/4e9f74a82a7dac260eb1c44b7eebeb18\",\"name\":\"mundo\",\"url\":\"https:\/\/www.mundoagropecuario.cl\/new\/author\/mundo\/\"}]}<\/script>\n<!-- \/ Yoast SEO plugin. -->","yoast_head_json":{"title":"El martes 18 de octubre se realizar\u00e1 remate especial de reproductores del INIA en la feria Fegosa - Mundoagropecuario","description":"D\u00eda del Toro: El martes 18 de octubre se llevar\u00e1 a cabo el remate especial de toros Angus del Centro Experimental INIA La Pampa.","robots":{"index":"index","follow":"follow","max-snippet":"max-snippet:-1","max-image-preview":"max-image-preview:large","max-video-preview":"max-video-preview:-1"},"canonical":"https:\/\/www.mundoagropecuario.cl\/new\/el-martes-18-de-octubre-se-realizara-remate-especial-de-reproductores-del-inia-en-la-feria-fegosa\/","og_locale":"es_ES","og_type":"article","og_title":"El martes 18 de octubre se realizar\u00e1 remate especial de reproductores del INIA en la feria Fegosa - Mundoagropecuario","og_description":"D\u00eda del Toro: El martes 18 de octubre se llevar\u00e1 a cabo el remate especial de toros Angus del Centro Experimental INIA La Pampa.","og_url":"https:\/\/www.mundoagropecuario.cl\/new\/el-martes-18-de-octubre-se-realizara-remate-especial-de-reproductores-del-inia-en-la-feria-fegosa\/","og_site_name":"Mundoagropecuario","article_publisher":"https:\/\/www.facebook.com\/mundo.agropecuario.3","article_published_time":"2022-10-17T12:26:04+00:00","article_modified_time":"2022-10-19T15:36:06+00:00","og_image":[{"width":806,"height":605,"url":"https:\/\/www.mundoagropecuario.cl\/new\/wp-content\/uploads\/2022\/10\/Toros-finos-Angus-2.jpg","type":"image\/jpeg"}],"author":"mundo","twitter_card":"summary_large_image","twitter_creator":"@MundoAgropecuar","twitter_site":"@MundoAgropecuar","twitter_misc":{"Escrito por":"mundo","Tiempo de lectura":"2 minutos"},"schema":{"@context":"https:\/\/schema.org","@graph":[{"@type":"Article","@id":"https:\/\/www.mundoagropecuario.cl\/new\/el-martes-18-de-octubre-se-realizara-remate-especial-de-reproductores-del-inia-en-la-feria-fegosa\/#article","isPartOf":{"@id":"https:\/\/www.mundoagropecuario.cl\/new\/el-martes-18-de-octubre-se-realizara-remate-especial-de-reproductores-del-inia-en-la-feria-fegosa\/"},"author":{"name":"mundo","@id":"https:\/\/www.mundoagropecuario.cl\/new\/#\/schema\/person\/4e9f74a82a7dac260eb1c44b7eebeb18"},"headline":"El martes 18 de octubre se realizar\u00e1 remate especial de reproductores del INIA en la feria Fegosa","datePublished":"2022-10-17T12:26:04+00:00","dateModified":"2022-10-19T15:36:06+00:00","mainEntityOfPage":{"@id":"https:\/\/www.mundoagropecuario.cl\/new\/el-martes-18-de-octubre-se-realizara-remate-especial-de-reproductores-del-inia-en-la-feria-fegosa\/"},"wordCount":306,"publisher":{"@id":"https:\/\/www.mundoagropecuario.cl\/new\/#organization"},"image":{"@id":"https:\/\/www.mundoagropecuario.cl\/new\/el-martes-18-de-octubre-se-realizara-remate-especial-de-reproductores-del-inia-en-la-feria-fegosa\/#primaryimage"},"thumbnailUrl":"https:\/\/www.mundoagropecuario.cl\/new\/wp-content\/uploads\/2022\/10\/Toros-finos-Angus-2.jpg","keywords":["feria Fegosa","INIA","raza bovina Aberdeen","reproductores del INIA","Rodrigo Morales","toros"],"articleSection":["Agricultura"],"inLanguage":"es"},{"@type":"WebPage","@id":"https:\/\/www.mundoagropecuario.cl\/new\/el-martes-18-de-octubre-se-realizara-remate-especial-de-reproductores-del-inia-en-la-feria-fegosa\/","url":"https:\/\/www.mundoagropecuario.cl\/new\/el-martes-18-de-octubre-se-realizara-remate-especial-de-reproductores-del-inia-en-la-feria-fegosa\/","name":"El martes 18 de octubre se realizar\u00e1 remate especial de reproductores del INIA en la feria Fegosa - Mundoagropecuario","isPartOf":{"@id":"https:\/\/www.mundoagropecuario.cl\/new\/#website"},"primaryImageOfPage":{"@id":"https:\/\/www.mundoagropecuario.cl\/new\/el-martes-18-de-octubre-se-realizara-remate-especial-de-reproductores-del-inia-en-la-feria-fegosa\/#primaryimage"},"image":{"@id":"https:\/\/www.mundoagropecuario.cl\/new\/el-martes-18-de-octubre-se-realizara-remate-especial-de-reproductores-del-inia-en-la-feria-fegosa\/#primaryimage"},"thumbnailUrl":"https:\/\/www.mundoagropecuario.cl\/new\/wp-content\/uploads\/2022\/10\/Toros-finos-Angus-2.jpg","datePublished":"2022-10-17T12:26:04+00:00","dateModified":"2022-10-19T15:36:06+00:00","description":"D\u00eda del Toro: El martes 18 de octubre se llevar\u00e1 a cabo el remate especial de toros Angus del Centro Experimental INIA La Pampa.","breadcrumb":{"@id":"https:\/\/www.mundoagropecuario.cl\/new\/el-martes-18-de-octubre-se-realizara-remate-especial-de-reproductores-del-inia-en-la-feria-fegosa\/#breadcrumb"},"inLanguage":"es","potentialAction":[{"@type":"ReadAction","target":["https:\/\/www.mundoagropecuario.cl\/new\/el-martes-18-de-octubre-se-realizara-remate-especial-de-reproductores-del-inia-en-la-feria-fegosa\/"]}]},{"@type":"ImageObject","inLanguage":"es","@id":"https:\/\/www.mundoagropecuario.cl\/new\/el-martes-18-de-octubre-se-realizara-remate-especial-de-reproductores-del-inia-en-la-feria-fegosa\/#primaryimage","url":"https:\/\/www.mundoagropecuario.cl\/new\/wp-content\/uploads\/2022\/10\/Toros-finos-Angus-2.jpg","contentUrl":"https:\/\/www.mundoagropecuario.cl\/new\/wp-content\/uploads\/2022\/10\/Toros-finos-Angus-2.jpg","width":533,"height":400},{"@type":"BreadcrumbList","@id":"https:\/\/www.mundoagropecuario.cl\/new\/el-martes-18-de-octubre-se-realizara-remate-especial-de-reproductores-del-inia-en-la-feria-fegosa\/#breadcrumb","itemListElement":[{"@type":"ListItem","position":1,"name":"Portada","item":"https:\/\/www.mundoagropecuario.cl\/new\/"},{"@type":"ListItem","position":2,"name":"El martes 18 de octubre se realizar\u00e1 remate especial de reproductores del INIA en la feria Fegosa"}]},{"@type":"WebSite","@id":"https:\/\/www.mundoagropecuario.cl\/new\/#website","url":"https:\/\/www.mundoagropecuario.cl\/new\/","name":"Mundoagropecuario","description":"Mundo Agropecuario","publisher":{"@id":"https:\/\/www.mundoagropecuario.cl\/new\/#organization"},"potentialAction":[{"@type":"SearchAction","target":{"@type":"EntryPoint","urlTemplate":"https:\/\/www.mundoagropecuario.cl\/new\/?s={search_term_string}"},"query-input":{"@type":"PropertyValueSpecification","valueRequired":true,"valueName":"search_term_string"}}],"inLanguage":"es"},{"@type":"Organization","@id":"https:\/\/www.mundoagropecuario.cl\/new\/#organization","name":"Revista de Agricultura","url":"https:\/\/www.mundoagropecuario.cl\/new\/","logo":{"@type":"ImageObject","inLanguage":"es","@id":"https:\/\/www.mundoagropecuario.cl\/new\/#\/schema\/logo\/image\/","url":"https:\/\/www.mundoagropecuario.cl\/new\/wp-content\/uploads\/2020\/11\/PORTAL-1-1.png","contentUrl":"https:\/\/www.mundoagropecuario.cl\/new\/wp-content\/uploads\/2020\/11\/PORTAL-1-1.png","width":1026,"height":100,"caption":"Revista de Agricultura"},"image":{"@id":"https:\/\/www.mundoagropecuario.cl\/new\/#\/schema\/logo\/image\/"},"sameAs":["https:\/\/www.facebook.com\/mundo.agropecuario.3","https:\/\/x.com\/MundoAgropecuar","https:\/\/www.linkedin.com\/in\/mundo-agropecuario-934009201\/"]},{"@type":"Person","@id":"https:\/\/www.mundoagropecuario.cl\/new\/#\/schema\/person\/4e9f74a82a7dac260eb1c44b7eebeb18","name":"mundo","url":"https:\/\/www.mundoagropecuario.cl\/new\/author\/mundo\/"}]}},"_links":{"self":[{"href":"https:\/\/www.mundoagropecuario.cl\/new\/wp-json\/wp\/v2\/posts\/23059","targetHints":{"allow":["GET"]}}],"collection":[{"href":"https:\/\/www.mundoagropecuario.cl\/new\/wp-json\/wp\/v2\/posts"}],"about":[{"href":"https:\/\/www.mundoagropecuario.cl\/new\/wp-json\/wp\/v2\/types\/post"}],"author":[{"embeddable":true,"href":"https:\/\/www.mundoagropecuario.cl\/new\/wp-json\/wp\/v2\/users\/2"}],"replies":[{"embeddable":true,"href":"https:\/\/www.mundoagropecuario.cl\/new\/wp-json\/wp\/v2\/comments?post=23059"}],"version-history":[{"count":1,"href":"https:\/\/www.mundoagropecuario.cl\/new\/wp-json\/wp\/v2\/posts\/23059\/revisions"}],"predecessor-version":[{"id":23061,"href":"https:\/\/www.mundoagropecuario.cl\/new\/wp-json\/wp\/v2\/posts\/23059\/revisions\/23061"}],"wp:featuredmedia":[{"embeddable":true,"href":"https:\/\/www.mundoagropecuario.cl\/new\/wp-json\/wp\/v2\/media\/23060"}],"wp:attachment":[{"href":"https:\/\/www.mundoagropecuario.cl\/new\/wp-json\/wp\/v2\/media?parent=23059"}],"wp:term":[{"taxonomy":"category","embeddable":true,"href":"https:\/\/www.mundoagropecuario.cl\/new\/wp-json\/wp\/v2\/categories?post=23059"},{"taxonomy":"post_tag","embeddable":true,"href":"https:\/\/www.mundoagropecuario.cl\/new\/wp-json\/wp\/v2\/tags?post=23059"}],"curies":[{"name":"wp","href":"https:\/\/api.w.org\/{rel}","templated":true}]}}