{"id":23002,"date":"2022-10-06T11:30:51","date_gmt":"2022-10-06T14:30:51","guid":{"rendered":"https:\/\/www.mundoagropecuario.cl\/new\/?p=23002"},"modified":"2022-10-11T13:13:10","modified_gmt":"2022-10-11T16:13:10","slug":"comenzo-expo-chile-agricola-2022-en-lo-valledor","status":"publish","type":"post","link":"https:\/\/www.mundoagropecuario.cl\/new\/comenzo-expo-chile-agricola-2022-en-lo-valledor\/","title":{"rendered":"Comenz\u00f3 Expo Chile Agr\u00edcola 2022 en Lo Valledor"},"content":{"rendered":"<blockquote>\n<h2><span style=\"color: #333300;\">Este 5 y 6 de octubre el Mercado Mayorista Lo Valledor alberga el regreso a la presencialidad del encuentro de capacitaci\u00f3n m\u00e1s importante del pa\u00eds, con m\u00e1s de 130 actividades gratuitas.\u00a0<\/span><\/h2>\n<\/blockquote>\n<p>Este mi\u00e9rcoles comenz\u00f3 Expo Chile Agr\u00edcola, que volvi\u00f3 a la presencialidad en el Mercado Mayorista Lo Valledor y durante dos jornadas, este 5 y 6 de octubre, cuenta con m\u00e1s de 130 actividades gratuitas entre seminarios y charlas, enfocadas en temas clave para la agricultura de hoy. 60 de ellas son en formato online, a las que se puede participar desde cualquier punto del pa\u00eds a trav\u00e9s del sitio web www.expochileagricola.cl.<\/p>\n<p><a href=\"https:\/\/www.mundoagropecuario.cl\/new\/wp-content\/uploads\/2022\/10\/Expo-Chile-Agri\u0301cola-3-scaled.jpg\"><img loading=\"lazy\" decoding=\"async\" class=\" wp-image-23003 alignleft\" src=\"https:\/\/www.mundoagropecuario.cl\/new\/wp-content\/uploads\/2022\/10\/Expo-Chile-Agri\u0301cola-3-586x391.jpg\" alt=\"\" width=\"472\" height=\"333\" \/><\/a>Entre los principales ejes tem\u00e1ticos de este evento, organizado por el Ministerio de Agricultura a trav\u00e9s de la Fundaci\u00f3n de Comunicaciones, Capacitaci\u00f3n y Cultura del Agro (FUCOA), destacan Agua y Emergencia Clim\u00e1tica; Innovaci\u00f3n y Transferencia Tecnol\u00f3gica; Sustentabilidad, Seguridad y Soberan\u00eda Alimentaria; Mujer en el Mundo Rural; y Asociatividad.<\/p>\n<p>El encuentro re\u00fane a cerca de 80 instituciones entre servicios del agro, organismos p\u00fablicos, universidades, entidades internacionales y representantes de diversos pa\u00edses. Por ejemplo, Jap\u00f3n est\u00e1 presente con una charla explicativa sobre sus avances en sistemas alimentarios sustentables, tanto en uso de mayor tecnolog\u00eda como de eliminaci\u00f3n de productos qu\u00edmicos.<\/p>\n<p>A nivel local, otro tema destacado es un proyecto enfocado al desarrollo de queso saludable, llevado a cabo por INIA en conjunto con peque\u00f1os y medianos productores del sur de Chile, adem\u00e1s de una charla educativa de CONAF sobre medidas de prevenci\u00f3n de incendios forestales mediante a intervenci\u00f3n de la vegetaci\u00f3n, entre otras medidas. Asimismo, productos innovadores como el limoncete, licor inspirado en el limoncello, elaborado por productores de Ovalle con limones de la zona, tambi\u00e9n est\u00e1n presentes en Expo Chile Agr\u00edcola.<\/p>\n<p><a href=\"https:\/\/www.mundoagropecuario.cl\/new\/wp-content\/uploads\/2022\/10\/Expo-Chile-Agri\u0301cola-4-scaled.jpg\"><img loading=\"lazy\" decoding=\"async\" class=\" wp-image-23004 alignright\" src=\"https:\/\/www.mundoagropecuario.cl\/new\/wp-content\/uploads\/2022\/10\/Expo-Chile-Agri\u0301cola-4-586x390.jpg\" alt=\"\" width=\"483\" height=\"332\" \/><\/a>La violencia de g\u00e9nero en el mundo rural es un tema invisibilizado, que fue abordado especialmente en un conversatorio organizado por el Ministerio de Agricultura, con la participaci\u00f3n de la ministra de la Mujer y la Equidad de G\u00e9nero, Antonia Orellana, junto a dirigentas de distintos lugares del pa\u00eds, como una forma de relevar este problema, abordar las acciones necesarias para enfrentarlo y recoger experiencias.<\/p>\n<p>Adem\u00e1s de las charlas, seminarios y conversatorios, Expo Chile Agr\u00edcola 2022 cuenta con un espacio de Mercado Campesino, donde peque\u00f1os productores y productoras ofrecen subproductos de la miel, productos cosm\u00e9ticos y gastron\u00f3micos basados en caracol, mermeladas y conservas y frutos secos, entre otros.<\/p>\n<p>El programa completo de actividades del evento est\u00e1 disponible en www.expochileagricola.cl, donde quienes deseen asistir a las charlas y seminarios pueden inscribirse gratuitamente, informarse y as\u00ed no perderse las distintas alternativas de esta nueva versi\u00f3n del encuentro m\u00e1s importante del agro chileno.<\/p>\n","protected":false},"excerpt":{"rendered":"<p>Hay m\u00e1s de 60 charlas online a las que se puede participar desde cualquier punto del pa\u00eds. Las inscripciones todav\u00eda est\u00e1n vigentes en www.expochileagricola.cl.<\/p>\n","protected":false},"author":2,"featured_media":23005,"comment_status":"closed","ping_status":"closed","sticky":false,"template":"","format":"standard","meta":{"footnotes":""},"categories":[1945],"tags":[2090,3127,7470,2758],"class_list":["post-23002","post","type-post","status-publish","format-standard","has-post-thumbnail","hentry","category-agricultura","tag-agricultura","tag-agro","tag-expo-chile-agricola-2022","tag-lo-valledor"],"yoast_head":"<!-- This site is optimized with the Yoast SEO plugin v26.6 - https:\/\/yoast.com\/wordpress\/plugins\/seo\/ -->\n<title>Comenz\u00f3 Expo Chile Agr\u00edcola 2022 en Lo Valledor - Mundoagropecuario<\/title>\n<meta name=\"description\" content=\"Hay m\u00e1s de 60 charlas online a las que se puede participar desde cualquier punto del pa\u00eds. Las inscripciones www.expochileagricola.cl.\" \/>\n<meta name=\"robots\" content=\"index, follow, max-snippet:-1, max-image-preview:large, max-video-preview:-1\" \/>\n<link rel=\"canonical\" href=\"https:\/\/www.mundoagropecuario.cl\/new\/comenzo-expo-chile-agricola-2022-en-lo-valledor\/\" \/>\n<meta property=\"og:locale\" content=\"es_ES\" \/>\n<meta property=\"og:type\" content=\"article\" \/>\n<meta property=\"og:title\" content=\"Comenz\u00f3 Expo Chile Agr\u00edcola 2022 en Lo Valledor - Mundoagropecuario\" \/>\n<meta property=\"og:description\" content=\"Hay m\u00e1s de 60 charlas online a las que se puede participar desde cualquier punto del pa\u00eds. Las inscripciones www.expochileagricola.cl.\" \/>\n<meta property=\"og:url\" content=\"https:\/\/www.mundoagropecuario.cl\/new\/comenzo-expo-chile-agricola-2022-en-lo-valledor\/\" \/>\n<meta property=\"og:site_name\" content=\"Mundoagropecuario\" \/>\n<meta property=\"article:publisher\" content=\"https:\/\/www.facebook.com\/mundo.agropecuario.3\" \/>\n<meta property=\"article:published_time\" content=\"2022-10-06T14:30:51+00:00\" \/>\n<meta property=\"article:modified_time\" content=\"2022-10-11T16:13:10+00:00\" \/>\n<meta property=\"og:image\" content=\"https:\/\/www.mundoagropecuario.cl\/new\/wp-content\/uploads\/2022\/10\/Expo-Chile-Agri\u0301cola-1-scaled.jpg\" \/>\n\t<meta property=\"og:image:width\" content=\"1024\" \/>\n\t<meta property=\"og:image:height\" content=\"683\" \/>\n\t<meta property=\"og:image:type\" content=\"image\/jpeg\" \/>\n<meta name=\"author\" content=\"mundo\" \/>\n<meta name=\"twitter:card\" content=\"summary_large_image\" \/>\n<meta name=\"twitter:creator\" content=\"@MundoAgropecuar\" \/>\n<meta name=\"twitter:site\" content=\"@MundoAgropecuar\" \/>\n<meta name=\"twitter:label1\" content=\"Escrito por\" \/>\n\t<meta name=\"twitter:data1\" content=\"mundo\" \/>\n\t<meta name=\"twitter:label2\" content=\"Tiempo de lectura\" \/>\n\t<meta name=\"twitter:data2\" content=\"3 minutos\" \/>\n<script type=\"application\/ld+json\" class=\"yoast-schema-graph\">{\"@context\":\"https:\/\/schema.org\",\"@graph\":[{\"@type\":\"Article\",\"@id\":\"https:\/\/www.mundoagropecuario.cl\/new\/comenzo-expo-chile-agricola-2022-en-lo-valledor\/#article\",\"isPartOf\":{\"@id\":\"https:\/\/www.mundoagropecuario.cl\/new\/comenzo-expo-chile-agricola-2022-en-lo-valledor\/\"},\"author\":{\"name\":\"mundo\",\"@id\":\"https:\/\/www.mundoagropecuario.cl\/new\/#\/schema\/person\/4e9f74a82a7dac260eb1c44b7eebeb18\"},\"headline\":\"Comenz\u00f3 Expo Chile Agr\u00edcola 2022 en Lo Valledor\",\"datePublished\":\"2022-10-06T14:30:51+00:00\",\"dateModified\":\"2022-10-11T16:13:10+00:00\",\"mainEntityOfPage\":{\"@id\":\"https:\/\/www.mundoagropecuario.cl\/new\/comenzo-expo-chile-agricola-2022-en-lo-valledor\/\"},\"wordCount\":478,\"publisher\":{\"@id\":\"https:\/\/www.mundoagropecuario.cl\/new\/#organization\"},\"image\":{\"@id\":\"https:\/\/www.mundoagropecuario.cl\/new\/comenzo-expo-chile-agricola-2022-en-lo-valledor\/#primaryimage\"},\"thumbnailUrl\":\"https:\/\/www.mundoagropecuario.cl\/new\/wp-content\/uploads\/2022\/10\/Expo-Chile-Agri\u0301cola-1-scaled.jpg\",\"keywords\":[\"Agricultura\",\"Agro\",\"Expo Chile Agr\u00edcola 2022\",\"Lo Valledor\"],\"articleSection\":[\"Agricultura\"],\"inLanguage\":\"es\"},{\"@type\":\"WebPage\",\"@id\":\"https:\/\/www.mundoagropecuario.cl\/new\/comenzo-expo-chile-agricola-2022-en-lo-valledor\/\",\"url\":\"https:\/\/www.mundoagropecuario.cl\/new\/comenzo-expo-chile-agricola-2022-en-lo-valledor\/\",\"name\":\"Comenz\u00f3 Expo Chile Agr\u00edcola 2022 en Lo Valledor - Mundoagropecuario\",\"isPartOf\":{\"@id\":\"https:\/\/www.mundoagropecuario.cl\/new\/#website\"},\"primaryImageOfPage\":{\"@id\":\"https:\/\/www.mundoagropecuario.cl\/new\/comenzo-expo-chile-agricola-2022-en-lo-valledor\/#primaryimage\"},\"image\":{\"@id\":\"https:\/\/www.mundoagropecuario.cl\/new\/comenzo-expo-chile-agricola-2022-en-lo-valledor\/#primaryimage\"},\"thumbnailUrl\":\"https:\/\/www.mundoagropecuario.cl\/new\/wp-content\/uploads\/2022\/10\/Expo-Chile-Agri\u0301cola-1-scaled.jpg\",\"datePublished\":\"2022-10-06T14:30:51+00:00\",\"dateModified\":\"2022-10-11T16:13:10+00:00\",\"description\":\"Hay m\u00e1s de 60 charlas online a las que se puede participar desde cualquier punto del pa\u00eds. Las inscripciones www.expochileagricola.cl.\",\"breadcrumb\":{\"@id\":\"https:\/\/www.mundoagropecuario.cl\/new\/comenzo-expo-chile-agricola-2022-en-lo-valledor\/#breadcrumb\"},\"inLanguage\":\"es\",\"potentialAction\":[{\"@type\":\"ReadAction\",\"target\":[\"https:\/\/www.mundoagropecuario.cl\/new\/comenzo-expo-chile-agricola-2022-en-lo-valledor\/\"]}]},{\"@type\":\"ImageObject\",\"inLanguage\":\"es\",\"@id\":\"https:\/\/www.mundoagropecuario.cl\/new\/comenzo-expo-chile-agricola-2022-en-lo-valledor\/#primaryimage\",\"url\":\"https:\/\/www.mundoagropecuario.cl\/new\/wp-content\/uploads\/2022\/10\/Expo-Chile-Agri\u0301cola-1-scaled.jpg\",\"contentUrl\":\"https:\/\/www.mundoagropecuario.cl\/new\/wp-content\/uploads\/2022\/10\/Expo-Chile-Agri\u0301cola-1-scaled.jpg\",\"width\":600,\"height\":400},{\"@type\":\"BreadcrumbList\",\"@id\":\"https:\/\/www.mundoagropecuario.cl\/new\/comenzo-expo-chile-agricola-2022-en-lo-valledor\/#breadcrumb\",\"itemListElement\":[{\"@type\":\"ListItem\",\"position\":1,\"name\":\"Portada\",\"item\":\"https:\/\/www.mundoagropecuario.cl\/new\/\"},{\"@type\":\"ListItem\",\"position\":2,\"name\":\"Comenz\u00f3 Expo Chile Agr\u00edcola 2022 en Lo Valledor\"}]},{\"@type\":\"WebSite\",\"@id\":\"https:\/\/www.mundoagropecuario.cl\/new\/#website\",\"url\":\"https:\/\/www.mundoagropecuario.cl\/new\/\",\"name\":\"Mundoagropecuario\",\"description\":\"Mundo Agropecuario\",\"publisher\":{\"@id\":\"https:\/\/www.mundoagropecuario.cl\/new\/#organization\"},\"potentialAction\":[{\"@type\":\"SearchAction\",\"target\":{\"@type\":\"EntryPoint\",\"urlTemplate\":\"https:\/\/www.mundoagropecuario.cl\/new\/?s={search_term_string}\"},\"query-input\":{\"@type\":\"PropertyValueSpecification\",\"valueRequired\":true,\"valueName\":\"search_term_string\"}}],\"inLanguage\":\"es\"},{\"@type\":\"Organization\",\"@id\":\"https:\/\/www.mundoagropecuario.cl\/new\/#organization\",\"name\":\"Revista de Agricultura\",\"url\":\"https:\/\/www.mundoagropecuario.cl\/new\/\",\"logo\":{\"@type\":\"ImageObject\",\"inLanguage\":\"es\",\"@id\":\"https:\/\/www.mundoagropecuario.cl\/new\/#\/schema\/logo\/image\/\",\"url\":\"https:\/\/www.mundoagropecuario.cl\/new\/wp-content\/uploads\/2020\/11\/PORTAL-1-1.png\",\"contentUrl\":\"https:\/\/www.mundoagropecuario.cl\/new\/wp-content\/uploads\/2020\/11\/PORTAL-1-1.png\",\"width\":1026,\"height\":100,\"caption\":\"Revista de Agricultura\"},\"image\":{\"@id\":\"https:\/\/www.mundoagropecuario.cl\/new\/#\/schema\/logo\/image\/\"},\"sameAs\":[\"https:\/\/www.facebook.com\/mundo.agropecuario.3\",\"https:\/\/x.com\/MundoAgropecuar\",\"https:\/\/www.linkedin.com\/in\/mundo-agropecuario-934009201\/\"]},{\"@type\":\"Person\",\"@id\":\"https:\/\/www.mundoagropecuario.cl\/new\/#\/schema\/person\/4e9f74a82a7dac260eb1c44b7eebeb18\",\"name\":\"mundo\",\"url\":\"https:\/\/www.mundoagropecuario.cl\/new\/author\/mundo\/\"}]}<\/script>\n<!-- \/ Yoast SEO plugin. -->","yoast_head_json":{"title":"Comenz\u00f3 Expo Chile Agr\u00edcola 2022 en Lo Valledor - Mundoagropecuario","description":"Hay m\u00e1s de 60 charlas online a las que se puede participar desde cualquier punto del pa\u00eds. Las inscripciones www.expochileagricola.cl.","robots":{"index":"index","follow":"follow","max-snippet":"max-snippet:-1","max-image-preview":"max-image-preview:large","max-video-preview":"max-video-preview:-1"},"canonical":"https:\/\/www.mundoagropecuario.cl\/new\/comenzo-expo-chile-agricola-2022-en-lo-valledor\/","og_locale":"es_ES","og_type":"article","og_title":"Comenz\u00f3 Expo Chile Agr\u00edcola 2022 en Lo Valledor - Mundoagropecuario","og_description":"Hay m\u00e1s de 60 charlas online a las que se puede participar desde cualquier punto del pa\u00eds. Las inscripciones www.expochileagricola.cl.","og_url":"https:\/\/www.mundoagropecuario.cl\/new\/comenzo-expo-chile-agricola-2022-en-lo-valledor\/","og_site_name":"Mundoagropecuario","article_publisher":"https:\/\/www.facebook.com\/mundo.agropecuario.3","article_published_time":"2022-10-06T14:30:51+00:00","article_modified_time":"2022-10-11T16:13:10+00:00","og_image":[{"width":1024,"height":683,"url":"https:\/\/www.mundoagropecuario.cl\/new\/wp-content\/uploads\/2022\/10\/Expo-Chile-Agri\u0301cola-1-scaled.jpg","type":"image\/jpeg"}],"author":"mundo","twitter_card":"summary_large_image","twitter_creator":"@MundoAgropecuar","twitter_site":"@MundoAgropecuar","twitter_misc":{"Escrito por":"mundo","Tiempo de lectura":"3 minutos"},"schema":{"@context":"https:\/\/schema.org","@graph":[{"@type":"Article","@id":"https:\/\/www.mundoagropecuario.cl\/new\/comenzo-expo-chile-agricola-2022-en-lo-valledor\/#article","isPartOf":{"@id":"https:\/\/www.mundoagropecuario.cl\/new\/comenzo-expo-chile-agricola-2022-en-lo-valledor\/"},"author":{"name":"mundo","@id":"https:\/\/www.mundoagropecuario.cl\/new\/#\/schema\/person\/4e9f74a82a7dac260eb1c44b7eebeb18"},"headline":"Comenz\u00f3 Expo Chile Agr\u00edcola 2022 en Lo Valledor","datePublished":"2022-10-06T14:30:51+00:00","dateModified":"2022-10-11T16:13:10+00:00","mainEntityOfPage":{"@id":"https:\/\/www.mundoagropecuario.cl\/new\/comenzo-expo-chile-agricola-2022-en-lo-valledor\/"},"wordCount":478,"publisher":{"@id":"https:\/\/www.mundoagropecuario.cl\/new\/#organization"},"image":{"@id":"https:\/\/www.mundoagropecuario.cl\/new\/comenzo-expo-chile-agricola-2022-en-lo-valledor\/#primaryimage"},"thumbnailUrl":"https:\/\/www.mundoagropecuario.cl\/new\/wp-content\/uploads\/2022\/10\/Expo-Chile-Agri\u0301cola-1-scaled.jpg","keywords":["Agricultura","Agro","Expo Chile Agr\u00edcola 2022","Lo Valledor"],"articleSection":["Agricultura"],"inLanguage":"es"},{"@type":"WebPage","@id":"https:\/\/www.mundoagropecuario.cl\/new\/comenzo-expo-chile-agricola-2022-en-lo-valledor\/","url":"https:\/\/www.mundoagropecuario.cl\/new\/comenzo-expo-chile-agricola-2022-en-lo-valledor\/","name":"Comenz\u00f3 Expo Chile Agr\u00edcola 2022 en Lo Valledor - Mundoagropecuario","isPartOf":{"@id":"https:\/\/www.mundoagropecuario.cl\/new\/#website"},"primaryImageOfPage":{"@id":"https:\/\/www.mundoagropecuario.cl\/new\/comenzo-expo-chile-agricola-2022-en-lo-valledor\/#primaryimage"},"image":{"@id":"https:\/\/www.mundoagropecuario.cl\/new\/comenzo-expo-chile-agricola-2022-en-lo-valledor\/#primaryimage"},"thumbnailUrl":"https:\/\/www.mundoagropecuario.cl\/new\/wp-content\/uploads\/2022\/10\/Expo-Chile-Agri\u0301cola-1-scaled.jpg","datePublished":"2022-10-06T14:30:51+00:00","dateModified":"2022-10-11T16:13:10+00:00","description":"Hay m\u00e1s de 60 charlas online a las que se puede participar desde cualquier punto del pa\u00eds. Las inscripciones www.expochileagricola.cl.","breadcrumb":{"@id":"https:\/\/www.mundoagropecuario.cl\/new\/comenzo-expo-chile-agricola-2022-en-lo-valledor\/#breadcrumb"},"inLanguage":"es","potentialAction":[{"@type":"ReadAction","target":["https:\/\/www.mundoagropecuario.cl\/new\/comenzo-expo-chile-agricola-2022-en-lo-valledor\/"]}]},{"@type":"ImageObject","inLanguage":"es","@id":"https:\/\/www.mundoagropecuario.cl\/new\/comenzo-expo-chile-agricola-2022-en-lo-valledor\/#primaryimage","url":"https:\/\/www.mundoagropecuario.cl\/new\/wp-content\/uploads\/2022\/10\/Expo-Chile-Agri\u0301cola-1-scaled.jpg","contentUrl":"https:\/\/www.mundoagropecuario.cl\/new\/wp-content\/uploads\/2022\/10\/Expo-Chile-Agri\u0301cola-1-scaled.jpg","width":600,"height":400},{"@type":"BreadcrumbList","@id":"https:\/\/www.mundoagropecuario.cl\/new\/comenzo-expo-chile-agricola-2022-en-lo-valledor\/#breadcrumb","itemListElement":[{"@type":"ListItem","position":1,"name":"Portada","item":"https:\/\/www.mundoagropecuario.cl\/new\/"},{"@type":"ListItem","position":2,"name":"Comenz\u00f3 Expo Chile Agr\u00edcola 2022 en Lo Valledor"}]},{"@type":"WebSite","@id":"https:\/\/www.mundoagropecuario.cl\/new\/#website","url":"https:\/\/www.mundoagropecuario.cl\/new\/","name":"Mundoagropecuario","description":"Mundo Agropecuario","publisher":{"@id":"https:\/\/www.mundoagropecuario.cl\/new\/#organization"},"potentialAction":[{"@type":"SearchAction","target":{"@type":"EntryPoint","urlTemplate":"https:\/\/www.mundoagropecuario.cl\/new\/?s={search_term_string}"},"query-input":{"@type":"PropertyValueSpecification","valueRequired":true,"valueName":"search_term_string"}}],"inLanguage":"es"},{"@type":"Organization","@id":"https:\/\/www.mundoagropecuario.cl\/new\/#organization","name":"Revista de Agricultura","url":"https:\/\/www.mundoagropecuario.cl\/new\/","logo":{"@type":"ImageObject","inLanguage":"es","@id":"https:\/\/www.mundoagropecuario.cl\/new\/#\/schema\/logo\/image\/","url":"https:\/\/www.mundoagropecuario.cl\/new\/wp-content\/uploads\/2020\/11\/PORTAL-1-1.png","contentUrl":"https:\/\/www.mundoagropecuario.cl\/new\/wp-content\/uploads\/2020\/11\/PORTAL-1-1.png","width":1026,"height":100,"caption":"Revista de Agricultura"},"image":{"@id":"https:\/\/www.mundoagropecuario.cl\/new\/#\/schema\/logo\/image\/"},"sameAs":["https:\/\/www.facebook.com\/mundo.agropecuario.3","https:\/\/x.com\/MundoAgropecuar","https:\/\/www.linkedin.com\/in\/mundo-agropecuario-934009201\/"]},{"@type":"Person","@id":"https:\/\/www.mundoagropecuario.cl\/new\/#\/schema\/person\/4e9f74a82a7dac260eb1c44b7eebeb18","name":"mundo","url":"https:\/\/www.mundoagropecuario.cl\/new\/author\/mundo\/"}]}},"_links":{"self":[{"href":"https:\/\/www.mundoagropecuario.cl\/new\/wp-json\/wp\/v2\/posts\/23002","targetHints":{"allow":["GET"]}}],"collection":[{"href":"https:\/\/www.mundoagropecuario.cl\/new\/wp-json\/wp\/v2\/posts"}],"about":[{"href":"https:\/\/www.mundoagropecuario.cl\/new\/wp-json\/wp\/v2\/types\/post"}],"author":[{"embeddable":true,"href":"https:\/\/www.mundoagropecuario.cl\/new\/wp-json\/wp\/v2\/users\/2"}],"replies":[{"embeddable":true,"href":"https:\/\/www.mundoagropecuario.cl\/new\/wp-json\/wp\/v2\/comments?post=23002"}],"version-history":[{"count":1,"href":"https:\/\/www.mundoagropecuario.cl\/new\/wp-json\/wp\/v2\/posts\/23002\/revisions"}],"predecessor-version":[{"id":23006,"href":"https:\/\/www.mundoagropecuario.cl\/new\/wp-json\/wp\/v2\/posts\/23002\/revisions\/23006"}],"wp:featuredmedia":[{"embeddable":true,"href":"https:\/\/www.mundoagropecuario.cl\/new\/wp-json\/wp\/v2\/media\/23005"}],"wp:attachment":[{"href":"https:\/\/www.mundoagropecuario.cl\/new\/wp-json\/wp\/v2\/media?parent=23002"}],"wp:term":[{"taxonomy":"category","embeddable":true,"href":"https:\/\/www.mundoagropecuario.cl\/new\/wp-json\/wp\/v2\/categories?post=23002"},{"taxonomy":"post_tag","embeddable":true,"href":"https:\/\/www.mundoagropecuario.cl\/new\/wp-json\/wp\/v2\/tags?post=23002"}],"curies":[{"name":"wp","href":"https:\/\/api.w.org\/{rel}","templated":true}]}}