{"id":22977,"date":"2022-10-04T11:10:36","date_gmt":"2022-10-04T14:10:36","guid":{"rendered":"https:\/\/www.mundoagropecuario.cl\/new\/?p=22977"},"modified":"2022-10-06T12:43:20","modified_gmt":"2022-10-06T15:43:20","slug":"lecheros-firman-acuerdo-de-cooperacion-con-sus-pares-norteamericanos","status":"publish","type":"post","link":"https:\/\/www.mundoagropecuario.cl\/new\/lecheros-firman-acuerdo-de-cooperacion-con-sus-pares-norteamericanos\/","title":{"rendered":"Lecheros firman acuerdo de cooperaci\u00f3n con sus pares norteamericanos"},"content":{"rendered":"<blockquote>\n<h2><span style=\"color: #003366;\">El acuerdo entre Fedeleche y la Federaci\u00f3n Nacional de Productores Lecheros de Estados Unidos reafirma la confianza que hay en el sistema producci\u00f3n local, potenciando las exportaciones de l\u00e1cteos nacionales, entre otros temas.<\/span><\/h2>\n<\/blockquote>\n<p>Un acuerdo de entendimiento para fomentar la cooperaci\u00f3n y la colaboraci\u00f3n en materia de pol\u00edtica comercial, alimentaria y agr\u00edcola, adem\u00e1s de promover los est\u00e1ndares regulatorios y de sustentabilidad firmaron esta semana los integrantes de la Federaci\u00f3n Nacional de Productores de Leche (Fedeleche) y la Federaci\u00f3n Nacional de Productores de Leche de Estados Unidos (NMPF) y el Consejo de Exportaci\u00f3n de L\u00e1cteos de Estados Unidos (USDEC),\u00a0 donde se estableci\u00f3 un conjunto de principios que ser\u00e1n una gu\u00eda para la colaboraci\u00f3n en temas clave que afectan al sector lechero de ambos pa\u00edses.<\/p>\n<p>Este acuerdo tiene una vigencia de dos a\u00f1os, donde se da un fuerte \u00e9nfasis en las prioridades de la pol\u00edtica alimentaria, as\u00ed como tambi\u00e9n en asuntos relacionados al Codex, referido a la producci\u00f3n e inocuidad de los alimentos, adem\u00e1s de la sustentabilidad y sistemas alimentarios.<\/p>\n<p><strong><span style=\"color: #003366;\">Confianza en el gremio<\/span><\/strong><\/p>\n<p>Para lograr la formalizaci\u00f3n de ese acuerdo lleg\u00f3 al pa\u00eds una delegaci\u00f3n norteamericana que se reuni\u00f3 en primera instancia con representantes del Ministerio de Agricultura e importadores y compradores, para luego visitar las principales zonas lecheras del pa\u00eds, entre las que se cont\u00f3 la Regi\u00f3n de Los Lagos para conversar con los gremios lecheros y productores.<\/p>\n<p>Al respecto, el vicepresidente Fedeleche, Guillermo Petermann, explic\u00f3 que esta firma se trata de un voto de confianza para el gremio.<\/p>\n<p>&#8220;Como gremio estamos siempre preocupados por temas que son la espina dorsal de este memor\u00e1ndum de colaboraci\u00f3n en aspectos como la sustentabilidad, el libre comercio y la protecci\u00f3n de la leche chilena. Esperamos con esta colaboraci\u00f3n fortalecer a los productores lecheros de ambos pa\u00edses&#8221;, sostuvo Petermann.<\/p>\n<p>Agreg\u00f3 que dentro de las tareas m\u00e1s importantes del sector est\u00e1 impulsar el potencial exportador del pa\u00eds y para ello se est\u00e1 elaborando una estrategia para posicionar la marca &#8220;Chilemilk&#8221; y con ello promover las exportaciones de leche nacional y sus derivados en mercados extranjeros.<\/p>\n<p><strong><span style=\"color: #003366;\">\u00a0Trabajo sostenidos<\/span><\/strong><\/p>\n<p>El vicepresidente ejecutivo de Desarrollo y Pol\u00edticas de Estrategia de la Federaci\u00f3n Nacional de Productores de Leche de Estados Unidos, Jaime Casta\u00f1eda, coincidi\u00f3 en la importancia de este convenio, por lo que explic\u00f3 que el acuerdo formaliza un trabajo que vienen sosteniendo desde hace varios a\u00f1os con Fedeleche, el cual ahora ser\u00e1 oficial y con especificaciones tales como reuniones anuales y otras actividades conjuntas.<\/p>\n<p>&#8220;Para nosotros el comercio siempre tiene que estar abierto de una manera leal y justa, pero hay regiones o pa\u00edses que b\u00e1sicamente quieren implementar est\u00e1ndares o regulaciones que no son basadas en ciencia al resto del mundo (tales como el Codex o la OMS), que terminan por afectar a los productores&#8221;, agreg\u00f3 Jaime Casta\u00f1eda.<\/p>\n<p><strong><span style=\"color: #003366;\">Desaf\u00edos l\u00e1cteos\u00a0<\/span><\/strong><\/p>\n<p>Larry Hancock, presidente del Consejo de Exportaci\u00f3n de L\u00e1cteos de Estados Unidos (USDEC), que tambi\u00e9n integr\u00f3 la delegaci\u00f3n de norteamericanos, se\u00f1al\u00f3 que la importancia de este acuerdo est\u00e1 en trabajar todos unidos.<\/p>\n<p>&#8220;Todos los sectores de l\u00e1cteos tenemos una visi\u00f3n com\u00fan con respecto a defender nuestra imagen, defender nuestra industria y la importancia de este acuerdo es que tenemos que, de una manera m\u00e1s formal, compartir informaci\u00f3n y colaborar en aspectos internacionales&#8221;, dijo.<\/p>\n<p>Larry Hancock agreg\u00f3 que, entre los principales desaf\u00edos que tiene el sector, est\u00e1 el discurso y las ideas que van en contra del consumo de prote\u00edna animal.<\/p>\n<p>&#8220;Nosotros tenemos que ense\u00f1ar y defender, y sobre todo, que hay otras personas que no quieren que usemos los nombres de productos que hemos usado por mucho tiempo. Se habl\u00f3 espec\u00edficamente del acuerdo que Chile ha estado negociando con Europa por ejemplo. Un desaf\u00edo muy grande es que Europa quiere conquistar nombres comunes que se usan en Chile y en todo el mundo, como el Parmesano&#8221;, dijo.<\/p>\n<p>El personero adem\u00e1s se\u00f1al\u00f3 que con el car\u00e1cter de Chile como pa\u00eds exportador y donde hay inter\u00e9s para impulsar este comercio, Estados Unidos est\u00e1 abierto a recibir importaciones.<\/p>\n<p>&#8220;Como productor, me agrada much\u00edsimo estar conversando con mis pares de Chile y ver que tenemos los mismos desaf\u00edos y con gobiernos diferentes, problemas diferentes, climas diferentes, pero el comercio internacional es parte de la soluci\u00f3n. Tenemos que trabajar juntos como hermanos productores&#8221;, concluy\u00f3.<\/p>\n<p>Fuente y fotograf\u00eda: El diario Austral de Osorno<\/p>\n","protected":false},"excerpt":{"rendered":"<p>Este acuerdo tiene una vigencia de dos a\u00f1os, donde se da un fuerte \u00e9nfasis en las prioridades de la pol\u00edtica alimentaria, as\u00ed como tambi\u00e9n en asuntos relacionados al Codex, referido a la producci\u00f3n e inocuidad de los alimentos.<\/p>\n","protected":false},"author":2,"featured_media":22978,"comment_status":"closed","ping_status":"closed","sticky":false,"template":"","format":"standard","meta":{"footnotes":""},"categories":[1946],"tags":[6250,4124,3127,7137,2058,2141,7460,2051,3068,7461],"class_list":["post-22977","post","type-post","status-publish","format-standard","has-post-thumbnail","hentry","category-lacteos","tag-academico-de-agronomia-udec","tag-agricola","tag-agro","tag-chilemilk","tag-fedeleche","tag-lacteos","tag-larry-hancock","tag-leche","tag-lecheros","tag-usdec"],"yoast_head":"<!-- This site is optimized with the Yoast SEO plugin v26.6 - https:\/\/yoast.com\/wordpress\/plugins\/seo\/ -->\n<title>Lecheros firman acuerdo de cooperaci\u00f3n con sus pares norteamericanos - Mundoagropecuario<\/title>\n<meta name=\"description\" content=\"Este acuerdo tiene una vigencia de dos a\u00f1os, donde se da un fuerte \u00e9nfasis en las prioridades de la pol\u00edtica alimentaria.\" \/>\n<meta name=\"robots\" content=\"index, follow, max-snippet:-1, max-image-preview:large, max-video-preview:-1\" \/>\n<link rel=\"canonical\" href=\"https:\/\/www.mundoagropecuario.cl\/new\/lecheros-firman-acuerdo-de-cooperacion-con-sus-pares-norteamericanos\/\" \/>\n<meta property=\"og:locale\" content=\"es_ES\" \/>\n<meta property=\"og:type\" content=\"article\" \/>\n<meta property=\"og:title\" content=\"Lecheros firman acuerdo de cooperaci\u00f3n con sus pares norteamericanos - Mundoagropecuario\" \/>\n<meta property=\"og:description\" content=\"Este acuerdo tiene una vigencia de dos a\u00f1os, donde se da un fuerte \u00e9nfasis en las prioridades de la pol\u00edtica alimentaria.\" \/>\n<meta property=\"og:url\" content=\"https:\/\/www.mundoagropecuario.cl\/new\/lecheros-firman-acuerdo-de-cooperacion-con-sus-pares-norteamericanos\/\" \/>\n<meta property=\"og:site_name\" content=\"Mundoagropecuario\" \/>\n<meta property=\"article:publisher\" content=\"https:\/\/www.facebook.com\/mundo.agropecuario.3\" \/>\n<meta property=\"article:published_time\" content=\"2022-10-04T14:10:36+00:00\" \/>\n<meta property=\"article:modified_time\" content=\"2022-10-06T15:43:20+00:00\" \/>\n<meta property=\"og:image\" content=\"https:\/\/www.mundoagropecuario.cl\/new\/wp-content\/uploads\/2022\/10\/acuerdo-.jpeg\" \/>\n\t<meta property=\"og:image:width\" content=\"750\" \/>\n\t<meta property=\"og:image:height\" content=\"337\" \/>\n\t<meta property=\"og:image:type\" content=\"image\/jpeg\" \/>\n<meta name=\"author\" content=\"mundo\" \/>\n<meta name=\"twitter:card\" content=\"summary_large_image\" \/>\n<meta name=\"twitter:creator\" content=\"@MundoAgropecuar\" \/>\n<meta name=\"twitter:site\" content=\"@MundoAgropecuar\" \/>\n<meta name=\"twitter:label1\" content=\"Escrito por\" \/>\n\t<meta name=\"twitter:data1\" content=\"mundo\" \/>\n\t<meta name=\"twitter:label2\" content=\"Tiempo de lectura\" \/>\n\t<meta name=\"twitter:data2\" content=\"4 minutos\" \/>\n<script type=\"application\/ld+json\" class=\"yoast-schema-graph\">{\"@context\":\"https:\/\/schema.org\",\"@graph\":[{\"@type\":\"Article\",\"@id\":\"https:\/\/www.mundoagropecuario.cl\/new\/lecheros-firman-acuerdo-de-cooperacion-con-sus-pares-norteamericanos\/#article\",\"isPartOf\":{\"@id\":\"https:\/\/www.mundoagropecuario.cl\/new\/lecheros-firman-acuerdo-de-cooperacion-con-sus-pares-norteamericanos\/\"},\"author\":{\"name\":\"mundo\",\"@id\":\"https:\/\/www.mundoagropecuario.cl\/new\/#\/schema\/person\/4e9f74a82a7dac260eb1c44b7eebeb18\"},\"headline\":\"Lecheros firman acuerdo de cooperaci\u00f3n con sus pares norteamericanos\",\"datePublished\":\"2022-10-04T14:10:36+00:00\",\"dateModified\":\"2022-10-06T15:43:20+00:00\",\"mainEntityOfPage\":{\"@id\":\"https:\/\/www.mundoagropecuario.cl\/new\/lecheros-firman-acuerdo-de-cooperacion-con-sus-pares-norteamericanos\/\"},\"wordCount\":787,\"publisher\":{\"@id\":\"https:\/\/www.mundoagropecuario.cl\/new\/#organization\"},\"image\":{\"@id\":\"https:\/\/www.mundoagropecuario.cl\/new\/lecheros-firman-acuerdo-de-cooperacion-con-sus-pares-norteamericanos\/#primaryimage\"},\"thumbnailUrl\":\"https:\/\/www.mundoagropecuario.cl\/new\/wp-content\/uploads\/2022\/10\/acuerdo-.jpeg\",\"keywords\":[\"Acad\u00e9mico de Agronom\u00eda UdeC\",\"agricola\",\"Agro\",\"Chilemilk\",\"Fedeleche\",\"L\u00e1cteos\",\"Larry Hancock\",\"Leche\",\"lecheros\",\"USDEC\"],\"articleSection\":[\"L\u00e1cteos\"],\"inLanguage\":\"es\"},{\"@type\":\"WebPage\",\"@id\":\"https:\/\/www.mundoagropecuario.cl\/new\/lecheros-firman-acuerdo-de-cooperacion-con-sus-pares-norteamericanos\/\",\"url\":\"https:\/\/www.mundoagropecuario.cl\/new\/lecheros-firman-acuerdo-de-cooperacion-con-sus-pares-norteamericanos\/\",\"name\":\"Lecheros firman acuerdo de cooperaci\u00f3n con sus pares norteamericanos - Mundoagropecuario\",\"isPartOf\":{\"@id\":\"https:\/\/www.mundoagropecuario.cl\/new\/#website\"},\"primaryImageOfPage\":{\"@id\":\"https:\/\/www.mundoagropecuario.cl\/new\/lecheros-firman-acuerdo-de-cooperacion-con-sus-pares-norteamericanos\/#primaryimage\"},\"image\":{\"@id\":\"https:\/\/www.mundoagropecuario.cl\/new\/lecheros-firman-acuerdo-de-cooperacion-con-sus-pares-norteamericanos\/#primaryimage\"},\"thumbnailUrl\":\"https:\/\/www.mundoagropecuario.cl\/new\/wp-content\/uploads\/2022\/10\/acuerdo-.jpeg\",\"datePublished\":\"2022-10-04T14:10:36+00:00\",\"dateModified\":\"2022-10-06T15:43:20+00:00\",\"description\":\"Este acuerdo tiene una vigencia de dos a\u00f1os, donde se da un fuerte \u00e9nfasis en las prioridades de la pol\u00edtica alimentaria.\",\"breadcrumb\":{\"@id\":\"https:\/\/www.mundoagropecuario.cl\/new\/lecheros-firman-acuerdo-de-cooperacion-con-sus-pares-norteamericanos\/#breadcrumb\"},\"inLanguage\":\"es\",\"potentialAction\":[{\"@type\":\"ReadAction\",\"target\":[\"https:\/\/www.mundoagropecuario.cl\/new\/lecheros-firman-acuerdo-de-cooperacion-con-sus-pares-norteamericanos\/\"]}]},{\"@type\":\"ImageObject\",\"inLanguage\":\"es\",\"@id\":\"https:\/\/www.mundoagropecuario.cl\/new\/lecheros-firman-acuerdo-de-cooperacion-con-sus-pares-norteamericanos\/#primaryimage\",\"url\":\"https:\/\/www.mundoagropecuario.cl\/new\/wp-content\/uploads\/2022\/10\/acuerdo-.jpeg\",\"contentUrl\":\"https:\/\/www.mundoagropecuario.cl\/new\/wp-content\/uploads\/2022\/10\/acuerdo-.jpeg\",\"width\":720,\"height\":324},{\"@type\":\"BreadcrumbList\",\"@id\":\"https:\/\/www.mundoagropecuario.cl\/new\/lecheros-firman-acuerdo-de-cooperacion-con-sus-pares-norteamericanos\/#breadcrumb\",\"itemListElement\":[{\"@type\":\"ListItem\",\"position\":1,\"name\":\"Portada\",\"item\":\"https:\/\/www.mundoagropecuario.cl\/new\/\"},{\"@type\":\"ListItem\",\"position\":2,\"name\":\"Lecheros firman acuerdo de cooperaci\u00f3n con sus pares norteamericanos\"}]},{\"@type\":\"WebSite\",\"@id\":\"https:\/\/www.mundoagropecuario.cl\/new\/#website\",\"url\":\"https:\/\/www.mundoagropecuario.cl\/new\/\",\"name\":\"Mundoagropecuario\",\"description\":\"Mundo Agropecuario\",\"publisher\":{\"@id\":\"https:\/\/www.mundoagropecuario.cl\/new\/#organization\"},\"potentialAction\":[{\"@type\":\"SearchAction\",\"target\":{\"@type\":\"EntryPoint\",\"urlTemplate\":\"https:\/\/www.mundoagropecuario.cl\/new\/?s={search_term_string}\"},\"query-input\":{\"@type\":\"PropertyValueSpecification\",\"valueRequired\":true,\"valueName\":\"search_term_string\"}}],\"inLanguage\":\"es\"},{\"@type\":\"Organization\",\"@id\":\"https:\/\/www.mundoagropecuario.cl\/new\/#organization\",\"name\":\"Revista de Agricultura\",\"url\":\"https:\/\/www.mundoagropecuario.cl\/new\/\",\"logo\":{\"@type\":\"ImageObject\",\"inLanguage\":\"es\",\"@id\":\"https:\/\/www.mundoagropecuario.cl\/new\/#\/schema\/logo\/image\/\",\"url\":\"https:\/\/www.mundoagropecuario.cl\/new\/wp-content\/uploads\/2020\/11\/PORTAL-1-1.png\",\"contentUrl\":\"https:\/\/www.mundoagropecuario.cl\/new\/wp-content\/uploads\/2020\/11\/PORTAL-1-1.png\",\"width\":1026,\"height\":100,\"caption\":\"Revista de Agricultura\"},\"image\":{\"@id\":\"https:\/\/www.mundoagropecuario.cl\/new\/#\/schema\/logo\/image\/\"},\"sameAs\":[\"https:\/\/www.facebook.com\/mundo.agropecuario.3\",\"https:\/\/x.com\/MundoAgropecuar\",\"https:\/\/www.linkedin.com\/in\/mundo-agropecuario-934009201\/\"]},{\"@type\":\"Person\",\"@id\":\"https:\/\/www.mundoagropecuario.cl\/new\/#\/schema\/person\/4e9f74a82a7dac260eb1c44b7eebeb18\",\"name\":\"mundo\",\"url\":\"https:\/\/www.mundoagropecuario.cl\/new\/author\/mundo\/\"}]}<\/script>\n<!-- \/ Yoast SEO plugin. -->","yoast_head_json":{"title":"Lecheros firman acuerdo de cooperaci\u00f3n con sus pares norteamericanos - Mundoagropecuario","description":"Este acuerdo tiene una vigencia de dos a\u00f1os, donde se da un fuerte \u00e9nfasis en las prioridades de la pol\u00edtica alimentaria.","robots":{"index":"index","follow":"follow","max-snippet":"max-snippet:-1","max-image-preview":"max-image-preview:large","max-video-preview":"max-video-preview:-1"},"canonical":"https:\/\/www.mundoagropecuario.cl\/new\/lecheros-firman-acuerdo-de-cooperacion-con-sus-pares-norteamericanos\/","og_locale":"es_ES","og_type":"article","og_title":"Lecheros firman acuerdo de cooperaci\u00f3n con sus pares norteamericanos - Mundoagropecuario","og_description":"Este acuerdo tiene una vigencia de dos a\u00f1os, donde se da un fuerte \u00e9nfasis en las prioridades de la pol\u00edtica alimentaria.","og_url":"https:\/\/www.mundoagropecuario.cl\/new\/lecheros-firman-acuerdo-de-cooperacion-con-sus-pares-norteamericanos\/","og_site_name":"Mundoagropecuario","article_publisher":"https:\/\/www.facebook.com\/mundo.agropecuario.3","article_published_time":"2022-10-04T14:10:36+00:00","article_modified_time":"2022-10-06T15:43:20+00:00","og_image":[{"width":750,"height":337,"url":"https:\/\/www.mundoagropecuario.cl\/new\/wp-content\/uploads\/2022\/10\/acuerdo-.jpeg","type":"image\/jpeg"}],"author":"mundo","twitter_card":"summary_large_image","twitter_creator":"@MundoAgropecuar","twitter_site":"@MundoAgropecuar","twitter_misc":{"Escrito por":"mundo","Tiempo de lectura":"4 minutos"},"schema":{"@context":"https:\/\/schema.org","@graph":[{"@type":"Article","@id":"https:\/\/www.mundoagropecuario.cl\/new\/lecheros-firman-acuerdo-de-cooperacion-con-sus-pares-norteamericanos\/#article","isPartOf":{"@id":"https:\/\/www.mundoagropecuario.cl\/new\/lecheros-firman-acuerdo-de-cooperacion-con-sus-pares-norteamericanos\/"},"author":{"name":"mundo","@id":"https:\/\/www.mundoagropecuario.cl\/new\/#\/schema\/person\/4e9f74a82a7dac260eb1c44b7eebeb18"},"headline":"Lecheros firman acuerdo de cooperaci\u00f3n con sus pares norteamericanos","datePublished":"2022-10-04T14:10:36+00:00","dateModified":"2022-10-06T15:43:20+00:00","mainEntityOfPage":{"@id":"https:\/\/www.mundoagropecuario.cl\/new\/lecheros-firman-acuerdo-de-cooperacion-con-sus-pares-norteamericanos\/"},"wordCount":787,"publisher":{"@id":"https:\/\/www.mundoagropecuario.cl\/new\/#organization"},"image":{"@id":"https:\/\/www.mundoagropecuario.cl\/new\/lecheros-firman-acuerdo-de-cooperacion-con-sus-pares-norteamericanos\/#primaryimage"},"thumbnailUrl":"https:\/\/www.mundoagropecuario.cl\/new\/wp-content\/uploads\/2022\/10\/acuerdo-.jpeg","keywords":["Acad\u00e9mico de Agronom\u00eda UdeC","agricola","Agro","Chilemilk","Fedeleche","L\u00e1cteos","Larry Hancock","Leche","lecheros","USDEC"],"articleSection":["L\u00e1cteos"],"inLanguage":"es"},{"@type":"WebPage","@id":"https:\/\/www.mundoagropecuario.cl\/new\/lecheros-firman-acuerdo-de-cooperacion-con-sus-pares-norteamericanos\/","url":"https:\/\/www.mundoagropecuario.cl\/new\/lecheros-firman-acuerdo-de-cooperacion-con-sus-pares-norteamericanos\/","name":"Lecheros firman acuerdo de cooperaci\u00f3n con sus pares norteamericanos - Mundoagropecuario","isPartOf":{"@id":"https:\/\/www.mundoagropecuario.cl\/new\/#website"},"primaryImageOfPage":{"@id":"https:\/\/www.mundoagropecuario.cl\/new\/lecheros-firman-acuerdo-de-cooperacion-con-sus-pares-norteamericanos\/#primaryimage"},"image":{"@id":"https:\/\/www.mundoagropecuario.cl\/new\/lecheros-firman-acuerdo-de-cooperacion-con-sus-pares-norteamericanos\/#primaryimage"},"thumbnailUrl":"https:\/\/www.mundoagropecuario.cl\/new\/wp-content\/uploads\/2022\/10\/acuerdo-.jpeg","datePublished":"2022-10-04T14:10:36+00:00","dateModified":"2022-10-06T15:43:20+00:00","description":"Este acuerdo tiene una vigencia de dos a\u00f1os, donde se da un fuerte \u00e9nfasis en las prioridades de la pol\u00edtica alimentaria.","breadcrumb":{"@id":"https:\/\/www.mundoagropecuario.cl\/new\/lecheros-firman-acuerdo-de-cooperacion-con-sus-pares-norteamericanos\/#breadcrumb"},"inLanguage":"es","potentialAction":[{"@type":"ReadAction","target":["https:\/\/www.mundoagropecuario.cl\/new\/lecheros-firman-acuerdo-de-cooperacion-con-sus-pares-norteamericanos\/"]}]},{"@type":"ImageObject","inLanguage":"es","@id":"https:\/\/www.mundoagropecuario.cl\/new\/lecheros-firman-acuerdo-de-cooperacion-con-sus-pares-norteamericanos\/#primaryimage","url":"https:\/\/www.mundoagropecuario.cl\/new\/wp-content\/uploads\/2022\/10\/acuerdo-.jpeg","contentUrl":"https:\/\/www.mundoagropecuario.cl\/new\/wp-content\/uploads\/2022\/10\/acuerdo-.jpeg","width":720,"height":324},{"@type":"BreadcrumbList","@id":"https:\/\/www.mundoagropecuario.cl\/new\/lecheros-firman-acuerdo-de-cooperacion-con-sus-pares-norteamericanos\/#breadcrumb","itemListElement":[{"@type":"ListItem","position":1,"name":"Portada","item":"https:\/\/www.mundoagropecuario.cl\/new\/"},{"@type":"ListItem","position":2,"name":"Lecheros firman acuerdo de cooperaci\u00f3n con sus pares norteamericanos"}]},{"@type":"WebSite","@id":"https:\/\/www.mundoagropecuario.cl\/new\/#website","url":"https:\/\/www.mundoagropecuario.cl\/new\/","name":"Mundoagropecuario","description":"Mundo Agropecuario","publisher":{"@id":"https:\/\/www.mundoagropecuario.cl\/new\/#organization"},"potentialAction":[{"@type":"SearchAction","target":{"@type":"EntryPoint","urlTemplate":"https:\/\/www.mundoagropecuario.cl\/new\/?s={search_term_string}"},"query-input":{"@type":"PropertyValueSpecification","valueRequired":true,"valueName":"search_term_string"}}],"inLanguage":"es"},{"@type":"Organization","@id":"https:\/\/www.mundoagropecuario.cl\/new\/#organization","name":"Revista de Agricultura","url":"https:\/\/www.mundoagropecuario.cl\/new\/","logo":{"@type":"ImageObject","inLanguage":"es","@id":"https:\/\/www.mundoagropecuario.cl\/new\/#\/schema\/logo\/image\/","url":"https:\/\/www.mundoagropecuario.cl\/new\/wp-content\/uploads\/2020\/11\/PORTAL-1-1.png","contentUrl":"https:\/\/www.mundoagropecuario.cl\/new\/wp-content\/uploads\/2020\/11\/PORTAL-1-1.png","width":1026,"height":100,"caption":"Revista de Agricultura"},"image":{"@id":"https:\/\/www.mundoagropecuario.cl\/new\/#\/schema\/logo\/image\/"},"sameAs":["https:\/\/www.facebook.com\/mundo.agropecuario.3","https:\/\/x.com\/MundoAgropecuar","https:\/\/www.linkedin.com\/in\/mundo-agropecuario-934009201\/"]},{"@type":"Person","@id":"https:\/\/www.mundoagropecuario.cl\/new\/#\/schema\/person\/4e9f74a82a7dac260eb1c44b7eebeb18","name":"mundo","url":"https:\/\/www.mundoagropecuario.cl\/new\/author\/mundo\/"}]}},"_links":{"self":[{"href":"https:\/\/www.mundoagropecuario.cl\/new\/wp-json\/wp\/v2\/posts\/22977","targetHints":{"allow":["GET"]}}],"collection":[{"href":"https:\/\/www.mundoagropecuario.cl\/new\/wp-json\/wp\/v2\/posts"}],"about":[{"href":"https:\/\/www.mundoagropecuario.cl\/new\/wp-json\/wp\/v2\/types\/post"}],"author":[{"embeddable":true,"href":"https:\/\/www.mundoagropecuario.cl\/new\/wp-json\/wp\/v2\/users\/2"}],"replies":[{"embeddable":true,"href":"https:\/\/www.mundoagropecuario.cl\/new\/wp-json\/wp\/v2\/comments?post=22977"}],"version-history":[{"count":1,"href":"https:\/\/www.mundoagropecuario.cl\/new\/wp-json\/wp\/v2\/posts\/22977\/revisions"}],"predecessor-version":[{"id":22979,"href":"https:\/\/www.mundoagropecuario.cl\/new\/wp-json\/wp\/v2\/posts\/22977\/revisions\/22979"}],"wp:featuredmedia":[{"embeddable":true,"href":"https:\/\/www.mundoagropecuario.cl\/new\/wp-json\/wp\/v2\/media\/22978"}],"wp:attachment":[{"href":"https:\/\/www.mundoagropecuario.cl\/new\/wp-json\/wp\/v2\/media?parent=22977"}],"wp:term":[{"taxonomy":"category","embeddable":true,"href":"https:\/\/www.mundoagropecuario.cl\/new\/wp-json\/wp\/v2\/categories?post=22977"},{"taxonomy":"post_tag","embeddable":true,"href":"https:\/\/www.mundoagropecuario.cl\/new\/wp-json\/wp\/v2\/tags?post=22977"}],"curies":[{"name":"wp","href":"https:\/\/api.w.org\/{rel}","templated":true}]}}