{"id":22914,"date":"2022-09-27T10:09:06","date_gmt":"2022-09-27T13:09:06","guid":{"rendered":"https:\/\/www.mundoagropecuario.cl\/new\/?p=22914"},"modified":"2022-09-30T10:38:47","modified_gmt":"2022-09-30T13:38:47","slug":"avanza-estrategia-para-visualizar-el-impacto-positivo-de-la-ganaderia-sostenible","status":"publish","type":"post","link":"https:\/\/www.mundoagropecuario.cl\/new\/avanza-estrategia-para-visualizar-el-impacto-positivo-de-la-ganaderia-sostenible\/","title":{"rendered":"Avanza estrategia para visualizar el impacto positivo de la ganader\u00eda sostenible"},"content":{"rendered":"<blockquote>\n<h2><span style=\"color: #003300;\">Compartir objetivos clave para la creaci\u00f3n de una estrategia comunicacional que permita visualizar el impacto positivo y los beneficios de la ganader\u00eda sostenible en nuestro pa\u00eds, y dar puntapi\u00e9 inicial a este trabajo conjunto con FAO y el Ministerio de Agricultura, trat\u00f3 la \u00faltima reuni\u00f3n del Comit\u00e9 de Ganader\u00eda Sustentable de Odepa, celebrada este mi\u00e9rcoles 21 de septiembre en formato virtual.<\/span><\/h2>\n<\/blockquote>\n<p>Por el gremio, particip\u00f3 el gerente de Fedeleche, Carlos Arancibia, quien junto con exponentes del sector p\u00fablico y privado compartieron sus planteamientos y experiencias para el buen desarrollo de la iniciativa, la cual se enmarca dentro de una campa\u00f1a de car\u00e1cter regional impulsada por la Comisi\u00f3n Regional de Desarrollo Ganadero para Am\u00e9rica Latina y el Caribe de FAO (Codegalac).<\/p>\n<p>En esta oportunidad, y dentro de los objetivos acordados, se plante\u00f3 iniciar la recopilaci\u00f3n de antecedentes concretos en torno a los avances en pr\u00e1cticas productivas sostenibles y l\u00edneas de investigaci\u00f3n vinculadas a la ganader\u00eda local, que incorpore a todos los segmentos productivos, y demuestre la relevancia de esta agr\u00edcola en el mundo rural, la econom\u00eda familiar y la alimentaci\u00f3n de las personas.<\/p>\n<p>Seg\u00fan se detall\u00f3, las actividades de este trabajo p\u00fablico -privado comenzaron en el mes agosto con la presentaci\u00f3n de los resultados del Estudio de Indicadores Productivos y Reproductivos en Predios de Ganader\u00eda Regenerativa (PUC), y contempla la realizaci\u00f3n de otras acciones adicionales hasta diciembre, entre las mencionada, la presentaci\u00f3n de los Avances del Estudio de Dise\u00f1o de Hoja de Ruta a la Carbono Neutralidad, a cargo de INIA, y en conjunto con FAO y ODEPA, postulaciones a financiamiento para sistemas ganaderos sostenibles y a proyectos GEF de agricultura regenerativa.<\/p>\n<p>El a\u00f1o cerrar\u00e1 con la realizaci\u00f3n de un taller para definir las acciones a desarrollar en 2023, seg\u00fan se inform\u00f3 en la cita.<\/p>\n<p><strong>\u00bfPor qu\u00e9 participar?<\/strong><\/p>\n<p>Si bien puede existir un contexto de un aumento de la conciencia en la ciudadan\u00eda respecto al deterioro del medio ambiente, tambi\u00e9n debe estar muy presente los m\u00faltiples beneficios que entrega la ganader\u00eda para ser parte de la soluci\u00f3n al problema planteado.<\/p>\n<p>En este contexto, se destaca por parte del Comit\u00e9 de Sustentabilidad que la ganader\u00eda bovina es muy importante en los tres pilares de la sustentabilidad (medioambiental, social y econ\u00f3mico). Es adem\u00e1s relevante en la generaci\u00f3n de empleo y es un sustento de vida para el mundo rural en Chile y en Am\u00e9rica Latina, beneficios que deber\u00e1 plasmar la estrategia comunicacional para visualizar el impacto positivo de la ganader\u00eda sostenible.<\/p>\n<p>Fuente: Fedeleche<\/p>\n","protected":false},"excerpt":{"rendered":"<p>Dentro de los objetivos acordados, se plante\u00f3 iniciar la recopilaci\u00f3n de antecedentes concretos en torno a los avances en pr\u00e1cticas productivas sostenibles y l\u00edneas de investigaci\u00f3n vinculadas a la ganader\u00eda local<\/p>\n","protected":false},"author":2,"featured_media":13275,"comment_status":"closed","ping_status":"closed","sticky":false,"template":"","format":"standard","meta":{"footnotes":""},"categories":[1945],"tags":[2090,3127,5610,7443,547,2058,7444,7442,2052,2035,2066],"class_list":["post-22914","post","type-post","status-publish","format-standard","has-post-thumbnail","hentry","category-agricultura","tag-agricultura","tag-agro","tag-carlos-arancibia","tag-f","tag-fao","tag-fedeleche","tag-ganaderia-bovina","tag-ganaderia-sostenible","tag-inia","tag-minagri","tag-odepa"],"yoast_head":"<!-- This site is optimized with the Yoast SEO plugin v26.6 - https:\/\/yoast.com\/wordpress\/plugins\/seo\/ -->\n<title>Avanza estrategia para visualizar el impacto positivo de la ganader\u00eda sostenible - Mundoagropecuario<\/title>\n<meta name=\"description\" content=\"Dentro de los objetivos acordados, se plante\u00f3 la recopilaci\u00f3n de antecedentes concretos en torno a los avances en pr\u00e1cticas productivas\" \/>\n<meta name=\"robots\" content=\"index, follow, max-snippet:-1, max-image-preview:large, max-video-preview:-1\" \/>\n<link rel=\"canonical\" href=\"https:\/\/www.mundoagropecuario.cl\/new\/avanza-estrategia-para-visualizar-el-impacto-positivo-de-la-ganaderia-sostenible\/\" \/>\n<meta property=\"og:locale\" content=\"es_ES\" \/>\n<meta property=\"og:type\" content=\"article\" \/>\n<meta property=\"og:title\" content=\"Avanza estrategia para visualizar el impacto positivo de la ganader\u00eda sostenible - Mundoagropecuario\" \/>\n<meta property=\"og:description\" content=\"Dentro de los objetivos acordados, se plante\u00f3 la recopilaci\u00f3n de antecedentes concretos en torno a los avances en pr\u00e1cticas productivas\" \/>\n<meta property=\"og:url\" content=\"https:\/\/www.mundoagropecuario.cl\/new\/avanza-estrategia-para-visualizar-el-impacto-positivo-de-la-ganaderia-sostenible\/\" \/>\n<meta property=\"og:site_name\" content=\"Mundoagropecuario\" \/>\n<meta property=\"article:publisher\" content=\"https:\/\/www.facebook.com\/mundo.agropecuario.3\" \/>\n<meta property=\"article:published_time\" content=\"2022-09-27T13:09:06+00:00\" \/>\n<meta property=\"article:modified_time\" content=\"2022-09-30T13:38:47+00:00\" \/>\n<meta property=\"og:image\" content=\"https:\/\/www.mundoagropecuario.cl\/new\/wp-content\/uploads\/2019\/08\/vacas.jpg\" \/>\n\t<meta property=\"og:image:width\" content=\"624\" \/>\n\t<meta property=\"og:image:height\" content=\"468\" \/>\n\t<meta property=\"og:image:type\" content=\"image\/jpeg\" \/>\n<meta name=\"author\" content=\"mundo\" \/>\n<meta name=\"twitter:card\" content=\"summary_large_image\" \/>\n<meta name=\"twitter:creator\" content=\"@MundoAgropecuar\" \/>\n<meta name=\"twitter:site\" content=\"@MundoAgropecuar\" \/>\n<meta name=\"twitter:label1\" content=\"Escrito por\" \/>\n\t<meta name=\"twitter:data1\" content=\"mundo\" \/>\n\t<meta name=\"twitter:label2\" content=\"Tiempo de lectura\" \/>\n\t<meta name=\"twitter:data2\" content=\"2 minutos\" \/>\n<script type=\"application\/ld+json\" class=\"yoast-schema-graph\">{\"@context\":\"https:\/\/schema.org\",\"@graph\":[{\"@type\":\"Article\",\"@id\":\"https:\/\/www.mundoagropecuario.cl\/new\/avanza-estrategia-para-visualizar-el-impacto-positivo-de-la-ganaderia-sostenible\/#article\",\"isPartOf\":{\"@id\":\"https:\/\/www.mundoagropecuario.cl\/new\/avanza-estrategia-para-visualizar-el-impacto-positivo-de-la-ganaderia-sostenible\/\"},\"author\":{\"name\":\"mundo\",\"@id\":\"https:\/\/www.mundoagropecuario.cl\/new\/#\/schema\/person\/4e9f74a82a7dac260eb1c44b7eebeb18\"},\"headline\":\"Avanza estrategia para visualizar el impacto positivo de la ganader\u00eda sostenible\",\"datePublished\":\"2022-09-27T13:09:06+00:00\",\"dateModified\":\"2022-09-30T13:38:47+00:00\",\"mainEntityOfPage\":{\"@id\":\"https:\/\/www.mundoagropecuario.cl\/new\/avanza-estrategia-para-visualizar-el-impacto-positivo-de-la-ganaderia-sostenible\/\"},\"wordCount\":460,\"publisher\":{\"@id\":\"https:\/\/www.mundoagropecuario.cl\/new\/#organization\"},\"image\":{\"@id\":\"https:\/\/www.mundoagropecuario.cl\/new\/avanza-estrategia-para-visualizar-el-impacto-positivo-de-la-ganaderia-sostenible\/#primaryimage\"},\"thumbnailUrl\":\"https:\/\/www.mundoagropecuario.cl\/new\/wp-content\/uploads\/2019\/08\/vacas.jpg\",\"keywords\":[\"Agricultura\",\"Agro\",\"Carlos Arancibia\",\"F\",\"FAO\",\"Fedeleche\",\"ganader\u00eda bovina\",\"ganader\u00eda sostenible\",\"INIA\",\"Minagri\",\"Odepa\"],\"articleSection\":[\"Agricultura\"],\"inLanguage\":\"es\"},{\"@type\":\"WebPage\",\"@id\":\"https:\/\/www.mundoagropecuario.cl\/new\/avanza-estrategia-para-visualizar-el-impacto-positivo-de-la-ganaderia-sostenible\/\",\"url\":\"https:\/\/www.mundoagropecuario.cl\/new\/avanza-estrategia-para-visualizar-el-impacto-positivo-de-la-ganaderia-sostenible\/\",\"name\":\"Avanza estrategia para visualizar el impacto positivo de la ganader\u00eda sostenible - Mundoagropecuario\",\"isPartOf\":{\"@id\":\"https:\/\/www.mundoagropecuario.cl\/new\/#website\"},\"primaryImageOfPage\":{\"@id\":\"https:\/\/www.mundoagropecuario.cl\/new\/avanza-estrategia-para-visualizar-el-impacto-positivo-de-la-ganaderia-sostenible\/#primaryimage\"},\"image\":{\"@id\":\"https:\/\/www.mundoagropecuario.cl\/new\/avanza-estrategia-para-visualizar-el-impacto-positivo-de-la-ganaderia-sostenible\/#primaryimage\"},\"thumbnailUrl\":\"https:\/\/www.mundoagropecuario.cl\/new\/wp-content\/uploads\/2019\/08\/vacas.jpg\",\"datePublished\":\"2022-09-27T13:09:06+00:00\",\"dateModified\":\"2022-09-30T13:38:47+00:00\",\"description\":\"Dentro de los objetivos acordados, se plante\u00f3 la recopilaci\u00f3n de antecedentes concretos en torno a los avances en pr\u00e1cticas productivas\",\"breadcrumb\":{\"@id\":\"https:\/\/www.mundoagropecuario.cl\/new\/avanza-estrategia-para-visualizar-el-impacto-positivo-de-la-ganaderia-sostenible\/#breadcrumb\"},\"inLanguage\":\"es\",\"potentialAction\":[{\"@type\":\"ReadAction\",\"target\":[\"https:\/\/www.mundoagropecuario.cl\/new\/avanza-estrategia-para-visualizar-el-impacto-positivo-de-la-ganaderia-sostenible\/\"]}]},{\"@type\":\"ImageObject\",\"inLanguage\":\"es\",\"@id\":\"https:\/\/www.mundoagropecuario.cl\/new\/avanza-estrategia-para-visualizar-el-impacto-positivo-de-la-ganaderia-sostenible\/#primaryimage\",\"url\":\"https:\/\/www.mundoagropecuario.cl\/new\/wp-content\/uploads\/2019\/08\/vacas.jpg\",\"contentUrl\":\"https:\/\/www.mundoagropecuario.cl\/new\/wp-content\/uploads\/2019\/08\/vacas.jpg\",\"width\":533,\"height\":400},{\"@type\":\"BreadcrumbList\",\"@id\":\"https:\/\/www.mundoagropecuario.cl\/new\/avanza-estrategia-para-visualizar-el-impacto-positivo-de-la-ganaderia-sostenible\/#breadcrumb\",\"itemListElement\":[{\"@type\":\"ListItem\",\"position\":1,\"name\":\"Portada\",\"item\":\"https:\/\/www.mundoagropecuario.cl\/new\/\"},{\"@type\":\"ListItem\",\"position\":2,\"name\":\"Avanza estrategia para visualizar el impacto positivo de la ganader\u00eda sostenible\"}]},{\"@type\":\"WebSite\",\"@id\":\"https:\/\/www.mundoagropecuario.cl\/new\/#website\",\"url\":\"https:\/\/www.mundoagropecuario.cl\/new\/\",\"name\":\"Mundoagropecuario\",\"description\":\"Mundo Agropecuario\",\"publisher\":{\"@id\":\"https:\/\/www.mundoagropecuario.cl\/new\/#organization\"},\"potentialAction\":[{\"@type\":\"SearchAction\",\"target\":{\"@type\":\"EntryPoint\",\"urlTemplate\":\"https:\/\/www.mundoagropecuario.cl\/new\/?s={search_term_string}\"},\"query-input\":{\"@type\":\"PropertyValueSpecification\",\"valueRequired\":true,\"valueName\":\"search_term_string\"}}],\"inLanguage\":\"es\"},{\"@type\":\"Organization\",\"@id\":\"https:\/\/www.mundoagropecuario.cl\/new\/#organization\",\"name\":\"Revista de Agricultura\",\"url\":\"https:\/\/www.mundoagropecuario.cl\/new\/\",\"logo\":{\"@type\":\"ImageObject\",\"inLanguage\":\"es\",\"@id\":\"https:\/\/www.mundoagropecuario.cl\/new\/#\/schema\/logo\/image\/\",\"url\":\"https:\/\/www.mundoagropecuario.cl\/new\/wp-content\/uploads\/2020\/11\/PORTAL-1-1.png\",\"contentUrl\":\"https:\/\/www.mundoagropecuario.cl\/new\/wp-content\/uploads\/2020\/11\/PORTAL-1-1.png\",\"width\":1026,\"height\":100,\"caption\":\"Revista de Agricultura\"},\"image\":{\"@id\":\"https:\/\/www.mundoagropecuario.cl\/new\/#\/schema\/logo\/image\/\"},\"sameAs\":[\"https:\/\/www.facebook.com\/mundo.agropecuario.3\",\"https:\/\/x.com\/MundoAgropecuar\",\"https:\/\/www.linkedin.com\/in\/mundo-agropecuario-934009201\/\"]},{\"@type\":\"Person\",\"@id\":\"https:\/\/www.mundoagropecuario.cl\/new\/#\/schema\/person\/4e9f74a82a7dac260eb1c44b7eebeb18\",\"name\":\"mundo\",\"url\":\"https:\/\/www.mundoagropecuario.cl\/new\/author\/mundo\/\"}]}<\/script>\n<!-- \/ Yoast SEO plugin. -->","yoast_head_json":{"title":"Avanza estrategia para visualizar el impacto positivo de la ganader\u00eda sostenible - Mundoagropecuario","description":"Dentro de los objetivos acordados, se plante\u00f3 la recopilaci\u00f3n de antecedentes concretos en torno a los avances en pr\u00e1cticas productivas","robots":{"index":"index","follow":"follow","max-snippet":"max-snippet:-1","max-image-preview":"max-image-preview:large","max-video-preview":"max-video-preview:-1"},"canonical":"https:\/\/www.mundoagropecuario.cl\/new\/avanza-estrategia-para-visualizar-el-impacto-positivo-de-la-ganaderia-sostenible\/","og_locale":"es_ES","og_type":"article","og_title":"Avanza estrategia para visualizar el impacto positivo de la ganader\u00eda sostenible - Mundoagropecuario","og_description":"Dentro de los objetivos acordados, se plante\u00f3 la recopilaci\u00f3n de antecedentes concretos en torno a los avances en pr\u00e1cticas productivas","og_url":"https:\/\/www.mundoagropecuario.cl\/new\/avanza-estrategia-para-visualizar-el-impacto-positivo-de-la-ganaderia-sostenible\/","og_site_name":"Mundoagropecuario","article_publisher":"https:\/\/www.facebook.com\/mundo.agropecuario.3","article_published_time":"2022-09-27T13:09:06+00:00","article_modified_time":"2022-09-30T13:38:47+00:00","og_image":[{"width":624,"height":468,"url":"https:\/\/www.mundoagropecuario.cl\/new\/wp-content\/uploads\/2019\/08\/vacas.jpg","type":"image\/jpeg"}],"author":"mundo","twitter_card":"summary_large_image","twitter_creator":"@MundoAgropecuar","twitter_site":"@MundoAgropecuar","twitter_misc":{"Escrito por":"mundo","Tiempo de lectura":"2 minutos"},"schema":{"@context":"https:\/\/schema.org","@graph":[{"@type":"Article","@id":"https:\/\/www.mundoagropecuario.cl\/new\/avanza-estrategia-para-visualizar-el-impacto-positivo-de-la-ganaderia-sostenible\/#article","isPartOf":{"@id":"https:\/\/www.mundoagropecuario.cl\/new\/avanza-estrategia-para-visualizar-el-impacto-positivo-de-la-ganaderia-sostenible\/"},"author":{"name":"mundo","@id":"https:\/\/www.mundoagropecuario.cl\/new\/#\/schema\/person\/4e9f74a82a7dac260eb1c44b7eebeb18"},"headline":"Avanza estrategia para visualizar el impacto positivo de la ganader\u00eda sostenible","datePublished":"2022-09-27T13:09:06+00:00","dateModified":"2022-09-30T13:38:47+00:00","mainEntityOfPage":{"@id":"https:\/\/www.mundoagropecuario.cl\/new\/avanza-estrategia-para-visualizar-el-impacto-positivo-de-la-ganaderia-sostenible\/"},"wordCount":460,"publisher":{"@id":"https:\/\/www.mundoagropecuario.cl\/new\/#organization"},"image":{"@id":"https:\/\/www.mundoagropecuario.cl\/new\/avanza-estrategia-para-visualizar-el-impacto-positivo-de-la-ganaderia-sostenible\/#primaryimage"},"thumbnailUrl":"https:\/\/www.mundoagropecuario.cl\/new\/wp-content\/uploads\/2019\/08\/vacas.jpg","keywords":["Agricultura","Agro","Carlos Arancibia","F","FAO","Fedeleche","ganader\u00eda bovina","ganader\u00eda sostenible","INIA","Minagri","Odepa"],"articleSection":["Agricultura"],"inLanguage":"es"},{"@type":"WebPage","@id":"https:\/\/www.mundoagropecuario.cl\/new\/avanza-estrategia-para-visualizar-el-impacto-positivo-de-la-ganaderia-sostenible\/","url":"https:\/\/www.mundoagropecuario.cl\/new\/avanza-estrategia-para-visualizar-el-impacto-positivo-de-la-ganaderia-sostenible\/","name":"Avanza estrategia para visualizar el impacto positivo de la ganader\u00eda sostenible - Mundoagropecuario","isPartOf":{"@id":"https:\/\/www.mundoagropecuario.cl\/new\/#website"},"primaryImageOfPage":{"@id":"https:\/\/www.mundoagropecuario.cl\/new\/avanza-estrategia-para-visualizar-el-impacto-positivo-de-la-ganaderia-sostenible\/#primaryimage"},"image":{"@id":"https:\/\/www.mundoagropecuario.cl\/new\/avanza-estrategia-para-visualizar-el-impacto-positivo-de-la-ganaderia-sostenible\/#primaryimage"},"thumbnailUrl":"https:\/\/www.mundoagropecuario.cl\/new\/wp-content\/uploads\/2019\/08\/vacas.jpg","datePublished":"2022-09-27T13:09:06+00:00","dateModified":"2022-09-30T13:38:47+00:00","description":"Dentro de los objetivos acordados, se plante\u00f3 la recopilaci\u00f3n de antecedentes concretos en torno a los avances en pr\u00e1cticas productivas","breadcrumb":{"@id":"https:\/\/www.mundoagropecuario.cl\/new\/avanza-estrategia-para-visualizar-el-impacto-positivo-de-la-ganaderia-sostenible\/#breadcrumb"},"inLanguage":"es","potentialAction":[{"@type":"ReadAction","target":["https:\/\/www.mundoagropecuario.cl\/new\/avanza-estrategia-para-visualizar-el-impacto-positivo-de-la-ganaderia-sostenible\/"]}]},{"@type":"ImageObject","inLanguage":"es","@id":"https:\/\/www.mundoagropecuario.cl\/new\/avanza-estrategia-para-visualizar-el-impacto-positivo-de-la-ganaderia-sostenible\/#primaryimage","url":"https:\/\/www.mundoagropecuario.cl\/new\/wp-content\/uploads\/2019\/08\/vacas.jpg","contentUrl":"https:\/\/www.mundoagropecuario.cl\/new\/wp-content\/uploads\/2019\/08\/vacas.jpg","width":533,"height":400},{"@type":"BreadcrumbList","@id":"https:\/\/www.mundoagropecuario.cl\/new\/avanza-estrategia-para-visualizar-el-impacto-positivo-de-la-ganaderia-sostenible\/#breadcrumb","itemListElement":[{"@type":"ListItem","position":1,"name":"Portada","item":"https:\/\/www.mundoagropecuario.cl\/new\/"},{"@type":"ListItem","position":2,"name":"Avanza estrategia para visualizar el impacto positivo de la ganader\u00eda sostenible"}]},{"@type":"WebSite","@id":"https:\/\/www.mundoagropecuario.cl\/new\/#website","url":"https:\/\/www.mundoagropecuario.cl\/new\/","name":"Mundoagropecuario","description":"Mundo Agropecuario","publisher":{"@id":"https:\/\/www.mundoagropecuario.cl\/new\/#organization"},"potentialAction":[{"@type":"SearchAction","target":{"@type":"EntryPoint","urlTemplate":"https:\/\/www.mundoagropecuario.cl\/new\/?s={search_term_string}"},"query-input":{"@type":"PropertyValueSpecification","valueRequired":true,"valueName":"search_term_string"}}],"inLanguage":"es"},{"@type":"Organization","@id":"https:\/\/www.mundoagropecuario.cl\/new\/#organization","name":"Revista de Agricultura","url":"https:\/\/www.mundoagropecuario.cl\/new\/","logo":{"@type":"ImageObject","inLanguage":"es","@id":"https:\/\/www.mundoagropecuario.cl\/new\/#\/schema\/logo\/image\/","url":"https:\/\/www.mundoagropecuario.cl\/new\/wp-content\/uploads\/2020\/11\/PORTAL-1-1.png","contentUrl":"https:\/\/www.mundoagropecuario.cl\/new\/wp-content\/uploads\/2020\/11\/PORTAL-1-1.png","width":1026,"height":100,"caption":"Revista de Agricultura"},"image":{"@id":"https:\/\/www.mundoagropecuario.cl\/new\/#\/schema\/logo\/image\/"},"sameAs":["https:\/\/www.facebook.com\/mundo.agropecuario.3","https:\/\/x.com\/MundoAgropecuar","https:\/\/www.linkedin.com\/in\/mundo-agropecuario-934009201\/"]},{"@type":"Person","@id":"https:\/\/www.mundoagropecuario.cl\/new\/#\/schema\/person\/4e9f74a82a7dac260eb1c44b7eebeb18","name":"mundo","url":"https:\/\/www.mundoagropecuario.cl\/new\/author\/mundo\/"}]}},"_links":{"self":[{"href":"https:\/\/www.mundoagropecuario.cl\/new\/wp-json\/wp\/v2\/posts\/22914","targetHints":{"allow":["GET"]}}],"collection":[{"href":"https:\/\/www.mundoagropecuario.cl\/new\/wp-json\/wp\/v2\/posts"}],"about":[{"href":"https:\/\/www.mundoagropecuario.cl\/new\/wp-json\/wp\/v2\/types\/post"}],"author":[{"embeddable":true,"href":"https:\/\/www.mundoagropecuario.cl\/new\/wp-json\/wp\/v2\/users\/2"}],"replies":[{"embeddable":true,"href":"https:\/\/www.mundoagropecuario.cl\/new\/wp-json\/wp\/v2\/comments?post=22914"}],"version-history":[{"count":2,"href":"https:\/\/www.mundoagropecuario.cl\/new\/wp-json\/wp\/v2\/posts\/22914\/revisions"}],"predecessor-version":[{"id":22916,"href":"https:\/\/www.mundoagropecuario.cl\/new\/wp-json\/wp\/v2\/posts\/22914\/revisions\/22916"}],"wp:featuredmedia":[{"embeddable":true,"href":"https:\/\/www.mundoagropecuario.cl\/new\/wp-json\/wp\/v2\/media\/13275"}],"wp:attachment":[{"href":"https:\/\/www.mundoagropecuario.cl\/new\/wp-json\/wp\/v2\/media?parent=22914"}],"wp:term":[{"taxonomy":"category","embeddable":true,"href":"https:\/\/www.mundoagropecuario.cl\/new\/wp-json\/wp\/v2\/categories?post=22914"},{"taxonomy":"post_tag","embeddable":true,"href":"https:\/\/www.mundoagropecuario.cl\/new\/wp-json\/wp\/v2\/tags?post=22914"}],"curies":[{"name":"wp","href":"https:\/\/api.w.org\/{rel}","templated":true}]}}