{"id":22908,"date":"2022-09-27T09:49:53","date_gmt":"2022-09-27T12:49:53","guid":{"rendered":"https:\/\/www.mundoagropecuario.cl\/new\/?p=22908"},"modified":"2022-09-30T10:38:18","modified_gmt":"2022-09-30T13:38:18","slug":"productores-de-la-region-de-los-lagos-llevaron-lo-mejor-del-sur-a-la-expomundorural-2022","status":"publish","type":"post","link":"https:\/\/www.mundoagropecuario.cl\/new\/productores-de-la-region-de-los-lagos-llevaron-lo-mejor-del-sur-a-la-expomundorural-2022\/","title":{"rendered":"Productores de la Regi\u00f3n de Los Lagos llevaron lo mejor del sur a la\u00a0 ExpoMundoRural 2022\u00a0"},"content":{"rendered":"<blockquote>\n<h2><span style=\"color: #333300;\">La principal vitrina para la Agricultura Familar volvi\u00f3 luego de una pausa de cuatro a\u00f1os y en ella la Regi\u00f3n de Los Lagos estuvo presente al mostrar las caracter\u00edsticas \u00fanicas de Chilo\u00e9, la artesan\u00eda de Chait\u00e9n e innovadores productos de Los Muermos y R\u00edo Negro, entre otros.<\/span><\/h2>\n<\/blockquote>\n<p>La estaci\u00f3n Mapocho fue escenario de La Expo Mundo Rural 2022, en donde se reunieron los productores m\u00e1s destacados del pa\u00eds y localmente participaron \u201cChilo\u00e9 Gourmet\u201d (Ancud); la Cooperativa \u201cFlor del Mar&#8221; (Los Muermos), \u201cAp\u00edcola Vive\u201d(Chonchi), \u201cLa Obrera y el Z\u00e1ngano\u201d (Queilen),\u00a0 Cooperativa \u201cHierbas del Sur\u201d (R\u00edo Negro), \u201cTejedoras del Mar Interior\u201d (Chait\u00e9n) y \u201cAgroturismo Terralluvia\u201d (Chonchi).<\/p>\n<p><a href=\"https:\/\/www.mundoagropecuario.cl\/new\/wp-content\/uploads\/2022\/09\/TejedorasdelMarinterior-scaled.jpg\"><img loading=\"lazy\" decoding=\"async\" class=\" wp-image-22912 alignleft\" src=\"https:\/\/www.mundoagropecuario.cl\/new\/wp-content\/uploads\/2022\/09\/TejedorasdelMarinterior-586x330.jpg\" alt=\"\" width=\"495\" height=\"309\" \/><\/a>La Isla de Chilo\u00e9 tuvo un lugar especial ya que se instal\u00f3 un espacio que simulaba una cl\u00e1sica cocina chilota, en donde los visitantes pod\u00edan conocer sobre\u00a0 el Sello y Territorio SIPAM y su car\u00e1cter de Patrimonio Agroalimentario, como tambi\u00e9n de los destinos insulares de agroturismo, en el stand del SAT de Turismo Rural Chilo\u00e9.<\/p>\n<p>En la artesan\u00eda, los quelloninos ganadores del Sello de Excelencia 2022, Raquel Aguilar (Yaldad) y Osvaldo G\u00fcineo (Isla Cail\u00edn), fueron panelistas del espacio que reconoci\u00f3 a destacados artistas de todo el pa\u00eds.<\/p>\n<p>Integraron tambi\u00e9n este evento la agrupaci\u00f3n \u201cManos de Cocham\u00f3\u201d, como parte de \u201cMujeres Rurales\u201d del convenio INDAP-Prodemu y se reconoci\u00f3 a la Agricultora de Quehui, Blanca Lepicheo, por su proyecto de \u201cCosecha de Agua Lluvia\u201d para su uso en Turismo Rural, con apoyo de la Subsecretar\u00eda de Turismo, INDAP, CORFO y la Seremi de Salud de Los Lagos.<\/p>\n<p><strong><span style=\"color: #333300;\">Una importante vitrina para destacar los productos y tradiciones del Sur de Chile<\/span><\/strong><\/p>\n<p>La Directora Regional de INDAP, Patricia Montaldo valor\u00f3 que se realice nuevamente este espacio de car\u00e1cter nacional<\/p>\n<p>\u201cEs maravilloso que despu\u00e9s de cuatro a\u00f1os, hemos podido volver a encontrarnos en la ExpoMundoRural. Es una fiesta en donde hemos visto expositores de todo el pa\u00eds y hemos vuelto a revivir lo que son los sabores, las tradiciones.<\/p>\n<p>Estoy muy contenta de poder venir a acompa\u00f1ar a estos expositores como Directora Regional, en una feria que para mi es muy significativa, porque he estado en las organizaciones de las ExpoMundorural locales\u201d<\/p>\n<p>Por su parte, el Director Nacional de INDAP, Santiago Rojas destac\u00f3 la importancia de promocionar el Sello y Territorio SIPAM con el gran p\u00fablico<\/p>\n<p><a href=\"https:\/\/www.mundoagropecuario.cl\/new\/wp-content\/uploads\/2022\/09\/Flor-del-Mar-scaled.jpg\"><img loading=\"lazy\" decoding=\"async\" class=\" wp-image-22911 alignright\" src=\"https:\/\/www.mundoagropecuario.cl\/new\/wp-content\/uploads\/2022\/09\/Flor-del-Mar-586x330.jpg\" alt=\"\" width=\"498\" height=\"300\" \/><\/a>\u201cChilo\u00e9 es un sitio prioritario de Patrimonio Agr\u00edcola Mundial, es fundamental para los sistemas alimentarios chilotes y es un orgullo como pa\u00eds tener este Sitio ac\u00e1, adem\u00e1s del stand informando sobre los alimentos t\u00edpicos, con pertinencia cultural y con enfoque agroecol\u00f3gico<\/p>\n<p>Hago una invitaci\u00f3n a todas las personas del territorio nacional que vayan a Chilo\u00e9, que se acerquen a INDAP y consulten lo que es SIPAM y que puedan visitar a todos los productores y productos que est\u00e1n detr\u00e1s de esos alimentos chilotes que son tan deliciosos y nutritivos\u201d<\/p>\n<p>En cuanto a la posibilidad de estar en esta Expo,\u00a0 Andrea Gonz\u00e1lez de \u201cTejedoras del Mar Interior\u201d de Chait\u00e9n, valor\u00f3 participar de esta feria por la visibilidad que les entrega, al llegar desde la zona sur austral<\/p>\n<p>\u201cNos han recibido muy bien por ser de Chait\u00e9n. La zona de las costa no es muy conocida, pero conocen el volc\u00e1n y los atractivos tur\u00edsticos que tiene, su entorno. Ha llegado mucha gente y nos han invitado a ferias a futuro y nos dicen que productos les gustan m\u00e1s, prefieren los tejidos con flores antes que los geom\u00e9tricos en las pieceras, choapinos y cojines\u201d.<\/p>\n<p>Marlene Aranda, de \u201cHierbas del Sur\u201d de R\u00edo Negro, indic\u00f3 que el contacto con el p\u00fablico y otros productores ha permitido dar a conocer m\u00e1s su l\u00ednea de caf\u00e9 de maqui y hierbas digestivas<\/p>\n<p>\u201cLes ha llamado mucho la atenci\u00f3n como se toman y que todo lo que tenemos es liofilizado y parten de hierbas ancestrales que est\u00e1n en nuestros campos y en nuestros invernaderos. Todo natural y sin qu\u00edmicos.<\/p>\n<p>Me voy empapada de conocimiento de esta Expo. As\u00ed que la gente que se atreva a innovar, que con esfuerzo y esperanza todo se puede, eso transmitimos cuando ofrecemos nuestras hierbas\u201d.<\/p>\n<p>Una destacada participaci\u00f3n tuvieron los representantes de la Regi\u00f3n de Los Lagos en la ExpoMundoRural 2022, la que se extendi\u00f3 entre el 22 y 25 de Septiembre, incluidos importantes reconocimientos, como \u201cAp\u00edcola Vive de Cucao\u201d, que recibi\u00f3 un premio especial por parte de INDAP y FIA por \u201cBienestar Animal\u201d por su producto \u201cMatico Pet\u201d, una pomada de cera, con esta hierba y aceites naturales que hidrata los cojinetes de las patas de perros y gatos.<\/p>\n","protected":false},"excerpt":{"rendered":"<p>La Isla de Chilo\u00e9 tuvo un lugar especial en la\u00a0ExpoMundoRural 2022\u00a0ya que se instal\u00f3 un espacio que simulaba una cl\u00e1sica cocina chilota en el Stand.<\/p>\n","protected":false},"author":2,"featured_media":22910,"comment_status":"closed","ping_status":"closed","sticky":false,"template":"","format":"standard","meta":{"footnotes":""},"categories":[1945],"tags":[2090,3127,939,7259,1992],"class_list":["post-22908","post","type-post","status-publish","format-standard","has-post-thumbnail","hentry","category-agricultura","tag-agricultura","tag-agro","tag-chiloe","tag-expomundorural-2022","tag-indap"],"yoast_head":"<!-- This site is optimized with the Yoast SEO plugin v26.6 - https:\/\/yoast.com\/wordpress\/plugins\/seo\/ -->\n<title>Productores de la Regi\u00f3n de Los Lagos llevaron lo mejor del sur a la\u00a0 ExpoMundoRural 2022\u00a0 - Mundoagropecuario<\/title>\n<meta name=\"description\" content=\"La Isla de Chilo\u00e9 tuvo un lugar especial ya que se instal\u00f3 un espacio que simulaba una cl\u00e1sica cocina chilota.\" \/>\n<meta name=\"robots\" content=\"index, follow, max-snippet:-1, max-image-preview:large, max-video-preview:-1\" \/>\n<link rel=\"canonical\" href=\"https:\/\/www.mundoagropecuario.cl\/new\/productores-de-la-region-de-los-lagos-llevaron-lo-mejor-del-sur-a-la-expomundorural-2022\/\" \/>\n<meta property=\"og:locale\" content=\"es_ES\" \/>\n<meta property=\"og:type\" content=\"article\" \/>\n<meta property=\"og:title\" content=\"Productores de la Regi\u00f3n de Los Lagos llevaron lo mejor del sur a la\u00a0 ExpoMundoRural 2022\u00a0 - Mundoagropecuario\" \/>\n<meta property=\"og:description\" content=\"La Isla de Chilo\u00e9 tuvo un lugar especial ya que se instal\u00f3 un espacio que simulaba una cl\u00e1sica cocina chilota.\" \/>\n<meta property=\"og:url\" content=\"https:\/\/www.mundoagropecuario.cl\/new\/productores-de-la-region-de-los-lagos-llevaron-lo-mejor-del-sur-a-la-expomundorural-2022\/\" \/>\n<meta property=\"og:site_name\" content=\"Mundoagropecuario\" \/>\n<meta property=\"article:publisher\" content=\"https:\/\/www.facebook.com\/mundo.agropecuario.3\" \/>\n<meta property=\"article:published_time\" content=\"2022-09-27T12:49:53+00:00\" \/>\n<meta property=\"article:modified_time\" content=\"2022-09-30T13:38:18+00:00\" \/>\n<meta property=\"og:image\" content=\"https:\/\/www.mundoagropecuario.cl\/new\/wp-content\/uploads\/2022\/09\/Apicola-Vive-scaled.jpg\" \/>\n\t<meta property=\"og:image:width\" content=\"1024\" \/>\n\t<meta property=\"og:image:height\" content=\"576\" \/>\n\t<meta property=\"og:image:type\" content=\"image\/jpeg\" \/>\n<meta name=\"author\" content=\"mundo\" \/>\n<meta name=\"twitter:card\" content=\"summary_large_image\" \/>\n<meta name=\"twitter:creator\" content=\"@MundoAgropecuar\" \/>\n<meta name=\"twitter:site\" content=\"@MundoAgropecuar\" \/>\n<meta name=\"twitter:label1\" content=\"Escrito por\" \/>\n\t<meta name=\"twitter:data1\" content=\"mundo\" \/>\n\t<meta name=\"twitter:label2\" content=\"Tiempo de lectura\" \/>\n\t<meta name=\"twitter:data2\" content=\"4 minutos\" \/>\n<script type=\"application\/ld+json\" class=\"yoast-schema-graph\">{\"@context\":\"https:\/\/schema.org\",\"@graph\":[{\"@type\":\"Article\",\"@id\":\"https:\/\/www.mundoagropecuario.cl\/new\/productores-de-la-region-de-los-lagos-llevaron-lo-mejor-del-sur-a-la-expomundorural-2022\/#article\",\"isPartOf\":{\"@id\":\"https:\/\/www.mundoagropecuario.cl\/new\/productores-de-la-region-de-los-lagos-llevaron-lo-mejor-del-sur-a-la-expomundorural-2022\/\"},\"author\":{\"name\":\"mundo\",\"@id\":\"https:\/\/www.mundoagropecuario.cl\/new\/#\/schema\/person\/4e9f74a82a7dac260eb1c44b7eebeb18\"},\"headline\":\"Productores de la Regi\u00f3n de Los Lagos llevaron lo mejor del sur a la\u00a0 ExpoMundoRural 2022\u00a0\",\"datePublished\":\"2022-09-27T12:49:53+00:00\",\"dateModified\":\"2022-09-30T13:38:18+00:00\",\"mainEntityOfPage\":{\"@id\":\"https:\/\/www.mundoagropecuario.cl\/new\/productores-de-la-region-de-los-lagos-llevaron-lo-mejor-del-sur-a-la-expomundorural-2022\/\"},\"wordCount\":809,\"publisher\":{\"@id\":\"https:\/\/www.mundoagropecuario.cl\/new\/#organization\"},\"image\":{\"@id\":\"https:\/\/www.mundoagropecuario.cl\/new\/productores-de-la-region-de-los-lagos-llevaron-lo-mejor-del-sur-a-la-expomundorural-2022\/#primaryimage\"},\"thumbnailUrl\":\"https:\/\/www.mundoagropecuario.cl\/new\/wp-content\/uploads\/2022\/09\/Apicola-Vive-scaled.jpg\",\"keywords\":[\"Agricultura\",\"Agro\",\"Chilo\u00e9\",\"ExpoMundoRural 2022\",\"Indap\"],\"articleSection\":[\"Agricultura\"],\"inLanguage\":\"es\"},{\"@type\":\"WebPage\",\"@id\":\"https:\/\/www.mundoagropecuario.cl\/new\/productores-de-la-region-de-los-lagos-llevaron-lo-mejor-del-sur-a-la-expomundorural-2022\/\",\"url\":\"https:\/\/www.mundoagropecuario.cl\/new\/productores-de-la-region-de-los-lagos-llevaron-lo-mejor-del-sur-a-la-expomundorural-2022\/\",\"name\":\"Productores de la Regi\u00f3n de Los Lagos llevaron lo mejor del sur a la\u00a0 ExpoMundoRural 2022\u00a0 - Mundoagropecuario\",\"isPartOf\":{\"@id\":\"https:\/\/www.mundoagropecuario.cl\/new\/#website\"},\"primaryImageOfPage\":{\"@id\":\"https:\/\/www.mundoagropecuario.cl\/new\/productores-de-la-region-de-los-lagos-llevaron-lo-mejor-del-sur-a-la-expomundorural-2022\/#primaryimage\"},\"image\":{\"@id\":\"https:\/\/www.mundoagropecuario.cl\/new\/productores-de-la-region-de-los-lagos-llevaron-lo-mejor-del-sur-a-la-expomundorural-2022\/#primaryimage\"},\"thumbnailUrl\":\"https:\/\/www.mundoagropecuario.cl\/new\/wp-content\/uploads\/2022\/09\/Apicola-Vive-scaled.jpg\",\"datePublished\":\"2022-09-27T12:49:53+00:00\",\"dateModified\":\"2022-09-30T13:38:18+00:00\",\"description\":\"La Isla de Chilo\u00e9 tuvo un lugar especial ya que se instal\u00f3 un espacio que simulaba una cl\u00e1sica cocina chilota.\",\"breadcrumb\":{\"@id\":\"https:\/\/www.mundoagropecuario.cl\/new\/productores-de-la-region-de-los-lagos-llevaron-lo-mejor-del-sur-a-la-expomundorural-2022\/#breadcrumb\"},\"inLanguage\":\"es\",\"potentialAction\":[{\"@type\":\"ReadAction\",\"target\":[\"https:\/\/www.mundoagropecuario.cl\/new\/productores-de-la-region-de-los-lagos-llevaron-lo-mejor-del-sur-a-la-expomundorural-2022\/\"]}]},{\"@type\":\"ImageObject\",\"inLanguage\":\"es\",\"@id\":\"https:\/\/www.mundoagropecuario.cl\/new\/productores-de-la-region-de-los-lagos-llevaron-lo-mejor-del-sur-a-la-expomundorural-2022\/#primaryimage\",\"url\":\"https:\/\/www.mundoagropecuario.cl\/new\/wp-content\/uploads\/2022\/09\/Apicola-Vive-scaled.jpg\",\"contentUrl\":\"https:\/\/www.mundoagropecuario.cl\/new\/wp-content\/uploads\/2022\/09\/Apicola-Vive-scaled.jpg\",\"width\":711,\"height\":400},{\"@type\":\"BreadcrumbList\",\"@id\":\"https:\/\/www.mundoagropecuario.cl\/new\/productores-de-la-region-de-los-lagos-llevaron-lo-mejor-del-sur-a-la-expomundorural-2022\/#breadcrumb\",\"itemListElement\":[{\"@type\":\"ListItem\",\"position\":1,\"name\":\"Portada\",\"item\":\"https:\/\/www.mundoagropecuario.cl\/new\/\"},{\"@type\":\"ListItem\",\"position\":2,\"name\":\"Productores de la Regi\u00f3n de Los Lagos llevaron lo mejor del sur a la\u00a0 ExpoMundoRural 2022\u00a0\"}]},{\"@type\":\"WebSite\",\"@id\":\"https:\/\/www.mundoagropecuario.cl\/new\/#website\",\"url\":\"https:\/\/www.mundoagropecuario.cl\/new\/\",\"name\":\"Mundoagropecuario\",\"description\":\"Mundo Agropecuario\",\"publisher\":{\"@id\":\"https:\/\/www.mundoagropecuario.cl\/new\/#organization\"},\"potentialAction\":[{\"@type\":\"SearchAction\",\"target\":{\"@type\":\"EntryPoint\",\"urlTemplate\":\"https:\/\/www.mundoagropecuario.cl\/new\/?s={search_term_string}\"},\"query-input\":{\"@type\":\"PropertyValueSpecification\",\"valueRequired\":true,\"valueName\":\"search_term_string\"}}],\"inLanguage\":\"es\"},{\"@type\":\"Organization\",\"@id\":\"https:\/\/www.mundoagropecuario.cl\/new\/#organization\",\"name\":\"Revista de Agricultura\",\"url\":\"https:\/\/www.mundoagropecuario.cl\/new\/\",\"logo\":{\"@type\":\"ImageObject\",\"inLanguage\":\"es\",\"@id\":\"https:\/\/www.mundoagropecuario.cl\/new\/#\/schema\/logo\/image\/\",\"url\":\"https:\/\/www.mundoagropecuario.cl\/new\/wp-content\/uploads\/2020\/11\/PORTAL-1-1.png\",\"contentUrl\":\"https:\/\/www.mundoagropecuario.cl\/new\/wp-content\/uploads\/2020\/11\/PORTAL-1-1.png\",\"width\":1026,\"height\":100,\"caption\":\"Revista de Agricultura\"},\"image\":{\"@id\":\"https:\/\/www.mundoagropecuario.cl\/new\/#\/schema\/logo\/image\/\"},\"sameAs\":[\"https:\/\/www.facebook.com\/mundo.agropecuario.3\",\"https:\/\/x.com\/MundoAgropecuar\",\"https:\/\/www.linkedin.com\/in\/mundo-agropecuario-934009201\/\"]},{\"@type\":\"Person\",\"@id\":\"https:\/\/www.mundoagropecuario.cl\/new\/#\/schema\/person\/4e9f74a82a7dac260eb1c44b7eebeb18\",\"name\":\"mundo\",\"url\":\"https:\/\/www.mundoagropecuario.cl\/new\/author\/mundo\/\"}]}<\/script>\n<!-- \/ Yoast SEO plugin. -->","yoast_head_json":{"title":"Productores de la Regi\u00f3n de Los Lagos llevaron lo mejor del sur a la\u00a0 ExpoMundoRural 2022\u00a0 - Mundoagropecuario","description":"La Isla de Chilo\u00e9 tuvo un lugar especial ya que se instal\u00f3 un espacio que simulaba una cl\u00e1sica cocina chilota.","robots":{"index":"index","follow":"follow","max-snippet":"max-snippet:-1","max-image-preview":"max-image-preview:large","max-video-preview":"max-video-preview:-1"},"canonical":"https:\/\/www.mundoagropecuario.cl\/new\/productores-de-la-region-de-los-lagos-llevaron-lo-mejor-del-sur-a-la-expomundorural-2022\/","og_locale":"es_ES","og_type":"article","og_title":"Productores de la Regi\u00f3n de Los Lagos llevaron lo mejor del sur a la\u00a0 ExpoMundoRural 2022\u00a0 - Mundoagropecuario","og_description":"La Isla de Chilo\u00e9 tuvo un lugar especial ya que se instal\u00f3 un espacio que simulaba una cl\u00e1sica cocina chilota.","og_url":"https:\/\/www.mundoagropecuario.cl\/new\/productores-de-la-region-de-los-lagos-llevaron-lo-mejor-del-sur-a-la-expomundorural-2022\/","og_site_name":"Mundoagropecuario","article_publisher":"https:\/\/www.facebook.com\/mundo.agropecuario.3","article_published_time":"2022-09-27T12:49:53+00:00","article_modified_time":"2022-09-30T13:38:18+00:00","og_image":[{"width":1024,"height":576,"url":"https:\/\/www.mundoagropecuario.cl\/new\/wp-content\/uploads\/2022\/09\/Apicola-Vive-scaled.jpg","type":"image\/jpeg"}],"author":"mundo","twitter_card":"summary_large_image","twitter_creator":"@MundoAgropecuar","twitter_site":"@MundoAgropecuar","twitter_misc":{"Escrito por":"mundo","Tiempo de lectura":"4 minutos"},"schema":{"@context":"https:\/\/schema.org","@graph":[{"@type":"Article","@id":"https:\/\/www.mundoagropecuario.cl\/new\/productores-de-la-region-de-los-lagos-llevaron-lo-mejor-del-sur-a-la-expomundorural-2022\/#article","isPartOf":{"@id":"https:\/\/www.mundoagropecuario.cl\/new\/productores-de-la-region-de-los-lagos-llevaron-lo-mejor-del-sur-a-la-expomundorural-2022\/"},"author":{"name":"mundo","@id":"https:\/\/www.mundoagropecuario.cl\/new\/#\/schema\/person\/4e9f74a82a7dac260eb1c44b7eebeb18"},"headline":"Productores de la Regi\u00f3n de Los Lagos llevaron lo mejor del sur a la\u00a0 ExpoMundoRural 2022\u00a0","datePublished":"2022-09-27T12:49:53+00:00","dateModified":"2022-09-30T13:38:18+00:00","mainEntityOfPage":{"@id":"https:\/\/www.mundoagropecuario.cl\/new\/productores-de-la-region-de-los-lagos-llevaron-lo-mejor-del-sur-a-la-expomundorural-2022\/"},"wordCount":809,"publisher":{"@id":"https:\/\/www.mundoagropecuario.cl\/new\/#organization"},"image":{"@id":"https:\/\/www.mundoagropecuario.cl\/new\/productores-de-la-region-de-los-lagos-llevaron-lo-mejor-del-sur-a-la-expomundorural-2022\/#primaryimage"},"thumbnailUrl":"https:\/\/www.mundoagropecuario.cl\/new\/wp-content\/uploads\/2022\/09\/Apicola-Vive-scaled.jpg","keywords":["Agricultura","Agro","Chilo\u00e9","ExpoMundoRural 2022","Indap"],"articleSection":["Agricultura"],"inLanguage":"es"},{"@type":"WebPage","@id":"https:\/\/www.mundoagropecuario.cl\/new\/productores-de-la-region-de-los-lagos-llevaron-lo-mejor-del-sur-a-la-expomundorural-2022\/","url":"https:\/\/www.mundoagropecuario.cl\/new\/productores-de-la-region-de-los-lagos-llevaron-lo-mejor-del-sur-a-la-expomundorural-2022\/","name":"Productores de la Regi\u00f3n de Los Lagos llevaron lo mejor del sur a la\u00a0 ExpoMundoRural 2022\u00a0 - Mundoagropecuario","isPartOf":{"@id":"https:\/\/www.mundoagropecuario.cl\/new\/#website"},"primaryImageOfPage":{"@id":"https:\/\/www.mundoagropecuario.cl\/new\/productores-de-la-region-de-los-lagos-llevaron-lo-mejor-del-sur-a-la-expomundorural-2022\/#primaryimage"},"image":{"@id":"https:\/\/www.mundoagropecuario.cl\/new\/productores-de-la-region-de-los-lagos-llevaron-lo-mejor-del-sur-a-la-expomundorural-2022\/#primaryimage"},"thumbnailUrl":"https:\/\/www.mundoagropecuario.cl\/new\/wp-content\/uploads\/2022\/09\/Apicola-Vive-scaled.jpg","datePublished":"2022-09-27T12:49:53+00:00","dateModified":"2022-09-30T13:38:18+00:00","description":"La Isla de Chilo\u00e9 tuvo un lugar especial ya que se instal\u00f3 un espacio que simulaba una cl\u00e1sica cocina chilota.","breadcrumb":{"@id":"https:\/\/www.mundoagropecuario.cl\/new\/productores-de-la-region-de-los-lagos-llevaron-lo-mejor-del-sur-a-la-expomundorural-2022\/#breadcrumb"},"inLanguage":"es","potentialAction":[{"@type":"ReadAction","target":["https:\/\/www.mundoagropecuario.cl\/new\/productores-de-la-region-de-los-lagos-llevaron-lo-mejor-del-sur-a-la-expomundorural-2022\/"]}]},{"@type":"ImageObject","inLanguage":"es","@id":"https:\/\/www.mundoagropecuario.cl\/new\/productores-de-la-region-de-los-lagos-llevaron-lo-mejor-del-sur-a-la-expomundorural-2022\/#primaryimage","url":"https:\/\/www.mundoagropecuario.cl\/new\/wp-content\/uploads\/2022\/09\/Apicola-Vive-scaled.jpg","contentUrl":"https:\/\/www.mundoagropecuario.cl\/new\/wp-content\/uploads\/2022\/09\/Apicola-Vive-scaled.jpg","width":711,"height":400},{"@type":"BreadcrumbList","@id":"https:\/\/www.mundoagropecuario.cl\/new\/productores-de-la-region-de-los-lagos-llevaron-lo-mejor-del-sur-a-la-expomundorural-2022\/#breadcrumb","itemListElement":[{"@type":"ListItem","position":1,"name":"Portada","item":"https:\/\/www.mundoagropecuario.cl\/new\/"},{"@type":"ListItem","position":2,"name":"Productores de la Regi\u00f3n de Los Lagos llevaron lo mejor del sur a la\u00a0 ExpoMundoRural 2022\u00a0"}]},{"@type":"WebSite","@id":"https:\/\/www.mundoagropecuario.cl\/new\/#website","url":"https:\/\/www.mundoagropecuario.cl\/new\/","name":"Mundoagropecuario","description":"Mundo Agropecuario","publisher":{"@id":"https:\/\/www.mundoagropecuario.cl\/new\/#organization"},"potentialAction":[{"@type":"SearchAction","target":{"@type":"EntryPoint","urlTemplate":"https:\/\/www.mundoagropecuario.cl\/new\/?s={search_term_string}"},"query-input":{"@type":"PropertyValueSpecification","valueRequired":true,"valueName":"search_term_string"}}],"inLanguage":"es"},{"@type":"Organization","@id":"https:\/\/www.mundoagropecuario.cl\/new\/#organization","name":"Revista de Agricultura","url":"https:\/\/www.mundoagropecuario.cl\/new\/","logo":{"@type":"ImageObject","inLanguage":"es","@id":"https:\/\/www.mundoagropecuario.cl\/new\/#\/schema\/logo\/image\/","url":"https:\/\/www.mundoagropecuario.cl\/new\/wp-content\/uploads\/2020\/11\/PORTAL-1-1.png","contentUrl":"https:\/\/www.mundoagropecuario.cl\/new\/wp-content\/uploads\/2020\/11\/PORTAL-1-1.png","width":1026,"height":100,"caption":"Revista de Agricultura"},"image":{"@id":"https:\/\/www.mundoagropecuario.cl\/new\/#\/schema\/logo\/image\/"},"sameAs":["https:\/\/www.facebook.com\/mundo.agropecuario.3","https:\/\/x.com\/MundoAgropecuar","https:\/\/www.linkedin.com\/in\/mundo-agropecuario-934009201\/"]},{"@type":"Person","@id":"https:\/\/www.mundoagropecuario.cl\/new\/#\/schema\/person\/4e9f74a82a7dac260eb1c44b7eebeb18","name":"mundo","url":"https:\/\/www.mundoagropecuario.cl\/new\/author\/mundo\/"}]}},"_links":{"self":[{"href":"https:\/\/www.mundoagropecuario.cl\/new\/wp-json\/wp\/v2\/posts\/22908","targetHints":{"allow":["GET"]}}],"collection":[{"href":"https:\/\/www.mundoagropecuario.cl\/new\/wp-json\/wp\/v2\/posts"}],"about":[{"href":"https:\/\/www.mundoagropecuario.cl\/new\/wp-json\/wp\/v2\/types\/post"}],"author":[{"embeddable":true,"href":"https:\/\/www.mundoagropecuario.cl\/new\/wp-json\/wp\/v2\/users\/2"}],"replies":[{"embeddable":true,"href":"https:\/\/www.mundoagropecuario.cl\/new\/wp-json\/wp\/v2\/comments?post=22908"}],"version-history":[{"count":2,"href":"https:\/\/www.mundoagropecuario.cl\/new\/wp-json\/wp\/v2\/posts\/22908\/revisions"}],"predecessor-version":[{"id":22913,"href":"https:\/\/www.mundoagropecuario.cl\/new\/wp-json\/wp\/v2\/posts\/22908\/revisions\/22913"}],"wp:featuredmedia":[{"embeddable":true,"href":"https:\/\/www.mundoagropecuario.cl\/new\/wp-json\/wp\/v2\/media\/22910"}],"wp:attachment":[{"href":"https:\/\/www.mundoagropecuario.cl\/new\/wp-json\/wp\/v2\/media?parent=22908"}],"wp:term":[{"taxonomy":"category","embeddable":true,"href":"https:\/\/www.mundoagropecuario.cl\/new\/wp-json\/wp\/v2\/categories?post=22908"},{"taxonomy":"post_tag","embeddable":true,"href":"https:\/\/www.mundoagropecuario.cl\/new\/wp-json\/wp\/v2\/tags?post=22908"}],"curies":[{"name":"wp","href":"https:\/\/api.w.org\/{rel}","templated":true}]}}