{"id":22875,"date":"2022-09-22T11:39:51","date_gmt":"2022-09-22T14:39:51","guid":{"rendered":"https:\/\/www.mundoagropecuario.cl\/new\/?p=22875"},"modified":"2022-09-26T12:56:56","modified_gmt":"2022-09-26T15:56:56","slug":"se-inauguro-el-primer-punto-de-reciclaje-en-islote-rupanco","status":"publish","type":"post","link":"https:\/\/www.mundoagropecuario.cl\/new\/se-inauguro-el-primer-punto-de-reciclaje-en-islote-rupanco\/","title":{"rendered":"Se inaugur\u00f3 el primer punto de reciclaje en islote Rupanco"},"content":{"rendered":"<blockquote>\n<h2><span style=\"color: #003300;\">La iniciativa financiada por Manuka, desarrollada en alianza junto a la Corporaci\u00f3n de Protecci\u00f3n Ambiental, CPA, permitieron la instalaci\u00f3n del primer punto de reciclaje del sector, el cual est\u00e1 abierto para la comunidad.<\/span><\/h2>\n<\/blockquote>\n<p>Tras casi nueve meses de trabajo en conjunto entre Manuka y la CPA, se logr\u00f3 la ansiada inauguraci\u00f3n del primer Punto Limpio en el sector El Islote de Rupanco, ubicado en la comuna de Puerto Octay. Este espacio, abierto para los vecinos y turistas que llegan para las temporadas de vacaciones, permitir\u00e1 realizar un almacenamiento m\u00e1s ecol\u00f3gico de los desechos que se producen, pudiendo separar pl\u00e1sticos, vidrios y latas que ser\u00e1n retirados por proveedores certificados para su reciclaje.<\/p>\n<p><a href=\"https:\/\/www.mundoagropecuario.cl\/new\/wp-content\/uploads\/2022\/09\/PuntoLimpio1.jpg\"><img loading=\"lazy\" decoding=\"async\" class=\" wp-image-22876 alignright\" src=\"https:\/\/www.mundoagropecuario.cl\/new\/wp-content\/uploads\/2022\/09\/PuntoLimpio1-586x391.jpg\" alt=\"\" width=\"534\" height=\"350\" \/><\/a>El edil de la comuna, Gerardo Gunckel, asegur\u00f3 que tiene una tremenda importancia contar con este Punto y que marca un precedente para la zona: \u201cPuerto Octay es netamente tur\u00edstico y esto, sumado al colapso del vertedero de Coraco, hace necesario el implementar acciones que sean puertas de entrada para el trabajo de reciclaje a nivel comunal. No ha sido f\u00e1cil conseguir empresas que se interesen en nuestra comuna, por eso son tan importantes estas alianzas con el mundo privado\u201d.<\/p>\n<p>Esta iniciativa surgi\u00f3 tomando como referencia el Punto de Reciclaje con el que cuenta Manuka en sus oficinas de Administraci\u00f3n, explic\u00f3 Camila Tapia, Encargada de Proyectos CPA. Para ella, \u201cla importancia de este tipo de acciones radica en mantener limpio el lago, que reciclemos y que la basura de los veraneantes no quede en Rupanco, sino que, aquello que se pueda, se gestione a trav\u00e9s del Punto Limpio y el resto que se lo lleven de vuelta a sus lugares de origen. Estamos haciendo capacitaciones con los vecinos y la Escuela para hacer un buen uso y mantenci\u00f3n del Punto Limpio\u201d.<\/p>\n<p>Al respecto, Natalia Ubilla, Jefa Departamento de Comunicaciones y Sustentabilidad de Manuka, se\u00f1al\u00f3 que: \u201ccreemos que estos proyectos integrativos son fundamentales para lograr objetivos conjuntos. Tenemos la alegr\u00eda de contar en Rupanco con personas y entidades muy comprometidas con el cuidado medioambiental, por lo que invitamos a toda la comunidad a acercarse, usar y resguardar este espacio comunitario que nos permitir\u00e1 seguir cuidando de nuestra hermosa comuna.\u201d<\/p>\n<p>Mario Pav\u00f3n, presidente de la Corporaci\u00f3n, destac\u00f3 que \u201clo m\u00e1s importante es que los vecinos se acostumbren a separar su basura: los elementos reciclables de los residuos org\u00e1nicos y usar estos \u00faltimos como materia de compostaje en sus huertas. Queremos que esto funcione, adquirir experiencia e ir replic\u00e1ndolo en otros puntos. Esperamos seguir cerca de la comunidad y pretendemos que la gente haga suya estas iniciativas\u201d, coment\u00f3 durante la inauguraci\u00f3n.<\/p>\n<p><a href=\"https:\/\/www.mundoagropecuario.cl\/new\/wp-content\/uploads\/2022\/09\/PuntoLimpio2.jpeg\"><img loading=\"lazy\" decoding=\"async\" class=\" wp-image-22877 alignleft\" src=\"https:\/\/www.mundoagropecuario.cl\/new\/wp-content\/uploads\/2022\/09\/PuntoLimpio2-490x490.jpeg\" alt=\"\" width=\"452\" height=\"393\" \/><\/a>En representaci\u00f3n de la comunidad, Pablo Soto, presidente de la junta de vecinos El Islote, agradeci\u00f3 a las empresas y organizaciones participantes: \u201cAgradecemos a Manuka y a todos los involucrados por habernos elegido para este Punto Limpio. Si todos nos ayudamos vamos en buen camino y ahora nos queda el desaf\u00edo de que todos debemos colaborar para que esta iniciativa funcione\u201d.<\/p>\n<p>Durante la ceremonia, participaron un grupo de estudiantes de la Escuela El Islote de Rupanco, as\u00ed como los presidentes de las juntas de vecinos El Islote y El Poncho, Pablo Soto y V\u00edctor Altamirano, respectivamente, quienes acompa\u00f1aron al alcalde de Puerto Octay, Gerardo Gunkel, a los representantes de Manuka: Mois\u00e9s Saravia, gerente general; Tom\u00e1s Grau, gerente de Asuntos Corporativos; Natalia Ubilla, Jefa de Comunicaciones y Sustentabilidad, y Diego Troncoso, Jefe de Medio Ambiente; los delegados de la CPA: Mario Pav\u00f3n, presidente, y Camila Tapia, encargada de proyectos, y administrativos de Salmones Australes.<\/p>\n","protected":false},"excerpt":{"rendered":"<p>El edil de la comuna, Gerardo Gunckel, asegur\u00f3 que tiene una tremenda importancia contar con este Punto y que marca un precedente para la zona.<\/p>\n","protected":false},"author":2,"featured_media":22878,"comment_status":"closed","ping_status":"closed","sticky":false,"template":"","format":"standard","meta":{"footnotes":""},"categories":[1945],"tags":[2691,7425,7427,7424,7426],"class_list":["post-22875","post","type-post","status-publish","format-standard","has-post-thumbnail","hentry","category-agricultura","tag-manuka","tag-proteccion-ambiental","tag-proyectos-integrativos","tag-punto-de-reciclaje-en-islote-rupanco","tag-salmones-australes"],"yoast_head":"<!-- This site is optimized with the Yoast SEO plugin v26.6 - https:\/\/yoast.com\/wordpress\/plugins\/seo\/ -->\n<title>Se inaugur\u00f3 el primer punto de reciclaje en islote Rupanco - Mundoagropecuario<\/title>\n<meta name=\"description\" content=\"El edil de la comuna, Gerardo Gunckel, asegur\u00f3 que tiene una tremenda importancia contar con este Punto y que marca un precedente.\" \/>\n<meta name=\"robots\" content=\"index, follow, max-snippet:-1, max-image-preview:large, max-video-preview:-1\" \/>\n<link rel=\"canonical\" href=\"https:\/\/www.mundoagropecuario.cl\/new\/se-inauguro-el-primer-punto-de-reciclaje-en-islote-rupanco\/\" \/>\n<meta property=\"og:locale\" content=\"es_ES\" \/>\n<meta property=\"og:type\" content=\"article\" \/>\n<meta property=\"og:title\" content=\"Se inaugur\u00f3 el primer punto de reciclaje en islote Rupanco - Mundoagropecuario\" \/>\n<meta property=\"og:description\" content=\"El edil de la comuna, Gerardo Gunckel, asegur\u00f3 que tiene una tremenda importancia contar con este Punto y que marca un precedente.\" \/>\n<meta property=\"og:url\" content=\"https:\/\/www.mundoagropecuario.cl\/new\/se-inauguro-el-primer-punto-de-reciclaje-en-islote-rupanco\/\" \/>\n<meta property=\"og:site_name\" content=\"Mundoagropecuario\" \/>\n<meta property=\"article:publisher\" content=\"https:\/\/www.facebook.com\/mundo.agropecuario.3\" \/>\n<meta property=\"article:published_time\" content=\"2022-09-22T14:39:51+00:00\" \/>\n<meta property=\"article:modified_time\" content=\"2022-09-26T15:56:56+00:00\" \/>\n<meta property=\"og:image\" content=\"https:\/\/www.mundoagropecuario.cl\/new\/wp-content\/uploads\/2022\/09\/PuntoLimpio3.jpeg\" \/>\n\t<meta property=\"og:image:width\" content=\"800\" \/>\n\t<meta property=\"og:image:height\" content=\"600\" \/>\n\t<meta property=\"og:image:type\" content=\"image\/jpeg\" \/>\n<meta name=\"author\" content=\"mundo\" \/>\n<meta name=\"twitter:card\" content=\"summary_large_image\" \/>\n<meta name=\"twitter:creator\" content=\"@MundoAgropecuar\" \/>\n<meta name=\"twitter:site\" content=\"@MundoAgropecuar\" \/>\n<meta name=\"twitter:label1\" content=\"Escrito por\" \/>\n\t<meta name=\"twitter:data1\" content=\"mundo\" \/>\n\t<meta name=\"twitter:label2\" content=\"Tiempo de lectura\" \/>\n\t<meta name=\"twitter:data2\" content=\"4 minutos\" \/>\n<script type=\"application\/ld+json\" class=\"yoast-schema-graph\">{\"@context\":\"https:\/\/schema.org\",\"@graph\":[{\"@type\":\"Article\",\"@id\":\"https:\/\/www.mundoagropecuario.cl\/new\/se-inauguro-el-primer-punto-de-reciclaje-en-islote-rupanco\/#article\",\"isPartOf\":{\"@id\":\"https:\/\/www.mundoagropecuario.cl\/new\/se-inauguro-el-primer-punto-de-reciclaje-en-islote-rupanco\/\"},\"author\":{\"name\":\"mundo\",\"@id\":\"https:\/\/www.mundoagropecuario.cl\/new\/#\/schema\/person\/4e9f74a82a7dac260eb1c44b7eebeb18\"},\"headline\":\"Se inaugur\u00f3 el primer punto de reciclaje en islote Rupanco\",\"datePublished\":\"2022-09-22T14:39:51+00:00\",\"dateModified\":\"2022-09-26T15:56:56+00:00\",\"mainEntityOfPage\":{\"@id\":\"https:\/\/www.mundoagropecuario.cl\/new\/se-inauguro-el-primer-punto-de-reciclaje-en-islote-rupanco\/\"},\"wordCount\":620,\"publisher\":{\"@id\":\"https:\/\/www.mundoagropecuario.cl\/new\/#organization\"},\"image\":{\"@id\":\"https:\/\/www.mundoagropecuario.cl\/new\/se-inauguro-el-primer-punto-de-reciclaje-en-islote-rupanco\/#primaryimage\"},\"thumbnailUrl\":\"https:\/\/www.mundoagropecuario.cl\/new\/wp-content\/uploads\/2022\/09\/PuntoLimpio3.jpeg\",\"keywords\":[\"Manuka\",\"Protecci\u00f3n Ambiental\",\"proyectos integrativos\",\"punto de reciclaje en islote Rupanco\",\"Salmones Australes\"],\"articleSection\":[\"Agricultura\"],\"inLanguage\":\"es\"},{\"@type\":\"WebPage\",\"@id\":\"https:\/\/www.mundoagropecuario.cl\/new\/se-inauguro-el-primer-punto-de-reciclaje-en-islote-rupanco\/\",\"url\":\"https:\/\/www.mundoagropecuario.cl\/new\/se-inauguro-el-primer-punto-de-reciclaje-en-islote-rupanco\/\",\"name\":\"Se inaugur\u00f3 el primer punto de reciclaje en islote Rupanco - Mundoagropecuario\",\"isPartOf\":{\"@id\":\"https:\/\/www.mundoagropecuario.cl\/new\/#website\"},\"primaryImageOfPage\":{\"@id\":\"https:\/\/www.mundoagropecuario.cl\/new\/se-inauguro-el-primer-punto-de-reciclaje-en-islote-rupanco\/#primaryimage\"},\"image\":{\"@id\":\"https:\/\/www.mundoagropecuario.cl\/new\/se-inauguro-el-primer-punto-de-reciclaje-en-islote-rupanco\/#primaryimage\"},\"thumbnailUrl\":\"https:\/\/www.mundoagropecuario.cl\/new\/wp-content\/uploads\/2022\/09\/PuntoLimpio3.jpeg\",\"datePublished\":\"2022-09-22T14:39:51+00:00\",\"dateModified\":\"2022-09-26T15:56:56+00:00\",\"description\":\"El edil de la comuna, Gerardo Gunckel, asegur\u00f3 que tiene una tremenda importancia contar con este Punto y que marca un precedente.\",\"breadcrumb\":{\"@id\":\"https:\/\/www.mundoagropecuario.cl\/new\/se-inauguro-el-primer-punto-de-reciclaje-en-islote-rupanco\/#breadcrumb\"},\"inLanguage\":\"es\",\"potentialAction\":[{\"@type\":\"ReadAction\",\"target\":[\"https:\/\/www.mundoagropecuario.cl\/new\/se-inauguro-el-primer-punto-de-reciclaje-en-islote-rupanco\/\"]}]},{\"@type\":\"ImageObject\",\"inLanguage\":\"es\",\"@id\":\"https:\/\/www.mundoagropecuario.cl\/new\/se-inauguro-el-primer-punto-de-reciclaje-en-islote-rupanco\/#primaryimage\",\"url\":\"https:\/\/www.mundoagropecuario.cl\/new\/wp-content\/uploads\/2022\/09\/PuntoLimpio3.jpeg\",\"contentUrl\":\"https:\/\/www.mundoagropecuario.cl\/new\/wp-content\/uploads\/2022\/09\/PuntoLimpio3.jpeg\",\"width\":533,\"height\":400},{\"@type\":\"BreadcrumbList\",\"@id\":\"https:\/\/www.mundoagropecuario.cl\/new\/se-inauguro-el-primer-punto-de-reciclaje-en-islote-rupanco\/#breadcrumb\",\"itemListElement\":[{\"@type\":\"ListItem\",\"position\":1,\"name\":\"Portada\",\"item\":\"https:\/\/www.mundoagropecuario.cl\/new\/\"},{\"@type\":\"ListItem\",\"position\":2,\"name\":\"Se inaugur\u00f3 el primer punto de reciclaje en islote Rupanco\"}]},{\"@type\":\"WebSite\",\"@id\":\"https:\/\/www.mundoagropecuario.cl\/new\/#website\",\"url\":\"https:\/\/www.mundoagropecuario.cl\/new\/\",\"name\":\"Mundoagropecuario\",\"description\":\"Mundo Agropecuario\",\"publisher\":{\"@id\":\"https:\/\/www.mundoagropecuario.cl\/new\/#organization\"},\"potentialAction\":[{\"@type\":\"SearchAction\",\"target\":{\"@type\":\"EntryPoint\",\"urlTemplate\":\"https:\/\/www.mundoagropecuario.cl\/new\/?s={search_term_string}\"},\"query-input\":{\"@type\":\"PropertyValueSpecification\",\"valueRequired\":true,\"valueName\":\"search_term_string\"}}],\"inLanguage\":\"es\"},{\"@type\":\"Organization\",\"@id\":\"https:\/\/www.mundoagropecuario.cl\/new\/#organization\",\"name\":\"Revista de Agricultura\",\"url\":\"https:\/\/www.mundoagropecuario.cl\/new\/\",\"logo\":{\"@type\":\"ImageObject\",\"inLanguage\":\"es\",\"@id\":\"https:\/\/www.mundoagropecuario.cl\/new\/#\/schema\/logo\/image\/\",\"url\":\"https:\/\/www.mundoagropecuario.cl\/new\/wp-content\/uploads\/2020\/11\/PORTAL-1-1.png\",\"contentUrl\":\"https:\/\/www.mundoagropecuario.cl\/new\/wp-content\/uploads\/2020\/11\/PORTAL-1-1.png\",\"width\":1026,\"height\":100,\"caption\":\"Revista de Agricultura\"},\"image\":{\"@id\":\"https:\/\/www.mundoagropecuario.cl\/new\/#\/schema\/logo\/image\/\"},\"sameAs\":[\"https:\/\/www.facebook.com\/mundo.agropecuario.3\",\"https:\/\/x.com\/MundoAgropecuar\",\"https:\/\/www.linkedin.com\/in\/mundo-agropecuario-934009201\/\"]},{\"@type\":\"Person\",\"@id\":\"https:\/\/www.mundoagropecuario.cl\/new\/#\/schema\/person\/4e9f74a82a7dac260eb1c44b7eebeb18\",\"name\":\"mundo\",\"url\":\"https:\/\/www.mundoagropecuario.cl\/new\/author\/mundo\/\"}]}<\/script>\n<!-- \/ Yoast SEO plugin. -->","yoast_head_json":{"title":"Se inaugur\u00f3 el primer punto de reciclaje en islote Rupanco - Mundoagropecuario","description":"El edil de la comuna, Gerardo Gunckel, asegur\u00f3 que tiene una tremenda importancia contar con este Punto y que marca un precedente.","robots":{"index":"index","follow":"follow","max-snippet":"max-snippet:-1","max-image-preview":"max-image-preview:large","max-video-preview":"max-video-preview:-1"},"canonical":"https:\/\/www.mundoagropecuario.cl\/new\/se-inauguro-el-primer-punto-de-reciclaje-en-islote-rupanco\/","og_locale":"es_ES","og_type":"article","og_title":"Se inaugur\u00f3 el primer punto de reciclaje en islote Rupanco - Mundoagropecuario","og_description":"El edil de la comuna, Gerardo Gunckel, asegur\u00f3 que tiene una tremenda importancia contar con este Punto y que marca un precedente.","og_url":"https:\/\/www.mundoagropecuario.cl\/new\/se-inauguro-el-primer-punto-de-reciclaje-en-islote-rupanco\/","og_site_name":"Mundoagropecuario","article_publisher":"https:\/\/www.facebook.com\/mundo.agropecuario.3","article_published_time":"2022-09-22T14:39:51+00:00","article_modified_time":"2022-09-26T15:56:56+00:00","og_image":[{"width":800,"height":600,"url":"https:\/\/www.mundoagropecuario.cl\/new\/wp-content\/uploads\/2022\/09\/PuntoLimpio3.jpeg","type":"image\/jpeg"}],"author":"mundo","twitter_card":"summary_large_image","twitter_creator":"@MundoAgropecuar","twitter_site":"@MundoAgropecuar","twitter_misc":{"Escrito por":"mundo","Tiempo de lectura":"4 minutos"},"schema":{"@context":"https:\/\/schema.org","@graph":[{"@type":"Article","@id":"https:\/\/www.mundoagropecuario.cl\/new\/se-inauguro-el-primer-punto-de-reciclaje-en-islote-rupanco\/#article","isPartOf":{"@id":"https:\/\/www.mundoagropecuario.cl\/new\/se-inauguro-el-primer-punto-de-reciclaje-en-islote-rupanco\/"},"author":{"name":"mundo","@id":"https:\/\/www.mundoagropecuario.cl\/new\/#\/schema\/person\/4e9f74a82a7dac260eb1c44b7eebeb18"},"headline":"Se inaugur\u00f3 el primer punto de reciclaje en islote Rupanco","datePublished":"2022-09-22T14:39:51+00:00","dateModified":"2022-09-26T15:56:56+00:00","mainEntityOfPage":{"@id":"https:\/\/www.mundoagropecuario.cl\/new\/se-inauguro-el-primer-punto-de-reciclaje-en-islote-rupanco\/"},"wordCount":620,"publisher":{"@id":"https:\/\/www.mundoagropecuario.cl\/new\/#organization"},"image":{"@id":"https:\/\/www.mundoagropecuario.cl\/new\/se-inauguro-el-primer-punto-de-reciclaje-en-islote-rupanco\/#primaryimage"},"thumbnailUrl":"https:\/\/www.mundoagropecuario.cl\/new\/wp-content\/uploads\/2022\/09\/PuntoLimpio3.jpeg","keywords":["Manuka","Protecci\u00f3n Ambiental","proyectos integrativos","punto de reciclaje en islote Rupanco","Salmones Australes"],"articleSection":["Agricultura"],"inLanguage":"es"},{"@type":"WebPage","@id":"https:\/\/www.mundoagropecuario.cl\/new\/se-inauguro-el-primer-punto-de-reciclaje-en-islote-rupanco\/","url":"https:\/\/www.mundoagropecuario.cl\/new\/se-inauguro-el-primer-punto-de-reciclaje-en-islote-rupanco\/","name":"Se inaugur\u00f3 el primer punto de reciclaje en islote Rupanco - Mundoagropecuario","isPartOf":{"@id":"https:\/\/www.mundoagropecuario.cl\/new\/#website"},"primaryImageOfPage":{"@id":"https:\/\/www.mundoagropecuario.cl\/new\/se-inauguro-el-primer-punto-de-reciclaje-en-islote-rupanco\/#primaryimage"},"image":{"@id":"https:\/\/www.mundoagropecuario.cl\/new\/se-inauguro-el-primer-punto-de-reciclaje-en-islote-rupanco\/#primaryimage"},"thumbnailUrl":"https:\/\/www.mundoagropecuario.cl\/new\/wp-content\/uploads\/2022\/09\/PuntoLimpio3.jpeg","datePublished":"2022-09-22T14:39:51+00:00","dateModified":"2022-09-26T15:56:56+00:00","description":"El edil de la comuna, Gerardo Gunckel, asegur\u00f3 que tiene una tremenda importancia contar con este Punto y que marca un precedente.","breadcrumb":{"@id":"https:\/\/www.mundoagropecuario.cl\/new\/se-inauguro-el-primer-punto-de-reciclaje-en-islote-rupanco\/#breadcrumb"},"inLanguage":"es","potentialAction":[{"@type":"ReadAction","target":["https:\/\/www.mundoagropecuario.cl\/new\/se-inauguro-el-primer-punto-de-reciclaje-en-islote-rupanco\/"]}]},{"@type":"ImageObject","inLanguage":"es","@id":"https:\/\/www.mundoagropecuario.cl\/new\/se-inauguro-el-primer-punto-de-reciclaje-en-islote-rupanco\/#primaryimage","url":"https:\/\/www.mundoagropecuario.cl\/new\/wp-content\/uploads\/2022\/09\/PuntoLimpio3.jpeg","contentUrl":"https:\/\/www.mundoagropecuario.cl\/new\/wp-content\/uploads\/2022\/09\/PuntoLimpio3.jpeg","width":533,"height":400},{"@type":"BreadcrumbList","@id":"https:\/\/www.mundoagropecuario.cl\/new\/se-inauguro-el-primer-punto-de-reciclaje-en-islote-rupanco\/#breadcrumb","itemListElement":[{"@type":"ListItem","position":1,"name":"Portada","item":"https:\/\/www.mundoagropecuario.cl\/new\/"},{"@type":"ListItem","position":2,"name":"Se inaugur\u00f3 el primer punto de reciclaje en islote Rupanco"}]},{"@type":"WebSite","@id":"https:\/\/www.mundoagropecuario.cl\/new\/#website","url":"https:\/\/www.mundoagropecuario.cl\/new\/","name":"Mundoagropecuario","description":"Mundo Agropecuario","publisher":{"@id":"https:\/\/www.mundoagropecuario.cl\/new\/#organization"},"potentialAction":[{"@type":"SearchAction","target":{"@type":"EntryPoint","urlTemplate":"https:\/\/www.mundoagropecuario.cl\/new\/?s={search_term_string}"},"query-input":{"@type":"PropertyValueSpecification","valueRequired":true,"valueName":"search_term_string"}}],"inLanguage":"es"},{"@type":"Organization","@id":"https:\/\/www.mundoagropecuario.cl\/new\/#organization","name":"Revista de Agricultura","url":"https:\/\/www.mundoagropecuario.cl\/new\/","logo":{"@type":"ImageObject","inLanguage":"es","@id":"https:\/\/www.mundoagropecuario.cl\/new\/#\/schema\/logo\/image\/","url":"https:\/\/www.mundoagropecuario.cl\/new\/wp-content\/uploads\/2020\/11\/PORTAL-1-1.png","contentUrl":"https:\/\/www.mundoagropecuario.cl\/new\/wp-content\/uploads\/2020\/11\/PORTAL-1-1.png","width":1026,"height":100,"caption":"Revista de Agricultura"},"image":{"@id":"https:\/\/www.mundoagropecuario.cl\/new\/#\/schema\/logo\/image\/"},"sameAs":["https:\/\/www.facebook.com\/mundo.agropecuario.3","https:\/\/x.com\/MundoAgropecuar","https:\/\/www.linkedin.com\/in\/mundo-agropecuario-934009201\/"]},{"@type":"Person","@id":"https:\/\/www.mundoagropecuario.cl\/new\/#\/schema\/person\/4e9f74a82a7dac260eb1c44b7eebeb18","name":"mundo","url":"https:\/\/www.mundoagropecuario.cl\/new\/author\/mundo\/"}]}},"_links":{"self":[{"href":"https:\/\/www.mundoagropecuario.cl\/new\/wp-json\/wp\/v2\/posts\/22875","targetHints":{"allow":["GET"]}}],"collection":[{"href":"https:\/\/www.mundoagropecuario.cl\/new\/wp-json\/wp\/v2\/posts"}],"about":[{"href":"https:\/\/www.mundoagropecuario.cl\/new\/wp-json\/wp\/v2\/types\/post"}],"author":[{"embeddable":true,"href":"https:\/\/www.mundoagropecuario.cl\/new\/wp-json\/wp\/v2\/users\/2"}],"replies":[{"embeddable":true,"href":"https:\/\/www.mundoagropecuario.cl\/new\/wp-json\/wp\/v2\/comments?post=22875"}],"version-history":[{"count":1,"href":"https:\/\/www.mundoagropecuario.cl\/new\/wp-json\/wp\/v2\/posts\/22875\/revisions"}],"predecessor-version":[{"id":22879,"href":"https:\/\/www.mundoagropecuario.cl\/new\/wp-json\/wp\/v2\/posts\/22875\/revisions\/22879"}],"wp:featuredmedia":[{"embeddable":true,"href":"https:\/\/www.mundoagropecuario.cl\/new\/wp-json\/wp\/v2\/media\/22878"}],"wp:attachment":[{"href":"https:\/\/www.mundoagropecuario.cl\/new\/wp-json\/wp\/v2\/media?parent=22875"}],"wp:term":[{"taxonomy":"category","embeddable":true,"href":"https:\/\/www.mundoagropecuario.cl\/new\/wp-json\/wp\/v2\/categories?post=22875"},{"taxonomy":"post_tag","embeddable":true,"href":"https:\/\/www.mundoagropecuario.cl\/new\/wp-json\/wp\/v2\/tags?post=22875"}],"curies":[{"name":"wp","href":"https:\/\/api.w.org\/{rel}","templated":true}]}}