{"id":22871,"date":"2022-09-21T10:19:26","date_gmt":"2022-09-21T13:19:26","guid":{"rendered":"https:\/\/www.mundoagropecuario.cl\/new\/?p=22871"},"modified":"2022-09-26T11:39:00","modified_gmt":"2022-09-26T14:39:00","slug":"asoex-presenta-propuestas-ante-la-comision-de-trabajo-del-senado-sobre-proyecto-de-40-horas","status":"publish","type":"post","link":"https:\/\/www.mundoagropecuario.cl\/new\/asoex-presenta-propuestas-ante-la-comision-de-trabajo-del-senado-sobre-proyecto-de-40-horas\/","title":{"rendered":"Asoex presenta propuestas ante la Comisi\u00f3n de Trabajo del Senado sobre proyecto de 40 horas"},"content":{"rendered":"<blockquote>\n<h2><span style=\"color: #003300;\">La Asociaci\u00f3n de Exportadores de Frutas de Chile AG (ASOEX), a trav\u00e9s de su presidente, Iv\u00e1n Marambio expuso la visi\u00f3n del sector respecto del proyecto de las 40 horas ante la Comisi\u00f3n de Trabajo y Previsi\u00f3n Social del Senado.\u00a0<\/span><\/h2>\n<\/blockquote>\n<p>En la oportunidad, Iv\u00e1n Marambio, fue el encargado de visibilizar la voz de las cerca de 300 compa\u00f1\u00edas exportadoras y productoras de frutas las cuales en su conjunto representan a m\u00e1s del 90% de la fruta fresca que se exporta desde Chile al mundo. Una industria que, adem\u00e1s, genera m\u00e1s de medio mill\u00f3n de empleos directos e indirectos, durante la temporada alta.<\/p>\n<p>El dirigente fue claro en indicar que para el mundo de la fruta de exportaci\u00f3n la implementaci\u00f3n de las 40 horas en el sector, requiere considerar la realidad productiva de esta industria. A fin de contextualizar las razones de aquello, el Presidente de ASOEX se\u00f1al\u00f3 que en este actividad el empleo se ve determinado por el ciclo productivo de los huertos frutales, lo que hace que se requiera mayor fuerza laboral de personas y entidades que participan en el proceso, especialmente en los per\u00edodos de cosecha y embalaje de la fruta, lo cual se concentra entre los meses de diciembre a marzo. \u201cNuestra industria es muy relevante para la econom\u00eda regional, ya que, se lleva a cabo desde Coquimbo a Ays\u00e9n, siendo la principal actividad dentro de la agricultura chilena, y a nivel global, la segunda del pa\u00eds despu\u00e9s del cobre. En su \u201cpeak\u201d genera, aproximadamente, 600 mil empleos directos, especialmente ligados a la cosecha y packing\u201d, observ\u00f3 al comienzo de su intervenci\u00f3n.<\/p>\n<p>El representante a\u00f1adi\u00f3 que el trabajo de la fruta tambi\u00e9n est\u00e1 determinado por eventos de la naturaleza sobre los cuales no se tiene control, como son las lluvias, heladas, olas de calor, entre otros, los cuales generan cambios en la planificaci\u00f3n operativa y en la jornada de los trabajadores, elemento que no est\u00e1 incluido en el proyecto de normativa laboral en tr\u00e1mite.<\/p>\n<p>Asimismo, explic\u00f3 que a lo anterior se suma la escasez de trabajadores y los vaivenes que puedan ocurrir en el pa\u00eds, por ejemplo, derivados de movilizaciones portuarias o problemas que existan a lo largo de la cadena log\u00edstica. \u201cNuestra fruta es un producto perecible, lo cual no nos permite margen de error \u201c, remarc\u00f3.<\/p>\n<p>De esta manera, Marambio indic\u00f3 que con respecto al proyecto: \u201cNosotros pensamos que la agricultura, y especialmente la fruta fresca de exportaci\u00f3n deber\u00edan estar sometidas a una normativa laboral especial. Nosotros no vemos razones para que nuestro sector no cuente con una normativa laboral espec\u00edfica, tal como operan otros sectores de la econom\u00eda nacional. Nuestra actividad no puede ser tratada como una industria con actividad y empleo estable y permanente cuando es todo lo contrario. Tenemos una marcada estacionalidad y dependemos de factores que no est\u00e1n a nuestro alcance manejar, como lo es el clima. El a\u00f1o se hace en unos pocos meses. A modo de ejemplo, el sector de la cereza, hoy la principal fruta de exportaci\u00f3n chilena, un orgullo para el pa\u00eds, es un producto que se cosecha pr\u00e1cticamente en un mes, por lo mismo, creemos que en ese mes deber\u00edamos tener un trato diferenciado\u201d.<\/p>\n<p><strong><span style=\"color: #003300;\">Propuestas de ASOEX<\/span><\/strong><\/p>\n<p>El presidente de ASOEX, plante\u00f3 en la Comisi\u00f3n 3 propuestas del sector respecto del proyecto. \u201cComo primera medida, nosotros aspiramos a tener promedios de jornadas en los cuales podamos promediar las horas a trabajar, de la jornada de las 40 horas, en per\u00edodos semanales, quincenales o mensuales. Es decir, tenemos una estacionalidad, donde adem\u00e1s la carga laboral var\u00eda. Hay periodos \u201cpeaks\u201d, pero tambi\u00e9n lagunas o menores d\u00edas de necesidad de trabajo, y por ello, aspiramos a tener estos promedios\u201d, coment\u00f3.<\/p>\n<p>Como segunda propuesta, especialmente para los periodos \u201cpeak\u201d, Marambio apunt\u00f3 a poder contar con un tope mayor de horas extras, cumpliendo en todo momento con el m\u00e1ximo de trabajo diario.<\/p>\n<p>En tercer lugar, indic\u00f3 que existe la necesidad de incorporar el concepto de \u201cFuerza Mayor\u201d de manera de extender la jornada laboral a 7 d\u00edas por semana, en situaciones puntuales y que respondan a hechos fortuitos, ya sea, derivados de la naturaleza (lluvias, heladas, olas de calor) o situaciones que interrumpan el normal proceso exportador, como pueden ser los paros portuarios. \u201cFrente a casos fortuitos, nos gustar\u00eda aspirar a poder extender esta jornada laboral al menos a una semana. Por supuesto, considerando la adecuada compensaci\u00f3n (remuneraci\u00f3n)\u201d, puntualiz\u00f3.<\/p>\n<p>Finalmente, destac\u00f3 la condici\u00f3n que cualquier implementaci\u00f3n de las propuestas indicadas, requiere del acuerdo con los trabajadores, con el objetivo de que ello permita una adecuada implementaci\u00f3n.<\/p>\n","protected":false},"excerpt":{"rendered":"<p>LA Jornada se llev\u00f3 a cabo el pasado 14 de septiembre, v\u00eda online y que cont\u00f3, adem\u00e1s, con la presencia del gerente general de ASOEX, Miguel Canala-Echeverr\u00eda.<\/p>\n","protected":false},"author":2,"featured_media":22872,"comment_status":"closed","ping_status":"closed","sticky":false,"template":"","format":"standard","meta":{"footnotes":""},"categories":[1945],"tags":[2090,2177,2245,7422,7423],"class_list":["post-22871","post","type-post","status-publish","format-standard","has-post-thumbnail","hentry","category-agricultura","tag-agricultura","tag-asoex","tag-frutas","tag-proyecto-de-40-horas","tag-trabajadores"],"yoast_head":"<!-- This site is optimized with the Yoast SEO plugin v26.6 - https:\/\/yoast.com\/wordpress\/plugins\/seo\/ -->\n<title>Asoex presenta propuestas ante la Comisi\u00f3n de Trabajo del Senado sobre proyecto de 40 horas - Mundoagropecuario<\/title>\n<meta name=\"description\" content=\"LA Jornada v\u00eda online y que cont\u00f3, adem\u00e1s, con la presencia del gerente general de ASOEX, Miguel Canala-Echeverr\u00eda.\" \/>\n<meta name=\"robots\" content=\"index, follow, max-snippet:-1, max-image-preview:large, max-video-preview:-1\" \/>\n<link rel=\"canonical\" href=\"https:\/\/www.mundoagropecuario.cl\/new\/asoex-presenta-propuestas-ante-la-comision-de-trabajo-del-senado-sobre-proyecto-de-40-horas\/\" \/>\n<meta property=\"og:locale\" content=\"es_ES\" \/>\n<meta property=\"og:type\" content=\"article\" \/>\n<meta property=\"og:title\" content=\"Asoex presenta propuestas ante la Comisi\u00f3n de Trabajo del Senado sobre proyecto de 40 horas - Mundoagropecuario\" \/>\n<meta property=\"og:description\" content=\"LA Jornada v\u00eda online y que cont\u00f3, adem\u00e1s, con la presencia del gerente general de ASOEX, Miguel Canala-Echeverr\u00eda.\" \/>\n<meta property=\"og:url\" content=\"https:\/\/www.mundoagropecuario.cl\/new\/asoex-presenta-propuestas-ante-la-comision-de-trabajo-del-senado-sobre-proyecto-de-40-horas\/\" \/>\n<meta property=\"og:site_name\" content=\"Mundoagropecuario\" \/>\n<meta property=\"article:publisher\" content=\"https:\/\/www.facebook.com\/mundo.agropecuario.3\" \/>\n<meta property=\"article:published_time\" content=\"2022-09-21T13:19:26+00:00\" \/>\n<meta property=\"article:modified_time\" content=\"2022-09-26T14:39:00+00:00\" \/>\n<meta property=\"og:image\" content=\"https:\/\/www.mundoagropecuario.cl\/new\/wp-content\/uploads\/2022\/09\/Comision-de-Trabajo-2-1.png\" \/>\n\t<meta property=\"og:image:width\" content=\"1024\" \/>\n\t<meta property=\"og:image:height\" content=\"564\" \/>\n\t<meta property=\"og:image:type\" content=\"image\/png\" \/>\n<meta name=\"author\" content=\"mundo\" \/>\n<meta name=\"twitter:card\" content=\"summary_large_image\" \/>\n<meta name=\"twitter:creator\" content=\"@MundoAgropecuar\" \/>\n<meta name=\"twitter:site\" content=\"@MundoAgropecuar\" \/>\n<meta name=\"twitter:label1\" content=\"Escrito por\" \/>\n\t<meta name=\"twitter:data1\" content=\"mundo\" \/>\n\t<meta name=\"twitter:label2\" content=\"Tiempo de lectura\" \/>\n\t<meta name=\"twitter:data2\" content=\"4 minutos\" \/>\n<script type=\"application\/ld+json\" class=\"yoast-schema-graph\">{\"@context\":\"https:\/\/schema.org\",\"@graph\":[{\"@type\":\"Article\",\"@id\":\"https:\/\/www.mundoagropecuario.cl\/new\/asoex-presenta-propuestas-ante-la-comision-de-trabajo-del-senado-sobre-proyecto-de-40-horas\/#article\",\"isPartOf\":{\"@id\":\"https:\/\/www.mundoagropecuario.cl\/new\/asoex-presenta-propuestas-ante-la-comision-de-trabajo-del-senado-sobre-proyecto-de-40-horas\/\"},\"author\":{\"name\":\"mundo\",\"@id\":\"https:\/\/www.mundoagropecuario.cl\/new\/#\/schema\/person\/4e9f74a82a7dac260eb1c44b7eebeb18\"},\"headline\":\"Asoex presenta propuestas ante la Comisi\u00f3n de Trabajo del Senado sobre proyecto de 40 horas\",\"datePublished\":\"2022-09-21T13:19:26+00:00\",\"dateModified\":\"2022-09-26T14:39:00+00:00\",\"mainEntityOfPage\":{\"@id\":\"https:\/\/www.mundoagropecuario.cl\/new\/asoex-presenta-propuestas-ante-la-comision-de-trabajo-del-senado-sobre-proyecto-de-40-horas\/\"},\"wordCount\":811,\"publisher\":{\"@id\":\"https:\/\/www.mundoagropecuario.cl\/new\/#organization\"},\"image\":{\"@id\":\"https:\/\/www.mundoagropecuario.cl\/new\/asoex-presenta-propuestas-ante-la-comision-de-trabajo-del-senado-sobre-proyecto-de-40-horas\/#primaryimage\"},\"thumbnailUrl\":\"https:\/\/www.mundoagropecuario.cl\/new\/wp-content\/uploads\/2022\/09\/Comision-de-Trabajo-2-1.png\",\"keywords\":[\"Agricultura\",\"Asoex\",\"Frutas\",\"proyecto de 40 horas\",\"trabajadores\"],\"articleSection\":[\"Agricultura\"],\"inLanguage\":\"es\"},{\"@type\":\"WebPage\",\"@id\":\"https:\/\/www.mundoagropecuario.cl\/new\/asoex-presenta-propuestas-ante-la-comision-de-trabajo-del-senado-sobre-proyecto-de-40-horas\/\",\"url\":\"https:\/\/www.mundoagropecuario.cl\/new\/asoex-presenta-propuestas-ante-la-comision-de-trabajo-del-senado-sobre-proyecto-de-40-horas\/\",\"name\":\"Asoex presenta propuestas ante la Comisi\u00f3n de Trabajo del Senado sobre proyecto de 40 horas - Mundoagropecuario\",\"isPartOf\":{\"@id\":\"https:\/\/www.mundoagropecuario.cl\/new\/#website\"},\"primaryImageOfPage\":{\"@id\":\"https:\/\/www.mundoagropecuario.cl\/new\/asoex-presenta-propuestas-ante-la-comision-de-trabajo-del-senado-sobre-proyecto-de-40-horas\/#primaryimage\"},\"image\":{\"@id\":\"https:\/\/www.mundoagropecuario.cl\/new\/asoex-presenta-propuestas-ante-la-comision-de-trabajo-del-senado-sobre-proyecto-de-40-horas\/#primaryimage\"},\"thumbnailUrl\":\"https:\/\/www.mundoagropecuario.cl\/new\/wp-content\/uploads\/2022\/09\/Comision-de-Trabajo-2-1.png\",\"datePublished\":\"2022-09-21T13:19:26+00:00\",\"dateModified\":\"2022-09-26T14:39:00+00:00\",\"description\":\"LA Jornada v\u00eda online y que cont\u00f3, adem\u00e1s, con la presencia del gerente general de ASOEX, Miguel Canala-Echeverr\u00eda.\",\"breadcrumb\":{\"@id\":\"https:\/\/www.mundoagropecuario.cl\/new\/asoex-presenta-propuestas-ante-la-comision-de-trabajo-del-senado-sobre-proyecto-de-40-horas\/#breadcrumb\"},\"inLanguage\":\"es\",\"potentialAction\":[{\"@type\":\"ReadAction\",\"target\":[\"https:\/\/www.mundoagropecuario.cl\/new\/asoex-presenta-propuestas-ante-la-comision-de-trabajo-del-senado-sobre-proyecto-de-40-horas\/\"]}]},{\"@type\":\"ImageObject\",\"inLanguage\":\"es\",\"@id\":\"https:\/\/www.mundoagropecuario.cl\/new\/asoex-presenta-propuestas-ante-la-comision-de-trabajo-del-senado-sobre-proyecto-de-40-horas\/#primaryimage\",\"url\":\"https:\/\/www.mundoagropecuario.cl\/new\/wp-content\/uploads\/2022\/09\/Comision-de-Trabajo-2-1.png\",\"contentUrl\":\"https:\/\/www.mundoagropecuario.cl\/new\/wp-content\/uploads\/2022\/09\/Comision-de-Trabajo-2-1.png\",\"width\":720,\"height\":397},{\"@type\":\"BreadcrumbList\",\"@id\":\"https:\/\/www.mundoagropecuario.cl\/new\/asoex-presenta-propuestas-ante-la-comision-de-trabajo-del-senado-sobre-proyecto-de-40-horas\/#breadcrumb\",\"itemListElement\":[{\"@type\":\"ListItem\",\"position\":1,\"name\":\"Portada\",\"item\":\"https:\/\/www.mundoagropecuario.cl\/new\/\"},{\"@type\":\"ListItem\",\"position\":2,\"name\":\"Asoex presenta propuestas ante la Comisi\u00f3n de Trabajo del Senado sobre proyecto de 40 horas\"}]},{\"@type\":\"WebSite\",\"@id\":\"https:\/\/www.mundoagropecuario.cl\/new\/#website\",\"url\":\"https:\/\/www.mundoagropecuario.cl\/new\/\",\"name\":\"Mundoagropecuario\",\"description\":\"Mundo Agropecuario\",\"publisher\":{\"@id\":\"https:\/\/www.mundoagropecuario.cl\/new\/#organization\"},\"potentialAction\":[{\"@type\":\"SearchAction\",\"target\":{\"@type\":\"EntryPoint\",\"urlTemplate\":\"https:\/\/www.mundoagropecuario.cl\/new\/?s={search_term_string}\"},\"query-input\":{\"@type\":\"PropertyValueSpecification\",\"valueRequired\":true,\"valueName\":\"search_term_string\"}}],\"inLanguage\":\"es\"},{\"@type\":\"Organization\",\"@id\":\"https:\/\/www.mundoagropecuario.cl\/new\/#organization\",\"name\":\"Revista de Agricultura\",\"url\":\"https:\/\/www.mundoagropecuario.cl\/new\/\",\"logo\":{\"@type\":\"ImageObject\",\"inLanguage\":\"es\",\"@id\":\"https:\/\/www.mundoagropecuario.cl\/new\/#\/schema\/logo\/image\/\",\"url\":\"https:\/\/www.mundoagropecuario.cl\/new\/wp-content\/uploads\/2020\/11\/PORTAL-1-1.png\",\"contentUrl\":\"https:\/\/www.mundoagropecuario.cl\/new\/wp-content\/uploads\/2020\/11\/PORTAL-1-1.png\",\"width\":1026,\"height\":100,\"caption\":\"Revista de Agricultura\"},\"image\":{\"@id\":\"https:\/\/www.mundoagropecuario.cl\/new\/#\/schema\/logo\/image\/\"},\"sameAs\":[\"https:\/\/www.facebook.com\/mundo.agropecuario.3\",\"https:\/\/x.com\/MundoAgropecuar\",\"https:\/\/www.linkedin.com\/in\/mundo-agropecuario-934009201\/\"]},{\"@type\":\"Person\",\"@id\":\"https:\/\/www.mundoagropecuario.cl\/new\/#\/schema\/person\/4e9f74a82a7dac260eb1c44b7eebeb18\",\"name\":\"mundo\",\"url\":\"https:\/\/www.mundoagropecuario.cl\/new\/author\/mundo\/\"}]}<\/script>\n<!-- \/ Yoast SEO plugin. -->","yoast_head_json":{"title":"Asoex presenta propuestas ante la Comisi\u00f3n de Trabajo del Senado sobre proyecto de 40 horas - Mundoagropecuario","description":"LA Jornada v\u00eda online y que cont\u00f3, adem\u00e1s, con la presencia del gerente general de ASOEX, Miguel Canala-Echeverr\u00eda.","robots":{"index":"index","follow":"follow","max-snippet":"max-snippet:-1","max-image-preview":"max-image-preview:large","max-video-preview":"max-video-preview:-1"},"canonical":"https:\/\/www.mundoagropecuario.cl\/new\/asoex-presenta-propuestas-ante-la-comision-de-trabajo-del-senado-sobre-proyecto-de-40-horas\/","og_locale":"es_ES","og_type":"article","og_title":"Asoex presenta propuestas ante la Comisi\u00f3n de Trabajo del Senado sobre proyecto de 40 horas - Mundoagropecuario","og_description":"LA Jornada v\u00eda online y que cont\u00f3, adem\u00e1s, con la presencia del gerente general de ASOEX, Miguel Canala-Echeverr\u00eda.","og_url":"https:\/\/www.mundoagropecuario.cl\/new\/asoex-presenta-propuestas-ante-la-comision-de-trabajo-del-senado-sobre-proyecto-de-40-horas\/","og_site_name":"Mundoagropecuario","article_publisher":"https:\/\/www.facebook.com\/mundo.agropecuario.3","article_published_time":"2022-09-21T13:19:26+00:00","article_modified_time":"2022-09-26T14:39:00+00:00","og_image":[{"width":1024,"height":564,"url":"https:\/\/www.mundoagropecuario.cl\/new\/wp-content\/uploads\/2022\/09\/Comision-de-Trabajo-2-1.png","type":"image\/png"}],"author":"mundo","twitter_card":"summary_large_image","twitter_creator":"@MundoAgropecuar","twitter_site":"@MundoAgropecuar","twitter_misc":{"Escrito por":"mundo","Tiempo de lectura":"4 minutos"},"schema":{"@context":"https:\/\/schema.org","@graph":[{"@type":"Article","@id":"https:\/\/www.mundoagropecuario.cl\/new\/asoex-presenta-propuestas-ante-la-comision-de-trabajo-del-senado-sobre-proyecto-de-40-horas\/#article","isPartOf":{"@id":"https:\/\/www.mundoagropecuario.cl\/new\/asoex-presenta-propuestas-ante-la-comision-de-trabajo-del-senado-sobre-proyecto-de-40-horas\/"},"author":{"name":"mundo","@id":"https:\/\/www.mundoagropecuario.cl\/new\/#\/schema\/person\/4e9f74a82a7dac260eb1c44b7eebeb18"},"headline":"Asoex presenta propuestas ante la Comisi\u00f3n de Trabajo del Senado sobre proyecto de 40 horas","datePublished":"2022-09-21T13:19:26+00:00","dateModified":"2022-09-26T14:39:00+00:00","mainEntityOfPage":{"@id":"https:\/\/www.mundoagropecuario.cl\/new\/asoex-presenta-propuestas-ante-la-comision-de-trabajo-del-senado-sobre-proyecto-de-40-horas\/"},"wordCount":811,"publisher":{"@id":"https:\/\/www.mundoagropecuario.cl\/new\/#organization"},"image":{"@id":"https:\/\/www.mundoagropecuario.cl\/new\/asoex-presenta-propuestas-ante-la-comision-de-trabajo-del-senado-sobre-proyecto-de-40-horas\/#primaryimage"},"thumbnailUrl":"https:\/\/www.mundoagropecuario.cl\/new\/wp-content\/uploads\/2022\/09\/Comision-de-Trabajo-2-1.png","keywords":["Agricultura","Asoex","Frutas","proyecto de 40 horas","trabajadores"],"articleSection":["Agricultura"],"inLanguage":"es"},{"@type":"WebPage","@id":"https:\/\/www.mundoagropecuario.cl\/new\/asoex-presenta-propuestas-ante-la-comision-de-trabajo-del-senado-sobre-proyecto-de-40-horas\/","url":"https:\/\/www.mundoagropecuario.cl\/new\/asoex-presenta-propuestas-ante-la-comision-de-trabajo-del-senado-sobre-proyecto-de-40-horas\/","name":"Asoex presenta propuestas ante la Comisi\u00f3n de Trabajo del Senado sobre proyecto de 40 horas - Mundoagropecuario","isPartOf":{"@id":"https:\/\/www.mundoagropecuario.cl\/new\/#website"},"primaryImageOfPage":{"@id":"https:\/\/www.mundoagropecuario.cl\/new\/asoex-presenta-propuestas-ante-la-comision-de-trabajo-del-senado-sobre-proyecto-de-40-horas\/#primaryimage"},"image":{"@id":"https:\/\/www.mundoagropecuario.cl\/new\/asoex-presenta-propuestas-ante-la-comision-de-trabajo-del-senado-sobre-proyecto-de-40-horas\/#primaryimage"},"thumbnailUrl":"https:\/\/www.mundoagropecuario.cl\/new\/wp-content\/uploads\/2022\/09\/Comision-de-Trabajo-2-1.png","datePublished":"2022-09-21T13:19:26+00:00","dateModified":"2022-09-26T14:39:00+00:00","description":"LA Jornada v\u00eda online y que cont\u00f3, adem\u00e1s, con la presencia del gerente general de ASOEX, Miguel Canala-Echeverr\u00eda.","breadcrumb":{"@id":"https:\/\/www.mundoagropecuario.cl\/new\/asoex-presenta-propuestas-ante-la-comision-de-trabajo-del-senado-sobre-proyecto-de-40-horas\/#breadcrumb"},"inLanguage":"es","potentialAction":[{"@type":"ReadAction","target":["https:\/\/www.mundoagropecuario.cl\/new\/asoex-presenta-propuestas-ante-la-comision-de-trabajo-del-senado-sobre-proyecto-de-40-horas\/"]}]},{"@type":"ImageObject","inLanguage":"es","@id":"https:\/\/www.mundoagropecuario.cl\/new\/asoex-presenta-propuestas-ante-la-comision-de-trabajo-del-senado-sobre-proyecto-de-40-horas\/#primaryimage","url":"https:\/\/www.mundoagropecuario.cl\/new\/wp-content\/uploads\/2022\/09\/Comision-de-Trabajo-2-1.png","contentUrl":"https:\/\/www.mundoagropecuario.cl\/new\/wp-content\/uploads\/2022\/09\/Comision-de-Trabajo-2-1.png","width":720,"height":397},{"@type":"BreadcrumbList","@id":"https:\/\/www.mundoagropecuario.cl\/new\/asoex-presenta-propuestas-ante-la-comision-de-trabajo-del-senado-sobre-proyecto-de-40-horas\/#breadcrumb","itemListElement":[{"@type":"ListItem","position":1,"name":"Portada","item":"https:\/\/www.mundoagropecuario.cl\/new\/"},{"@type":"ListItem","position":2,"name":"Asoex presenta propuestas ante la Comisi\u00f3n de Trabajo del Senado sobre proyecto de 40 horas"}]},{"@type":"WebSite","@id":"https:\/\/www.mundoagropecuario.cl\/new\/#website","url":"https:\/\/www.mundoagropecuario.cl\/new\/","name":"Mundoagropecuario","description":"Mundo Agropecuario","publisher":{"@id":"https:\/\/www.mundoagropecuario.cl\/new\/#organization"},"potentialAction":[{"@type":"SearchAction","target":{"@type":"EntryPoint","urlTemplate":"https:\/\/www.mundoagropecuario.cl\/new\/?s={search_term_string}"},"query-input":{"@type":"PropertyValueSpecification","valueRequired":true,"valueName":"search_term_string"}}],"inLanguage":"es"},{"@type":"Organization","@id":"https:\/\/www.mundoagropecuario.cl\/new\/#organization","name":"Revista de Agricultura","url":"https:\/\/www.mundoagropecuario.cl\/new\/","logo":{"@type":"ImageObject","inLanguage":"es","@id":"https:\/\/www.mundoagropecuario.cl\/new\/#\/schema\/logo\/image\/","url":"https:\/\/www.mundoagropecuario.cl\/new\/wp-content\/uploads\/2020\/11\/PORTAL-1-1.png","contentUrl":"https:\/\/www.mundoagropecuario.cl\/new\/wp-content\/uploads\/2020\/11\/PORTAL-1-1.png","width":1026,"height":100,"caption":"Revista de Agricultura"},"image":{"@id":"https:\/\/www.mundoagropecuario.cl\/new\/#\/schema\/logo\/image\/"},"sameAs":["https:\/\/www.facebook.com\/mundo.agropecuario.3","https:\/\/x.com\/MundoAgropecuar","https:\/\/www.linkedin.com\/in\/mundo-agropecuario-934009201\/"]},{"@type":"Person","@id":"https:\/\/www.mundoagropecuario.cl\/new\/#\/schema\/person\/4e9f74a82a7dac260eb1c44b7eebeb18","name":"mundo","url":"https:\/\/www.mundoagropecuario.cl\/new\/author\/mundo\/"}]}},"_links":{"self":[{"href":"https:\/\/www.mundoagropecuario.cl\/new\/wp-json\/wp\/v2\/posts\/22871","targetHints":{"allow":["GET"]}}],"collection":[{"href":"https:\/\/www.mundoagropecuario.cl\/new\/wp-json\/wp\/v2\/posts"}],"about":[{"href":"https:\/\/www.mundoagropecuario.cl\/new\/wp-json\/wp\/v2\/types\/post"}],"author":[{"embeddable":true,"href":"https:\/\/www.mundoagropecuario.cl\/new\/wp-json\/wp\/v2\/users\/2"}],"replies":[{"embeddable":true,"href":"https:\/\/www.mundoagropecuario.cl\/new\/wp-json\/wp\/v2\/comments?post=22871"}],"version-history":[{"count":1,"href":"https:\/\/www.mundoagropecuario.cl\/new\/wp-json\/wp\/v2\/posts\/22871\/revisions"}],"predecessor-version":[{"id":22873,"href":"https:\/\/www.mundoagropecuario.cl\/new\/wp-json\/wp\/v2\/posts\/22871\/revisions\/22873"}],"wp:featuredmedia":[{"embeddable":true,"href":"https:\/\/www.mundoagropecuario.cl\/new\/wp-json\/wp\/v2\/media\/22872"}],"wp:attachment":[{"href":"https:\/\/www.mundoagropecuario.cl\/new\/wp-json\/wp\/v2\/media?parent=22871"}],"wp:term":[{"taxonomy":"category","embeddable":true,"href":"https:\/\/www.mundoagropecuario.cl\/new\/wp-json\/wp\/v2\/categories?post=22871"},{"taxonomy":"post_tag","embeddable":true,"href":"https:\/\/www.mundoagropecuario.cl\/new\/wp-json\/wp\/v2\/tags?post=22871"}],"curies":[{"name":"wp","href":"https:\/\/api.w.org\/{rel}","templated":true}]}}