{"id":22827,"date":"2022-09-09T13:14:38","date_gmt":"2022-09-09T16:14:38","guid":{"rendered":"https:\/\/www.mundoagropecuario.cl\/new\/?p=22827"},"modified":"2022-09-15T11:41:03","modified_gmt":"2022-09-15T14:41:03","slug":"tendencias-en-agricultura-digital-marcan-feria-de-repuestos-y-maquinaria-fojd-2022","status":"publish","type":"post","link":"https:\/\/www.mundoagropecuario.cl\/new\/tendencias-en-agricultura-digital-marcan-feria-de-repuestos-y-maquinaria-fojd-2022\/","title":{"rendered":"Tendencias en agricultura digital marcan feria de repuestos y maquinaria FOJD 2022"},"content":{"rendered":"<blockquote>\n<h2><span style=\"color: #003300;\">Este 10 de septiembre, con la Feria Original John Deere, Salfa inaugura una temporada de hasta 30% de descuentos en repuestos de la marca americana.\u00a0<\/span><\/h2>\n<\/blockquote>\n<p>Gran expectativa ha generado la celebraci\u00f3n de la Feria Original John Deere 2022, evento que se realiza el 10 de septiembre en San Fernando y que inicia la temporada de ofertas en una amplia gama de repuestos para maquinaria agr\u00edcola John Deere.<\/p>\n<p>El encuentro agr\u00edcola se realiza en San Fernando, Camino a Puente Negro Km5 (sector Pedehue) desde las 9:30hrs, donde se dar\u00e1n a conocer las novedades y tendencias de la Agricultura Digital, junto con charlas de expertos y exhibici\u00f3n de maquinaria. \u201cDespu\u00e9s de dos a\u00f1os en modo virtual, volvemos a juntarnos en formato presencial. Queremos conectar el campo con la tecnolog\u00eda, con innovaciones que llegaron para quedarse y donde somos protagonistas junto a John Deere, nuestro partner desde hace casi 20 a\u00f1os\u201d afirma Rodrigo Araya, Gerente de Negocio Agr\u00edcola de Salfa.<\/p>\n<p><a href=\"https:\/\/www.mundoagropecuario.cl\/new\/wp-content\/uploads\/2022\/09\/John-Deere.jpg\"><img loading=\"lazy\" decoding=\"async\" class=\" wp-image-22828 alignleft\" src=\"https:\/\/www.mundoagropecuario.cl\/new\/wp-content\/uploads\/2022\/09\/John-Deere-586x440.jpg\" alt=\"\" width=\"297\" height=\"351\" \/><\/a>Es por este motivo que John Deere, l\u00edder mundial en la fabricaci\u00f3n de maquinarias para la agricultura, construcci\u00f3n y forestal, ha puesto gratuitamente a disposici\u00f3n de sus usuarios chilenos un centro de operaciones f\u00edsico y virtual que permite gestionar de manera remota y en tiempo real las operaciones de una producci\u00f3n agr\u00edcola. Denominada John Deere Operations Center, la plataforma funciona como un sistema de gesti\u00f3n en l\u00ednea, a trav\u00e9s del cual es posible acceder a informaci\u00f3n de la producci\u00f3n, desde cualquier lugar y dispositivo, contribuyendo a una toma de decisiones m\u00e1s precisa.<\/p>\n<p>\u201cLa plataforma gracias a la informaci\u00f3n que muestra puede ayudar y entrega informaci\u00f3n para lograr mayores rendimientos, menores costos y la capacidad de cultivar m\u00e1s hect\u00e1reas en menos tiempo. En definitiva, tener la capacidad de operar m\u00e1quinas m\u00e1s inteligentes y con una conectividad mejorada, y cuya contribuci\u00f3n al negocio es gestionar los proyectos de una forma m\u00e1s s\u00f3lida\u201d, explic\u00f3 Fernando Gonz\u00e1lez, Product Manager de Agricultura Digital de Salfa.<\/p>\n<p>La inscripci\u00f3n para conocer esta y m\u00e1s novedades es completamente gratuita. M\u00e1s detalles en <a href=\"http:\/\/salfaagricola.cl\/johndeerefojd\/\">http:\/\/salfaagricola.cl\/johndeerefojd\/<\/a><\/p>\n","protected":false},"excerpt":{"rendered":"<p>FERIA ORIGINAL JOHN DEERE 2022: El encuentro agr\u00edcola se realiza en San Fernando, Camino a Puente Negro Km5 (sector Pedehue) desde las 9:30hrs.<\/p>\n","protected":false},"author":2,"featured_media":22828,"comment_status":"closed","ping_status":"closed","sticky":false,"template":"","format":"standard","meta":{"footnotes":""},"categories":[1945],"tags":[2090,7399,3127,7398,1992,3502,2035,6329,3503],"class_list":["post-22827","post","type-post","status-publish","format-standard","has-post-thumbnail","hentry","category-agricultura","tag-agricultura","tag-agricultura-digital-de-salfa","tag-agro","tag-feria-de-repuestos-y-maquinaria","tag-indap","tag-john-deere","tag-minagri","tag-rodrigo-araya","tag-salfa"],"yoast_head":"<!-- This site is optimized with the Yoast SEO plugin v26.6 - https:\/\/yoast.com\/wordpress\/plugins\/seo\/ -->\n<title>Tendencias en agricultura digital marcan feria de repuestos y maquinaria FOJD 2022 - Mundoagropecuario<\/title>\n<meta name=\"description\" content=\"FERIA ORIGINAL JOHN DEERE 2022: El encuentro agr\u00edcola se realiza en San Fernando, Camino a Puente Negro Km5 (sector Pedehue).\" \/>\n<meta name=\"robots\" content=\"index, follow, max-snippet:-1, max-image-preview:large, max-video-preview:-1\" \/>\n<link rel=\"canonical\" href=\"https:\/\/www.mundoagropecuario.cl\/new\/tendencias-en-agricultura-digital-marcan-feria-de-repuestos-y-maquinaria-fojd-2022\/\" \/>\n<meta property=\"og:locale\" content=\"es_ES\" \/>\n<meta property=\"og:type\" content=\"article\" \/>\n<meta property=\"og:title\" content=\"Tendencias en agricultura digital marcan feria de repuestos y maquinaria FOJD 2022 - Mundoagropecuario\" \/>\n<meta property=\"og:description\" content=\"FERIA ORIGINAL JOHN DEERE 2022: El encuentro agr\u00edcola se realiza en San Fernando, Camino a Puente Negro Km5 (sector Pedehue).\" \/>\n<meta property=\"og:url\" content=\"https:\/\/www.mundoagropecuario.cl\/new\/tendencias-en-agricultura-digital-marcan-feria-de-repuestos-y-maquinaria-fojd-2022\/\" \/>\n<meta property=\"og:site_name\" content=\"Mundoagropecuario\" \/>\n<meta property=\"article:publisher\" content=\"https:\/\/www.facebook.com\/mundo.agropecuario.3\" \/>\n<meta property=\"article:published_time\" content=\"2022-09-09T16:14:38+00:00\" \/>\n<meta property=\"article:modified_time\" content=\"2022-09-15T14:41:03+00:00\" \/>\n<meta property=\"og:image\" content=\"https:\/\/www.mundoagropecuario.cl\/new\/wp-content\/uploads\/2022\/09\/John-Deere.jpg\" \/>\n\t<meta property=\"og:image:width\" content=\"922\" \/>\n\t<meta property=\"og:image:height\" content=\"692\" \/>\n\t<meta property=\"og:image:type\" content=\"image\/jpeg\" \/>\n<meta name=\"author\" content=\"mundo\" \/>\n<meta name=\"twitter:card\" content=\"summary_large_image\" \/>\n<meta name=\"twitter:creator\" content=\"@MundoAgropecuar\" \/>\n<meta name=\"twitter:site\" content=\"@MundoAgropecuar\" \/>\n<meta name=\"twitter:label1\" content=\"Escrito por\" \/>\n\t<meta name=\"twitter:data1\" content=\"mundo\" \/>\n\t<meta name=\"twitter:label2\" content=\"Tiempo de lectura\" \/>\n\t<meta name=\"twitter:data2\" content=\"2 minutos\" \/>\n<script type=\"application\/ld+json\" class=\"yoast-schema-graph\">{\"@context\":\"https:\/\/schema.org\",\"@graph\":[{\"@type\":\"Article\",\"@id\":\"https:\/\/www.mundoagropecuario.cl\/new\/tendencias-en-agricultura-digital-marcan-feria-de-repuestos-y-maquinaria-fojd-2022\/#article\",\"isPartOf\":{\"@id\":\"https:\/\/www.mundoagropecuario.cl\/new\/tendencias-en-agricultura-digital-marcan-feria-de-repuestos-y-maquinaria-fojd-2022\/\"},\"author\":{\"name\":\"mundo\",\"@id\":\"https:\/\/www.mundoagropecuario.cl\/new\/#\/schema\/person\/4e9f74a82a7dac260eb1c44b7eebeb18\"},\"headline\":\"Tendencias en agricultura digital marcan feria de repuestos y maquinaria FOJD 2022\",\"datePublished\":\"2022-09-09T16:14:38+00:00\",\"dateModified\":\"2022-09-15T14:41:03+00:00\",\"mainEntityOfPage\":{\"@id\":\"https:\/\/www.mundoagropecuario.cl\/new\/tendencias-en-agricultura-digital-marcan-feria-de-repuestos-y-maquinaria-fojd-2022\/\"},\"wordCount\":377,\"publisher\":{\"@id\":\"https:\/\/www.mundoagropecuario.cl\/new\/#organization\"},\"image\":{\"@id\":\"https:\/\/www.mundoagropecuario.cl\/new\/tendencias-en-agricultura-digital-marcan-feria-de-repuestos-y-maquinaria-fojd-2022\/#primaryimage\"},\"thumbnailUrl\":\"https:\/\/www.mundoagropecuario.cl\/new\/wp-content\/uploads\/2022\/09\/John-Deere.jpg\",\"keywords\":[\"Agricultura\",\"Agricultura Digital de Salfa.\",\"Agro\",\"Feria de repuestos y maquinaria\",\"Indap\",\"John Deere\",\"Minagri\",\"Rodrigo Araya\",\"Salfa\"],\"articleSection\":[\"Agricultura\"],\"inLanguage\":\"es\"},{\"@type\":\"WebPage\",\"@id\":\"https:\/\/www.mundoagropecuario.cl\/new\/tendencias-en-agricultura-digital-marcan-feria-de-repuestos-y-maquinaria-fojd-2022\/\",\"url\":\"https:\/\/www.mundoagropecuario.cl\/new\/tendencias-en-agricultura-digital-marcan-feria-de-repuestos-y-maquinaria-fojd-2022\/\",\"name\":\"Tendencias en agricultura digital marcan feria de repuestos y maquinaria FOJD 2022 - Mundoagropecuario\",\"isPartOf\":{\"@id\":\"https:\/\/www.mundoagropecuario.cl\/new\/#website\"},\"primaryImageOfPage\":{\"@id\":\"https:\/\/www.mundoagropecuario.cl\/new\/tendencias-en-agricultura-digital-marcan-feria-de-repuestos-y-maquinaria-fojd-2022\/#primaryimage\"},\"image\":{\"@id\":\"https:\/\/www.mundoagropecuario.cl\/new\/tendencias-en-agricultura-digital-marcan-feria-de-repuestos-y-maquinaria-fojd-2022\/#primaryimage\"},\"thumbnailUrl\":\"https:\/\/www.mundoagropecuario.cl\/new\/wp-content\/uploads\/2022\/09\/John-Deere.jpg\",\"datePublished\":\"2022-09-09T16:14:38+00:00\",\"dateModified\":\"2022-09-15T14:41:03+00:00\",\"description\":\"FERIA ORIGINAL JOHN DEERE 2022: El encuentro agr\u00edcola se realiza en San Fernando, Camino a Puente Negro Km5 (sector Pedehue).\",\"breadcrumb\":{\"@id\":\"https:\/\/www.mundoagropecuario.cl\/new\/tendencias-en-agricultura-digital-marcan-feria-de-repuestos-y-maquinaria-fojd-2022\/#breadcrumb\"},\"inLanguage\":\"es\",\"potentialAction\":[{\"@type\":\"ReadAction\",\"target\":[\"https:\/\/www.mundoagropecuario.cl\/new\/tendencias-en-agricultura-digital-marcan-feria-de-repuestos-y-maquinaria-fojd-2022\/\"]}]},{\"@type\":\"ImageObject\",\"inLanguage\":\"es\",\"@id\":\"https:\/\/www.mundoagropecuario.cl\/new\/tendencias-en-agricultura-digital-marcan-feria-de-repuestos-y-maquinaria-fojd-2022\/#primaryimage\",\"url\":\"https:\/\/www.mundoagropecuario.cl\/new\/wp-content\/uploads\/2022\/09\/John-Deere.jpg\",\"contentUrl\":\"https:\/\/www.mundoagropecuario.cl\/new\/wp-content\/uploads\/2022\/09\/John-Deere.jpg\",\"width\":533,\"height\":400},{\"@type\":\"BreadcrumbList\",\"@id\":\"https:\/\/www.mundoagropecuario.cl\/new\/tendencias-en-agricultura-digital-marcan-feria-de-repuestos-y-maquinaria-fojd-2022\/#breadcrumb\",\"itemListElement\":[{\"@type\":\"ListItem\",\"position\":1,\"name\":\"Portada\",\"item\":\"https:\/\/www.mundoagropecuario.cl\/new\/\"},{\"@type\":\"ListItem\",\"position\":2,\"name\":\"Tendencias en agricultura digital marcan feria de repuestos y maquinaria FOJD 2022\"}]},{\"@type\":\"WebSite\",\"@id\":\"https:\/\/www.mundoagropecuario.cl\/new\/#website\",\"url\":\"https:\/\/www.mundoagropecuario.cl\/new\/\",\"name\":\"Mundoagropecuario\",\"description\":\"Mundo Agropecuario\",\"publisher\":{\"@id\":\"https:\/\/www.mundoagropecuario.cl\/new\/#organization\"},\"potentialAction\":[{\"@type\":\"SearchAction\",\"target\":{\"@type\":\"EntryPoint\",\"urlTemplate\":\"https:\/\/www.mundoagropecuario.cl\/new\/?s={search_term_string}\"},\"query-input\":{\"@type\":\"PropertyValueSpecification\",\"valueRequired\":true,\"valueName\":\"search_term_string\"}}],\"inLanguage\":\"es\"},{\"@type\":\"Organization\",\"@id\":\"https:\/\/www.mundoagropecuario.cl\/new\/#organization\",\"name\":\"Revista de Agricultura\",\"url\":\"https:\/\/www.mundoagropecuario.cl\/new\/\",\"logo\":{\"@type\":\"ImageObject\",\"inLanguage\":\"es\",\"@id\":\"https:\/\/www.mundoagropecuario.cl\/new\/#\/schema\/logo\/image\/\",\"url\":\"https:\/\/www.mundoagropecuario.cl\/new\/wp-content\/uploads\/2020\/11\/PORTAL-1-1.png\",\"contentUrl\":\"https:\/\/www.mundoagropecuario.cl\/new\/wp-content\/uploads\/2020\/11\/PORTAL-1-1.png\",\"width\":1026,\"height\":100,\"caption\":\"Revista de Agricultura\"},\"image\":{\"@id\":\"https:\/\/www.mundoagropecuario.cl\/new\/#\/schema\/logo\/image\/\"},\"sameAs\":[\"https:\/\/www.facebook.com\/mundo.agropecuario.3\",\"https:\/\/x.com\/MundoAgropecuar\",\"https:\/\/www.linkedin.com\/in\/mundo-agropecuario-934009201\/\"]},{\"@type\":\"Person\",\"@id\":\"https:\/\/www.mundoagropecuario.cl\/new\/#\/schema\/person\/4e9f74a82a7dac260eb1c44b7eebeb18\",\"name\":\"mundo\",\"url\":\"https:\/\/www.mundoagropecuario.cl\/new\/author\/mundo\/\"}]}<\/script>\n<!-- \/ Yoast SEO plugin. -->","yoast_head_json":{"title":"Tendencias en agricultura digital marcan feria de repuestos y maquinaria FOJD 2022 - Mundoagropecuario","description":"FERIA ORIGINAL JOHN DEERE 2022: El encuentro agr\u00edcola se realiza en San Fernando, Camino a Puente Negro Km5 (sector Pedehue).","robots":{"index":"index","follow":"follow","max-snippet":"max-snippet:-1","max-image-preview":"max-image-preview:large","max-video-preview":"max-video-preview:-1"},"canonical":"https:\/\/www.mundoagropecuario.cl\/new\/tendencias-en-agricultura-digital-marcan-feria-de-repuestos-y-maquinaria-fojd-2022\/","og_locale":"es_ES","og_type":"article","og_title":"Tendencias en agricultura digital marcan feria de repuestos y maquinaria FOJD 2022 - Mundoagropecuario","og_description":"FERIA ORIGINAL JOHN DEERE 2022: El encuentro agr\u00edcola se realiza en San Fernando, Camino a Puente Negro Km5 (sector Pedehue).","og_url":"https:\/\/www.mundoagropecuario.cl\/new\/tendencias-en-agricultura-digital-marcan-feria-de-repuestos-y-maquinaria-fojd-2022\/","og_site_name":"Mundoagropecuario","article_publisher":"https:\/\/www.facebook.com\/mundo.agropecuario.3","article_published_time":"2022-09-09T16:14:38+00:00","article_modified_time":"2022-09-15T14:41:03+00:00","og_image":[{"width":922,"height":692,"url":"https:\/\/www.mundoagropecuario.cl\/new\/wp-content\/uploads\/2022\/09\/John-Deere.jpg","type":"image\/jpeg"}],"author":"mundo","twitter_card":"summary_large_image","twitter_creator":"@MundoAgropecuar","twitter_site":"@MundoAgropecuar","twitter_misc":{"Escrito por":"mundo","Tiempo de lectura":"2 minutos"},"schema":{"@context":"https:\/\/schema.org","@graph":[{"@type":"Article","@id":"https:\/\/www.mundoagropecuario.cl\/new\/tendencias-en-agricultura-digital-marcan-feria-de-repuestos-y-maquinaria-fojd-2022\/#article","isPartOf":{"@id":"https:\/\/www.mundoagropecuario.cl\/new\/tendencias-en-agricultura-digital-marcan-feria-de-repuestos-y-maquinaria-fojd-2022\/"},"author":{"name":"mundo","@id":"https:\/\/www.mundoagropecuario.cl\/new\/#\/schema\/person\/4e9f74a82a7dac260eb1c44b7eebeb18"},"headline":"Tendencias en agricultura digital marcan feria de repuestos y maquinaria FOJD 2022","datePublished":"2022-09-09T16:14:38+00:00","dateModified":"2022-09-15T14:41:03+00:00","mainEntityOfPage":{"@id":"https:\/\/www.mundoagropecuario.cl\/new\/tendencias-en-agricultura-digital-marcan-feria-de-repuestos-y-maquinaria-fojd-2022\/"},"wordCount":377,"publisher":{"@id":"https:\/\/www.mundoagropecuario.cl\/new\/#organization"},"image":{"@id":"https:\/\/www.mundoagropecuario.cl\/new\/tendencias-en-agricultura-digital-marcan-feria-de-repuestos-y-maquinaria-fojd-2022\/#primaryimage"},"thumbnailUrl":"https:\/\/www.mundoagropecuario.cl\/new\/wp-content\/uploads\/2022\/09\/John-Deere.jpg","keywords":["Agricultura","Agricultura Digital de Salfa.","Agro","Feria de repuestos y maquinaria","Indap","John Deere","Minagri","Rodrigo Araya","Salfa"],"articleSection":["Agricultura"],"inLanguage":"es"},{"@type":"WebPage","@id":"https:\/\/www.mundoagropecuario.cl\/new\/tendencias-en-agricultura-digital-marcan-feria-de-repuestos-y-maquinaria-fojd-2022\/","url":"https:\/\/www.mundoagropecuario.cl\/new\/tendencias-en-agricultura-digital-marcan-feria-de-repuestos-y-maquinaria-fojd-2022\/","name":"Tendencias en agricultura digital marcan feria de repuestos y maquinaria FOJD 2022 - Mundoagropecuario","isPartOf":{"@id":"https:\/\/www.mundoagropecuario.cl\/new\/#website"},"primaryImageOfPage":{"@id":"https:\/\/www.mundoagropecuario.cl\/new\/tendencias-en-agricultura-digital-marcan-feria-de-repuestos-y-maquinaria-fojd-2022\/#primaryimage"},"image":{"@id":"https:\/\/www.mundoagropecuario.cl\/new\/tendencias-en-agricultura-digital-marcan-feria-de-repuestos-y-maquinaria-fojd-2022\/#primaryimage"},"thumbnailUrl":"https:\/\/www.mundoagropecuario.cl\/new\/wp-content\/uploads\/2022\/09\/John-Deere.jpg","datePublished":"2022-09-09T16:14:38+00:00","dateModified":"2022-09-15T14:41:03+00:00","description":"FERIA ORIGINAL JOHN DEERE 2022: El encuentro agr\u00edcola se realiza en San Fernando, Camino a Puente Negro Km5 (sector Pedehue).","breadcrumb":{"@id":"https:\/\/www.mundoagropecuario.cl\/new\/tendencias-en-agricultura-digital-marcan-feria-de-repuestos-y-maquinaria-fojd-2022\/#breadcrumb"},"inLanguage":"es","potentialAction":[{"@type":"ReadAction","target":["https:\/\/www.mundoagropecuario.cl\/new\/tendencias-en-agricultura-digital-marcan-feria-de-repuestos-y-maquinaria-fojd-2022\/"]}]},{"@type":"ImageObject","inLanguage":"es","@id":"https:\/\/www.mundoagropecuario.cl\/new\/tendencias-en-agricultura-digital-marcan-feria-de-repuestos-y-maquinaria-fojd-2022\/#primaryimage","url":"https:\/\/www.mundoagropecuario.cl\/new\/wp-content\/uploads\/2022\/09\/John-Deere.jpg","contentUrl":"https:\/\/www.mundoagropecuario.cl\/new\/wp-content\/uploads\/2022\/09\/John-Deere.jpg","width":533,"height":400},{"@type":"BreadcrumbList","@id":"https:\/\/www.mundoagropecuario.cl\/new\/tendencias-en-agricultura-digital-marcan-feria-de-repuestos-y-maquinaria-fojd-2022\/#breadcrumb","itemListElement":[{"@type":"ListItem","position":1,"name":"Portada","item":"https:\/\/www.mundoagropecuario.cl\/new\/"},{"@type":"ListItem","position":2,"name":"Tendencias en agricultura digital marcan feria de repuestos y maquinaria FOJD 2022"}]},{"@type":"WebSite","@id":"https:\/\/www.mundoagropecuario.cl\/new\/#website","url":"https:\/\/www.mundoagropecuario.cl\/new\/","name":"Mundoagropecuario","description":"Mundo Agropecuario","publisher":{"@id":"https:\/\/www.mundoagropecuario.cl\/new\/#organization"},"potentialAction":[{"@type":"SearchAction","target":{"@type":"EntryPoint","urlTemplate":"https:\/\/www.mundoagropecuario.cl\/new\/?s={search_term_string}"},"query-input":{"@type":"PropertyValueSpecification","valueRequired":true,"valueName":"search_term_string"}}],"inLanguage":"es"},{"@type":"Organization","@id":"https:\/\/www.mundoagropecuario.cl\/new\/#organization","name":"Revista de Agricultura","url":"https:\/\/www.mundoagropecuario.cl\/new\/","logo":{"@type":"ImageObject","inLanguage":"es","@id":"https:\/\/www.mundoagropecuario.cl\/new\/#\/schema\/logo\/image\/","url":"https:\/\/www.mundoagropecuario.cl\/new\/wp-content\/uploads\/2020\/11\/PORTAL-1-1.png","contentUrl":"https:\/\/www.mundoagropecuario.cl\/new\/wp-content\/uploads\/2020\/11\/PORTAL-1-1.png","width":1026,"height":100,"caption":"Revista de Agricultura"},"image":{"@id":"https:\/\/www.mundoagropecuario.cl\/new\/#\/schema\/logo\/image\/"},"sameAs":["https:\/\/www.facebook.com\/mundo.agropecuario.3","https:\/\/x.com\/MundoAgropecuar","https:\/\/www.linkedin.com\/in\/mundo-agropecuario-934009201\/"]},{"@type":"Person","@id":"https:\/\/www.mundoagropecuario.cl\/new\/#\/schema\/person\/4e9f74a82a7dac260eb1c44b7eebeb18","name":"mundo","url":"https:\/\/www.mundoagropecuario.cl\/new\/author\/mundo\/"}]}},"_links":{"self":[{"href":"https:\/\/www.mundoagropecuario.cl\/new\/wp-json\/wp\/v2\/posts\/22827","targetHints":{"allow":["GET"]}}],"collection":[{"href":"https:\/\/www.mundoagropecuario.cl\/new\/wp-json\/wp\/v2\/posts"}],"about":[{"href":"https:\/\/www.mundoagropecuario.cl\/new\/wp-json\/wp\/v2\/types\/post"}],"author":[{"embeddable":true,"href":"https:\/\/www.mundoagropecuario.cl\/new\/wp-json\/wp\/v2\/users\/2"}],"replies":[{"embeddable":true,"href":"https:\/\/www.mundoagropecuario.cl\/new\/wp-json\/wp\/v2\/comments?post=22827"}],"version-history":[{"count":1,"href":"https:\/\/www.mundoagropecuario.cl\/new\/wp-json\/wp\/v2\/posts\/22827\/revisions"}],"predecessor-version":[{"id":22829,"href":"https:\/\/www.mundoagropecuario.cl\/new\/wp-json\/wp\/v2\/posts\/22827\/revisions\/22829"}],"wp:featuredmedia":[{"embeddable":true,"href":"https:\/\/www.mundoagropecuario.cl\/new\/wp-json\/wp\/v2\/media\/22828"}],"wp:attachment":[{"href":"https:\/\/www.mundoagropecuario.cl\/new\/wp-json\/wp\/v2\/media?parent=22827"}],"wp:term":[{"taxonomy":"category","embeddable":true,"href":"https:\/\/www.mundoagropecuario.cl\/new\/wp-json\/wp\/v2\/categories?post=22827"},{"taxonomy":"post_tag","embeddable":true,"href":"https:\/\/www.mundoagropecuario.cl\/new\/wp-json\/wp\/v2\/tags?post=22827"}],"curies":[{"name":"wp","href":"https:\/\/api.w.org\/{rel}","templated":true}]}}