{"id":22807,"date":"2022-09-09T11:57:53","date_gmt":"2022-09-09T14:57:53","guid":{"rendered":"https:\/\/www.mundoagropecuario.cl\/new\/?p=22807"},"modified":"2022-09-13T12:32:43","modified_gmt":"2022-09-13T15:32:43","slug":"seminario-vocacional-destaco-el-liderazgo-y-futuro-tecnologico-en-el-agro","status":"publish","type":"post","link":"https:\/\/www.mundoagropecuario.cl\/new\/seminario-vocacional-destaco-el-liderazgo-y-futuro-tecnologico-en-el-agro\/","title":{"rendered":"Seminario Vocacional destac\u00f3 el liderazgo y futuro tecnol\u00f3gico en el agro"},"content":{"rendered":"<blockquote>\n<h2><span style=\"color: #003300;\">Con m\u00e1s de 200 estudiantes de 3\u00b0 y 4\u00b0 medio de los liceos agr\u00edcolas de la regi\u00f3n de Los R\u00edos y Los Lagos, se realiz\u00f3 en el Aula Magna del Instituto Profesional Agrario Adolfo Matthei, el IX Seminario Vocacional\u00a0 \u201cTecnolog\u00edas y liderazgo en el Agro\u201d. <\/span><\/h2>\n<\/blockquote>\n<p>La jornada fue organizada por la Asociaci\u00f3n Gremial de Productores de Leche de Osorno (Aproleche) y apoyada por el Grupo de Transferencia Tecnol\u00f3gica (GTT Educacional), tuvo como objetivo incentivar el liderazgo y entregar ejemplos del crecimiento e innovaci\u00f3n que se han tomado el sector agr\u00edcola.<\/p>\n<p><a href=\"https:\/\/www.mundoagropecuario.cl\/new\/wp-content\/uploads\/2022\/09\/Fedeleche-IMG_2169-scaled.jpeg\"><img loading=\"lazy\" decoding=\"async\" class=\" wp-image-22809 alignleft\" src=\"https:\/\/www.mundoagropecuario.cl\/new\/wp-content\/uploads\/2022\/09\/Fedeleche-IMG_2169-586x440.jpeg\" alt=\"\" width=\"503\" height=\"370\" \/><\/a> A su vez, esta iniciativa ofreci\u00f3 a los estudiantes un momento de reflexi\u00f3n respecto a su desarrollo personal y profesional. As\u00ed como tambi\u00e9n entregarles un mensaje del sector lechero, respecto a las alternativas ciertas que esta actividad productiva ofrece a las nuevas generaciones, gracias a la incorporaci\u00f3n de las variadas tecnolog\u00edas en sus diferentes \u00e1reas.<\/p>\n<p>Fue as\u00ed como este Seminario comenz\u00f3 con la presentaci\u00f3n del Cofundador y CEO en Ceres Kuhn, Nigel Sargent, y su charla \u201cTecnolog\u00eda en el agro, el motor para cumplir tus sue\u00f1os\u201d, quien adem\u00e1s present\u00f3 a parte del equipo con el que trabaja, los cuales relataron sus distintas experiencias de vida, trayectoria en la empresa y las situaciones que los han marcado como profesionales del rubro.<\/p>\n<p>Luego fue el turno de la economista, Directora Acad\u00e9mica del Centro de Capacitaci\u00f3n Lecheros del Sur y Directora Ejecutiva de Fundaci\u00f3n Tres Hojas, Daniela Winkler, quien convers\u00f3 con los alumnos en su simposio \u201cEl mundo lechero est\u00e1 aqu\u00ed para que alcances tus metas, s\u00f3lo depende de ti\u201d, donde relat\u00f3 su camino laboral e impuls\u00f3 a los asistentes a salir de su zona de confort y arriesgarse a tomar decisiones que cambiar\u00e1n su futuro.<\/p>\n<p>&#8220;Hoy es fundamental trabajar con los j\u00f3venes de esta generaci\u00f3n, ya que est\u00e1n ingresando al rubro y debemos motivarlos para que se mantengan en la producci\u00f3n lechera. Muchos de ellos est\u00e1n interesados en continuar su camino profesional en el sector y debemos apoyarlos, entreg\u00e1ndoles conocimiento y herramientas, con el fin de fomentar su capacidad de crecimiento a trav\u00e9s de estas nuevas tecnolog\u00edas con las que cuentan. Aqu\u00ed se pueden desarrollar de muy buena manera y encontrar diversas oportunidades. Y es que todo lo que ellos desean en la vida lo pueden lograr a trav\u00e9s del mundo lechero&#8221;, apunt\u00f3 Winkler.<\/p>\n<p>Cerrando esta jornada, el ingeniero civil mec\u00e1nico y productor lechero, Jos\u00e9 Luis Vallarino, present\u00f3 su charla \u201cLa fabulosa aventura de ser lechero\u201d y convers\u00f3 con los presentes del camino que ha recorrido junto a su familia durante estos a\u00f1os como productor, y el c\u00f3mo fue la transici\u00f3n del mundo del retail al rural, en una decisi\u00f3n que cambi\u00f3 su perspectiva de vida positivamente, la cual le ha permitido disfrutar las bondades del sur de Chile.<\/p>\n<p><a href=\"https:\/\/www.mundoagropecuario.cl\/new\/wp-content\/uploads\/2022\/09\/Fedeleche-IMG_6926.jpg\"><img loading=\"lazy\" decoding=\"async\" class=\" wp-image-22813 alignright\" src=\"https:\/\/www.mundoagropecuario.cl\/new\/wp-content\/uploads\/2022\/09\/Fedeleche-IMG_6926-586x390.jpg\" alt=\"\" width=\"536\" height=\"371\" \/><\/a>Por su parte Anita Jans, gerente de Aproleche Osorno, sostuvo que &#8220;como Asociaci\u00f3n Gremial estamos muy contentos, ya que pudimos volver a realizar este importante seminario, donde se vio a los estudiantes muy participativos y motivados. Aqu\u00ed estamos formando una buena base para el futuro y creo que pueden surgir muy buenos colaboradores y l\u00edderes que se van a incorporar al sector en los distintos \u00e1mbitos. Todo esto adem\u00e1s, gracias a las tecnolog\u00edas con las que cuentan hoy y las cuales son fundamentales para su crecimiento. Hoy vivimos en un escenario donde existe una gran brecha entre el sector privado y el educacional, por eso como Aproleche, a trav\u00e9s de diferentes actividades, seminarios y charlas, estamos siempre buscando mostrarles que existen oportunidades y que trabajar en el sector lechero es un interesante desaf\u00edo, por lo que nuestra misi\u00f3n siempre ser\u00e1 entregarles diferentes ejemplos, herramientas y ampliar su visi\u00f3n&#8221;.<\/p>\n<p>Finalmente Ver\u00f3nica Ahumada, Presidente del GTT Educacional de la Regi\u00f3n de Los R\u00edos y de Los Lagos, agradeci\u00f3 el constante apoyo que les ha brindado Aproleche Osorno durante todos estos a\u00f1os, para llevar a cabo esta importante instancia. \u201cEl reunir al sector productivo en este escenario ha sido esencial, ya que nos ha permitido brindarles a los alumnos nuevos aprendizajes, junto al uso de las tecnolog\u00edas, y sobre todo con la articulaci\u00f3n y refuerzo de los aprendizajes t\u00e9cnicos que ellos tienen en sus distintos establecimientos educacionales. El uso de estas nuevas herramientas es muy demandante en estos tiempos, por lo que las habilidades de ellos de aprender de forma m\u00e1s r\u00e1pida, es un plus para lo que les deparar\u00e1 el futuro, ya que se necesita un recambio generacional en el sector y ellos deben aprovechar ese potencial\u201d.<\/p>\n<p><a href=\"https:\/\/www.mundoagropecuario.cl\/new\/wp-content\/uploads\/2022\/09\/Fedeleche-IMG_2144-scaled.jpeg\"><img loading=\"lazy\" decoding=\"async\" class=\"aligncenter wp-image-22808 size-full\" src=\"https:\/\/www.mundoagropecuario.cl\/new\/wp-content\/uploads\/2022\/09\/Fedeleche-IMG_2144-scaled.jpeg\" alt=\"\" width=\"1024\" height=\"768\" srcset=\"https:\/\/www.mundoagropecuario.cl\/new\/wp-content\/uploads\/2022\/09\/Fedeleche-IMG_2144-scaled.jpeg 533w, https:\/\/www.mundoagropecuario.cl\/new\/wp-content\/uploads\/2022\/09\/Fedeleche-IMG_2144-586x440.jpeg 586w, https:\/\/www.mundoagropecuario.cl\/new\/wp-content\/uploads\/2022\/09\/Fedeleche-IMG_2144-1024x768.jpeg 1024w, https:\/\/www.mundoagropecuario.cl\/new\/wp-content\/uploads\/2022\/09\/Fedeleche-IMG_2144-768x576.jpeg 768w, https:\/\/www.mundoagropecuario.cl\/new\/wp-content\/uploads\/2022\/09\/Fedeleche-IMG_2144-1536x1152.jpeg 1536w\" sizes=\"auto, (max-width: 1024px) 100vw, 1024px\" \/><\/a><\/p>\n","protected":false},"excerpt":{"rendered":"<p>Esta iniciativa ofreci\u00f3 a los estudiantes un momento de reflexi\u00f3n respecto a su desarrollo personal y profesional. As\u00ed como tambi\u00e9n entregarles un mensaje del sector lechero.<\/p>\n","protected":false},"author":2,"featured_media":22810,"comment_status":"closed","ping_status":"closed","sticky":false,"template":"","format":"standard","meta":{"footnotes":""},"categories":[1945],"tags":[2090,3127,2058,5377,4135,3222],"class_list":["post-22807","post","type-post","status-publish","format-standard","has-post-thumbnail","hentry","category-agricultura","tag-agricultura","tag-agro","tag-fedeleche","tag-instituto-profesional-agrario-adolfo-matthei","tag-lacteo","tag-sector-lechero"],"yoast_head":"<!-- This site is optimized with the Yoast SEO plugin v26.6 - https:\/\/yoast.com\/wordpress\/plugins\/seo\/ -->\n<title>Seminario Vocacional destac\u00f3 el liderazgo y futuro tecnol\u00f3gico en el agro - Mundoagropecuario<\/title>\n<meta name=\"description\" content=\"Un momento de reflexi\u00f3n respecto a su desarrollo personal y profesional. As\u00ed como tambi\u00e9n entregarles un mensaje del sector lechero.\" \/>\n<meta name=\"robots\" content=\"index, follow, max-snippet:-1, max-image-preview:large, max-video-preview:-1\" \/>\n<link rel=\"canonical\" href=\"https:\/\/www.mundoagropecuario.cl\/new\/seminario-vocacional-destaco-el-liderazgo-y-futuro-tecnologico-en-el-agro\/\" \/>\n<meta property=\"og:locale\" content=\"es_ES\" \/>\n<meta property=\"og:type\" content=\"article\" \/>\n<meta property=\"og:title\" content=\"Seminario Vocacional destac\u00f3 el liderazgo y futuro tecnol\u00f3gico en el agro - Mundoagropecuario\" \/>\n<meta property=\"og:description\" content=\"Un momento de reflexi\u00f3n respecto a su desarrollo personal y profesional. As\u00ed como tambi\u00e9n entregarles un mensaje del sector lechero.\" \/>\n<meta property=\"og:url\" content=\"https:\/\/www.mundoagropecuario.cl\/new\/seminario-vocacional-destaco-el-liderazgo-y-futuro-tecnologico-en-el-agro\/\" \/>\n<meta property=\"og:site_name\" content=\"Mundoagropecuario\" \/>\n<meta property=\"article:publisher\" content=\"https:\/\/www.facebook.com\/mundo.agropecuario.3\" \/>\n<meta property=\"article:published_time\" content=\"2022-09-09T14:57:53+00:00\" \/>\n<meta property=\"article:modified_time\" content=\"2022-09-13T15:32:43+00:00\" \/>\n<meta property=\"og:image\" content=\"https:\/\/www.mundoagropecuario.cl\/new\/wp-content\/uploads\/2022\/09\/Fedeleche-IMG_6883.jpg\" \/>\n\t<meta property=\"og:image:width\" content=\"800\" \/>\n\t<meta property=\"og:image:height\" content=\"533\" \/>\n\t<meta property=\"og:image:type\" content=\"image\/jpeg\" \/>\n<meta name=\"author\" content=\"mundo\" \/>\n<meta name=\"twitter:card\" content=\"summary_large_image\" \/>\n<meta name=\"twitter:creator\" content=\"@MundoAgropecuar\" \/>\n<meta name=\"twitter:site\" content=\"@MundoAgropecuar\" \/>\n<meta name=\"twitter:label1\" content=\"Escrito por\" \/>\n\t<meta name=\"twitter:data1\" content=\"mundo\" \/>\n\t<meta name=\"twitter:label2\" content=\"Tiempo de lectura\" \/>\n\t<meta name=\"twitter:data2\" content=\"5 minutos\" \/>\n<script type=\"application\/ld+json\" class=\"yoast-schema-graph\">{\"@context\":\"https:\/\/schema.org\",\"@graph\":[{\"@type\":\"Article\",\"@id\":\"https:\/\/www.mundoagropecuario.cl\/new\/seminario-vocacional-destaco-el-liderazgo-y-futuro-tecnologico-en-el-agro\/#article\",\"isPartOf\":{\"@id\":\"https:\/\/www.mundoagropecuario.cl\/new\/seminario-vocacional-destaco-el-liderazgo-y-futuro-tecnologico-en-el-agro\/\"},\"author\":{\"name\":\"mundo\",\"@id\":\"https:\/\/www.mundoagropecuario.cl\/new\/#\/schema\/person\/4e9f74a82a7dac260eb1c44b7eebeb18\"},\"headline\":\"Seminario Vocacional destac\u00f3 el liderazgo y futuro tecnol\u00f3gico en el agro\",\"datePublished\":\"2022-09-09T14:57:53+00:00\",\"dateModified\":\"2022-09-13T15:32:43+00:00\",\"mainEntityOfPage\":{\"@id\":\"https:\/\/www.mundoagropecuario.cl\/new\/seminario-vocacional-destaco-el-liderazgo-y-futuro-tecnologico-en-el-agro\/\"},\"wordCount\":804,\"publisher\":{\"@id\":\"https:\/\/www.mundoagropecuario.cl\/new\/#organization\"},\"image\":{\"@id\":\"https:\/\/www.mundoagropecuario.cl\/new\/seminario-vocacional-destaco-el-liderazgo-y-futuro-tecnologico-en-el-agro\/#primaryimage\"},\"thumbnailUrl\":\"https:\/\/www.mundoagropecuario.cl\/new\/wp-content\/uploads\/2022\/09\/Fedeleche-IMG_6883.jpg\",\"keywords\":[\"Agricultura\",\"Agro\",\"Fedeleche\",\"Instituto Profesional Agrario Adolfo Matthei.\",\"Lacteo\",\"sector lechero\"],\"articleSection\":[\"Agricultura\"],\"inLanguage\":\"es\"},{\"@type\":\"WebPage\",\"@id\":\"https:\/\/www.mundoagropecuario.cl\/new\/seminario-vocacional-destaco-el-liderazgo-y-futuro-tecnologico-en-el-agro\/\",\"url\":\"https:\/\/www.mundoagropecuario.cl\/new\/seminario-vocacional-destaco-el-liderazgo-y-futuro-tecnologico-en-el-agro\/\",\"name\":\"Seminario Vocacional destac\u00f3 el liderazgo y futuro tecnol\u00f3gico en el agro - Mundoagropecuario\",\"isPartOf\":{\"@id\":\"https:\/\/www.mundoagropecuario.cl\/new\/#website\"},\"primaryImageOfPage\":{\"@id\":\"https:\/\/www.mundoagropecuario.cl\/new\/seminario-vocacional-destaco-el-liderazgo-y-futuro-tecnologico-en-el-agro\/#primaryimage\"},\"image\":{\"@id\":\"https:\/\/www.mundoagropecuario.cl\/new\/seminario-vocacional-destaco-el-liderazgo-y-futuro-tecnologico-en-el-agro\/#primaryimage\"},\"thumbnailUrl\":\"https:\/\/www.mundoagropecuario.cl\/new\/wp-content\/uploads\/2022\/09\/Fedeleche-IMG_6883.jpg\",\"datePublished\":\"2022-09-09T14:57:53+00:00\",\"dateModified\":\"2022-09-13T15:32:43+00:00\",\"description\":\"Un momento de reflexi\u00f3n respecto a su desarrollo personal y profesional. As\u00ed como tambi\u00e9n entregarles un mensaje del sector lechero.\",\"breadcrumb\":{\"@id\":\"https:\/\/www.mundoagropecuario.cl\/new\/seminario-vocacional-destaco-el-liderazgo-y-futuro-tecnologico-en-el-agro\/#breadcrumb\"},\"inLanguage\":\"es\",\"potentialAction\":[{\"@type\":\"ReadAction\",\"target\":[\"https:\/\/www.mundoagropecuario.cl\/new\/seminario-vocacional-destaco-el-liderazgo-y-futuro-tecnologico-en-el-agro\/\"]}]},{\"@type\":\"ImageObject\",\"inLanguage\":\"es\",\"@id\":\"https:\/\/www.mundoagropecuario.cl\/new\/seminario-vocacional-destaco-el-liderazgo-y-futuro-tecnologico-en-el-agro\/#primaryimage\",\"url\":\"https:\/\/www.mundoagropecuario.cl\/new\/wp-content\/uploads\/2022\/09\/Fedeleche-IMG_6883.jpg\",\"contentUrl\":\"https:\/\/www.mundoagropecuario.cl\/new\/wp-content\/uploads\/2022\/09\/Fedeleche-IMG_6883.jpg\",\"width\":600,\"height\":400},{\"@type\":\"BreadcrumbList\",\"@id\":\"https:\/\/www.mundoagropecuario.cl\/new\/seminario-vocacional-destaco-el-liderazgo-y-futuro-tecnologico-en-el-agro\/#breadcrumb\",\"itemListElement\":[{\"@type\":\"ListItem\",\"position\":1,\"name\":\"Portada\",\"item\":\"https:\/\/www.mundoagropecuario.cl\/new\/\"},{\"@type\":\"ListItem\",\"position\":2,\"name\":\"Seminario Vocacional destac\u00f3 el liderazgo y futuro tecnol\u00f3gico en el agro\"}]},{\"@type\":\"WebSite\",\"@id\":\"https:\/\/www.mundoagropecuario.cl\/new\/#website\",\"url\":\"https:\/\/www.mundoagropecuario.cl\/new\/\",\"name\":\"Mundoagropecuario\",\"description\":\"Mundo Agropecuario\",\"publisher\":{\"@id\":\"https:\/\/www.mundoagropecuario.cl\/new\/#organization\"},\"potentialAction\":[{\"@type\":\"SearchAction\",\"target\":{\"@type\":\"EntryPoint\",\"urlTemplate\":\"https:\/\/www.mundoagropecuario.cl\/new\/?s={search_term_string}\"},\"query-input\":{\"@type\":\"PropertyValueSpecification\",\"valueRequired\":true,\"valueName\":\"search_term_string\"}}],\"inLanguage\":\"es\"},{\"@type\":\"Organization\",\"@id\":\"https:\/\/www.mundoagropecuario.cl\/new\/#organization\",\"name\":\"Revista de Agricultura\",\"url\":\"https:\/\/www.mundoagropecuario.cl\/new\/\",\"logo\":{\"@type\":\"ImageObject\",\"inLanguage\":\"es\",\"@id\":\"https:\/\/www.mundoagropecuario.cl\/new\/#\/schema\/logo\/image\/\",\"url\":\"https:\/\/www.mundoagropecuario.cl\/new\/wp-content\/uploads\/2020\/11\/PORTAL-1-1.png\",\"contentUrl\":\"https:\/\/www.mundoagropecuario.cl\/new\/wp-content\/uploads\/2020\/11\/PORTAL-1-1.png\",\"width\":1026,\"height\":100,\"caption\":\"Revista de Agricultura\"},\"image\":{\"@id\":\"https:\/\/www.mundoagropecuario.cl\/new\/#\/schema\/logo\/image\/\"},\"sameAs\":[\"https:\/\/www.facebook.com\/mundo.agropecuario.3\",\"https:\/\/x.com\/MundoAgropecuar\",\"https:\/\/www.linkedin.com\/in\/mundo-agropecuario-934009201\/\"]},{\"@type\":\"Person\",\"@id\":\"https:\/\/www.mundoagropecuario.cl\/new\/#\/schema\/person\/4e9f74a82a7dac260eb1c44b7eebeb18\",\"name\":\"mundo\",\"url\":\"https:\/\/www.mundoagropecuario.cl\/new\/author\/mundo\/\"}]}<\/script>\n<!-- \/ Yoast SEO plugin. -->","yoast_head_json":{"title":"Seminario Vocacional destac\u00f3 el liderazgo y futuro tecnol\u00f3gico en el agro - Mundoagropecuario","description":"Un momento de reflexi\u00f3n respecto a su desarrollo personal y profesional. As\u00ed como tambi\u00e9n entregarles un mensaje del sector lechero.","robots":{"index":"index","follow":"follow","max-snippet":"max-snippet:-1","max-image-preview":"max-image-preview:large","max-video-preview":"max-video-preview:-1"},"canonical":"https:\/\/www.mundoagropecuario.cl\/new\/seminario-vocacional-destaco-el-liderazgo-y-futuro-tecnologico-en-el-agro\/","og_locale":"es_ES","og_type":"article","og_title":"Seminario Vocacional destac\u00f3 el liderazgo y futuro tecnol\u00f3gico en el agro - Mundoagropecuario","og_description":"Un momento de reflexi\u00f3n respecto a su desarrollo personal y profesional. As\u00ed como tambi\u00e9n entregarles un mensaje del sector lechero.","og_url":"https:\/\/www.mundoagropecuario.cl\/new\/seminario-vocacional-destaco-el-liderazgo-y-futuro-tecnologico-en-el-agro\/","og_site_name":"Mundoagropecuario","article_publisher":"https:\/\/www.facebook.com\/mundo.agropecuario.3","article_published_time":"2022-09-09T14:57:53+00:00","article_modified_time":"2022-09-13T15:32:43+00:00","og_image":[{"width":800,"height":533,"url":"https:\/\/www.mundoagropecuario.cl\/new\/wp-content\/uploads\/2022\/09\/Fedeleche-IMG_6883.jpg","type":"image\/jpeg"}],"author":"mundo","twitter_card":"summary_large_image","twitter_creator":"@MundoAgropecuar","twitter_site":"@MundoAgropecuar","twitter_misc":{"Escrito por":"mundo","Tiempo de lectura":"5 minutos"},"schema":{"@context":"https:\/\/schema.org","@graph":[{"@type":"Article","@id":"https:\/\/www.mundoagropecuario.cl\/new\/seminario-vocacional-destaco-el-liderazgo-y-futuro-tecnologico-en-el-agro\/#article","isPartOf":{"@id":"https:\/\/www.mundoagropecuario.cl\/new\/seminario-vocacional-destaco-el-liderazgo-y-futuro-tecnologico-en-el-agro\/"},"author":{"name":"mundo","@id":"https:\/\/www.mundoagropecuario.cl\/new\/#\/schema\/person\/4e9f74a82a7dac260eb1c44b7eebeb18"},"headline":"Seminario Vocacional destac\u00f3 el liderazgo y futuro tecnol\u00f3gico en el agro","datePublished":"2022-09-09T14:57:53+00:00","dateModified":"2022-09-13T15:32:43+00:00","mainEntityOfPage":{"@id":"https:\/\/www.mundoagropecuario.cl\/new\/seminario-vocacional-destaco-el-liderazgo-y-futuro-tecnologico-en-el-agro\/"},"wordCount":804,"publisher":{"@id":"https:\/\/www.mundoagropecuario.cl\/new\/#organization"},"image":{"@id":"https:\/\/www.mundoagropecuario.cl\/new\/seminario-vocacional-destaco-el-liderazgo-y-futuro-tecnologico-en-el-agro\/#primaryimage"},"thumbnailUrl":"https:\/\/www.mundoagropecuario.cl\/new\/wp-content\/uploads\/2022\/09\/Fedeleche-IMG_6883.jpg","keywords":["Agricultura","Agro","Fedeleche","Instituto Profesional Agrario Adolfo Matthei.","Lacteo","sector lechero"],"articleSection":["Agricultura"],"inLanguage":"es"},{"@type":"WebPage","@id":"https:\/\/www.mundoagropecuario.cl\/new\/seminario-vocacional-destaco-el-liderazgo-y-futuro-tecnologico-en-el-agro\/","url":"https:\/\/www.mundoagropecuario.cl\/new\/seminario-vocacional-destaco-el-liderazgo-y-futuro-tecnologico-en-el-agro\/","name":"Seminario Vocacional destac\u00f3 el liderazgo y futuro tecnol\u00f3gico en el agro - Mundoagropecuario","isPartOf":{"@id":"https:\/\/www.mundoagropecuario.cl\/new\/#website"},"primaryImageOfPage":{"@id":"https:\/\/www.mundoagropecuario.cl\/new\/seminario-vocacional-destaco-el-liderazgo-y-futuro-tecnologico-en-el-agro\/#primaryimage"},"image":{"@id":"https:\/\/www.mundoagropecuario.cl\/new\/seminario-vocacional-destaco-el-liderazgo-y-futuro-tecnologico-en-el-agro\/#primaryimage"},"thumbnailUrl":"https:\/\/www.mundoagropecuario.cl\/new\/wp-content\/uploads\/2022\/09\/Fedeleche-IMG_6883.jpg","datePublished":"2022-09-09T14:57:53+00:00","dateModified":"2022-09-13T15:32:43+00:00","description":"Un momento de reflexi\u00f3n respecto a su desarrollo personal y profesional. As\u00ed como tambi\u00e9n entregarles un mensaje del sector lechero.","breadcrumb":{"@id":"https:\/\/www.mundoagropecuario.cl\/new\/seminario-vocacional-destaco-el-liderazgo-y-futuro-tecnologico-en-el-agro\/#breadcrumb"},"inLanguage":"es","potentialAction":[{"@type":"ReadAction","target":["https:\/\/www.mundoagropecuario.cl\/new\/seminario-vocacional-destaco-el-liderazgo-y-futuro-tecnologico-en-el-agro\/"]}]},{"@type":"ImageObject","inLanguage":"es","@id":"https:\/\/www.mundoagropecuario.cl\/new\/seminario-vocacional-destaco-el-liderazgo-y-futuro-tecnologico-en-el-agro\/#primaryimage","url":"https:\/\/www.mundoagropecuario.cl\/new\/wp-content\/uploads\/2022\/09\/Fedeleche-IMG_6883.jpg","contentUrl":"https:\/\/www.mundoagropecuario.cl\/new\/wp-content\/uploads\/2022\/09\/Fedeleche-IMG_6883.jpg","width":600,"height":400},{"@type":"BreadcrumbList","@id":"https:\/\/www.mundoagropecuario.cl\/new\/seminario-vocacional-destaco-el-liderazgo-y-futuro-tecnologico-en-el-agro\/#breadcrumb","itemListElement":[{"@type":"ListItem","position":1,"name":"Portada","item":"https:\/\/www.mundoagropecuario.cl\/new\/"},{"@type":"ListItem","position":2,"name":"Seminario Vocacional destac\u00f3 el liderazgo y futuro tecnol\u00f3gico en el agro"}]},{"@type":"WebSite","@id":"https:\/\/www.mundoagropecuario.cl\/new\/#website","url":"https:\/\/www.mundoagropecuario.cl\/new\/","name":"Mundoagropecuario","description":"Mundo Agropecuario","publisher":{"@id":"https:\/\/www.mundoagropecuario.cl\/new\/#organization"},"potentialAction":[{"@type":"SearchAction","target":{"@type":"EntryPoint","urlTemplate":"https:\/\/www.mundoagropecuario.cl\/new\/?s={search_term_string}"},"query-input":{"@type":"PropertyValueSpecification","valueRequired":true,"valueName":"search_term_string"}}],"inLanguage":"es"},{"@type":"Organization","@id":"https:\/\/www.mundoagropecuario.cl\/new\/#organization","name":"Revista de Agricultura","url":"https:\/\/www.mundoagropecuario.cl\/new\/","logo":{"@type":"ImageObject","inLanguage":"es","@id":"https:\/\/www.mundoagropecuario.cl\/new\/#\/schema\/logo\/image\/","url":"https:\/\/www.mundoagropecuario.cl\/new\/wp-content\/uploads\/2020\/11\/PORTAL-1-1.png","contentUrl":"https:\/\/www.mundoagropecuario.cl\/new\/wp-content\/uploads\/2020\/11\/PORTAL-1-1.png","width":1026,"height":100,"caption":"Revista de Agricultura"},"image":{"@id":"https:\/\/www.mundoagropecuario.cl\/new\/#\/schema\/logo\/image\/"},"sameAs":["https:\/\/www.facebook.com\/mundo.agropecuario.3","https:\/\/x.com\/MundoAgropecuar","https:\/\/www.linkedin.com\/in\/mundo-agropecuario-934009201\/"]},{"@type":"Person","@id":"https:\/\/www.mundoagropecuario.cl\/new\/#\/schema\/person\/4e9f74a82a7dac260eb1c44b7eebeb18","name":"mundo","url":"https:\/\/www.mundoagropecuario.cl\/new\/author\/mundo\/"}]}},"_links":{"self":[{"href":"https:\/\/www.mundoagropecuario.cl\/new\/wp-json\/wp\/v2\/posts\/22807","targetHints":{"allow":["GET"]}}],"collection":[{"href":"https:\/\/www.mundoagropecuario.cl\/new\/wp-json\/wp\/v2\/posts"}],"about":[{"href":"https:\/\/www.mundoagropecuario.cl\/new\/wp-json\/wp\/v2\/types\/post"}],"author":[{"embeddable":true,"href":"https:\/\/www.mundoagropecuario.cl\/new\/wp-json\/wp\/v2\/users\/2"}],"replies":[{"embeddable":true,"href":"https:\/\/www.mundoagropecuario.cl\/new\/wp-json\/wp\/v2\/comments?post=22807"}],"version-history":[{"count":4,"href":"https:\/\/www.mundoagropecuario.cl\/new\/wp-json\/wp\/v2\/posts\/22807\/revisions"}],"predecessor-version":[{"id":22816,"href":"https:\/\/www.mundoagropecuario.cl\/new\/wp-json\/wp\/v2\/posts\/22807\/revisions\/22816"}],"wp:featuredmedia":[{"embeddable":true,"href":"https:\/\/www.mundoagropecuario.cl\/new\/wp-json\/wp\/v2\/media\/22810"}],"wp:attachment":[{"href":"https:\/\/www.mundoagropecuario.cl\/new\/wp-json\/wp\/v2\/media?parent=22807"}],"wp:term":[{"taxonomy":"category","embeddable":true,"href":"https:\/\/www.mundoagropecuario.cl\/new\/wp-json\/wp\/v2\/categories?post=22807"},{"taxonomy":"post_tag","embeddable":true,"href":"https:\/\/www.mundoagropecuario.cl\/new\/wp-json\/wp\/v2\/tags?post=22807"}],"curies":[{"name":"wp","href":"https:\/\/api.w.org\/{rel}","templated":true}]}}