{"id":22798,"date":"2022-09-08T11:16:48","date_gmt":"2022-09-08T14:16:48","guid":{"rendered":"https:\/\/www.mundoagropecuario.cl\/new\/?p=22798"},"modified":"2022-09-09T13:34:07","modified_gmt":"2022-09-09T16:34:07","slug":"analizan-nuevas-oportunidades-para-las-exportaciones-de-frutas-chilenas-en-el-mercado-asiatico","status":"publish","type":"post","link":"https:\/\/www.mundoagropecuario.cl\/new\/analizan-nuevas-oportunidades-para-las-exportaciones-de-frutas-chilenas-en-el-mercado-asiatico\/","title":{"rendered":"Analizan nuevas oportunidades para las exportaciones de frutas chilenas en el mercado asi\u00e1tico"},"content":{"rendered":"<blockquote>\n<h2><span style=\"color: #003300;\">De acuerdo a estad\u00edsticas de ASOEX,\u00a0\u00a0 Chile export\u00f3 a Corea del Sur, durante la misma temporada 2021-2022,\u00a0 36.054 toneladas de frutas frescas chilenas.<\/span><\/h2>\n<\/blockquote>\n<p>Con la finalidad de analizar la situaci\u00f3n de las frutas chilenas en el mercado coreano, as\u00ed como las oportunidades que existen para mejorar las condiciones y abrir el mercado a nuevas espoecies, el presidente de ASOEX, Iv\u00e1n Marambio, junto al gerente general de la entidad, Miguel Canala- Echeverr\u00eda, sostuvieron una reuni\u00f3n con el Embajador de Chile en Corea del Sur, Mathias Francke. El encuentro se llev\u00f3 a cabo ayer por la ma\u00f1ana en las dependencias de ASOEX.<\/p>\n<p><a href=\"https:\/\/www.mundoagropecuario.cl\/new\/wp-content\/uploads\/2021\/02\/Frutas-scaled.jpg\"><img loading=\"lazy\" decoding=\"async\" class=\" wp-image-18006 alignright\" src=\"https:\/\/www.mundoagropecuario.cl\/new\/wp-content\/uploads\/2021\/02\/Frutas-586x331.jpg\" alt=\"\" width=\"479\" height=\"270\" srcset=\"https:\/\/www.mundoagropecuario.cl\/new\/wp-content\/uploads\/2021\/02\/Frutas-586x331.jpg 586w, https:\/\/www.mundoagropecuario.cl\/new\/wp-content\/uploads\/2021\/02\/Frutas-scaled.jpg 1024w, https:\/\/www.mundoagropecuario.cl\/new\/wp-content\/uploads\/2021\/02\/Frutas-768x433.jpg 768w, https:\/\/www.mundoagropecuario.cl\/new\/wp-content\/uploads\/2021\/02\/Frutas-1536x867.jpg 1536w, https:\/\/www.mundoagropecuario.cl\/new\/wp-content\/uploads\/2021\/02\/Frutas-2048x1155.jpg 2048w\" sizes=\"auto, (max-width: 479px) 100vw, 479px\" \/><\/a>\u201cValoramos este tipo de reuniones en las cuales podemos hablar con nuestros representantes en el extranjero, y as\u00ed aunar esfuerzos para establecer un trabajo conjunto que nos permita avanzar en beneficio de las exportaciones de frutas chilenas y del pa\u00eds. Corea es un mercado de inter\u00e9s dentro de Asia. Hoy, es el cuarto destino de nuestras exportaciones de frutas en Asia, despu\u00e9s de China, Taiw\u00e1n e India. En Corea, actualmente, estamos buscando la apertura para nuestras ciruelas frescas; un tema que pudimos analizar junto al embajador, as\u00ed como otros que nos permitan mejorar y aumentar nuestra presencia y oferta exportadora de frutas que, en la actualidad consisten en uvas de mesa, cerezas, limones, ar\u00e1ndanos, naranjas, paltas, kiwis y naranjas\u201d, puntualiz\u00f3 Iv\u00e1n Marambio, presidente de ASOEX.<\/p>\n<p>\u201cEsta reuni\u00f3n con ASOEX es muy importante, y forma parte de la agenda de reuniones que he estado sosteniendo esta semana con diversos gremios y autoridades aqu\u00ed en Chile. Con ASOEX hab\u00eda tenido la oportunidad de trabajar, pues recientemente estuvieron en Corea junto al SAG, en una visita que, por lo dem\u00e1s, fue una de las primeras que sostuvieron las autoridades coreanas con representantes extranjeros luego de la Pandemia. La reuni\u00f3n de hoy nos permiti\u00f3 profundizar algunos temas que son de inter\u00e9s para el sector\u201d, precis\u00f3 el embajador Mathias Francke.<\/p>\n<p>El embajador agreg\u00f3: \u201cPudimos profundizar sobre las oportunidades de las frutas chilenas en el mercado coreano, as\u00ed como la necesidad de avanzar en la modernizaci\u00f3n del Tratado de Libre Comercio con Corea, especialmente pensando que fue el primero que suscribi\u00f3 Corea con un pa\u00eds sudamericano, y el primero para Chile con un pa\u00eds del Asia. Se trata de un Acuerdo que ya va a cumplir 20 a\u00f1os y que, por lo mismo, tiene materias en las cuales es necesario avanzar para crear mejores oportunidades para las exportaciones chilenas, como es el caso de mejorar las condiciones de acceso en cuanto a aranceles de los c\u00edtricos chilenos, especialmente en el caso de las naranjas\u201d.<\/p>\n<p>Coincidente con las palabras del embajador, Miguel Canala-Echeverr\u00eda, record\u00f3: \u201cHace algunas semanas junto al embajador, profesionales del SAG , y la Agregadur\u00eda de Chile en Corea sostuvimos reuniones con autoridades del Ministerio de Seguridad de Alimentos y Medicamentos (MFDS), del Ministerio de Agricultura, Alimentos y Asuntos Rurales (MAFRA), la Agencia de Cuarentena de Animales y Plantas (APQA) y el Servicio de Administraci\u00f3n de la Calidad de los Productos Agr\u00edcolas (NAQS,) a fin de avanzar en temas que son de inter\u00e9s para el sector como es el caso del cumplimiento de Chile de los LMR de la nueva normativa coreana, la certificaci\u00f3n electr\u00f3nica y otros temas que hoy pudimos tratar m\u00e1s detalladamente en esta reuni\u00f3n\u201d.<\/p>\n<p><strong><span style=\"color: #003300;\">Cifras<\/span><\/strong><\/p>\n<p>De acuerdo a estad\u00edsticas de ASOEX,\u00a0\u00a0 Chile export\u00f3 a Corea del Sur, durante la misma temporada 2021-2022,\u00a0 36.054 toneladas de frutas frescas chilenas.<\/p>\n<p>Las principales frutas fueron: uvas de mesa (53% del total), cerezas (19%), limones (14%), ar\u00e1ndanos (8%), paltas (3%) , kiwis (2%) y naranjas con poco m\u00e1s del 1% del total exportado a ese mercado.<\/p>\n","protected":false},"excerpt":{"rendered":"<p>Esta reuni\u00f3n con ASOEX es muy importante, y forma parte de la agenda de reuniones que he estado sosteniendo esta semana con diversos gremios y autoridades aqu\u00ed en Chile.<\/p>\n","protected":false},"author":2,"featured_media":22799,"comment_status":"closed","ping_status":"closed","sticky":false,"template":"","format":"standard","meta":{"footnotes":""},"categories":[1986],"tags":[2090,3127,2177,1092,2245,2985,7110,7390,7388,7389],"class_list":["post-22798","post","type-post","status-publish","format-standard","has-post-thumbnail","hentry","category-frutas","tag-agricultura","tag-agro","tag-asoex","tag-corea-del-sur","tag-frutas","tag-frutas-chilenas","tag-ivan-marambio","tag-mafra","tag-mathias-francke","tag-miguel-canala"],"yoast_head":"<!-- This site is optimized with the Yoast SEO plugin v26.6 - https:\/\/yoast.com\/wordpress\/plugins\/seo\/ -->\n<title>Analizan nuevas oportunidades para las exportaciones de frutas chilenas en el mercado asi\u00e1tico - Mundoagropecuario<\/title>\n<meta name=\"description\" content=\"Esta reuni\u00f3n con ASOEX es muy importante, y forma parte de la agenda de reuniones que he estado sosteniendo esta semana con diversos gremios.\" \/>\n<meta name=\"robots\" content=\"index, follow, max-snippet:-1, max-image-preview:large, max-video-preview:-1\" \/>\n<link rel=\"canonical\" href=\"https:\/\/www.mundoagropecuario.cl\/new\/analizan-nuevas-oportunidades-para-las-exportaciones-de-frutas-chilenas-en-el-mercado-asiatico\/\" \/>\n<meta property=\"og:locale\" content=\"es_ES\" \/>\n<meta property=\"og:type\" content=\"article\" \/>\n<meta property=\"og:title\" content=\"Analizan nuevas oportunidades para las exportaciones de frutas chilenas en el mercado asi\u00e1tico - Mundoagropecuario\" \/>\n<meta property=\"og:description\" content=\"Esta reuni\u00f3n con ASOEX es muy importante, y forma parte de la agenda de reuniones que he estado sosteniendo esta semana con diversos gremios.\" \/>\n<meta property=\"og:url\" content=\"https:\/\/www.mundoagropecuario.cl\/new\/analizan-nuevas-oportunidades-para-las-exportaciones-de-frutas-chilenas-en-el-mercado-asiatico\/\" \/>\n<meta property=\"og:site_name\" content=\"Mundoagropecuario\" \/>\n<meta property=\"article:publisher\" content=\"https:\/\/www.facebook.com\/mundo.agropecuario.3\" \/>\n<meta property=\"article:published_time\" content=\"2022-09-08T14:16:48+00:00\" \/>\n<meta property=\"article:modified_time\" content=\"2022-09-09T16:34:07+00:00\" \/>\n<meta property=\"og:image\" content=\"https:\/\/www.mundoagropecuario.cl\/new\/wp-content\/uploads\/2022\/09\/reunio\u0301n--scaled.jpeg\" \/>\n\t<meta property=\"og:image:width\" content=\"1024\" \/>\n\t<meta property=\"og:image:height\" content=\"755\" \/>\n\t<meta property=\"og:image:type\" content=\"image\/jpeg\" \/>\n<meta name=\"author\" content=\"mundo\" \/>\n<meta name=\"twitter:card\" content=\"summary_large_image\" \/>\n<meta name=\"twitter:creator\" content=\"@MundoAgropecuar\" \/>\n<meta name=\"twitter:site\" content=\"@MundoAgropecuar\" \/>\n<meta name=\"twitter:label1\" content=\"Escrito por\" \/>\n\t<meta name=\"twitter:data1\" content=\"mundo\" \/>\n\t<meta name=\"twitter:label2\" content=\"Tiempo de lectura\" \/>\n\t<meta name=\"twitter:data2\" content=\"3 minutos\" \/>\n<script type=\"application\/ld+json\" class=\"yoast-schema-graph\">{\"@context\":\"https:\/\/schema.org\",\"@graph\":[{\"@type\":\"Article\",\"@id\":\"https:\/\/www.mundoagropecuario.cl\/new\/analizan-nuevas-oportunidades-para-las-exportaciones-de-frutas-chilenas-en-el-mercado-asiatico\/#article\",\"isPartOf\":{\"@id\":\"https:\/\/www.mundoagropecuario.cl\/new\/analizan-nuevas-oportunidades-para-las-exportaciones-de-frutas-chilenas-en-el-mercado-asiatico\/\"},\"author\":{\"name\":\"mundo\",\"@id\":\"https:\/\/www.mundoagropecuario.cl\/new\/#\/schema\/person\/4e9f74a82a7dac260eb1c44b7eebeb18\"},\"headline\":\"Analizan nuevas oportunidades para las exportaciones de frutas chilenas en el mercado asi\u00e1tico\",\"datePublished\":\"2022-09-08T14:16:48+00:00\",\"dateModified\":\"2022-09-09T16:34:07+00:00\",\"mainEntityOfPage\":{\"@id\":\"https:\/\/www.mundoagropecuario.cl\/new\/analizan-nuevas-oportunidades-para-las-exportaciones-de-frutas-chilenas-en-el-mercado-asiatico\/\"},\"wordCount\":636,\"publisher\":{\"@id\":\"https:\/\/www.mundoagropecuario.cl\/new\/#organization\"},\"image\":{\"@id\":\"https:\/\/www.mundoagropecuario.cl\/new\/analizan-nuevas-oportunidades-para-las-exportaciones-de-frutas-chilenas-en-el-mercado-asiatico\/#primaryimage\"},\"thumbnailUrl\":\"https:\/\/www.mundoagropecuario.cl\/new\/wp-content\/uploads\/2022\/09\/reunio\u0301n--scaled.jpeg\",\"keywords\":[\"Agricultura\",\"Agro\",\"Asoex\",\"Corea del Sur\",\"Frutas\",\"frutas chilenas\",\"Iv\u00e1n Marambio\",\"MAFRA)\",\"Mathias Francke.\",\"Miguel Canala\"],\"articleSection\":[\"Frutas\"],\"inLanguage\":\"es\"},{\"@type\":\"WebPage\",\"@id\":\"https:\/\/www.mundoagropecuario.cl\/new\/analizan-nuevas-oportunidades-para-las-exportaciones-de-frutas-chilenas-en-el-mercado-asiatico\/\",\"url\":\"https:\/\/www.mundoagropecuario.cl\/new\/analizan-nuevas-oportunidades-para-las-exportaciones-de-frutas-chilenas-en-el-mercado-asiatico\/\",\"name\":\"Analizan nuevas oportunidades para las exportaciones de frutas chilenas en el mercado asi\u00e1tico - Mundoagropecuario\",\"isPartOf\":{\"@id\":\"https:\/\/www.mundoagropecuario.cl\/new\/#website\"},\"primaryImageOfPage\":{\"@id\":\"https:\/\/www.mundoagropecuario.cl\/new\/analizan-nuevas-oportunidades-para-las-exportaciones-de-frutas-chilenas-en-el-mercado-asiatico\/#primaryimage\"},\"image\":{\"@id\":\"https:\/\/www.mundoagropecuario.cl\/new\/analizan-nuevas-oportunidades-para-las-exportaciones-de-frutas-chilenas-en-el-mercado-asiatico\/#primaryimage\"},\"thumbnailUrl\":\"https:\/\/www.mundoagropecuario.cl\/new\/wp-content\/uploads\/2022\/09\/reunio\u0301n--scaled.jpeg\",\"datePublished\":\"2022-09-08T14:16:48+00:00\",\"dateModified\":\"2022-09-09T16:34:07+00:00\",\"description\":\"Esta reuni\u00f3n con ASOEX es muy importante, y forma parte de la agenda de reuniones que he estado sosteniendo esta semana con diversos gremios.\",\"breadcrumb\":{\"@id\":\"https:\/\/www.mundoagropecuario.cl\/new\/analizan-nuevas-oportunidades-para-las-exportaciones-de-frutas-chilenas-en-el-mercado-asiatico\/#breadcrumb\"},\"inLanguage\":\"es\",\"potentialAction\":[{\"@type\":\"ReadAction\",\"target\":[\"https:\/\/www.mundoagropecuario.cl\/new\/analizan-nuevas-oportunidades-para-las-exportaciones-de-frutas-chilenas-en-el-mercado-asiatico\/\"]}]},{\"@type\":\"ImageObject\",\"inLanguage\":\"es\",\"@id\":\"https:\/\/www.mundoagropecuario.cl\/new\/analizan-nuevas-oportunidades-para-las-exportaciones-de-frutas-chilenas-en-el-mercado-asiatico\/#primaryimage\",\"url\":\"https:\/\/www.mundoagropecuario.cl\/new\/wp-content\/uploads\/2022\/09\/reunio\u0301n--scaled.jpeg\",\"contentUrl\":\"https:\/\/www.mundoagropecuario.cl\/new\/wp-content\/uploads\/2022\/09\/reunio\u0301n--scaled.jpeg\",\"width\":543,\"height\":400},{\"@type\":\"BreadcrumbList\",\"@id\":\"https:\/\/www.mundoagropecuario.cl\/new\/analizan-nuevas-oportunidades-para-las-exportaciones-de-frutas-chilenas-en-el-mercado-asiatico\/#breadcrumb\",\"itemListElement\":[{\"@type\":\"ListItem\",\"position\":1,\"name\":\"Portada\",\"item\":\"https:\/\/www.mundoagropecuario.cl\/new\/\"},{\"@type\":\"ListItem\",\"position\":2,\"name\":\"Analizan nuevas oportunidades para las exportaciones de frutas chilenas en el mercado asi\u00e1tico\"}]},{\"@type\":\"WebSite\",\"@id\":\"https:\/\/www.mundoagropecuario.cl\/new\/#website\",\"url\":\"https:\/\/www.mundoagropecuario.cl\/new\/\",\"name\":\"Mundoagropecuario\",\"description\":\"Mundo Agropecuario\",\"publisher\":{\"@id\":\"https:\/\/www.mundoagropecuario.cl\/new\/#organization\"},\"potentialAction\":[{\"@type\":\"SearchAction\",\"target\":{\"@type\":\"EntryPoint\",\"urlTemplate\":\"https:\/\/www.mundoagropecuario.cl\/new\/?s={search_term_string}\"},\"query-input\":{\"@type\":\"PropertyValueSpecification\",\"valueRequired\":true,\"valueName\":\"search_term_string\"}}],\"inLanguage\":\"es\"},{\"@type\":\"Organization\",\"@id\":\"https:\/\/www.mundoagropecuario.cl\/new\/#organization\",\"name\":\"Revista de Agricultura\",\"url\":\"https:\/\/www.mundoagropecuario.cl\/new\/\",\"logo\":{\"@type\":\"ImageObject\",\"inLanguage\":\"es\",\"@id\":\"https:\/\/www.mundoagropecuario.cl\/new\/#\/schema\/logo\/image\/\",\"url\":\"https:\/\/www.mundoagropecuario.cl\/new\/wp-content\/uploads\/2020\/11\/PORTAL-1-1.png\",\"contentUrl\":\"https:\/\/www.mundoagropecuario.cl\/new\/wp-content\/uploads\/2020\/11\/PORTAL-1-1.png\",\"width\":1026,\"height\":100,\"caption\":\"Revista de Agricultura\"},\"image\":{\"@id\":\"https:\/\/www.mundoagropecuario.cl\/new\/#\/schema\/logo\/image\/\"},\"sameAs\":[\"https:\/\/www.facebook.com\/mundo.agropecuario.3\",\"https:\/\/x.com\/MundoAgropecuar\",\"https:\/\/www.linkedin.com\/in\/mundo-agropecuario-934009201\/\"]},{\"@type\":\"Person\",\"@id\":\"https:\/\/www.mundoagropecuario.cl\/new\/#\/schema\/person\/4e9f74a82a7dac260eb1c44b7eebeb18\",\"name\":\"mundo\",\"url\":\"https:\/\/www.mundoagropecuario.cl\/new\/author\/mundo\/\"}]}<\/script>\n<!-- \/ Yoast SEO plugin. -->","yoast_head_json":{"title":"Analizan nuevas oportunidades para las exportaciones de frutas chilenas en el mercado asi\u00e1tico - Mundoagropecuario","description":"Esta reuni\u00f3n con ASOEX es muy importante, y forma parte de la agenda de reuniones que he estado sosteniendo esta semana con diversos gremios.","robots":{"index":"index","follow":"follow","max-snippet":"max-snippet:-1","max-image-preview":"max-image-preview:large","max-video-preview":"max-video-preview:-1"},"canonical":"https:\/\/www.mundoagropecuario.cl\/new\/analizan-nuevas-oportunidades-para-las-exportaciones-de-frutas-chilenas-en-el-mercado-asiatico\/","og_locale":"es_ES","og_type":"article","og_title":"Analizan nuevas oportunidades para las exportaciones de frutas chilenas en el mercado asi\u00e1tico - Mundoagropecuario","og_description":"Esta reuni\u00f3n con ASOEX es muy importante, y forma parte de la agenda de reuniones que he estado sosteniendo esta semana con diversos gremios.","og_url":"https:\/\/www.mundoagropecuario.cl\/new\/analizan-nuevas-oportunidades-para-las-exportaciones-de-frutas-chilenas-en-el-mercado-asiatico\/","og_site_name":"Mundoagropecuario","article_publisher":"https:\/\/www.facebook.com\/mundo.agropecuario.3","article_published_time":"2022-09-08T14:16:48+00:00","article_modified_time":"2022-09-09T16:34:07+00:00","og_image":[{"width":1024,"height":755,"url":"https:\/\/www.mundoagropecuario.cl\/new\/wp-content\/uploads\/2022\/09\/reunio\u0301n--scaled.jpeg","type":"image\/jpeg"}],"author":"mundo","twitter_card":"summary_large_image","twitter_creator":"@MundoAgropecuar","twitter_site":"@MundoAgropecuar","twitter_misc":{"Escrito por":"mundo","Tiempo de lectura":"3 minutos"},"schema":{"@context":"https:\/\/schema.org","@graph":[{"@type":"Article","@id":"https:\/\/www.mundoagropecuario.cl\/new\/analizan-nuevas-oportunidades-para-las-exportaciones-de-frutas-chilenas-en-el-mercado-asiatico\/#article","isPartOf":{"@id":"https:\/\/www.mundoagropecuario.cl\/new\/analizan-nuevas-oportunidades-para-las-exportaciones-de-frutas-chilenas-en-el-mercado-asiatico\/"},"author":{"name":"mundo","@id":"https:\/\/www.mundoagropecuario.cl\/new\/#\/schema\/person\/4e9f74a82a7dac260eb1c44b7eebeb18"},"headline":"Analizan nuevas oportunidades para las exportaciones de frutas chilenas en el mercado asi\u00e1tico","datePublished":"2022-09-08T14:16:48+00:00","dateModified":"2022-09-09T16:34:07+00:00","mainEntityOfPage":{"@id":"https:\/\/www.mundoagropecuario.cl\/new\/analizan-nuevas-oportunidades-para-las-exportaciones-de-frutas-chilenas-en-el-mercado-asiatico\/"},"wordCount":636,"publisher":{"@id":"https:\/\/www.mundoagropecuario.cl\/new\/#organization"},"image":{"@id":"https:\/\/www.mundoagropecuario.cl\/new\/analizan-nuevas-oportunidades-para-las-exportaciones-de-frutas-chilenas-en-el-mercado-asiatico\/#primaryimage"},"thumbnailUrl":"https:\/\/www.mundoagropecuario.cl\/new\/wp-content\/uploads\/2022\/09\/reunio\u0301n--scaled.jpeg","keywords":["Agricultura","Agro","Asoex","Corea del Sur","Frutas","frutas chilenas","Iv\u00e1n Marambio","MAFRA)","Mathias Francke.","Miguel Canala"],"articleSection":["Frutas"],"inLanguage":"es"},{"@type":"WebPage","@id":"https:\/\/www.mundoagropecuario.cl\/new\/analizan-nuevas-oportunidades-para-las-exportaciones-de-frutas-chilenas-en-el-mercado-asiatico\/","url":"https:\/\/www.mundoagropecuario.cl\/new\/analizan-nuevas-oportunidades-para-las-exportaciones-de-frutas-chilenas-en-el-mercado-asiatico\/","name":"Analizan nuevas oportunidades para las exportaciones de frutas chilenas en el mercado asi\u00e1tico - Mundoagropecuario","isPartOf":{"@id":"https:\/\/www.mundoagropecuario.cl\/new\/#website"},"primaryImageOfPage":{"@id":"https:\/\/www.mundoagropecuario.cl\/new\/analizan-nuevas-oportunidades-para-las-exportaciones-de-frutas-chilenas-en-el-mercado-asiatico\/#primaryimage"},"image":{"@id":"https:\/\/www.mundoagropecuario.cl\/new\/analizan-nuevas-oportunidades-para-las-exportaciones-de-frutas-chilenas-en-el-mercado-asiatico\/#primaryimage"},"thumbnailUrl":"https:\/\/www.mundoagropecuario.cl\/new\/wp-content\/uploads\/2022\/09\/reunio\u0301n--scaled.jpeg","datePublished":"2022-09-08T14:16:48+00:00","dateModified":"2022-09-09T16:34:07+00:00","description":"Esta reuni\u00f3n con ASOEX es muy importante, y forma parte de la agenda de reuniones que he estado sosteniendo esta semana con diversos gremios.","breadcrumb":{"@id":"https:\/\/www.mundoagropecuario.cl\/new\/analizan-nuevas-oportunidades-para-las-exportaciones-de-frutas-chilenas-en-el-mercado-asiatico\/#breadcrumb"},"inLanguage":"es","potentialAction":[{"@type":"ReadAction","target":["https:\/\/www.mundoagropecuario.cl\/new\/analizan-nuevas-oportunidades-para-las-exportaciones-de-frutas-chilenas-en-el-mercado-asiatico\/"]}]},{"@type":"ImageObject","inLanguage":"es","@id":"https:\/\/www.mundoagropecuario.cl\/new\/analizan-nuevas-oportunidades-para-las-exportaciones-de-frutas-chilenas-en-el-mercado-asiatico\/#primaryimage","url":"https:\/\/www.mundoagropecuario.cl\/new\/wp-content\/uploads\/2022\/09\/reunio\u0301n--scaled.jpeg","contentUrl":"https:\/\/www.mundoagropecuario.cl\/new\/wp-content\/uploads\/2022\/09\/reunio\u0301n--scaled.jpeg","width":543,"height":400},{"@type":"BreadcrumbList","@id":"https:\/\/www.mundoagropecuario.cl\/new\/analizan-nuevas-oportunidades-para-las-exportaciones-de-frutas-chilenas-en-el-mercado-asiatico\/#breadcrumb","itemListElement":[{"@type":"ListItem","position":1,"name":"Portada","item":"https:\/\/www.mundoagropecuario.cl\/new\/"},{"@type":"ListItem","position":2,"name":"Analizan nuevas oportunidades para las exportaciones de frutas chilenas en el mercado asi\u00e1tico"}]},{"@type":"WebSite","@id":"https:\/\/www.mundoagropecuario.cl\/new\/#website","url":"https:\/\/www.mundoagropecuario.cl\/new\/","name":"Mundoagropecuario","description":"Mundo Agropecuario","publisher":{"@id":"https:\/\/www.mundoagropecuario.cl\/new\/#organization"},"potentialAction":[{"@type":"SearchAction","target":{"@type":"EntryPoint","urlTemplate":"https:\/\/www.mundoagropecuario.cl\/new\/?s={search_term_string}"},"query-input":{"@type":"PropertyValueSpecification","valueRequired":true,"valueName":"search_term_string"}}],"inLanguage":"es"},{"@type":"Organization","@id":"https:\/\/www.mundoagropecuario.cl\/new\/#organization","name":"Revista de Agricultura","url":"https:\/\/www.mundoagropecuario.cl\/new\/","logo":{"@type":"ImageObject","inLanguage":"es","@id":"https:\/\/www.mundoagropecuario.cl\/new\/#\/schema\/logo\/image\/","url":"https:\/\/www.mundoagropecuario.cl\/new\/wp-content\/uploads\/2020\/11\/PORTAL-1-1.png","contentUrl":"https:\/\/www.mundoagropecuario.cl\/new\/wp-content\/uploads\/2020\/11\/PORTAL-1-1.png","width":1026,"height":100,"caption":"Revista de Agricultura"},"image":{"@id":"https:\/\/www.mundoagropecuario.cl\/new\/#\/schema\/logo\/image\/"},"sameAs":["https:\/\/www.facebook.com\/mundo.agropecuario.3","https:\/\/x.com\/MundoAgropecuar","https:\/\/www.linkedin.com\/in\/mundo-agropecuario-934009201\/"]},{"@type":"Person","@id":"https:\/\/www.mundoagropecuario.cl\/new\/#\/schema\/person\/4e9f74a82a7dac260eb1c44b7eebeb18","name":"mundo","url":"https:\/\/www.mundoagropecuario.cl\/new\/author\/mundo\/"}]}},"_links":{"self":[{"href":"https:\/\/www.mundoagropecuario.cl\/new\/wp-json\/wp\/v2\/posts\/22798","targetHints":{"allow":["GET"]}}],"collection":[{"href":"https:\/\/www.mundoagropecuario.cl\/new\/wp-json\/wp\/v2\/posts"}],"about":[{"href":"https:\/\/www.mundoagropecuario.cl\/new\/wp-json\/wp\/v2\/types\/post"}],"author":[{"embeddable":true,"href":"https:\/\/www.mundoagropecuario.cl\/new\/wp-json\/wp\/v2\/users\/2"}],"replies":[{"embeddable":true,"href":"https:\/\/www.mundoagropecuario.cl\/new\/wp-json\/wp\/v2\/comments?post=22798"}],"version-history":[{"count":1,"href":"https:\/\/www.mundoagropecuario.cl\/new\/wp-json\/wp\/v2\/posts\/22798\/revisions"}],"predecessor-version":[{"id":22800,"href":"https:\/\/www.mundoagropecuario.cl\/new\/wp-json\/wp\/v2\/posts\/22798\/revisions\/22800"}],"wp:featuredmedia":[{"embeddable":true,"href":"https:\/\/www.mundoagropecuario.cl\/new\/wp-json\/wp\/v2\/media\/22799"}],"wp:attachment":[{"href":"https:\/\/www.mundoagropecuario.cl\/new\/wp-json\/wp\/v2\/media?parent=22798"}],"wp:term":[{"taxonomy":"category","embeddable":true,"href":"https:\/\/www.mundoagropecuario.cl\/new\/wp-json\/wp\/v2\/categories?post=22798"},{"taxonomy":"post_tag","embeddable":true,"href":"https:\/\/www.mundoagropecuario.cl\/new\/wp-json\/wp\/v2\/tags?post=22798"}],"curies":[{"name":"wp","href":"https:\/\/api.w.org\/{rel}","templated":true}]}}