{"id":22766,"date":"2022-09-05T13:47:55","date_gmt":"2022-09-05T16:47:55","guid":{"rendered":"https:\/\/www.mundoagropecuario.cl\/new\/?p=22766"},"modified":"2022-09-07T12:53:56","modified_gmt":"2022-09-07T15:53:56","slug":"declaracion-fedefruta-por-resultados-del-plebiscito","status":"publish","type":"post","link":"https:\/\/www.mundoagropecuario.cl\/new\/declaracion-fedefruta-por-resultados-del-plebiscito\/","title":{"rendered":"Declaraci\u00f3n Fedefruta por resultados del plebiscito"},"content":{"rendered":"<blockquote>\n<h2><span style=\"color: #003300;\">&#8220;Da una oportunidad para que el pa\u00eds tenga otra conversaci\u00f3n sobre (&#8230;) el agro y la fruticultura&#8221;<\/span><\/h2>\n<\/blockquote>\n<p>&#8220;La postura ganadora de este plebiscito de salida, da una oportunidad para que el pa\u00eds tenga otra conversaci\u00f3n sobre sectores productivos como el agro y la fruticultura, y destaque su importancia cr\u00edtica como eje del sustento de la ruralidad chilena, como factor cr\u00edtico para el abastecimiento de alimentos, y se den garant\u00edas para las personas que viven del campo y todas sus actividades&#8221;.<\/p>\n<p>&#8220;De la misma manera que estuvimos disponibles para el proceso constituyente, cuando hablamos de ideas como la seguridad alimentaria y el reconocimiento del mundo rural, ahora tambi\u00e9n estaremos como rubro para todas las conversaciones sobre el futuro de nuestro pa\u00eds. Estamos disponibles para trabajar, con la mirada desde el agro y lo rural&#8221;.<\/p>\n","protected":false},"excerpt":{"rendered":"<p>El presidente de Fedefruta Jorge Valenzuela, comparte la siguiente declaraci\u00f3n tras los resultados del plebiscito de salida de la propuesta de nueva constituci\u00f3n<\/p>\n","protected":false},"author":2,"featured_media":22767,"comment_status":"closed","ping_status":"closed","sticky":false,"template":"","format":"standard","meta":{"footnotes":""},"categories":[1945],"tags":[7373,7371,7372],"class_list":["post-22766","post","type-post","status-publish","format-standard","has-post-thumbnail","hentry","category-agricultura","tag-agro-y-la-fruticultura","tag-declaracion-fedefruta","tag-plebiscito"],"yoast_head":"<!-- This site is optimized with the Yoast SEO plugin v26.6 - https:\/\/yoast.com\/wordpress\/plugins\/seo\/ -->\n<title>Declaraci\u00f3n Fedefruta por resultados del plebiscito - Mundoagropecuario<\/title>\n<meta name=\"description\" content=\"El presidente de Fedefruta comparte la declaraci\u00f3n tras los resultados del plebiscito de salida de la propuesta de nueva constituci\u00f3n.\" \/>\n<meta name=\"robots\" content=\"index, follow, max-snippet:-1, max-image-preview:large, max-video-preview:-1\" \/>\n<link rel=\"canonical\" href=\"https:\/\/www.mundoagropecuario.cl\/new\/declaracion-fedefruta-por-resultados-del-plebiscito\/\" \/>\n<meta property=\"og:locale\" content=\"es_ES\" \/>\n<meta property=\"og:type\" content=\"article\" \/>\n<meta property=\"og:title\" content=\"Declaraci\u00f3n Fedefruta por resultados del plebiscito - Mundoagropecuario\" \/>\n<meta property=\"og:description\" content=\"El presidente de Fedefruta comparte la declaraci\u00f3n tras los resultados del plebiscito de salida de la propuesta de nueva constituci\u00f3n.\" \/>\n<meta property=\"og:url\" content=\"https:\/\/www.mundoagropecuario.cl\/new\/declaracion-fedefruta-por-resultados-del-plebiscito\/\" \/>\n<meta property=\"og:site_name\" content=\"Mundoagropecuario\" \/>\n<meta property=\"article:publisher\" content=\"https:\/\/www.facebook.com\/mundo.agropecuario.3\" \/>\n<meta property=\"article:published_time\" content=\"2022-09-05T16:47:55+00:00\" \/>\n<meta property=\"article:modified_time\" content=\"2022-09-07T15:53:56+00:00\" \/>\n<meta property=\"og:image\" content=\"https:\/\/www.mundoagropecuario.cl\/new\/wp-content\/uploads\/2022\/09\/plebiscito-chile.jpeg\" \/>\n\t<meta property=\"og:image:width\" content=\"980\" \/>\n\t<meta property=\"og:image:height\" content=\"528\" \/>\n\t<meta property=\"og:image:type\" content=\"image\/jpeg\" \/>\n<meta name=\"author\" content=\"mundo\" \/>\n<meta name=\"twitter:card\" content=\"summary_large_image\" \/>\n<meta name=\"twitter:creator\" content=\"@MundoAgropecuar\" \/>\n<meta name=\"twitter:site\" content=\"@MundoAgropecuar\" \/>\n<meta name=\"twitter:label1\" content=\"Escrito por\" \/>\n\t<meta name=\"twitter:data1\" content=\"mundo\" \/>\n\t<meta name=\"twitter:label2\" content=\"Tiempo de lectura\" \/>\n\t<meta name=\"twitter:data2\" content=\"1 minuto\" \/>\n<script type=\"application\/ld+json\" class=\"yoast-schema-graph\">{\"@context\":\"https:\/\/schema.org\",\"@graph\":[{\"@type\":\"Article\",\"@id\":\"https:\/\/www.mundoagropecuario.cl\/new\/declaracion-fedefruta-por-resultados-del-plebiscito\/#article\",\"isPartOf\":{\"@id\":\"https:\/\/www.mundoagropecuario.cl\/new\/declaracion-fedefruta-por-resultados-del-plebiscito\/\"},\"author\":{\"name\":\"mundo\",\"@id\":\"https:\/\/www.mundoagropecuario.cl\/new\/#\/schema\/person\/4e9f74a82a7dac260eb1c44b7eebeb18\"},\"headline\":\"Declaraci\u00f3n Fedefruta por resultados del plebiscito\",\"datePublished\":\"2022-09-05T16:47:55+00:00\",\"dateModified\":\"2022-09-07T15:53:56+00:00\",\"mainEntityOfPage\":{\"@id\":\"https:\/\/www.mundoagropecuario.cl\/new\/declaracion-fedefruta-por-resultados-del-plebiscito\/\"},\"wordCount\":148,\"publisher\":{\"@id\":\"https:\/\/www.mundoagropecuario.cl\/new\/#organization\"},\"image\":{\"@id\":\"https:\/\/www.mundoagropecuario.cl\/new\/declaracion-fedefruta-por-resultados-del-plebiscito\/#primaryimage\"},\"thumbnailUrl\":\"https:\/\/www.mundoagropecuario.cl\/new\/wp-content\/uploads\/2022\/09\/plebiscito-chile.jpeg\",\"keywords\":[\"agro y la fruticultura\",\"Declaraci\u00f3n Fedefruta\",\"Plebiscito\"],\"articleSection\":[\"Agricultura\"],\"inLanguage\":\"es\"},{\"@type\":\"WebPage\",\"@id\":\"https:\/\/www.mundoagropecuario.cl\/new\/declaracion-fedefruta-por-resultados-del-plebiscito\/\",\"url\":\"https:\/\/www.mundoagropecuario.cl\/new\/declaracion-fedefruta-por-resultados-del-plebiscito\/\",\"name\":\"Declaraci\u00f3n Fedefruta por resultados del plebiscito - Mundoagropecuario\",\"isPartOf\":{\"@id\":\"https:\/\/www.mundoagropecuario.cl\/new\/#website\"},\"primaryImageOfPage\":{\"@id\":\"https:\/\/www.mundoagropecuario.cl\/new\/declaracion-fedefruta-por-resultados-del-plebiscito\/#primaryimage\"},\"image\":{\"@id\":\"https:\/\/www.mundoagropecuario.cl\/new\/declaracion-fedefruta-por-resultados-del-plebiscito\/#primaryimage\"},\"thumbnailUrl\":\"https:\/\/www.mundoagropecuario.cl\/new\/wp-content\/uploads\/2022\/09\/plebiscito-chile.jpeg\",\"datePublished\":\"2022-09-05T16:47:55+00:00\",\"dateModified\":\"2022-09-07T15:53:56+00:00\",\"description\":\"El presidente de Fedefruta comparte la declaraci\u00f3n tras los resultados del plebiscito de salida de la propuesta de nueva constituci\u00f3n.\",\"breadcrumb\":{\"@id\":\"https:\/\/www.mundoagropecuario.cl\/new\/declaracion-fedefruta-por-resultados-del-plebiscito\/#breadcrumb\"},\"inLanguage\":\"es\",\"potentialAction\":[{\"@type\":\"ReadAction\",\"target\":[\"https:\/\/www.mundoagropecuario.cl\/new\/declaracion-fedefruta-por-resultados-del-plebiscito\/\"]}]},{\"@type\":\"ImageObject\",\"inLanguage\":\"es\",\"@id\":\"https:\/\/www.mundoagropecuario.cl\/new\/declaracion-fedefruta-por-resultados-del-plebiscito\/#primaryimage\",\"url\":\"https:\/\/www.mundoagropecuario.cl\/new\/wp-content\/uploads\/2022\/09\/plebiscito-chile.jpeg\",\"contentUrl\":\"https:\/\/www.mundoagropecuario.cl\/new\/wp-content\/uploads\/2022\/09\/plebiscito-chile.jpeg\",\"width\":720,\"height\":388},{\"@type\":\"BreadcrumbList\",\"@id\":\"https:\/\/www.mundoagropecuario.cl\/new\/declaracion-fedefruta-por-resultados-del-plebiscito\/#breadcrumb\",\"itemListElement\":[{\"@type\":\"ListItem\",\"position\":1,\"name\":\"Portada\",\"item\":\"https:\/\/www.mundoagropecuario.cl\/new\/\"},{\"@type\":\"ListItem\",\"position\":2,\"name\":\"Declaraci\u00f3n Fedefruta por resultados del plebiscito\"}]},{\"@type\":\"WebSite\",\"@id\":\"https:\/\/www.mundoagropecuario.cl\/new\/#website\",\"url\":\"https:\/\/www.mundoagropecuario.cl\/new\/\",\"name\":\"Mundoagropecuario\",\"description\":\"Mundo Agropecuario\",\"publisher\":{\"@id\":\"https:\/\/www.mundoagropecuario.cl\/new\/#organization\"},\"potentialAction\":[{\"@type\":\"SearchAction\",\"target\":{\"@type\":\"EntryPoint\",\"urlTemplate\":\"https:\/\/www.mundoagropecuario.cl\/new\/?s={search_term_string}\"},\"query-input\":{\"@type\":\"PropertyValueSpecification\",\"valueRequired\":true,\"valueName\":\"search_term_string\"}}],\"inLanguage\":\"es\"},{\"@type\":\"Organization\",\"@id\":\"https:\/\/www.mundoagropecuario.cl\/new\/#organization\",\"name\":\"Revista de Agricultura\",\"url\":\"https:\/\/www.mundoagropecuario.cl\/new\/\",\"logo\":{\"@type\":\"ImageObject\",\"inLanguage\":\"es\",\"@id\":\"https:\/\/www.mundoagropecuario.cl\/new\/#\/schema\/logo\/image\/\",\"url\":\"https:\/\/www.mundoagropecuario.cl\/new\/wp-content\/uploads\/2020\/11\/PORTAL-1-1.png\",\"contentUrl\":\"https:\/\/www.mundoagropecuario.cl\/new\/wp-content\/uploads\/2020\/11\/PORTAL-1-1.png\",\"width\":1026,\"height\":100,\"caption\":\"Revista de Agricultura\"},\"image\":{\"@id\":\"https:\/\/www.mundoagropecuario.cl\/new\/#\/schema\/logo\/image\/\"},\"sameAs\":[\"https:\/\/www.facebook.com\/mundo.agropecuario.3\",\"https:\/\/x.com\/MundoAgropecuar\",\"https:\/\/www.linkedin.com\/in\/mundo-agropecuario-934009201\/\"]},{\"@type\":\"Person\",\"@id\":\"https:\/\/www.mundoagropecuario.cl\/new\/#\/schema\/person\/4e9f74a82a7dac260eb1c44b7eebeb18\",\"name\":\"mundo\",\"url\":\"https:\/\/www.mundoagropecuario.cl\/new\/author\/mundo\/\"}]}<\/script>\n<!-- \/ Yoast SEO plugin. -->","yoast_head_json":{"title":"Declaraci\u00f3n Fedefruta por resultados del plebiscito - Mundoagropecuario","description":"El presidente de Fedefruta comparte la declaraci\u00f3n tras los resultados del plebiscito de salida de la propuesta de nueva constituci\u00f3n.","robots":{"index":"index","follow":"follow","max-snippet":"max-snippet:-1","max-image-preview":"max-image-preview:large","max-video-preview":"max-video-preview:-1"},"canonical":"https:\/\/www.mundoagropecuario.cl\/new\/declaracion-fedefruta-por-resultados-del-plebiscito\/","og_locale":"es_ES","og_type":"article","og_title":"Declaraci\u00f3n Fedefruta por resultados del plebiscito - Mundoagropecuario","og_description":"El presidente de Fedefruta comparte la declaraci\u00f3n tras los resultados del plebiscito de salida de la propuesta de nueva constituci\u00f3n.","og_url":"https:\/\/www.mundoagropecuario.cl\/new\/declaracion-fedefruta-por-resultados-del-plebiscito\/","og_site_name":"Mundoagropecuario","article_publisher":"https:\/\/www.facebook.com\/mundo.agropecuario.3","article_published_time":"2022-09-05T16:47:55+00:00","article_modified_time":"2022-09-07T15:53:56+00:00","og_image":[{"width":980,"height":528,"url":"https:\/\/www.mundoagropecuario.cl\/new\/wp-content\/uploads\/2022\/09\/plebiscito-chile.jpeg","type":"image\/jpeg"}],"author":"mundo","twitter_card":"summary_large_image","twitter_creator":"@MundoAgropecuar","twitter_site":"@MundoAgropecuar","twitter_misc":{"Escrito por":"mundo","Tiempo de lectura":"1 minuto"},"schema":{"@context":"https:\/\/schema.org","@graph":[{"@type":"Article","@id":"https:\/\/www.mundoagropecuario.cl\/new\/declaracion-fedefruta-por-resultados-del-plebiscito\/#article","isPartOf":{"@id":"https:\/\/www.mundoagropecuario.cl\/new\/declaracion-fedefruta-por-resultados-del-plebiscito\/"},"author":{"name":"mundo","@id":"https:\/\/www.mundoagropecuario.cl\/new\/#\/schema\/person\/4e9f74a82a7dac260eb1c44b7eebeb18"},"headline":"Declaraci\u00f3n Fedefruta por resultados del plebiscito","datePublished":"2022-09-05T16:47:55+00:00","dateModified":"2022-09-07T15:53:56+00:00","mainEntityOfPage":{"@id":"https:\/\/www.mundoagropecuario.cl\/new\/declaracion-fedefruta-por-resultados-del-plebiscito\/"},"wordCount":148,"publisher":{"@id":"https:\/\/www.mundoagropecuario.cl\/new\/#organization"},"image":{"@id":"https:\/\/www.mundoagropecuario.cl\/new\/declaracion-fedefruta-por-resultados-del-plebiscito\/#primaryimage"},"thumbnailUrl":"https:\/\/www.mundoagropecuario.cl\/new\/wp-content\/uploads\/2022\/09\/plebiscito-chile.jpeg","keywords":["agro y la fruticultura","Declaraci\u00f3n Fedefruta","Plebiscito"],"articleSection":["Agricultura"],"inLanguage":"es"},{"@type":"WebPage","@id":"https:\/\/www.mundoagropecuario.cl\/new\/declaracion-fedefruta-por-resultados-del-plebiscito\/","url":"https:\/\/www.mundoagropecuario.cl\/new\/declaracion-fedefruta-por-resultados-del-plebiscito\/","name":"Declaraci\u00f3n Fedefruta por resultados del plebiscito - Mundoagropecuario","isPartOf":{"@id":"https:\/\/www.mundoagropecuario.cl\/new\/#website"},"primaryImageOfPage":{"@id":"https:\/\/www.mundoagropecuario.cl\/new\/declaracion-fedefruta-por-resultados-del-plebiscito\/#primaryimage"},"image":{"@id":"https:\/\/www.mundoagropecuario.cl\/new\/declaracion-fedefruta-por-resultados-del-plebiscito\/#primaryimage"},"thumbnailUrl":"https:\/\/www.mundoagropecuario.cl\/new\/wp-content\/uploads\/2022\/09\/plebiscito-chile.jpeg","datePublished":"2022-09-05T16:47:55+00:00","dateModified":"2022-09-07T15:53:56+00:00","description":"El presidente de Fedefruta comparte la declaraci\u00f3n tras los resultados del plebiscito de salida de la propuesta de nueva constituci\u00f3n.","breadcrumb":{"@id":"https:\/\/www.mundoagropecuario.cl\/new\/declaracion-fedefruta-por-resultados-del-plebiscito\/#breadcrumb"},"inLanguage":"es","potentialAction":[{"@type":"ReadAction","target":["https:\/\/www.mundoagropecuario.cl\/new\/declaracion-fedefruta-por-resultados-del-plebiscito\/"]}]},{"@type":"ImageObject","inLanguage":"es","@id":"https:\/\/www.mundoagropecuario.cl\/new\/declaracion-fedefruta-por-resultados-del-plebiscito\/#primaryimage","url":"https:\/\/www.mundoagropecuario.cl\/new\/wp-content\/uploads\/2022\/09\/plebiscito-chile.jpeg","contentUrl":"https:\/\/www.mundoagropecuario.cl\/new\/wp-content\/uploads\/2022\/09\/plebiscito-chile.jpeg","width":720,"height":388},{"@type":"BreadcrumbList","@id":"https:\/\/www.mundoagropecuario.cl\/new\/declaracion-fedefruta-por-resultados-del-plebiscito\/#breadcrumb","itemListElement":[{"@type":"ListItem","position":1,"name":"Portada","item":"https:\/\/www.mundoagropecuario.cl\/new\/"},{"@type":"ListItem","position":2,"name":"Declaraci\u00f3n Fedefruta por resultados del plebiscito"}]},{"@type":"WebSite","@id":"https:\/\/www.mundoagropecuario.cl\/new\/#website","url":"https:\/\/www.mundoagropecuario.cl\/new\/","name":"Mundoagropecuario","description":"Mundo Agropecuario","publisher":{"@id":"https:\/\/www.mundoagropecuario.cl\/new\/#organization"},"potentialAction":[{"@type":"SearchAction","target":{"@type":"EntryPoint","urlTemplate":"https:\/\/www.mundoagropecuario.cl\/new\/?s={search_term_string}"},"query-input":{"@type":"PropertyValueSpecification","valueRequired":true,"valueName":"search_term_string"}}],"inLanguage":"es"},{"@type":"Organization","@id":"https:\/\/www.mundoagropecuario.cl\/new\/#organization","name":"Revista de Agricultura","url":"https:\/\/www.mundoagropecuario.cl\/new\/","logo":{"@type":"ImageObject","inLanguage":"es","@id":"https:\/\/www.mundoagropecuario.cl\/new\/#\/schema\/logo\/image\/","url":"https:\/\/www.mundoagropecuario.cl\/new\/wp-content\/uploads\/2020\/11\/PORTAL-1-1.png","contentUrl":"https:\/\/www.mundoagropecuario.cl\/new\/wp-content\/uploads\/2020\/11\/PORTAL-1-1.png","width":1026,"height":100,"caption":"Revista de Agricultura"},"image":{"@id":"https:\/\/www.mundoagropecuario.cl\/new\/#\/schema\/logo\/image\/"},"sameAs":["https:\/\/www.facebook.com\/mundo.agropecuario.3","https:\/\/x.com\/MundoAgropecuar","https:\/\/www.linkedin.com\/in\/mundo-agropecuario-934009201\/"]},{"@type":"Person","@id":"https:\/\/www.mundoagropecuario.cl\/new\/#\/schema\/person\/4e9f74a82a7dac260eb1c44b7eebeb18","name":"mundo","url":"https:\/\/www.mundoagropecuario.cl\/new\/author\/mundo\/"}]}},"_links":{"self":[{"href":"https:\/\/www.mundoagropecuario.cl\/new\/wp-json\/wp\/v2\/posts\/22766","targetHints":{"allow":["GET"]}}],"collection":[{"href":"https:\/\/www.mundoagropecuario.cl\/new\/wp-json\/wp\/v2\/posts"}],"about":[{"href":"https:\/\/www.mundoagropecuario.cl\/new\/wp-json\/wp\/v2\/types\/post"}],"author":[{"embeddable":true,"href":"https:\/\/www.mundoagropecuario.cl\/new\/wp-json\/wp\/v2\/users\/2"}],"replies":[{"embeddable":true,"href":"https:\/\/www.mundoagropecuario.cl\/new\/wp-json\/wp\/v2\/comments?post=22766"}],"version-history":[{"count":1,"href":"https:\/\/www.mundoagropecuario.cl\/new\/wp-json\/wp\/v2\/posts\/22766\/revisions"}],"predecessor-version":[{"id":22768,"href":"https:\/\/www.mundoagropecuario.cl\/new\/wp-json\/wp\/v2\/posts\/22766\/revisions\/22768"}],"wp:featuredmedia":[{"embeddable":true,"href":"https:\/\/www.mundoagropecuario.cl\/new\/wp-json\/wp\/v2\/media\/22767"}],"wp:attachment":[{"href":"https:\/\/www.mundoagropecuario.cl\/new\/wp-json\/wp\/v2\/media?parent=22766"}],"wp:term":[{"taxonomy":"category","embeddable":true,"href":"https:\/\/www.mundoagropecuario.cl\/new\/wp-json\/wp\/v2\/categories?post=22766"},{"taxonomy":"post_tag","embeddable":true,"href":"https:\/\/www.mundoagropecuario.cl\/new\/wp-json\/wp\/v2\/tags?post=22766"}],"curies":[{"name":"wp","href":"https:\/\/api.w.org\/{rel}","templated":true}]}}