{"id":22664,"date":"2022-08-18T14:34:41","date_gmt":"2022-08-18T17:34:41","guid":{"rendered":"https:\/\/www.mundoagropecuario.cl\/new\/?p=22664"},"modified":"2022-08-23T12:40:16","modified_gmt":"2022-08-23T15:40:16","slug":"cooperativas-del-sur-renuevan-su-directorio-de-cara-a-un-futuro-mas-asociativo","status":"publish","type":"post","link":"https:\/\/www.mundoagropecuario.cl\/new\/cooperativas-del-sur-renuevan-su-directorio-de-cara-a-un-futuro-mas-asociativo\/","title":{"rendered":"Cooperativas del Sur renuevan su directorio de cara a un futuro m\u00e1s asociativo"},"content":{"rendered":"<blockquote>\n<h2><span style=\"color: #003366;\">Esta semana en las dependencias de Cooprinsem, la Asociaci\u00f3n Gremial de Cooperativas del Sur, entidad conformada por Cooprel, Colun, Torrencial Lechero, CREO, Cooprinsem, Bansur, Copelec, Car \u00d1uble, Crell y Libercoop, y la cual se ha transformado en un polo de desarrollo para el cooperativismo en el sur del pa\u00eds, se reuni\u00f3 para elegir a su directiva y definir sus lineamientos de cara a un nuevo periodo.<\/span><\/h2>\n<\/blockquote>\n<p>As\u00ed fue como el reelegido Presidente, Fernando Becker, sostuvo que \u201cesta fue una reuni\u00f3n muy buena, se renov\u00f3 el directorio con un desaf\u00edo bastante concreto, para retomar nuestras actividades con mayor intensidad, debemos convivir con la pandemia, y darle m\u00e1s agilidad y fortaleza al aparato comunicacional. Quedamos todos llenos de entusiasmo, llenos de optimismo porque vamos a poder realizar grandes desaf\u00edos a futuro, para incorporar m\u00e1s juventud a las cooperativas existentes, e ir desarrollando la estructura cooperativa en toda la regi\u00f3n, y a todo el pa\u00eds\u201d.<\/p>\n<p><a href=\"https:\/\/www.mundoagropecuario.cl\/new\/wp-content\/uploads\/2022\/08\/a1.jpg\"><img loading=\"lazy\" decoding=\"async\" class=\" wp-image-22665 alignright\" src=\"https:\/\/www.mundoagropecuario.cl\/new\/wp-content\/uploads\/2022\/08\/a1-586x440.jpg\" alt=\"\" width=\"554\" height=\"418\" \/><\/a>Asimismo, Becker recalc\u00f3 que es vital seguir potenciando este modelo cooperativo. &#8220;Esto es muy importante porque este modelo puede sacar a la gente de la pobreza, generar riqueza en las regiones, y poner de pie a gente que no tiene muchas alternativas de salir adelante. La estructura cooperativa permite desarrollar una actividad productiva y generar riqueza en las regiones, y permite adem\u00e1s exportar muchos productos, y repartir estos excedentes que se generen, permitiendo acceder a una clase media que va a dar una estabilidad pol\u00edtica y social al pa\u00eds en el tiempo, por lo que estamos muy optimistas&#8221;.<\/p>\n<p>Por su parte el Gerente General de Cooprinsem, Felipe Gottschalk, coment\u00f3 que gracias al trabajo realizado por la Asociaci\u00f3n, se ve un lineamiento genuino y compartido respecto al esp\u00edritu de impulsar el bien superior. \u201cEstamos siempre en la b\u00fasqueda de poner a las cooperativas sobre la mesa, hacerlas visibles, dar a conocer el modelo, sus bondades y creo que somos afortunados en el sur de Chile de contar con varias, muchas de ellas de una larga data con resultados satisfactorios y tambi\u00e9n nuevas que est\u00e1n ingresando a la asociatividad. Con esto conformamos un grupo que apunta a que este modelo, aporte valor econ\u00f3mico a la sociedad y que esa riqueza que se busca producir, vaya finalmente a la comunidad entera y sobre todo que quede en el \u00e1mbito local\u201d.<\/p>\n<p>Finalmente, Gottschalk\u00a0 reiter\u00f3 que \u201ccomo Cooperativa hemos estado desde un comienzo con la Asociaci\u00f3n y en ese sentido nuestro compromiso es absoluto con respecto a la asociatividad. De esta manera, continuaremos apoyando sin condici\u00f3n al gremio y a todo lo que vaya en post de impulsar este exitoso modelo\u201d.<\/p>\n","protected":false},"excerpt":{"rendered":"<p>La Asociaci\u00f3n Gremial renov\u00f3 su directorio, manteniendo la misma conformaci\u00f3n anterior, quedando como Presidente, Fernando Becker; Vicepresidente, Cristohf Weber;\u00a0 Secretario, Ram\u00f3n Toro y Directores, Osvaldo Manr\u00edquez y Mauricio Rojas.<\/p>\n","protected":false},"author":2,"featured_media":22669,"comment_status":"closed","ping_status":"closed","sticky":false,"template":"","format":"standard","meta":{"footnotes":""},"categories":[1950],"tags":[2090,3127,2332,6614,2034,2334,2261,2330,6636,2336,5154,3068,3324],"class_list":["post-22664","post","type-post","status-publish","format-standard","has-post-thumbnail","hentry","category-empresa","tag-agricultura","tag-agro","tag-bansur","tag-car-nuble","tag-colun","tag-cooprel","tag-cooprinsem","tag-copelec","tag-crell-y-libercoop","tag-creo","tag-felipe-gottschalk","tag-lecheros","tag-torrencial-lechero"],"yoast_head":"<!-- This site is optimized with the Yoast SEO plugin v26.6 - https:\/\/yoast.com\/wordpress\/plugins\/seo\/ -->\n<title>Cooperativas del Sur renuevan su directorio de cara a un futuro m\u00e1s asociativo - Mundoagropecuario<\/title>\n<meta name=\"description\" content=\"La Asociaci\u00f3n Gremial renov\u00f3 su directorio, manteniendo la misma conformaci\u00f3n anterior, quedando como Presidente, Fernando Becker.\" \/>\n<meta name=\"robots\" content=\"index, follow, max-snippet:-1, max-image-preview:large, max-video-preview:-1\" \/>\n<link rel=\"canonical\" href=\"https:\/\/www.mundoagropecuario.cl\/new\/cooperativas-del-sur-renuevan-su-directorio-de-cara-a-un-futuro-mas-asociativo\/\" \/>\n<meta property=\"og:locale\" content=\"es_ES\" \/>\n<meta property=\"og:type\" content=\"article\" \/>\n<meta property=\"og:title\" content=\"Cooperativas del Sur renuevan su directorio de cara a un futuro m\u00e1s asociativo - Mundoagropecuario\" \/>\n<meta property=\"og:description\" content=\"La Asociaci\u00f3n Gremial renov\u00f3 su directorio, manteniendo la misma conformaci\u00f3n anterior, quedando como Presidente, Fernando Becker.\" \/>\n<meta property=\"og:url\" content=\"https:\/\/www.mundoagropecuario.cl\/new\/cooperativas-del-sur-renuevan-su-directorio-de-cara-a-un-futuro-mas-asociativo\/\" \/>\n<meta property=\"og:site_name\" content=\"Mundoagropecuario\" \/>\n<meta property=\"article:publisher\" content=\"https:\/\/www.facebook.com\/mundo.agropecuario.3\" \/>\n<meta property=\"article:published_time\" content=\"2022-08-18T17:34:41+00:00\" \/>\n<meta property=\"article:modified_time\" content=\"2022-08-23T15:40:16+00:00\" \/>\n<meta property=\"og:image\" content=\"https:\/\/www.mundoagropecuario.cl\/new\/wp-content\/uploads\/2022\/08\/IMG-1032-1.jpg\" \/>\n\t<meta property=\"og:image:width\" content=\"765\" \/>\n\t<meta property=\"og:image:height\" content=\"437\" \/>\n\t<meta property=\"og:image:type\" content=\"image\/jpeg\" \/>\n<meta name=\"author\" content=\"mundo\" \/>\n<meta name=\"twitter:card\" content=\"summary_large_image\" \/>\n<meta name=\"twitter:creator\" content=\"@MundoAgropecuar\" \/>\n<meta name=\"twitter:site\" content=\"@MundoAgropecuar\" \/>\n<meta name=\"twitter:label1\" content=\"Escrito por\" \/>\n\t<meta name=\"twitter:data1\" content=\"mundo\" \/>\n\t<meta name=\"twitter:label2\" content=\"Tiempo de lectura\" \/>\n\t<meta name=\"twitter:data2\" content=\"2 minutos\" \/>\n<script type=\"application\/ld+json\" class=\"yoast-schema-graph\">{\"@context\":\"https:\/\/schema.org\",\"@graph\":[{\"@type\":\"Article\",\"@id\":\"https:\/\/www.mundoagropecuario.cl\/new\/cooperativas-del-sur-renuevan-su-directorio-de-cara-a-un-futuro-mas-asociativo\/#article\",\"isPartOf\":{\"@id\":\"https:\/\/www.mundoagropecuario.cl\/new\/cooperativas-del-sur-renuevan-su-directorio-de-cara-a-un-futuro-mas-asociativo\/\"},\"author\":{\"name\":\"mundo\",\"@id\":\"https:\/\/www.mundoagropecuario.cl\/new\/#\/schema\/person\/4e9f74a82a7dac260eb1c44b7eebeb18\"},\"headline\":\"Cooperativas del Sur renuevan su directorio de cara a un futuro m\u00e1s asociativo\",\"datePublished\":\"2022-08-18T17:34:41+00:00\",\"dateModified\":\"2022-08-23T15:40:16+00:00\",\"mainEntityOfPage\":{\"@id\":\"https:\/\/www.mundoagropecuario.cl\/new\/cooperativas-del-sur-renuevan-su-directorio-de-cara-a-un-futuro-mas-asociativo\/\"},\"wordCount\":462,\"publisher\":{\"@id\":\"https:\/\/www.mundoagropecuario.cl\/new\/#organization\"},\"image\":{\"@id\":\"https:\/\/www.mundoagropecuario.cl\/new\/cooperativas-del-sur-renuevan-su-directorio-de-cara-a-un-futuro-mas-asociativo\/#primaryimage\"},\"thumbnailUrl\":\"https:\/\/www.mundoagropecuario.cl\/new\/wp-content\/uploads\/2022\/08\/IMG-1032-1.jpg\",\"keywords\":[\"Agricultura\",\"Agro\",\"Bansur\",\"Car \u00d1uble\",\"Colun\",\"Cooprel\",\"Cooprinsem\",\"Copelec\",\"Crell y Libercoop\",\"CREO\",\"Felipe Gottschalk\",\"lecheros\",\"Torrencial Lechero\"],\"articleSection\":[\"Empresa\"],\"inLanguage\":\"es\"},{\"@type\":\"WebPage\",\"@id\":\"https:\/\/www.mundoagropecuario.cl\/new\/cooperativas-del-sur-renuevan-su-directorio-de-cara-a-un-futuro-mas-asociativo\/\",\"url\":\"https:\/\/www.mundoagropecuario.cl\/new\/cooperativas-del-sur-renuevan-su-directorio-de-cara-a-un-futuro-mas-asociativo\/\",\"name\":\"Cooperativas del Sur renuevan su directorio de cara a un futuro m\u00e1s asociativo - Mundoagropecuario\",\"isPartOf\":{\"@id\":\"https:\/\/www.mundoagropecuario.cl\/new\/#website\"},\"primaryImageOfPage\":{\"@id\":\"https:\/\/www.mundoagropecuario.cl\/new\/cooperativas-del-sur-renuevan-su-directorio-de-cara-a-un-futuro-mas-asociativo\/#primaryimage\"},\"image\":{\"@id\":\"https:\/\/www.mundoagropecuario.cl\/new\/cooperativas-del-sur-renuevan-su-directorio-de-cara-a-un-futuro-mas-asociativo\/#primaryimage\"},\"thumbnailUrl\":\"https:\/\/www.mundoagropecuario.cl\/new\/wp-content\/uploads\/2022\/08\/IMG-1032-1.jpg\",\"datePublished\":\"2022-08-18T17:34:41+00:00\",\"dateModified\":\"2022-08-23T15:40:16+00:00\",\"description\":\"La Asociaci\u00f3n Gremial renov\u00f3 su directorio, manteniendo la misma conformaci\u00f3n anterior, quedando como Presidente, Fernando Becker.\",\"breadcrumb\":{\"@id\":\"https:\/\/www.mundoagropecuario.cl\/new\/cooperativas-del-sur-renuevan-su-directorio-de-cara-a-un-futuro-mas-asociativo\/#breadcrumb\"},\"inLanguage\":\"es\",\"potentialAction\":[{\"@type\":\"ReadAction\",\"target\":[\"https:\/\/www.mundoagropecuario.cl\/new\/cooperativas-del-sur-renuevan-su-directorio-de-cara-a-un-futuro-mas-asociativo\/\"]}]},{\"@type\":\"ImageObject\",\"inLanguage\":\"es\",\"@id\":\"https:\/\/www.mundoagropecuario.cl\/new\/cooperativas-del-sur-renuevan-su-directorio-de-cara-a-un-futuro-mas-asociativo\/#primaryimage\",\"url\":\"https:\/\/www.mundoagropecuario.cl\/new\/wp-content\/uploads\/2022\/08\/IMG-1032-1.jpg\",\"contentUrl\":\"https:\/\/www.mundoagropecuario.cl\/new\/wp-content\/uploads\/2022\/08\/IMG-1032-1.jpg\",\"width\":700,\"height\":400},{\"@type\":\"BreadcrumbList\",\"@id\":\"https:\/\/www.mundoagropecuario.cl\/new\/cooperativas-del-sur-renuevan-su-directorio-de-cara-a-un-futuro-mas-asociativo\/#breadcrumb\",\"itemListElement\":[{\"@type\":\"ListItem\",\"position\":1,\"name\":\"Portada\",\"item\":\"https:\/\/www.mundoagropecuario.cl\/new\/\"},{\"@type\":\"ListItem\",\"position\":2,\"name\":\"Cooperativas del Sur renuevan su directorio de cara a un futuro m\u00e1s asociativo\"}]},{\"@type\":\"WebSite\",\"@id\":\"https:\/\/www.mundoagropecuario.cl\/new\/#website\",\"url\":\"https:\/\/www.mundoagropecuario.cl\/new\/\",\"name\":\"Mundoagropecuario\",\"description\":\"Mundo Agropecuario\",\"publisher\":{\"@id\":\"https:\/\/www.mundoagropecuario.cl\/new\/#organization\"},\"potentialAction\":[{\"@type\":\"SearchAction\",\"target\":{\"@type\":\"EntryPoint\",\"urlTemplate\":\"https:\/\/www.mundoagropecuario.cl\/new\/?s={search_term_string}\"},\"query-input\":{\"@type\":\"PropertyValueSpecification\",\"valueRequired\":true,\"valueName\":\"search_term_string\"}}],\"inLanguage\":\"es\"},{\"@type\":\"Organization\",\"@id\":\"https:\/\/www.mundoagropecuario.cl\/new\/#organization\",\"name\":\"Revista de Agricultura\",\"url\":\"https:\/\/www.mundoagropecuario.cl\/new\/\",\"logo\":{\"@type\":\"ImageObject\",\"inLanguage\":\"es\",\"@id\":\"https:\/\/www.mundoagropecuario.cl\/new\/#\/schema\/logo\/image\/\",\"url\":\"https:\/\/www.mundoagropecuario.cl\/new\/wp-content\/uploads\/2020\/11\/PORTAL-1-1.png\",\"contentUrl\":\"https:\/\/www.mundoagropecuario.cl\/new\/wp-content\/uploads\/2020\/11\/PORTAL-1-1.png\",\"width\":1026,\"height\":100,\"caption\":\"Revista de Agricultura\"},\"image\":{\"@id\":\"https:\/\/www.mundoagropecuario.cl\/new\/#\/schema\/logo\/image\/\"},\"sameAs\":[\"https:\/\/www.facebook.com\/mundo.agropecuario.3\",\"https:\/\/x.com\/MundoAgropecuar\",\"https:\/\/www.linkedin.com\/in\/mundo-agropecuario-934009201\/\"]},{\"@type\":\"Person\",\"@id\":\"https:\/\/www.mundoagropecuario.cl\/new\/#\/schema\/person\/4e9f74a82a7dac260eb1c44b7eebeb18\",\"name\":\"mundo\",\"url\":\"https:\/\/www.mundoagropecuario.cl\/new\/author\/mundo\/\"}]}<\/script>\n<!-- \/ Yoast SEO plugin. -->","yoast_head_json":{"title":"Cooperativas del Sur renuevan su directorio de cara a un futuro m\u00e1s asociativo - Mundoagropecuario","description":"La Asociaci\u00f3n Gremial renov\u00f3 su directorio, manteniendo la misma conformaci\u00f3n anterior, quedando como Presidente, Fernando Becker.","robots":{"index":"index","follow":"follow","max-snippet":"max-snippet:-1","max-image-preview":"max-image-preview:large","max-video-preview":"max-video-preview:-1"},"canonical":"https:\/\/www.mundoagropecuario.cl\/new\/cooperativas-del-sur-renuevan-su-directorio-de-cara-a-un-futuro-mas-asociativo\/","og_locale":"es_ES","og_type":"article","og_title":"Cooperativas del Sur renuevan su directorio de cara a un futuro m\u00e1s asociativo - Mundoagropecuario","og_description":"La Asociaci\u00f3n Gremial renov\u00f3 su directorio, manteniendo la misma conformaci\u00f3n anterior, quedando como Presidente, Fernando Becker.","og_url":"https:\/\/www.mundoagropecuario.cl\/new\/cooperativas-del-sur-renuevan-su-directorio-de-cara-a-un-futuro-mas-asociativo\/","og_site_name":"Mundoagropecuario","article_publisher":"https:\/\/www.facebook.com\/mundo.agropecuario.3","article_published_time":"2022-08-18T17:34:41+00:00","article_modified_time":"2022-08-23T15:40:16+00:00","og_image":[{"width":765,"height":437,"url":"https:\/\/www.mundoagropecuario.cl\/new\/wp-content\/uploads\/2022\/08\/IMG-1032-1.jpg","type":"image\/jpeg"}],"author":"mundo","twitter_card":"summary_large_image","twitter_creator":"@MundoAgropecuar","twitter_site":"@MundoAgropecuar","twitter_misc":{"Escrito por":"mundo","Tiempo de lectura":"2 minutos"},"schema":{"@context":"https:\/\/schema.org","@graph":[{"@type":"Article","@id":"https:\/\/www.mundoagropecuario.cl\/new\/cooperativas-del-sur-renuevan-su-directorio-de-cara-a-un-futuro-mas-asociativo\/#article","isPartOf":{"@id":"https:\/\/www.mundoagropecuario.cl\/new\/cooperativas-del-sur-renuevan-su-directorio-de-cara-a-un-futuro-mas-asociativo\/"},"author":{"name":"mundo","@id":"https:\/\/www.mundoagropecuario.cl\/new\/#\/schema\/person\/4e9f74a82a7dac260eb1c44b7eebeb18"},"headline":"Cooperativas del Sur renuevan su directorio de cara a un futuro m\u00e1s asociativo","datePublished":"2022-08-18T17:34:41+00:00","dateModified":"2022-08-23T15:40:16+00:00","mainEntityOfPage":{"@id":"https:\/\/www.mundoagropecuario.cl\/new\/cooperativas-del-sur-renuevan-su-directorio-de-cara-a-un-futuro-mas-asociativo\/"},"wordCount":462,"publisher":{"@id":"https:\/\/www.mundoagropecuario.cl\/new\/#organization"},"image":{"@id":"https:\/\/www.mundoagropecuario.cl\/new\/cooperativas-del-sur-renuevan-su-directorio-de-cara-a-un-futuro-mas-asociativo\/#primaryimage"},"thumbnailUrl":"https:\/\/www.mundoagropecuario.cl\/new\/wp-content\/uploads\/2022\/08\/IMG-1032-1.jpg","keywords":["Agricultura","Agro","Bansur","Car \u00d1uble","Colun","Cooprel","Cooprinsem","Copelec","Crell y Libercoop","CREO","Felipe Gottschalk","lecheros","Torrencial Lechero"],"articleSection":["Empresa"],"inLanguage":"es"},{"@type":"WebPage","@id":"https:\/\/www.mundoagropecuario.cl\/new\/cooperativas-del-sur-renuevan-su-directorio-de-cara-a-un-futuro-mas-asociativo\/","url":"https:\/\/www.mundoagropecuario.cl\/new\/cooperativas-del-sur-renuevan-su-directorio-de-cara-a-un-futuro-mas-asociativo\/","name":"Cooperativas del Sur renuevan su directorio de cara a un futuro m\u00e1s asociativo - Mundoagropecuario","isPartOf":{"@id":"https:\/\/www.mundoagropecuario.cl\/new\/#website"},"primaryImageOfPage":{"@id":"https:\/\/www.mundoagropecuario.cl\/new\/cooperativas-del-sur-renuevan-su-directorio-de-cara-a-un-futuro-mas-asociativo\/#primaryimage"},"image":{"@id":"https:\/\/www.mundoagropecuario.cl\/new\/cooperativas-del-sur-renuevan-su-directorio-de-cara-a-un-futuro-mas-asociativo\/#primaryimage"},"thumbnailUrl":"https:\/\/www.mundoagropecuario.cl\/new\/wp-content\/uploads\/2022\/08\/IMG-1032-1.jpg","datePublished":"2022-08-18T17:34:41+00:00","dateModified":"2022-08-23T15:40:16+00:00","description":"La Asociaci\u00f3n Gremial renov\u00f3 su directorio, manteniendo la misma conformaci\u00f3n anterior, quedando como Presidente, Fernando Becker.","breadcrumb":{"@id":"https:\/\/www.mundoagropecuario.cl\/new\/cooperativas-del-sur-renuevan-su-directorio-de-cara-a-un-futuro-mas-asociativo\/#breadcrumb"},"inLanguage":"es","potentialAction":[{"@type":"ReadAction","target":["https:\/\/www.mundoagropecuario.cl\/new\/cooperativas-del-sur-renuevan-su-directorio-de-cara-a-un-futuro-mas-asociativo\/"]}]},{"@type":"ImageObject","inLanguage":"es","@id":"https:\/\/www.mundoagropecuario.cl\/new\/cooperativas-del-sur-renuevan-su-directorio-de-cara-a-un-futuro-mas-asociativo\/#primaryimage","url":"https:\/\/www.mundoagropecuario.cl\/new\/wp-content\/uploads\/2022\/08\/IMG-1032-1.jpg","contentUrl":"https:\/\/www.mundoagropecuario.cl\/new\/wp-content\/uploads\/2022\/08\/IMG-1032-1.jpg","width":700,"height":400},{"@type":"BreadcrumbList","@id":"https:\/\/www.mundoagropecuario.cl\/new\/cooperativas-del-sur-renuevan-su-directorio-de-cara-a-un-futuro-mas-asociativo\/#breadcrumb","itemListElement":[{"@type":"ListItem","position":1,"name":"Portada","item":"https:\/\/www.mundoagropecuario.cl\/new\/"},{"@type":"ListItem","position":2,"name":"Cooperativas del Sur renuevan su directorio de cara a un futuro m\u00e1s asociativo"}]},{"@type":"WebSite","@id":"https:\/\/www.mundoagropecuario.cl\/new\/#website","url":"https:\/\/www.mundoagropecuario.cl\/new\/","name":"Mundoagropecuario","description":"Mundo Agropecuario","publisher":{"@id":"https:\/\/www.mundoagropecuario.cl\/new\/#organization"},"potentialAction":[{"@type":"SearchAction","target":{"@type":"EntryPoint","urlTemplate":"https:\/\/www.mundoagropecuario.cl\/new\/?s={search_term_string}"},"query-input":{"@type":"PropertyValueSpecification","valueRequired":true,"valueName":"search_term_string"}}],"inLanguage":"es"},{"@type":"Organization","@id":"https:\/\/www.mundoagropecuario.cl\/new\/#organization","name":"Revista de Agricultura","url":"https:\/\/www.mundoagropecuario.cl\/new\/","logo":{"@type":"ImageObject","inLanguage":"es","@id":"https:\/\/www.mundoagropecuario.cl\/new\/#\/schema\/logo\/image\/","url":"https:\/\/www.mundoagropecuario.cl\/new\/wp-content\/uploads\/2020\/11\/PORTAL-1-1.png","contentUrl":"https:\/\/www.mundoagropecuario.cl\/new\/wp-content\/uploads\/2020\/11\/PORTAL-1-1.png","width":1026,"height":100,"caption":"Revista de Agricultura"},"image":{"@id":"https:\/\/www.mundoagropecuario.cl\/new\/#\/schema\/logo\/image\/"},"sameAs":["https:\/\/www.facebook.com\/mundo.agropecuario.3","https:\/\/x.com\/MundoAgropecuar","https:\/\/www.linkedin.com\/in\/mundo-agropecuario-934009201\/"]},{"@type":"Person","@id":"https:\/\/www.mundoagropecuario.cl\/new\/#\/schema\/person\/4e9f74a82a7dac260eb1c44b7eebeb18","name":"mundo","url":"https:\/\/www.mundoagropecuario.cl\/new\/author\/mundo\/"}]}},"_links":{"self":[{"href":"https:\/\/www.mundoagropecuario.cl\/new\/wp-json\/wp\/v2\/posts\/22664","targetHints":{"allow":["GET"]}}],"collection":[{"href":"https:\/\/www.mundoagropecuario.cl\/new\/wp-json\/wp\/v2\/posts"}],"about":[{"href":"https:\/\/www.mundoagropecuario.cl\/new\/wp-json\/wp\/v2\/types\/post"}],"author":[{"embeddable":true,"href":"https:\/\/www.mundoagropecuario.cl\/new\/wp-json\/wp\/v2\/users\/2"}],"replies":[{"embeddable":true,"href":"https:\/\/www.mundoagropecuario.cl\/new\/wp-json\/wp\/v2\/comments?post=22664"}],"version-history":[{"count":1,"href":"https:\/\/www.mundoagropecuario.cl\/new\/wp-json\/wp\/v2\/posts\/22664\/revisions"}],"predecessor-version":[{"id":22667,"href":"https:\/\/www.mundoagropecuario.cl\/new\/wp-json\/wp\/v2\/posts\/22664\/revisions\/22667"}],"wp:featuredmedia":[{"embeddable":true,"href":"https:\/\/www.mundoagropecuario.cl\/new\/wp-json\/wp\/v2\/media\/22669"}],"wp:attachment":[{"href":"https:\/\/www.mundoagropecuario.cl\/new\/wp-json\/wp\/v2\/media?parent=22664"}],"wp:term":[{"taxonomy":"category","embeddable":true,"href":"https:\/\/www.mundoagropecuario.cl\/new\/wp-json\/wp\/v2\/categories?post=22664"},{"taxonomy":"post_tag","embeddable":true,"href":"https:\/\/www.mundoagropecuario.cl\/new\/wp-json\/wp\/v2\/tags?post=22664"}],"curies":[{"name":"wp","href":"https:\/\/api.w.org\/{rel}","templated":true}]}}