{"id":22645,"date":"2022-08-17T13:02:38","date_gmt":"2022-08-17T16:02:38","guid":{"rendered":"https:\/\/www.mundoagropecuario.cl\/new\/?p=22645"},"modified":"2022-08-22T12:03:44","modified_gmt":"2022-08-22T15:03:44","slug":"expectacion-en-la-industria-lactea-por-encarecimiento-de-insumos-y-baja-en-la-produccion-este-2022","status":"publish","type":"post","link":"https:\/\/www.mundoagropecuario.cl\/new\/expectacion-en-la-industria-lactea-por-encarecimiento-de-insumos-y-baja-en-la-produccion-este-2022\/","title":{"rendered":"Expectaci\u00f3n en la industria l\u00e1ctea por encarecimiento de insumos y baja en la producci\u00f3n este 2022"},"content":{"rendered":"<blockquote>\n<h2><span style=\"color: #003366;\">La industria l\u00e1ctea, una de las m\u00e1s importantes para la regi\u00f3n de Los Lagos, present\u00f3 una variaci\u00f3n negativa de 0,1 % en la recepci\u00f3n del producto respecto del a\u00f1o anterior en el mismo periodo.\u00a0<\/span><\/h2>\n<\/blockquote>\n<p>Desde la Federaci\u00f3n Nacional de Productores de Leche aseguran estar expectantes al comportamiento que tendr\u00e1 la industria l\u00e1ctea durante la primavera, luego de haber registrado una variaci\u00f3n negativa de un 0,1 % de la recepci\u00f3n nacional.<\/p>\n<p>Se trata de uno de los rubros de mayor impacto en la regi\u00f3n de Los Lagos, debido a la cantidad de empleos, la asociatividad con la comunidad y la importancia que tiene en la poblaci\u00f3n, tanto su elaboraci\u00f3n como el consumo.<\/p>\n<p>Con ello, seg\u00fan los datos estad\u00edsticos de la Oficina de Estudios y Pol\u00edticas Agrarias, la recepci\u00f3n nacional de leche cruda entre enero y junio registr\u00f3 una variaci\u00f3n negativa de un 0,1 % respecto del mismo periodo del a\u00f1o anterior: 802 mil litros de leche menos a lo registrado en igual lapso del a\u00f1o pasado.<\/p>\n<p><a href=\"https:\/\/www.mundoagropecuario.cl\/new\/wp-content\/uploads\/2021\/10\/Marcos-Winkler-Fedeleche-scaled.jpg\"><img loading=\"lazy\" decoding=\"async\" class=\" wp-image-20483 alignright\" src=\"https:\/\/www.mundoagropecuario.cl\/new\/wp-content\/uploads\/2021\/10\/Marcos-Winkler-Fedeleche-586x391.jpg\" alt=\"\" width=\"476\" height=\"287\" \/><\/a>Pese a los n\u00fameros -que muestran una leve diferencia con el a\u00f1o 2021- hay una situaci\u00f3n complicada en cuanto a costos, para mantener la producci\u00f3n, explic\u00f3 el presidente de la Federaci\u00f3n Nacional de Productores de Leche, Marcos Winkler.<\/p>\n<p><strong><span style=\"color: #003366;\">Productores se han visto afectados<\/span><\/strong><\/p>\n<p>Se\u00f1al\u00f3 que el aumento en el costo de producci\u00f3n ha repercutido en los productores en los \u00faltimos 3 a\u00f1os, donde se elevaron los insumos y no subi\u00f3 el ingreso en la misma proporci\u00f3n.<\/p>\n<p>Pese a ello, destaca que la producci\u00f3n se ha mantenido pese a las complicaciones.<\/p>\n<p>Desde la Federaci\u00f3n Nacional, explican que para el futuro se esperan desaf\u00edos de corto y largo plazo, uno de ellos, es la entrega de herramientas para el apoyo de productores que han sufrido las inclemencias con la realidad actual del costo de producci\u00f3n.<\/p>\n<p>Adem\u00e1s de potenciar a la industria l\u00e1ctea con las campa\u00f1as de promoci\u00f3n de la producci\u00f3n nacional, as\u00ed como tambi\u00e9n mantener la colocaci\u00f3n internacional a trav\u00e9s de ChileMilk, programa territorial integrado Los Lagos de Corfo y Pro Chile, que busca posicionar al sector l\u00e1cteo chileno a nivel internacional.<\/p>\n<p>Fuente: Biobiochile.cl<\/p>\n","protected":false},"excerpt":{"rendered":"<p>Desde Fedeleche informaron sobre el aumento de costos de producci\u00f3n, lo que ha afectado a los productores de la Regi\u00f3n.<\/p>\n","protected":false},"author":2,"featured_media":21245,"comment_status":"closed","ping_status":"closed","sticky":false,"template":"","format":"standard","meta":{"footnotes":""},"categories":[1946],"tags":[2090,3127,7137,7301,2058,2068,2141,2051,4098],"class_list":["post-22645","post","type-post","status-publish","format-standard","has-post-thumbnail","hentry","category-lacteos","tag-agricultura","tag-agro","tag-chilemilk","tag-corfo-y-pro-chile","tag-fedeleche","tag-industria-lactea","tag-lacteos","tag-leche","tag-marcos-winkler"],"yoast_head":"<!-- This site is optimized with the Yoast SEO plugin v26.6 - https:\/\/yoast.com\/wordpress\/plugins\/seo\/ -->\n<title>Expectaci\u00f3n en la industria l\u00e1ctea por encarecimiento de insumos y baja en la producci\u00f3n este 2022 - Mundoagropecuario<\/title>\n<meta name=\"description\" content=\"Desde Fedeleche informaron sobre el aumento de costos de producci\u00f3n, lo que ha afectado a los productores de la Regi\u00f3n.\" \/>\n<meta name=\"robots\" content=\"index, follow, max-snippet:-1, max-image-preview:large, max-video-preview:-1\" \/>\n<link rel=\"canonical\" href=\"https:\/\/www.mundoagropecuario.cl\/new\/expectacion-en-la-industria-lactea-por-encarecimiento-de-insumos-y-baja-en-la-produccion-este-2022\/\" \/>\n<meta property=\"og:locale\" content=\"es_ES\" \/>\n<meta property=\"og:type\" content=\"article\" \/>\n<meta property=\"og:title\" content=\"Expectaci\u00f3n en la industria l\u00e1ctea por encarecimiento de insumos y baja en la producci\u00f3n este 2022 - Mundoagropecuario\" \/>\n<meta property=\"og:description\" content=\"Desde Fedeleche informaron sobre el aumento de costos de producci\u00f3n, lo que ha afectado a los productores de la Regi\u00f3n.\" \/>\n<meta property=\"og:url\" content=\"https:\/\/www.mundoagropecuario.cl\/new\/expectacion-en-la-industria-lactea-por-encarecimiento-de-insumos-y-baja-en-la-produccion-este-2022\/\" \/>\n<meta property=\"og:site_name\" content=\"Mundoagropecuario\" \/>\n<meta property=\"article:publisher\" content=\"https:\/\/www.facebook.com\/mundo.agropecuario.3\" \/>\n<meta property=\"article:published_time\" content=\"2022-08-17T16:02:38+00:00\" \/>\n<meta property=\"article:modified_time\" content=\"2022-08-22T15:03:44+00:00\" \/>\n<meta property=\"og:image\" content=\"https:\/\/www.mundoagropecuario.cl\/new\/wp-content\/uploads\/2021\/12\/leche6.jpeg\" \/>\n\t<meta property=\"og:image:width\" content=\"750\" \/>\n\t<meta property=\"og:image:height\" content=\"536\" \/>\n\t<meta property=\"og:image:type\" content=\"image\/jpeg\" \/>\n<meta name=\"author\" content=\"mundo\" \/>\n<meta name=\"twitter:card\" content=\"summary_large_image\" \/>\n<meta name=\"twitter:creator\" content=\"@MundoAgropecuar\" \/>\n<meta name=\"twitter:site\" content=\"@MundoAgropecuar\" \/>\n<meta name=\"twitter:label1\" content=\"Escrito por\" \/>\n\t<meta name=\"twitter:data1\" content=\"mundo\" \/>\n\t<meta name=\"twitter:label2\" content=\"Tiempo de lectura\" \/>\n\t<meta name=\"twitter:data2\" content=\"2 minutos\" \/>\n<script type=\"application\/ld+json\" class=\"yoast-schema-graph\">{\"@context\":\"https:\/\/schema.org\",\"@graph\":[{\"@type\":\"Article\",\"@id\":\"https:\/\/www.mundoagropecuario.cl\/new\/expectacion-en-la-industria-lactea-por-encarecimiento-de-insumos-y-baja-en-la-produccion-este-2022\/#article\",\"isPartOf\":{\"@id\":\"https:\/\/www.mundoagropecuario.cl\/new\/expectacion-en-la-industria-lactea-por-encarecimiento-de-insumos-y-baja-en-la-produccion-este-2022\/\"},\"author\":{\"name\":\"mundo\",\"@id\":\"https:\/\/www.mundoagropecuario.cl\/new\/#\/schema\/person\/4e9f74a82a7dac260eb1c44b7eebeb18\"},\"headline\":\"Expectaci\u00f3n en la industria l\u00e1ctea por encarecimiento de insumos y baja en la producci\u00f3n este 2022\",\"datePublished\":\"2022-08-17T16:02:38+00:00\",\"dateModified\":\"2022-08-22T15:03:44+00:00\",\"mainEntityOfPage\":{\"@id\":\"https:\/\/www.mundoagropecuario.cl\/new\/expectacion-en-la-industria-lactea-por-encarecimiento-de-insumos-y-baja-en-la-produccion-este-2022\/\"},\"wordCount\":400,\"publisher\":{\"@id\":\"https:\/\/www.mundoagropecuario.cl\/new\/#organization\"},\"image\":{\"@id\":\"https:\/\/www.mundoagropecuario.cl\/new\/expectacion-en-la-industria-lactea-por-encarecimiento-de-insumos-y-baja-en-la-produccion-este-2022\/#primaryimage\"},\"thumbnailUrl\":\"https:\/\/www.mundoagropecuario.cl\/new\/wp-content\/uploads\/2021\/12\/leche6.jpeg\",\"keywords\":[\"Agricultura\",\"Agro\",\"Chilemilk\",\"Corfo y Pro Chile\",\"Fedeleche\",\"Industria l\u00e1ctea\",\"L\u00e1cteos\",\"Leche\",\"Marcos Winkler.\"],\"articleSection\":[\"L\u00e1cteos\"],\"inLanguage\":\"es\"},{\"@type\":\"WebPage\",\"@id\":\"https:\/\/www.mundoagropecuario.cl\/new\/expectacion-en-la-industria-lactea-por-encarecimiento-de-insumos-y-baja-en-la-produccion-este-2022\/\",\"url\":\"https:\/\/www.mundoagropecuario.cl\/new\/expectacion-en-la-industria-lactea-por-encarecimiento-de-insumos-y-baja-en-la-produccion-este-2022\/\",\"name\":\"Expectaci\u00f3n en la industria l\u00e1ctea por encarecimiento de insumos y baja en la producci\u00f3n este 2022 - Mundoagropecuario\",\"isPartOf\":{\"@id\":\"https:\/\/www.mundoagropecuario.cl\/new\/#website\"},\"primaryImageOfPage\":{\"@id\":\"https:\/\/www.mundoagropecuario.cl\/new\/expectacion-en-la-industria-lactea-por-encarecimiento-de-insumos-y-baja-en-la-produccion-este-2022\/#primaryimage\"},\"image\":{\"@id\":\"https:\/\/www.mundoagropecuario.cl\/new\/expectacion-en-la-industria-lactea-por-encarecimiento-de-insumos-y-baja-en-la-produccion-este-2022\/#primaryimage\"},\"thumbnailUrl\":\"https:\/\/www.mundoagropecuario.cl\/new\/wp-content\/uploads\/2021\/12\/leche6.jpeg\",\"datePublished\":\"2022-08-17T16:02:38+00:00\",\"dateModified\":\"2022-08-22T15:03:44+00:00\",\"description\":\"Desde Fedeleche informaron sobre el aumento de costos de producci\u00f3n, lo que ha afectado a los productores de la Regi\u00f3n.\",\"breadcrumb\":{\"@id\":\"https:\/\/www.mundoagropecuario.cl\/new\/expectacion-en-la-industria-lactea-por-encarecimiento-de-insumos-y-baja-en-la-produccion-este-2022\/#breadcrumb\"},\"inLanguage\":\"es\",\"potentialAction\":[{\"@type\":\"ReadAction\",\"target\":[\"https:\/\/www.mundoagropecuario.cl\/new\/expectacion-en-la-industria-lactea-por-encarecimiento-de-insumos-y-baja-en-la-produccion-este-2022\/\"]}]},{\"@type\":\"ImageObject\",\"inLanguage\":\"es\",\"@id\":\"https:\/\/www.mundoagropecuario.cl\/new\/expectacion-en-la-industria-lactea-por-encarecimiento-de-insumos-y-baja-en-la-produccion-este-2022\/#primaryimage\",\"url\":\"https:\/\/www.mundoagropecuario.cl\/new\/wp-content\/uploads\/2021\/12\/leche6.jpeg\",\"contentUrl\":\"https:\/\/www.mundoagropecuario.cl\/new\/wp-content\/uploads\/2021\/12\/leche6.jpeg\",\"width\":560,\"height\":400},{\"@type\":\"BreadcrumbList\",\"@id\":\"https:\/\/www.mundoagropecuario.cl\/new\/expectacion-en-la-industria-lactea-por-encarecimiento-de-insumos-y-baja-en-la-produccion-este-2022\/#breadcrumb\",\"itemListElement\":[{\"@type\":\"ListItem\",\"position\":1,\"name\":\"Portada\",\"item\":\"https:\/\/www.mundoagropecuario.cl\/new\/\"},{\"@type\":\"ListItem\",\"position\":2,\"name\":\"Expectaci\u00f3n en la industria l\u00e1ctea por encarecimiento de insumos y baja en la producci\u00f3n este 2022\"}]},{\"@type\":\"WebSite\",\"@id\":\"https:\/\/www.mundoagropecuario.cl\/new\/#website\",\"url\":\"https:\/\/www.mundoagropecuario.cl\/new\/\",\"name\":\"Mundoagropecuario\",\"description\":\"Mundo Agropecuario\",\"publisher\":{\"@id\":\"https:\/\/www.mundoagropecuario.cl\/new\/#organization\"},\"potentialAction\":[{\"@type\":\"SearchAction\",\"target\":{\"@type\":\"EntryPoint\",\"urlTemplate\":\"https:\/\/www.mundoagropecuario.cl\/new\/?s={search_term_string}\"},\"query-input\":{\"@type\":\"PropertyValueSpecification\",\"valueRequired\":true,\"valueName\":\"search_term_string\"}}],\"inLanguage\":\"es\"},{\"@type\":\"Organization\",\"@id\":\"https:\/\/www.mundoagropecuario.cl\/new\/#organization\",\"name\":\"Revista de Agricultura\",\"url\":\"https:\/\/www.mundoagropecuario.cl\/new\/\",\"logo\":{\"@type\":\"ImageObject\",\"inLanguage\":\"es\",\"@id\":\"https:\/\/www.mundoagropecuario.cl\/new\/#\/schema\/logo\/image\/\",\"url\":\"https:\/\/www.mundoagropecuario.cl\/new\/wp-content\/uploads\/2020\/11\/PORTAL-1-1.png\",\"contentUrl\":\"https:\/\/www.mundoagropecuario.cl\/new\/wp-content\/uploads\/2020\/11\/PORTAL-1-1.png\",\"width\":1026,\"height\":100,\"caption\":\"Revista de Agricultura\"},\"image\":{\"@id\":\"https:\/\/www.mundoagropecuario.cl\/new\/#\/schema\/logo\/image\/\"},\"sameAs\":[\"https:\/\/www.facebook.com\/mundo.agropecuario.3\",\"https:\/\/x.com\/MundoAgropecuar\",\"https:\/\/www.linkedin.com\/in\/mundo-agropecuario-934009201\/\"]},{\"@type\":\"Person\",\"@id\":\"https:\/\/www.mundoagropecuario.cl\/new\/#\/schema\/person\/4e9f74a82a7dac260eb1c44b7eebeb18\",\"name\":\"mundo\",\"url\":\"https:\/\/www.mundoagropecuario.cl\/new\/author\/mundo\/\"}]}<\/script>\n<!-- \/ Yoast SEO plugin. -->","yoast_head_json":{"title":"Expectaci\u00f3n en la industria l\u00e1ctea por encarecimiento de insumos y baja en la producci\u00f3n este 2022 - Mundoagropecuario","description":"Desde Fedeleche informaron sobre el aumento de costos de producci\u00f3n, lo que ha afectado a los productores de la Regi\u00f3n.","robots":{"index":"index","follow":"follow","max-snippet":"max-snippet:-1","max-image-preview":"max-image-preview:large","max-video-preview":"max-video-preview:-1"},"canonical":"https:\/\/www.mundoagropecuario.cl\/new\/expectacion-en-la-industria-lactea-por-encarecimiento-de-insumos-y-baja-en-la-produccion-este-2022\/","og_locale":"es_ES","og_type":"article","og_title":"Expectaci\u00f3n en la industria l\u00e1ctea por encarecimiento de insumos y baja en la producci\u00f3n este 2022 - Mundoagropecuario","og_description":"Desde Fedeleche informaron sobre el aumento de costos de producci\u00f3n, lo que ha afectado a los productores de la Regi\u00f3n.","og_url":"https:\/\/www.mundoagropecuario.cl\/new\/expectacion-en-la-industria-lactea-por-encarecimiento-de-insumos-y-baja-en-la-produccion-este-2022\/","og_site_name":"Mundoagropecuario","article_publisher":"https:\/\/www.facebook.com\/mundo.agropecuario.3","article_published_time":"2022-08-17T16:02:38+00:00","article_modified_time":"2022-08-22T15:03:44+00:00","og_image":[{"width":750,"height":536,"url":"https:\/\/www.mundoagropecuario.cl\/new\/wp-content\/uploads\/2021\/12\/leche6.jpeg","type":"image\/jpeg"}],"author":"mundo","twitter_card":"summary_large_image","twitter_creator":"@MundoAgropecuar","twitter_site":"@MundoAgropecuar","twitter_misc":{"Escrito por":"mundo","Tiempo de lectura":"2 minutos"},"schema":{"@context":"https:\/\/schema.org","@graph":[{"@type":"Article","@id":"https:\/\/www.mundoagropecuario.cl\/new\/expectacion-en-la-industria-lactea-por-encarecimiento-de-insumos-y-baja-en-la-produccion-este-2022\/#article","isPartOf":{"@id":"https:\/\/www.mundoagropecuario.cl\/new\/expectacion-en-la-industria-lactea-por-encarecimiento-de-insumos-y-baja-en-la-produccion-este-2022\/"},"author":{"name":"mundo","@id":"https:\/\/www.mundoagropecuario.cl\/new\/#\/schema\/person\/4e9f74a82a7dac260eb1c44b7eebeb18"},"headline":"Expectaci\u00f3n en la industria l\u00e1ctea por encarecimiento de insumos y baja en la producci\u00f3n este 2022","datePublished":"2022-08-17T16:02:38+00:00","dateModified":"2022-08-22T15:03:44+00:00","mainEntityOfPage":{"@id":"https:\/\/www.mundoagropecuario.cl\/new\/expectacion-en-la-industria-lactea-por-encarecimiento-de-insumos-y-baja-en-la-produccion-este-2022\/"},"wordCount":400,"publisher":{"@id":"https:\/\/www.mundoagropecuario.cl\/new\/#organization"},"image":{"@id":"https:\/\/www.mundoagropecuario.cl\/new\/expectacion-en-la-industria-lactea-por-encarecimiento-de-insumos-y-baja-en-la-produccion-este-2022\/#primaryimage"},"thumbnailUrl":"https:\/\/www.mundoagropecuario.cl\/new\/wp-content\/uploads\/2021\/12\/leche6.jpeg","keywords":["Agricultura","Agro","Chilemilk","Corfo y Pro Chile","Fedeleche","Industria l\u00e1ctea","L\u00e1cteos","Leche","Marcos Winkler."],"articleSection":["L\u00e1cteos"],"inLanguage":"es"},{"@type":"WebPage","@id":"https:\/\/www.mundoagropecuario.cl\/new\/expectacion-en-la-industria-lactea-por-encarecimiento-de-insumos-y-baja-en-la-produccion-este-2022\/","url":"https:\/\/www.mundoagropecuario.cl\/new\/expectacion-en-la-industria-lactea-por-encarecimiento-de-insumos-y-baja-en-la-produccion-este-2022\/","name":"Expectaci\u00f3n en la industria l\u00e1ctea por encarecimiento de insumos y baja en la producci\u00f3n este 2022 - Mundoagropecuario","isPartOf":{"@id":"https:\/\/www.mundoagropecuario.cl\/new\/#website"},"primaryImageOfPage":{"@id":"https:\/\/www.mundoagropecuario.cl\/new\/expectacion-en-la-industria-lactea-por-encarecimiento-de-insumos-y-baja-en-la-produccion-este-2022\/#primaryimage"},"image":{"@id":"https:\/\/www.mundoagropecuario.cl\/new\/expectacion-en-la-industria-lactea-por-encarecimiento-de-insumos-y-baja-en-la-produccion-este-2022\/#primaryimage"},"thumbnailUrl":"https:\/\/www.mundoagropecuario.cl\/new\/wp-content\/uploads\/2021\/12\/leche6.jpeg","datePublished":"2022-08-17T16:02:38+00:00","dateModified":"2022-08-22T15:03:44+00:00","description":"Desde Fedeleche informaron sobre el aumento de costos de producci\u00f3n, lo que ha afectado a los productores de la Regi\u00f3n.","breadcrumb":{"@id":"https:\/\/www.mundoagropecuario.cl\/new\/expectacion-en-la-industria-lactea-por-encarecimiento-de-insumos-y-baja-en-la-produccion-este-2022\/#breadcrumb"},"inLanguage":"es","potentialAction":[{"@type":"ReadAction","target":["https:\/\/www.mundoagropecuario.cl\/new\/expectacion-en-la-industria-lactea-por-encarecimiento-de-insumos-y-baja-en-la-produccion-este-2022\/"]}]},{"@type":"ImageObject","inLanguage":"es","@id":"https:\/\/www.mundoagropecuario.cl\/new\/expectacion-en-la-industria-lactea-por-encarecimiento-de-insumos-y-baja-en-la-produccion-este-2022\/#primaryimage","url":"https:\/\/www.mundoagropecuario.cl\/new\/wp-content\/uploads\/2021\/12\/leche6.jpeg","contentUrl":"https:\/\/www.mundoagropecuario.cl\/new\/wp-content\/uploads\/2021\/12\/leche6.jpeg","width":560,"height":400},{"@type":"BreadcrumbList","@id":"https:\/\/www.mundoagropecuario.cl\/new\/expectacion-en-la-industria-lactea-por-encarecimiento-de-insumos-y-baja-en-la-produccion-este-2022\/#breadcrumb","itemListElement":[{"@type":"ListItem","position":1,"name":"Portada","item":"https:\/\/www.mundoagropecuario.cl\/new\/"},{"@type":"ListItem","position":2,"name":"Expectaci\u00f3n en la industria l\u00e1ctea por encarecimiento de insumos y baja en la producci\u00f3n este 2022"}]},{"@type":"WebSite","@id":"https:\/\/www.mundoagropecuario.cl\/new\/#website","url":"https:\/\/www.mundoagropecuario.cl\/new\/","name":"Mundoagropecuario","description":"Mundo Agropecuario","publisher":{"@id":"https:\/\/www.mundoagropecuario.cl\/new\/#organization"},"potentialAction":[{"@type":"SearchAction","target":{"@type":"EntryPoint","urlTemplate":"https:\/\/www.mundoagropecuario.cl\/new\/?s={search_term_string}"},"query-input":{"@type":"PropertyValueSpecification","valueRequired":true,"valueName":"search_term_string"}}],"inLanguage":"es"},{"@type":"Organization","@id":"https:\/\/www.mundoagropecuario.cl\/new\/#organization","name":"Revista de Agricultura","url":"https:\/\/www.mundoagropecuario.cl\/new\/","logo":{"@type":"ImageObject","inLanguage":"es","@id":"https:\/\/www.mundoagropecuario.cl\/new\/#\/schema\/logo\/image\/","url":"https:\/\/www.mundoagropecuario.cl\/new\/wp-content\/uploads\/2020\/11\/PORTAL-1-1.png","contentUrl":"https:\/\/www.mundoagropecuario.cl\/new\/wp-content\/uploads\/2020\/11\/PORTAL-1-1.png","width":1026,"height":100,"caption":"Revista de Agricultura"},"image":{"@id":"https:\/\/www.mundoagropecuario.cl\/new\/#\/schema\/logo\/image\/"},"sameAs":["https:\/\/www.facebook.com\/mundo.agropecuario.3","https:\/\/x.com\/MundoAgropecuar","https:\/\/www.linkedin.com\/in\/mundo-agropecuario-934009201\/"]},{"@type":"Person","@id":"https:\/\/www.mundoagropecuario.cl\/new\/#\/schema\/person\/4e9f74a82a7dac260eb1c44b7eebeb18","name":"mundo","url":"https:\/\/www.mundoagropecuario.cl\/new\/author\/mundo\/"}]}},"_links":{"self":[{"href":"https:\/\/www.mundoagropecuario.cl\/new\/wp-json\/wp\/v2\/posts\/22645","targetHints":{"allow":["GET"]}}],"collection":[{"href":"https:\/\/www.mundoagropecuario.cl\/new\/wp-json\/wp\/v2\/posts"}],"about":[{"href":"https:\/\/www.mundoagropecuario.cl\/new\/wp-json\/wp\/v2\/types\/post"}],"author":[{"embeddable":true,"href":"https:\/\/www.mundoagropecuario.cl\/new\/wp-json\/wp\/v2\/users\/2"}],"replies":[{"embeddable":true,"href":"https:\/\/www.mundoagropecuario.cl\/new\/wp-json\/wp\/v2\/comments?post=22645"}],"version-history":[{"count":1,"href":"https:\/\/www.mundoagropecuario.cl\/new\/wp-json\/wp\/v2\/posts\/22645\/revisions"}],"predecessor-version":[{"id":22646,"href":"https:\/\/www.mundoagropecuario.cl\/new\/wp-json\/wp\/v2\/posts\/22645\/revisions\/22646"}],"wp:featuredmedia":[{"embeddable":true,"href":"https:\/\/www.mundoagropecuario.cl\/new\/wp-json\/wp\/v2\/media\/21245"}],"wp:attachment":[{"href":"https:\/\/www.mundoagropecuario.cl\/new\/wp-json\/wp\/v2\/media?parent=22645"}],"wp:term":[{"taxonomy":"category","embeddable":true,"href":"https:\/\/www.mundoagropecuario.cl\/new\/wp-json\/wp\/v2\/categories?post=22645"},{"taxonomy":"post_tag","embeddable":true,"href":"https:\/\/www.mundoagropecuario.cl\/new\/wp-json\/wp\/v2\/tags?post=22645"}],"curies":[{"name":"wp","href":"https:\/\/api.w.org\/{rel}","templated":true}]}}