{"id":22574,"date":"2022-08-09T11:30:22","date_gmt":"2022-08-09T14:30:22","guid":{"rendered":"https:\/\/www.mundoagropecuario.cl\/new\/?p=22574"},"modified":"2022-08-11T12:16:13","modified_gmt":"2022-08-11T15:16:13","slug":"seminario-internacional-cooprinsem-frutales-2022-abordo-el-fortalecimiento-de-la-fruticultura-nacional","status":"publish","type":"post","link":"https:\/\/www.mundoagropecuario.cl\/new\/seminario-internacional-cooprinsem-frutales-2022-abordo-el-fortalecimiento-de-la-fruticultura-nacional\/","title":{"rendered":"Seminario Internacional Cooprinsem Frutales 2022 abord\u00f3 el fortalecimiento de la fruticultura nacional"},"content":{"rendered":"<blockquote>\n<h2><span style=\"color: #003300;\">la Unidad de Frutales de Cooprinsem, llev\u00f3 a cabo la XV versi\u00f3n del Seminario Internacional Frutales 2022: &#8220;Nuevas decisiones, fortaleciendo la fruticultura&#8221;.<\/span><\/h2>\n<\/blockquote>\n<p>La relevante jornada que reuni\u00f3 a productores, asesores, estudiantes y profesionales del \u00e1rea, tuvo como objetivo dar a conocer los variados desaf\u00edos, visiones y proyecciones a futuro de los frutales en el sur del pa\u00eds. El evento comenz\u00f3 con las palabras del presidente de Cooprinsem, Arturo Gebauer, quien dio paso al l\u00edder de la Federaci\u00f3n de Productores de Fruta de Chile (Fedefruta), Jorge Valenzuela, quien expuso a los presentes su charla \u201cCrisis clim\u00e1tica, log\u00edstica y alimentaria: Despliegue de la Fruticultura Chilena en los pr\u00f3ximos a\u00f1os\u201d.<\/p>\n<p><a href=\"https:\/\/www.mundoagropecuario.cl\/new\/wp-content\/uploads\/2022\/08\/IMG_6229.jpg\"><img loading=\"lazy\" decoding=\"async\" class=\"wp-image-22578 alignright\" src=\"https:\/\/www.mundoagropecuario.cl\/new\/wp-content\/uploads\/2022\/08\/IMG_6229-586x390.jpg\" alt=\"\" width=\"416\" height=\"327\" \/><\/a>El presidente gremial apunt\u00f3 a la importancia del seminario y de unirse como productores para superar las adversidades, ya que la fruticultura ha sufrido tiempos complejos en los \u00faltimos a\u00f1os, y todav\u00eda se est\u00e1n viviendo los coletazos post pandemia: \u201ceste Seminario es clave para el sector, especialmente para el sur del pa\u00eds, ya que se abordaron tem\u00e1ticas contingentes de alto inter\u00e9s para los fruticultores, que los ayudar\u00e1n a tomar decisiones en variados temas log\u00edsticos, de financiamiento, entre otros. Adem\u00e1s, nos permite reunirnos, intercambiar ideas y proyectar un mejor futuro&#8221;.<\/p>\n<p>Luego, fue el turno del ingeniero agr\u00f3nomo y presidente de Decofrut, Manuel Jos\u00e9 Alca\u00edno, quien coment\u00f3 sobre la realidad y perspectivas del negocio tard\u00edo del ar\u00e1ndano y cereza de Chile. De igual manera, la Microbi\u00f3loga de la Universidad de los Andes de Colombia y Doctorada de la Universidad de Bonn, Alemania, Mar\u00eda Mercedes Mart\u00ednez, dio a conocer su exposici\u00f3n \u201cSuelo vivo, papel de la materia org\u00e1nica y el microbioma en la calidad de suelos y nutrici\u00f3n en frutales\u201d.<\/p>\n<p><a href=\"https:\/\/www.mundoagropecuario.cl\/new\/wp-content\/uploads\/2022\/08\/Cooprinsem-IMG_5364-scaled.jpg\"><img loading=\"lazy\" decoding=\"async\" class=\" wp-image-22575 alignleft\" src=\"https:\/\/www.mundoagropecuario.cl\/new\/wp-content\/uploads\/2022\/08\/Cooprinsem-IMG_5364-586x439.jpg\" alt=\"\" width=\"374\" height=\"334\" \/><\/a>Continuando con la jornada, el Director Ejecutivo de la firma exportadora Utilitas, Rodrigo Manasevich, present\u00f3 su charla \u201cExportar mi fruta \u00bfUn sue\u00f1o posible?\u201d, donde destac\u00f3 que las ventajas de exportar de manera directa se reflejan en mejores resultados, lo que permite el desarrollo de la marca propia y menores plazos de retorno. A su vez, ayuda a mantener el control del negocio, conectarse al mercado y brinda una oportunidad de crecimiento.<\/p>\n<p>Cerrando este seminario internacional, la Magister en Econom\u00eda Agraria y Ambiental de la Pontificia Universidad Cat\u00f3lica de Chile y directora de Proyectos Estrat\u00e9gicos de Bayas del Sur S.A., Mar\u00eda Soledad Valenzuela, relat\u00f3 la historia de esta empresa especializada en la producci\u00f3n de jugos concentrados y liofilizados de alta calidad, de berries org\u00e1nicos y convencionales, para la industria de alimentos y bebidas global, y que hoy se encuentra posicionada en m\u00e1s de 30 pa\u00edses, lo que la ha convertido en la agroindustria de berries, m\u00e1s austral del mundo.<\/p>\n<p>Ramiro Poblete, jefe de la Unidad de Frutales de Cooprinsem, sostuvo que &#8220;Chile sigue y seguir\u00e1 siendo uno de los principales productores de frutas del hemisferio sur, nos ganamos esa posici\u00f3n y la tenemos que mantener. Hemos pasado por varias crisis, pero tenemos que tener resiliencia, ya que contamos con agua, suelos, agricultores y fruticultores muy empoderados y emprendedores. Por eso, nos enorgullece poder ofrecer por otro a\u00f1o consecutivo, esta gran jornada que ayudar\u00e1 a la toma de mejores decisiones que fortalecer\u00e1n sin duda, a este importante y valioso sector&#8221;.<\/p>\n<p><a href=\"https:\/\/www.mundoagropecuario.cl\/new\/wp-content\/uploads\/2022\/08\/Cooprisensem-IMG_6214.jpg\"><img loading=\"lazy\" decoding=\"async\" class=\" wp-image-22576 alignleft\" src=\"https:\/\/www.mundoagropecuario.cl\/new\/wp-content\/uploads\/2022\/08\/Cooprisensem-IMG_6214-586x390.jpg\" alt=\"\" width=\"490\" height=\"381\" \/><\/a>Por su parte Pablo Labbe, productor de Los Maitenes Berries, agradeci\u00f3 la invitaci\u00f3n por parte de la Cooperativa de los Agricultores y la posibilidad de escuchar a expositores de primer nivel. &#8220;Aqu\u00ed conocimos cifras sobre proyecciones del rubro en la zona, que nos permiten tomar mejores decisiones. Ya han sido dos o tres temporadas bastante complejas para nosotros, en t\u00e9rminos de resultados y los expositores el d\u00eda de hoy han dado algunas luces para el futuro del negocio&#8221;.<\/p>\n<p>Finalmente Luis Silva, Gerente Comercial de Cooprinsem, recalc\u00f3 que &#8220;mediante este Seminario Internacional, fortalecemos nuestro compromiso de seguir aportando directamente a la cadena de producci\u00f3n agroalimentaria. Sabemos que el futuro es promisorio, pero no est\u00e1 exento de dificultades, y por esto siempre apoyaremos a nuestros productores, quienes trabajan d\u00eda a d\u00eda, para sacar sus negocios adelante&#8221;.<\/p>\n","protected":false},"excerpt":{"rendered":"<p>El seminario se desarrollo en los salones del Hotel Sonesta de Osorno,  con ma de 200 participantes provenientes de las regiones de la Araucan\u00eda, Los R\u00edos y Los Lagos, adem\u00e1s de otros 200 conectados de forma virtual.<\/p>\n","protected":false},"author":2,"featured_media":22577,"comment_status":"closed","ping_status":"closed","sticky":false,"template":"","format":"standard","meta":{"footnotes":""},"categories":[1945],"tags":[2090,3127,5801,7268,2245,2254,7267,5581],"class_list":["post-22574","post","type-post","status-publish","format-standard","has-post-thumbnail","hentry","category-agricultura","tag-agricultura","tag-agro","tag-arturo-gebauer","tag-cooprimsem","tag-frutas","tag-fruticultura","tag-seminario-internacional-cooprinsem-frutales-2022","tag-unidad-de-frutales-de-cooprinsem"],"yoast_head":"<!-- This site is optimized with the Yoast SEO plugin v26.6 - https:\/\/yoast.com\/wordpress\/plugins\/seo\/ -->\n<title>Seminario Internacional Cooprinsem Frutales 2022 abord\u00f3 el fortalecimiento de la fruticultura nacional - Mundoagropecuario<\/title>\n<meta name=\"description\" content=\"El seminario se desarrollo en los salones del Hotel Sonesta de Osorno, con ma de 200 participantes presenciales y tambi\u00e9n de forma virtual.\" \/>\n<meta name=\"robots\" content=\"index, follow, max-snippet:-1, max-image-preview:large, max-video-preview:-1\" \/>\n<link rel=\"canonical\" href=\"https:\/\/www.mundoagropecuario.cl\/new\/seminario-internacional-cooprinsem-frutales-2022-abordo-el-fortalecimiento-de-la-fruticultura-nacional\/\" \/>\n<meta property=\"og:locale\" content=\"es_ES\" \/>\n<meta property=\"og:type\" content=\"article\" \/>\n<meta property=\"og:title\" content=\"Seminario Internacional Cooprinsem Frutales 2022 abord\u00f3 el fortalecimiento de la fruticultura nacional - Mundoagropecuario\" \/>\n<meta property=\"og:description\" content=\"El seminario se desarrollo en los salones del Hotel Sonesta de Osorno, con ma de 200 participantes presenciales y tambi\u00e9n de forma virtual.\" \/>\n<meta property=\"og:url\" content=\"https:\/\/www.mundoagropecuario.cl\/new\/seminario-internacional-cooprinsem-frutales-2022-abordo-el-fortalecimiento-de-la-fruticultura-nacional\/\" \/>\n<meta property=\"og:site_name\" content=\"Mundoagropecuario\" \/>\n<meta property=\"article:publisher\" content=\"https:\/\/www.facebook.com\/mundo.agropecuario.3\" \/>\n<meta property=\"article:published_time\" content=\"2022-08-09T14:30:22+00:00\" \/>\n<meta property=\"article:modified_time\" content=\"2022-08-11T15:16:13+00:00\" \/>\n<meta property=\"og:image\" content=\"https:\/\/www.mundoagropecuario.cl\/new\/wp-content\/uploads\/2022\/08\/Cooprnsem-IMG_5365.jpg\" \/>\n\t<meta property=\"og:image:width\" content=\"1008\" \/>\n\t<meta property=\"og:image:height\" content=\"756\" \/>\n\t<meta property=\"og:image:type\" content=\"image\/jpeg\" \/>\n<meta name=\"author\" content=\"mundo\" \/>\n<meta name=\"twitter:card\" content=\"summary_large_image\" \/>\n<meta name=\"twitter:creator\" content=\"@MundoAgropecuar\" \/>\n<meta name=\"twitter:site\" content=\"@MundoAgropecuar\" \/>\n<meta name=\"twitter:label1\" content=\"Escrito por\" \/>\n\t<meta name=\"twitter:data1\" content=\"mundo\" \/>\n\t<meta name=\"twitter:label2\" content=\"Tiempo de lectura\" \/>\n\t<meta name=\"twitter:data2\" content=\"4 minutos\" \/>\n<script type=\"application\/ld+json\" class=\"yoast-schema-graph\">{\"@context\":\"https:\/\/schema.org\",\"@graph\":[{\"@type\":\"Article\",\"@id\":\"https:\/\/www.mundoagropecuario.cl\/new\/seminario-internacional-cooprinsem-frutales-2022-abordo-el-fortalecimiento-de-la-fruticultura-nacional\/#article\",\"isPartOf\":{\"@id\":\"https:\/\/www.mundoagropecuario.cl\/new\/seminario-internacional-cooprinsem-frutales-2022-abordo-el-fortalecimiento-de-la-fruticultura-nacional\/\"},\"author\":{\"name\":\"mundo\",\"@id\":\"https:\/\/www.mundoagropecuario.cl\/new\/#\/schema\/person\/4e9f74a82a7dac260eb1c44b7eebeb18\"},\"headline\":\"Seminario Internacional Cooprinsem Frutales 2022 abord\u00f3 el fortalecimiento de la fruticultura nacional\",\"datePublished\":\"2022-08-09T14:30:22+00:00\",\"dateModified\":\"2022-08-11T15:16:13+00:00\",\"mainEntityOfPage\":{\"@id\":\"https:\/\/www.mundoagropecuario.cl\/new\/seminario-internacional-cooprinsem-frutales-2022-abordo-el-fortalecimiento-de-la-fruticultura-nacional\/\"},\"wordCount\":713,\"publisher\":{\"@id\":\"https:\/\/www.mundoagropecuario.cl\/new\/#organization\"},\"image\":{\"@id\":\"https:\/\/www.mundoagropecuario.cl\/new\/seminario-internacional-cooprinsem-frutales-2022-abordo-el-fortalecimiento-de-la-fruticultura-nacional\/#primaryimage\"},\"thumbnailUrl\":\"https:\/\/www.mundoagropecuario.cl\/new\/wp-content\/uploads\/2022\/08\/Cooprnsem-IMG_5365.jpg\",\"keywords\":[\"Agricultura\",\"Agro\",\"Arturo Gebauer\",\"Cooprimsem\",\"Frutas\",\"Fruticultura\",\"Seminario Internacional Cooprinsem Frutales 2022\",\"Unidad de Frutales de Cooprinsem\"],\"articleSection\":[\"Agricultura\"],\"inLanguage\":\"es\"},{\"@type\":\"WebPage\",\"@id\":\"https:\/\/www.mundoagropecuario.cl\/new\/seminario-internacional-cooprinsem-frutales-2022-abordo-el-fortalecimiento-de-la-fruticultura-nacional\/\",\"url\":\"https:\/\/www.mundoagropecuario.cl\/new\/seminario-internacional-cooprinsem-frutales-2022-abordo-el-fortalecimiento-de-la-fruticultura-nacional\/\",\"name\":\"Seminario Internacional Cooprinsem Frutales 2022 abord\u00f3 el fortalecimiento de la fruticultura nacional - Mundoagropecuario\",\"isPartOf\":{\"@id\":\"https:\/\/www.mundoagropecuario.cl\/new\/#website\"},\"primaryImageOfPage\":{\"@id\":\"https:\/\/www.mundoagropecuario.cl\/new\/seminario-internacional-cooprinsem-frutales-2022-abordo-el-fortalecimiento-de-la-fruticultura-nacional\/#primaryimage\"},\"image\":{\"@id\":\"https:\/\/www.mundoagropecuario.cl\/new\/seminario-internacional-cooprinsem-frutales-2022-abordo-el-fortalecimiento-de-la-fruticultura-nacional\/#primaryimage\"},\"thumbnailUrl\":\"https:\/\/www.mundoagropecuario.cl\/new\/wp-content\/uploads\/2022\/08\/Cooprnsem-IMG_5365.jpg\",\"datePublished\":\"2022-08-09T14:30:22+00:00\",\"dateModified\":\"2022-08-11T15:16:13+00:00\",\"description\":\"El seminario se desarrollo en los salones del Hotel Sonesta de Osorno, con ma de 200 participantes presenciales y tambi\u00e9n de forma virtual.\",\"breadcrumb\":{\"@id\":\"https:\/\/www.mundoagropecuario.cl\/new\/seminario-internacional-cooprinsem-frutales-2022-abordo-el-fortalecimiento-de-la-fruticultura-nacional\/#breadcrumb\"},\"inLanguage\":\"es\",\"potentialAction\":[{\"@type\":\"ReadAction\",\"target\":[\"https:\/\/www.mundoagropecuario.cl\/new\/seminario-internacional-cooprinsem-frutales-2022-abordo-el-fortalecimiento-de-la-fruticultura-nacional\/\"]}]},{\"@type\":\"ImageObject\",\"inLanguage\":\"es\",\"@id\":\"https:\/\/www.mundoagropecuario.cl\/new\/seminario-internacional-cooprinsem-frutales-2022-abordo-el-fortalecimiento-de-la-fruticultura-nacional\/#primaryimage\",\"url\":\"https:\/\/www.mundoagropecuario.cl\/new\/wp-content\/uploads\/2022\/08\/Cooprnsem-IMG_5365.jpg\",\"contentUrl\":\"https:\/\/www.mundoagropecuario.cl\/new\/wp-content\/uploads\/2022\/08\/Cooprnsem-IMG_5365.jpg\",\"width\":533,\"height\":400},{\"@type\":\"BreadcrumbList\",\"@id\":\"https:\/\/www.mundoagropecuario.cl\/new\/seminario-internacional-cooprinsem-frutales-2022-abordo-el-fortalecimiento-de-la-fruticultura-nacional\/#breadcrumb\",\"itemListElement\":[{\"@type\":\"ListItem\",\"position\":1,\"name\":\"Portada\",\"item\":\"https:\/\/www.mundoagropecuario.cl\/new\/\"},{\"@type\":\"ListItem\",\"position\":2,\"name\":\"Seminario Internacional Cooprinsem Frutales 2022 abord\u00f3 el fortalecimiento de la fruticultura nacional\"}]},{\"@type\":\"WebSite\",\"@id\":\"https:\/\/www.mundoagropecuario.cl\/new\/#website\",\"url\":\"https:\/\/www.mundoagropecuario.cl\/new\/\",\"name\":\"Mundoagropecuario\",\"description\":\"Mundo Agropecuario\",\"publisher\":{\"@id\":\"https:\/\/www.mundoagropecuario.cl\/new\/#organization\"},\"potentialAction\":[{\"@type\":\"SearchAction\",\"target\":{\"@type\":\"EntryPoint\",\"urlTemplate\":\"https:\/\/www.mundoagropecuario.cl\/new\/?s={search_term_string}\"},\"query-input\":{\"@type\":\"PropertyValueSpecification\",\"valueRequired\":true,\"valueName\":\"search_term_string\"}}],\"inLanguage\":\"es\"},{\"@type\":\"Organization\",\"@id\":\"https:\/\/www.mundoagropecuario.cl\/new\/#organization\",\"name\":\"Revista de Agricultura\",\"url\":\"https:\/\/www.mundoagropecuario.cl\/new\/\",\"logo\":{\"@type\":\"ImageObject\",\"inLanguage\":\"es\",\"@id\":\"https:\/\/www.mundoagropecuario.cl\/new\/#\/schema\/logo\/image\/\",\"url\":\"https:\/\/www.mundoagropecuario.cl\/new\/wp-content\/uploads\/2020\/11\/PORTAL-1-1.png\",\"contentUrl\":\"https:\/\/www.mundoagropecuario.cl\/new\/wp-content\/uploads\/2020\/11\/PORTAL-1-1.png\",\"width\":1026,\"height\":100,\"caption\":\"Revista de Agricultura\"},\"image\":{\"@id\":\"https:\/\/www.mundoagropecuario.cl\/new\/#\/schema\/logo\/image\/\"},\"sameAs\":[\"https:\/\/www.facebook.com\/mundo.agropecuario.3\",\"https:\/\/x.com\/MundoAgropecuar\",\"https:\/\/www.linkedin.com\/in\/mundo-agropecuario-934009201\/\"]},{\"@type\":\"Person\",\"@id\":\"https:\/\/www.mundoagropecuario.cl\/new\/#\/schema\/person\/4e9f74a82a7dac260eb1c44b7eebeb18\",\"name\":\"mundo\",\"url\":\"https:\/\/www.mundoagropecuario.cl\/new\/author\/mundo\/\"}]}<\/script>\n<!-- \/ Yoast SEO plugin. -->","yoast_head_json":{"title":"Seminario Internacional Cooprinsem Frutales 2022 abord\u00f3 el fortalecimiento de la fruticultura nacional - Mundoagropecuario","description":"El seminario se desarrollo en los salones del Hotel Sonesta de Osorno, con ma de 200 participantes presenciales y tambi\u00e9n de forma virtual.","robots":{"index":"index","follow":"follow","max-snippet":"max-snippet:-1","max-image-preview":"max-image-preview:large","max-video-preview":"max-video-preview:-1"},"canonical":"https:\/\/www.mundoagropecuario.cl\/new\/seminario-internacional-cooprinsem-frutales-2022-abordo-el-fortalecimiento-de-la-fruticultura-nacional\/","og_locale":"es_ES","og_type":"article","og_title":"Seminario Internacional Cooprinsem Frutales 2022 abord\u00f3 el fortalecimiento de la fruticultura nacional - Mundoagropecuario","og_description":"El seminario se desarrollo en los salones del Hotel Sonesta de Osorno, con ma de 200 participantes presenciales y tambi\u00e9n de forma virtual.","og_url":"https:\/\/www.mundoagropecuario.cl\/new\/seminario-internacional-cooprinsem-frutales-2022-abordo-el-fortalecimiento-de-la-fruticultura-nacional\/","og_site_name":"Mundoagropecuario","article_publisher":"https:\/\/www.facebook.com\/mundo.agropecuario.3","article_published_time":"2022-08-09T14:30:22+00:00","article_modified_time":"2022-08-11T15:16:13+00:00","og_image":[{"width":1008,"height":756,"url":"https:\/\/www.mundoagropecuario.cl\/new\/wp-content\/uploads\/2022\/08\/Cooprnsem-IMG_5365.jpg","type":"image\/jpeg"}],"author":"mundo","twitter_card":"summary_large_image","twitter_creator":"@MundoAgropecuar","twitter_site":"@MundoAgropecuar","twitter_misc":{"Escrito por":"mundo","Tiempo de lectura":"4 minutos"},"schema":{"@context":"https:\/\/schema.org","@graph":[{"@type":"Article","@id":"https:\/\/www.mundoagropecuario.cl\/new\/seminario-internacional-cooprinsem-frutales-2022-abordo-el-fortalecimiento-de-la-fruticultura-nacional\/#article","isPartOf":{"@id":"https:\/\/www.mundoagropecuario.cl\/new\/seminario-internacional-cooprinsem-frutales-2022-abordo-el-fortalecimiento-de-la-fruticultura-nacional\/"},"author":{"name":"mundo","@id":"https:\/\/www.mundoagropecuario.cl\/new\/#\/schema\/person\/4e9f74a82a7dac260eb1c44b7eebeb18"},"headline":"Seminario Internacional Cooprinsem Frutales 2022 abord\u00f3 el fortalecimiento de la fruticultura nacional","datePublished":"2022-08-09T14:30:22+00:00","dateModified":"2022-08-11T15:16:13+00:00","mainEntityOfPage":{"@id":"https:\/\/www.mundoagropecuario.cl\/new\/seminario-internacional-cooprinsem-frutales-2022-abordo-el-fortalecimiento-de-la-fruticultura-nacional\/"},"wordCount":713,"publisher":{"@id":"https:\/\/www.mundoagropecuario.cl\/new\/#organization"},"image":{"@id":"https:\/\/www.mundoagropecuario.cl\/new\/seminario-internacional-cooprinsem-frutales-2022-abordo-el-fortalecimiento-de-la-fruticultura-nacional\/#primaryimage"},"thumbnailUrl":"https:\/\/www.mundoagropecuario.cl\/new\/wp-content\/uploads\/2022\/08\/Cooprnsem-IMG_5365.jpg","keywords":["Agricultura","Agro","Arturo Gebauer","Cooprimsem","Frutas","Fruticultura","Seminario Internacional Cooprinsem Frutales 2022","Unidad de Frutales de Cooprinsem"],"articleSection":["Agricultura"],"inLanguage":"es"},{"@type":"WebPage","@id":"https:\/\/www.mundoagropecuario.cl\/new\/seminario-internacional-cooprinsem-frutales-2022-abordo-el-fortalecimiento-de-la-fruticultura-nacional\/","url":"https:\/\/www.mundoagropecuario.cl\/new\/seminario-internacional-cooprinsem-frutales-2022-abordo-el-fortalecimiento-de-la-fruticultura-nacional\/","name":"Seminario Internacional Cooprinsem Frutales 2022 abord\u00f3 el fortalecimiento de la fruticultura nacional - Mundoagropecuario","isPartOf":{"@id":"https:\/\/www.mundoagropecuario.cl\/new\/#website"},"primaryImageOfPage":{"@id":"https:\/\/www.mundoagropecuario.cl\/new\/seminario-internacional-cooprinsem-frutales-2022-abordo-el-fortalecimiento-de-la-fruticultura-nacional\/#primaryimage"},"image":{"@id":"https:\/\/www.mundoagropecuario.cl\/new\/seminario-internacional-cooprinsem-frutales-2022-abordo-el-fortalecimiento-de-la-fruticultura-nacional\/#primaryimage"},"thumbnailUrl":"https:\/\/www.mundoagropecuario.cl\/new\/wp-content\/uploads\/2022\/08\/Cooprnsem-IMG_5365.jpg","datePublished":"2022-08-09T14:30:22+00:00","dateModified":"2022-08-11T15:16:13+00:00","description":"El seminario se desarrollo en los salones del Hotel Sonesta de Osorno, con ma de 200 participantes presenciales y tambi\u00e9n de forma virtual.","breadcrumb":{"@id":"https:\/\/www.mundoagropecuario.cl\/new\/seminario-internacional-cooprinsem-frutales-2022-abordo-el-fortalecimiento-de-la-fruticultura-nacional\/#breadcrumb"},"inLanguage":"es","potentialAction":[{"@type":"ReadAction","target":["https:\/\/www.mundoagropecuario.cl\/new\/seminario-internacional-cooprinsem-frutales-2022-abordo-el-fortalecimiento-de-la-fruticultura-nacional\/"]}]},{"@type":"ImageObject","inLanguage":"es","@id":"https:\/\/www.mundoagropecuario.cl\/new\/seminario-internacional-cooprinsem-frutales-2022-abordo-el-fortalecimiento-de-la-fruticultura-nacional\/#primaryimage","url":"https:\/\/www.mundoagropecuario.cl\/new\/wp-content\/uploads\/2022\/08\/Cooprnsem-IMG_5365.jpg","contentUrl":"https:\/\/www.mundoagropecuario.cl\/new\/wp-content\/uploads\/2022\/08\/Cooprnsem-IMG_5365.jpg","width":533,"height":400},{"@type":"BreadcrumbList","@id":"https:\/\/www.mundoagropecuario.cl\/new\/seminario-internacional-cooprinsem-frutales-2022-abordo-el-fortalecimiento-de-la-fruticultura-nacional\/#breadcrumb","itemListElement":[{"@type":"ListItem","position":1,"name":"Portada","item":"https:\/\/www.mundoagropecuario.cl\/new\/"},{"@type":"ListItem","position":2,"name":"Seminario Internacional Cooprinsem Frutales 2022 abord\u00f3 el fortalecimiento de la fruticultura nacional"}]},{"@type":"WebSite","@id":"https:\/\/www.mundoagropecuario.cl\/new\/#website","url":"https:\/\/www.mundoagropecuario.cl\/new\/","name":"Mundoagropecuario","description":"Mundo Agropecuario","publisher":{"@id":"https:\/\/www.mundoagropecuario.cl\/new\/#organization"},"potentialAction":[{"@type":"SearchAction","target":{"@type":"EntryPoint","urlTemplate":"https:\/\/www.mundoagropecuario.cl\/new\/?s={search_term_string}"},"query-input":{"@type":"PropertyValueSpecification","valueRequired":true,"valueName":"search_term_string"}}],"inLanguage":"es"},{"@type":"Organization","@id":"https:\/\/www.mundoagropecuario.cl\/new\/#organization","name":"Revista de Agricultura","url":"https:\/\/www.mundoagropecuario.cl\/new\/","logo":{"@type":"ImageObject","inLanguage":"es","@id":"https:\/\/www.mundoagropecuario.cl\/new\/#\/schema\/logo\/image\/","url":"https:\/\/www.mundoagropecuario.cl\/new\/wp-content\/uploads\/2020\/11\/PORTAL-1-1.png","contentUrl":"https:\/\/www.mundoagropecuario.cl\/new\/wp-content\/uploads\/2020\/11\/PORTAL-1-1.png","width":1026,"height":100,"caption":"Revista de Agricultura"},"image":{"@id":"https:\/\/www.mundoagropecuario.cl\/new\/#\/schema\/logo\/image\/"},"sameAs":["https:\/\/www.facebook.com\/mundo.agropecuario.3","https:\/\/x.com\/MundoAgropecuar","https:\/\/www.linkedin.com\/in\/mundo-agropecuario-934009201\/"]},{"@type":"Person","@id":"https:\/\/www.mundoagropecuario.cl\/new\/#\/schema\/person\/4e9f74a82a7dac260eb1c44b7eebeb18","name":"mundo","url":"https:\/\/www.mundoagropecuario.cl\/new\/author\/mundo\/"}]}},"_links":{"self":[{"href":"https:\/\/www.mundoagropecuario.cl\/new\/wp-json\/wp\/v2\/posts\/22574","targetHints":{"allow":["GET"]}}],"collection":[{"href":"https:\/\/www.mundoagropecuario.cl\/new\/wp-json\/wp\/v2\/posts"}],"about":[{"href":"https:\/\/www.mundoagropecuario.cl\/new\/wp-json\/wp\/v2\/types\/post"}],"author":[{"embeddable":true,"href":"https:\/\/www.mundoagropecuario.cl\/new\/wp-json\/wp\/v2\/users\/2"}],"replies":[{"embeddable":true,"href":"https:\/\/www.mundoagropecuario.cl\/new\/wp-json\/wp\/v2\/comments?post=22574"}],"version-history":[{"count":1,"href":"https:\/\/www.mundoagropecuario.cl\/new\/wp-json\/wp\/v2\/posts\/22574\/revisions"}],"predecessor-version":[{"id":22579,"href":"https:\/\/www.mundoagropecuario.cl\/new\/wp-json\/wp\/v2\/posts\/22574\/revisions\/22579"}],"wp:featuredmedia":[{"embeddable":true,"href":"https:\/\/www.mundoagropecuario.cl\/new\/wp-json\/wp\/v2\/media\/22577"}],"wp:attachment":[{"href":"https:\/\/www.mundoagropecuario.cl\/new\/wp-json\/wp\/v2\/media?parent=22574"}],"wp:term":[{"taxonomy":"category","embeddable":true,"href":"https:\/\/www.mundoagropecuario.cl\/new\/wp-json\/wp\/v2\/categories?post=22574"},{"taxonomy":"post_tag","embeddable":true,"href":"https:\/\/www.mundoagropecuario.cl\/new\/wp-json\/wp\/v2\/tags?post=22574"}],"curies":[{"name":"wp","href":"https:\/\/api.w.org\/{rel}","templated":true}]}}