{"id":22489,"date":"2022-07-28T11:29:56","date_gmt":"2022-07-28T14:29:56","guid":{"rendered":"https:\/\/www.mundoagropecuario.cl\/new\/?p=22489"},"modified":"2022-08-01T14:01:27","modified_gmt":"2022-08-01T17:01:27","slug":"pequenos-agricultores-ovinos-de-la-araucania-realizan-gira-por-la-zona-central","status":"publish","type":"post","link":"https:\/\/www.mundoagropecuario.cl\/new\/pequenos-agricultores-ovinos-de-la-araucania-realizan-gira-por-la-zona-central\/","title":{"rendered":"Peque\u00f1os agricultores ovinos de La Araucan\u00eda realizan gira por la zona central"},"content":{"rendered":"<blockquote>\n<h2><span style=\"color: #333300;\">Una gira por las regiones del Maule y O\u00b4Higgins realizaron peque\u00f1os agricultores de La Araucan\u00eda que forman parte del programa \u201cMejoramiento de la competitividad de la producci\u00f3n ovina\u201d, impulsado por el Gobierno Regional a trav\u00e9s de INIA Carillanca en las comunas de Loncoche, Galvarino, Cunco, Angol y Tolt\u00e9n.\u00a0<\/span><\/h2>\n<\/blockquote>\n<p>Durante las visitas coordinadas el grupo conoci\u00f3 ensayos en praderas de secano, evaluaci\u00f3n de l\u00edneas de alfalfa adaptadas a condiciones de estr\u00e9s h\u00eddrico, experiencias en producci\u00f3n silvipastoral y manejo de un ecosistema de espino. Tambi\u00e9n fue la <a href=\"https:\/\/www.mundoagropecuario.cl\/new\/wp-content\/uploads\/2022\/07\/INIA-07-07-at-11.30.02-AM.jpeg\"><img loading=\"lazy\" decoding=\"async\" class=\" wp-image-22490 alignright\" src=\"https:\/\/www.mundoagropecuario.cl\/new\/wp-content\/uploads\/2022\/07\/INIA-07-07-at-11.30.02-AM-586x440.jpeg\" alt=\"\" width=\"451\" height=\"334\" \/><\/a>ocasi\u00f3n para visitar a artesanas que trabajan con lana merino en la comuna Marchihue y escuchar de ellas mismas la experiencia. Asimismo, durante la gira a la que fueron acompa\u00f1ados por la directora de INIA Carillanca, Ma. Gabriela Chah\u00edn y el profesional Milton Fern\u00e1ndez, visitaron las instalaciones de INIA Hidango, en O\u00b4Higgins, donde pudieron observar razas de ovinos y su manejo del parto. En la comuna de La Estrella, en la misma regi\u00f3n, conocieron la experiencia de una productora de quesos de cabra.<\/p>\n<p>Sobre esta experiencia, el gobernador Luciano Rivas se\u00f1al\u00f3 que \u201ccomo Gobierno Regional de La Araucan\u00eda reconocemos la relevancia de aportar a INIA con recursos orientados a apoyar con herramientas tecnol\u00f3gicas al \u00e1rea agropecuaria. La gira, enmarcada dentro de este programa, se orienta a mejorar la competitividad de los medianos y peque\u00f1os ganaderos ovinos en la regi\u00f3n. Buscamos de esta forma rescatar y desarrollar este relevante sector, a trav\u00e9s de pol\u00edticas p\u00fablicas\u201d.<\/p>\n<p>Por su parte, la directora de INIA Carillanca Ma. Gabriela Chah\u00edn, expres\u00f3 que \u201cel aumento tecnol\u00f3gico de los sistemas productivos ovinos de\u00a0 la agricultura familiar\u00a0 se logra mediante la validaci\u00f3n del sistema productivo, a trav\u00e9s de paquetes tecnol\u00f3gicos que permitan el aumento de la productividad forrajera en forma sostenible, la adaptaci\u00f3n de un sistema productivo animal al territorio, el desarrollo de un modelo de negocio para los productos ovinos y la transferencia de informaci\u00f3n t\u00e9cnica a extensionistas y productores a trav\u00e9s de un modelo de transferencia\u201d.<\/p>\n<p><a href=\"https:\/\/www.mundoagropecuario.cl\/new\/wp-content\/uploads\/2022\/07\/INIA-WhatsApp-4-AM.jpeg\"><img loading=\"lazy\" decoding=\"async\" class=\" wp-image-22491 alignleft\" src=\"https:\/\/www.mundoagropecuario.cl\/new\/wp-content\/uploads\/2022\/07\/INIA-WhatsApp-4-AM-586x440.jpeg\" alt=\"\" width=\"379\" height=\"323\" \/><\/a>En La Araucan\u00eda la ganader\u00eda ovina tiene una base econ\u00f3mica relevante, culturalmente enraizada y que constituye una fuente de liquidez econ\u00f3mica para el segmento agricultura familiar campesina. No obstante, ha permanecido como un sistema de producci\u00f3n de importancia secundaria. Lo anterior debido a un atraso tecnol\u00f3gico respecto de otras explotaciones ganaderas, por lo que es relevante propiciar su desarrollo. Se trabaja en esta l\u00ednea desde INIA para lograr posicionar la producci\u00f3n ovina como fuente de prote\u00edna animal, as\u00ed como de otros sub productos de valorizaci\u00f3n industrial. Por lo tanto, al t\u00e9rmino del programa, se espera entregar un paquete tecnol\u00f3gico ovino validado en cada territorio orientado a mejorar la competitividad de los medianos y peque\u00f1os ganaderos ovinos. \u201cAs\u00ed, La Araucan\u00eda tendr\u00e1 5 paquetes tecnol\u00f3gicos forrajeros y 5 paquetes tecnol\u00f3gicos de manejo ovino, 1 modelo de negocios ovino, 800 productores y 300 extensionistas capacitados, resultados concretos para seguir potenciando la producci\u00f3n ovina de la regi\u00f3n y sus agricultores\u201d, finaliz\u00f3 Luciano Rivas, gobernador regional.<\/p>\n","protected":false},"excerpt":{"rendered":"<p>Se trata de Tom\u00e1s LLancaleo (Cunco); M\u00aa Isabel Manqui\u00f1ir (Loncoche) y Franscisco Roa (Angol), los dos primeros donde se establecieron predios piloto y el \u00faltimo es Presidente de la Cooperativa de ovinos en la capital de Malleco.<\/p>\n","protected":false},"author":2,"featured_media":22492,"comment_status":"closed","ping_status":"closed","sticky":false,"template":"","format":"standard","meta":{"footnotes":""},"categories":[1945],"tags":[2090,3127,7224,2052,2404,2145,4701],"class_list":["post-22489","post","type-post","status-publish","format-standard","has-post-thumbnail","hentry","category-agricultura","tag-agricultura","tag-agro","tag-gabriela-chahin","tag-inia","tag-inia-carillanca","tag-ovinos","tag-produccion-ovina"],"yoast_head":"<!-- This site is optimized with the Yoast SEO plugin v26.6 - https:\/\/yoast.com\/wordpress\/plugins\/seo\/ -->\n<title>Peque\u00f1os agricultores ovinos de La Araucan\u00eda realizan gira por la zona central - Mundoagropecuario<\/title>\n<meta name=\"description\" content=\"Se trata de Tom\u00e1s LLancaleo (Cunco); M\u00aa Isabel Manqui\u00f1ir (Loncoche) y Franscisco Roa (Angol), los dos primeros donde se establecieron predios piloto y el \u00faltimo es Presidente de la Cooperativa de ovinos en la capital de Malleco.\" \/>\n<meta name=\"robots\" content=\"index, follow, max-snippet:-1, max-image-preview:large, max-video-preview:-1\" \/>\n<link rel=\"canonical\" href=\"https:\/\/www.mundoagropecuario.cl\/new\/pequenos-agricultores-ovinos-de-la-araucania-realizan-gira-por-la-zona-central\/\" \/>\n<meta property=\"og:locale\" content=\"es_ES\" \/>\n<meta property=\"og:type\" content=\"article\" \/>\n<meta property=\"og:title\" content=\"Peque\u00f1os agricultores ovinos de La Araucan\u00eda realizan gira por la zona central - Mundoagropecuario\" \/>\n<meta property=\"og:description\" content=\"Se trata de Tom\u00e1s LLancaleo (Cunco); M\u00aa Isabel Manqui\u00f1ir (Loncoche) y Franscisco Roa (Angol), los dos primeros donde se establecieron predios piloto y el \u00faltimo es Presidente de la Cooperativa de ovinos en la capital de Malleco.\" \/>\n<meta property=\"og:url\" content=\"https:\/\/www.mundoagropecuario.cl\/new\/pequenos-agricultores-ovinos-de-la-araucania-realizan-gira-por-la-zona-central\/\" \/>\n<meta property=\"og:site_name\" content=\"Mundoagropecuario\" \/>\n<meta property=\"article:publisher\" content=\"https:\/\/www.facebook.com\/mundo.agropecuario.3\" \/>\n<meta property=\"article:published_time\" content=\"2022-07-28T14:29:56+00:00\" \/>\n<meta property=\"article:modified_time\" content=\"2022-08-01T17:01:27+00:00\" \/>\n<meta property=\"og:image\" content=\"https:\/\/www.mundoagropecuario.cl\/new\/wp-content\/uploads\/2022\/07\/WhatsApp-Image-2022-07-05-at-12.07.54-PM-scaled.jpeg\" \/>\n\t<meta property=\"og:image:width\" content=\"1024\" \/>\n\t<meta property=\"og:image:height\" content=\"766\" \/>\n\t<meta property=\"og:image:type\" content=\"image\/jpeg\" \/>\n<meta name=\"author\" content=\"mundo\" \/>\n<meta name=\"twitter:card\" content=\"summary_large_image\" \/>\n<meta name=\"twitter:creator\" content=\"@MundoAgropecuar\" \/>\n<meta name=\"twitter:site\" content=\"@MundoAgropecuar\" \/>\n<meta name=\"twitter:label1\" content=\"Escrito por\" \/>\n\t<meta name=\"twitter:data1\" content=\"mundo\" \/>\n\t<meta name=\"twitter:label2\" content=\"Tiempo de lectura\" \/>\n\t<meta name=\"twitter:data2\" content=\"3 minutos\" \/>\n<script type=\"application\/ld+json\" class=\"yoast-schema-graph\">{\"@context\":\"https:\/\/schema.org\",\"@graph\":[{\"@type\":\"Article\",\"@id\":\"https:\/\/www.mundoagropecuario.cl\/new\/pequenos-agricultores-ovinos-de-la-araucania-realizan-gira-por-la-zona-central\/#article\",\"isPartOf\":{\"@id\":\"https:\/\/www.mundoagropecuario.cl\/new\/pequenos-agricultores-ovinos-de-la-araucania-realizan-gira-por-la-zona-central\/\"},\"author\":{\"name\":\"mundo\",\"@id\":\"https:\/\/www.mundoagropecuario.cl\/new\/#\/schema\/person\/4e9f74a82a7dac260eb1c44b7eebeb18\"},\"headline\":\"Peque\u00f1os agricultores ovinos de La Araucan\u00eda realizan gira por la zona central\",\"datePublished\":\"2022-07-28T14:29:56+00:00\",\"dateModified\":\"2022-08-01T17:01:27+00:00\",\"mainEntityOfPage\":{\"@id\":\"https:\/\/www.mundoagropecuario.cl\/new\/pequenos-agricultores-ovinos-de-la-araucania-realizan-gira-por-la-zona-central\/\"},\"wordCount\":548,\"publisher\":{\"@id\":\"https:\/\/www.mundoagropecuario.cl\/new\/#organization\"},\"image\":{\"@id\":\"https:\/\/www.mundoagropecuario.cl\/new\/pequenos-agricultores-ovinos-de-la-araucania-realizan-gira-por-la-zona-central\/#primaryimage\"},\"thumbnailUrl\":\"https:\/\/www.mundoagropecuario.cl\/new\/wp-content\/uploads\/2022\/07\/WhatsApp-Image-2022-07-05-at-12.07.54-PM-scaled.jpeg\",\"keywords\":[\"Agricultura\",\"Agro\",\"Gabriela Chah\u00edn\",\"INIA\",\"INIA Carillanca\",\"Ovinos\",\"Producci\u00f3n ovina\"],\"articleSection\":[\"Agricultura\"],\"inLanguage\":\"es\"},{\"@type\":\"WebPage\",\"@id\":\"https:\/\/www.mundoagropecuario.cl\/new\/pequenos-agricultores-ovinos-de-la-araucania-realizan-gira-por-la-zona-central\/\",\"url\":\"https:\/\/www.mundoagropecuario.cl\/new\/pequenos-agricultores-ovinos-de-la-araucania-realizan-gira-por-la-zona-central\/\",\"name\":\"Peque\u00f1os agricultores ovinos de La Araucan\u00eda realizan gira por la zona central - Mundoagropecuario\",\"isPartOf\":{\"@id\":\"https:\/\/www.mundoagropecuario.cl\/new\/#website\"},\"primaryImageOfPage\":{\"@id\":\"https:\/\/www.mundoagropecuario.cl\/new\/pequenos-agricultores-ovinos-de-la-araucania-realizan-gira-por-la-zona-central\/#primaryimage\"},\"image\":{\"@id\":\"https:\/\/www.mundoagropecuario.cl\/new\/pequenos-agricultores-ovinos-de-la-araucania-realizan-gira-por-la-zona-central\/#primaryimage\"},\"thumbnailUrl\":\"https:\/\/www.mundoagropecuario.cl\/new\/wp-content\/uploads\/2022\/07\/WhatsApp-Image-2022-07-05-at-12.07.54-PM-scaled.jpeg\",\"datePublished\":\"2022-07-28T14:29:56+00:00\",\"dateModified\":\"2022-08-01T17:01:27+00:00\",\"description\":\"Se trata de Tom\u00e1s LLancaleo (Cunco); M\u00aa Isabel Manqui\u00f1ir (Loncoche) y Franscisco Roa (Angol), los dos primeros donde se establecieron predios piloto y el \u00faltimo es Presidente de la Cooperativa de ovinos en la capital de Malleco.\",\"breadcrumb\":{\"@id\":\"https:\/\/www.mundoagropecuario.cl\/new\/pequenos-agricultores-ovinos-de-la-araucania-realizan-gira-por-la-zona-central\/#breadcrumb\"},\"inLanguage\":\"es\",\"potentialAction\":[{\"@type\":\"ReadAction\",\"target\":[\"https:\/\/www.mundoagropecuario.cl\/new\/pequenos-agricultores-ovinos-de-la-araucania-realizan-gira-por-la-zona-central\/\"]}]},{\"@type\":\"ImageObject\",\"inLanguage\":\"es\",\"@id\":\"https:\/\/www.mundoagropecuario.cl\/new\/pequenos-agricultores-ovinos-de-la-araucania-realizan-gira-por-la-zona-central\/#primaryimage\",\"url\":\"https:\/\/www.mundoagropecuario.cl\/new\/wp-content\/uploads\/2022\/07\/WhatsApp-Image-2022-07-05-at-12.07.54-PM-scaled.jpeg\",\"contentUrl\":\"https:\/\/www.mundoagropecuario.cl\/new\/wp-content\/uploads\/2022\/07\/WhatsApp-Image-2022-07-05-at-12.07.54-PM-scaled.jpeg\",\"width\":535,\"height\":400},{\"@type\":\"BreadcrumbList\",\"@id\":\"https:\/\/www.mundoagropecuario.cl\/new\/pequenos-agricultores-ovinos-de-la-araucania-realizan-gira-por-la-zona-central\/#breadcrumb\",\"itemListElement\":[{\"@type\":\"ListItem\",\"position\":1,\"name\":\"Portada\",\"item\":\"https:\/\/www.mundoagropecuario.cl\/new\/\"},{\"@type\":\"ListItem\",\"position\":2,\"name\":\"Peque\u00f1os agricultores ovinos de La Araucan\u00eda realizan gira por la zona central\"}]},{\"@type\":\"WebSite\",\"@id\":\"https:\/\/www.mundoagropecuario.cl\/new\/#website\",\"url\":\"https:\/\/www.mundoagropecuario.cl\/new\/\",\"name\":\"Mundoagropecuario\",\"description\":\"Mundo Agropecuario\",\"publisher\":{\"@id\":\"https:\/\/www.mundoagropecuario.cl\/new\/#organization\"},\"potentialAction\":[{\"@type\":\"SearchAction\",\"target\":{\"@type\":\"EntryPoint\",\"urlTemplate\":\"https:\/\/www.mundoagropecuario.cl\/new\/?s={search_term_string}\"},\"query-input\":{\"@type\":\"PropertyValueSpecification\",\"valueRequired\":true,\"valueName\":\"search_term_string\"}}],\"inLanguage\":\"es\"},{\"@type\":\"Organization\",\"@id\":\"https:\/\/www.mundoagropecuario.cl\/new\/#organization\",\"name\":\"Revista de Agricultura\",\"url\":\"https:\/\/www.mundoagropecuario.cl\/new\/\",\"logo\":{\"@type\":\"ImageObject\",\"inLanguage\":\"es\",\"@id\":\"https:\/\/www.mundoagropecuario.cl\/new\/#\/schema\/logo\/image\/\",\"url\":\"https:\/\/www.mundoagropecuario.cl\/new\/wp-content\/uploads\/2020\/11\/PORTAL-1-1.png\",\"contentUrl\":\"https:\/\/www.mundoagropecuario.cl\/new\/wp-content\/uploads\/2020\/11\/PORTAL-1-1.png\",\"width\":1026,\"height\":100,\"caption\":\"Revista de Agricultura\"},\"image\":{\"@id\":\"https:\/\/www.mundoagropecuario.cl\/new\/#\/schema\/logo\/image\/\"},\"sameAs\":[\"https:\/\/www.facebook.com\/mundo.agropecuario.3\",\"https:\/\/x.com\/MundoAgropecuar\",\"https:\/\/www.linkedin.com\/in\/mundo-agropecuario-934009201\/\"]},{\"@type\":\"Person\",\"@id\":\"https:\/\/www.mundoagropecuario.cl\/new\/#\/schema\/person\/4e9f74a82a7dac260eb1c44b7eebeb18\",\"name\":\"mundo\",\"url\":\"https:\/\/www.mundoagropecuario.cl\/new\/author\/mundo\/\"}]}<\/script>\n<!-- \/ Yoast SEO plugin. -->","yoast_head_json":{"title":"Peque\u00f1os agricultores ovinos de La Araucan\u00eda realizan gira por la zona central - Mundoagropecuario","description":"Se trata de Tom\u00e1s LLancaleo (Cunco); M\u00aa Isabel Manqui\u00f1ir (Loncoche) y Franscisco Roa (Angol), los dos primeros donde se establecieron predios piloto y el \u00faltimo es Presidente de la Cooperativa de ovinos en la capital de Malleco.","robots":{"index":"index","follow":"follow","max-snippet":"max-snippet:-1","max-image-preview":"max-image-preview:large","max-video-preview":"max-video-preview:-1"},"canonical":"https:\/\/www.mundoagropecuario.cl\/new\/pequenos-agricultores-ovinos-de-la-araucania-realizan-gira-por-la-zona-central\/","og_locale":"es_ES","og_type":"article","og_title":"Peque\u00f1os agricultores ovinos de La Araucan\u00eda realizan gira por la zona central - Mundoagropecuario","og_description":"Se trata de Tom\u00e1s LLancaleo (Cunco); M\u00aa Isabel Manqui\u00f1ir (Loncoche) y Franscisco Roa (Angol), los dos primeros donde se establecieron predios piloto y el \u00faltimo es Presidente de la Cooperativa de ovinos en la capital de Malleco.","og_url":"https:\/\/www.mundoagropecuario.cl\/new\/pequenos-agricultores-ovinos-de-la-araucania-realizan-gira-por-la-zona-central\/","og_site_name":"Mundoagropecuario","article_publisher":"https:\/\/www.facebook.com\/mundo.agropecuario.3","article_published_time":"2022-07-28T14:29:56+00:00","article_modified_time":"2022-08-01T17:01:27+00:00","og_image":[{"width":1024,"height":766,"url":"https:\/\/www.mundoagropecuario.cl\/new\/wp-content\/uploads\/2022\/07\/WhatsApp-Image-2022-07-05-at-12.07.54-PM-scaled.jpeg","type":"image\/jpeg"}],"author":"mundo","twitter_card":"summary_large_image","twitter_creator":"@MundoAgropecuar","twitter_site":"@MundoAgropecuar","twitter_misc":{"Escrito por":"mundo","Tiempo de lectura":"3 minutos"},"schema":{"@context":"https:\/\/schema.org","@graph":[{"@type":"Article","@id":"https:\/\/www.mundoagropecuario.cl\/new\/pequenos-agricultores-ovinos-de-la-araucania-realizan-gira-por-la-zona-central\/#article","isPartOf":{"@id":"https:\/\/www.mundoagropecuario.cl\/new\/pequenos-agricultores-ovinos-de-la-araucania-realizan-gira-por-la-zona-central\/"},"author":{"name":"mundo","@id":"https:\/\/www.mundoagropecuario.cl\/new\/#\/schema\/person\/4e9f74a82a7dac260eb1c44b7eebeb18"},"headline":"Peque\u00f1os agricultores ovinos de La Araucan\u00eda realizan gira por la zona central","datePublished":"2022-07-28T14:29:56+00:00","dateModified":"2022-08-01T17:01:27+00:00","mainEntityOfPage":{"@id":"https:\/\/www.mundoagropecuario.cl\/new\/pequenos-agricultores-ovinos-de-la-araucania-realizan-gira-por-la-zona-central\/"},"wordCount":548,"publisher":{"@id":"https:\/\/www.mundoagropecuario.cl\/new\/#organization"},"image":{"@id":"https:\/\/www.mundoagropecuario.cl\/new\/pequenos-agricultores-ovinos-de-la-araucania-realizan-gira-por-la-zona-central\/#primaryimage"},"thumbnailUrl":"https:\/\/www.mundoagropecuario.cl\/new\/wp-content\/uploads\/2022\/07\/WhatsApp-Image-2022-07-05-at-12.07.54-PM-scaled.jpeg","keywords":["Agricultura","Agro","Gabriela Chah\u00edn","INIA","INIA Carillanca","Ovinos","Producci\u00f3n ovina"],"articleSection":["Agricultura"],"inLanguage":"es"},{"@type":"WebPage","@id":"https:\/\/www.mundoagropecuario.cl\/new\/pequenos-agricultores-ovinos-de-la-araucania-realizan-gira-por-la-zona-central\/","url":"https:\/\/www.mundoagropecuario.cl\/new\/pequenos-agricultores-ovinos-de-la-araucania-realizan-gira-por-la-zona-central\/","name":"Peque\u00f1os agricultores ovinos de La Araucan\u00eda realizan gira por la zona central - Mundoagropecuario","isPartOf":{"@id":"https:\/\/www.mundoagropecuario.cl\/new\/#website"},"primaryImageOfPage":{"@id":"https:\/\/www.mundoagropecuario.cl\/new\/pequenos-agricultores-ovinos-de-la-araucania-realizan-gira-por-la-zona-central\/#primaryimage"},"image":{"@id":"https:\/\/www.mundoagropecuario.cl\/new\/pequenos-agricultores-ovinos-de-la-araucania-realizan-gira-por-la-zona-central\/#primaryimage"},"thumbnailUrl":"https:\/\/www.mundoagropecuario.cl\/new\/wp-content\/uploads\/2022\/07\/WhatsApp-Image-2022-07-05-at-12.07.54-PM-scaled.jpeg","datePublished":"2022-07-28T14:29:56+00:00","dateModified":"2022-08-01T17:01:27+00:00","description":"Se trata de Tom\u00e1s LLancaleo (Cunco); M\u00aa Isabel Manqui\u00f1ir (Loncoche) y Franscisco Roa (Angol), los dos primeros donde se establecieron predios piloto y el \u00faltimo es Presidente de la Cooperativa de ovinos en la capital de Malleco.","breadcrumb":{"@id":"https:\/\/www.mundoagropecuario.cl\/new\/pequenos-agricultores-ovinos-de-la-araucania-realizan-gira-por-la-zona-central\/#breadcrumb"},"inLanguage":"es","potentialAction":[{"@type":"ReadAction","target":["https:\/\/www.mundoagropecuario.cl\/new\/pequenos-agricultores-ovinos-de-la-araucania-realizan-gira-por-la-zona-central\/"]}]},{"@type":"ImageObject","inLanguage":"es","@id":"https:\/\/www.mundoagropecuario.cl\/new\/pequenos-agricultores-ovinos-de-la-araucania-realizan-gira-por-la-zona-central\/#primaryimage","url":"https:\/\/www.mundoagropecuario.cl\/new\/wp-content\/uploads\/2022\/07\/WhatsApp-Image-2022-07-05-at-12.07.54-PM-scaled.jpeg","contentUrl":"https:\/\/www.mundoagropecuario.cl\/new\/wp-content\/uploads\/2022\/07\/WhatsApp-Image-2022-07-05-at-12.07.54-PM-scaled.jpeg","width":535,"height":400},{"@type":"BreadcrumbList","@id":"https:\/\/www.mundoagropecuario.cl\/new\/pequenos-agricultores-ovinos-de-la-araucania-realizan-gira-por-la-zona-central\/#breadcrumb","itemListElement":[{"@type":"ListItem","position":1,"name":"Portada","item":"https:\/\/www.mundoagropecuario.cl\/new\/"},{"@type":"ListItem","position":2,"name":"Peque\u00f1os agricultores ovinos de La Araucan\u00eda realizan gira por la zona central"}]},{"@type":"WebSite","@id":"https:\/\/www.mundoagropecuario.cl\/new\/#website","url":"https:\/\/www.mundoagropecuario.cl\/new\/","name":"Mundoagropecuario","description":"Mundo Agropecuario","publisher":{"@id":"https:\/\/www.mundoagropecuario.cl\/new\/#organization"},"potentialAction":[{"@type":"SearchAction","target":{"@type":"EntryPoint","urlTemplate":"https:\/\/www.mundoagropecuario.cl\/new\/?s={search_term_string}"},"query-input":{"@type":"PropertyValueSpecification","valueRequired":true,"valueName":"search_term_string"}}],"inLanguage":"es"},{"@type":"Organization","@id":"https:\/\/www.mundoagropecuario.cl\/new\/#organization","name":"Revista de Agricultura","url":"https:\/\/www.mundoagropecuario.cl\/new\/","logo":{"@type":"ImageObject","inLanguage":"es","@id":"https:\/\/www.mundoagropecuario.cl\/new\/#\/schema\/logo\/image\/","url":"https:\/\/www.mundoagropecuario.cl\/new\/wp-content\/uploads\/2020\/11\/PORTAL-1-1.png","contentUrl":"https:\/\/www.mundoagropecuario.cl\/new\/wp-content\/uploads\/2020\/11\/PORTAL-1-1.png","width":1026,"height":100,"caption":"Revista de Agricultura"},"image":{"@id":"https:\/\/www.mundoagropecuario.cl\/new\/#\/schema\/logo\/image\/"},"sameAs":["https:\/\/www.facebook.com\/mundo.agropecuario.3","https:\/\/x.com\/MundoAgropecuar","https:\/\/www.linkedin.com\/in\/mundo-agropecuario-934009201\/"]},{"@type":"Person","@id":"https:\/\/www.mundoagropecuario.cl\/new\/#\/schema\/person\/4e9f74a82a7dac260eb1c44b7eebeb18","name":"mundo","url":"https:\/\/www.mundoagropecuario.cl\/new\/author\/mundo\/"}]}},"_links":{"self":[{"href":"https:\/\/www.mundoagropecuario.cl\/new\/wp-json\/wp\/v2\/posts\/22489","targetHints":{"allow":["GET"]}}],"collection":[{"href":"https:\/\/www.mundoagropecuario.cl\/new\/wp-json\/wp\/v2\/posts"}],"about":[{"href":"https:\/\/www.mundoagropecuario.cl\/new\/wp-json\/wp\/v2\/types\/post"}],"author":[{"embeddable":true,"href":"https:\/\/www.mundoagropecuario.cl\/new\/wp-json\/wp\/v2\/users\/2"}],"replies":[{"embeddable":true,"href":"https:\/\/www.mundoagropecuario.cl\/new\/wp-json\/wp\/v2\/comments?post=22489"}],"version-history":[{"count":1,"href":"https:\/\/www.mundoagropecuario.cl\/new\/wp-json\/wp\/v2\/posts\/22489\/revisions"}],"predecessor-version":[{"id":22493,"href":"https:\/\/www.mundoagropecuario.cl\/new\/wp-json\/wp\/v2\/posts\/22489\/revisions\/22493"}],"wp:featuredmedia":[{"embeddable":true,"href":"https:\/\/www.mundoagropecuario.cl\/new\/wp-json\/wp\/v2\/media\/22492"}],"wp:attachment":[{"href":"https:\/\/www.mundoagropecuario.cl\/new\/wp-json\/wp\/v2\/media?parent=22489"}],"wp:term":[{"taxonomy":"category","embeddable":true,"href":"https:\/\/www.mundoagropecuario.cl\/new\/wp-json\/wp\/v2\/categories?post=22489"},{"taxonomy":"post_tag","embeddable":true,"href":"https:\/\/www.mundoagropecuario.cl\/new\/wp-json\/wp\/v2\/tags?post=22489"}],"curies":[{"name":"wp","href":"https:\/\/api.w.org\/{rel}","templated":true}]}}