{"id":22479,"date":"2022-07-26T13:28:47","date_gmt":"2022-07-26T16:28:47","guid":{"rendered":"https:\/\/www.mundoagropecuario.cl\/new\/?p=22479"},"modified":"2022-07-29T14:02:43","modified_gmt":"2022-07-29T17:02:43","slug":"90-de-productores-fruticolas-chilenos-temen-no-poder-iniciar-la-proxima-temporada-por-falta-critica-de-capital","status":"publish","type":"post","link":"https:\/\/www.mundoagropecuario.cl\/new\/90-de-productores-fruticolas-chilenos-temen-no-poder-iniciar-la-proxima-temporada-por-falta-critica-de-capital\/","title":{"rendered":"90% de productores frut\u00edcolas chilenos temen no poder iniciar la pr\u00f3xima temporada por falta cr\u00edtica de capital"},"content":{"rendered":"<blockquote>\n<h2><span style=\"color: #333300;\">Es un colapso que ni siquiera hab\u00edamos visto con el tema de las uvas y el cianuro&#8221;, indica el presidente del gremio, Jorge Valenzuela.<\/span><\/h2>\n<\/blockquote>\n<p>As\u00ed lo detect\u00f3 Fedefruta con su encuesta &#8220;Impacto de la crisis log\u00edstica y alza de costos en la temporada de los productores frut\u00edcolas&#8221;, la cual recogi\u00f3 la impresi\u00f3n de m\u00e1s de 300 empresas del rubro afectadas por la crisis, revelando que 9 de cada 10 productores creen que no podr\u00e1n costear el trabajo venidero de la campa\u00f1a 2022-2023.<\/p>\n<p>Luego que la Federaci\u00f3n de Productores de Frutas de Chile (Fedefruta) hablara estos meses sobre las serias complicaciones que la situaci\u00f3n log\u00edstica interna y global (adem\u00e1s del alza de costos en transporte, trabajadores e insumos) han provocado a los fruticultores afectados, ahora ha podido medir el impacto gracias a una encuesta contestada por m\u00e1s de 300 empresas frut\u00edcolas de las principales zonas productivas del pa\u00eds.<\/p>\n<p><a href=\"https:\/\/www.mundoagropecuario.cl\/new\/wp-content\/uploads\/2020\/12\/exportacio\u0301nfrutas.jpg\"><img loading=\"lazy\" decoding=\"async\" class=\" wp-image-17495 alignleft\" src=\"https:\/\/www.mundoagropecuario.cl\/new\/wp-content\/uploads\/2020\/12\/exportacio\u0301nfrutas-586x396.jpg\" alt=\"\" width=\"502\" height=\"339\" srcset=\"https:\/\/www.mundoagropecuario.cl\/new\/wp-content\/uploads\/2020\/12\/exportacio\u0301nfrutas-586x396.jpg 586w, https:\/\/www.mundoagropecuario.cl\/new\/wp-content\/uploads\/2020\/12\/exportacio\u0301nfrutas.jpg 592w\" sizes=\"auto, (max-width: 502px) 100vw, 502px\" \/><\/a>&#8220;La situaci\u00f3n muestra un desfinanciamiento muy duro, y much\u00edsimos productores no tienen c\u00f3mo dar partida a la campa\u00f1a 2022-2023, porque no han recibido los ingresos esperados antes de toda esta crisis&#8221;, afirm\u00f3 el presidente de Fedefruta, Jorge Valenzuela Trebilcock. &#8220;Es un colapso que ni siquiera hab\u00edamos visto con el tema de las uvas y el cianuro&#8221;.<\/p>\n<p>Entre los resultados m\u00e1s relevantes, la encuesta arroj\u00f3 que 9 de cada 10 productores de frutas tuvo p\u00e9rdidas en la temporada anterior &#8220;debido a la convulsi\u00f3n log\u00edstica interna y mundial&#8221;. Solo un 2% confirm\u00f3 que no tuvo mayores complicaciones, mientras que un 7,2% se\u00f1al\u00f3 que desconoc\u00eda a\u00fan si hab\u00eda p\u00e9rdida o no, por falta de informaci\u00f3n.<\/p>\n<p>&#8220;Desde marzo que estuvimos advirtiendo del impacto de los atrasos log\u00edsticos, y la consulta que realizamos revel\u00f3 que el 64% de los productores vio seriamente comprometida la condici\u00f3n de su fruta por causa de los atrasos para llegar a los puertos de destino&#8221;, coment\u00f3 Jorge Valenzuela.<\/p>\n<p><strong>Motivos internos<\/strong><\/p>\n<p>&#8220;Apenas un 19% de los fruteros dijo que no tuvo problemas de embarque en los terminales chilenos, y ese es un antecedente que debemos considerar para que la situaci\u00f3n no vuelva a repetirse en la temporada que viene&#8221;, agreg\u00f3 el dirigente de la fruta fresca. &#8220;Hubo dificultades para conseguir espacios en los barcos, cancelaron embarques a \u00faltimo minuto, no se cumpli\u00f3 con la entrega de contenedores, hubo que llevar fruta a los puertos del norte ante la falta de disponibilidad en Valpara\u00edso y San Antonio, y muchos otros motivos que nos entregaron las empresas que respondieron la encuesta&#8221;.<\/p>\n<p>De hecho, la mitad de los productores tuvo entre un 30% y un 60% de p\u00e9rdida de condici\u00f3n en su producci\u00f3n para ser vendida. Por ese motivo, representantes del gremio frut\u00edcola se han reunido con el Ministerio de Agricultura y parlamentarios, con el fin de avanzar en alguna ley que permita la prioridad de embarque para la importaci\u00f3n y exportaci\u00f3n de bienes perecibles en los momentos altos de la temporada.<\/p>\n<p><strong>Alza de costos y desfinanciamiento<\/strong><\/p>\n<p>Seg\u00fan lo recogido por el sondeo, el 60% de los productores tuvo un aumento de costos de trabajadores agr\u00edcolas entre un 20% y 30%. Adem\u00e1s, un 65% de los fruticultores vio un incremento entre un 20% y un 40% en los costos de flete interno, y la mitad de los encuestados anot\u00f3 un alza de entre un 30% y un 50% en el valor de insumos primarios como agroqu\u00edmicos y fertilizantes.<\/p>\n<p><a href=\"https:\/\/www.mundoagropecuario.cl\/new\/wp-content\/uploads\/2021\/10\/Exportaciones-frutas-.png\"><img loading=\"lazy\" decoding=\"async\" class=\" wp-image-20592 alignright\" src=\"https:\/\/www.mundoagropecuario.cl\/new\/wp-content\/uploads\/2021\/10\/Exportaciones-frutas--586x437.png\" alt=\"\" width=\"496\" height=\"387\" \/><\/a>Esto \u00faltimo, entre otras razones, se explica por la compra de productos en la divisa norteamericana. &#8220;Hay productores que no recibieron sus liquidaciones por la p\u00e9rdida de su fruta, especialmente de uva de mesa, ar\u00e1ndanos, carozos y manzanas, y si juntas el hecho de que las deudas por compra de insumos subieron por el tema del d\u00f3lar, nos encontramos en una situaci\u00f3n cr\u00edtica de liquidez&#8221;, coment\u00f3 el timonel de Fedefruta.<\/p>\n<p><strong>Colapso financiero<\/strong><\/p>\n<p>Fedefruta, al consultar a los productores entonces si con los resultados de la temporada pasada tem\u00edan un desfinanciamiento para dar comienzo a una nueva temporada, el 90% asegur\u00f3 que ese era el escenario m\u00e1s seguro. Junto con ello, solo un 31% ha podido obtener alg\u00fan capital de trabajo para la campa\u00f1a que se avecina.<\/p>\n<p>Los consultados hablan de falta de informaci\u00f3n, que los actores de la cadena no pueden financiar por ellos mismos estar complicados, que la banca est\u00e1 m\u00e1s reticente a otorgar cr\u00e9ditos. Pero, a su vez, Jorge Valenzuela agrega que &#8220;con toda la incertidumbre del agua y la constituci\u00f3n, los productores no tienen garant\u00edas para acceder a la banca y a los cr\u00e9ditos. El fruticultor por el tema de la nueva constituci\u00f3n no podr\u00e1 financiarse, porque deber\u00e1 duplicar sus garant\u00edas&#8221;.<\/p>\n<p>Por \u00faltimo, el gremio ya ha compartido los resultados de esta encuesta con autoridades y parlamentarios, y espera tener reuniones con Hacienda y la banca para avizorar soluciones.<\/p>\n","protected":false},"excerpt":{"rendered":"<p>Es un colapso que ni siquiera hab\u00edamos visto con el tema de las uvas y el cianuro&#8221;, indica el presidente del gremio, Jorge Valenzuela. As\u00ed lo detect\u00f3 Fedefruta con su&#8230;<\/p>\n","protected":false},"author":2,"featured_media":18676,"comment_status":"closed","ping_status":"closed","sticky":false,"template":"","format":"standard","meta":{"footnotes":""},"categories":[1945],"tags":[4124,3127,7219,1105,4365,2245,2035,7220],"class_list":["post-22479","post","type-post","status-publish","format-standard","has-post-thumbnail","hentry","category-agricultura","tag-agricola","tag-agro","tag-agroquimicos-y-fertilizantes","tag-exportaciones","tag-fedefrutas","tag-frutas","tag-minagri","tag-uvas-y-el-cianuro"],"yoast_head":"<!-- This site is optimized with the Yoast SEO plugin v26.6 - https:\/\/yoast.com\/wordpress\/plugins\/seo\/ -->\n<title>90% de productores frut\u00edcolas chilenos temen no poder iniciar la pr\u00f3xima temporada por falta cr\u00edtica de capital - Mundoagropecuario<\/title>\n<meta name=\"robots\" content=\"index, follow, max-snippet:-1, max-image-preview:large, max-video-preview:-1\" \/>\n<link rel=\"canonical\" href=\"https:\/\/www.mundoagropecuario.cl\/new\/90-de-productores-fruticolas-chilenos-temen-no-poder-iniciar-la-proxima-temporada-por-falta-critica-de-capital\/\" \/>\n<meta property=\"og:locale\" content=\"es_ES\" \/>\n<meta property=\"og:type\" content=\"article\" \/>\n<meta property=\"og:title\" content=\"90% de productores frut\u00edcolas chilenos temen no poder iniciar la pr\u00f3xima temporada por falta cr\u00edtica de capital - Mundoagropecuario\" \/>\n<meta property=\"og:description\" content=\"Es un colapso que ni siquiera hab\u00edamos visto con el tema de las uvas y el cianuro&#8221;, indica el presidente del gremio, Jorge Valenzuela. As\u00ed lo detect\u00f3 Fedefruta con su...\" \/>\n<meta property=\"og:url\" content=\"https:\/\/www.mundoagropecuario.cl\/new\/90-de-productores-fruticolas-chilenos-temen-no-poder-iniciar-la-proxima-temporada-por-falta-critica-de-capital\/\" \/>\n<meta property=\"og:site_name\" content=\"Mundoagropecuario\" \/>\n<meta property=\"article:publisher\" content=\"https:\/\/www.facebook.com\/mundo.agropecuario.3\" \/>\n<meta property=\"article:published_time\" content=\"2022-07-26T16:28:47+00:00\" \/>\n<meta property=\"article:modified_time\" content=\"2022-07-29T17:02:43+00:00\" \/>\n<meta property=\"og:image\" content=\"https:\/\/www.mundoagropecuario.cl\/new\/wp-content\/uploads\/2021\/04\/Exportaciones-forestales-.jpeg\" \/>\n\t<meta property=\"og:image:width\" content=\"850\" \/>\n\t<meta property=\"og:image:height\" content=\"400\" \/>\n\t<meta property=\"og:image:type\" content=\"image\/jpeg\" \/>\n<meta name=\"author\" content=\"mundo\" \/>\n<meta name=\"twitter:card\" content=\"summary_large_image\" \/>\n<meta name=\"twitter:creator\" content=\"@MundoAgropecuar\" \/>\n<meta name=\"twitter:site\" content=\"@MundoAgropecuar\" \/>\n<meta name=\"twitter:label1\" content=\"Escrito por\" \/>\n\t<meta name=\"twitter:data1\" content=\"mundo\" \/>\n\t<meta name=\"twitter:label2\" content=\"Tiempo de lectura\" \/>\n\t<meta name=\"twitter:data2\" content=\"4 minutos\" \/>\n<script type=\"application\/ld+json\" class=\"yoast-schema-graph\">{\"@context\":\"https:\/\/schema.org\",\"@graph\":[{\"@type\":\"Article\",\"@id\":\"https:\/\/www.mundoagropecuario.cl\/new\/90-de-productores-fruticolas-chilenos-temen-no-poder-iniciar-la-proxima-temporada-por-falta-critica-de-capital\/#article\",\"isPartOf\":{\"@id\":\"https:\/\/www.mundoagropecuario.cl\/new\/90-de-productores-fruticolas-chilenos-temen-no-poder-iniciar-la-proxima-temporada-por-falta-critica-de-capital\/\"},\"author\":{\"name\":\"mundo\",\"@id\":\"https:\/\/www.mundoagropecuario.cl\/new\/#\/schema\/person\/4e9f74a82a7dac260eb1c44b7eebeb18\"},\"headline\":\"90% de productores frut\u00edcolas chilenos temen no poder iniciar la pr\u00f3xima temporada por falta cr\u00edtica de capital\",\"datePublished\":\"2022-07-26T16:28:47+00:00\",\"dateModified\":\"2022-07-29T17:02:43+00:00\",\"mainEntityOfPage\":{\"@id\":\"https:\/\/www.mundoagropecuario.cl\/new\/90-de-productores-fruticolas-chilenos-temen-no-poder-iniciar-la-proxima-temporada-por-falta-critica-de-capital\/\"},\"wordCount\":840,\"publisher\":{\"@id\":\"https:\/\/www.mundoagropecuario.cl\/new\/#organization\"},\"image\":{\"@id\":\"https:\/\/www.mundoagropecuario.cl\/new\/90-de-productores-fruticolas-chilenos-temen-no-poder-iniciar-la-proxima-temporada-por-falta-critica-de-capital\/#primaryimage\"},\"thumbnailUrl\":\"https:\/\/www.mundoagropecuario.cl\/new\/wp-content\/uploads\/2021\/04\/Exportaciones-forestales-.jpeg\",\"keywords\":[\"agricola\",\"Agro\",\"agroqu\u00edmicos y fertilizantes.\",\"Exportaciones\",\"Fedefrutas\",\"Frutas\",\"Minagri\",\"uvas y el cianuro\"],\"articleSection\":[\"Agricultura\"],\"inLanguage\":\"es\"},{\"@type\":\"WebPage\",\"@id\":\"https:\/\/www.mundoagropecuario.cl\/new\/90-de-productores-fruticolas-chilenos-temen-no-poder-iniciar-la-proxima-temporada-por-falta-critica-de-capital\/\",\"url\":\"https:\/\/www.mundoagropecuario.cl\/new\/90-de-productores-fruticolas-chilenos-temen-no-poder-iniciar-la-proxima-temporada-por-falta-critica-de-capital\/\",\"name\":\"90% de productores frut\u00edcolas chilenos temen no poder iniciar la pr\u00f3xima temporada por falta cr\u00edtica de capital - Mundoagropecuario\",\"isPartOf\":{\"@id\":\"https:\/\/www.mundoagropecuario.cl\/new\/#website\"},\"primaryImageOfPage\":{\"@id\":\"https:\/\/www.mundoagropecuario.cl\/new\/90-de-productores-fruticolas-chilenos-temen-no-poder-iniciar-la-proxima-temporada-por-falta-critica-de-capital\/#primaryimage\"},\"image\":{\"@id\":\"https:\/\/www.mundoagropecuario.cl\/new\/90-de-productores-fruticolas-chilenos-temen-no-poder-iniciar-la-proxima-temporada-por-falta-critica-de-capital\/#primaryimage\"},\"thumbnailUrl\":\"https:\/\/www.mundoagropecuario.cl\/new\/wp-content\/uploads\/2021\/04\/Exportaciones-forestales-.jpeg\",\"datePublished\":\"2022-07-26T16:28:47+00:00\",\"dateModified\":\"2022-07-29T17:02:43+00:00\",\"breadcrumb\":{\"@id\":\"https:\/\/www.mundoagropecuario.cl\/new\/90-de-productores-fruticolas-chilenos-temen-no-poder-iniciar-la-proxima-temporada-por-falta-critica-de-capital\/#breadcrumb\"},\"inLanguage\":\"es\",\"potentialAction\":[{\"@type\":\"ReadAction\",\"target\":[\"https:\/\/www.mundoagropecuario.cl\/new\/90-de-productores-fruticolas-chilenos-temen-no-poder-iniciar-la-proxima-temporada-por-falta-critica-de-capital\/\"]}]},{\"@type\":\"ImageObject\",\"inLanguage\":\"es\",\"@id\":\"https:\/\/www.mundoagropecuario.cl\/new\/90-de-productores-fruticolas-chilenos-temen-no-poder-iniciar-la-proxima-temporada-por-falta-critica-de-capital\/#primaryimage\",\"url\":\"https:\/\/www.mundoagropecuario.cl\/new\/wp-content\/uploads\/2021\/04\/Exportaciones-forestales-.jpeg\",\"contentUrl\":\"https:\/\/www.mundoagropecuario.cl\/new\/wp-content\/uploads\/2021\/04\/Exportaciones-forestales-.jpeg\",\"width\":720,\"height\":339},{\"@type\":\"BreadcrumbList\",\"@id\":\"https:\/\/www.mundoagropecuario.cl\/new\/90-de-productores-fruticolas-chilenos-temen-no-poder-iniciar-la-proxima-temporada-por-falta-critica-de-capital\/#breadcrumb\",\"itemListElement\":[{\"@type\":\"ListItem\",\"position\":1,\"name\":\"Portada\",\"item\":\"https:\/\/www.mundoagropecuario.cl\/new\/\"},{\"@type\":\"ListItem\",\"position\":2,\"name\":\"90% de productores frut\u00edcolas chilenos temen no poder iniciar la pr\u00f3xima temporada por falta cr\u00edtica de capital\"}]},{\"@type\":\"WebSite\",\"@id\":\"https:\/\/www.mundoagropecuario.cl\/new\/#website\",\"url\":\"https:\/\/www.mundoagropecuario.cl\/new\/\",\"name\":\"Mundoagropecuario\",\"description\":\"Mundo Agropecuario\",\"publisher\":{\"@id\":\"https:\/\/www.mundoagropecuario.cl\/new\/#organization\"},\"potentialAction\":[{\"@type\":\"SearchAction\",\"target\":{\"@type\":\"EntryPoint\",\"urlTemplate\":\"https:\/\/www.mundoagropecuario.cl\/new\/?s={search_term_string}\"},\"query-input\":{\"@type\":\"PropertyValueSpecification\",\"valueRequired\":true,\"valueName\":\"search_term_string\"}}],\"inLanguage\":\"es\"},{\"@type\":\"Organization\",\"@id\":\"https:\/\/www.mundoagropecuario.cl\/new\/#organization\",\"name\":\"Revista de Agricultura\",\"url\":\"https:\/\/www.mundoagropecuario.cl\/new\/\",\"logo\":{\"@type\":\"ImageObject\",\"inLanguage\":\"es\",\"@id\":\"https:\/\/www.mundoagropecuario.cl\/new\/#\/schema\/logo\/image\/\",\"url\":\"https:\/\/www.mundoagropecuario.cl\/new\/wp-content\/uploads\/2020\/11\/PORTAL-1-1.png\",\"contentUrl\":\"https:\/\/www.mundoagropecuario.cl\/new\/wp-content\/uploads\/2020\/11\/PORTAL-1-1.png\",\"width\":1026,\"height\":100,\"caption\":\"Revista de Agricultura\"},\"image\":{\"@id\":\"https:\/\/www.mundoagropecuario.cl\/new\/#\/schema\/logo\/image\/\"},\"sameAs\":[\"https:\/\/www.facebook.com\/mundo.agropecuario.3\",\"https:\/\/x.com\/MundoAgropecuar\",\"https:\/\/www.linkedin.com\/in\/mundo-agropecuario-934009201\/\"]},{\"@type\":\"Person\",\"@id\":\"https:\/\/www.mundoagropecuario.cl\/new\/#\/schema\/person\/4e9f74a82a7dac260eb1c44b7eebeb18\",\"name\":\"mundo\",\"url\":\"https:\/\/www.mundoagropecuario.cl\/new\/author\/mundo\/\"}]}<\/script>\n<!-- \/ Yoast SEO plugin. -->","yoast_head_json":{"title":"90% de productores frut\u00edcolas chilenos temen no poder iniciar la pr\u00f3xima temporada por falta cr\u00edtica de capital - Mundoagropecuario","robots":{"index":"index","follow":"follow","max-snippet":"max-snippet:-1","max-image-preview":"max-image-preview:large","max-video-preview":"max-video-preview:-1"},"canonical":"https:\/\/www.mundoagropecuario.cl\/new\/90-de-productores-fruticolas-chilenos-temen-no-poder-iniciar-la-proxima-temporada-por-falta-critica-de-capital\/","og_locale":"es_ES","og_type":"article","og_title":"90% de productores frut\u00edcolas chilenos temen no poder iniciar la pr\u00f3xima temporada por falta cr\u00edtica de capital - Mundoagropecuario","og_description":"Es un colapso que ni siquiera hab\u00edamos visto con el tema de las uvas y el cianuro&#8221;, indica el presidente del gremio, Jorge Valenzuela. As\u00ed lo detect\u00f3 Fedefruta con su...","og_url":"https:\/\/www.mundoagropecuario.cl\/new\/90-de-productores-fruticolas-chilenos-temen-no-poder-iniciar-la-proxima-temporada-por-falta-critica-de-capital\/","og_site_name":"Mundoagropecuario","article_publisher":"https:\/\/www.facebook.com\/mundo.agropecuario.3","article_published_time":"2022-07-26T16:28:47+00:00","article_modified_time":"2022-07-29T17:02:43+00:00","og_image":[{"width":850,"height":400,"url":"https:\/\/www.mundoagropecuario.cl\/new\/wp-content\/uploads\/2021\/04\/Exportaciones-forestales-.jpeg","type":"image\/jpeg"}],"author":"mundo","twitter_card":"summary_large_image","twitter_creator":"@MundoAgropecuar","twitter_site":"@MundoAgropecuar","twitter_misc":{"Escrito por":"mundo","Tiempo de lectura":"4 minutos"},"schema":{"@context":"https:\/\/schema.org","@graph":[{"@type":"Article","@id":"https:\/\/www.mundoagropecuario.cl\/new\/90-de-productores-fruticolas-chilenos-temen-no-poder-iniciar-la-proxima-temporada-por-falta-critica-de-capital\/#article","isPartOf":{"@id":"https:\/\/www.mundoagropecuario.cl\/new\/90-de-productores-fruticolas-chilenos-temen-no-poder-iniciar-la-proxima-temporada-por-falta-critica-de-capital\/"},"author":{"name":"mundo","@id":"https:\/\/www.mundoagropecuario.cl\/new\/#\/schema\/person\/4e9f74a82a7dac260eb1c44b7eebeb18"},"headline":"90% de productores frut\u00edcolas chilenos temen no poder iniciar la pr\u00f3xima temporada por falta cr\u00edtica de capital","datePublished":"2022-07-26T16:28:47+00:00","dateModified":"2022-07-29T17:02:43+00:00","mainEntityOfPage":{"@id":"https:\/\/www.mundoagropecuario.cl\/new\/90-de-productores-fruticolas-chilenos-temen-no-poder-iniciar-la-proxima-temporada-por-falta-critica-de-capital\/"},"wordCount":840,"publisher":{"@id":"https:\/\/www.mundoagropecuario.cl\/new\/#organization"},"image":{"@id":"https:\/\/www.mundoagropecuario.cl\/new\/90-de-productores-fruticolas-chilenos-temen-no-poder-iniciar-la-proxima-temporada-por-falta-critica-de-capital\/#primaryimage"},"thumbnailUrl":"https:\/\/www.mundoagropecuario.cl\/new\/wp-content\/uploads\/2021\/04\/Exportaciones-forestales-.jpeg","keywords":["agricola","Agro","agroqu\u00edmicos y fertilizantes.","Exportaciones","Fedefrutas","Frutas","Minagri","uvas y el cianuro"],"articleSection":["Agricultura"],"inLanguage":"es"},{"@type":"WebPage","@id":"https:\/\/www.mundoagropecuario.cl\/new\/90-de-productores-fruticolas-chilenos-temen-no-poder-iniciar-la-proxima-temporada-por-falta-critica-de-capital\/","url":"https:\/\/www.mundoagropecuario.cl\/new\/90-de-productores-fruticolas-chilenos-temen-no-poder-iniciar-la-proxima-temporada-por-falta-critica-de-capital\/","name":"90% de productores frut\u00edcolas chilenos temen no poder iniciar la pr\u00f3xima temporada por falta cr\u00edtica de capital - Mundoagropecuario","isPartOf":{"@id":"https:\/\/www.mundoagropecuario.cl\/new\/#website"},"primaryImageOfPage":{"@id":"https:\/\/www.mundoagropecuario.cl\/new\/90-de-productores-fruticolas-chilenos-temen-no-poder-iniciar-la-proxima-temporada-por-falta-critica-de-capital\/#primaryimage"},"image":{"@id":"https:\/\/www.mundoagropecuario.cl\/new\/90-de-productores-fruticolas-chilenos-temen-no-poder-iniciar-la-proxima-temporada-por-falta-critica-de-capital\/#primaryimage"},"thumbnailUrl":"https:\/\/www.mundoagropecuario.cl\/new\/wp-content\/uploads\/2021\/04\/Exportaciones-forestales-.jpeg","datePublished":"2022-07-26T16:28:47+00:00","dateModified":"2022-07-29T17:02:43+00:00","breadcrumb":{"@id":"https:\/\/www.mundoagropecuario.cl\/new\/90-de-productores-fruticolas-chilenos-temen-no-poder-iniciar-la-proxima-temporada-por-falta-critica-de-capital\/#breadcrumb"},"inLanguage":"es","potentialAction":[{"@type":"ReadAction","target":["https:\/\/www.mundoagropecuario.cl\/new\/90-de-productores-fruticolas-chilenos-temen-no-poder-iniciar-la-proxima-temporada-por-falta-critica-de-capital\/"]}]},{"@type":"ImageObject","inLanguage":"es","@id":"https:\/\/www.mundoagropecuario.cl\/new\/90-de-productores-fruticolas-chilenos-temen-no-poder-iniciar-la-proxima-temporada-por-falta-critica-de-capital\/#primaryimage","url":"https:\/\/www.mundoagropecuario.cl\/new\/wp-content\/uploads\/2021\/04\/Exportaciones-forestales-.jpeg","contentUrl":"https:\/\/www.mundoagropecuario.cl\/new\/wp-content\/uploads\/2021\/04\/Exportaciones-forestales-.jpeg","width":720,"height":339},{"@type":"BreadcrumbList","@id":"https:\/\/www.mundoagropecuario.cl\/new\/90-de-productores-fruticolas-chilenos-temen-no-poder-iniciar-la-proxima-temporada-por-falta-critica-de-capital\/#breadcrumb","itemListElement":[{"@type":"ListItem","position":1,"name":"Portada","item":"https:\/\/www.mundoagropecuario.cl\/new\/"},{"@type":"ListItem","position":2,"name":"90% de productores frut\u00edcolas chilenos temen no poder iniciar la pr\u00f3xima temporada por falta cr\u00edtica de capital"}]},{"@type":"WebSite","@id":"https:\/\/www.mundoagropecuario.cl\/new\/#website","url":"https:\/\/www.mundoagropecuario.cl\/new\/","name":"Mundoagropecuario","description":"Mundo Agropecuario","publisher":{"@id":"https:\/\/www.mundoagropecuario.cl\/new\/#organization"},"potentialAction":[{"@type":"SearchAction","target":{"@type":"EntryPoint","urlTemplate":"https:\/\/www.mundoagropecuario.cl\/new\/?s={search_term_string}"},"query-input":{"@type":"PropertyValueSpecification","valueRequired":true,"valueName":"search_term_string"}}],"inLanguage":"es"},{"@type":"Organization","@id":"https:\/\/www.mundoagropecuario.cl\/new\/#organization","name":"Revista de Agricultura","url":"https:\/\/www.mundoagropecuario.cl\/new\/","logo":{"@type":"ImageObject","inLanguage":"es","@id":"https:\/\/www.mundoagropecuario.cl\/new\/#\/schema\/logo\/image\/","url":"https:\/\/www.mundoagropecuario.cl\/new\/wp-content\/uploads\/2020\/11\/PORTAL-1-1.png","contentUrl":"https:\/\/www.mundoagropecuario.cl\/new\/wp-content\/uploads\/2020\/11\/PORTAL-1-1.png","width":1026,"height":100,"caption":"Revista de Agricultura"},"image":{"@id":"https:\/\/www.mundoagropecuario.cl\/new\/#\/schema\/logo\/image\/"},"sameAs":["https:\/\/www.facebook.com\/mundo.agropecuario.3","https:\/\/x.com\/MundoAgropecuar","https:\/\/www.linkedin.com\/in\/mundo-agropecuario-934009201\/"]},{"@type":"Person","@id":"https:\/\/www.mundoagropecuario.cl\/new\/#\/schema\/person\/4e9f74a82a7dac260eb1c44b7eebeb18","name":"mundo","url":"https:\/\/www.mundoagropecuario.cl\/new\/author\/mundo\/"}]}},"_links":{"self":[{"href":"https:\/\/www.mundoagropecuario.cl\/new\/wp-json\/wp\/v2\/posts\/22479","targetHints":{"allow":["GET"]}}],"collection":[{"href":"https:\/\/www.mundoagropecuario.cl\/new\/wp-json\/wp\/v2\/posts"}],"about":[{"href":"https:\/\/www.mundoagropecuario.cl\/new\/wp-json\/wp\/v2\/types\/post"}],"author":[{"embeddable":true,"href":"https:\/\/www.mundoagropecuario.cl\/new\/wp-json\/wp\/v2\/users\/2"}],"replies":[{"embeddable":true,"href":"https:\/\/www.mundoagropecuario.cl\/new\/wp-json\/wp\/v2\/comments?post=22479"}],"version-history":[{"count":1,"href":"https:\/\/www.mundoagropecuario.cl\/new\/wp-json\/wp\/v2\/posts\/22479\/revisions"}],"predecessor-version":[{"id":22480,"href":"https:\/\/www.mundoagropecuario.cl\/new\/wp-json\/wp\/v2\/posts\/22479\/revisions\/22480"}],"wp:featuredmedia":[{"embeddable":true,"href":"https:\/\/www.mundoagropecuario.cl\/new\/wp-json\/wp\/v2\/media\/18676"}],"wp:attachment":[{"href":"https:\/\/www.mundoagropecuario.cl\/new\/wp-json\/wp\/v2\/media?parent=22479"}],"wp:term":[{"taxonomy":"category","embeddable":true,"href":"https:\/\/www.mundoagropecuario.cl\/new\/wp-json\/wp\/v2\/categories?post=22479"},{"taxonomy":"post_tag","embeddable":true,"href":"https:\/\/www.mundoagropecuario.cl\/new\/wp-json\/wp\/v2\/tags?post=22479"}],"curies":[{"name":"wp","href":"https:\/\/api.w.org\/{rel}","templated":true}]}}