{"id":22469,"date":"2022-07-26T12:18:54","date_gmt":"2022-07-26T15:18:54","guid":{"rendered":"https:\/\/www.mundoagropecuario.cl\/new\/?p=22469"},"modified":"2022-07-28T12:31:19","modified_gmt":"2022-07-28T15:31:19","slug":"investigadora-inia-es-invitada-a-coordinar-edicion-de-importante-revista-cientifica-internacional","status":"publish","type":"post","link":"https:\/\/www.mundoagropecuario.cl\/new\/investigadora-inia-es-invitada-a-coordinar-edicion-de-importante-revista-cientifica-internacional\/","title":{"rendered":"Investigadora INIA es invitada a coordinar edici\u00f3n de importante revista cient\u00edfica internacional"},"content":{"rendered":"<blockquote>\n<h2><span style=\"color: #003300;\">Ingrid Mart\u00ednez, ingeniera agr\u00f3noma de INIA Remehue, especialista en conservaci\u00f3n de suelos y fisiolog\u00eda de cultivos, entre otras materias, ser\u00e1 Topic Coordinator en la prestigiosa Frontiers in Soil Science.<\/span><\/h2>\n<\/blockquote>\n<p>Frontiers in Soil Science es una de las revistas de Frontiers Media S.A., tercera editorial de investigaci\u00f3n y plataforma cient\u00edfica abierta m\u00e1s citada, y la sexta m\u00e1s grande del mundo. Fundada en 2007, en Suiza, abarca cientos de disciplinas acad\u00e9micas y es revisada por pares, con rigurosos est\u00e1ndares de calidad.<\/p>\n<p>Este medio design\u00f3 a la investigadora del Instituto de Investigaciones Agropecuarias (INIA) de Chile, Dra. Ingrid Mart\u00ednez, como coordinadora del Research Topic: \u201cEstrategias para reducir los fertilizantes: c\u00f3mo mantener la productividad y la rentabilidad de los cultivos en suelos \u00e1cidos agr\u00edcolas\u201d, lo que le permitir\u00e1 desarrollar esta propuesta de su autor\u00eda. La especialista espera que con este trabajo \u201cse genere una discusi\u00f3n interdisciplinaria, con enfoques novedosos sobre la tolerancia o adaptaci\u00f3n de los cultivos a suelos \u00e1cidos o de baja fertilidad; as\u00ed como reducir el costo del transporte de fertilizantes, especialmente en \u00e1reas remotas, promoviendo el uso de enmiendas org\u00e1nicas locales y fortaleciendo la agricultura familiar campesina\u201d.<\/p>\n<p><a href=\"https:\/\/www.mundoagropecuario.cl\/new\/wp-content\/uploads\/2022\/07\/Foto_Ingrid-Marti\u0301nez.jpeg\"><img loading=\"lazy\" decoding=\"async\" class=\" wp-image-22470 alignleft\" src=\"https:\/\/www.mundoagropecuario.cl\/new\/wp-content\/uploads\/2022\/07\/Foto_Ingrid-Marti\u0301nez-574x490.jpeg\" alt=\"\" width=\"458\" height=\"427\" \/><\/a>Ingrid Mart\u00ednez invit\u00f3 a los investigadores Claudia Di Bene (CREA, Italia) y Patricio Sanda\u00f1a (UACh, Chile), a participar como editores, \u201ca quienes agradezco el aceptar unirse a este interesante desaf\u00edo, as\u00ed como a la revista Frontiers por darme la oportunidad de dar vida a un tema que me interesa seguir abordando cient\u00edficamente. Adem\u00e1s, este rol de coordinadora me permitir\u00e1 expandir las redes de investigaci\u00f3n a nivel profesional y dar visibilidad a la labor que INIA realiza\u201d, concluy\u00f3 Mart\u00ednez.<\/p>\n<p>El Research Topic se encuentra publicado en https:\/\/www.frontiersin.org\/research-topics\/40444\/strategies-to-reduce-fertilizers-how-to-maintain-crop-productivity-and-profitability-in-agricultural y est\u00e1 asociado a tres revistas: Frontiers in Plant Science (https:\/\/www.frontiersin.org\/journals\/plant-science), Frontiers in Soil Science (https:\/\/www.frontiersin.org\/journals\/soil-science) y Frontiers in Agronomy (https:\/\/www.frontiersin.org\/journals\/agronomy\/sections\/plant-soil-interactions).<\/p>\n<p>Ingrid Mart\u00ednez es Ingeniera Agr\u00f3noma, Dra. en Ciencias Agropecuarias y Mag\u00edster en Ciencias menci\u00f3n Suelos. Se desempe\u00f1a como investigadora en el Centro Regional de Investigaci\u00f3n INIA Remehue, situado en Osorno, Chile. Temas de su particular inter\u00e9s son la compactaci\u00f3n del suelo y el transporte de gases en suelos arables, desarrollados a trav\u00e9s de una investigaci\u00f3n Postdoctoral en Agroscope, Suiza, y ha dirigido proyectos cient\u00edficos sobre la rehabilitaci\u00f3n de suelos degradados, mediante estructuras conservacionistas en zonas con influencia de suelos volc\u00e1nicos.<\/p>\n","protected":false},"excerpt":{"rendered":"<p>Este medio design\u00f3 a la investigadora del Instituto de Investigaciones Agropecuarias (INIA) de Chile, Dra. Ingrid Mart\u00ednez, como coordinadora del Research Topic<\/p>\n","protected":false},"author":2,"featured_media":22471,"comment_status":"closed","ping_status":"closed","sticky":false,"template":"","format":"standard","meta":{"footnotes":""},"categories":[1945],"tags":[1223,7214,7215,6927,7216,578],"class_list":["post-22469","post","type-post","status-publish","format-standard","has-post-thumbnail","hentry","category-agricultura","tag-chile","tag-dra-en-ciencias-agropecuarias-y-magister","tag-frontiers-media-s-a","tag-investigadora-inia","tag-revista-cientifica","tag-uach"],"yoast_head":"<!-- This site is optimized with the Yoast SEO plugin v26.6 - https:\/\/yoast.com\/wordpress\/plugins\/seo\/ -->\n<title>Investigadora INIA es invitada a coordinar edici\u00f3n de importante revista cient\u00edfica internacional - Mundoagropecuario<\/title>\n<meta name=\"description\" content=\"Este medio design\u00f3 a la investigadora del INIA de Chile, Dra. Ingrid Mart\u00ednez, como coordinadora del Research Topic\" \/>\n<meta name=\"robots\" content=\"index, follow, max-snippet:-1, max-image-preview:large, max-video-preview:-1\" \/>\n<link rel=\"canonical\" href=\"https:\/\/www.mundoagropecuario.cl\/new\/investigadora-inia-es-invitada-a-coordinar-edicion-de-importante-revista-cientifica-internacional\/\" \/>\n<meta property=\"og:locale\" content=\"es_ES\" \/>\n<meta property=\"og:type\" content=\"article\" \/>\n<meta property=\"og:title\" content=\"Investigadora INIA es invitada a coordinar edici\u00f3n de importante revista cient\u00edfica internacional - Mundoagropecuario\" \/>\n<meta property=\"og:description\" content=\"Este medio design\u00f3 a la investigadora del INIA de Chile, Dra. Ingrid Mart\u00ednez, como coordinadora del Research Topic\" \/>\n<meta property=\"og:url\" content=\"https:\/\/www.mundoagropecuario.cl\/new\/investigadora-inia-es-invitada-a-coordinar-edicion-de-importante-revista-cientifica-internacional\/\" \/>\n<meta property=\"og:site_name\" content=\"Mundoagropecuario\" \/>\n<meta property=\"article:publisher\" content=\"https:\/\/www.facebook.com\/mundo.agropecuario.3\" \/>\n<meta property=\"article:published_time\" content=\"2022-07-26T15:18:54+00:00\" \/>\n<meta property=\"article:modified_time\" content=\"2022-07-28T15:31:19+00:00\" \/>\n<meta property=\"og:image\" content=\"https:\/\/www.mundoagropecuario.cl\/new\/wp-content\/uploads\/2022\/07\/revista-Frontier--scaled.jpeg\" \/>\n\t<meta property=\"og:image:width\" content=\"1024\" \/>\n\t<meta property=\"og:image:height\" content=\"538\" \/>\n\t<meta property=\"og:image:type\" content=\"image\/jpeg\" \/>\n<meta name=\"author\" content=\"mundo\" \/>\n<meta name=\"twitter:card\" content=\"summary_large_image\" \/>\n<meta name=\"twitter:creator\" content=\"@MundoAgropecuar\" \/>\n<meta name=\"twitter:site\" content=\"@MundoAgropecuar\" \/>\n<meta name=\"twitter:label1\" content=\"Escrito por\" \/>\n\t<meta name=\"twitter:data1\" content=\"mundo\" \/>\n\t<meta name=\"twitter:label2\" content=\"Tiempo de lectura\" \/>\n\t<meta name=\"twitter:data2\" content=\"2 minutos\" \/>\n<script type=\"application\/ld+json\" class=\"yoast-schema-graph\">{\"@context\":\"https:\/\/schema.org\",\"@graph\":[{\"@type\":\"Article\",\"@id\":\"https:\/\/www.mundoagropecuario.cl\/new\/investigadora-inia-es-invitada-a-coordinar-edicion-de-importante-revista-cientifica-internacional\/#article\",\"isPartOf\":{\"@id\":\"https:\/\/www.mundoagropecuario.cl\/new\/investigadora-inia-es-invitada-a-coordinar-edicion-de-importante-revista-cientifica-internacional\/\"},\"author\":{\"name\":\"mundo\",\"@id\":\"https:\/\/www.mundoagropecuario.cl\/new\/#\/schema\/person\/4e9f74a82a7dac260eb1c44b7eebeb18\"},\"headline\":\"Investigadora INIA es invitada a coordinar edici\u00f3n de importante revista cient\u00edfica internacional\",\"datePublished\":\"2022-07-26T15:18:54+00:00\",\"dateModified\":\"2022-07-28T15:31:19+00:00\",\"mainEntityOfPage\":{\"@id\":\"https:\/\/www.mundoagropecuario.cl\/new\/investigadora-inia-es-invitada-a-coordinar-edicion-de-importante-revista-cientifica-internacional\/\"},\"wordCount\":446,\"publisher\":{\"@id\":\"https:\/\/www.mundoagropecuario.cl\/new\/#organization\"},\"image\":{\"@id\":\"https:\/\/www.mundoagropecuario.cl\/new\/investigadora-inia-es-invitada-a-coordinar-edicion-de-importante-revista-cientifica-internacional\/#primaryimage\"},\"thumbnailUrl\":\"https:\/\/www.mundoagropecuario.cl\/new\/wp-content\/uploads\/2022\/07\/revista-Frontier--scaled.jpeg\",\"keywords\":[\"Chile\",\"Dra. en Ciencias Agropecuarias y Mag\u00edster\",\"Frontiers Media S.A\",\"Investigadora INIA\",\"revista cient\u00edfica\",\"UACh\"],\"articleSection\":[\"Agricultura\"],\"inLanguage\":\"es\"},{\"@type\":\"WebPage\",\"@id\":\"https:\/\/www.mundoagropecuario.cl\/new\/investigadora-inia-es-invitada-a-coordinar-edicion-de-importante-revista-cientifica-internacional\/\",\"url\":\"https:\/\/www.mundoagropecuario.cl\/new\/investigadora-inia-es-invitada-a-coordinar-edicion-de-importante-revista-cientifica-internacional\/\",\"name\":\"Investigadora INIA es invitada a coordinar edici\u00f3n de importante revista cient\u00edfica internacional - Mundoagropecuario\",\"isPartOf\":{\"@id\":\"https:\/\/www.mundoagropecuario.cl\/new\/#website\"},\"primaryImageOfPage\":{\"@id\":\"https:\/\/www.mundoagropecuario.cl\/new\/investigadora-inia-es-invitada-a-coordinar-edicion-de-importante-revista-cientifica-internacional\/#primaryimage\"},\"image\":{\"@id\":\"https:\/\/www.mundoagropecuario.cl\/new\/investigadora-inia-es-invitada-a-coordinar-edicion-de-importante-revista-cientifica-internacional\/#primaryimage\"},\"thumbnailUrl\":\"https:\/\/www.mundoagropecuario.cl\/new\/wp-content\/uploads\/2022\/07\/revista-Frontier--scaled.jpeg\",\"datePublished\":\"2022-07-26T15:18:54+00:00\",\"dateModified\":\"2022-07-28T15:31:19+00:00\",\"description\":\"Este medio design\u00f3 a la investigadora del INIA de Chile, Dra. Ingrid Mart\u00ednez, como coordinadora del Research Topic\",\"breadcrumb\":{\"@id\":\"https:\/\/www.mundoagropecuario.cl\/new\/investigadora-inia-es-invitada-a-coordinar-edicion-de-importante-revista-cientifica-internacional\/#breadcrumb\"},\"inLanguage\":\"es\",\"potentialAction\":[{\"@type\":\"ReadAction\",\"target\":[\"https:\/\/www.mundoagropecuario.cl\/new\/investigadora-inia-es-invitada-a-coordinar-edicion-de-importante-revista-cientifica-internacional\/\"]}]},{\"@type\":\"ImageObject\",\"inLanguage\":\"es\",\"@id\":\"https:\/\/www.mundoagropecuario.cl\/new\/investigadora-inia-es-invitada-a-coordinar-edicion-de-importante-revista-cientifica-internacional\/#primaryimage\",\"url\":\"https:\/\/www.mundoagropecuario.cl\/new\/wp-content\/uploads\/2022\/07\/revista-Frontier--scaled.jpeg\",\"contentUrl\":\"https:\/\/www.mundoagropecuario.cl\/new\/wp-content\/uploads\/2022\/07\/revista-Frontier--scaled.jpeg\",\"width\":720,\"height\":378},{\"@type\":\"BreadcrumbList\",\"@id\":\"https:\/\/www.mundoagropecuario.cl\/new\/investigadora-inia-es-invitada-a-coordinar-edicion-de-importante-revista-cientifica-internacional\/#breadcrumb\",\"itemListElement\":[{\"@type\":\"ListItem\",\"position\":1,\"name\":\"Portada\",\"item\":\"https:\/\/www.mundoagropecuario.cl\/new\/\"},{\"@type\":\"ListItem\",\"position\":2,\"name\":\"Investigadora INIA es invitada a coordinar edici\u00f3n de importante revista cient\u00edfica internacional\"}]},{\"@type\":\"WebSite\",\"@id\":\"https:\/\/www.mundoagropecuario.cl\/new\/#website\",\"url\":\"https:\/\/www.mundoagropecuario.cl\/new\/\",\"name\":\"Mundoagropecuario\",\"description\":\"Mundo Agropecuario\",\"publisher\":{\"@id\":\"https:\/\/www.mundoagropecuario.cl\/new\/#organization\"},\"potentialAction\":[{\"@type\":\"SearchAction\",\"target\":{\"@type\":\"EntryPoint\",\"urlTemplate\":\"https:\/\/www.mundoagropecuario.cl\/new\/?s={search_term_string}\"},\"query-input\":{\"@type\":\"PropertyValueSpecification\",\"valueRequired\":true,\"valueName\":\"search_term_string\"}}],\"inLanguage\":\"es\"},{\"@type\":\"Organization\",\"@id\":\"https:\/\/www.mundoagropecuario.cl\/new\/#organization\",\"name\":\"Revista de Agricultura\",\"url\":\"https:\/\/www.mundoagropecuario.cl\/new\/\",\"logo\":{\"@type\":\"ImageObject\",\"inLanguage\":\"es\",\"@id\":\"https:\/\/www.mundoagropecuario.cl\/new\/#\/schema\/logo\/image\/\",\"url\":\"https:\/\/www.mundoagropecuario.cl\/new\/wp-content\/uploads\/2020\/11\/PORTAL-1-1.png\",\"contentUrl\":\"https:\/\/www.mundoagropecuario.cl\/new\/wp-content\/uploads\/2020\/11\/PORTAL-1-1.png\",\"width\":1026,\"height\":100,\"caption\":\"Revista de Agricultura\"},\"image\":{\"@id\":\"https:\/\/www.mundoagropecuario.cl\/new\/#\/schema\/logo\/image\/\"},\"sameAs\":[\"https:\/\/www.facebook.com\/mundo.agropecuario.3\",\"https:\/\/x.com\/MundoAgropecuar\",\"https:\/\/www.linkedin.com\/in\/mundo-agropecuario-934009201\/\"]},{\"@type\":\"Person\",\"@id\":\"https:\/\/www.mundoagropecuario.cl\/new\/#\/schema\/person\/4e9f74a82a7dac260eb1c44b7eebeb18\",\"name\":\"mundo\",\"url\":\"https:\/\/www.mundoagropecuario.cl\/new\/author\/mundo\/\"}]}<\/script>\n<!-- \/ Yoast SEO plugin. -->","yoast_head_json":{"title":"Investigadora INIA es invitada a coordinar edici\u00f3n de importante revista cient\u00edfica internacional - Mundoagropecuario","description":"Este medio design\u00f3 a la investigadora del INIA de Chile, Dra. Ingrid Mart\u00ednez, como coordinadora del Research Topic","robots":{"index":"index","follow":"follow","max-snippet":"max-snippet:-1","max-image-preview":"max-image-preview:large","max-video-preview":"max-video-preview:-1"},"canonical":"https:\/\/www.mundoagropecuario.cl\/new\/investigadora-inia-es-invitada-a-coordinar-edicion-de-importante-revista-cientifica-internacional\/","og_locale":"es_ES","og_type":"article","og_title":"Investigadora INIA es invitada a coordinar edici\u00f3n de importante revista cient\u00edfica internacional - Mundoagropecuario","og_description":"Este medio design\u00f3 a la investigadora del INIA de Chile, Dra. Ingrid Mart\u00ednez, como coordinadora del Research Topic","og_url":"https:\/\/www.mundoagropecuario.cl\/new\/investigadora-inia-es-invitada-a-coordinar-edicion-de-importante-revista-cientifica-internacional\/","og_site_name":"Mundoagropecuario","article_publisher":"https:\/\/www.facebook.com\/mundo.agropecuario.3","article_published_time":"2022-07-26T15:18:54+00:00","article_modified_time":"2022-07-28T15:31:19+00:00","og_image":[{"width":1024,"height":538,"url":"https:\/\/www.mundoagropecuario.cl\/new\/wp-content\/uploads\/2022\/07\/revista-Frontier--scaled.jpeg","type":"image\/jpeg"}],"author":"mundo","twitter_card":"summary_large_image","twitter_creator":"@MundoAgropecuar","twitter_site":"@MundoAgropecuar","twitter_misc":{"Escrito por":"mundo","Tiempo de lectura":"2 minutos"},"schema":{"@context":"https:\/\/schema.org","@graph":[{"@type":"Article","@id":"https:\/\/www.mundoagropecuario.cl\/new\/investigadora-inia-es-invitada-a-coordinar-edicion-de-importante-revista-cientifica-internacional\/#article","isPartOf":{"@id":"https:\/\/www.mundoagropecuario.cl\/new\/investigadora-inia-es-invitada-a-coordinar-edicion-de-importante-revista-cientifica-internacional\/"},"author":{"name":"mundo","@id":"https:\/\/www.mundoagropecuario.cl\/new\/#\/schema\/person\/4e9f74a82a7dac260eb1c44b7eebeb18"},"headline":"Investigadora INIA es invitada a coordinar edici\u00f3n de importante revista cient\u00edfica internacional","datePublished":"2022-07-26T15:18:54+00:00","dateModified":"2022-07-28T15:31:19+00:00","mainEntityOfPage":{"@id":"https:\/\/www.mundoagropecuario.cl\/new\/investigadora-inia-es-invitada-a-coordinar-edicion-de-importante-revista-cientifica-internacional\/"},"wordCount":446,"publisher":{"@id":"https:\/\/www.mundoagropecuario.cl\/new\/#organization"},"image":{"@id":"https:\/\/www.mundoagropecuario.cl\/new\/investigadora-inia-es-invitada-a-coordinar-edicion-de-importante-revista-cientifica-internacional\/#primaryimage"},"thumbnailUrl":"https:\/\/www.mundoagropecuario.cl\/new\/wp-content\/uploads\/2022\/07\/revista-Frontier--scaled.jpeg","keywords":["Chile","Dra. en Ciencias Agropecuarias y Mag\u00edster","Frontiers Media S.A","Investigadora INIA","revista cient\u00edfica","UACh"],"articleSection":["Agricultura"],"inLanguage":"es"},{"@type":"WebPage","@id":"https:\/\/www.mundoagropecuario.cl\/new\/investigadora-inia-es-invitada-a-coordinar-edicion-de-importante-revista-cientifica-internacional\/","url":"https:\/\/www.mundoagropecuario.cl\/new\/investigadora-inia-es-invitada-a-coordinar-edicion-de-importante-revista-cientifica-internacional\/","name":"Investigadora INIA es invitada a coordinar edici\u00f3n de importante revista cient\u00edfica internacional - Mundoagropecuario","isPartOf":{"@id":"https:\/\/www.mundoagropecuario.cl\/new\/#website"},"primaryImageOfPage":{"@id":"https:\/\/www.mundoagropecuario.cl\/new\/investigadora-inia-es-invitada-a-coordinar-edicion-de-importante-revista-cientifica-internacional\/#primaryimage"},"image":{"@id":"https:\/\/www.mundoagropecuario.cl\/new\/investigadora-inia-es-invitada-a-coordinar-edicion-de-importante-revista-cientifica-internacional\/#primaryimage"},"thumbnailUrl":"https:\/\/www.mundoagropecuario.cl\/new\/wp-content\/uploads\/2022\/07\/revista-Frontier--scaled.jpeg","datePublished":"2022-07-26T15:18:54+00:00","dateModified":"2022-07-28T15:31:19+00:00","description":"Este medio design\u00f3 a la investigadora del INIA de Chile, Dra. Ingrid Mart\u00ednez, como coordinadora del Research Topic","breadcrumb":{"@id":"https:\/\/www.mundoagropecuario.cl\/new\/investigadora-inia-es-invitada-a-coordinar-edicion-de-importante-revista-cientifica-internacional\/#breadcrumb"},"inLanguage":"es","potentialAction":[{"@type":"ReadAction","target":["https:\/\/www.mundoagropecuario.cl\/new\/investigadora-inia-es-invitada-a-coordinar-edicion-de-importante-revista-cientifica-internacional\/"]}]},{"@type":"ImageObject","inLanguage":"es","@id":"https:\/\/www.mundoagropecuario.cl\/new\/investigadora-inia-es-invitada-a-coordinar-edicion-de-importante-revista-cientifica-internacional\/#primaryimage","url":"https:\/\/www.mundoagropecuario.cl\/new\/wp-content\/uploads\/2022\/07\/revista-Frontier--scaled.jpeg","contentUrl":"https:\/\/www.mundoagropecuario.cl\/new\/wp-content\/uploads\/2022\/07\/revista-Frontier--scaled.jpeg","width":720,"height":378},{"@type":"BreadcrumbList","@id":"https:\/\/www.mundoagropecuario.cl\/new\/investigadora-inia-es-invitada-a-coordinar-edicion-de-importante-revista-cientifica-internacional\/#breadcrumb","itemListElement":[{"@type":"ListItem","position":1,"name":"Portada","item":"https:\/\/www.mundoagropecuario.cl\/new\/"},{"@type":"ListItem","position":2,"name":"Investigadora INIA es invitada a coordinar edici\u00f3n de importante revista cient\u00edfica internacional"}]},{"@type":"WebSite","@id":"https:\/\/www.mundoagropecuario.cl\/new\/#website","url":"https:\/\/www.mundoagropecuario.cl\/new\/","name":"Mundoagropecuario","description":"Mundo Agropecuario","publisher":{"@id":"https:\/\/www.mundoagropecuario.cl\/new\/#organization"},"potentialAction":[{"@type":"SearchAction","target":{"@type":"EntryPoint","urlTemplate":"https:\/\/www.mundoagropecuario.cl\/new\/?s={search_term_string}"},"query-input":{"@type":"PropertyValueSpecification","valueRequired":true,"valueName":"search_term_string"}}],"inLanguage":"es"},{"@type":"Organization","@id":"https:\/\/www.mundoagropecuario.cl\/new\/#organization","name":"Revista de Agricultura","url":"https:\/\/www.mundoagropecuario.cl\/new\/","logo":{"@type":"ImageObject","inLanguage":"es","@id":"https:\/\/www.mundoagropecuario.cl\/new\/#\/schema\/logo\/image\/","url":"https:\/\/www.mundoagropecuario.cl\/new\/wp-content\/uploads\/2020\/11\/PORTAL-1-1.png","contentUrl":"https:\/\/www.mundoagropecuario.cl\/new\/wp-content\/uploads\/2020\/11\/PORTAL-1-1.png","width":1026,"height":100,"caption":"Revista de Agricultura"},"image":{"@id":"https:\/\/www.mundoagropecuario.cl\/new\/#\/schema\/logo\/image\/"},"sameAs":["https:\/\/www.facebook.com\/mundo.agropecuario.3","https:\/\/x.com\/MundoAgropecuar","https:\/\/www.linkedin.com\/in\/mundo-agropecuario-934009201\/"]},{"@type":"Person","@id":"https:\/\/www.mundoagropecuario.cl\/new\/#\/schema\/person\/4e9f74a82a7dac260eb1c44b7eebeb18","name":"mundo","url":"https:\/\/www.mundoagropecuario.cl\/new\/author\/mundo\/"}]}},"_links":{"self":[{"href":"https:\/\/www.mundoagropecuario.cl\/new\/wp-json\/wp\/v2\/posts\/22469","targetHints":{"allow":["GET"]}}],"collection":[{"href":"https:\/\/www.mundoagropecuario.cl\/new\/wp-json\/wp\/v2\/posts"}],"about":[{"href":"https:\/\/www.mundoagropecuario.cl\/new\/wp-json\/wp\/v2\/types\/post"}],"author":[{"embeddable":true,"href":"https:\/\/www.mundoagropecuario.cl\/new\/wp-json\/wp\/v2\/users\/2"}],"replies":[{"embeddable":true,"href":"https:\/\/www.mundoagropecuario.cl\/new\/wp-json\/wp\/v2\/comments?post=22469"}],"version-history":[{"count":1,"href":"https:\/\/www.mundoagropecuario.cl\/new\/wp-json\/wp\/v2\/posts\/22469\/revisions"}],"predecessor-version":[{"id":22472,"href":"https:\/\/www.mundoagropecuario.cl\/new\/wp-json\/wp\/v2\/posts\/22469\/revisions\/22472"}],"wp:featuredmedia":[{"embeddable":true,"href":"https:\/\/www.mundoagropecuario.cl\/new\/wp-json\/wp\/v2\/media\/22471"}],"wp:attachment":[{"href":"https:\/\/www.mundoagropecuario.cl\/new\/wp-json\/wp\/v2\/media?parent=22469"}],"wp:term":[{"taxonomy":"category","embeddable":true,"href":"https:\/\/www.mundoagropecuario.cl\/new\/wp-json\/wp\/v2\/categories?post=22469"},{"taxonomy":"post_tag","embeddable":true,"href":"https:\/\/www.mundoagropecuario.cl\/new\/wp-json\/wp\/v2\/tags?post=22469"}],"curies":[{"name":"wp","href":"https:\/\/api.w.org\/{rel}","templated":true}]}}