{"id":22423,"date":"2022-07-20T13:25:48","date_gmt":"2022-07-20T16:25:48","guid":{"rendered":"https:\/\/www.mundoagropecuario.cl\/new\/?p=22423"},"modified":"2022-07-25T12:36:07","modified_gmt":"2022-07-25T15:36:07","slug":"mas-de-150-mil-personas-adicionales-caerian-en-la-pobreza-ante-alza-en-la-canasta-basica-de-alimentos","status":"publish","type":"post","link":"https:\/\/www.mundoagropecuario.cl\/new\/mas-de-150-mil-personas-adicionales-caerian-en-la-pobreza-ante-alza-en-la-canasta-basica-de-alimentos\/","title":{"rendered":"M\u00e1s de 150 mil personas adicionales caer\u00edan en la pobreza ante alza en la canasta b\u00e1sica de alimentos"},"content":{"rendered":"<blockquote>\n<h2><span style=\"color: #333300;\">De acuerdo a un informe de LyD, el incremento en los precios de los alimentos llevar\u00eda a que la tasa de pobreza suba de 10,8% a 11,6%, mientras que la extrema pobreza pasar\u00eda de 4,3% a 4,5%. <\/span><\/h2>\n<\/blockquote>\n<p>Los efectos de la inflaci\u00f3n en este grupo de personas.\u2014Un efecto directo que tiene el aumento de la inflaci\u00f3n es el poder adquisitivo de las personas. Un reflejo de aquello es que en junio la l\u00ednea de la pobreza super\u00f3 los $200 mil presionando asila cantidad de personas que puedan caer bajo esa condici\u00f3n este a\u00f1o.<\/p>\n<p>La l\u00ednea de pobreza se define como un indicador de la capacidad de satisfacer las necesidades b\u00e1sicas de una persona. As\u00ed, un hogar est\u00e1 en situaci\u00f3n de pobreza si su ingreso por persona o ingreso del hogar es inferior al valor de la l\u00ednea de pobreza. A su vez, se considera que un hogar est\u00e1 en situaci\u00f3n de pobreza extrema si su ingreso por persona es inferior a la l\u00ednea de pobreza extrema.<\/p>\n<p>Para aquello se define una canasta b\u00e1sica de alimentos (CBA) que mide el consumo necesario para los requerimientos cal\u00f3ricos y nutricionales. Y esa en junio subi\u00f3 17,9% anual llegando a $56.386 por persona. Hace un a\u00f1o se ubicaba en $47.811.<\/p>\n<p>Un informe de Libertad y Desarrollo hace un an\u00e1lisis de m\u00e1s largo plazo para cuantificar el impacto que los mayores precios pueden generar en la inflaci\u00f3n. Desde la \u00faltima estimaci\u00f3n oficial de la pobreza, el aumento del umbral con que se mide la pobreza ha sido m\u00e1s que el \u00edndice de Precios al Consumidor (IPC).<\/p>\n<p>El trabajo de campo de la encuesta Casen en Pandemia 2020 se concentr\u00f3 en noviembre 2020 y desde entonces la CBA ha aumentado un 18,5%, de $47.599 en noviembre 2020 a $56.386 en junio 2022, mientras que la l\u00ednea de la pobreza un 14,8%, de $174.131 a $ 201.230 m ese mismo per\u00edodo y el IPC ha crecido un 15,1%<\/p>\n<p><a href=\"https:\/\/www.mundoagropecuario.cl\/new\/wp-content\/uploads\/2018\/07\/alimentos.jpg\"><img loading=\"lazy\" decoding=\"async\" class=\" wp-image-7457 alignright\" src=\"https:\/\/www.mundoagropecuario.cl\/new\/wp-content\/uploads\/2018\/07\/alimentos-586x433.jpg\" alt=\"\" width=\"496\" height=\"408\" \/><\/a>El an\u00e1lisis realizado por la coordinadora del programa Pobreza, Vivienda y Ciudad, de Libertad y Desarrollo, Paulina Henoch, sostiene que para evaluar cu\u00e1nto de esta alza de precio ha incidido en la pobreza, un ejercicio es suponer que los hogares est\u00e1n enfrentando un costo de la L\u00ednea de la pobreza m\u00e1s restrictivo y que los ingresos del hogar fueron reajustados por el \u00edndice de remuneraciones (IR) de ese per\u00edodo.<\/p>\n<p>En ese caso, se\u00f1ala que &#8220;la pobreza aumentar\u00eda 153.880, de 2.112.185 a 2.266.065 personas, de 10,8% a 11,6%. Mientras, que la pobreza extrema 52.419, de 831.232 a 883.651 personas, de 4,3% a 4,5%.<\/p>\n<p>No obstante, realiza otro ejercicio donde el impacto puede ser mayor. &#8220;Puede darse el caso que los ingresos de estas familias desde noviembre 2022 no han aumentado, enfrent\u00e1ndose a mayores costos para cubrir sus necesidades b\u00e1sicas lo que llevar\u00eda a que entre noviembre 2020 y junio 2022 habr\u00eda 899.974 personas m\u00e1s en pobreza (lo que corresponde a una tasa de pobreza de 15,4%) y 288.252 personas m\u00e1s en pobreza extrema en ese mismo per\u00edodo, es decir, una tasa de pobreza extrema de 5,7%&#8221;.<\/p>\n<p>Henoch sostiene que &#8220;este ejercicio deja en evidencia que la mayor inflaci\u00f3n afecta mayormente a la poblaci\u00f3n con menos recursos y que si los ingresos que se generan provienen de empleos formales le permitir\u00edan contrarrestar parte del alza del costo de los precios. No obstante, la pandemia mostr\u00f3 que la informalidad aqueja en mayor proporci\u00f3n a aquella poblaci\u00f3n m\u00e1s vulnerable y que en ese tipo de empleos es m\u00e1s dif\u00edcil protegerse ante el alza del costo de las cosas&#8221;.<\/p>\n<p>La economista agrega que &#8220;apoyar de manera focalizada en la poblaci\u00f3n m\u00e1s vulnerable el alza del costo de la vida puede ser muy positivo&#8221;. Y destaca que &#8220;la actual administraci\u00f3n propuso como medida un aporte mensual compensatorio al que denomino subsidio por la CBA que se comenz\u00f3 a pagar mensualmente desde abril de 2022. Este depende de la diferencia en el valor de la CBA con el a\u00f1o anterior&#8221;. En junio ese aporte es de $8.575 mil por personas, es decir, en una familia de cuatro personas este aporte supera los $34 mil pesos.<\/p>\n<p>En ese contexto tambi\u00e9n valora el reciente anunci\u00f3 de un aporte adicional de $120.000 pesos a casi 7.5 millones personas. &#8220;Lo positivo de ambas ayudas es que se enmarca en programas existentes y se focalizan en la poblaci\u00f3n m\u00e1s vulnerable. A pesar de que el efecto que se espera es acotado, se debe monitorear el no generar un exceso de liquidez amenazando perpetuar con la inflaci\u00f3n en niveles altos&#8221;, puntualiza.<\/p>\n<p>No obstante, para Henoch &#8220;independiente que puede ser justificable la entrega de estos apoyos se debe tener en cuenta que estos bonos no solucionan el problema de fondo. Para ello, es necesario ir m\u00e1s all\u00e1 del problema puntual que estamos enfrentando e ir a la causa: mejorar la pol\u00edtica p\u00fablica para apoyar a quienes est\u00e1n en situaci\u00f3n de pobreza con instrumentos eficaces para identificar a la poblaci\u00f3n m\u00e1s afectada y tambi\u00e9n generar las condiciones econ\u00f3micas para reducir la incertidumbre, promover la inversi\u00f3n, el emprendimiento y que se generen m\u00e1s y mejores empleos&#8221;.<\/p>\n","protected":false},"excerpt":{"rendered":"<p>La pobreza aumentar\u00eda 153.880, de 2.112.185 a 2.266.065 personas, de 10,8% a 11,6%. Mientras, que la pobreza extrema 52.419, de 831.232 a 883.651 personas, de 4,3% a 4,5%<\/p>\n","protected":false},"author":2,"featured_media":21658,"comment_status":"closed","ping_status":"closed","sticky":false,"template":"","format":"standard","meta":{"footnotes":""},"categories":[1945],"tags":[2090,3127,2188,7195,7194],"class_list":["post-22423","post","type-post","status-publish","format-standard","has-post-thumbnail","hentry","category-agricultura","tag-agricultura","tag-agro","tag-alimentos","tag-canasta","tag-canasta-basica"],"yoast_head":"<!-- This site is optimized with the Yoast SEO plugin v26.6 - https:\/\/yoast.com\/wordpress\/plugins\/seo\/ -->\n<title>M\u00e1s de 150 mil personas adicionales caer\u00edan en la pobreza ante alza en la canasta b\u00e1sica de alimentos - Mundoagropecuario<\/title>\n<meta name=\"description\" content=\"La pobreza aumentar\u00eda 153.880, de 2.112.185 a 2.266.065 personas, de 10,8% a 11,6%. Mientras, que la pobreza extrema 52.419.\" \/>\n<meta name=\"robots\" content=\"index, follow, max-snippet:-1, max-image-preview:large, max-video-preview:-1\" \/>\n<link rel=\"canonical\" href=\"https:\/\/www.mundoagropecuario.cl\/new\/mas-de-150-mil-personas-adicionales-caerian-en-la-pobreza-ante-alza-en-la-canasta-basica-de-alimentos\/\" \/>\n<meta property=\"og:locale\" content=\"es_ES\" \/>\n<meta property=\"og:type\" content=\"article\" \/>\n<meta property=\"og:title\" content=\"M\u00e1s de 150 mil personas adicionales caer\u00edan en la pobreza ante alza en la canasta b\u00e1sica de alimentos - Mundoagropecuario\" \/>\n<meta property=\"og:description\" content=\"La pobreza aumentar\u00eda 153.880, de 2.112.185 a 2.266.065 personas, de 10,8% a 11,6%. Mientras, que la pobreza extrema 52.419.\" \/>\n<meta property=\"og:url\" content=\"https:\/\/www.mundoagropecuario.cl\/new\/mas-de-150-mil-personas-adicionales-caerian-en-la-pobreza-ante-alza-en-la-canasta-basica-de-alimentos\/\" \/>\n<meta property=\"og:site_name\" content=\"Mundoagropecuario\" \/>\n<meta property=\"article:publisher\" content=\"https:\/\/www.facebook.com\/mundo.agropecuario.3\" \/>\n<meta property=\"article:published_time\" content=\"2022-07-20T16:25:48+00:00\" \/>\n<meta property=\"article:modified_time\" content=\"2022-07-25T15:36:07+00:00\" \/>\n<meta property=\"og:image\" content=\"https:\/\/www.mundoagropecuario.cl\/new\/wp-content\/uploads\/2022\/04\/IPC-alimentos-.jpeg\" \/>\n\t<meta property=\"og:image:width\" content=\"640\" \/>\n\t<meta property=\"og:image:height\" content=\"427\" \/>\n\t<meta property=\"og:image:type\" content=\"image\/jpeg\" \/>\n<meta name=\"author\" content=\"mundo\" \/>\n<meta name=\"twitter:card\" content=\"summary_large_image\" \/>\n<meta name=\"twitter:creator\" content=\"@MundoAgropecuar\" \/>\n<meta name=\"twitter:site\" content=\"@MundoAgropecuar\" \/>\n<meta name=\"twitter:label1\" content=\"Escrito por\" \/>\n\t<meta name=\"twitter:data1\" content=\"mundo\" \/>\n\t<meta name=\"twitter:label2\" content=\"Tiempo de lectura\" \/>\n\t<meta name=\"twitter:data2\" content=\"5 minutos\" \/>\n<script type=\"application\/ld+json\" class=\"yoast-schema-graph\">{\"@context\":\"https:\/\/schema.org\",\"@graph\":[{\"@type\":\"Article\",\"@id\":\"https:\/\/www.mundoagropecuario.cl\/new\/mas-de-150-mil-personas-adicionales-caerian-en-la-pobreza-ante-alza-en-la-canasta-basica-de-alimentos\/#article\",\"isPartOf\":{\"@id\":\"https:\/\/www.mundoagropecuario.cl\/new\/mas-de-150-mil-personas-adicionales-caerian-en-la-pobreza-ante-alza-en-la-canasta-basica-de-alimentos\/\"},\"author\":{\"name\":\"mundo\",\"@id\":\"https:\/\/www.mundoagropecuario.cl\/new\/#\/schema\/person\/4e9f74a82a7dac260eb1c44b7eebeb18\"},\"headline\":\"M\u00e1s de 150 mil personas adicionales caer\u00edan en la pobreza ante alza en la canasta b\u00e1sica de alimentos\",\"datePublished\":\"2022-07-20T16:25:48+00:00\",\"dateModified\":\"2022-07-25T15:36:07+00:00\",\"mainEntityOfPage\":{\"@id\":\"https:\/\/www.mundoagropecuario.cl\/new\/mas-de-150-mil-personas-adicionales-caerian-en-la-pobreza-ante-alza-en-la-canasta-basica-de-alimentos\/\"},\"wordCount\":885,\"publisher\":{\"@id\":\"https:\/\/www.mundoagropecuario.cl\/new\/#organization\"},\"image\":{\"@id\":\"https:\/\/www.mundoagropecuario.cl\/new\/mas-de-150-mil-personas-adicionales-caerian-en-la-pobreza-ante-alza-en-la-canasta-basica-de-alimentos\/#primaryimage\"},\"thumbnailUrl\":\"https:\/\/www.mundoagropecuario.cl\/new\/wp-content\/uploads\/2022\/04\/IPC-alimentos-.jpeg\",\"keywords\":[\"Agricultura\",\"Agro\",\"Alimentos\",\"Canasta\",\"canasta b\u00e1sica\"],\"articleSection\":[\"Agricultura\"],\"inLanguage\":\"es\"},{\"@type\":\"WebPage\",\"@id\":\"https:\/\/www.mundoagropecuario.cl\/new\/mas-de-150-mil-personas-adicionales-caerian-en-la-pobreza-ante-alza-en-la-canasta-basica-de-alimentos\/\",\"url\":\"https:\/\/www.mundoagropecuario.cl\/new\/mas-de-150-mil-personas-adicionales-caerian-en-la-pobreza-ante-alza-en-la-canasta-basica-de-alimentos\/\",\"name\":\"M\u00e1s de 150 mil personas adicionales caer\u00edan en la pobreza ante alza en la canasta b\u00e1sica de alimentos - Mundoagropecuario\",\"isPartOf\":{\"@id\":\"https:\/\/www.mundoagropecuario.cl\/new\/#website\"},\"primaryImageOfPage\":{\"@id\":\"https:\/\/www.mundoagropecuario.cl\/new\/mas-de-150-mil-personas-adicionales-caerian-en-la-pobreza-ante-alza-en-la-canasta-basica-de-alimentos\/#primaryimage\"},\"image\":{\"@id\":\"https:\/\/www.mundoagropecuario.cl\/new\/mas-de-150-mil-personas-adicionales-caerian-en-la-pobreza-ante-alza-en-la-canasta-basica-de-alimentos\/#primaryimage\"},\"thumbnailUrl\":\"https:\/\/www.mundoagropecuario.cl\/new\/wp-content\/uploads\/2022\/04\/IPC-alimentos-.jpeg\",\"datePublished\":\"2022-07-20T16:25:48+00:00\",\"dateModified\":\"2022-07-25T15:36:07+00:00\",\"description\":\"La pobreza aumentar\u00eda 153.880, de 2.112.185 a 2.266.065 personas, de 10,8% a 11,6%. Mientras, que la pobreza extrema 52.419.\",\"breadcrumb\":{\"@id\":\"https:\/\/www.mundoagropecuario.cl\/new\/mas-de-150-mil-personas-adicionales-caerian-en-la-pobreza-ante-alza-en-la-canasta-basica-de-alimentos\/#breadcrumb\"},\"inLanguage\":\"es\",\"potentialAction\":[{\"@type\":\"ReadAction\",\"target\":[\"https:\/\/www.mundoagropecuario.cl\/new\/mas-de-150-mil-personas-adicionales-caerian-en-la-pobreza-ante-alza-en-la-canasta-basica-de-alimentos\/\"]}]},{\"@type\":\"ImageObject\",\"inLanguage\":\"es\",\"@id\":\"https:\/\/www.mundoagropecuario.cl\/new\/mas-de-150-mil-personas-adicionales-caerian-en-la-pobreza-ante-alza-en-la-canasta-basica-de-alimentos\/#primaryimage\",\"url\":\"https:\/\/www.mundoagropecuario.cl\/new\/wp-content\/uploads\/2022\/04\/IPC-alimentos-.jpeg\",\"contentUrl\":\"https:\/\/www.mundoagropecuario.cl\/new\/wp-content\/uploads\/2022\/04\/IPC-alimentos-.jpeg\",\"width\":600,\"height\":400},{\"@type\":\"BreadcrumbList\",\"@id\":\"https:\/\/www.mundoagropecuario.cl\/new\/mas-de-150-mil-personas-adicionales-caerian-en-la-pobreza-ante-alza-en-la-canasta-basica-de-alimentos\/#breadcrumb\",\"itemListElement\":[{\"@type\":\"ListItem\",\"position\":1,\"name\":\"Portada\",\"item\":\"https:\/\/www.mundoagropecuario.cl\/new\/\"},{\"@type\":\"ListItem\",\"position\":2,\"name\":\"M\u00e1s de 150 mil personas adicionales caer\u00edan en la pobreza ante alza en la canasta b\u00e1sica de alimentos\"}]},{\"@type\":\"WebSite\",\"@id\":\"https:\/\/www.mundoagropecuario.cl\/new\/#website\",\"url\":\"https:\/\/www.mundoagropecuario.cl\/new\/\",\"name\":\"Mundoagropecuario\",\"description\":\"Mundo Agropecuario\",\"publisher\":{\"@id\":\"https:\/\/www.mundoagropecuario.cl\/new\/#organization\"},\"potentialAction\":[{\"@type\":\"SearchAction\",\"target\":{\"@type\":\"EntryPoint\",\"urlTemplate\":\"https:\/\/www.mundoagropecuario.cl\/new\/?s={search_term_string}\"},\"query-input\":{\"@type\":\"PropertyValueSpecification\",\"valueRequired\":true,\"valueName\":\"search_term_string\"}}],\"inLanguage\":\"es\"},{\"@type\":\"Organization\",\"@id\":\"https:\/\/www.mundoagropecuario.cl\/new\/#organization\",\"name\":\"Revista de Agricultura\",\"url\":\"https:\/\/www.mundoagropecuario.cl\/new\/\",\"logo\":{\"@type\":\"ImageObject\",\"inLanguage\":\"es\",\"@id\":\"https:\/\/www.mundoagropecuario.cl\/new\/#\/schema\/logo\/image\/\",\"url\":\"https:\/\/www.mundoagropecuario.cl\/new\/wp-content\/uploads\/2020\/11\/PORTAL-1-1.png\",\"contentUrl\":\"https:\/\/www.mundoagropecuario.cl\/new\/wp-content\/uploads\/2020\/11\/PORTAL-1-1.png\",\"width\":1026,\"height\":100,\"caption\":\"Revista de Agricultura\"},\"image\":{\"@id\":\"https:\/\/www.mundoagropecuario.cl\/new\/#\/schema\/logo\/image\/\"},\"sameAs\":[\"https:\/\/www.facebook.com\/mundo.agropecuario.3\",\"https:\/\/x.com\/MundoAgropecuar\",\"https:\/\/www.linkedin.com\/in\/mundo-agropecuario-934009201\/\"]},{\"@type\":\"Person\",\"@id\":\"https:\/\/www.mundoagropecuario.cl\/new\/#\/schema\/person\/4e9f74a82a7dac260eb1c44b7eebeb18\",\"name\":\"mundo\",\"url\":\"https:\/\/www.mundoagropecuario.cl\/new\/author\/mundo\/\"}]}<\/script>\n<!-- \/ Yoast SEO plugin. -->","yoast_head_json":{"title":"M\u00e1s de 150 mil personas adicionales caer\u00edan en la pobreza ante alza en la canasta b\u00e1sica de alimentos - Mundoagropecuario","description":"La pobreza aumentar\u00eda 153.880, de 2.112.185 a 2.266.065 personas, de 10,8% a 11,6%. Mientras, que la pobreza extrema 52.419.","robots":{"index":"index","follow":"follow","max-snippet":"max-snippet:-1","max-image-preview":"max-image-preview:large","max-video-preview":"max-video-preview:-1"},"canonical":"https:\/\/www.mundoagropecuario.cl\/new\/mas-de-150-mil-personas-adicionales-caerian-en-la-pobreza-ante-alza-en-la-canasta-basica-de-alimentos\/","og_locale":"es_ES","og_type":"article","og_title":"M\u00e1s de 150 mil personas adicionales caer\u00edan en la pobreza ante alza en la canasta b\u00e1sica de alimentos - Mundoagropecuario","og_description":"La pobreza aumentar\u00eda 153.880, de 2.112.185 a 2.266.065 personas, de 10,8% a 11,6%. Mientras, que la pobreza extrema 52.419.","og_url":"https:\/\/www.mundoagropecuario.cl\/new\/mas-de-150-mil-personas-adicionales-caerian-en-la-pobreza-ante-alza-en-la-canasta-basica-de-alimentos\/","og_site_name":"Mundoagropecuario","article_publisher":"https:\/\/www.facebook.com\/mundo.agropecuario.3","article_published_time":"2022-07-20T16:25:48+00:00","article_modified_time":"2022-07-25T15:36:07+00:00","og_image":[{"width":640,"height":427,"url":"https:\/\/www.mundoagropecuario.cl\/new\/wp-content\/uploads\/2022\/04\/IPC-alimentos-.jpeg","type":"image\/jpeg"}],"author":"mundo","twitter_card":"summary_large_image","twitter_creator":"@MundoAgropecuar","twitter_site":"@MundoAgropecuar","twitter_misc":{"Escrito por":"mundo","Tiempo de lectura":"5 minutos"},"schema":{"@context":"https:\/\/schema.org","@graph":[{"@type":"Article","@id":"https:\/\/www.mundoagropecuario.cl\/new\/mas-de-150-mil-personas-adicionales-caerian-en-la-pobreza-ante-alza-en-la-canasta-basica-de-alimentos\/#article","isPartOf":{"@id":"https:\/\/www.mundoagropecuario.cl\/new\/mas-de-150-mil-personas-adicionales-caerian-en-la-pobreza-ante-alza-en-la-canasta-basica-de-alimentos\/"},"author":{"name":"mundo","@id":"https:\/\/www.mundoagropecuario.cl\/new\/#\/schema\/person\/4e9f74a82a7dac260eb1c44b7eebeb18"},"headline":"M\u00e1s de 150 mil personas adicionales caer\u00edan en la pobreza ante alza en la canasta b\u00e1sica de alimentos","datePublished":"2022-07-20T16:25:48+00:00","dateModified":"2022-07-25T15:36:07+00:00","mainEntityOfPage":{"@id":"https:\/\/www.mundoagropecuario.cl\/new\/mas-de-150-mil-personas-adicionales-caerian-en-la-pobreza-ante-alza-en-la-canasta-basica-de-alimentos\/"},"wordCount":885,"publisher":{"@id":"https:\/\/www.mundoagropecuario.cl\/new\/#organization"},"image":{"@id":"https:\/\/www.mundoagropecuario.cl\/new\/mas-de-150-mil-personas-adicionales-caerian-en-la-pobreza-ante-alza-en-la-canasta-basica-de-alimentos\/#primaryimage"},"thumbnailUrl":"https:\/\/www.mundoagropecuario.cl\/new\/wp-content\/uploads\/2022\/04\/IPC-alimentos-.jpeg","keywords":["Agricultura","Agro","Alimentos","Canasta","canasta b\u00e1sica"],"articleSection":["Agricultura"],"inLanguage":"es"},{"@type":"WebPage","@id":"https:\/\/www.mundoagropecuario.cl\/new\/mas-de-150-mil-personas-adicionales-caerian-en-la-pobreza-ante-alza-en-la-canasta-basica-de-alimentos\/","url":"https:\/\/www.mundoagropecuario.cl\/new\/mas-de-150-mil-personas-adicionales-caerian-en-la-pobreza-ante-alza-en-la-canasta-basica-de-alimentos\/","name":"M\u00e1s de 150 mil personas adicionales caer\u00edan en la pobreza ante alza en la canasta b\u00e1sica de alimentos - Mundoagropecuario","isPartOf":{"@id":"https:\/\/www.mundoagropecuario.cl\/new\/#website"},"primaryImageOfPage":{"@id":"https:\/\/www.mundoagropecuario.cl\/new\/mas-de-150-mil-personas-adicionales-caerian-en-la-pobreza-ante-alza-en-la-canasta-basica-de-alimentos\/#primaryimage"},"image":{"@id":"https:\/\/www.mundoagropecuario.cl\/new\/mas-de-150-mil-personas-adicionales-caerian-en-la-pobreza-ante-alza-en-la-canasta-basica-de-alimentos\/#primaryimage"},"thumbnailUrl":"https:\/\/www.mundoagropecuario.cl\/new\/wp-content\/uploads\/2022\/04\/IPC-alimentos-.jpeg","datePublished":"2022-07-20T16:25:48+00:00","dateModified":"2022-07-25T15:36:07+00:00","description":"La pobreza aumentar\u00eda 153.880, de 2.112.185 a 2.266.065 personas, de 10,8% a 11,6%. Mientras, que la pobreza extrema 52.419.","breadcrumb":{"@id":"https:\/\/www.mundoagropecuario.cl\/new\/mas-de-150-mil-personas-adicionales-caerian-en-la-pobreza-ante-alza-en-la-canasta-basica-de-alimentos\/#breadcrumb"},"inLanguage":"es","potentialAction":[{"@type":"ReadAction","target":["https:\/\/www.mundoagropecuario.cl\/new\/mas-de-150-mil-personas-adicionales-caerian-en-la-pobreza-ante-alza-en-la-canasta-basica-de-alimentos\/"]}]},{"@type":"ImageObject","inLanguage":"es","@id":"https:\/\/www.mundoagropecuario.cl\/new\/mas-de-150-mil-personas-adicionales-caerian-en-la-pobreza-ante-alza-en-la-canasta-basica-de-alimentos\/#primaryimage","url":"https:\/\/www.mundoagropecuario.cl\/new\/wp-content\/uploads\/2022\/04\/IPC-alimentos-.jpeg","contentUrl":"https:\/\/www.mundoagropecuario.cl\/new\/wp-content\/uploads\/2022\/04\/IPC-alimentos-.jpeg","width":600,"height":400},{"@type":"BreadcrumbList","@id":"https:\/\/www.mundoagropecuario.cl\/new\/mas-de-150-mil-personas-adicionales-caerian-en-la-pobreza-ante-alza-en-la-canasta-basica-de-alimentos\/#breadcrumb","itemListElement":[{"@type":"ListItem","position":1,"name":"Portada","item":"https:\/\/www.mundoagropecuario.cl\/new\/"},{"@type":"ListItem","position":2,"name":"M\u00e1s de 150 mil personas adicionales caer\u00edan en la pobreza ante alza en la canasta b\u00e1sica de alimentos"}]},{"@type":"WebSite","@id":"https:\/\/www.mundoagropecuario.cl\/new\/#website","url":"https:\/\/www.mundoagropecuario.cl\/new\/","name":"Mundoagropecuario","description":"Mundo Agropecuario","publisher":{"@id":"https:\/\/www.mundoagropecuario.cl\/new\/#organization"},"potentialAction":[{"@type":"SearchAction","target":{"@type":"EntryPoint","urlTemplate":"https:\/\/www.mundoagropecuario.cl\/new\/?s={search_term_string}"},"query-input":{"@type":"PropertyValueSpecification","valueRequired":true,"valueName":"search_term_string"}}],"inLanguage":"es"},{"@type":"Organization","@id":"https:\/\/www.mundoagropecuario.cl\/new\/#organization","name":"Revista de Agricultura","url":"https:\/\/www.mundoagropecuario.cl\/new\/","logo":{"@type":"ImageObject","inLanguage":"es","@id":"https:\/\/www.mundoagropecuario.cl\/new\/#\/schema\/logo\/image\/","url":"https:\/\/www.mundoagropecuario.cl\/new\/wp-content\/uploads\/2020\/11\/PORTAL-1-1.png","contentUrl":"https:\/\/www.mundoagropecuario.cl\/new\/wp-content\/uploads\/2020\/11\/PORTAL-1-1.png","width":1026,"height":100,"caption":"Revista de Agricultura"},"image":{"@id":"https:\/\/www.mundoagropecuario.cl\/new\/#\/schema\/logo\/image\/"},"sameAs":["https:\/\/www.facebook.com\/mundo.agropecuario.3","https:\/\/x.com\/MundoAgropecuar","https:\/\/www.linkedin.com\/in\/mundo-agropecuario-934009201\/"]},{"@type":"Person","@id":"https:\/\/www.mundoagropecuario.cl\/new\/#\/schema\/person\/4e9f74a82a7dac260eb1c44b7eebeb18","name":"mundo","url":"https:\/\/www.mundoagropecuario.cl\/new\/author\/mundo\/"}]}},"_links":{"self":[{"href":"https:\/\/www.mundoagropecuario.cl\/new\/wp-json\/wp\/v2\/posts\/22423","targetHints":{"allow":["GET"]}}],"collection":[{"href":"https:\/\/www.mundoagropecuario.cl\/new\/wp-json\/wp\/v2\/posts"}],"about":[{"href":"https:\/\/www.mundoagropecuario.cl\/new\/wp-json\/wp\/v2\/types\/post"}],"author":[{"embeddable":true,"href":"https:\/\/www.mundoagropecuario.cl\/new\/wp-json\/wp\/v2\/users\/2"}],"replies":[{"embeddable":true,"href":"https:\/\/www.mundoagropecuario.cl\/new\/wp-json\/wp\/v2\/comments?post=22423"}],"version-history":[{"count":1,"href":"https:\/\/www.mundoagropecuario.cl\/new\/wp-json\/wp\/v2\/posts\/22423\/revisions"}],"predecessor-version":[{"id":22424,"href":"https:\/\/www.mundoagropecuario.cl\/new\/wp-json\/wp\/v2\/posts\/22423\/revisions\/22424"}],"wp:featuredmedia":[{"embeddable":true,"href":"https:\/\/www.mundoagropecuario.cl\/new\/wp-json\/wp\/v2\/media\/21658"}],"wp:attachment":[{"href":"https:\/\/www.mundoagropecuario.cl\/new\/wp-json\/wp\/v2\/media?parent=22423"}],"wp:term":[{"taxonomy":"category","embeddable":true,"href":"https:\/\/www.mundoagropecuario.cl\/new\/wp-json\/wp\/v2\/categories?post=22423"},{"taxonomy":"post_tag","embeddable":true,"href":"https:\/\/www.mundoagropecuario.cl\/new\/wp-json\/wp\/v2\/tags?post=22423"}],"curies":[{"name":"wp","href":"https:\/\/api.w.org\/{rel}","templated":true}]}}